{"id":142869,"date":"2010-05-21T00:00:00","date_gmt":"2010-05-21T00:00:00","guid":{"rendered":"http:\/\/kt.printandscreen.rs\/kryetarit-te-trupit-koordinues-ministrit-milan-markoviq-u-dorezau-plaketa-e-arte-e-komunes-se-medvegjes\/"},"modified":"2024-07-30T20:22:49","modified_gmt":"2024-07-30T20:22:49","slug":"kryetarit-te-trupit-koordinues-ministrit-milan-markoviq-u-dorezau-plaketa-e-arte-e-komunes-se-medvegjes","status":"publish","type":"post","link":"https:\/\/kt.gov.rs\/sq\/kryetarit-te-trupit-koordinues-ministrit-milan-markoviq-u-dorezau-plaketa-e-arte-e-komunes-se-medvegjes\/","title":{"rendered":"KRYETARIT T\u00cb TRUPIT KOORDINUES, MINISTRIT MILAN MARKOVIQ U DOR\u00cbZAU PLAKETA E ART\u00cb E KOMUN\u00cbS S\u00cb MEDVEGJ\u00cbS"},"content":{"rendered":"<p><img decoding=\"async\" align=\"left\" alt=\"\" src=\"https:\/\/kt.gov.rs\/wp-content\/uploads\/2024\/07\/pic310vesti-4.jpg\" \/>Kryetarit t\u00eb Trupit Koordinues p\u00ebr komunat Preshev\u00eb, Bujanoc dhe Medvegj\u00eb dhe ministrit t\u00eb pushtetit lokal dhe vet\u00ebqeverisjes lokale Milan Markoviq, dje ju dor\u00ebzua plaketa e art\u00eb me rastin e Dit\u00ebs s\u00eb komun\u00ebs s\u00eb Medvegj\u00ebs p\u00ebr meritat n\u00eb zhvillimin e k\u00ebsaj\u00eb komune t\u00eb Serbis\u00eb jugore.<\/p>\n<p>Kryetari i komun\u00ebs s\u00eb Medvegj\u00ebs Slobodan Drashkoviq tha se kjo plaket\u00eb nuk \u00ebsht\u00eb ndar\u00eb m\u00eb tep\u00ebr se dhjet\u00eb vite, dhe se kuvendi komunal ka vendosur q\u00eb k\u00ebt\u00eb qmim t\u00eb ja dhuroj\u00eb Milan Markoviqit p\u00ebr meritat e tij\u00eb p\u00ebr zhvillimin e k\u00ebsaj komune.<\/p>\n<p>Ministri Markoviq theksoi se rol t\u00eb veqant p\u00ebr zhvillimin ekonomik t\u00eb Medvegj\u00ebs \u00ebsht\u00eb hapja e e paraleles s\u00eb fakultetit Juridik dhe Ekonomik nga Nishi si dhe fillimi i pun\u00ebs s\u00eb minier\u00ebs Lece.<br \/>\n,,Shpresoj, e kjo ka qen\u00eb edhe premtimi kur kemi filluar k\u00ebt\u00eb pun\u00eb, se n\u00eb k\u00ebt\u00eb minier\u00eb s\u00eb shpejti do t\u00eb pun\u00ebsohen m\u00eb s\u00eb paku 300 pun\u00ebtor\u00eb\u2019\u2019, tha Markoviq dhe paralajm\u00ebroi nd\u00ebrtimin edhe t\u00eb nj\u00eb objekti, nd\u00ebrtes\u00ebn e nj\u00eb burgu n\u00eb t\u00eb cilin do t\u00eb pun\u00ebsohen 150 pun\u00ebtor\u00eb nga ky regjion.<br \/>\nAi paralajm\u00ebroi edhe ndihm\u00ebn p\u00ebr zhvillimin e bujq\u00ebsis\u00eb, para s\u00eb gjithash blektoris\u00eb p\u00ebr rreth 180 familje nga komuna e Medvegj\u00ebs.<\/p>\n<p>Me realizimin e k\u00ebtyre projekteve, shtoi ai, Medvegja do t\u00eb dal\u00eb nga rrethi i komunave m\u00eb t\u00eb pazhvilluara.<\/p>\n<p>Kryetarja e kuvendit komunal t\u00eb Medvegj\u00ebs Natasha Filiq theksoi se ,,Problemi i pazhvillueshm\u00ebris\u00eb dhe papun\u00ebsia paraqet barr\u00ebn m\u00eb t\u00eb r\u00ebnd\u00eb p\u00ebr qdo komun\u00eb e poashtu edhe p\u00ebr komun\u00ebn e Medvegj\u00ebs\u2019\u2019.<br \/>\n,,N\u00eb nj\u00eb mjedis t\u00eb p\u00ebrzier, siq \u00ebsht\u00eb edhe mjedisi yn\u00eb, papun\u00ebsia, kriza ekonomike dhe varf\u00ebria, kan\u00eb ndikuar n\u00eb komplikimin e jet\u00ebs son\u00eb. Q\u00eb t\u00eb dal\u00ebm nga ky tunel \u00ebsht\u00eb e patjet\u00ebrsueshme q\u00eb me\u00a0 forca t\u00eb p\u00ebrbashk\u00ebta t\u00eb punojm\u00eb dhe bashk\u00ebpunojm\u00eb edhe Serb\u00ebt edhe Shqip\u00ebtar\u00ebt, sepse n\u00eb k\u00ebt\u00eb na detyron jeta e gjat\u00eb e p\u00ebrbashk\u00ebt n\u00eb k\u00ebto troje\u2019\u2019, tjheksoi ajo.<\/p>\n","protected":false},"excerpt":{"rendered":"<p>Kryetarit t\u00eb Trupit Koordinues p\u00ebr komunat Preshev\u00eb, Bujanoc dhe  Medvegj\u00eb dhe ministrit t\u00eb pushtetit lokal dhe vet\u00ebqeverisjes lokale  Milan Markoviq, dje ju dor\u00ebzua plaketa e art\u00eb me rastin e Dit\u00ebs s\u00eb  komun\u00ebs s\u00eb Medvegj\u00ebs p\u00ebr meritat n\u00eb zhvillimin e k\u00ebsaj\u00eb komune t\u00eb  Serbis\u00eb jugore.<\/p>\n","protected":false},"author":1,"featured_media":142874,"comment_status":"closed","ping_status":"closed","sticky":false,"template":"","format":"standard","meta":{"footnotes":""},"categories":[55],"tags":[],"class_list":["post-142869","post","type-post","status-publish","format-standard","has-post-thumbnail","hentry","category-lajme"],"yoast_head":"<!-- This site is optimized with the Yoast SEO plugin v27.4 - https:\/\/yoast.com\/product\/yoast-seo-wordpress\/ -->\n<title>KRYETARIT T\u00cb TRUPIT KOORDINUES, MINISTRIT MILAN MARKOVIQ U DOR\u00cbZAU PLAKETA E ART\u00cb E KOMUN\u00cbS S\u00cb MEDVEGJ\u00cbS - Republika e S\u00ebrbis\u00eb Trupi Koordinues p\u00ebr komunat Bujanoc, Preshev\u00eb dhe Medvegj\u00eb<\/title>\n<meta name=\"robots\" content=\"index, follow, max-snippet:-1, max-image-preview:large, max-video-preview:-1\" \/>\n<link rel=\"canonical\" href=\"https:\/\/kt.gov.rs\/sq\/kryetarit-te-trupit-koordinues-ministrit-milan-markoviq-u-dorezau-plaketa-e-arte-e-komunes-se-medvegjes\/\" \/>\n<meta property=\"og:locale\" content=\"sq_AL\" \/>\n<meta property=\"og:type\" content=\"article\" \/>\n<meta property=\"og:title\" content=\"KRYETARIT T\u00cb TRUPIT KOORDINUES, MINISTRIT MILAN MARKOVIQ U DOR\u00cbZAU PLAKETA E ART\u00cb E KOMUN\u00cbS S\u00cb MEDVEGJ\u00cbS - Republika e S\u00ebrbis\u00eb Trupi Koordinues p\u00ebr komunat Bujanoc, Preshev\u00eb dhe Medvegj\u00eb\" \/>\n<meta property=\"og:description\" content=\"Kryetarit t\u00eb Trupit Koordinues p\u00ebr komunat Preshev\u00eb, Bujanoc dhe Medvegj\u00eb dhe ministrit t\u00eb pushtetit lokal dhe vet\u00ebqeverisjes lokale Milan Markoviq, dje ju dor\u00ebzua plaketa e art\u00eb me rastin e Dit\u00ebs s\u00eb komun\u00ebs s\u00eb Medvegj\u00ebs p\u00ebr meritat n\u00eb zhvillimin e k\u00ebsaj\u00eb komune t\u00eb Serbis\u00eb jugore.\" \/>\n<meta property=\"og:url\" content=\"https:\/\/kt.gov.rs\/sq\/kryetarit-te-trupit-koordinues-ministrit-milan-markoviq-u-dorezau-plaketa-e-arte-e-komunes-se-medvegjes\/\" \/>\n<meta property=\"og:site_name\" content=\"Republika e S\u00ebrbis\u00eb Trupi Koordinues p\u00ebr komunat Bujanoc, Preshev\u00eb dhe Medvegj\u00eb\" \/>\n<meta property=\"article:publisher\" content=\"https:\/\/www.facebook.com\/SluzbaKoordinacionogTelaVladeRepublikeSrbije\" \/>\n<meta property=\"article:published_time\" content=\"2010-05-21T00:00:00+00:00\" \/>\n<meta property=\"article:modified_time\" content=\"2024-07-30T20:22:49+00:00\" \/>\n<meta property=\"og:image\" content=\"https:\/\/kt.gov.rs\/wp-content\/uploads\/2024\/07\/pic310vesti-5.jpg\" \/>\n\t<meta property=\"og:image:width\" content=\"177\" \/>\n\t<meta property=\"og:image:height\" content=\"132\" \/>\n\t<meta property=\"og:image:type\" content=\"image\/jpeg\" \/>\n<meta name=\"author\" content=\"ktmin\" \/>\n<meta name=\"twitter:card\" content=\"summary_large_image\" \/>\n<meta name=\"twitter:creator\" content=\"@kt_gov\" \/>\n<meta name=\"twitter:site\" content=\"@kt_gov\" \/>\n<meta name=\"twitter:label1\" content=\"Written by\" \/>\n\t<meta name=\"twitter:data1\" content=\"ktmin\" \/>\n\t<meta name=\"twitter:label2\" content=\"Est. reading time\" \/>\n\t<meta name=\"twitter:data2\" content=\"2 minutes\" \/>\n<script type=\"application\/ld+json\" class=\"yoast-schema-graph\">{\"@context\":\"https:\\\/\\\/schema.org\",\"@graph\":[{\"@type\":\"Article\",\"@id\":\"https:\\\/\\\/kt.gov.rs\\\/sq\\\/kryetarit-te-trupit-koordinues-ministrit-milan-markoviq-u-dorezau-plaketa-e-arte-e-komunes-se-medvegjes\\\/#article\",\"isPartOf\":{\"@id\":\"https:\\\/\\\/kt.gov.rs\\\/sq\\\/kryetarit-te-trupit-koordinues-ministrit-milan-markoviq-u-dorezau-plaketa-e-arte-e-komunes-se-medvegjes\\\/\"},\"author\":{\"name\":\"ktmin\",\"@id\":\"https:\\\/\\\/kt.gov.rs\\\/#\\\/schema\\\/person\\\/e426459ddb4173309103390602694571\"},\"headline\":\"KRYETARIT T\u00cb TRUPIT KOORDINUES, MINISTRIT MILAN MARKOVIQ U DOR\u00cbZAU PLAKETA E ART\u00cb E KOMUN\u00cbS S\u00cb MEDVEGJ\u00cbS\",\"datePublished\":\"2010-05-21T00:00:00+00:00\",\"dateModified\":\"2024-07-30T20:22:49+00:00\",\"mainEntityOfPage\":{\"@id\":\"https:\\\/\\\/kt.gov.rs\\\/sq\\\/kryetarit-te-trupit-koordinues-ministrit-milan-markoviq-u-dorezau-plaketa-e-arte-e-komunes-se-medvegjes\\\/\"},\"wordCount\":379,\"publisher\":{\"@id\":\"https:\\\/\\\/kt.gov.rs\\\/#organization\"},\"image\":{\"@id\":\"https:\\\/\\\/kt.gov.rs\\\/sq\\\/kryetarit-te-trupit-koordinues-ministrit-milan-markoviq-u-dorezau-plaketa-e-arte-e-komunes-se-medvegjes\\\/#primaryimage\"},\"thumbnailUrl\":\"https:\\\/\\\/kt.gov.rs\\\/wp-content\\\/uploads\\\/2024\\\/07\\\/pic310vesti-5.jpg\",\"articleSection\":[\"Lajme\"],\"inLanguage\":\"sq-AL\"},{\"@type\":\"WebPage\",\"@id\":\"https:\\\/\\\/kt.gov.rs\\\/sq\\\/kryetarit-te-trupit-koordinues-ministrit-milan-markoviq-u-dorezau-plaketa-e-arte-e-komunes-se-medvegjes\\\/\",\"url\":\"https:\\\/\\\/kt.gov.rs\\\/sq\\\/kryetarit-te-trupit-koordinues-ministrit-milan-markoviq-u-dorezau-plaketa-e-arte-e-komunes-se-medvegjes\\\/\",\"name\":\"KRYETARIT T\u00cb TRUPIT KOORDINUES, MINISTRIT MILAN MARKOVIQ U DOR\u00cbZAU PLAKETA E ART\u00cb E KOMUN\u00cbS S\u00cb MEDVEGJ\u00cbS - Republika e S\u00ebrbis\u00eb Trupi Koordinues p\u00ebr komunat Bujanoc, Preshev\u00eb dhe Medvegj\u00eb\",\"isPartOf\":{\"@id\":\"https:\\\/\\\/kt.gov.rs\\\/#website\"},\"primaryImageOfPage\":{\"@id\":\"https:\\\/\\\/kt.gov.rs\\\/sq\\\/kryetarit-te-trupit-koordinues-ministrit-milan-markoviq-u-dorezau-plaketa-e-arte-e-komunes-se-medvegjes\\\/#primaryimage\"},\"image\":{\"@id\":\"https:\\\/\\\/kt.gov.rs\\\/sq\\\/kryetarit-te-trupit-koordinues-ministrit-milan-markoviq-u-dorezau-plaketa-e-arte-e-komunes-se-medvegjes\\\/#primaryimage\"},\"thumbnailUrl\":\"https:\\\/\\\/kt.gov.rs\\\/wp-content\\\/uploads\\\/2024\\\/07\\\/pic310vesti-5.jpg\",\"datePublished\":\"2010-05-21T00:00:00+00:00\",\"dateModified\":\"2024-07-30T20:22:49+00:00\",\"breadcrumb\":{\"@id\":\"https:\\\/\\\/kt.gov.rs\\\/sq\\\/kryetarit-te-trupit-koordinues-ministrit-milan-markoviq-u-dorezau-plaketa-e-arte-e-komunes-se-medvegjes\\\/#breadcrumb\"},\"inLanguage\":\"sq-AL\",\"potentialAction\":[{\"@type\":\"ReadAction\",\"target\":[\"https:\\\/\\\/kt.gov.rs\\\/sq\\\/kryetarit-te-trupit-koordinues-ministrit-milan-markoviq-u-dorezau-plaketa-e-arte-e-komunes-se-medvegjes\\\/\"]}]},{\"@type\":\"ImageObject\",\"inLanguage\":\"sq-AL\",\"@id\":\"https:\\\/\\\/kt.gov.rs\\\/sq\\\/kryetarit-te-trupit-koordinues-ministrit-milan-markoviq-u-dorezau-plaketa-e-arte-e-komunes-se-medvegjes\\\/#primaryimage\",\"url\":\"https:\\\/\\\/kt.gov.rs\\\/wp-content\\\/uploads\\\/2024\\\/07\\\/pic310vesti-5.jpg\",\"contentUrl\":\"https:\\\/\\\/kt.gov.rs\\\/wp-content\\\/uploads\\\/2024\\\/07\\\/pic310vesti-5.jpg\",\"width\":177,\"height\":132},{\"@type\":\"BreadcrumbList\",\"@id\":\"https:\\\/\\\/kt.gov.rs\\\/sq\\\/kryetarit-te-trupit-koordinues-ministrit-milan-markoviq-u-dorezau-plaketa-e-arte-e-komunes-se-medvegjes\\\/#breadcrumb\",\"itemListElement\":[{\"@type\":\"ListItem\",\"position\":1,\"name\":\"Po\u010detna\",\"item\":\"https:\\\/\\\/kt.gov.rs\\\/sq\\\/\"},{\"@type\":\"ListItem\",\"position\":2,\"name\":\"KRYETARIT T\u00cb TRUPIT KOORDINUES, MINISTRIT MILAN MARKOVIQ U DOR\u00cbZAU PLAKETA E ART\u00cb E KOMUN\u00cbS S\u00cb MEDVEGJ\u00cbS\"}]},{\"@type\":\"WebSite\",\"@id\":\"https:\\\/\\\/kt.gov.rs\\\/#website\",\"url\":\"https:\\\/\\\/kt.gov.rs\\\/\",\"name\":\"Koordinaciono telo Vlade Republike Srbije za op\u0161tine Pre\u0161evo, Bujanovac i Medve\u0111a\",\"description\":\"\",\"publisher\":{\"@id\":\"https:\\\/\\\/kt.gov.rs\\\/#organization\"},\"alternateName\":\"Koordinaciono telo\",\"potentialAction\":[{\"@type\":\"SearchAction\",\"target\":{\"@type\":\"EntryPoint\",\"urlTemplate\":\"https:\\\/\\\/kt.gov.rs\\\/?s={search_term_string}\"},\"query-input\":{\"@type\":\"PropertyValueSpecification\",\"valueRequired\":true,\"valueName\":\"search_term_string\"}}],\"inLanguage\":\"sq-AL\"},{\"@type\":\"Organization\",\"@id\":\"https:\\\/\\\/kt.gov.rs\\\/#organization\",\"name\":\"Koordinaciono telo Vlade Republike Srbije za op\u0161tine Pre\u0161evo, Bujanovac i Medve\u0111a\",\"alternateName\":\"Koordinaciono telo\",\"url\":\"https:\\\/\\\/kt.gov.rs\\\/\",\"logo\":{\"@type\":\"ImageObject\",\"inLanguage\":\"sq-AL\",\"@id\":\"https:\\\/\\\/kt.gov.rs\\\/#\\\/schema\\\/logo\\\/image\\\/\",\"url\":\"https:\\\/\\\/kt.gov.rs\\\/wp-content\\\/uploads\\\/2024\\\/12\\\/koord2.jpg\",\"contentUrl\":\"https:\\\/\\\/kt.gov.rs\\\/wp-content\\\/uploads\\\/2024\\\/12\\\/koord2.jpg\",\"width\":640,\"height\":480,\"caption\":\"Koordinaciono telo Vlade Republike Srbije za op\u0161tine Pre\u0161evo, Bujanovac i Medve\u0111a\"},\"image\":{\"@id\":\"https:\\\/\\\/kt.gov.rs\\\/#\\\/schema\\\/logo\\\/image\\\/\"},\"sameAs\":[\"https:\\\/\\\/www.facebook.com\\\/SluzbaKoordinacionogTelaVladeRepublikeSrbije\",\"https:\\\/\\\/x.com\\\/kt_gov\",\"https:\\\/\\\/www.youtube.com\\\/@koordinacionotelo\"]},{\"@type\":\"Person\",\"@id\":\"https:\\\/\\\/kt.gov.rs\\\/#\\\/schema\\\/person\\\/e426459ddb4173309103390602694571\",\"name\":\"ktmin\",\"image\":{\"@type\":\"ImageObject\",\"inLanguage\":\"sq-AL\",\"@id\":\"https:\\\/\\\/secure.gravatar.com\\\/avatar\\\/3985c961109853010c3fbc7ba30365bfba5db3dd6c525831d9c595c7525a615a?s=96&d=mm&r=g\",\"url\":\"https:\\\/\\\/secure.gravatar.com\\\/avatar\\\/3985c961109853010c3fbc7ba30365bfba5db3dd6c525831d9c595c7525a615a?s=96&d=mm&r=g\",\"contentUrl\":\"https:\\\/\\\/secure.gravatar.com\\\/avatar\\\/3985c961109853010c3fbc7ba30365bfba5db3dd6c525831d9c595c7525a615a?s=96&d=mm&r=g\",\"caption\":\"ktmin\"},\"sameAs\":[\"https:\\\/\\\/kt.gov.rs\"],\"url\":\"https:\\\/\\\/kt.gov.rs\\\/sq\\\/author\\\/ktmin\\\/\"}]}<\/script>\n<!-- \/ Yoast SEO plugin. -->","yoast_head_json":{"title":"KRYETARIT T\u00cb TRUPIT KOORDINUES, MINISTRIT MILAN MARKOVIQ U DOR\u00cbZAU PLAKETA E ART\u00cb E KOMUN\u00cbS S\u00cb MEDVEGJ\u00cbS - Republika e S\u00ebrbis\u00eb Trupi Koordinues p\u00ebr komunat Bujanoc, Preshev\u00eb dhe Medvegj\u00eb","robots":{"index":"index","follow":"follow","max-snippet":"max-snippet:-1","max-image-preview":"max-image-preview:large","max-video-preview":"max-video-preview:-1"},"canonical":"https:\/\/kt.gov.rs\/sq\/kryetarit-te-trupit-koordinues-ministrit-milan-markoviq-u-dorezau-plaketa-e-arte-e-komunes-se-medvegjes\/","og_locale":"sq_AL","og_type":"article","og_title":"KRYETARIT T\u00cb TRUPIT KOORDINUES, MINISTRIT MILAN MARKOVIQ U DOR\u00cbZAU PLAKETA E ART\u00cb E KOMUN\u00cbS S\u00cb MEDVEGJ\u00cbS - Republika e S\u00ebrbis\u00eb Trupi Koordinues p\u00ebr komunat Bujanoc, Preshev\u00eb dhe Medvegj\u00eb","og_description":"Kryetarit t\u00eb Trupit Koordinues p\u00ebr komunat Preshev\u00eb, Bujanoc dhe Medvegj\u00eb dhe ministrit t\u00eb pushtetit lokal dhe vet\u00ebqeverisjes lokale Milan Markoviq, dje ju dor\u00ebzua plaketa e art\u00eb me rastin e Dit\u00ebs s\u00eb komun\u00ebs s\u00eb Medvegj\u00ebs p\u00ebr meritat n\u00eb zhvillimin e k\u00ebsaj\u00eb komune t\u00eb Serbis\u00eb jugore.","og_url":"https:\/\/kt.gov.rs\/sq\/kryetarit-te-trupit-koordinues-ministrit-milan-markoviq-u-dorezau-plaketa-e-arte-e-komunes-se-medvegjes\/","og_site_name":"Republika e S\u00ebrbis\u00eb Trupi Koordinues p\u00ebr komunat Bujanoc, Preshev\u00eb dhe Medvegj\u00eb","article_publisher":"https:\/\/www.facebook.com\/SluzbaKoordinacionogTelaVladeRepublikeSrbije","article_published_time":"2010-05-21T00:00:00+00:00","article_modified_time":"2024-07-30T20:22:49+00:00","og_image":[{"width":177,"height":132,"url":"https:\/\/kt.gov.rs\/wp-content\/uploads\/2024\/07\/pic310vesti-5.jpg","type":"image\/jpeg"}],"author":"ktmin","twitter_card":"summary_large_image","twitter_creator":"@kt_gov","twitter_site":"@kt_gov","twitter_misc":{"Written by":"ktmin","Est. reading time":"2 minutes"},"schema":{"@context":"https:\/\/schema.org","@graph":[{"@type":"Article","@id":"https:\/\/kt.gov.rs\/sq\/kryetarit-te-trupit-koordinues-ministrit-milan-markoviq-u-dorezau-plaketa-e-arte-e-komunes-se-medvegjes\/#article","isPartOf":{"@id":"https:\/\/kt.gov.rs\/sq\/kryetarit-te-trupit-koordinues-ministrit-milan-markoviq-u-dorezau-plaketa-e-arte-e-komunes-se-medvegjes\/"},"author":{"name":"ktmin","@id":"https:\/\/kt.gov.rs\/#\/schema\/person\/e426459ddb4173309103390602694571"},"headline":"KRYETARIT T\u00cb TRUPIT KOORDINUES, MINISTRIT MILAN MARKOVIQ U DOR\u00cbZAU PLAKETA E ART\u00cb E KOMUN\u00cbS S\u00cb MEDVEGJ\u00cbS","datePublished":"2010-05-21T00:00:00+00:00","dateModified":"2024-07-30T20:22:49+00:00","mainEntityOfPage":{"@id":"https:\/\/kt.gov.rs\/sq\/kryetarit-te-trupit-koordinues-ministrit-milan-markoviq-u-dorezau-plaketa-e-arte-e-komunes-se-medvegjes\/"},"wordCount":379,"publisher":{"@id":"https:\/\/kt.gov.rs\/#organization"},"image":{"@id":"https:\/\/kt.gov.rs\/sq\/kryetarit-te-trupit-koordinues-ministrit-milan-markoviq-u-dorezau-plaketa-e-arte-e-komunes-se-medvegjes\/#primaryimage"},"thumbnailUrl":"https:\/\/kt.gov.rs\/wp-content\/uploads\/2024\/07\/pic310vesti-5.jpg","articleSection":["Lajme"],"inLanguage":"sq-AL"},{"@type":"WebPage","@id":"https:\/\/kt.gov.rs\/sq\/kryetarit-te-trupit-koordinues-ministrit-milan-markoviq-u-dorezau-plaketa-e-arte-e-komunes-se-medvegjes\/","url":"https:\/\/kt.gov.rs\/sq\/kryetarit-te-trupit-koordinues-ministrit-milan-markoviq-u-dorezau-plaketa-e-arte-e-komunes-se-medvegjes\/","name":"KRYETARIT T\u00cb TRUPIT KOORDINUES, MINISTRIT MILAN MARKOVIQ U DOR\u00cbZAU PLAKETA E ART\u00cb E KOMUN\u00cbS S\u00cb MEDVEGJ\u00cbS - Republika e S\u00ebrbis\u00eb Trupi Koordinues p\u00ebr komunat Bujanoc, Preshev\u00eb dhe Medvegj\u00eb","isPartOf":{"@id":"https:\/\/kt.gov.rs\/#website"},"primaryImageOfPage":{"@id":"https:\/\/kt.gov.rs\/sq\/kryetarit-te-trupit-koordinues-ministrit-milan-markoviq-u-dorezau-plaketa-e-arte-e-komunes-se-medvegjes\/#primaryimage"},"image":{"@id":"https:\/\/kt.gov.rs\/sq\/kryetarit-te-trupit-koordinues-ministrit-milan-markoviq-u-dorezau-plaketa-e-arte-e-komunes-se-medvegjes\/#primaryimage"},"thumbnailUrl":"https:\/\/kt.gov.rs\/wp-content\/uploads\/2024\/07\/pic310vesti-5.jpg","datePublished":"2010-05-21T00:00:00+00:00","dateModified":"2024-07-30T20:22:49+00:00","breadcrumb":{"@id":"https:\/\/kt.gov.rs\/sq\/kryetarit-te-trupit-koordinues-ministrit-milan-markoviq-u-dorezau-plaketa-e-arte-e-komunes-se-medvegjes\/#breadcrumb"},"inLanguage":"sq-AL","potentialAction":[{"@type":"ReadAction","target":["https:\/\/kt.gov.rs\/sq\/kryetarit-te-trupit-koordinues-ministrit-milan-markoviq-u-dorezau-plaketa-e-arte-e-komunes-se-medvegjes\/"]}]},{"@type":"ImageObject","inLanguage":"sq-AL","@id":"https:\/\/kt.gov.rs\/sq\/kryetarit-te-trupit-koordinues-ministrit-milan-markoviq-u-dorezau-plaketa-e-arte-e-komunes-se-medvegjes\/#primaryimage","url":"https:\/\/kt.gov.rs\/wp-content\/uploads\/2024\/07\/pic310vesti-5.jpg","contentUrl":"https:\/\/kt.gov.rs\/wp-content\/uploads\/2024\/07\/pic310vesti-5.jpg","width":177,"height":132},{"@type":"BreadcrumbList","@id":"https:\/\/kt.gov.rs\/sq\/kryetarit-te-trupit-koordinues-ministrit-milan-markoviq-u-dorezau-plaketa-e-arte-e-komunes-se-medvegjes\/#breadcrumb","itemListElement":[{"@type":"ListItem","position":1,"name":"Po\u010detna","item":"https:\/\/kt.gov.rs\/sq\/"},{"@type":"ListItem","position":2,"name":"KRYETARIT T\u00cb TRUPIT KOORDINUES, MINISTRIT MILAN MARKOVIQ U DOR\u00cbZAU PLAKETA E ART\u00cb E KOMUN\u00cbS S\u00cb MEDVEGJ\u00cbS"}]},{"@type":"WebSite","@id":"https:\/\/kt.gov.rs\/#website","url":"https:\/\/kt.gov.rs\/","name":"Koordinaciono telo Vlade Republike Srbije za op\u0161tine Pre\u0161evo, Bujanovac i Medve\u0111a","description":"","publisher":{"@id":"https:\/\/kt.gov.rs\/#organization"},"alternateName":"Koordinaciono telo","potentialAction":[{"@type":"SearchAction","target":{"@type":"EntryPoint","urlTemplate":"https:\/\/kt.gov.rs\/?s={search_term_string}"},"query-input":{"@type":"PropertyValueSpecification","valueRequired":true,"valueName":"search_term_string"}}],"inLanguage":"sq-AL"},{"@type":"Organization","@id":"https:\/\/kt.gov.rs\/#organization","name":"Koordinaciono telo Vlade Republike Srbije za op\u0161tine Pre\u0161evo, Bujanovac i Medve\u0111a","alternateName":"Koordinaciono telo","url":"https:\/\/kt.gov.rs\/","logo":{"@type":"ImageObject","inLanguage":"sq-AL","@id":"https:\/\/kt.gov.rs\/#\/schema\/logo\/image\/","url":"https:\/\/kt.gov.rs\/wp-content\/uploads\/2024\/12\/koord2.jpg","contentUrl":"https:\/\/kt.gov.rs\/wp-content\/uploads\/2024\/12\/koord2.jpg","width":640,"height":480,"caption":"Koordinaciono telo Vlade Republike Srbije za op\u0161tine Pre\u0161evo, Bujanovac i Medve\u0111a"},"image":{"@id":"https:\/\/kt.gov.rs\/#\/schema\/logo\/image\/"},"sameAs":["https:\/\/www.facebook.com\/SluzbaKoordinacionogTelaVladeRepublikeSrbije","https:\/\/x.com\/kt_gov","https:\/\/www.youtube.com\/@koordinacionotelo"]},{"@type":"Person","@id":"https:\/\/kt.gov.rs\/#\/schema\/person\/e426459ddb4173309103390602694571","name":"ktmin","image":{"@type":"ImageObject","inLanguage":"sq-AL","@id":"https:\/\/secure.gravatar.com\/avatar\/3985c961109853010c3fbc7ba30365bfba5db3dd6c525831d9c595c7525a615a?s=96&d=mm&r=g","url":"https:\/\/secure.gravatar.com\/avatar\/3985c961109853010c3fbc7ba30365bfba5db3dd6c525831d9c595c7525a615a?s=96&d=mm&r=g","contentUrl":"https:\/\/secure.gravatar.com\/avatar\/3985c961109853010c3fbc7ba30365bfba5db3dd6c525831d9c595c7525a615a?s=96&d=mm&r=g","caption":"ktmin"},"sameAs":["https:\/\/kt.gov.rs"],"url":"https:\/\/kt.gov.rs\/sq\/author\/ktmin\/"}]}},"_links":{"self":[{"href":"https:\/\/kt.gov.rs\/sq\/wp-json\/wp\/v2\/posts\/142869","targetHints":{"allow":["GET"]}}],"collection":[{"href":"https:\/\/kt.gov.rs\/sq\/wp-json\/wp\/v2\/posts"}],"about":[{"href":"https:\/\/kt.gov.rs\/sq\/wp-json\/wp\/v2\/types\/post"}],"author":[{"embeddable":true,"href":"https:\/\/kt.gov.rs\/sq\/wp-json\/wp\/v2\/users\/1"}],"replies":[{"embeddable":true,"href":"https:\/\/kt.gov.rs\/sq\/wp-json\/wp\/v2\/comments?post=142869"}],"version-history":[{"count":1,"href":"https:\/\/kt.gov.rs\/sq\/wp-json\/wp\/v2\/posts\/142869\/revisions"}],"predecessor-version":[{"id":142873,"href":"https:\/\/kt.gov.rs\/sq\/wp-json\/wp\/v2\/posts\/142869\/revisions\/142873"}],"wp:featuredmedia":[{"embeddable":true,"href":"https:\/\/kt.gov.rs\/sq\/wp-json\/wp\/v2\/media\/142874"}],"wp:attachment":[{"href":"https:\/\/kt.gov.rs\/sq\/wp-json\/wp\/v2\/media?parent=142869"}],"wp:term":[{"taxonomy":"category","embeddable":true,"href":"https:\/\/kt.gov.rs\/sq\/wp-json\/wp\/v2\/categories?post=142869"},{"taxonomy":"post_tag","embeddable":true,"href":"https:\/\/kt.gov.rs\/sq\/wp-json\/wp\/v2\/tags?post=142869"}],"curies":[{"name":"wp","href":"https:\/\/api.w.org\/{rel}","templated":true}]}}