{"id":142850,"date":"2010-05-24T00:00:00","date_gmt":"2010-05-24T00:00:00","guid":{"rendered":"http:\/\/kt.printandscreen.rs\/ti-dhe-une-jemi-ne-te-i-ja-smo-mi-te-suksesshem-ne-trshiq\/"},"modified":"2024-07-30T20:22:48","modified_gmt":"2024-07-30T20:22:48","slug":"ti-dhe-une-jemi-ne-te-i-ja-smo-mi-te-suksesshem-ne-trshiq","status":"publish","type":"post","link":"https:\/\/kt.gov.rs\/sq\/ti-dhe-une-jemi-ne-te-i-ja-smo-mi-te-suksesshem-ne-trshiq\/","title":{"rendered":"\u201eTI DHE UN\u00cb JEMI NE\u2019\u2019 T\u00cb I JA SMO MI\u201c  T\u00cb SUKSESSH\u00cbM N\u00cb TRSHIQ"},"content":{"rendered":"<p><img decoding=\"async\" align=\"left\" src=\"https:\/\/kt.gov.rs\/wp-content\/uploads\/2024\/07\/pic345vesti-4.jpg\" alt=\"\" \/>LOZNIC\u00cb \u2013\u00a0 Nx\u00ebn\u00ebsit e shkollave t\u00eb mesme nga Presheva dhe Bujanoci jan\u00eb paraqitur me \u00e7faqjen multietnike ,,Ti dhe un\u00eb jemi ne\u2019\u2019 n\u00eb ,,Vukov Sabor-in\u2019\u2019 e tridhjet e n\u00ebnt\u00eb me radh\u00eb. T\u00eb kat\u00ebrmb\u00ebdh\u00ebjet\u00eb nx\u00ebn\u00ebsit jan\u00eb paraqitur me ,,tinejxh pop show-in n\u00eb kat\u00ebr gjuh\u00eb\u2019\u2019 duke treguar se t\u00eb rinjt\u00eb Serb, Shqip\u00ebtar\u00eb dhe Rom\u00eb munden t\u00eb\u00a0 bashk\u00ebpunojn\u00eb n\u00eb m\u00ebnyr\u00eb t\u00eb shk\u00eblqyeshme.<\/p>\n<p>Regjisori i \u00e7faqjes Aleksandar Lazoiq tha se kemi arritur nj\u00eb tregim t\u00eb mir\u00eb n\u00eb mes t\u00eb Serb\u00ebve, Shqip\u00ebtar\u00ebve dhe Rom\u00ebve t\u00eb cil\u00ebt pas disa provave jan\u00eb b\u00ebr\u00eb nj\u00eb ekip i shk\u00eblqyesh\u00ebm.<\/p>\n<p>\u2013 ,,Ti dhe un\u00eb jemi ne\u2019\u2019 \u00ebsht\u00eb nj\u00eb projekt i realizuar p\u00ebrmes mb\u00ebshtetjes s\u00eb Trupit Koordinues p\u00ebr komunat e Preshev\u00ebs, Bujanocit dhe Medvegj\u00ebs. Kjo inisiativ\u00eb bashkon nx\u00ebn\u00ebsit e shkollave t\u00eb\u00a0 mesme t\u00eb nacionaliteteve t\u00eb ndryshme nga Presheva dhe Bujanoci n\u00eb nj\u00eb pun\u00ebtori teatrale me \u00e7\u2019rast ka lindur nj\u00eb \u00e7faqje e shk\u00eblqyeshme. Deri m\u00eb sot \u00e7faqja jon\u00eb \u00ebsht\u00eb paraqitur n\u00eb gjasht\u00eb komuna t\u00eb Vojvodin\u00ebs, nd\u00ebrsa\u00a0 tash jemi t\u00eb ftuar edhe n\u00eb Slloveni, nd\u00ebrsa do t\u00eb marrim pjes\u00eb edhe n\u00eb Egzit- deklaroi Laziq.<\/p>\n<p>T\u00eb rinj\u00ebt nga Serbia jugore kan\u00eb vizituar vendlindjen e Vukut, Loznic\u00ebn dhe Trshiqin, jan\u00eb shoq\u00ebruar me moshatar\u00ebt e tyre nga gjimnazi i Loznic\u00ebs si dhe kan\u00eb takuar edhe kryetarin e Loznic\u00ebs Vidoje Petroviq. Akteri i \u00e7faqjes nga Bujanoci Ivan Stojkoviq theksoi se n\u00ebse njer\u00ebzit kan\u00eb vullnet t\u00eb mir\u00eb, mund\u00eb t\u00eb kuptohen mes veti pa i marr\u00eb parasysh\u00eb dallimet gjuh\u00ebsore.<\/p>\n<p><img decoding=\"async\" align=\"left\" src=\"https:\/\/kt.gov.rs\/wp-content\/uploads\/2024\/07\/pic346vesti-2.jpg\" alt=\"\" \/>\u2013 \u00c7faqja \u00ebsht\u00eb mbi tinejxher\u00ebt t\u00eb cil\u00ebt pa e mar\u00eb parasysh\u00eb se ku jetojn\u00eb, t\u00eb cilit nacionalitet i p\u00ebrkasin, ata kan\u00eb d\u00ebshirat, problemet, mendimet, idealet dhe \u00ebnd\u00ebrrat e njejta. Duke punuar n\u00eb k\u00ebt\u00eb \u00e7faqje ne jemi b\u00ebr\u00eb shok\u00eb t\u00eb mir\u00eb, treguam se nuk ka r\u00ebnd\u00ebsi se cilit nacionalitet i p\u00ebrkasim. Jemi t\u00eb entuziazmuar me qytetin e Loznic\u00ebs, Trshiqit si dhe me mikpritjen \u2013 theksoi Stojkoviq.<\/p>\n<p>Mentor Zeqiri tha se jan\u00eb pritur me zem\u00ebrgjer\u00ebsi dhe se jan\u00eb ndjer sikur n\u00eb sht\u00ebpit\u00eb e tyre. Ai shtoi se n\u00ebse i ipet rasti, p\u00ebrs\u00ebri do ta vizitoj k\u00ebt\u00eb trev\u00eb.<\/p>\n<p>Kryetari i Trupit Koordinues i Qeveris\u00eb s\u00eb Republik\u00ebs s\u00eb Serbis\u00eb p\u00ebr komunat Preshev\u00eb, Bujanoc dhe Medvegj\u00eb e nj\u00ebherit edhe minist\u00ebr i pushtetit lokal dhe i vet\u00ebqeverisjes lokale, Milan Markoviq deklaroi se kjo \u00e7faqje dhe ky projekt ,,Ti dhe un\u00eb jemi ne\u2019\u2019 \u00ebsht\u00eb shum\u00eb i r\u00ebnd\u00ebsish\u00ebm p\u00ebr k\u00ebto momente dhe se do t\u00eb ishte mir\u00eb q\u00eb edhe njer\u00ebzit n\u00eb pushtet nga Presheva, Bujanoci dhe Medvegja ,,t\u2019i p\u00ebrngjajn\u00eb pak k\u00ebtyre f\u00ebmij\u00ebve\u2019\u2019<\/p>\n<p>Nesibe Osmani, pjes\u00ebmarr\u00ebsja n\u00eb projektin ,,Ti dhe un\u00eb\u00a0 jemi ne\u2019\u2019 ja dhuroi kryetarit t\u00eb Trupit Koordinues Milan Markoviqit nj\u00eb mir\u00ebnjohje ,,p\u00ebr mb\u00ebshtetjen si dhe miq\u00ebsi t\u00eb sinqert\u2019\u2019. Mir\u00ebnjohje i dhuruan edhe kryetarit t\u00eb Loznic\u00ebs Vidoje Petroviqit si dhe drejtoresh\u00ebs s\u00eb qendr\u00ebs ,,Vuk Karaxhiq\u2019\u2019 Dajana Gjedoviq.<\/p>\n","protected":false},"excerpt":{"rendered":"<p>LOZNIC\u00cb \u2013\u00a0 Nx\u00ebn\u00ebsit e shkollave t\u00eb mesme nga Presheva dhe Bujanoci jan\u00eb  paraqitur me \u00e7faqjen multietnike ,,Ti dhe un\u00eb jemi ne\u2019\u2019 n\u00eb ,,Vukov  Sabor-in\u2019\u2019 e tridhjet e n\u00ebnt\u00eb me radh\u00eb. T\u00eb kat\u00ebrmb\u00ebdh\u00ebjet\u00eb nx\u00ebn\u00ebsit jan\u00eb  paraqitur me ,,tinejxh pop show-in n\u00eb kat\u00ebr gjuh\u00eb\u2019\u2019 duke treguar se t\u00eb  rinjt\u00eb Serb, Shqip\u00ebtar\u00eb dhe Rom\u00eb munden t\u00eb\u00a0 bashk\u00ebpunojn\u00eb n\u00eb m\u00ebnyr\u00eb t\u00eb  shk\u00eblqyeshme. Regjisori i \u00e7faqjes Aleksandar Lazoiq tha se kemi arritur nj\u00eb tregim t\u00eb  mir\u00eb n\u00eb mes t\u00eb Serb\u00ebve, Shqip\u00ebtar\u00ebve dhe Rom\u00ebve t\u00eb cil\u00ebt pas disa  provave jan\u00eb b\u00ebr\u00eb nj\u00eb ekip i shk\u00eblqyesh\u00ebm.<\/p>\n","protected":false},"author":1,"featured_media":142858,"comment_status":"closed","ping_status":"closed","sticky":false,"template":"","format":"standard","meta":{"footnotes":""},"categories":[55],"tags":[],"class_list":["post-142850","post","type-post","status-publish","format-standard","has-post-thumbnail","hentry","category-lajme"],"yoast_head":"<!-- This site is optimized with the Yoast SEO plugin v27.4 - https:\/\/yoast.com\/product\/yoast-seo-wordpress\/ -->\n<title>\u201eTI DHE UN\u00cb JEMI NE\u2019\u2019 T\u00cb I JA SMO MI\u201c T\u00cb SUKSESSH\u00cbM N\u00cb TRSHIQ - Republika e S\u00ebrbis\u00eb Trupi Koordinues p\u00ebr komunat Bujanoc, Preshev\u00eb dhe Medvegj\u00eb<\/title>\n<meta name=\"robots\" content=\"index, follow, max-snippet:-1, max-image-preview:large, max-video-preview:-1\" \/>\n<link rel=\"canonical\" href=\"https:\/\/kt.gov.rs\/sq\/ti-dhe-une-jemi-ne-te-i-ja-smo-mi-te-suksesshem-ne-trshiq\/\" \/>\n<meta property=\"og:locale\" content=\"sq_AL\" \/>\n<meta property=\"og:type\" content=\"article\" \/>\n<meta property=\"og:title\" content=\"\u201eTI DHE UN\u00cb JEMI NE\u2019\u2019 T\u00cb I JA SMO MI\u201c T\u00cb SUKSESSH\u00cbM N\u00cb TRSHIQ - Republika e S\u00ebrbis\u00eb Trupi Koordinues p\u00ebr komunat Bujanoc, Preshev\u00eb dhe Medvegj\u00eb\" \/>\n<meta property=\"og:description\" content=\"LOZNIC\u00cb \u2013\u00a0 Nx\u00ebn\u00ebsit e shkollave t\u00eb mesme nga Presheva dhe Bujanoci jan\u00eb paraqitur me \u00e7faqjen multietnike ,,Ti dhe un\u00eb jemi ne\u2019\u2019 n\u00eb ,,Vukov Sabor-in\u2019\u2019 e tridhjet e n\u00ebnt\u00eb me radh\u00eb. T\u00eb kat\u00ebrmb\u00ebdh\u00ebjet\u00eb nx\u00ebn\u00ebsit jan\u00eb paraqitur me ,,tinejxh pop show-in n\u00eb kat\u00ebr gjuh\u00eb\u2019\u2019 duke treguar se t\u00eb rinjt\u00eb Serb, Shqip\u00ebtar\u00eb dhe Rom\u00eb munden t\u00eb\u00a0 bashk\u00ebpunojn\u00eb n\u00eb m\u00ebnyr\u00eb t\u00eb shk\u00eblqyeshme. Regjisori i \u00e7faqjes Aleksandar Lazoiq tha se kemi arritur nj\u00eb tregim t\u00eb mir\u00eb n\u00eb mes t\u00eb Serb\u00ebve, Shqip\u00ebtar\u00ebve dhe Rom\u00ebve t\u00eb cil\u00ebt pas disa provave jan\u00eb b\u00ebr\u00eb nj\u00eb ekip i shk\u00eblqyesh\u00ebm.\" \/>\n<meta property=\"og:url\" content=\"https:\/\/kt.gov.rs\/sq\/ti-dhe-une-jemi-ne-te-i-ja-smo-mi-te-suksesshem-ne-trshiq\/\" \/>\n<meta property=\"og:site_name\" content=\"Republika e S\u00ebrbis\u00eb Trupi Koordinues p\u00ebr komunat Bujanoc, Preshev\u00eb dhe Medvegj\u00eb\" \/>\n<meta property=\"article:publisher\" content=\"https:\/\/www.facebook.com\/SluzbaKoordinacionogTelaVladeRepublikeSrbije\" \/>\n<meta property=\"article:published_time\" content=\"2010-05-24T00:00:00+00:00\" \/>\n<meta property=\"article:modified_time\" content=\"2024-07-30T20:22:48+00:00\" \/>\n<meta property=\"og:image\" content=\"https:\/\/kt.gov.rs\/wp-content\/uploads\/2024\/07\/pic345vesti-5.jpg\" \/>\n\t<meta property=\"og:image:width\" content=\"265\" \/>\n\t<meta property=\"og:image:height\" content=\"176\" \/>\n\t<meta property=\"og:image:type\" content=\"image\/jpeg\" \/>\n<meta name=\"author\" content=\"ktmin\" \/>\n<meta name=\"twitter:card\" content=\"summary_large_image\" \/>\n<meta name=\"twitter:creator\" content=\"@kt_gov\" \/>\n<meta name=\"twitter:site\" content=\"@kt_gov\" \/>\n<meta name=\"twitter:label1\" content=\"Written by\" \/>\n\t<meta name=\"twitter:data1\" content=\"ktmin\" \/>\n\t<meta name=\"twitter:label2\" content=\"Est. reading time\" \/>\n\t<meta name=\"twitter:data2\" content=\"3 minutes\" \/>\n<script type=\"application\/ld+json\" class=\"yoast-schema-graph\">{\"@context\":\"https:\\\/\\\/schema.org\",\"@graph\":[{\"@type\":\"Article\",\"@id\":\"https:\\\/\\\/kt.gov.rs\\\/sq\\\/ti-dhe-une-jemi-ne-te-i-ja-smo-mi-te-suksesshem-ne-trshiq\\\/#article\",\"isPartOf\":{\"@id\":\"https:\\\/\\\/kt.gov.rs\\\/sq\\\/ti-dhe-une-jemi-ne-te-i-ja-smo-mi-te-suksesshem-ne-trshiq\\\/\"},\"author\":{\"name\":\"ktmin\",\"@id\":\"https:\\\/\\\/kt.gov.rs\\\/#\\\/schema\\\/person\\\/e426459ddb4173309103390602694571\"},\"headline\":\"\u201eTI DHE UN\u00cb JEMI NE\u2019\u2019 T\u00cb I JA SMO MI\u201c T\u00cb SUKSESSH\u00cbM N\u00cb TRSHIQ\",\"datePublished\":\"2010-05-24T00:00:00+00:00\",\"dateModified\":\"2024-07-30T20:22:48+00:00\",\"mainEntityOfPage\":{\"@id\":\"https:\\\/\\\/kt.gov.rs\\\/sq\\\/ti-dhe-une-jemi-ne-te-i-ja-smo-mi-te-suksesshem-ne-trshiq\\\/\"},\"wordCount\":564,\"publisher\":{\"@id\":\"https:\\\/\\\/kt.gov.rs\\\/#organization\"},\"image\":{\"@id\":\"https:\\\/\\\/kt.gov.rs\\\/sq\\\/ti-dhe-une-jemi-ne-te-i-ja-smo-mi-te-suksesshem-ne-trshiq\\\/#primaryimage\"},\"thumbnailUrl\":\"https:\\\/\\\/kt.gov.rs\\\/wp-content\\\/uploads\\\/2024\\\/07\\\/pic345vesti-5.jpg\",\"articleSection\":[\"Lajme\"],\"inLanguage\":\"sq-AL\"},{\"@type\":\"WebPage\",\"@id\":\"https:\\\/\\\/kt.gov.rs\\\/sq\\\/ti-dhe-une-jemi-ne-te-i-ja-smo-mi-te-suksesshem-ne-trshiq\\\/\",\"url\":\"https:\\\/\\\/kt.gov.rs\\\/sq\\\/ti-dhe-une-jemi-ne-te-i-ja-smo-mi-te-suksesshem-ne-trshiq\\\/\",\"name\":\"\u201eTI DHE UN\u00cb JEMI NE\u2019\u2019 T\u00cb I JA SMO MI\u201c T\u00cb SUKSESSH\u00cbM N\u00cb TRSHIQ - Republika e S\u00ebrbis\u00eb Trupi Koordinues p\u00ebr komunat Bujanoc, Preshev\u00eb dhe Medvegj\u00eb\",\"isPartOf\":{\"@id\":\"https:\\\/\\\/kt.gov.rs\\\/#website\"},\"primaryImageOfPage\":{\"@id\":\"https:\\\/\\\/kt.gov.rs\\\/sq\\\/ti-dhe-une-jemi-ne-te-i-ja-smo-mi-te-suksesshem-ne-trshiq\\\/#primaryimage\"},\"image\":{\"@id\":\"https:\\\/\\\/kt.gov.rs\\\/sq\\\/ti-dhe-une-jemi-ne-te-i-ja-smo-mi-te-suksesshem-ne-trshiq\\\/#primaryimage\"},\"thumbnailUrl\":\"https:\\\/\\\/kt.gov.rs\\\/wp-content\\\/uploads\\\/2024\\\/07\\\/pic345vesti-5.jpg\",\"datePublished\":\"2010-05-24T00:00:00+00:00\",\"dateModified\":\"2024-07-30T20:22:48+00:00\",\"breadcrumb\":{\"@id\":\"https:\\\/\\\/kt.gov.rs\\\/sq\\\/ti-dhe-une-jemi-ne-te-i-ja-smo-mi-te-suksesshem-ne-trshiq\\\/#breadcrumb\"},\"inLanguage\":\"sq-AL\",\"potentialAction\":[{\"@type\":\"ReadAction\",\"target\":[\"https:\\\/\\\/kt.gov.rs\\\/sq\\\/ti-dhe-une-jemi-ne-te-i-ja-smo-mi-te-suksesshem-ne-trshiq\\\/\"]}]},{\"@type\":\"ImageObject\",\"inLanguage\":\"sq-AL\",\"@id\":\"https:\\\/\\\/kt.gov.rs\\\/sq\\\/ti-dhe-une-jemi-ne-te-i-ja-smo-mi-te-suksesshem-ne-trshiq\\\/#primaryimage\",\"url\":\"https:\\\/\\\/kt.gov.rs\\\/wp-content\\\/uploads\\\/2024\\\/07\\\/pic345vesti-5.jpg\",\"contentUrl\":\"https:\\\/\\\/kt.gov.rs\\\/wp-content\\\/uploads\\\/2024\\\/07\\\/pic345vesti-5.jpg\",\"width\":265,\"height\":176},{\"@type\":\"BreadcrumbList\",\"@id\":\"https:\\\/\\\/kt.gov.rs\\\/sq\\\/ti-dhe-une-jemi-ne-te-i-ja-smo-mi-te-suksesshem-ne-trshiq\\\/#breadcrumb\",\"itemListElement\":[{\"@type\":\"ListItem\",\"position\":1,\"name\":\"Po\u010detna\",\"item\":\"https:\\\/\\\/kt.gov.rs\\\/sq\\\/\"},{\"@type\":\"ListItem\",\"position\":2,\"name\":\"\u201eTI DHE UN\u00cb JEMI NE\u2019\u2019 T\u00cb I JA SMO MI\u201c T\u00cb SUKSESSH\u00cbM N\u00cb TRSHIQ\"}]},{\"@type\":\"WebSite\",\"@id\":\"https:\\\/\\\/kt.gov.rs\\\/#website\",\"url\":\"https:\\\/\\\/kt.gov.rs\\\/\",\"name\":\"Koordinaciono telo Vlade Republike Srbije za op\u0161tine Pre\u0161evo, Bujanovac i Medve\u0111a\",\"description\":\"\",\"publisher\":{\"@id\":\"https:\\\/\\\/kt.gov.rs\\\/#organization\"},\"alternateName\":\"Koordinaciono telo\",\"potentialAction\":[{\"@type\":\"SearchAction\",\"target\":{\"@type\":\"EntryPoint\",\"urlTemplate\":\"https:\\\/\\\/kt.gov.rs\\\/?s={search_term_string}\"},\"query-input\":{\"@type\":\"PropertyValueSpecification\",\"valueRequired\":true,\"valueName\":\"search_term_string\"}}],\"inLanguage\":\"sq-AL\"},{\"@type\":\"Organization\",\"@id\":\"https:\\\/\\\/kt.gov.rs\\\/#organization\",\"name\":\"Koordinaciono telo Vlade Republike Srbije za op\u0161tine Pre\u0161evo, Bujanovac i Medve\u0111a\",\"alternateName\":\"Koordinaciono telo\",\"url\":\"https:\\\/\\\/kt.gov.rs\\\/\",\"logo\":{\"@type\":\"ImageObject\",\"inLanguage\":\"sq-AL\",\"@id\":\"https:\\\/\\\/kt.gov.rs\\\/#\\\/schema\\\/logo\\\/image\\\/\",\"url\":\"https:\\\/\\\/kt.gov.rs\\\/wp-content\\\/uploads\\\/2024\\\/12\\\/koord2.jpg\",\"contentUrl\":\"https:\\\/\\\/kt.gov.rs\\\/wp-content\\\/uploads\\\/2024\\\/12\\\/koord2.jpg\",\"width\":640,\"height\":480,\"caption\":\"Koordinaciono telo Vlade Republike Srbije za op\u0161tine Pre\u0161evo, Bujanovac i Medve\u0111a\"},\"image\":{\"@id\":\"https:\\\/\\\/kt.gov.rs\\\/#\\\/schema\\\/logo\\\/image\\\/\"},\"sameAs\":[\"https:\\\/\\\/www.facebook.com\\\/SluzbaKoordinacionogTelaVladeRepublikeSrbije\",\"https:\\\/\\\/x.com\\\/kt_gov\",\"https:\\\/\\\/www.youtube.com\\\/@koordinacionotelo\"]},{\"@type\":\"Person\",\"@id\":\"https:\\\/\\\/kt.gov.rs\\\/#\\\/schema\\\/person\\\/e426459ddb4173309103390602694571\",\"name\":\"ktmin\",\"image\":{\"@type\":\"ImageObject\",\"inLanguage\":\"sq-AL\",\"@id\":\"https:\\\/\\\/secure.gravatar.com\\\/avatar\\\/3985c961109853010c3fbc7ba30365bfba5db3dd6c525831d9c595c7525a615a?s=96&d=mm&r=g\",\"url\":\"https:\\\/\\\/secure.gravatar.com\\\/avatar\\\/3985c961109853010c3fbc7ba30365bfba5db3dd6c525831d9c595c7525a615a?s=96&d=mm&r=g\",\"contentUrl\":\"https:\\\/\\\/secure.gravatar.com\\\/avatar\\\/3985c961109853010c3fbc7ba30365bfba5db3dd6c525831d9c595c7525a615a?s=96&d=mm&r=g\",\"caption\":\"ktmin\"},\"sameAs\":[\"https:\\\/\\\/kt.gov.rs\"],\"url\":\"https:\\\/\\\/kt.gov.rs\\\/sq\\\/author\\\/ktmin\\\/\"}]}<\/script>\n<!-- \/ Yoast SEO plugin. -->","yoast_head_json":{"title":"\u201eTI DHE UN\u00cb JEMI NE\u2019\u2019 T\u00cb I JA SMO MI\u201c T\u00cb SUKSESSH\u00cbM N\u00cb TRSHIQ - Republika e S\u00ebrbis\u00eb Trupi Koordinues p\u00ebr komunat Bujanoc, Preshev\u00eb dhe Medvegj\u00eb","robots":{"index":"index","follow":"follow","max-snippet":"max-snippet:-1","max-image-preview":"max-image-preview:large","max-video-preview":"max-video-preview:-1"},"canonical":"https:\/\/kt.gov.rs\/sq\/ti-dhe-une-jemi-ne-te-i-ja-smo-mi-te-suksesshem-ne-trshiq\/","og_locale":"sq_AL","og_type":"article","og_title":"\u201eTI DHE UN\u00cb JEMI NE\u2019\u2019 T\u00cb I JA SMO MI\u201c T\u00cb SUKSESSH\u00cbM N\u00cb TRSHIQ - Republika e S\u00ebrbis\u00eb Trupi Koordinues p\u00ebr komunat Bujanoc, Preshev\u00eb dhe Medvegj\u00eb","og_description":"LOZNIC\u00cb \u2013\u00a0 Nx\u00ebn\u00ebsit e shkollave t\u00eb mesme nga Presheva dhe Bujanoci jan\u00eb paraqitur me \u00e7faqjen multietnike ,,Ti dhe un\u00eb jemi ne\u2019\u2019 n\u00eb ,,Vukov Sabor-in\u2019\u2019 e tridhjet e n\u00ebnt\u00eb me radh\u00eb. T\u00eb kat\u00ebrmb\u00ebdh\u00ebjet\u00eb nx\u00ebn\u00ebsit jan\u00eb paraqitur me ,,tinejxh pop show-in n\u00eb kat\u00ebr gjuh\u00eb\u2019\u2019 duke treguar se t\u00eb rinjt\u00eb Serb, Shqip\u00ebtar\u00eb dhe Rom\u00eb munden t\u00eb\u00a0 bashk\u00ebpunojn\u00eb n\u00eb m\u00ebnyr\u00eb t\u00eb shk\u00eblqyeshme. Regjisori i \u00e7faqjes Aleksandar Lazoiq tha se kemi arritur nj\u00eb tregim t\u00eb mir\u00eb n\u00eb mes t\u00eb Serb\u00ebve, Shqip\u00ebtar\u00ebve dhe Rom\u00ebve t\u00eb cil\u00ebt pas disa provave jan\u00eb b\u00ebr\u00eb nj\u00eb ekip i shk\u00eblqyesh\u00ebm.","og_url":"https:\/\/kt.gov.rs\/sq\/ti-dhe-une-jemi-ne-te-i-ja-smo-mi-te-suksesshem-ne-trshiq\/","og_site_name":"Republika e S\u00ebrbis\u00eb Trupi Koordinues p\u00ebr komunat Bujanoc, Preshev\u00eb dhe Medvegj\u00eb","article_publisher":"https:\/\/www.facebook.com\/SluzbaKoordinacionogTelaVladeRepublikeSrbije","article_published_time":"2010-05-24T00:00:00+00:00","article_modified_time":"2024-07-30T20:22:48+00:00","og_image":[{"width":265,"height":176,"url":"https:\/\/kt.gov.rs\/wp-content\/uploads\/2024\/07\/pic345vesti-5.jpg","type":"image\/jpeg"}],"author":"ktmin","twitter_card":"summary_large_image","twitter_creator":"@kt_gov","twitter_site":"@kt_gov","twitter_misc":{"Written by":"ktmin","Est. reading time":"3 minutes"},"schema":{"@context":"https:\/\/schema.org","@graph":[{"@type":"Article","@id":"https:\/\/kt.gov.rs\/sq\/ti-dhe-une-jemi-ne-te-i-ja-smo-mi-te-suksesshem-ne-trshiq\/#article","isPartOf":{"@id":"https:\/\/kt.gov.rs\/sq\/ti-dhe-une-jemi-ne-te-i-ja-smo-mi-te-suksesshem-ne-trshiq\/"},"author":{"name":"ktmin","@id":"https:\/\/kt.gov.rs\/#\/schema\/person\/e426459ddb4173309103390602694571"},"headline":"\u201eTI DHE UN\u00cb JEMI NE\u2019\u2019 T\u00cb I JA SMO MI\u201c T\u00cb SUKSESSH\u00cbM N\u00cb TRSHIQ","datePublished":"2010-05-24T00:00:00+00:00","dateModified":"2024-07-30T20:22:48+00:00","mainEntityOfPage":{"@id":"https:\/\/kt.gov.rs\/sq\/ti-dhe-une-jemi-ne-te-i-ja-smo-mi-te-suksesshem-ne-trshiq\/"},"wordCount":564,"publisher":{"@id":"https:\/\/kt.gov.rs\/#organization"},"image":{"@id":"https:\/\/kt.gov.rs\/sq\/ti-dhe-une-jemi-ne-te-i-ja-smo-mi-te-suksesshem-ne-trshiq\/#primaryimage"},"thumbnailUrl":"https:\/\/kt.gov.rs\/wp-content\/uploads\/2024\/07\/pic345vesti-5.jpg","articleSection":["Lajme"],"inLanguage":"sq-AL"},{"@type":"WebPage","@id":"https:\/\/kt.gov.rs\/sq\/ti-dhe-une-jemi-ne-te-i-ja-smo-mi-te-suksesshem-ne-trshiq\/","url":"https:\/\/kt.gov.rs\/sq\/ti-dhe-une-jemi-ne-te-i-ja-smo-mi-te-suksesshem-ne-trshiq\/","name":"\u201eTI DHE UN\u00cb JEMI NE\u2019\u2019 T\u00cb I JA SMO MI\u201c T\u00cb SUKSESSH\u00cbM N\u00cb TRSHIQ - Republika e S\u00ebrbis\u00eb Trupi Koordinues p\u00ebr komunat Bujanoc, Preshev\u00eb dhe Medvegj\u00eb","isPartOf":{"@id":"https:\/\/kt.gov.rs\/#website"},"primaryImageOfPage":{"@id":"https:\/\/kt.gov.rs\/sq\/ti-dhe-une-jemi-ne-te-i-ja-smo-mi-te-suksesshem-ne-trshiq\/#primaryimage"},"image":{"@id":"https:\/\/kt.gov.rs\/sq\/ti-dhe-une-jemi-ne-te-i-ja-smo-mi-te-suksesshem-ne-trshiq\/#primaryimage"},"thumbnailUrl":"https:\/\/kt.gov.rs\/wp-content\/uploads\/2024\/07\/pic345vesti-5.jpg","datePublished":"2010-05-24T00:00:00+00:00","dateModified":"2024-07-30T20:22:48+00:00","breadcrumb":{"@id":"https:\/\/kt.gov.rs\/sq\/ti-dhe-une-jemi-ne-te-i-ja-smo-mi-te-suksesshem-ne-trshiq\/#breadcrumb"},"inLanguage":"sq-AL","potentialAction":[{"@type":"ReadAction","target":["https:\/\/kt.gov.rs\/sq\/ti-dhe-une-jemi-ne-te-i-ja-smo-mi-te-suksesshem-ne-trshiq\/"]}]},{"@type":"ImageObject","inLanguage":"sq-AL","@id":"https:\/\/kt.gov.rs\/sq\/ti-dhe-une-jemi-ne-te-i-ja-smo-mi-te-suksesshem-ne-trshiq\/#primaryimage","url":"https:\/\/kt.gov.rs\/wp-content\/uploads\/2024\/07\/pic345vesti-5.jpg","contentUrl":"https:\/\/kt.gov.rs\/wp-content\/uploads\/2024\/07\/pic345vesti-5.jpg","width":265,"height":176},{"@type":"BreadcrumbList","@id":"https:\/\/kt.gov.rs\/sq\/ti-dhe-une-jemi-ne-te-i-ja-smo-mi-te-suksesshem-ne-trshiq\/#breadcrumb","itemListElement":[{"@type":"ListItem","position":1,"name":"Po\u010detna","item":"https:\/\/kt.gov.rs\/sq\/"},{"@type":"ListItem","position":2,"name":"\u201eTI DHE UN\u00cb JEMI NE\u2019\u2019 T\u00cb I JA SMO MI\u201c T\u00cb SUKSESSH\u00cbM N\u00cb TRSHIQ"}]},{"@type":"WebSite","@id":"https:\/\/kt.gov.rs\/#website","url":"https:\/\/kt.gov.rs\/","name":"Koordinaciono telo Vlade Republike Srbije za op\u0161tine Pre\u0161evo, Bujanovac i Medve\u0111a","description":"","publisher":{"@id":"https:\/\/kt.gov.rs\/#organization"},"alternateName":"Koordinaciono telo","potentialAction":[{"@type":"SearchAction","target":{"@type":"EntryPoint","urlTemplate":"https:\/\/kt.gov.rs\/?s={search_term_string}"},"query-input":{"@type":"PropertyValueSpecification","valueRequired":true,"valueName":"search_term_string"}}],"inLanguage":"sq-AL"},{"@type":"Organization","@id":"https:\/\/kt.gov.rs\/#organization","name":"Koordinaciono telo Vlade Republike Srbije za op\u0161tine Pre\u0161evo, Bujanovac i Medve\u0111a","alternateName":"Koordinaciono telo","url":"https:\/\/kt.gov.rs\/","logo":{"@type":"ImageObject","inLanguage":"sq-AL","@id":"https:\/\/kt.gov.rs\/#\/schema\/logo\/image\/","url":"https:\/\/kt.gov.rs\/wp-content\/uploads\/2024\/12\/koord2.jpg","contentUrl":"https:\/\/kt.gov.rs\/wp-content\/uploads\/2024\/12\/koord2.jpg","width":640,"height":480,"caption":"Koordinaciono telo Vlade Republike Srbije za op\u0161tine Pre\u0161evo, Bujanovac i Medve\u0111a"},"image":{"@id":"https:\/\/kt.gov.rs\/#\/schema\/logo\/image\/"},"sameAs":["https:\/\/www.facebook.com\/SluzbaKoordinacionogTelaVladeRepublikeSrbije","https:\/\/x.com\/kt_gov","https:\/\/www.youtube.com\/@koordinacionotelo"]},{"@type":"Person","@id":"https:\/\/kt.gov.rs\/#\/schema\/person\/e426459ddb4173309103390602694571","name":"ktmin","image":{"@type":"ImageObject","inLanguage":"sq-AL","@id":"https:\/\/secure.gravatar.com\/avatar\/3985c961109853010c3fbc7ba30365bfba5db3dd6c525831d9c595c7525a615a?s=96&d=mm&r=g","url":"https:\/\/secure.gravatar.com\/avatar\/3985c961109853010c3fbc7ba30365bfba5db3dd6c525831d9c595c7525a615a?s=96&d=mm&r=g","contentUrl":"https:\/\/secure.gravatar.com\/avatar\/3985c961109853010c3fbc7ba30365bfba5db3dd6c525831d9c595c7525a615a?s=96&d=mm&r=g","caption":"ktmin"},"sameAs":["https:\/\/kt.gov.rs"],"url":"https:\/\/kt.gov.rs\/sq\/author\/ktmin\/"}]}},"_links":{"self":[{"href":"https:\/\/kt.gov.rs\/sq\/wp-json\/wp\/v2\/posts\/142850","targetHints":{"allow":["GET"]}}],"collection":[{"href":"https:\/\/kt.gov.rs\/sq\/wp-json\/wp\/v2\/posts"}],"about":[{"href":"https:\/\/kt.gov.rs\/sq\/wp-json\/wp\/v2\/types\/post"}],"author":[{"embeddable":true,"href":"https:\/\/kt.gov.rs\/sq\/wp-json\/wp\/v2\/users\/1"}],"replies":[{"embeddable":true,"href":"https:\/\/kt.gov.rs\/sq\/wp-json\/wp\/v2\/comments?post=142850"}],"version-history":[{"count":1,"href":"https:\/\/kt.gov.rs\/sq\/wp-json\/wp\/v2\/posts\/142850\/revisions"}],"predecessor-version":[{"id":142857,"href":"https:\/\/kt.gov.rs\/sq\/wp-json\/wp\/v2\/posts\/142850\/revisions\/142857"}],"wp:featuredmedia":[{"embeddable":true,"href":"https:\/\/kt.gov.rs\/sq\/wp-json\/wp\/v2\/media\/142858"}],"wp:attachment":[{"href":"https:\/\/kt.gov.rs\/sq\/wp-json\/wp\/v2\/media?parent=142850"}],"wp:term":[{"taxonomy":"category","embeddable":true,"href":"https:\/\/kt.gov.rs\/sq\/wp-json\/wp\/v2\/categories?post=142850"},{"taxonomy":"post_tag","embeddable":true,"href":"https:\/\/kt.gov.rs\/sq\/wp-json\/wp\/v2\/tags?post=142850"}],"curies":[{"name":"wp","href":"https:\/\/api.w.org\/{rel}","templated":true}]}}