{"id":142849,"date":"2010-05-27T00:00:00","date_gmt":"2010-05-27T00:00:00","guid":{"rendered":"http:\/\/kt.printandscreen.rs\/komunikate-per-media-27-05-2010\/"},"modified":"2010-05-27T00:00:00","modified_gmt":"2010-05-27T00:00:00","slug":"komunikate-per-media-27-05-2010","status":"publish","type":"post","link":"https:\/\/kt.gov.rs\/sq\/komunikate-per-media-27-05-2010\/","title":{"rendered":"KOMUNIKAT\u00cb P\u00cbR MEDIA 27.05.2010."},"content":{"rendered":"<p><strong>Kryetari i Trupit koordinues t\u00eb Qeveris\u00eb s\u00eb Republik\u00ebs s\u00eb Serbis\u00eb p\u00ebr komunat Preshev\u00eb, Bujnaoc dhe Medvegj\u00eb, ministri Milan Markoviq n\u00eb Bujanoc<\/strong><\/p>\n<p>Ministri Milan Markoviq t\u00eb premten m\u00eb 28 maj do t\u00eb vizitoj Bujanocin. Si kryetar\u00eb i Trupit koordinues p\u00ebr Serbin\u00eb jugore, s\u00eb pari do t\u00eb vizitoj\u00eb fshatin Levosov\u00eb. Do t\u00eb bisedoj\u00eb me kooperativist\u00ebt\u00a0 t\u00eb kooperativ\u00ebs bujq\u00ebsore ,,Jug Levosoje\u2019\u2019 t\u00eb cil\u00ebn e finanson Trupi koordinues p\u00ebr mbjelljet pranverore. Pas k\u00ebsaj ministri Markoviq do t\u00eb vizitoj shkoll\u00ebn fillore ,,Vuk Karaxhiq\u2019\u2019e cila ndihmohet nga ministria e pushtetit lokal dhe vet\u00ebqeverisjes lokale n\u00eb p\u00ebrpilimin e projektit n\u00eb nd\u00ebrtimin e sall\u00ebs s\u00eb edukat\u00ebs fizike.<\/p>\n<p>Ministri Markoviq do ta hedh topin p\u00ebr fillimin e loj\u00ebs s\u00eb basketbollit n\u00eb mes t\u00eb klubit BSK Junior-Elita nga Bujanoci dhe KB Jug nga Vranja. P\u00ebr ekipin BSK Junior-Elita k\u00ebt\u00eb vit\u00eb p\u00ebr her\u00eb t\u00eb par\u00eb s\u00eb bashku luajn\u00eb basketbollist\u00ebt Shqip\u00ebtar\u00eb, Serb\u00eb dhe Rom\u00eb.<\/p>\n<p>Pas loj\u00ebs s\u00eb basketbollit, kryetari i Trupit koordinues ministri Maroviq do t\u00eb jet\u00eb mysafir i programit n\u00eb radiostacionin lokal ,,Ema radio\u2019\u2019 programi informaiv i t\u00eb cilit n\u00eb gjuh\u00ebn rome finansohet nga Trupi koordinues. N\u00eb Bujanoc ministri Markoviq do t\u00eb ket\u00eb takime dhe bisedime edhe me an\u00ebtar\u00ebt e organizat\u00ebs ,,Ti dhe un\u00eb jemi ne\u2019\u2019 e cila organizat\u00eb duke i fal\u00ebnderuar mb\u00ebshtetjes nga ana e Trupit koordinues ka realizuar n\u00eb m\u00ebnyr\u00eb t\u00eb shk\u00eblqyeshme projektin multietnik tinejxh pop show.<\/p>\n<p>P\u00ebr informata m\u00eb t\u00eb holl\u00ebsishme ju lutemi kontaktoni Milica Rodiq n\u00eb adres\u00ebn: <a href=\"mailto:milica.rodic@kt.gov.rs\">milica.rodic@kt.gov.rs<\/a> ose n\u00eb tel: 063\/10-50-713<\/p>\n<p><strong>Agjenda e vizit\u00ebs s\u00eb ministrit Milan Markoviq <\/strong><\/p>\n<p><strong>12:00 \u2013 12:30 \u00a0\u00a0\u00a0 Kooperativa bujq\u00ebsore ,,Jug Levosoje\u2019\u2019- Levosov\u00eb\u00a0\u00a0 <br \/>\n12:30 \u2013 12:45 \u00a0\u00a0\u00a0 Shkolla fillore ,,Vuk Karaxhiq\u2019\u2019 \u2013 Levosov\u00eb <br \/>\n13:00 \u2013 13:45 \u00a0\u00a0\u00a0 Ndeshja basketbollistike \u2013 Bujanoc <br \/>\n14:00 \u2013 14:45\u00a0\u00a0\u00a0 \u201eEma radio\u201c \u2013 Bujanoc<br \/>\n15:00 \u2013 15:30\u00a0\u00a0\u00a0 Biseda me an\u00ebtar\u00ebt e organizat\u00ebs ,,Ti dhe un\u00eb jemi ne\u2019\u2019 \u2013 Bujanoc<\/strong><\/p>\n","protected":false},"excerpt":{"rendered":"<p>Kryetari i Trupit koordinues t\u00eb Qeveris\u00eb s\u00eb Republik\u00ebs s\u00eb Serbis\u00eb p\u00ebr  komunat Preshev\u00eb, Bujnaoc dhe Medvegj\u00eb, ministri Milan Markoviq n\u00eb  Bujanoc<\/p>\n<p>Ministri Milan Markoviq t\u00eb premten m\u00eb 28 maj do t\u00eb vizitoj Bujanocin. Si  kryetar\u00eb i Trupit koordinues p\u00ebr Serbin\u00eb jugore, s\u00eb pari do t\u00eb vizitoj\u00eb  fshatin Levosov\u00eb. Do t\u00eb bisedoj\u00eb me kooperativist\u00ebt\u00a0 t\u00eb kooperativ\u00ebs  bujq\u00ebsore ,,Jug Levosoje\u2019\u2019 t\u00eb cil\u00ebn e finanson Trupi koordinues p\u00ebr  mbjelljet pranverore. Pas k\u00ebsaj ministri Markoviq do t\u00eb vizitoj shkoll\u00ebn  fillore ,,Vuk Karaxhiq\u2019\u2019e cila ndihmohet nga ministria e pushtetit  lokal dhe vet\u00ebqeverisjes lokale n\u00eb p\u00ebrpilimin e projektit n\u00eb nd\u00ebrtimin e  sall\u00ebs s\u00eb edukat\u00ebs fizike.<\/p>\n","protected":false},"author":1,"featured_media":0,"comment_status":"closed","ping_status":"closed","sticky":false,"template":"","format":"standard","meta":{"footnotes":""},"categories":[55],"tags":[],"class_list":["post-142849","post","type-post","status-publish","format-standard","hentry","category-lajme"],"yoast_head":"<!-- This site is optimized with the Yoast SEO plugin v27.5 - https:\/\/yoast.com\/product\/yoast-seo-wordpress\/ -->\n<title>KOMUNIKAT\u00cb P\u00cbR MEDIA 27.05.2010. - Republika e S\u00ebrbis\u00eb Trupi Koordinues p\u00ebr komunat Bujanoc, Preshev\u00eb dhe Medvegj\u00eb<\/title>\n<meta name=\"robots\" content=\"index, follow, max-snippet:-1, max-image-preview:large, max-video-preview:-1\" \/>\n<link rel=\"canonical\" href=\"https:\/\/kt.gov.rs\/sq\/komunikate-per-media-27-05-2010\/\" \/>\n<meta property=\"og:locale\" content=\"sq_AL\" \/>\n<meta property=\"og:type\" content=\"article\" \/>\n<meta property=\"og:title\" content=\"KOMUNIKAT\u00cb P\u00cbR MEDIA 27.05.2010. - Republika e S\u00ebrbis\u00eb Trupi Koordinues p\u00ebr komunat Bujanoc, Preshev\u00eb dhe Medvegj\u00eb\" \/>\n<meta property=\"og:description\" content=\"Kryetari i Trupit koordinues t\u00eb Qeveris\u00eb s\u00eb Republik\u00ebs s\u00eb Serbis\u00eb p\u00ebr komunat Preshev\u00eb, Bujnaoc dhe Medvegj\u00eb, ministri Milan Markoviq n\u00eb Bujanoc Ministri Milan Markoviq t\u00eb premten m\u00eb 28 maj do t\u00eb vizitoj Bujanocin. Si kryetar\u00eb i Trupit koordinues p\u00ebr Serbin\u00eb jugore, s\u00eb pari do t\u00eb vizitoj\u00eb fshatin Levosov\u00eb. Do t\u00eb bisedoj\u00eb me kooperativist\u00ebt\u00a0 t\u00eb kooperativ\u00ebs bujq\u00ebsore ,,Jug Levosoje\u2019\u2019 t\u00eb cil\u00ebn e finanson Trupi koordinues p\u00ebr mbjelljet pranverore. Pas k\u00ebsaj ministri Markoviq do t\u00eb vizitoj shkoll\u00ebn fillore ,,Vuk Karaxhiq\u2019\u2019e cila ndihmohet nga ministria e pushtetit lokal dhe vet\u00ebqeverisjes lokale n\u00eb p\u00ebrpilimin e projektit n\u00eb nd\u00ebrtimin e sall\u00ebs s\u00eb edukat\u00ebs fizike.\" \/>\n<meta property=\"og:url\" content=\"https:\/\/kt.gov.rs\/sq\/komunikate-per-media-27-05-2010\/\" \/>\n<meta property=\"og:site_name\" content=\"Republika e S\u00ebrbis\u00eb Trupi Koordinues p\u00ebr komunat Bujanoc, Preshev\u00eb dhe Medvegj\u00eb\" \/>\n<meta property=\"article:publisher\" content=\"https:\/\/www.facebook.com\/SluzbaKoordinacionogTelaVladeRepublikeSrbije\" \/>\n<meta property=\"article:published_time\" content=\"2010-05-27T00:00:00+00:00\" \/>\n<meta name=\"author\" content=\"ktmin\" \/>\n<meta name=\"twitter:card\" content=\"summary_large_image\" \/>\n<meta name=\"twitter:creator\" content=\"@kt_gov\" \/>\n<meta name=\"twitter:site\" content=\"@kt_gov\" \/>\n<meta name=\"twitter:label1\" content=\"Written by\" \/>\n\t<meta name=\"twitter:data1\" content=\"ktmin\" \/>\n\t<meta name=\"twitter:label2\" content=\"Est. reading time\" \/>\n\t<meta name=\"twitter:data2\" content=\"2 minutes\" \/>\n<script type=\"application\/ld+json\" class=\"yoast-schema-graph\">{\"@context\":\"https:\\\/\\\/schema.org\",\"@graph\":[{\"@type\":\"Article\",\"@id\":\"https:\\\/\\\/kt.gov.rs\\\/sq\\\/komunikate-per-media-27-05-2010\\\/#article\",\"isPartOf\":{\"@id\":\"https:\\\/\\\/kt.gov.rs\\\/sq\\\/komunikate-per-media-27-05-2010\\\/\"},\"author\":{\"name\":\"ktmin\",\"@id\":\"https:\\\/\\\/kt.gov.rs\\\/#\\\/schema\\\/person\\\/e426459ddb4173309103390602694571\"},\"headline\":\"KOMUNIKAT\u00cb P\u00cbR MEDIA 27.05.2010.\",\"datePublished\":\"2010-05-27T00:00:00+00:00\",\"mainEntityOfPage\":{\"@id\":\"https:\\\/\\\/kt.gov.rs\\\/sq\\\/komunikate-per-media-27-05-2010\\\/\"},\"wordCount\":361,\"publisher\":{\"@id\":\"https:\\\/\\\/kt.gov.rs\\\/#organization\"},\"articleSection\":[\"Lajme\"],\"inLanguage\":\"sq-AL\"},{\"@type\":\"WebPage\",\"@id\":\"https:\\\/\\\/kt.gov.rs\\\/sq\\\/komunikate-per-media-27-05-2010\\\/\",\"url\":\"https:\\\/\\\/kt.gov.rs\\\/sq\\\/komunikate-per-media-27-05-2010\\\/\",\"name\":\"KOMUNIKAT\u00cb P\u00cbR MEDIA 27.05.2010. - Republika e S\u00ebrbis\u00eb Trupi Koordinues p\u00ebr komunat Bujanoc, Preshev\u00eb dhe Medvegj\u00eb\",\"isPartOf\":{\"@id\":\"https:\\\/\\\/kt.gov.rs\\\/#website\"},\"datePublished\":\"2010-05-27T00:00:00+00:00\",\"breadcrumb\":{\"@id\":\"https:\\\/\\\/kt.gov.rs\\\/sq\\\/komunikate-per-media-27-05-2010\\\/#breadcrumb\"},\"inLanguage\":\"sq-AL\",\"potentialAction\":[{\"@type\":\"ReadAction\",\"target\":[\"https:\\\/\\\/kt.gov.rs\\\/sq\\\/komunikate-per-media-27-05-2010\\\/\"]}]},{\"@type\":\"BreadcrumbList\",\"@id\":\"https:\\\/\\\/kt.gov.rs\\\/sq\\\/komunikate-per-media-27-05-2010\\\/#breadcrumb\",\"itemListElement\":[{\"@type\":\"ListItem\",\"position\":1,\"name\":\"Po\u010detna\",\"item\":\"https:\\\/\\\/kt.gov.rs\\\/sq\\\/\"},{\"@type\":\"ListItem\",\"position\":2,\"name\":\"KOMUNIKAT\u00cb P\u00cbR MEDIA 27.05.2010.\"}]},{\"@type\":\"WebSite\",\"@id\":\"https:\\\/\\\/kt.gov.rs\\\/#website\",\"url\":\"https:\\\/\\\/kt.gov.rs\\\/\",\"name\":\"Koordinaciono telo Vlade Republike Srbije za op\u0161tine Pre\u0161evo, Bujanovac i Medve\u0111a\",\"description\":\"\",\"publisher\":{\"@id\":\"https:\\\/\\\/kt.gov.rs\\\/#organization\"},\"alternateName\":\"Koordinaciono telo\",\"potentialAction\":[{\"@type\":\"SearchAction\",\"target\":{\"@type\":\"EntryPoint\",\"urlTemplate\":\"https:\\\/\\\/kt.gov.rs\\\/?s={search_term_string}\"},\"query-input\":{\"@type\":\"PropertyValueSpecification\",\"valueRequired\":true,\"valueName\":\"search_term_string\"}}],\"inLanguage\":\"sq-AL\"},{\"@type\":\"Organization\",\"@id\":\"https:\\\/\\\/kt.gov.rs\\\/#organization\",\"name\":\"Koordinaciono telo Vlade Republike Srbije za op\u0161tine Pre\u0161evo, Bujanovac i Medve\u0111a\",\"alternateName\":\"Koordinaciono telo\",\"url\":\"https:\\\/\\\/kt.gov.rs\\\/\",\"logo\":{\"@type\":\"ImageObject\",\"inLanguage\":\"sq-AL\",\"@id\":\"https:\\\/\\\/kt.gov.rs\\\/#\\\/schema\\\/logo\\\/image\\\/\",\"url\":\"https:\\\/\\\/kt.gov.rs\\\/wp-content\\\/uploads\\\/2024\\\/12\\\/koord2.jpg\",\"contentUrl\":\"https:\\\/\\\/kt.gov.rs\\\/wp-content\\\/uploads\\\/2024\\\/12\\\/koord2.jpg\",\"width\":640,\"height\":480,\"caption\":\"Koordinaciono telo Vlade Republike Srbije za op\u0161tine Pre\u0161evo, Bujanovac i Medve\u0111a\"},\"image\":{\"@id\":\"https:\\\/\\\/kt.gov.rs\\\/#\\\/schema\\\/logo\\\/image\\\/\"},\"sameAs\":[\"https:\\\/\\\/www.facebook.com\\\/SluzbaKoordinacionogTelaVladeRepublikeSrbije\",\"https:\\\/\\\/x.com\\\/kt_gov\",\"https:\\\/\\\/www.youtube.com\\\/@koordinacionotelo\"]},{\"@type\":\"Person\",\"@id\":\"https:\\\/\\\/kt.gov.rs\\\/#\\\/schema\\\/person\\\/e426459ddb4173309103390602694571\",\"name\":\"ktmin\",\"image\":{\"@type\":\"ImageObject\",\"inLanguage\":\"sq-AL\",\"@id\":\"https:\\\/\\\/secure.gravatar.com\\\/avatar\\\/3985c961109853010c3fbc7ba30365bfba5db3dd6c525831d9c595c7525a615a?s=96&d=mm&r=g\",\"url\":\"https:\\\/\\\/secure.gravatar.com\\\/avatar\\\/3985c961109853010c3fbc7ba30365bfba5db3dd6c525831d9c595c7525a615a?s=96&d=mm&r=g\",\"contentUrl\":\"https:\\\/\\\/secure.gravatar.com\\\/avatar\\\/3985c961109853010c3fbc7ba30365bfba5db3dd6c525831d9c595c7525a615a?s=96&d=mm&r=g\",\"caption\":\"ktmin\"},\"sameAs\":[\"https:\\\/\\\/kt.gov.rs\"],\"url\":\"https:\\\/\\\/kt.gov.rs\\\/sq\\\/author\\\/ktmin\\\/\"}]}<\/script>\n<!-- \/ Yoast SEO plugin. -->","yoast_head_json":{"title":"KOMUNIKAT\u00cb P\u00cbR MEDIA 27.05.2010. - Republika e S\u00ebrbis\u00eb Trupi Koordinues p\u00ebr komunat Bujanoc, Preshev\u00eb dhe Medvegj\u00eb","robots":{"index":"index","follow":"follow","max-snippet":"max-snippet:-1","max-image-preview":"max-image-preview:large","max-video-preview":"max-video-preview:-1"},"canonical":"https:\/\/kt.gov.rs\/sq\/komunikate-per-media-27-05-2010\/","og_locale":"sq_AL","og_type":"article","og_title":"KOMUNIKAT\u00cb P\u00cbR MEDIA 27.05.2010. - Republika e S\u00ebrbis\u00eb Trupi Koordinues p\u00ebr komunat Bujanoc, Preshev\u00eb dhe Medvegj\u00eb","og_description":"Kryetari i Trupit koordinues t\u00eb Qeveris\u00eb s\u00eb Republik\u00ebs s\u00eb Serbis\u00eb p\u00ebr komunat Preshev\u00eb, Bujnaoc dhe Medvegj\u00eb, ministri Milan Markoviq n\u00eb Bujanoc Ministri Milan Markoviq t\u00eb premten m\u00eb 28 maj do t\u00eb vizitoj Bujanocin. Si kryetar\u00eb i Trupit koordinues p\u00ebr Serbin\u00eb jugore, s\u00eb pari do t\u00eb vizitoj\u00eb fshatin Levosov\u00eb. Do t\u00eb bisedoj\u00eb me kooperativist\u00ebt\u00a0 t\u00eb kooperativ\u00ebs bujq\u00ebsore ,,Jug Levosoje\u2019\u2019 t\u00eb cil\u00ebn e finanson Trupi koordinues p\u00ebr mbjelljet pranverore. Pas k\u00ebsaj ministri Markoviq do t\u00eb vizitoj shkoll\u00ebn fillore ,,Vuk Karaxhiq\u2019\u2019e cila ndihmohet nga ministria e pushtetit lokal dhe vet\u00ebqeverisjes lokale n\u00eb p\u00ebrpilimin e projektit n\u00eb nd\u00ebrtimin e sall\u00ebs s\u00eb edukat\u00ebs fizike.","og_url":"https:\/\/kt.gov.rs\/sq\/komunikate-per-media-27-05-2010\/","og_site_name":"Republika e S\u00ebrbis\u00eb Trupi Koordinues p\u00ebr komunat Bujanoc, Preshev\u00eb dhe Medvegj\u00eb","article_publisher":"https:\/\/www.facebook.com\/SluzbaKoordinacionogTelaVladeRepublikeSrbije","article_published_time":"2010-05-27T00:00:00+00:00","author":"ktmin","twitter_card":"summary_large_image","twitter_creator":"@kt_gov","twitter_site":"@kt_gov","twitter_misc":{"Written by":"ktmin","Est. reading time":"2 minutes"},"schema":{"@context":"https:\/\/schema.org","@graph":[{"@type":"Article","@id":"https:\/\/kt.gov.rs\/sq\/komunikate-per-media-27-05-2010\/#article","isPartOf":{"@id":"https:\/\/kt.gov.rs\/sq\/komunikate-per-media-27-05-2010\/"},"author":{"name":"ktmin","@id":"https:\/\/kt.gov.rs\/#\/schema\/person\/e426459ddb4173309103390602694571"},"headline":"KOMUNIKAT\u00cb P\u00cbR MEDIA 27.05.2010.","datePublished":"2010-05-27T00:00:00+00:00","mainEntityOfPage":{"@id":"https:\/\/kt.gov.rs\/sq\/komunikate-per-media-27-05-2010\/"},"wordCount":361,"publisher":{"@id":"https:\/\/kt.gov.rs\/#organization"},"articleSection":["Lajme"],"inLanguage":"sq-AL"},{"@type":"WebPage","@id":"https:\/\/kt.gov.rs\/sq\/komunikate-per-media-27-05-2010\/","url":"https:\/\/kt.gov.rs\/sq\/komunikate-per-media-27-05-2010\/","name":"KOMUNIKAT\u00cb P\u00cbR MEDIA 27.05.2010. - Republika e S\u00ebrbis\u00eb Trupi Koordinues p\u00ebr komunat Bujanoc, Preshev\u00eb dhe Medvegj\u00eb","isPartOf":{"@id":"https:\/\/kt.gov.rs\/#website"},"datePublished":"2010-05-27T00:00:00+00:00","breadcrumb":{"@id":"https:\/\/kt.gov.rs\/sq\/komunikate-per-media-27-05-2010\/#breadcrumb"},"inLanguage":"sq-AL","potentialAction":[{"@type":"ReadAction","target":["https:\/\/kt.gov.rs\/sq\/komunikate-per-media-27-05-2010\/"]}]},{"@type":"BreadcrumbList","@id":"https:\/\/kt.gov.rs\/sq\/komunikate-per-media-27-05-2010\/#breadcrumb","itemListElement":[{"@type":"ListItem","position":1,"name":"Po\u010detna","item":"https:\/\/kt.gov.rs\/sq\/"},{"@type":"ListItem","position":2,"name":"KOMUNIKAT\u00cb P\u00cbR MEDIA 27.05.2010."}]},{"@type":"WebSite","@id":"https:\/\/kt.gov.rs\/#website","url":"https:\/\/kt.gov.rs\/","name":"Koordinaciono telo Vlade Republike Srbije za op\u0161tine Pre\u0161evo, Bujanovac i Medve\u0111a","description":"","publisher":{"@id":"https:\/\/kt.gov.rs\/#organization"},"alternateName":"Koordinaciono telo","potentialAction":[{"@type":"SearchAction","target":{"@type":"EntryPoint","urlTemplate":"https:\/\/kt.gov.rs\/?s={search_term_string}"},"query-input":{"@type":"PropertyValueSpecification","valueRequired":true,"valueName":"search_term_string"}}],"inLanguage":"sq-AL"},{"@type":"Organization","@id":"https:\/\/kt.gov.rs\/#organization","name":"Koordinaciono telo Vlade Republike Srbije za op\u0161tine Pre\u0161evo, Bujanovac i Medve\u0111a","alternateName":"Koordinaciono telo","url":"https:\/\/kt.gov.rs\/","logo":{"@type":"ImageObject","inLanguage":"sq-AL","@id":"https:\/\/kt.gov.rs\/#\/schema\/logo\/image\/","url":"https:\/\/kt.gov.rs\/wp-content\/uploads\/2024\/12\/koord2.jpg","contentUrl":"https:\/\/kt.gov.rs\/wp-content\/uploads\/2024\/12\/koord2.jpg","width":640,"height":480,"caption":"Koordinaciono telo Vlade Republike Srbije za op\u0161tine Pre\u0161evo, Bujanovac i Medve\u0111a"},"image":{"@id":"https:\/\/kt.gov.rs\/#\/schema\/logo\/image\/"},"sameAs":["https:\/\/www.facebook.com\/SluzbaKoordinacionogTelaVladeRepublikeSrbije","https:\/\/x.com\/kt_gov","https:\/\/www.youtube.com\/@koordinacionotelo"]},{"@type":"Person","@id":"https:\/\/kt.gov.rs\/#\/schema\/person\/e426459ddb4173309103390602694571","name":"ktmin","image":{"@type":"ImageObject","inLanguage":"sq-AL","@id":"https:\/\/secure.gravatar.com\/avatar\/3985c961109853010c3fbc7ba30365bfba5db3dd6c525831d9c595c7525a615a?s=96&d=mm&r=g","url":"https:\/\/secure.gravatar.com\/avatar\/3985c961109853010c3fbc7ba30365bfba5db3dd6c525831d9c595c7525a615a?s=96&d=mm&r=g","contentUrl":"https:\/\/secure.gravatar.com\/avatar\/3985c961109853010c3fbc7ba30365bfba5db3dd6c525831d9c595c7525a615a?s=96&d=mm&r=g","caption":"ktmin"},"sameAs":["https:\/\/kt.gov.rs"],"url":"https:\/\/kt.gov.rs\/sq\/author\/ktmin\/"}]}},"_links":{"self":[{"href":"https:\/\/kt.gov.rs\/sq\/wp-json\/wp\/v2\/posts\/142849","targetHints":{"allow":["GET"]}}],"collection":[{"href":"https:\/\/kt.gov.rs\/sq\/wp-json\/wp\/v2\/posts"}],"about":[{"href":"https:\/\/kt.gov.rs\/sq\/wp-json\/wp\/v2\/types\/post"}],"author":[{"embeddable":true,"href":"https:\/\/kt.gov.rs\/sq\/wp-json\/wp\/v2\/users\/1"}],"replies":[{"embeddable":true,"href":"https:\/\/kt.gov.rs\/sq\/wp-json\/wp\/v2\/comments?post=142849"}],"version-history":[{"count":0,"href":"https:\/\/kt.gov.rs\/sq\/wp-json\/wp\/v2\/posts\/142849\/revisions"}],"wp:attachment":[{"href":"https:\/\/kt.gov.rs\/sq\/wp-json\/wp\/v2\/media?parent=142849"}],"wp:term":[{"taxonomy":"category","embeddable":true,"href":"https:\/\/kt.gov.rs\/sq\/wp-json\/wp\/v2\/categories?post=142849"},{"taxonomy":"post_tag","embeddable":true,"href":"https:\/\/kt.gov.rs\/sq\/wp-json\/wp\/v2\/tags?post=142849"}],"curies":[{"name":"wp","href":"https:\/\/api.w.org\/{rel}","templated":true}]}}