{"id":142847,"date":"2010-06-01T00:00:00","date_gmt":"2010-06-01T00:00:00","guid":{"rendered":"http:\/\/kt.printandscreen.rs\/01-06-2010\/"},"modified":"2010-06-01T00:00:00","modified_gmt":"2010-06-01T00:00:00","slug":"01-06-2010","status":"publish","type":"post","link":"https:\/\/kt.gov.rs\/sq\/01-06-2010\/","title":{"rendered":"01.06.2010."},"content":{"rendered":"<p><strong>USAID NISI BIZNESIN E VOG\u00cbL N\u00cb SERBIN\u00cb JUGORE <\/strong><\/p>\n<p>Duke i shfryt\u00ebzuar pun\u00ebtor\u00ebt e gjigant\u00ebve t\u00eb dikursh\u00ebm nga Serbia jugore, m\u00eb tep\u00ebr se 30 afarist\u00eb nga Bujanoci, Presheva, Vranja, Leskoci, Surdulica, Lebana, Trgovishta, Medvegja, Vlasotinca, Bojniku dhe vendeve tjera, po p\u00ebrfitojn\u00eb tregun vendor\u00eb dhe t\u00eb huaj me prodhimet e veta.<\/p>\n<p>Pas d\u00ebshtimit dhe likuidimit t\u00eb\u00a0 fabrikave t\u00eb k\u00ebpuc\u00ebve ,,Kostana\u2019\u2019, PIK Delishes, IPK Pcinja, Jumko, Poloprodukt, Megal, Prohorovo, Gumoplastika, Jugokop, Masinoteks dhe fabrikave tjera, m\u00eb tep\u00ebr se 10.000 pun\u00ebtor\u00eb prap jan\u00eb n\u00eb vende t\u00eb pun\u00ebs duke fal\u00ebnderuar drejtor\u00ebve t\u00eb aft\u00eb nga sip\u00ebrmarrjet e vogla n\u00eb Serbin\u00eb jugore.<\/p>\n<p>Fillimin e k\u00ebtij biznesi t\u00eb vog\u00ebl n\u00eb k\u00ebt\u00eb pjes\u00eb t\u00eb Serbis\u00eb e ka ndihmuar posaq\u00ebrisht organizata USAID. Slobodan Kociq, kryetar\u00eb i Leskocit tha se USAID-i ka ndikuar duksh\u00ebm n\u00eb ,,inkurajimin\u2019\u2019 e afarist\u00ebve q\u00eb t\u00eb organizohen dhe t\u00eb tejkalojn\u00eb v\u00ebshtir\u00ebsit\u00eb, t\u00eb cil\u00ebn ata edhe e b\u00ebjn\u00eb n\u00eb m\u00ebnyr\u00eb t\u00eb denj\u00eb.<\/p>\n<p>,,Kemi filluar me nj\u00eb pun\u00ebtori t\u00eb thjesht\u00eb p\u00ebr p\u00ebrpunimin e metaleve duke shfryt\u00ebzuar dijenin\u00eb dhe p\u00ebrvoj\u00ebn e p\u00ebrfituar n\u00eb sip\u00ebrmarrjen e dikurshme metalike n\u00eb Preshev\u00eb. Ekzistojm\u00eb q\u00eb nga viti 1969 si pun\u00ebtori e pamvarur zejtare. Jemi zhvilluar hap pas hapi, nd\u00ebrsa q\u00eb nga viti 1992 jemi si sip\u00ebrmarrje. Jemi zhvilluar ngadal dhe hap\u00eb pas hapi por vet\u00ebm p\u00ebr t\u00eb mbijetuar. Duke i fal\u00ebnderuar USAID-it kemi b\u00ebr\u00eb biznesplanin , programin e prodhimtaris\u00eb, dizajnimin i prodhimeve, p\u00ebrpunimin e tregut dhe plasmanin\u2019\u2019 deklaron drejtori i i sip\u00ebrmarrjes ,,\u00c7eliku\u2019\u2019 nga Presheva duke u shpreh\u00eb se me prodhimet dhe sh\u00ebrbimet e veta n\u00eb nd\u00ebrtimtari jan\u00eb konkurent n\u00eb treg. ,,Zdrukthtaria dhe elementet tjera n\u00eb nd\u00ebrtimtari jan\u00eb t\u00eb kualitetit t\u00eb lart\u00eb dhe jan\u00eb shum\u00eb t\u00eb k\u00ebrkuar si n\u00eb Serbi poashtu edhe ne Kosov\u00eb si dhe n\u00eb Maqedonin\u00eb fqinje. P\u00ebr arsye t\u00eb k\u00ebrkes\u00ebs gjithnj\u00eb e m\u00eb t\u00eb madhe t\u00eb prodhimeve t\u00eb ,,\u00c7eliku-t\u2019\u2019, Sadiku ka n\u00eb plan q\u00eb p\u00ebrpos 50 pun\u00ebtor\u00ebve t\u00eb pun\u00ebsuar momentalisht, t\u00eb pun\u00ebsoj\u00eb edhe 20 pun\u00ebtor\u00eb t\u00eb rinj\u00eb.<\/p>\n<p>Sip\u00ebrmarrja ,,Mineks\u2019\u2019 nga Vranja njihet si sip\u00ebrmarrja m\u00eb e madhe e prodhimeve t\u00eb rrobeve nga l\u00ebkura. Zoran Stoilkoviq, pronar\u00eb dhe drejtor\u00eb deklaroi se ka shfryt\u00ebzuar dijenin\u00eb dhe p\u00ebrvoj\u00ebn n\u00eb k\u00ebt\u00eb deg\u00eb t\u00eb ekonomis\u00eb. Ka pun\u00ebsuar 60 ish pun\u00ebtor\u00eb t\u00eb kombinatit t\u00eb dikursh\u00ebm ,,Kostana\u2019\u2019dhe ka shfryt\u00ebzuar p\u00ebrvoj\u00ebn e tyre p\u00ebr prodhime t\u00eb reja. ,,Duke i fal\u00ebnderuar ndihm\u00ebs q\u00eb na ka dh\u00ebn\u00eb USAID-i, kemi kemi p\u00ebrmir\u00ebsuar si dhe kemi promovuar program t\u00eb ri t\u00eb prodhimit\u2019\u2019, deklaroi Stoilkoviq duke shtuar se punon p\u00ebr tregun e mbrendsh\u00ebm nd\u00ebrsa koh\u00ebve t\u00eb fundit\u00a0 edhe p\u00ebr disa prodhues m\u00eb t\u00eb njohur t\u00eb k\u00ebpuc\u00ebve nga jasht\u00eb.<\/p>\n<p>Dragan Ivanov, pronar\u00eb dhe drejtor i ,,Aniteks-it\u2019\u2019, prodhues i \u00e7orapeve p\u00ebr meshkuj, gra dhe f\u00ebmij\u00eb nga Bosilegradi, deklarooi se duke i fal\u00ebnderuar programit t\u00eb USAID-it ka arritur sukses n\u00eb prodhimin e \u00e7orapeve. Ka ndikuar edhe ajo q\u00eb n\u00eb nj\u00eb komun\u00eb t[ pazhvilluar dikur ka egzistuar sip\u00ebrmarrja shoq\u00ebrore e tekstilit e cila \u00ebsht\u00eb marr\u00eb me programin e till\u00eb. Ashtuq\u00eb edhe ai ka shfryt\u00ebzuar aft\u00ebsin\u00eb e pun\u00ebtor\u00ebve t\u00eb k\u00ebtij\u00eb ish kombinati. ,,P\u00ebr komun\u00ebn e Bosilegradit, r\u00ebnd\u00ebsi t\u00eb madhe ka hapja e nj\u00eb fabrike p\u00ebr prodhimin e \u00e7orapeve. N\u00eb fillim kemi pasur probleme dhe frik\u00eb se a do t\u00eb kemi sukses, nd\u00ebrsa tash prodhimet tona i plasojm\u00eb si n\u00eb vend poashtu edhe jasht\u00eb vendit\u2019\u2019 duke shtuar se me ndihm\u00ebn e USAID-t planifikon rritjen e kapaciteteve si dhe pun\u00ebsimin e pun\u00ebtor\u00ebve t\u00eb rinj\u00eb.<\/p>\n<p>Sip\u00ebrmarrja ushqimore ,,Fontana\u2019\u2019 e Fejzullah dhe Arsim Ibrahimit \u00ebsht\u00eb shembull se si nj\u00eb sip\u00ebrmarrje familjare\u00a0 cila udh\u00ebhiqet nga i ati dhe i biri, duke i fal\u00ebnderuar s\u00eb pari USAID-it menaxhohet shk\u00eblqyesh\u00ebm dhe p\u00ebrpos 20 pun\u00ebtor\u00ebve t\u00eb pun\u00ebsuar me kontrat\u00eb pun\u00ebson edhe 10 pun\u00ebtor\u00eb sezonal. Prodhimet nga qum\u00ebshti t\u00eb k\u00ebsaj sip\u00ebrmarrje jan\u00eb gjithnj\u00eb e m\u00eb t\u00eb k\u00ebrkuara si n\u00eb tregun vendor\u00eb poashtu edhe n\u00eb tregun Maqedon, Kosovar\u00eb, Mal t\u00eb Zi dhe Bosnj\u00eb. ,,Programi i USAID-it na ka ndihmuar q\u00eb t\u00eb kemi zgjedhjen e duhur se si dhe qka do t\u00eb prodhojm\u00eb n\u00eb t\u00eb ardhmen. Natyrisht p\u00ebrmes mjeteve dhe teknologjis\u00eb m\u00eb bashk\u00ebkohore kemi siguruar edhe kualitetin e lart\u00eb t\u00eb prodhimeve ushqimore e posaq\u00ebrisht prodhimeve nga qum\u00ebshti. Gjithashtu ka qen\u00eb shum\u00eb me r\u00ebnd\u00ebsi t\u00eb sigurojm\u00eb paketim kualitativ dhe dizajn\u00eb bashk\u00ebkohor\u00eb. Q\u00eb prej bashk\u00ebpunit ton\u00eb me\u00a0 USAID-in, prodhimet tona shiten m\u00eb mir\u00eb\u2019\u2019, deklaroi Arsim Ibrahimi duke shtuar se vazhdojn\u00eb me rritjen e kapaciteteve t\u00eb prodhimit t\u00eb k\u00ebsaj sip\u00ebrmarrjeje.<\/p>\n<p>Milan Veli\u00e7koviq, pronar\u00eb dhe drejtor i qum\u00ebshtores familjare ,,Veli\u00e7koviq\u2019\u2019 nga Alakinca e komun\u00ebs s\u00eb Surdilic\u00ebs, e cila\u00a0 ka t\u00eb pun\u00ebsuar 30 pun\u00ebtor\u00eb, deklaroi se duke ju fal\u00ebnderuar programit t\u00eb USAID-it, p\u00ebr 20% ka rritur prodhimin dhe sh\u00ebrbimet e k\u00ebsaj\u00eb sip\u00ebrmarrjeje. ,,Aplikojm\u00eb standaret bot\u00ebrore p\u00ebr kualitetin siq jan\u00eb HASAP, ISO etj. Kjo ka ndikuar q\u00eb prodhimet tona t\u00eb shiten n\u00ebp\u00ebr shtetet fqinje siq jan\u00eb: Greqia, Maqedonia, Bullgaria, Bosna dhe Hercegovina, Kroacia dhe s\u00eb shpejti prodhime tona do t\u00eb ket\u00eb\u00a0 edhe n\u00eb tregun e SHBA-ve\u2019\u2019 thot Veli\u00e7koviq.<\/p>\n<p>Majk\u00ebll Pilsberi, drejtor i programit p\u00ebr p\u00ebrforcimin e siguris\u00eb ekonomike USAID, thot se USAID-i, p\u00ebr t\u00eb ndihmuar zgjidhjen e problemeve t\u00eb cilat ndikojn\u00eb n\u00eb ngadal\u00ebsimin e zhvilllimit ekonomik t\u00eb shum\u00eb sip\u00ebrmarrjeve nga Serbia jugore, ka ka hartuar programin e mb\u00ebshtetjes i cila p\u00ebrb\u00ebhet nga sfera e menaxhimit t\u00eb sip\u00ebrmarrjeve, shitja dhe p\u00ebrsosshm\u00ebria e marketingut. P\u00ebr k\u00ebt\u00eb \u00e7\u00ebshtje,\u00a0 nga ana e USAID-it jan\u00eb\u00a0 angazhuar ekspert t\u00ebUSAID-it p\u00ebr prezentimin e tyre sa m\u00eb t\u00eb denj\u00eb siq \u00ebsht\u00eb psh prezentimin p\u00ebrmes internetit\u2019\u2019 deklaroi Pilsberi dhe shtoi se ,,ky program u ka mund\u00ebsuar sip\u00ebrmarrjeve trajnime si dhe kurse nga sferat t\u00eb cilat jan\u00eb kyqe p\u00ebr nj\u00eb biznes t\u00eb suksessh\u00ebm, shitje, finansim dhe menaxhimin e resurseve njer\u00ebzore. Me nj\u00eb fjal\u00eb, q\u00ebllimi i programit \u00ebsht\u00eb ndihma sip\u00ebrmarrjeve q\u00eb t\u00eb jen\u00eb sa m\u00eb produktive p\u00ebr t\u00ebrhjeqjen e bler\u00ebsve t\u00eb rinj\u00eb si dhe rritjen e prodhimit\u2019\u2019.<\/p>\n","protected":false},"excerpt":{"rendered":"<p>USAID NISI BIZNESIN E VOG\u00cbL N\u00cb SERBIN\u00cb JUGORE <\/p>\n<p>Duke i shfryt\u00ebzuar pun\u00ebtor\u00ebt e gjigant\u00ebve t\u00eb dikursh\u00ebm nga Serbia  jugore, m\u00eb tep\u00ebr se 30 afarist\u00eb nga Bujanoci, Presheva, Vranja, Leskoci,  Surdulica, Lebana, Trgovishta, Medvegja, Vlasotinca, Bojniku dhe  vendeve tjera, po p\u00ebrfitojn\u00eb tregun vendor\u00eb dhe t\u00eb huaj me prodhimet e  veta.<\/p>\n","protected":false},"author":1,"featured_media":0,"comment_status":"closed","ping_status":"closed","sticky":false,"template":"","format":"standard","meta":{"footnotes":""},"categories":[55],"tags":[],"class_list":["post-142847","post","type-post","status-publish","format-standard","hentry","category-lajme"],"yoast_head":"<!-- This site is optimized with the Yoast SEO plugin v27.5 - https:\/\/yoast.com\/product\/yoast-seo-wordpress\/ -->\n<title>01.06.2010. - Republika e S\u00ebrbis\u00eb Trupi Koordinues p\u00ebr komunat Bujanoc, Preshev\u00eb dhe Medvegj\u00eb<\/title>\n<meta name=\"robots\" content=\"index, follow, max-snippet:-1, max-image-preview:large, max-video-preview:-1\" \/>\n<link rel=\"canonical\" href=\"https:\/\/kt.gov.rs\/sq\/01-06-2010\/\" \/>\n<meta property=\"og:locale\" content=\"sq_AL\" \/>\n<meta property=\"og:type\" content=\"article\" \/>\n<meta property=\"og:title\" content=\"01.06.2010. - Republika e S\u00ebrbis\u00eb Trupi Koordinues p\u00ebr komunat Bujanoc, Preshev\u00eb dhe Medvegj\u00eb\" \/>\n<meta property=\"og:description\" content=\"USAID NISI BIZNESIN E VOG\u00cbL N\u00cb SERBIN\u00cb JUGORE  Duke i shfryt\u00ebzuar pun\u00ebtor\u00ebt e gjigant\u00ebve t\u00eb dikursh\u00ebm nga Serbia jugore, m\u00eb tep\u00ebr se 30 afarist\u00eb nga Bujanoci, Presheva, Vranja, Leskoci, Surdulica, Lebana, Trgovishta, Medvegja, Vlasotinca, Bojniku dhe vendeve tjera, po p\u00ebrfitojn\u00eb tregun vendor\u00eb dhe t\u00eb huaj me prodhimet e veta.\" \/>\n<meta property=\"og:url\" content=\"https:\/\/kt.gov.rs\/sq\/01-06-2010\/\" \/>\n<meta property=\"og:site_name\" content=\"Republika e S\u00ebrbis\u00eb Trupi Koordinues p\u00ebr komunat Bujanoc, Preshev\u00eb dhe Medvegj\u00eb\" \/>\n<meta property=\"article:publisher\" content=\"https:\/\/www.facebook.com\/SluzbaKoordinacionogTelaVladeRepublikeSrbije\" \/>\n<meta property=\"article:published_time\" content=\"2010-06-01T00:00:00+00:00\" \/>\n<meta name=\"author\" content=\"ktmin\" \/>\n<meta name=\"twitter:card\" content=\"summary_large_image\" \/>\n<meta name=\"twitter:creator\" content=\"@kt_gov\" \/>\n<meta name=\"twitter:site\" content=\"@kt_gov\" \/>\n<meta name=\"twitter:label1\" content=\"Written by\" \/>\n\t<meta name=\"twitter:data1\" content=\"ktmin\" \/>\n\t<meta name=\"twitter:label2\" content=\"Est. reading time\" \/>\n\t<meta name=\"twitter:data2\" content=\"6 minutes\" \/>\n<script type=\"application\/ld+json\" class=\"yoast-schema-graph\">{\"@context\":\"https:\\\/\\\/schema.org\",\"@graph\":[{\"@type\":\"Article\",\"@id\":\"https:\\\/\\\/kt.gov.rs\\\/sq\\\/01-06-2010\\\/#article\",\"isPartOf\":{\"@id\":\"https:\\\/\\\/kt.gov.rs\\\/sq\\\/01-06-2010\\\/\"},\"author\":{\"name\":\"ktmin\",\"@id\":\"https:\\\/\\\/kt.gov.rs\\\/#\\\/schema\\\/person\\\/e426459ddb4173309103390602694571\"},\"headline\":\"01.06.2010.\",\"datePublished\":\"2010-06-01T00:00:00+00:00\",\"mainEntityOfPage\":{\"@id\":\"https:\\\/\\\/kt.gov.rs\\\/sq\\\/01-06-2010\\\/\"},\"wordCount\":1113,\"publisher\":{\"@id\":\"https:\\\/\\\/kt.gov.rs\\\/#organization\"},\"articleSection\":[\"Lajme\"],\"inLanguage\":\"sq-AL\"},{\"@type\":\"WebPage\",\"@id\":\"https:\\\/\\\/kt.gov.rs\\\/sq\\\/01-06-2010\\\/\",\"url\":\"https:\\\/\\\/kt.gov.rs\\\/sq\\\/01-06-2010\\\/\",\"name\":\"01.06.2010. - Republika e S\u00ebrbis\u00eb Trupi Koordinues p\u00ebr komunat Bujanoc, Preshev\u00eb dhe Medvegj\u00eb\",\"isPartOf\":{\"@id\":\"https:\\\/\\\/kt.gov.rs\\\/#website\"},\"datePublished\":\"2010-06-01T00:00:00+00:00\",\"breadcrumb\":{\"@id\":\"https:\\\/\\\/kt.gov.rs\\\/sq\\\/01-06-2010\\\/#breadcrumb\"},\"inLanguage\":\"sq-AL\",\"potentialAction\":[{\"@type\":\"ReadAction\",\"target\":[\"https:\\\/\\\/kt.gov.rs\\\/sq\\\/01-06-2010\\\/\"]}]},{\"@type\":\"BreadcrumbList\",\"@id\":\"https:\\\/\\\/kt.gov.rs\\\/sq\\\/01-06-2010\\\/#breadcrumb\",\"itemListElement\":[{\"@type\":\"ListItem\",\"position\":1,\"name\":\"\u041f\u043e\u0447\u0435\u0442\u043d\u0430\",\"item\":\"https:\\\/\\\/kt.gov.rs\\\/sq\\\/\"},{\"@type\":\"ListItem\",\"position\":2,\"name\":\"01.06.2010.\"}]},{\"@type\":\"WebSite\",\"@id\":\"https:\\\/\\\/kt.gov.rs\\\/#website\",\"url\":\"https:\\\/\\\/kt.gov.rs\\\/\",\"name\":\"\u041a\u043e\u043e\u0440\u0434\u0438\u043d\u0430\u0446\u0438\u043e\u043d\u043e \u0442\u0435\u043b\u043e \u0412\u043b\u0430\u0434\u0435 \u0420\u0435\u043f\u0443\u0431\u043b\u0438\u043a\u0435 \u0421\u0440\u0431\u0438\u0458\u0435 \u0437\u0430 \u043e\u043f\u0448\u0442\u0438\u043d\u0435 \u041f\u0440\u0435\u0448\u0435\u0432\u043e, \u0411\u0443\u0458\u0430\u043d\u043e\u0432\u0430\u0446 \u0438 \u041c\u0435\u0434\u0432\u0435\u0452a\",\"description\":\"\",\"publisher\":{\"@id\":\"https:\\\/\\\/kt.gov.rs\\\/#organization\"},\"alternateName\":\"\u041a\u043e\u043e\u0440\u0434\u0438\u043d\u0430\u0446\u0438\u043e\u043d\u043e \u0442\u0435\u043b\u043e\",\"potentialAction\":[{\"@type\":\"SearchAction\",\"target\":{\"@type\":\"EntryPoint\",\"urlTemplate\":\"https:\\\/\\\/kt.gov.rs\\\/?s={search_term_string}\"},\"query-input\":{\"@type\":\"PropertyValueSpecification\",\"valueRequired\":true,\"valueName\":\"search_term_string\"}}],\"inLanguage\":\"sq-AL\"},{\"@type\":\"Organization\",\"@id\":\"https:\\\/\\\/kt.gov.rs\\\/#organization\",\"name\":\"\u041a\u043e\u043e\u0440\u0434\u0438\u043d\u0430\u0446\u0438\u043e\u043d\u043e \u0442\u0435\u043b\u043e \u0412\u043b\u0430\u0434\u0435 \u0420\u0435\u043f\u0443\u0431\u043b\u0438\u043a\u0435 \u0421\u0440\u0431\u0438\u0458\u0435 \u0437\u0430 \u043e\u043f\u0448\u0442\u0438\u043d\u0435 \u041f\u0440\u0435\u0448\u0435\u0432\u043e, \u0411\u0443\u0458\u0430\u043d\u043e\u0432\u0430\u0446 \u0438 \u041c\u0435\u0434\u0432\u0435\u0452a\",\"alternateName\":\"\u041a\u043e\u043e\u0440\u0434\u0438\u043d\u0430\u0446\u0438\u043e\u043d\u043e \u0442\u0435\u043b\u043e\",\"url\":\"https:\\\/\\\/kt.gov.rs\\\/\",\"logo\":{\"@type\":\"ImageObject\",\"inLanguage\":\"sq-AL\",\"@id\":\"https:\\\/\\\/kt.gov.rs\\\/#\\\/schema\\\/logo\\\/image\\\/\",\"url\":\"https:\\\/\\\/kt.gov.rs\\\/wp-content\\\/uploads\\\/2024\\\/12\\\/koord2.jpg\",\"contentUrl\":\"https:\\\/\\\/kt.gov.rs\\\/wp-content\\\/uploads\\\/2024\\\/12\\\/koord2.jpg\",\"width\":640,\"height\":480,\"caption\":\"\u041a\u043e\u043e\u0440\u0434\u0438\u043d\u0430\u0446\u0438\u043e\u043d\u043e \u0442\u0435\u043b\u043e \u0412\u043b\u0430\u0434\u0435 \u0420\u0435\u043f\u0443\u0431\u043b\u0438\u043a\u0435 \u0421\u0440\u0431\u0438\u0458\u0435 \u0437\u0430 \u043e\u043f\u0448\u0442\u0438\u043d\u0435 \u041f\u0440\u0435\u0448\u0435\u0432\u043e, \u0411\u0443\u0458\u0430\u043d\u043e\u0432\u0430\u0446 \u0438 \u041c\u0435\u0434\u0432\u0435\u0452a\"},\"image\":{\"@id\":\"https:\\\/\\\/kt.gov.rs\\\/#\\\/schema\\\/logo\\\/image\\\/\"},\"sameAs\":[\"https:\\\/\\\/www.facebook.com\\\/SluzbaKoordinacionogTelaVladeRepublikeSrbije\",\"https:\\\/\\\/x.com\\\/kt_gov\",\"https:\\\/\\\/www.youtube.com\\\/@koordinacionotelo\"]},{\"@type\":\"Person\",\"@id\":\"https:\\\/\\\/kt.gov.rs\\\/#\\\/schema\\\/person\\\/e426459ddb4173309103390602694571\",\"name\":\"ktmin\",\"image\":{\"@type\":\"ImageObject\",\"inLanguage\":\"sq-AL\",\"@id\":\"https:\\\/\\\/secure.gravatar.com\\\/avatar\\\/3985c961109853010c3fbc7ba30365bfba5db3dd6c525831d9c595c7525a615a?s=96&d=mm&r=g\",\"url\":\"https:\\\/\\\/secure.gravatar.com\\\/avatar\\\/3985c961109853010c3fbc7ba30365bfba5db3dd6c525831d9c595c7525a615a?s=96&d=mm&r=g\",\"contentUrl\":\"https:\\\/\\\/secure.gravatar.com\\\/avatar\\\/3985c961109853010c3fbc7ba30365bfba5db3dd6c525831d9c595c7525a615a?s=96&d=mm&r=g\",\"caption\":\"ktmin\"},\"sameAs\":[\"https:\\\/\\\/kt.gov.rs\"],\"url\":\"https:\\\/\\\/kt.gov.rs\\\/sq\\\/author\\\/ktmin\\\/\"}]}<\/script>\n<!-- \/ Yoast SEO plugin. -->","yoast_head_json":{"title":"01.06.2010. - Republika e S\u00ebrbis\u00eb Trupi Koordinues p\u00ebr komunat Bujanoc, Preshev\u00eb dhe Medvegj\u00eb","robots":{"index":"index","follow":"follow","max-snippet":"max-snippet:-1","max-image-preview":"max-image-preview:large","max-video-preview":"max-video-preview:-1"},"canonical":"https:\/\/kt.gov.rs\/sq\/01-06-2010\/","og_locale":"sq_AL","og_type":"article","og_title":"01.06.2010. - Republika e S\u00ebrbis\u00eb Trupi Koordinues p\u00ebr komunat Bujanoc, Preshev\u00eb dhe Medvegj\u00eb","og_description":"USAID NISI BIZNESIN E VOG\u00cbL N\u00cb SERBIN\u00cb JUGORE  Duke i shfryt\u00ebzuar pun\u00ebtor\u00ebt e gjigant\u00ebve t\u00eb dikursh\u00ebm nga Serbia jugore, m\u00eb tep\u00ebr se 30 afarist\u00eb nga Bujanoci, Presheva, Vranja, Leskoci, Surdulica, Lebana, Trgovishta, Medvegja, Vlasotinca, Bojniku dhe vendeve tjera, po p\u00ebrfitojn\u00eb tregun vendor\u00eb dhe t\u00eb huaj me prodhimet e veta.","og_url":"https:\/\/kt.gov.rs\/sq\/01-06-2010\/","og_site_name":"Republika e S\u00ebrbis\u00eb Trupi Koordinues p\u00ebr komunat Bujanoc, Preshev\u00eb dhe Medvegj\u00eb","article_publisher":"https:\/\/www.facebook.com\/SluzbaKoordinacionogTelaVladeRepublikeSrbije","article_published_time":"2010-06-01T00:00:00+00:00","author":"ktmin","twitter_card":"summary_large_image","twitter_creator":"@kt_gov","twitter_site":"@kt_gov","twitter_misc":{"Written by":"ktmin","Est. reading time":"6 minutes"},"schema":{"@context":"https:\/\/schema.org","@graph":[{"@type":"Article","@id":"https:\/\/kt.gov.rs\/sq\/01-06-2010\/#article","isPartOf":{"@id":"https:\/\/kt.gov.rs\/sq\/01-06-2010\/"},"author":{"name":"ktmin","@id":"https:\/\/kt.gov.rs\/#\/schema\/person\/e426459ddb4173309103390602694571"},"headline":"01.06.2010.","datePublished":"2010-06-01T00:00:00+00:00","mainEntityOfPage":{"@id":"https:\/\/kt.gov.rs\/sq\/01-06-2010\/"},"wordCount":1113,"publisher":{"@id":"https:\/\/kt.gov.rs\/#organization"},"articleSection":["Lajme"],"inLanguage":"sq-AL"},{"@type":"WebPage","@id":"https:\/\/kt.gov.rs\/sq\/01-06-2010\/","url":"https:\/\/kt.gov.rs\/sq\/01-06-2010\/","name":"01.06.2010. - Republika e S\u00ebrbis\u00eb Trupi Koordinues p\u00ebr komunat Bujanoc, Preshev\u00eb dhe Medvegj\u00eb","isPartOf":{"@id":"https:\/\/kt.gov.rs\/#website"},"datePublished":"2010-06-01T00:00:00+00:00","breadcrumb":{"@id":"https:\/\/kt.gov.rs\/sq\/01-06-2010\/#breadcrumb"},"inLanguage":"sq-AL","potentialAction":[{"@type":"ReadAction","target":["https:\/\/kt.gov.rs\/sq\/01-06-2010\/"]}]},{"@type":"BreadcrumbList","@id":"https:\/\/kt.gov.rs\/sq\/01-06-2010\/#breadcrumb","itemListElement":[{"@type":"ListItem","position":1,"name":"\u041f\u043e\u0447\u0435\u0442\u043d\u0430","item":"https:\/\/kt.gov.rs\/sq\/"},{"@type":"ListItem","position":2,"name":"01.06.2010."}]},{"@type":"WebSite","@id":"https:\/\/kt.gov.rs\/#website","url":"https:\/\/kt.gov.rs\/","name":"\u041a\u043e\u043e\u0440\u0434\u0438\u043d\u0430\u0446\u0438\u043e\u043d\u043e \u0442\u0435\u043b\u043e \u0412\u043b\u0430\u0434\u0435 \u0420\u0435\u043f\u0443\u0431\u043b\u0438\u043a\u0435 \u0421\u0440\u0431\u0438\u0458\u0435 \u0437\u0430 \u043e\u043f\u0448\u0442\u0438\u043d\u0435 \u041f\u0440\u0435\u0448\u0435\u0432\u043e, \u0411\u0443\u0458\u0430\u043d\u043e\u0432\u0430\u0446 \u0438 \u041c\u0435\u0434\u0432\u0435\u0452a","description":"","publisher":{"@id":"https:\/\/kt.gov.rs\/#organization"},"alternateName":"\u041a\u043e\u043e\u0440\u0434\u0438\u043d\u0430\u0446\u0438\u043e\u043d\u043e \u0442\u0435\u043b\u043e","potentialAction":[{"@type":"SearchAction","target":{"@type":"EntryPoint","urlTemplate":"https:\/\/kt.gov.rs\/?s={search_term_string}"},"query-input":{"@type":"PropertyValueSpecification","valueRequired":true,"valueName":"search_term_string"}}],"inLanguage":"sq-AL"},{"@type":"Organization","@id":"https:\/\/kt.gov.rs\/#organization","name":"\u041a\u043e\u043e\u0440\u0434\u0438\u043d\u0430\u0446\u0438\u043e\u043d\u043e \u0442\u0435\u043b\u043e \u0412\u043b\u0430\u0434\u0435 \u0420\u0435\u043f\u0443\u0431\u043b\u0438\u043a\u0435 \u0421\u0440\u0431\u0438\u0458\u0435 \u0437\u0430 \u043e\u043f\u0448\u0442\u0438\u043d\u0435 \u041f\u0440\u0435\u0448\u0435\u0432\u043e, \u0411\u0443\u0458\u0430\u043d\u043e\u0432\u0430\u0446 \u0438 \u041c\u0435\u0434\u0432\u0435\u0452a","alternateName":"\u041a\u043e\u043e\u0440\u0434\u0438\u043d\u0430\u0446\u0438\u043e\u043d\u043e \u0442\u0435\u043b\u043e","url":"https:\/\/kt.gov.rs\/","logo":{"@type":"ImageObject","inLanguage":"sq-AL","@id":"https:\/\/kt.gov.rs\/#\/schema\/logo\/image\/","url":"https:\/\/kt.gov.rs\/wp-content\/uploads\/2024\/12\/koord2.jpg","contentUrl":"https:\/\/kt.gov.rs\/wp-content\/uploads\/2024\/12\/koord2.jpg","width":640,"height":480,"caption":"\u041a\u043e\u043e\u0440\u0434\u0438\u043d\u0430\u0446\u0438\u043e\u043d\u043e \u0442\u0435\u043b\u043e \u0412\u043b\u0430\u0434\u0435 \u0420\u0435\u043f\u0443\u0431\u043b\u0438\u043a\u0435 \u0421\u0440\u0431\u0438\u0458\u0435 \u0437\u0430 \u043e\u043f\u0448\u0442\u0438\u043d\u0435 \u041f\u0440\u0435\u0448\u0435\u0432\u043e, \u0411\u0443\u0458\u0430\u043d\u043e\u0432\u0430\u0446 \u0438 \u041c\u0435\u0434\u0432\u0435\u0452a"},"image":{"@id":"https:\/\/kt.gov.rs\/#\/schema\/logo\/image\/"},"sameAs":["https:\/\/www.facebook.com\/SluzbaKoordinacionogTelaVladeRepublikeSrbije","https:\/\/x.com\/kt_gov","https:\/\/www.youtube.com\/@koordinacionotelo"]},{"@type":"Person","@id":"https:\/\/kt.gov.rs\/#\/schema\/person\/e426459ddb4173309103390602694571","name":"ktmin","image":{"@type":"ImageObject","inLanguage":"sq-AL","@id":"https:\/\/secure.gravatar.com\/avatar\/3985c961109853010c3fbc7ba30365bfba5db3dd6c525831d9c595c7525a615a?s=96&d=mm&r=g","url":"https:\/\/secure.gravatar.com\/avatar\/3985c961109853010c3fbc7ba30365bfba5db3dd6c525831d9c595c7525a615a?s=96&d=mm&r=g","contentUrl":"https:\/\/secure.gravatar.com\/avatar\/3985c961109853010c3fbc7ba30365bfba5db3dd6c525831d9c595c7525a615a?s=96&d=mm&r=g","caption":"ktmin"},"sameAs":["https:\/\/kt.gov.rs"],"url":"https:\/\/kt.gov.rs\/sq\/author\/ktmin\/"}]}},"_links":{"self":[{"href":"https:\/\/kt.gov.rs\/sq\/wp-json\/wp\/v2\/posts\/142847","targetHints":{"allow":["GET"]}}],"collection":[{"href":"https:\/\/kt.gov.rs\/sq\/wp-json\/wp\/v2\/posts"}],"about":[{"href":"https:\/\/kt.gov.rs\/sq\/wp-json\/wp\/v2\/types\/post"}],"author":[{"embeddable":true,"href":"https:\/\/kt.gov.rs\/sq\/wp-json\/wp\/v2\/users\/1"}],"replies":[{"embeddable":true,"href":"https:\/\/kt.gov.rs\/sq\/wp-json\/wp\/v2\/comments?post=142847"}],"version-history":[{"count":0,"href":"https:\/\/kt.gov.rs\/sq\/wp-json\/wp\/v2\/posts\/142847\/revisions"}],"wp:attachment":[{"href":"https:\/\/kt.gov.rs\/sq\/wp-json\/wp\/v2\/media?parent=142847"}],"wp:term":[{"taxonomy":"category","embeddable":true,"href":"https:\/\/kt.gov.rs\/sq\/wp-json\/wp\/v2\/categories?post=142847"},{"taxonomy":"post_tag","embeddable":true,"href":"https:\/\/kt.gov.rs\/sq\/wp-json\/wp\/v2\/tags?post=142847"}],"curies":[{"name":"wp","href":"https:\/\/api.w.org\/{rel}","templated":true}]}}