{"id":142825,"date":"2010-06-02T00:00:00","date_gmt":"2010-06-02T00:00:00","guid":{"rendered":"http:\/\/kt.printandscreen.rs\/trupi-koordinues-ndihmon-mbjelljet-pranverore-ne-fshatin-levosove\/"},"modified":"2024-07-30T20:22:43","modified_gmt":"2024-07-30T20:22:43","slug":"trupi-koordinues-ndihmon-mbjelljet-pranverore-ne-fshatin-levosove","status":"publish","type":"post","link":"https:\/\/kt.gov.rs\/sq\/trupi-koordinues-ndihmon-mbjelljet-pranverore-ne-fshatin-levosove\/","title":{"rendered":"TRUPI KOORDINUES NDIHMON MBJELLJET PRANVERORE N\u00cb FSHATIN LEVOSOV\u00cb"},"content":{"rendered":"<p><img decoding=\"async\" align=\"left\" src=\"https:\/\/kt.gov.rs\/wp-content\/uploads\/2024\/07\/newspic348-4.jpg\" alt=\"\" \/>Kryetari i trupit Koordinues Milan Markoviq, t\u00eb premten e kaluar vizitoi fshatin Levosov\u00eb t\u00eb komun\u00ebs s\u00eb Bujanocit. S\u00eb pari bisedoi me an\u00ebtar\u00ebt e kooperativ\u00ebs bujq\u00ebsore ,,Jug Levosoje\u2019\u2019. Kjo kooperativ\u00eb bujq\u00ebsore \u00ebsht\u00eb shembulli m\u00eb i mir\u00eb i bashk\u00ebpunimit multietnik n\u00eb mes Shqip\u00ebtar\u00ebve dhe Serb\u00ebve. Kooperativist\u00ebt n\u00eb konkursin e shpallur nga ana e Trupit Koordinues kan\u00eb fituar mjete finansiare p\u00ebr riparimin e mekanik\u00ebs bujq\u00ebsore si dhe p\u00ebr mbjelljen pranverore. Ministri Markoviq fshatar\u00ebve u propozoi bashk\u00ebpunimin me qum\u00ebshtoren e Shabacit, i inkurajoi q\u00eb t\u00eb k\u00ebrkojn\u00eb ndihm\u00eb nga Trupi Koordinues i cili \u00ebsht\u00eb gjithmon\u00eb i gatsh\u00ebm t\u2019u dal\u00eb n\u00eb ndihm\u00eb k\u00ebrkesave t\u00eb tyre n\u00eb bashk\u00ebpunimin multietnik.<\/p>\n<p><img decoding=\"async\" align=\"left\" src=\"https:\/\/kt.gov.rs\/wp-content\/uploads\/2024\/07\/newspic349-2.jpg\" alt=\"\" \/>Gjat\u00eb vizit\u00ebs s\u00eb tij\u00eb n\u00eb Levosov\u00eb, ministri Markoviq vizitoi edhe shkoll\u00ebn fillore ,,Vuk Karaxhiq\u2019\u2019. Duke marr\u00eb parasysh\u00eb q\u00eb kjo shkoll\u00eb nuk ka sall\u00ebn e saj\u00eb t\u00eb edukat\u00ebs fizike, ministria e pushtetit lokal dhe e vet\u00ebqeverisjes lokale do t\u00eb finansoj\u00eb dokumentacionin projektues p\u00ebr nd\u00ebrtimin e k\u00ebsaj salle.<br \/>\nMinistri u premtoi shkoll\u00ebs n\u00eb asfaltimin e terenit n\u00eb oborrin e saj\u00eb si dhe rreth rregullimin e kuzhin\u00ebs shkollore.<\/p>\n","protected":false},"excerpt":{"rendered":"<p>Kryetari i trupit Koordinues Milan Markoviq, t\u00eb premten e kaluar vizitoi  fshatin Levosov\u00eb t\u00eb komun\u00ebs s\u00eb Bujanocit. S\u00eb pari bisedoi me an\u00ebtar\u00ebt e  kooperativ\u00ebs bujq\u00ebsore ,,Jug Levosoje\u2019\u2019. Kjo kooperativ\u00eb bujq\u00ebsore  \u00ebsht\u00eb shembulli m\u00eb i mir\u00eb i bashk\u00ebpunimit multietnik n\u00eb mes Shqip\u00ebtar\u00ebve  dhe Serb\u00ebve. Kooperativist\u00ebt n\u00eb konkursin e shpallur nga ana e Trupit  Koordinues kan\u00eb fituar mjete finansiare p\u00ebr riparimin e mekanik\u00ebs  bujq\u00ebsore si dhe p\u00ebr mbjelljen pranverore.<\/p>\n","protected":false},"author":1,"featured_media":142833,"comment_status":"closed","ping_status":"closed","sticky":false,"template":"","format":"standard","meta":{"footnotes":""},"categories":[55],"tags":[],"class_list":["post-142825","post","type-post","status-publish","format-standard","has-post-thumbnail","hentry","category-lajme"],"yoast_head":"<!-- This site is optimized with the Yoast SEO plugin v27.5 - https:\/\/yoast.com\/product\/yoast-seo-wordpress\/ -->\n<title>TRUPI KOORDINUES NDIHMON MBJELLJET PRANVERORE N\u00cb FSHATIN LEVOSOV\u00cb - Republika e S\u00ebrbis\u00eb Trupi Koordinues p\u00ebr komunat Bujanoc, Preshev\u00eb dhe Medvegj\u00eb<\/title>\n<meta name=\"robots\" content=\"index, follow, max-snippet:-1, max-image-preview:large, max-video-preview:-1\" \/>\n<link rel=\"canonical\" href=\"https:\/\/kt.gov.rs\/sq\/trupi-koordinues-ndihmon-mbjelljet-pranverore-ne-fshatin-levosove\/\" \/>\n<meta property=\"og:locale\" content=\"sq_AL\" \/>\n<meta property=\"og:type\" content=\"article\" \/>\n<meta property=\"og:title\" content=\"TRUPI KOORDINUES NDIHMON MBJELLJET PRANVERORE N\u00cb FSHATIN LEVOSOV\u00cb - Republika e S\u00ebrbis\u00eb Trupi Koordinues p\u00ebr komunat Bujanoc, Preshev\u00eb dhe Medvegj\u00eb\" \/>\n<meta property=\"og:description\" content=\"Kryetari i trupit Koordinues Milan Markoviq, t\u00eb premten e kaluar vizitoi fshatin Levosov\u00eb t\u00eb komun\u00ebs s\u00eb Bujanocit. S\u00eb pari bisedoi me an\u00ebtar\u00ebt e kooperativ\u00ebs bujq\u00ebsore ,,Jug Levosoje\u2019\u2019. Kjo kooperativ\u00eb bujq\u00ebsore \u00ebsht\u00eb shembulli m\u00eb i mir\u00eb i bashk\u00ebpunimit multietnik n\u00eb mes Shqip\u00ebtar\u00ebve dhe Serb\u00ebve. Kooperativist\u00ebt n\u00eb konkursin e shpallur nga ana e Trupit Koordinues kan\u00eb fituar mjete finansiare p\u00ebr riparimin e mekanik\u00ebs bujq\u00ebsore si dhe p\u00ebr mbjelljen pranverore.\" \/>\n<meta property=\"og:url\" content=\"https:\/\/kt.gov.rs\/sq\/trupi-koordinues-ndihmon-mbjelljet-pranverore-ne-fshatin-levosove\/\" \/>\n<meta property=\"og:site_name\" content=\"Republika e S\u00ebrbis\u00eb Trupi Koordinues p\u00ebr komunat Bujanoc, Preshev\u00eb dhe Medvegj\u00eb\" \/>\n<meta property=\"article:publisher\" content=\"https:\/\/www.facebook.com\/SluzbaKoordinacionogTelaVladeRepublikeSrbije\" \/>\n<meta property=\"article:published_time\" content=\"2010-06-02T00:00:00+00:00\" \/>\n<meta property=\"article:modified_time\" content=\"2024-07-30T20:22:43+00:00\" \/>\n<meta property=\"og:image\" content=\"https:\/\/kt.gov.rs\/wp-content\/uploads\/2024\/07\/newspic348-5.jpg\" \/>\n\t<meta property=\"og:image:width\" content=\"265\" \/>\n\t<meta property=\"og:image:height\" content=\"176\" \/>\n\t<meta property=\"og:image:type\" content=\"image\/jpeg\" \/>\n<meta name=\"author\" content=\"ktmin\" \/>\n<meta name=\"twitter:card\" content=\"summary_large_image\" \/>\n<meta name=\"twitter:creator\" content=\"@kt_gov\" \/>\n<meta name=\"twitter:site\" content=\"@kt_gov\" \/>\n<meta name=\"twitter:label1\" content=\"Written by\" \/>\n\t<meta name=\"twitter:data1\" content=\"ktmin\" \/>\n\t<meta name=\"twitter:label2\" content=\"Est. reading time\" \/>\n\t<meta name=\"twitter:data2\" content=\"1 minute\" \/>\n<script type=\"application\/ld+json\" class=\"yoast-schema-graph\">{\"@context\":\"https:\\\/\\\/schema.org\",\"@graph\":[{\"@type\":\"Article\",\"@id\":\"https:\\\/\\\/kt.gov.rs\\\/sq\\\/trupi-koordinues-ndihmon-mbjelljet-pranverore-ne-fshatin-levosove\\\/#article\",\"isPartOf\":{\"@id\":\"https:\\\/\\\/kt.gov.rs\\\/sq\\\/trupi-koordinues-ndihmon-mbjelljet-pranverore-ne-fshatin-levosove\\\/\"},\"author\":{\"name\":\"ktmin\",\"@id\":\"https:\\\/\\\/kt.gov.rs\\\/#\\\/schema\\\/person\\\/e426459ddb4173309103390602694571\"},\"headline\":\"TRUPI KOORDINUES NDIHMON MBJELLJET PRANVERORE N\u00cb FSHATIN LEVOSOV\u00cb\",\"datePublished\":\"2010-06-02T00:00:00+00:00\",\"dateModified\":\"2024-07-30T20:22:43+00:00\",\"mainEntityOfPage\":{\"@id\":\"https:\\\/\\\/kt.gov.rs\\\/sq\\\/trupi-koordinues-ndihmon-mbjelljet-pranverore-ne-fshatin-levosove\\\/\"},\"wordCount\":213,\"publisher\":{\"@id\":\"https:\\\/\\\/kt.gov.rs\\\/#organization\"},\"image\":{\"@id\":\"https:\\\/\\\/kt.gov.rs\\\/sq\\\/trupi-koordinues-ndihmon-mbjelljet-pranverore-ne-fshatin-levosove\\\/#primaryimage\"},\"thumbnailUrl\":\"https:\\\/\\\/kt.gov.rs\\\/wp-content\\\/uploads\\\/2024\\\/07\\\/newspic348-5.jpg\",\"articleSection\":[\"Lajme\"],\"inLanguage\":\"sq-AL\"},{\"@type\":\"WebPage\",\"@id\":\"https:\\\/\\\/kt.gov.rs\\\/sq\\\/trupi-koordinues-ndihmon-mbjelljet-pranverore-ne-fshatin-levosove\\\/\",\"url\":\"https:\\\/\\\/kt.gov.rs\\\/sq\\\/trupi-koordinues-ndihmon-mbjelljet-pranverore-ne-fshatin-levosove\\\/\",\"name\":\"TRUPI KOORDINUES NDIHMON MBJELLJET PRANVERORE N\u00cb FSHATIN LEVOSOV\u00cb - Republika e S\u00ebrbis\u00eb Trupi Koordinues p\u00ebr komunat Bujanoc, Preshev\u00eb dhe Medvegj\u00eb\",\"isPartOf\":{\"@id\":\"https:\\\/\\\/kt.gov.rs\\\/#website\"},\"primaryImageOfPage\":{\"@id\":\"https:\\\/\\\/kt.gov.rs\\\/sq\\\/trupi-koordinues-ndihmon-mbjelljet-pranverore-ne-fshatin-levosove\\\/#primaryimage\"},\"image\":{\"@id\":\"https:\\\/\\\/kt.gov.rs\\\/sq\\\/trupi-koordinues-ndihmon-mbjelljet-pranverore-ne-fshatin-levosove\\\/#primaryimage\"},\"thumbnailUrl\":\"https:\\\/\\\/kt.gov.rs\\\/wp-content\\\/uploads\\\/2024\\\/07\\\/newspic348-5.jpg\",\"datePublished\":\"2010-06-02T00:00:00+00:00\",\"dateModified\":\"2024-07-30T20:22:43+00:00\",\"breadcrumb\":{\"@id\":\"https:\\\/\\\/kt.gov.rs\\\/sq\\\/trupi-koordinues-ndihmon-mbjelljet-pranverore-ne-fshatin-levosove\\\/#breadcrumb\"},\"inLanguage\":\"sq-AL\",\"potentialAction\":[{\"@type\":\"ReadAction\",\"target\":[\"https:\\\/\\\/kt.gov.rs\\\/sq\\\/trupi-koordinues-ndihmon-mbjelljet-pranverore-ne-fshatin-levosove\\\/\"]}]},{\"@type\":\"ImageObject\",\"inLanguage\":\"sq-AL\",\"@id\":\"https:\\\/\\\/kt.gov.rs\\\/sq\\\/trupi-koordinues-ndihmon-mbjelljet-pranverore-ne-fshatin-levosove\\\/#primaryimage\",\"url\":\"https:\\\/\\\/kt.gov.rs\\\/wp-content\\\/uploads\\\/2024\\\/07\\\/newspic348-5.jpg\",\"contentUrl\":\"https:\\\/\\\/kt.gov.rs\\\/wp-content\\\/uploads\\\/2024\\\/07\\\/newspic348-5.jpg\",\"width\":265,\"height\":176},{\"@type\":\"BreadcrumbList\",\"@id\":\"https:\\\/\\\/kt.gov.rs\\\/sq\\\/trupi-koordinues-ndihmon-mbjelljet-pranverore-ne-fshatin-levosove\\\/#breadcrumb\",\"itemListElement\":[{\"@type\":\"ListItem\",\"position\":1,\"name\":\"Po\u010detna\",\"item\":\"https:\\\/\\\/kt.gov.rs\\\/sq\\\/\"},{\"@type\":\"ListItem\",\"position\":2,\"name\":\"TRUPI KOORDINUES NDIHMON MBJELLJET PRANVERORE N\u00cb FSHATIN LEVOSOV\u00cb\"}]},{\"@type\":\"WebSite\",\"@id\":\"https:\\\/\\\/kt.gov.rs\\\/#website\",\"url\":\"https:\\\/\\\/kt.gov.rs\\\/\",\"name\":\"Koordinaciono telo Vlade Republike Srbije za op\u0161tine Pre\u0161evo, Bujanovac i Medve\u0111a\",\"description\":\"\",\"publisher\":{\"@id\":\"https:\\\/\\\/kt.gov.rs\\\/#organization\"},\"alternateName\":\"Koordinaciono telo\",\"potentialAction\":[{\"@type\":\"SearchAction\",\"target\":{\"@type\":\"EntryPoint\",\"urlTemplate\":\"https:\\\/\\\/kt.gov.rs\\\/?s={search_term_string}\"},\"query-input\":{\"@type\":\"PropertyValueSpecification\",\"valueRequired\":true,\"valueName\":\"search_term_string\"}}],\"inLanguage\":\"sq-AL\"},{\"@type\":\"Organization\",\"@id\":\"https:\\\/\\\/kt.gov.rs\\\/#organization\",\"name\":\"Koordinaciono telo Vlade Republike Srbije za op\u0161tine Pre\u0161evo, Bujanovac i Medve\u0111a\",\"alternateName\":\"Koordinaciono telo\",\"url\":\"https:\\\/\\\/kt.gov.rs\\\/\",\"logo\":{\"@type\":\"ImageObject\",\"inLanguage\":\"sq-AL\",\"@id\":\"https:\\\/\\\/kt.gov.rs\\\/#\\\/schema\\\/logo\\\/image\\\/\",\"url\":\"https:\\\/\\\/kt.gov.rs\\\/wp-content\\\/uploads\\\/2024\\\/12\\\/koord2.jpg\",\"contentUrl\":\"https:\\\/\\\/kt.gov.rs\\\/wp-content\\\/uploads\\\/2024\\\/12\\\/koord2.jpg\",\"width\":640,\"height\":480,\"caption\":\"Koordinaciono telo Vlade Republike Srbije za op\u0161tine Pre\u0161evo, Bujanovac i Medve\u0111a\"},\"image\":{\"@id\":\"https:\\\/\\\/kt.gov.rs\\\/#\\\/schema\\\/logo\\\/image\\\/\"},\"sameAs\":[\"https:\\\/\\\/www.facebook.com\\\/SluzbaKoordinacionogTelaVladeRepublikeSrbije\",\"https:\\\/\\\/x.com\\\/kt_gov\",\"https:\\\/\\\/www.youtube.com\\\/@koordinacionotelo\"]},{\"@type\":\"Person\",\"@id\":\"https:\\\/\\\/kt.gov.rs\\\/#\\\/schema\\\/person\\\/e426459ddb4173309103390602694571\",\"name\":\"ktmin\",\"image\":{\"@type\":\"ImageObject\",\"inLanguage\":\"sq-AL\",\"@id\":\"https:\\\/\\\/secure.gravatar.com\\\/avatar\\\/3985c961109853010c3fbc7ba30365bfba5db3dd6c525831d9c595c7525a615a?s=96&d=mm&r=g\",\"url\":\"https:\\\/\\\/secure.gravatar.com\\\/avatar\\\/3985c961109853010c3fbc7ba30365bfba5db3dd6c525831d9c595c7525a615a?s=96&d=mm&r=g\",\"contentUrl\":\"https:\\\/\\\/secure.gravatar.com\\\/avatar\\\/3985c961109853010c3fbc7ba30365bfba5db3dd6c525831d9c595c7525a615a?s=96&d=mm&r=g\",\"caption\":\"ktmin\"},\"sameAs\":[\"https:\\\/\\\/kt.gov.rs\"],\"url\":\"https:\\\/\\\/kt.gov.rs\\\/sq\\\/author\\\/ktmin\\\/\"}]}<\/script>\n<!-- \/ Yoast SEO plugin. -->","yoast_head_json":{"title":"TRUPI KOORDINUES NDIHMON MBJELLJET PRANVERORE N\u00cb FSHATIN LEVOSOV\u00cb - Republika e S\u00ebrbis\u00eb Trupi Koordinues p\u00ebr komunat Bujanoc, Preshev\u00eb dhe Medvegj\u00eb","robots":{"index":"index","follow":"follow","max-snippet":"max-snippet:-1","max-image-preview":"max-image-preview:large","max-video-preview":"max-video-preview:-1"},"canonical":"https:\/\/kt.gov.rs\/sq\/trupi-koordinues-ndihmon-mbjelljet-pranverore-ne-fshatin-levosove\/","og_locale":"sq_AL","og_type":"article","og_title":"TRUPI KOORDINUES NDIHMON MBJELLJET PRANVERORE N\u00cb FSHATIN LEVOSOV\u00cb - Republika e S\u00ebrbis\u00eb Trupi Koordinues p\u00ebr komunat Bujanoc, Preshev\u00eb dhe Medvegj\u00eb","og_description":"Kryetari i trupit Koordinues Milan Markoviq, t\u00eb premten e kaluar vizitoi fshatin Levosov\u00eb t\u00eb komun\u00ebs s\u00eb Bujanocit. S\u00eb pari bisedoi me an\u00ebtar\u00ebt e kooperativ\u00ebs bujq\u00ebsore ,,Jug Levosoje\u2019\u2019. Kjo kooperativ\u00eb bujq\u00ebsore \u00ebsht\u00eb shembulli m\u00eb i mir\u00eb i bashk\u00ebpunimit multietnik n\u00eb mes Shqip\u00ebtar\u00ebve dhe Serb\u00ebve. Kooperativist\u00ebt n\u00eb konkursin e shpallur nga ana e Trupit Koordinues kan\u00eb fituar mjete finansiare p\u00ebr riparimin e mekanik\u00ebs bujq\u00ebsore si dhe p\u00ebr mbjelljen pranverore.","og_url":"https:\/\/kt.gov.rs\/sq\/trupi-koordinues-ndihmon-mbjelljet-pranverore-ne-fshatin-levosove\/","og_site_name":"Republika e S\u00ebrbis\u00eb Trupi Koordinues p\u00ebr komunat Bujanoc, Preshev\u00eb dhe Medvegj\u00eb","article_publisher":"https:\/\/www.facebook.com\/SluzbaKoordinacionogTelaVladeRepublikeSrbije","article_published_time":"2010-06-02T00:00:00+00:00","article_modified_time":"2024-07-30T20:22:43+00:00","og_image":[{"width":265,"height":176,"url":"https:\/\/kt.gov.rs\/wp-content\/uploads\/2024\/07\/newspic348-5.jpg","type":"image\/jpeg"}],"author":"ktmin","twitter_card":"summary_large_image","twitter_creator":"@kt_gov","twitter_site":"@kt_gov","twitter_misc":{"Written by":"ktmin","Est. reading time":"1 minute"},"schema":{"@context":"https:\/\/schema.org","@graph":[{"@type":"Article","@id":"https:\/\/kt.gov.rs\/sq\/trupi-koordinues-ndihmon-mbjelljet-pranverore-ne-fshatin-levosove\/#article","isPartOf":{"@id":"https:\/\/kt.gov.rs\/sq\/trupi-koordinues-ndihmon-mbjelljet-pranverore-ne-fshatin-levosove\/"},"author":{"name":"ktmin","@id":"https:\/\/kt.gov.rs\/#\/schema\/person\/e426459ddb4173309103390602694571"},"headline":"TRUPI KOORDINUES NDIHMON MBJELLJET PRANVERORE N\u00cb FSHATIN LEVOSOV\u00cb","datePublished":"2010-06-02T00:00:00+00:00","dateModified":"2024-07-30T20:22:43+00:00","mainEntityOfPage":{"@id":"https:\/\/kt.gov.rs\/sq\/trupi-koordinues-ndihmon-mbjelljet-pranverore-ne-fshatin-levosove\/"},"wordCount":213,"publisher":{"@id":"https:\/\/kt.gov.rs\/#organization"},"image":{"@id":"https:\/\/kt.gov.rs\/sq\/trupi-koordinues-ndihmon-mbjelljet-pranverore-ne-fshatin-levosove\/#primaryimage"},"thumbnailUrl":"https:\/\/kt.gov.rs\/wp-content\/uploads\/2024\/07\/newspic348-5.jpg","articleSection":["Lajme"],"inLanguage":"sq-AL"},{"@type":"WebPage","@id":"https:\/\/kt.gov.rs\/sq\/trupi-koordinues-ndihmon-mbjelljet-pranverore-ne-fshatin-levosove\/","url":"https:\/\/kt.gov.rs\/sq\/trupi-koordinues-ndihmon-mbjelljet-pranverore-ne-fshatin-levosove\/","name":"TRUPI KOORDINUES NDIHMON MBJELLJET PRANVERORE N\u00cb FSHATIN LEVOSOV\u00cb - Republika e S\u00ebrbis\u00eb Trupi Koordinues p\u00ebr komunat Bujanoc, Preshev\u00eb dhe Medvegj\u00eb","isPartOf":{"@id":"https:\/\/kt.gov.rs\/#website"},"primaryImageOfPage":{"@id":"https:\/\/kt.gov.rs\/sq\/trupi-koordinues-ndihmon-mbjelljet-pranverore-ne-fshatin-levosove\/#primaryimage"},"image":{"@id":"https:\/\/kt.gov.rs\/sq\/trupi-koordinues-ndihmon-mbjelljet-pranverore-ne-fshatin-levosove\/#primaryimage"},"thumbnailUrl":"https:\/\/kt.gov.rs\/wp-content\/uploads\/2024\/07\/newspic348-5.jpg","datePublished":"2010-06-02T00:00:00+00:00","dateModified":"2024-07-30T20:22:43+00:00","breadcrumb":{"@id":"https:\/\/kt.gov.rs\/sq\/trupi-koordinues-ndihmon-mbjelljet-pranverore-ne-fshatin-levosove\/#breadcrumb"},"inLanguage":"sq-AL","potentialAction":[{"@type":"ReadAction","target":["https:\/\/kt.gov.rs\/sq\/trupi-koordinues-ndihmon-mbjelljet-pranverore-ne-fshatin-levosove\/"]}]},{"@type":"ImageObject","inLanguage":"sq-AL","@id":"https:\/\/kt.gov.rs\/sq\/trupi-koordinues-ndihmon-mbjelljet-pranverore-ne-fshatin-levosove\/#primaryimage","url":"https:\/\/kt.gov.rs\/wp-content\/uploads\/2024\/07\/newspic348-5.jpg","contentUrl":"https:\/\/kt.gov.rs\/wp-content\/uploads\/2024\/07\/newspic348-5.jpg","width":265,"height":176},{"@type":"BreadcrumbList","@id":"https:\/\/kt.gov.rs\/sq\/trupi-koordinues-ndihmon-mbjelljet-pranverore-ne-fshatin-levosove\/#breadcrumb","itemListElement":[{"@type":"ListItem","position":1,"name":"Po\u010detna","item":"https:\/\/kt.gov.rs\/sq\/"},{"@type":"ListItem","position":2,"name":"TRUPI KOORDINUES NDIHMON MBJELLJET PRANVERORE N\u00cb FSHATIN LEVOSOV\u00cb"}]},{"@type":"WebSite","@id":"https:\/\/kt.gov.rs\/#website","url":"https:\/\/kt.gov.rs\/","name":"Koordinaciono telo Vlade Republike Srbije za op\u0161tine Pre\u0161evo, Bujanovac i Medve\u0111a","description":"","publisher":{"@id":"https:\/\/kt.gov.rs\/#organization"},"alternateName":"Koordinaciono telo","potentialAction":[{"@type":"SearchAction","target":{"@type":"EntryPoint","urlTemplate":"https:\/\/kt.gov.rs\/?s={search_term_string}"},"query-input":{"@type":"PropertyValueSpecification","valueRequired":true,"valueName":"search_term_string"}}],"inLanguage":"sq-AL"},{"@type":"Organization","@id":"https:\/\/kt.gov.rs\/#organization","name":"Koordinaciono telo Vlade Republike Srbije za op\u0161tine Pre\u0161evo, Bujanovac i Medve\u0111a","alternateName":"Koordinaciono telo","url":"https:\/\/kt.gov.rs\/","logo":{"@type":"ImageObject","inLanguage":"sq-AL","@id":"https:\/\/kt.gov.rs\/#\/schema\/logo\/image\/","url":"https:\/\/kt.gov.rs\/wp-content\/uploads\/2024\/12\/koord2.jpg","contentUrl":"https:\/\/kt.gov.rs\/wp-content\/uploads\/2024\/12\/koord2.jpg","width":640,"height":480,"caption":"Koordinaciono telo Vlade Republike Srbije za op\u0161tine Pre\u0161evo, Bujanovac i Medve\u0111a"},"image":{"@id":"https:\/\/kt.gov.rs\/#\/schema\/logo\/image\/"},"sameAs":["https:\/\/www.facebook.com\/SluzbaKoordinacionogTelaVladeRepublikeSrbije","https:\/\/x.com\/kt_gov","https:\/\/www.youtube.com\/@koordinacionotelo"]},{"@type":"Person","@id":"https:\/\/kt.gov.rs\/#\/schema\/person\/e426459ddb4173309103390602694571","name":"ktmin","image":{"@type":"ImageObject","inLanguage":"sq-AL","@id":"https:\/\/secure.gravatar.com\/avatar\/3985c961109853010c3fbc7ba30365bfba5db3dd6c525831d9c595c7525a615a?s=96&d=mm&r=g","url":"https:\/\/secure.gravatar.com\/avatar\/3985c961109853010c3fbc7ba30365bfba5db3dd6c525831d9c595c7525a615a?s=96&d=mm&r=g","contentUrl":"https:\/\/secure.gravatar.com\/avatar\/3985c961109853010c3fbc7ba30365bfba5db3dd6c525831d9c595c7525a615a?s=96&d=mm&r=g","caption":"ktmin"},"sameAs":["https:\/\/kt.gov.rs"],"url":"https:\/\/kt.gov.rs\/sq\/author\/ktmin\/"}]}},"_links":{"self":[{"href":"https:\/\/kt.gov.rs\/sq\/wp-json\/wp\/v2\/posts\/142825","targetHints":{"allow":["GET"]}}],"collection":[{"href":"https:\/\/kt.gov.rs\/sq\/wp-json\/wp\/v2\/posts"}],"about":[{"href":"https:\/\/kt.gov.rs\/sq\/wp-json\/wp\/v2\/types\/post"}],"author":[{"embeddable":true,"href":"https:\/\/kt.gov.rs\/sq\/wp-json\/wp\/v2\/users\/1"}],"replies":[{"embeddable":true,"href":"https:\/\/kt.gov.rs\/sq\/wp-json\/wp\/v2\/comments?post=142825"}],"version-history":[{"count":1,"href":"https:\/\/kt.gov.rs\/sq\/wp-json\/wp\/v2\/posts\/142825\/revisions"}],"predecessor-version":[{"id":142832,"href":"https:\/\/kt.gov.rs\/sq\/wp-json\/wp\/v2\/posts\/142825\/revisions\/142832"}],"wp:featuredmedia":[{"embeddable":true,"href":"https:\/\/kt.gov.rs\/sq\/wp-json\/wp\/v2\/media\/142833"}],"wp:attachment":[{"href":"https:\/\/kt.gov.rs\/sq\/wp-json\/wp\/v2\/media?parent=142825"}],"wp:term":[{"taxonomy":"category","embeddable":true,"href":"https:\/\/kt.gov.rs\/sq\/wp-json\/wp\/v2\/categories?post=142825"},{"taxonomy":"post_tag","embeddable":true,"href":"https:\/\/kt.gov.rs\/sq\/wp-json\/wp\/v2\/tags?post=142825"}],"curies":[{"name":"wp","href":"https:\/\/api.w.org\/{rel}","templated":true}]}}