{"id":142824,"date":"2010-06-02T00:00:00","date_gmt":"2010-06-02T00:00:00","guid":{"rendered":"http:\/\/kt.printandscreen.rs\/02-06-2010\/"},"modified":"2010-06-02T00:00:00","modified_gmt":"2010-06-02T00:00:00","slug":"02-06-2010","status":"publish","type":"post","link":"https:\/\/kt.gov.rs\/sq\/02-06-2010\/","title":{"rendered":"02.06.2010."},"content":{"rendered":"<p>\n<meta content=\"text\/html; charset=utf-8\" http-equiv=\"Content-Type\"><br \/>\n<meta content=\"Word.Document\" name=\"ProgId\"><br \/>\n<meta content=\"Microsoft Word 11\" name=\"Generator\"><br \/>\n<meta content=\"Microsoft Word 11\" name=\"Originator\">\n<link href=\"file:\/\/\/C:%5CDOCUME%7E1%5Coliver%5CLOCALS%7E1%5CTemp%5Cmsohtml1%5C01%5Cclip_filelist.xml\" rel=\"File-List\" \/><!--[if gte mso 9]><xml>\n \n  Normal\n  0\n  \n  \n  false\n  false\n  false\n  \n   \n   \n   \n   \n   \n  \n  MicrosoftInternetExplorer4\n \n<\/xml><![endif]--><!--[if gte mso 9]><![endif]--><\/p>\n<style type=\"text\/css\">\n<!--\n \/* Style Definitions *\/\n p.MsoNormal, li.MsoNormal, div.MsoNormal\n\t{mso-style-parent:\"\";\n\tmargin:0in;\n\tmargin-bottom:.0001pt;\n\tfont-size:12.0pt;\"Times New Roman\";\n\tmso-fareast-\"Times New Roman\";}\n@page Section1\n\t{size:8.5in 11.0in;\n\tmargin:1.0in 1.25in 1.0in 1.25in;}\ndiv.Section1\n\t{page:Section1;}\n-->\n<\/style>\n<p><!--[if gte mso 10]>\n\n\n<style>\n \/* Style Definitions *\/\n table.MsoNormalTable\n\t{mso-style-name:\"Table Normal\";\n\tmso-style-parent:\"\";\n\tfont-size:10.0pt;\"Times New Roman\";}\n<\/style>\n\n\n<![endif]--><\/p>\n<p><strong>Drejtori i deritanish\u00ebm iRTV Bujanocit Xhahit Ramadani magjistroi n\u00eb fakultetin e M\u00ebsuesis\u00eb n\u00eb Vranj\u00eb<\/strong><\/p>\n<p><strong>Vranj\u00eb, Bujanoc <\/strong>\u2013 N\u00eb Serbin\u00eb jugore ndodh\u00eb shum\u00eb rral\u00eb q\u00eb Shqip\u00ebtar\u00ebt n\u00eb shkollat e larta arsimore t\u00eb p\u00ebrfitojn\u00eb diturin\u00eb akademike. Dit\u00ebve t\u00eb fundit k\u00ebt\u00eb e ka demantuar Xhahit Ramadani, drejtori i deritanish\u00ebm i radiotelevizionit lokal t\u00eb Bujanocit, i cili n\u00eb fakultetin e M\u00ebsuesis\u00eb magjistroi n\u00eb tem\u00ebn ,,Mediat n\u00eb arsim\u2019\u2019 dhe u b\u00eb nj\u00ebri nd\u00ebr Shqip\u00ebtar\u00ebt e rrall\u00eb nga Serbia jugore q\u00eb mori titullin e magjistrit n\u00eb nj\u00ebrin nga fakultetet e Univerzitetit t\u00eb Nishit.<\/p>\n<p>Ramadani tem\u00ebn e magjistratur\u00ebs e mbrojti para komisionit n\u00eb t\u00eb cil\u00ebn mor\u00ebn pjes\u00eb dekanja e fakultetit t\u00eb M\u00ebsuesis\u00eb dr Stana Smilkoviq, dr Radivoje Kuliq, dr Marjan Bllazhiq dhe dr Millan Tasiq.<\/p>\n<p>,,Mang\u00ebsia e mediave e sidomos e atyre lokale \u00ebsht\u00eb q\u00eb vet\u00ebm pak apo aspak nuk merren me temat mbi arsimin. Me shkollat merremi vet\u00ebm at\u00ebher\u00eb kur n\u00eb vizit\u00eb vijn\u00eb ministrat apo ndonj\u00eb politikan si dhe kur kemi t\u00eb b\u00ebjm\u00eb me ndonj\u00eb skandal. Aspak nuk p\u00ebrcillen proceset inovative n\u00eb arsim si dhe as p\u00ebrpjekjet e pun\u00ebtor\u00ebve arsimor\u00eb n\u00eb p\u00ebrmir\u00ebsimin e kualitetit n\u00eb arsimit, e k\u00ebsi shembujsh jan\u00eb t\u00eb shumt\u00eb n\u00eb k\u00ebt\u00eb pjes\u00eb\u00a0t\u00eb varf\u00ebr t\u00eb Serbis\u00eb jugore\u2019\u2019, ka deklaruar Xhahit Ramadani i cili ka m\u00eb tep\u00ebr se tri decenie p\u00ebrvoj\u00eb n\u00eb p\u00ebrcjelljen e aktiviteteve n\u00eb arsim sepse edhe vet\u00eb ka punuar si profesor.<\/p>\n<p>P\u00ebr dekanen e fakultetit t\u00eb M\u00ebsuesis\u00eb n\u00eb Vranj\u00eb dr Stana Smilkoviqin, mar\u00ebdh\u00ebniet n\u00eb mes t\u00eb mediave dhe institucioneve arsimore \u00ebsht\u00eb fush\u00eb e cila nuk \u00ebsht\u00eb p\u00ebrpunuar sa duhet n\u00eb literatur\u00ebn pedagogjike, dhe p\u00ebr ate, siq tha ajo, tema t\u00eb cil\u00ebn e ka zgjedh zot\u00ebri Ramadani \u00ebsht\u00eb fillimi i cili duhet t\u00eb jet\u00eb provokim ndaj t\u00eb tjer\u00ebve t\u00eb merren me k\u00ebt\u00eb tem\u00eb.<\/p>\n<p>Numri m\u00eb i madh i Shqip\u00ebtar\u00ebve nga kjo pjes\u00eb e Serbis\u00eb, studjimet e tyre i kryejn\u00eb n\u00eb Prishtin\u00eb, Shkup, Tetov\u00eb dhe Tiran\u00eb. Ky \u00ebsht\u00eb rasti i par\u00eb q\u00eb nj\u00eb Shqip\u00ebtar\u00eb t\u00eb magjistroj n\u00eb nj\u00eb fakultet t\u00eb univerzitetit t\u00eb Nishit.<\/p>\n<p>Xhahit Ramadani deri pak muaj m\u00eb par\u00eb ka qen\u00eb drejtor dhe kryeredaktor i RTV t\u00eb Bujanocit dhe atij\u00eb i takojn\u00eb meritat p\u00ebr hapjen e redaksionit n\u00eb gjuh\u00ebn Shqipe dhe Rome me mb\u00ebshtetjen pushtetit lokal si dhe organizatave t\u00eb huaja me an\u00eb s\u00eb cil\u00ebs \u00ebsht\u00eb b\u00ebr\u00eb balansimi multietnik n\u00eb sferat e informimit.<\/p>\n<p><\/meta><br \/>\n<\/meta><br \/>\n<\/meta><br \/>\n<\/meta><\/p>\n","protected":false},"excerpt":{"rendered":"<p>Drejtori i deritanish\u00ebm iRTV Bujanocit Xhahit Ramadani magjistroi n\u00eb fakultetin e M\u00ebsuesis\u00eb n\u00eb Vranj\u00eb<br \/>\nVranj\u00eb, Bujanoc \u2013 N\u00eb Serbin\u00eb jugore ndodh\u00eb shum\u00eb rral\u00eb q\u00eb Shqip\u00ebtar\u00ebt n\u00eb shkollat e larta arsimore t\u00eb p\u00ebrfitojn\u00eb diturin\u00eb akademike. Dit\u00ebve t\u00eb fundit k\u00ebt\u00eb e ka demantuar Xhahit Ramadani, drejtori i deritanish\u00ebm i radiotelevizionit lokal t\u00eb Bujanocit, i cili n\u00eb fakultetin e M\u00ebsuesis\u00eb magjistroi n\u00eb tem\u00ebn ,,Mediat n\u00eb arsim\u2019\u2019 dhe u b\u00eb nj\u00ebri nd\u00ebr Shqip\u00ebtar\u00ebt e rrall\u00eb nga Serbia jugore q\u00eb mori titullin e magjistrit n\u00eb nj\u00ebrin nga fakultetet e Univerzitetit t\u00eb Nishit.<\/p>\n","protected":false},"author":1,"featured_media":0,"comment_status":"closed","ping_status":"closed","sticky":false,"template":"","format":"standard","meta":{"footnotes":""},"categories":[55],"tags":[],"class_list":["post-142824","post","type-post","status-publish","format-standard","hentry","category-lajme"],"yoast_head":"<!-- This site is optimized with the Yoast SEO plugin v27.5 - https:\/\/yoast.com\/product\/yoast-seo-wordpress\/ -->\n<title>02.06.2010. - Republika e S\u00ebrbis\u00eb Trupi Koordinues p\u00ebr komunat Bujanoc, Preshev\u00eb dhe Medvegj\u00eb<\/title>\n<meta name=\"robots\" content=\"index, follow, max-snippet:-1, max-image-preview:large, max-video-preview:-1\" \/>\n<link rel=\"canonical\" href=\"https:\/\/kt.gov.rs\/sq\/02-06-2010\/\" \/>\n<meta property=\"og:locale\" content=\"sq_AL\" \/>\n<meta property=\"og:type\" content=\"article\" \/>\n<meta property=\"og:title\" content=\"02.06.2010. - Republika e S\u00ebrbis\u00eb Trupi Koordinues p\u00ebr komunat Bujanoc, Preshev\u00eb dhe Medvegj\u00eb\" \/>\n<meta property=\"og:description\" content=\"Drejtori i deritanish\u00ebm iRTV Bujanocit Xhahit Ramadani magjistroi n\u00eb fakultetin e M\u00ebsuesis\u00eb n\u00eb Vranj\u00eb Vranj\u00eb, Bujanoc \u2013 N\u00eb Serbin\u00eb jugore ndodh\u00eb shum\u00eb rral\u00eb q\u00eb Shqip\u00ebtar\u00ebt n\u00eb shkollat e larta arsimore t\u00eb p\u00ebrfitojn\u00eb diturin\u00eb akademike. Dit\u00ebve t\u00eb fundit k\u00ebt\u00eb e ka demantuar Xhahit Ramadani, drejtori i deritanish\u00ebm i radiotelevizionit lokal t\u00eb Bujanocit, i cili n\u00eb fakultetin e M\u00ebsuesis\u00eb magjistroi n\u00eb tem\u00ebn ,,Mediat n\u00eb arsim\u2019\u2019 dhe u b\u00eb nj\u00ebri nd\u00ebr Shqip\u00ebtar\u00ebt e rrall\u00eb nga Serbia jugore q\u00eb mori titullin e magjistrit n\u00eb nj\u00ebrin nga fakultetet e Univerzitetit t\u00eb Nishit.\" \/>\n<meta property=\"og:url\" content=\"https:\/\/kt.gov.rs\/sq\/02-06-2010\/\" \/>\n<meta property=\"og:site_name\" content=\"Republika e S\u00ebrbis\u00eb Trupi Koordinues p\u00ebr komunat Bujanoc, Preshev\u00eb dhe Medvegj\u00eb\" \/>\n<meta property=\"article:publisher\" content=\"https:\/\/www.facebook.com\/SluzbaKoordinacionogTelaVladeRepublikeSrbije\" \/>\n<meta property=\"article:published_time\" content=\"2010-06-02T00:00:00+00:00\" \/>\n<meta name=\"author\" content=\"ktmin\" \/>\n<meta name=\"twitter:card\" content=\"summary_large_image\" \/>\n<meta name=\"twitter:creator\" content=\"@kt_gov\" \/>\n<meta name=\"twitter:site\" content=\"@kt_gov\" \/>\n<meta name=\"twitter:label1\" content=\"Written by\" \/>\n\t<meta name=\"twitter:data1\" content=\"ktmin\" \/>\n\t<meta name=\"twitter:label2\" content=\"Est. reading time\" \/>\n\t<meta name=\"twitter:data2\" content=\"2 minutes\" \/>\n<script type=\"application\/ld+json\" class=\"yoast-schema-graph\">{\"@context\":\"https:\\\/\\\/schema.org\",\"@graph\":[{\"@type\":\"Article\",\"@id\":\"https:\\\/\\\/kt.gov.rs\\\/sq\\\/02-06-2010\\\/#article\",\"isPartOf\":{\"@id\":\"https:\\\/\\\/kt.gov.rs\\\/sq\\\/02-06-2010\\\/\"},\"author\":{\"name\":\"ktmin\",\"@id\":\"https:\\\/\\\/kt.gov.rs\\\/#\\\/schema\\\/person\\\/e426459ddb4173309103390602694571\"},\"headline\":\"02.06.2010.\",\"datePublished\":\"2010-06-02T00:00:00+00:00\",\"mainEntityOfPage\":{\"@id\":\"https:\\\/\\\/kt.gov.rs\\\/sq\\\/02-06-2010\\\/\"},\"wordCount\":432,\"publisher\":{\"@id\":\"https:\\\/\\\/kt.gov.rs\\\/#organization\"},\"articleSection\":[\"Lajme\"],\"inLanguage\":\"sq-AL\"},{\"@type\":\"WebPage\",\"@id\":\"https:\\\/\\\/kt.gov.rs\\\/sq\\\/02-06-2010\\\/\",\"url\":\"https:\\\/\\\/kt.gov.rs\\\/sq\\\/02-06-2010\\\/\",\"name\":\"02.06.2010. - Republika e S\u00ebrbis\u00eb Trupi Koordinues p\u00ebr komunat Bujanoc, Preshev\u00eb dhe Medvegj\u00eb\",\"isPartOf\":{\"@id\":\"https:\\\/\\\/kt.gov.rs\\\/#website\"},\"datePublished\":\"2010-06-02T00:00:00+00:00\",\"breadcrumb\":{\"@id\":\"https:\\\/\\\/kt.gov.rs\\\/sq\\\/02-06-2010\\\/#breadcrumb\"},\"inLanguage\":\"sq-AL\",\"potentialAction\":[{\"@type\":\"ReadAction\",\"target\":[\"https:\\\/\\\/kt.gov.rs\\\/sq\\\/02-06-2010\\\/\"]}]},{\"@type\":\"BreadcrumbList\",\"@id\":\"https:\\\/\\\/kt.gov.rs\\\/sq\\\/02-06-2010\\\/#breadcrumb\",\"itemListElement\":[{\"@type\":\"ListItem\",\"position\":1,\"name\":\"Po\u010detna\",\"item\":\"https:\\\/\\\/kt.gov.rs\\\/sq\\\/\"},{\"@type\":\"ListItem\",\"position\":2,\"name\":\"02.06.2010.\"}]},{\"@type\":\"WebSite\",\"@id\":\"https:\\\/\\\/kt.gov.rs\\\/#website\",\"url\":\"https:\\\/\\\/kt.gov.rs\\\/\",\"name\":\"Koordinaciono telo Vlade Republike Srbije za op\u0161tine Pre\u0161evo, Bujanovac i Medve\u0111a\",\"description\":\"\",\"publisher\":{\"@id\":\"https:\\\/\\\/kt.gov.rs\\\/#organization\"},\"alternateName\":\"Koordinaciono telo\",\"potentialAction\":[{\"@type\":\"SearchAction\",\"target\":{\"@type\":\"EntryPoint\",\"urlTemplate\":\"https:\\\/\\\/kt.gov.rs\\\/?s={search_term_string}\"},\"query-input\":{\"@type\":\"PropertyValueSpecification\",\"valueRequired\":true,\"valueName\":\"search_term_string\"}}],\"inLanguage\":\"sq-AL\"},{\"@type\":\"Organization\",\"@id\":\"https:\\\/\\\/kt.gov.rs\\\/#organization\",\"name\":\"Koordinaciono telo Vlade Republike Srbije za op\u0161tine Pre\u0161evo, Bujanovac i Medve\u0111a\",\"alternateName\":\"Koordinaciono telo\",\"url\":\"https:\\\/\\\/kt.gov.rs\\\/\",\"logo\":{\"@type\":\"ImageObject\",\"inLanguage\":\"sq-AL\",\"@id\":\"https:\\\/\\\/kt.gov.rs\\\/#\\\/schema\\\/logo\\\/image\\\/\",\"url\":\"https:\\\/\\\/kt.gov.rs\\\/wp-content\\\/uploads\\\/2024\\\/12\\\/koord2.jpg\",\"contentUrl\":\"https:\\\/\\\/kt.gov.rs\\\/wp-content\\\/uploads\\\/2024\\\/12\\\/koord2.jpg\",\"width\":640,\"height\":480,\"caption\":\"Koordinaciono telo Vlade Republike Srbije za op\u0161tine Pre\u0161evo, Bujanovac i Medve\u0111a\"},\"image\":{\"@id\":\"https:\\\/\\\/kt.gov.rs\\\/#\\\/schema\\\/logo\\\/image\\\/\"},\"sameAs\":[\"https:\\\/\\\/www.facebook.com\\\/SluzbaKoordinacionogTelaVladeRepublikeSrbije\",\"https:\\\/\\\/x.com\\\/kt_gov\",\"https:\\\/\\\/www.youtube.com\\\/@koordinacionotelo\"]},{\"@type\":\"Person\",\"@id\":\"https:\\\/\\\/kt.gov.rs\\\/#\\\/schema\\\/person\\\/e426459ddb4173309103390602694571\",\"name\":\"ktmin\",\"image\":{\"@type\":\"ImageObject\",\"inLanguage\":\"sq-AL\",\"@id\":\"https:\\\/\\\/secure.gravatar.com\\\/avatar\\\/3985c961109853010c3fbc7ba30365bfba5db3dd6c525831d9c595c7525a615a?s=96&d=mm&r=g\",\"url\":\"https:\\\/\\\/secure.gravatar.com\\\/avatar\\\/3985c961109853010c3fbc7ba30365bfba5db3dd6c525831d9c595c7525a615a?s=96&d=mm&r=g\",\"contentUrl\":\"https:\\\/\\\/secure.gravatar.com\\\/avatar\\\/3985c961109853010c3fbc7ba30365bfba5db3dd6c525831d9c595c7525a615a?s=96&d=mm&r=g\",\"caption\":\"ktmin\"},\"sameAs\":[\"https:\\\/\\\/kt.gov.rs\"],\"url\":\"https:\\\/\\\/kt.gov.rs\\\/sq\\\/author\\\/ktmin\\\/\"}]}<\/script>\n<!-- \/ Yoast SEO plugin. -->","yoast_head_json":{"title":"02.06.2010. - Republika e S\u00ebrbis\u00eb Trupi Koordinues p\u00ebr komunat Bujanoc, Preshev\u00eb dhe Medvegj\u00eb","robots":{"index":"index","follow":"follow","max-snippet":"max-snippet:-1","max-image-preview":"max-image-preview:large","max-video-preview":"max-video-preview:-1"},"canonical":"https:\/\/kt.gov.rs\/sq\/02-06-2010\/","og_locale":"sq_AL","og_type":"article","og_title":"02.06.2010. - Republika e S\u00ebrbis\u00eb Trupi Koordinues p\u00ebr komunat Bujanoc, Preshev\u00eb dhe Medvegj\u00eb","og_description":"Drejtori i deritanish\u00ebm iRTV Bujanocit Xhahit Ramadani magjistroi n\u00eb fakultetin e M\u00ebsuesis\u00eb n\u00eb Vranj\u00eb Vranj\u00eb, Bujanoc \u2013 N\u00eb Serbin\u00eb jugore ndodh\u00eb shum\u00eb rral\u00eb q\u00eb Shqip\u00ebtar\u00ebt n\u00eb shkollat e larta arsimore t\u00eb p\u00ebrfitojn\u00eb diturin\u00eb akademike. Dit\u00ebve t\u00eb fundit k\u00ebt\u00eb e ka demantuar Xhahit Ramadani, drejtori i deritanish\u00ebm i radiotelevizionit lokal t\u00eb Bujanocit, i cili n\u00eb fakultetin e M\u00ebsuesis\u00eb magjistroi n\u00eb tem\u00ebn ,,Mediat n\u00eb arsim\u2019\u2019 dhe u b\u00eb nj\u00ebri nd\u00ebr Shqip\u00ebtar\u00ebt e rrall\u00eb nga Serbia jugore q\u00eb mori titullin e magjistrit n\u00eb nj\u00ebrin nga fakultetet e Univerzitetit t\u00eb Nishit.","og_url":"https:\/\/kt.gov.rs\/sq\/02-06-2010\/","og_site_name":"Republika e S\u00ebrbis\u00eb Trupi Koordinues p\u00ebr komunat Bujanoc, Preshev\u00eb dhe Medvegj\u00eb","article_publisher":"https:\/\/www.facebook.com\/SluzbaKoordinacionogTelaVladeRepublikeSrbije","article_published_time":"2010-06-02T00:00:00+00:00","author":"ktmin","twitter_card":"summary_large_image","twitter_creator":"@kt_gov","twitter_site":"@kt_gov","twitter_misc":{"Written by":"ktmin","Est. reading time":"2 minutes"},"schema":{"@context":"https:\/\/schema.org","@graph":[{"@type":"Article","@id":"https:\/\/kt.gov.rs\/sq\/02-06-2010\/#article","isPartOf":{"@id":"https:\/\/kt.gov.rs\/sq\/02-06-2010\/"},"author":{"name":"ktmin","@id":"https:\/\/kt.gov.rs\/#\/schema\/person\/e426459ddb4173309103390602694571"},"headline":"02.06.2010.","datePublished":"2010-06-02T00:00:00+00:00","mainEntityOfPage":{"@id":"https:\/\/kt.gov.rs\/sq\/02-06-2010\/"},"wordCount":432,"publisher":{"@id":"https:\/\/kt.gov.rs\/#organization"},"articleSection":["Lajme"],"inLanguage":"sq-AL"},{"@type":"WebPage","@id":"https:\/\/kt.gov.rs\/sq\/02-06-2010\/","url":"https:\/\/kt.gov.rs\/sq\/02-06-2010\/","name":"02.06.2010. - Republika e S\u00ebrbis\u00eb Trupi Koordinues p\u00ebr komunat Bujanoc, Preshev\u00eb dhe Medvegj\u00eb","isPartOf":{"@id":"https:\/\/kt.gov.rs\/#website"},"datePublished":"2010-06-02T00:00:00+00:00","breadcrumb":{"@id":"https:\/\/kt.gov.rs\/sq\/02-06-2010\/#breadcrumb"},"inLanguage":"sq-AL","potentialAction":[{"@type":"ReadAction","target":["https:\/\/kt.gov.rs\/sq\/02-06-2010\/"]}]},{"@type":"BreadcrumbList","@id":"https:\/\/kt.gov.rs\/sq\/02-06-2010\/#breadcrumb","itemListElement":[{"@type":"ListItem","position":1,"name":"Po\u010detna","item":"https:\/\/kt.gov.rs\/sq\/"},{"@type":"ListItem","position":2,"name":"02.06.2010."}]},{"@type":"WebSite","@id":"https:\/\/kt.gov.rs\/#website","url":"https:\/\/kt.gov.rs\/","name":"Koordinaciono telo Vlade Republike Srbije za op\u0161tine Pre\u0161evo, Bujanovac i Medve\u0111a","description":"","publisher":{"@id":"https:\/\/kt.gov.rs\/#organization"},"alternateName":"Koordinaciono telo","potentialAction":[{"@type":"SearchAction","target":{"@type":"EntryPoint","urlTemplate":"https:\/\/kt.gov.rs\/?s={search_term_string}"},"query-input":{"@type":"PropertyValueSpecification","valueRequired":true,"valueName":"search_term_string"}}],"inLanguage":"sq-AL"},{"@type":"Organization","@id":"https:\/\/kt.gov.rs\/#organization","name":"Koordinaciono telo Vlade Republike Srbije za op\u0161tine Pre\u0161evo, Bujanovac i Medve\u0111a","alternateName":"Koordinaciono telo","url":"https:\/\/kt.gov.rs\/","logo":{"@type":"ImageObject","inLanguage":"sq-AL","@id":"https:\/\/kt.gov.rs\/#\/schema\/logo\/image\/","url":"https:\/\/kt.gov.rs\/wp-content\/uploads\/2024\/12\/koord2.jpg","contentUrl":"https:\/\/kt.gov.rs\/wp-content\/uploads\/2024\/12\/koord2.jpg","width":640,"height":480,"caption":"Koordinaciono telo Vlade Republike Srbije za op\u0161tine Pre\u0161evo, Bujanovac i Medve\u0111a"},"image":{"@id":"https:\/\/kt.gov.rs\/#\/schema\/logo\/image\/"},"sameAs":["https:\/\/www.facebook.com\/SluzbaKoordinacionogTelaVladeRepublikeSrbije","https:\/\/x.com\/kt_gov","https:\/\/www.youtube.com\/@koordinacionotelo"]},{"@type":"Person","@id":"https:\/\/kt.gov.rs\/#\/schema\/person\/e426459ddb4173309103390602694571","name":"ktmin","image":{"@type":"ImageObject","inLanguage":"sq-AL","@id":"https:\/\/secure.gravatar.com\/avatar\/3985c961109853010c3fbc7ba30365bfba5db3dd6c525831d9c595c7525a615a?s=96&d=mm&r=g","url":"https:\/\/secure.gravatar.com\/avatar\/3985c961109853010c3fbc7ba30365bfba5db3dd6c525831d9c595c7525a615a?s=96&d=mm&r=g","contentUrl":"https:\/\/secure.gravatar.com\/avatar\/3985c961109853010c3fbc7ba30365bfba5db3dd6c525831d9c595c7525a615a?s=96&d=mm&r=g","caption":"ktmin"},"sameAs":["https:\/\/kt.gov.rs"],"url":"https:\/\/kt.gov.rs\/sq\/author\/ktmin\/"}]}},"_links":{"self":[{"href":"https:\/\/kt.gov.rs\/sq\/wp-json\/wp\/v2\/posts\/142824","targetHints":{"allow":["GET"]}}],"collection":[{"href":"https:\/\/kt.gov.rs\/sq\/wp-json\/wp\/v2\/posts"}],"about":[{"href":"https:\/\/kt.gov.rs\/sq\/wp-json\/wp\/v2\/types\/post"}],"author":[{"embeddable":true,"href":"https:\/\/kt.gov.rs\/sq\/wp-json\/wp\/v2\/users\/1"}],"replies":[{"embeddable":true,"href":"https:\/\/kt.gov.rs\/sq\/wp-json\/wp\/v2\/comments?post=142824"}],"version-history":[{"count":0,"href":"https:\/\/kt.gov.rs\/sq\/wp-json\/wp\/v2\/posts\/142824\/revisions"}],"wp:attachment":[{"href":"https:\/\/kt.gov.rs\/sq\/wp-json\/wp\/v2\/media?parent=142824"}],"wp:term":[{"taxonomy":"category","embeddable":true,"href":"https:\/\/kt.gov.rs\/sq\/wp-json\/wp\/v2\/categories?post=142824"},{"taxonomy":"post_tag","embeddable":true,"href":"https:\/\/kt.gov.rs\/sq\/wp-json\/wp\/v2\/tags?post=142824"}],"curies":[{"name":"wp","href":"https:\/\/api.w.org\/{rel}","templated":true}]}}