{"id":142810,"date":"2010-06-08T00:00:00","date_gmt":"2010-06-08T00:00:00","guid":{"rendered":"http:\/\/kt.printandscreen.rs\/08-qershore-2010\/"},"modified":"2010-06-08T00:00:00","modified_gmt":"2010-06-08T00:00:00","slug":"08-qershore-2010","status":"publish","type":"post","link":"https:\/\/kt.gov.rs\/sq\/08-qershore-2010\/","title":{"rendered":"08. qershor\u00eb 2010."},"content":{"rendered":"<p><strong>Riza Halimi: <\/strong><strong>Jemi t\u00eb k\u00ebnaqur me rezultatet e zgjedhjeve p\u00ebr K\u00ebshillin nacional t\u00eb Shqip\u00ebtar\u00ebve<\/strong><\/p>\n<p>\u00a0<\/p>\n<p>N\u00eb zghedhet e para p\u00ebr K\u00ebshillin Nacional t\u00eb Shqip\u00ebtar\u00ebve n\u00eb Preshev\u00eb, Bujanoc dhe Medvegj\u00eb, bindsh\u00ebm num\u00ebr m\u00eb t\u00eb madh t\u00eb votave (81%) ka fituar partija m\u00eb e vjet\u00ebr e shqip\u00ebtarve, Partija p\u00ebr Veprim Demokratik (PVD) e Riza Halimit. Pjesa tjet\u00ebr i ka takuar list\u00ebs e cila \u00ebsht\u00eb propozuar nga Unioni Demokratik i Shqip\u00ebtar\u00ebve (UDSH) e Rahmi Zulfiut. Partia Demokratike Shqip\u00ebtare (PDSH) e kryetarit aktual t\u00eb komun\u00ebs s\u00eb Preshev\u00ebs, Ragmi Mustaf\u00ebs si dhe Unioni Demokratik i Lugin\u00ebs (UDL) e dr Sk\u00ebnder Destanit kan\u00eb bojkotuar zgjedhjet si dhe njoftuan se nuk do t\u2019i pranojn\u00eb rezultatet e k\u00ebtyre zgjedhjeve.<\/p>\n<p>,,K\u00ebso rezultate jan\u00eb pritur. PVD n\u00eb zgjedhjet paraprake lokale ka arritur k\u00ebso rezultate duke treguar k\u00ebshtu faktorin e tyre integriv n\u00eb nivel regjional. M\u00eb e r\u00ebnd\u00ebsishme \u00ebsht\u00eb se Shqip\u00ebtar\u00ebt e kan\u00eb parapar\u00eb r\u00ebnd\u00ebsin\u00eb e formimit t\u00eb K\u00ebshillit Nacional, e p\u00ebr k\u00ebt\u00eb tregojn\u00eb faktet e daljes n\u00eb k\u00ebto zgjedhje, sidomos n\u00eb Medvegj\u00eb ku p\u00ebrqindja \u00ebsht\u00eb 75 %, n\u00eb Preshev\u00eb\u00a059 % nd\u00ebrsa n\u00eb Bujanoc 51 %\u2019\u2019, deklaroi lideri i PVD deklaroi deputeti popullor\u00eb Riza Halimi.<\/p>\n<p><strong>Si kaloi fushata, duke marr\u00eb parasysh\u00eb se dy parti q\u00eb nga fillimi i kan\u00eb bojkotuar k\u00ebto zgjedhje? <\/strong><\/p>\n<p>Pavar\u00ebsisht q\u00eb UDSH-ja dhe PDK-ja kan\u00eb zhvilluar antikampanj\u00eb dhe duke marr\u00eb parasysh\u00eb q\u00eb ne kemi pasur nj\u00eb koh\u00eb shum\u00eb t\u00eb shkurt\u00ebr p\u00ebr mobilizimin e votuesve, prap kemi arritur t\u2019i tejkalojm\u00eb t\u00eb gjitha problemet. Probleme ka pasur edhe rreth p\u00ebrpilimit t\u00eb list\u00ebs s\u00eb votuesve, mir\u00ebpo me agazhimin ton\u00eb kemi arritur q\u00eb i gjith\u00eb procesi t\u00eb kaloj\u00eb n\u00eb m\u00ebnyr\u00eb transparente dhe pa probleme t\u00eb m\u00ebdha. Shqip\u00ebtar\u00ebt e lugin\u00ebs kan\u00eb treguar nj\u00eb shkall\u00eb t\u00eb lart\u00eb t\u00eb vet\u00ebdijes q\u00eb m\u00eb n\u00eb fund t\u00eb fitojn\u00eb nj\u00eb organ p\u00ebrfaq\u00ebsues.<\/p>\n<p><strong>Cili do t\u00eb jet\u00eb prioriteti i angazhimit n\u00eb pun\u00ebn e K\u00ebshillit Nacional t\u00eb Shqip\u00ebtar\u00ebve? <\/strong><\/p>\n<p>\u201eN\u00eb radh\u00eb t\u00eb par\u00eb do t\u00eb jet\u00eb problemi n\u00eb arsim. Fjala \u00ebsht\u00eb p\u00ebr programet m\u00ebsimore, tekstet, mospranimi i diplomave t\u00eb fakultetit t\u00eb Prishtin\u00ebs. Probleme ka edhe n\u00eb p\u00ebrdorimin zyrtar t\u00eb gjuh\u00ebs shqipe. K\u00ebto nuk jan\u00eb probleme t\u00eb dit\u00ebs s\u00eb djeshme, mir\u00ebpo tash duhet t\u2019i zgjedhim me nj\u00eb tempo sa m\u00eb t\u00eb shpejt\u00eb. Ekzistojn\u00eb probleme edhe n\u00eb kultur\u00eb dhe bashk\u00ebpunim n\u00eb at\u00eb drejtim me institucionet shtet\u00ebrore t\u00eb Serbis\u00eb. Na pret nj\u00eb pun\u00eb e madhe dhe p\u00ebr ate \u00ebsht\u00eb shum\u00eb me r\u00ebnd\u00ebsi q\u00eb votuesit e kan\u00eb kuptuar k\u00ebt\u00eb\u2019\u2019.<\/p>\n<p><strong>Qfar q\u00ebndrimi do t\u00eb ket\u00eb KNSH rreth procesit t\u00eb decentralizimit dhe a do t\u00eb ket\u00eb k\u00ebrkesa specifike rreth autonomis\u00eb s\u00eb Shqip\u00ebtar\u00ebve n\u00eb Serbin\u00eb jugore?<\/strong><\/p>\n<p>\u201eP\u00ebr k\u00ebt\u00eb \u00e7\u00ebshtje egziston Ligji p\u00ebr k\u00ebshillat nacionale t\u00eb pakicave i cili parasheh autonomi kulturore. Ne do t\u00eb punojm\u00eb n\u00eb at\u00eb drejtim p\u00ebrmes zgjidhjes s\u00eb problemeve me t\u00eb cilat ballafaqohet populli Shqip\u00ebtar\u00eb n\u00eb Serbin\u00eb jugore. Me nj\u00eb autonomi m\u00eb t\u00eb madhe, sipas mendimit tim, m\u00eb shpejt\u00eb do t\u00eb zgjidhen problemet dhe do t\u00eb zvog\u00eblohen rreziqet p\u00ebr konfliktet e mundshme nd\u00ebretnike t\u00eb cilat i kemi pasur n\u00eb periudh\u00ebn e kaluar n\u00eb k\u00ebt\u00eb regjion i cili mb\u00ebshtetet n\u00eb Kosov\u00ebn dhe Maqedonin\u00eb\u2019\u2019.<\/p>\n<p>\u00a0<\/p>\n","protected":false},"excerpt":{"rendered":"<p>Riza Halimi: Jemi t\u00eb k\u00ebnaqur me rezultatet e zgjedhjeve p\u00ebr  K\u00ebshillin nacional t\u00eb Shqip\u00ebtar\u00ebve<br \/>\nN\u00eb zghedhet e para p\u00ebr K\u00ebshillin Nacional t\u00eb Shqip\u00ebtar\u00ebve n\u00eb  Preshev\u00eb, Bujanoc dhe Medvegj\u00eb, bindsh\u00ebm num\u00ebr m\u00eb t\u00eb madh t\u00eb votave  (81%) ka fituar partija m\u00eb e vjet\u00ebr e shqip\u00ebtarve, Partija p\u00ebr Veprim  Demokratik (PVD) e Riza Halimit. Pjesa tjet\u00ebr i ka takuar list\u00ebs e cila  \u00ebsht\u00eb propozuar nga Unioni Demokratik i Shqip\u00ebtar\u00ebve (UDSH) e Rahmi  Zulfiut. Partia Demokratike Shqip\u00ebtare (PDSH) e kryetarit aktual t\u00eb  komun\u00ebs s\u00eb Preshev\u00ebs, Ragmi Mustaf\u00ebs si dhe Unioni Demokratik i Lugin\u00ebs  (UDL) e dr Sk\u00ebnder Destanit kan\u00eb bojkotuar zgjedhjet si dhe njoftuan se  nuk do t\u2019i pranojn\u00eb rezultatet e k\u00ebtyre zgjedhjeve.<\/p>\n","protected":false},"author":1,"featured_media":0,"comment_status":"closed","ping_status":"closed","sticky":false,"template":"","format":"standard","meta":{"footnotes":""},"categories":[55],"tags":[],"class_list":["post-142810","post","type-post","status-publish","format-standard","hentry","category-lajme"],"yoast_head":"<!-- This site is optimized with the Yoast SEO plugin v27.5 - https:\/\/yoast.com\/product\/yoast-seo-wordpress\/ -->\n<title>08. qershor\u00eb 2010. - Republika e S\u00ebrbis\u00eb Trupi Koordinues p\u00ebr komunat Bujanoc, Preshev\u00eb dhe Medvegj\u00eb<\/title>\n<meta name=\"robots\" content=\"index, follow, max-snippet:-1, max-image-preview:large, max-video-preview:-1\" \/>\n<link rel=\"canonical\" href=\"https:\/\/kt.gov.rs\/sq\/08-qershore-2010\/\" \/>\n<meta property=\"og:locale\" content=\"sq_AL\" \/>\n<meta property=\"og:type\" content=\"article\" \/>\n<meta property=\"og:title\" content=\"08. qershor\u00eb 2010. - Republika e S\u00ebrbis\u00eb Trupi Koordinues p\u00ebr komunat Bujanoc, Preshev\u00eb dhe Medvegj\u00eb\" \/>\n<meta property=\"og:description\" content=\"Riza Halimi: Jemi t\u00eb k\u00ebnaqur me rezultatet e zgjedhjeve p\u00ebr K\u00ebshillin nacional t\u00eb Shqip\u00ebtar\u00ebve N\u00eb zghedhet e para p\u00ebr K\u00ebshillin Nacional t\u00eb Shqip\u00ebtar\u00ebve n\u00eb Preshev\u00eb, Bujanoc dhe Medvegj\u00eb, bindsh\u00ebm num\u00ebr m\u00eb t\u00eb madh t\u00eb votave (81%) ka fituar partija m\u00eb e vjet\u00ebr e shqip\u00ebtarve, Partija p\u00ebr Veprim Demokratik (PVD) e Riza Halimit. Pjesa tjet\u00ebr i ka takuar list\u00ebs e cila \u00ebsht\u00eb propozuar nga Unioni Demokratik i Shqip\u00ebtar\u00ebve (UDSH) e Rahmi Zulfiut. Partia Demokratike Shqip\u00ebtare (PDSH) e kryetarit aktual t\u00eb komun\u00ebs s\u00eb Preshev\u00ebs, Ragmi Mustaf\u00ebs si dhe Unioni Demokratik i Lugin\u00ebs (UDL) e dr Sk\u00ebnder Destanit kan\u00eb bojkotuar zgjedhjet si dhe njoftuan se nuk do t\u2019i pranojn\u00eb rezultatet e k\u00ebtyre zgjedhjeve.\" \/>\n<meta property=\"og:url\" content=\"https:\/\/kt.gov.rs\/sq\/08-qershore-2010\/\" \/>\n<meta property=\"og:site_name\" content=\"Republika e S\u00ebrbis\u00eb Trupi Koordinues p\u00ebr komunat Bujanoc, Preshev\u00eb dhe Medvegj\u00eb\" \/>\n<meta property=\"article:publisher\" content=\"https:\/\/www.facebook.com\/SluzbaKoordinacionogTelaVladeRepublikeSrbije\" \/>\n<meta property=\"article:published_time\" content=\"2010-06-08T00:00:00+00:00\" \/>\n<meta name=\"author\" content=\"ktmin\" \/>\n<meta name=\"twitter:card\" content=\"summary_large_image\" \/>\n<meta name=\"twitter:creator\" content=\"@kt_gov\" \/>\n<meta name=\"twitter:site\" content=\"@kt_gov\" \/>\n<meta name=\"twitter:label1\" content=\"Written by\" \/>\n\t<meta name=\"twitter:data1\" content=\"ktmin\" \/>\n\t<meta name=\"twitter:label2\" content=\"Est. reading time\" \/>\n\t<meta name=\"twitter:data2\" content=\"3 minutes\" \/>\n<script type=\"application\/ld+json\" class=\"yoast-schema-graph\">{\"@context\":\"https:\\\/\\\/schema.org\",\"@graph\":[{\"@type\":\"Article\",\"@id\":\"https:\\\/\\\/kt.gov.rs\\\/sq\\\/08-qershore-2010\\\/#article\",\"isPartOf\":{\"@id\":\"https:\\\/\\\/kt.gov.rs\\\/sq\\\/08-qershore-2010\\\/\"},\"author\":{\"name\":\"ktmin\",\"@id\":\"https:\\\/\\\/kt.gov.rs\\\/#\\\/schema\\\/person\\\/e426459ddb4173309103390602694571\"},\"headline\":\"08. qershor\u00eb 2010.\",\"datePublished\":\"2010-06-08T00:00:00+00:00\",\"mainEntityOfPage\":{\"@id\":\"https:\\\/\\\/kt.gov.rs\\\/sq\\\/08-qershore-2010\\\/\"},\"wordCount\":588,\"publisher\":{\"@id\":\"https:\\\/\\\/kt.gov.rs\\\/#organization\"},\"articleSection\":[\"Lajme\"],\"inLanguage\":\"sq-AL\"},{\"@type\":\"WebPage\",\"@id\":\"https:\\\/\\\/kt.gov.rs\\\/sq\\\/08-qershore-2010\\\/\",\"url\":\"https:\\\/\\\/kt.gov.rs\\\/sq\\\/08-qershore-2010\\\/\",\"name\":\"08. qershor\u00eb 2010. - Republika e S\u00ebrbis\u00eb Trupi Koordinues p\u00ebr komunat Bujanoc, Preshev\u00eb dhe Medvegj\u00eb\",\"isPartOf\":{\"@id\":\"https:\\\/\\\/kt.gov.rs\\\/#website\"},\"datePublished\":\"2010-06-08T00:00:00+00:00\",\"breadcrumb\":{\"@id\":\"https:\\\/\\\/kt.gov.rs\\\/sq\\\/08-qershore-2010\\\/#breadcrumb\"},\"inLanguage\":\"sq-AL\",\"potentialAction\":[{\"@type\":\"ReadAction\",\"target\":[\"https:\\\/\\\/kt.gov.rs\\\/sq\\\/08-qershore-2010\\\/\"]}]},{\"@type\":\"BreadcrumbList\",\"@id\":\"https:\\\/\\\/kt.gov.rs\\\/sq\\\/08-qershore-2010\\\/#breadcrumb\",\"itemListElement\":[{\"@type\":\"ListItem\",\"position\":1,\"name\":\"\u041f\u043e\u0447\u0435\u0442\u043d\u0430\",\"item\":\"https:\\\/\\\/kt.gov.rs\\\/sq\\\/\"},{\"@type\":\"ListItem\",\"position\":2,\"name\":\"08. qershor\u00eb 2010.\"}]},{\"@type\":\"WebSite\",\"@id\":\"https:\\\/\\\/kt.gov.rs\\\/#website\",\"url\":\"https:\\\/\\\/kt.gov.rs\\\/\",\"name\":\"\u041a\u043e\u043e\u0440\u0434\u0438\u043d\u0430\u0446\u0438\u043e\u043d\u043e \u0442\u0435\u043b\u043e \u0412\u043b\u0430\u0434\u0435 \u0420\u0435\u043f\u0443\u0431\u043b\u0438\u043a\u0435 \u0421\u0440\u0431\u0438\u0458\u0435 \u0437\u0430 \u043e\u043f\u0448\u0442\u0438\u043d\u0435 \u041f\u0440\u0435\u0448\u0435\u0432\u043e, \u0411\u0443\u0458\u0430\u043d\u043e\u0432\u0430\u0446 \u0438 \u041c\u0435\u0434\u0432\u0435\u0452a\",\"description\":\"\",\"publisher\":{\"@id\":\"https:\\\/\\\/kt.gov.rs\\\/#organization\"},\"alternateName\":\"\u041a\u043e\u043e\u0440\u0434\u0438\u043d\u0430\u0446\u0438\u043e\u043d\u043e \u0442\u0435\u043b\u043e\",\"potentialAction\":[{\"@type\":\"SearchAction\",\"target\":{\"@type\":\"EntryPoint\",\"urlTemplate\":\"https:\\\/\\\/kt.gov.rs\\\/?s={search_term_string}\"},\"query-input\":{\"@type\":\"PropertyValueSpecification\",\"valueRequired\":true,\"valueName\":\"search_term_string\"}}],\"inLanguage\":\"sq-AL\"},{\"@type\":\"Organization\",\"@id\":\"https:\\\/\\\/kt.gov.rs\\\/#organization\",\"name\":\"\u041a\u043e\u043e\u0440\u0434\u0438\u043d\u0430\u0446\u0438\u043e\u043d\u043e \u0442\u0435\u043b\u043e \u0412\u043b\u0430\u0434\u0435 \u0420\u0435\u043f\u0443\u0431\u043b\u0438\u043a\u0435 \u0421\u0440\u0431\u0438\u0458\u0435 \u0437\u0430 \u043e\u043f\u0448\u0442\u0438\u043d\u0435 \u041f\u0440\u0435\u0448\u0435\u0432\u043e, \u0411\u0443\u0458\u0430\u043d\u043e\u0432\u0430\u0446 \u0438 \u041c\u0435\u0434\u0432\u0435\u0452a\",\"alternateName\":\"\u041a\u043e\u043e\u0440\u0434\u0438\u043d\u0430\u0446\u0438\u043e\u043d\u043e \u0442\u0435\u043b\u043e\",\"url\":\"https:\\\/\\\/kt.gov.rs\\\/\",\"logo\":{\"@type\":\"ImageObject\",\"inLanguage\":\"sq-AL\",\"@id\":\"https:\\\/\\\/kt.gov.rs\\\/#\\\/schema\\\/logo\\\/image\\\/\",\"url\":\"https:\\\/\\\/kt.gov.rs\\\/wp-content\\\/uploads\\\/2024\\\/12\\\/koord2.jpg\",\"contentUrl\":\"https:\\\/\\\/kt.gov.rs\\\/wp-content\\\/uploads\\\/2024\\\/12\\\/koord2.jpg\",\"width\":640,\"height\":480,\"caption\":\"\u041a\u043e\u043e\u0440\u0434\u0438\u043d\u0430\u0446\u0438\u043e\u043d\u043e \u0442\u0435\u043b\u043e \u0412\u043b\u0430\u0434\u0435 \u0420\u0435\u043f\u0443\u0431\u043b\u0438\u043a\u0435 \u0421\u0440\u0431\u0438\u0458\u0435 \u0437\u0430 \u043e\u043f\u0448\u0442\u0438\u043d\u0435 \u041f\u0440\u0435\u0448\u0435\u0432\u043e, \u0411\u0443\u0458\u0430\u043d\u043e\u0432\u0430\u0446 \u0438 \u041c\u0435\u0434\u0432\u0435\u0452a\"},\"image\":{\"@id\":\"https:\\\/\\\/kt.gov.rs\\\/#\\\/schema\\\/logo\\\/image\\\/\"},\"sameAs\":[\"https:\\\/\\\/www.facebook.com\\\/SluzbaKoordinacionogTelaVladeRepublikeSrbije\",\"https:\\\/\\\/x.com\\\/kt_gov\",\"https:\\\/\\\/www.youtube.com\\\/@koordinacionotelo\"]},{\"@type\":\"Person\",\"@id\":\"https:\\\/\\\/kt.gov.rs\\\/#\\\/schema\\\/person\\\/e426459ddb4173309103390602694571\",\"name\":\"ktmin\",\"image\":{\"@type\":\"ImageObject\",\"inLanguage\":\"sq-AL\",\"@id\":\"https:\\\/\\\/secure.gravatar.com\\\/avatar\\\/3985c961109853010c3fbc7ba30365bfba5db3dd6c525831d9c595c7525a615a?s=96&d=mm&r=g\",\"url\":\"https:\\\/\\\/secure.gravatar.com\\\/avatar\\\/3985c961109853010c3fbc7ba30365bfba5db3dd6c525831d9c595c7525a615a?s=96&d=mm&r=g\",\"contentUrl\":\"https:\\\/\\\/secure.gravatar.com\\\/avatar\\\/3985c961109853010c3fbc7ba30365bfba5db3dd6c525831d9c595c7525a615a?s=96&d=mm&r=g\",\"caption\":\"ktmin\"},\"sameAs\":[\"https:\\\/\\\/kt.gov.rs\"],\"url\":\"https:\\\/\\\/kt.gov.rs\\\/sq\\\/author\\\/ktmin\\\/\"}]}<\/script>\n<!-- \/ Yoast SEO plugin. -->","yoast_head_json":{"title":"08. qershor\u00eb 2010. - Republika e S\u00ebrbis\u00eb Trupi Koordinues p\u00ebr komunat Bujanoc, Preshev\u00eb dhe Medvegj\u00eb","robots":{"index":"index","follow":"follow","max-snippet":"max-snippet:-1","max-image-preview":"max-image-preview:large","max-video-preview":"max-video-preview:-1"},"canonical":"https:\/\/kt.gov.rs\/sq\/08-qershore-2010\/","og_locale":"sq_AL","og_type":"article","og_title":"08. qershor\u00eb 2010. - Republika e S\u00ebrbis\u00eb Trupi Koordinues p\u00ebr komunat Bujanoc, Preshev\u00eb dhe Medvegj\u00eb","og_description":"Riza Halimi: Jemi t\u00eb k\u00ebnaqur me rezultatet e zgjedhjeve p\u00ebr K\u00ebshillin nacional t\u00eb Shqip\u00ebtar\u00ebve N\u00eb zghedhet e para p\u00ebr K\u00ebshillin Nacional t\u00eb Shqip\u00ebtar\u00ebve n\u00eb Preshev\u00eb, Bujanoc dhe Medvegj\u00eb, bindsh\u00ebm num\u00ebr m\u00eb t\u00eb madh t\u00eb votave (81%) ka fituar partija m\u00eb e vjet\u00ebr e shqip\u00ebtarve, Partija p\u00ebr Veprim Demokratik (PVD) e Riza Halimit. Pjesa tjet\u00ebr i ka takuar list\u00ebs e cila \u00ebsht\u00eb propozuar nga Unioni Demokratik i Shqip\u00ebtar\u00ebve (UDSH) e Rahmi Zulfiut. Partia Demokratike Shqip\u00ebtare (PDSH) e kryetarit aktual t\u00eb komun\u00ebs s\u00eb Preshev\u00ebs, Ragmi Mustaf\u00ebs si dhe Unioni Demokratik i Lugin\u00ebs (UDL) e dr Sk\u00ebnder Destanit kan\u00eb bojkotuar zgjedhjet si dhe njoftuan se nuk do t\u2019i pranojn\u00eb rezultatet e k\u00ebtyre zgjedhjeve.","og_url":"https:\/\/kt.gov.rs\/sq\/08-qershore-2010\/","og_site_name":"Republika e S\u00ebrbis\u00eb Trupi Koordinues p\u00ebr komunat Bujanoc, Preshev\u00eb dhe Medvegj\u00eb","article_publisher":"https:\/\/www.facebook.com\/SluzbaKoordinacionogTelaVladeRepublikeSrbije","article_published_time":"2010-06-08T00:00:00+00:00","author":"ktmin","twitter_card":"summary_large_image","twitter_creator":"@kt_gov","twitter_site":"@kt_gov","twitter_misc":{"Written by":"ktmin","Est. reading time":"3 minutes"},"schema":{"@context":"https:\/\/schema.org","@graph":[{"@type":"Article","@id":"https:\/\/kt.gov.rs\/sq\/08-qershore-2010\/#article","isPartOf":{"@id":"https:\/\/kt.gov.rs\/sq\/08-qershore-2010\/"},"author":{"name":"ktmin","@id":"https:\/\/kt.gov.rs\/#\/schema\/person\/e426459ddb4173309103390602694571"},"headline":"08. qershor\u00eb 2010.","datePublished":"2010-06-08T00:00:00+00:00","mainEntityOfPage":{"@id":"https:\/\/kt.gov.rs\/sq\/08-qershore-2010\/"},"wordCount":588,"publisher":{"@id":"https:\/\/kt.gov.rs\/#organization"},"articleSection":["Lajme"],"inLanguage":"sq-AL"},{"@type":"WebPage","@id":"https:\/\/kt.gov.rs\/sq\/08-qershore-2010\/","url":"https:\/\/kt.gov.rs\/sq\/08-qershore-2010\/","name":"08. qershor\u00eb 2010. - Republika e S\u00ebrbis\u00eb Trupi Koordinues p\u00ebr komunat Bujanoc, Preshev\u00eb dhe Medvegj\u00eb","isPartOf":{"@id":"https:\/\/kt.gov.rs\/#website"},"datePublished":"2010-06-08T00:00:00+00:00","breadcrumb":{"@id":"https:\/\/kt.gov.rs\/sq\/08-qershore-2010\/#breadcrumb"},"inLanguage":"sq-AL","potentialAction":[{"@type":"ReadAction","target":["https:\/\/kt.gov.rs\/sq\/08-qershore-2010\/"]}]},{"@type":"BreadcrumbList","@id":"https:\/\/kt.gov.rs\/sq\/08-qershore-2010\/#breadcrumb","itemListElement":[{"@type":"ListItem","position":1,"name":"\u041f\u043e\u0447\u0435\u0442\u043d\u0430","item":"https:\/\/kt.gov.rs\/sq\/"},{"@type":"ListItem","position":2,"name":"08. qershor\u00eb 2010."}]},{"@type":"WebSite","@id":"https:\/\/kt.gov.rs\/#website","url":"https:\/\/kt.gov.rs\/","name":"\u041a\u043e\u043e\u0440\u0434\u0438\u043d\u0430\u0446\u0438\u043e\u043d\u043e \u0442\u0435\u043b\u043e \u0412\u043b\u0430\u0434\u0435 \u0420\u0435\u043f\u0443\u0431\u043b\u0438\u043a\u0435 \u0421\u0440\u0431\u0438\u0458\u0435 \u0437\u0430 \u043e\u043f\u0448\u0442\u0438\u043d\u0435 \u041f\u0440\u0435\u0448\u0435\u0432\u043e, \u0411\u0443\u0458\u0430\u043d\u043e\u0432\u0430\u0446 \u0438 \u041c\u0435\u0434\u0432\u0435\u0452a","description":"","publisher":{"@id":"https:\/\/kt.gov.rs\/#organization"},"alternateName":"\u041a\u043e\u043e\u0440\u0434\u0438\u043d\u0430\u0446\u0438\u043e\u043d\u043e \u0442\u0435\u043b\u043e","potentialAction":[{"@type":"SearchAction","target":{"@type":"EntryPoint","urlTemplate":"https:\/\/kt.gov.rs\/?s={search_term_string}"},"query-input":{"@type":"PropertyValueSpecification","valueRequired":true,"valueName":"search_term_string"}}],"inLanguage":"sq-AL"},{"@type":"Organization","@id":"https:\/\/kt.gov.rs\/#organization","name":"\u041a\u043e\u043e\u0440\u0434\u0438\u043d\u0430\u0446\u0438\u043e\u043d\u043e \u0442\u0435\u043b\u043e \u0412\u043b\u0430\u0434\u0435 \u0420\u0435\u043f\u0443\u0431\u043b\u0438\u043a\u0435 \u0421\u0440\u0431\u0438\u0458\u0435 \u0437\u0430 \u043e\u043f\u0448\u0442\u0438\u043d\u0435 \u041f\u0440\u0435\u0448\u0435\u0432\u043e, \u0411\u0443\u0458\u0430\u043d\u043e\u0432\u0430\u0446 \u0438 \u041c\u0435\u0434\u0432\u0435\u0452a","alternateName":"\u041a\u043e\u043e\u0440\u0434\u0438\u043d\u0430\u0446\u0438\u043e\u043d\u043e \u0442\u0435\u043b\u043e","url":"https:\/\/kt.gov.rs\/","logo":{"@type":"ImageObject","inLanguage":"sq-AL","@id":"https:\/\/kt.gov.rs\/#\/schema\/logo\/image\/","url":"https:\/\/kt.gov.rs\/wp-content\/uploads\/2024\/12\/koord2.jpg","contentUrl":"https:\/\/kt.gov.rs\/wp-content\/uploads\/2024\/12\/koord2.jpg","width":640,"height":480,"caption":"\u041a\u043e\u043e\u0440\u0434\u0438\u043d\u0430\u0446\u0438\u043e\u043d\u043e \u0442\u0435\u043b\u043e \u0412\u043b\u0430\u0434\u0435 \u0420\u0435\u043f\u0443\u0431\u043b\u0438\u043a\u0435 \u0421\u0440\u0431\u0438\u0458\u0435 \u0437\u0430 \u043e\u043f\u0448\u0442\u0438\u043d\u0435 \u041f\u0440\u0435\u0448\u0435\u0432\u043e, \u0411\u0443\u0458\u0430\u043d\u043e\u0432\u0430\u0446 \u0438 \u041c\u0435\u0434\u0432\u0435\u0452a"},"image":{"@id":"https:\/\/kt.gov.rs\/#\/schema\/logo\/image\/"},"sameAs":["https:\/\/www.facebook.com\/SluzbaKoordinacionogTelaVladeRepublikeSrbije","https:\/\/x.com\/kt_gov","https:\/\/www.youtube.com\/@koordinacionotelo"]},{"@type":"Person","@id":"https:\/\/kt.gov.rs\/#\/schema\/person\/e426459ddb4173309103390602694571","name":"ktmin","image":{"@type":"ImageObject","inLanguage":"sq-AL","@id":"https:\/\/secure.gravatar.com\/avatar\/3985c961109853010c3fbc7ba30365bfba5db3dd6c525831d9c595c7525a615a?s=96&d=mm&r=g","url":"https:\/\/secure.gravatar.com\/avatar\/3985c961109853010c3fbc7ba30365bfba5db3dd6c525831d9c595c7525a615a?s=96&d=mm&r=g","contentUrl":"https:\/\/secure.gravatar.com\/avatar\/3985c961109853010c3fbc7ba30365bfba5db3dd6c525831d9c595c7525a615a?s=96&d=mm&r=g","caption":"ktmin"},"sameAs":["https:\/\/kt.gov.rs"],"url":"https:\/\/kt.gov.rs\/sq\/author\/ktmin\/"}]}},"_links":{"self":[{"href":"https:\/\/kt.gov.rs\/sq\/wp-json\/wp\/v2\/posts\/142810","targetHints":{"allow":["GET"]}}],"collection":[{"href":"https:\/\/kt.gov.rs\/sq\/wp-json\/wp\/v2\/posts"}],"about":[{"href":"https:\/\/kt.gov.rs\/sq\/wp-json\/wp\/v2\/types\/post"}],"author":[{"embeddable":true,"href":"https:\/\/kt.gov.rs\/sq\/wp-json\/wp\/v2\/users\/1"}],"replies":[{"embeddable":true,"href":"https:\/\/kt.gov.rs\/sq\/wp-json\/wp\/v2\/comments?post=142810"}],"version-history":[{"count":0,"href":"https:\/\/kt.gov.rs\/sq\/wp-json\/wp\/v2\/posts\/142810\/revisions"}],"wp:attachment":[{"href":"https:\/\/kt.gov.rs\/sq\/wp-json\/wp\/v2\/media?parent=142810"}],"wp:term":[{"taxonomy":"category","embeddable":true,"href":"https:\/\/kt.gov.rs\/sq\/wp-json\/wp\/v2\/categories?post=142810"},{"taxonomy":"post_tag","embeddable":true,"href":"https:\/\/kt.gov.rs\/sq\/wp-json\/wp\/v2\/tags?post=142810"}],"curies":[{"name":"wp","href":"https:\/\/api.w.org\/{rel}","templated":true}]}}