{"id":142792,"date":"2010-06-10T00:00:00","date_gmt":"2010-06-10T00:00:00","guid":{"rendered":"http:\/\/kt.printandscreen.rs\/10-06-2010\/"},"modified":"2010-06-10T00:00:00","modified_gmt":"2010-06-10T00:00:00","slug":"10-06-2010","status":"publish","type":"post","link":"https:\/\/kt.gov.rs\/sq\/10-06-2010\/","title":{"rendered":"10.06.2010."},"content":{"rendered":"<p>ZGJEDHJET P\u00cbR K\u00cbSHILLA NACIONALE KALUAN N\u00cb M\u00cbNYR\u00cb T\u00cb RREGULLT<\/p>\n<p>Zjedhjet e para p\u00ebr K\u00ebshillat Nacionale t\u00eb pakicave komb\u00ebtare t\u00eb cilat jan\u00eb mbajtur t\u00eb diel\u00ebn m\u00eb 6 qershor\u00eb kan\u00eb kaluar n\u00eb m\u00ebnyr\u00eb t\u00eb rregullt dhe nuk ka nevoj\u00eb n\u00eb p\u00ebrs\u00ebritjen e tyre n\u00eb asnj\u00eb nj\u00ebsi zgjedhore, deklaroi dje kryetarja e komisionit zgjedhor\u00eb Rozalija Torde.<\/p>\n<p>Sipas rezultateve zyrtare, prej 29 an\u00ebtar\u00ebve t\u00eb K\u00ebshillit Nacional t\u00eb Shqip\u00ebtar\u00ebve, Partija p\u00ebr Veprim Demokratik e Riza Halimit do t\u00eb ket\u00eb 24 nd\u00ebrsa Unioni Demokratik i Rahmi Zulfiut do t\u2019i ket\u00eb 5 p\u00ebrfaq\u00ebsues.<\/p>\n<p>K\u00ebshilli Nacional i Boshnjak\u00ebve do t\u2019i ket\u00eb 35 an\u00ebtar\u00eb nga t\u00eb cil\u00ebt 17 p\u00ebrfaq\u00ebsues do t\u00eb jen\u00eb nga Bashk\u00ebsia Kulturore e Boshnjak\u00ebve t\u00eb udh\u00ebhequr nga muftiu Muamer Zukorliq, Lista Boshnjake do t\u2019i ket\u00eb 15 nd\u00ebrsa Rilindja Boshnjake 5 an\u00ebtar\u00eb.<\/p>\n<p>Shumic\u00ebn absolute n\u00eb k\u00ebshillin Nacional t\u00eb Hungarez\u00ebve prej 28 nga 35 an\u00ebtar\u00eb do ta ket\u00eb lista Uniteti Hungarez nd\u00ebrsa kat\u00ebr p\u00ebrfaq\u00ebsues do t\u2019i ket\u00eb lista Hungarez\u00ebt Vojvodinas p\u00ebr Europ\u00eb dr \u00c7engeri Atila, nga nj\u00eb p\u00ebrfaq\u00ebsues tri listat tjera q\u00eb kan\u00eb marr\u00eb pjes\u00eb n\u00eb k\u00ebto zgjedhje \u2013 L\u00ebvizja Shpresa Hungareze Laslo Baing, Lidhja Hungareze \u2013 dr Murenji Tibor dhe Shtrije dor\u00ebn p\u00ebr bashk\u00ebsin\u00eb hungareze \u2013 L\u00ebvizja Qytetare Zolltan Bunjik dh Laslo Rac Sabo.<br \/>\nKur \u00ebsht\u00eb fjala p\u00ebr pakic\u00ebn Rome, 18 nga 35 p\u00ebrfaq\u00ebsues n\u00eb k\u00ebshill do t\u2019i ket\u00eb lista Rom\u00ebt p\u00ebr Serbin\u00eb Europiane, nd\u00ebrsa Lidhja e Shoqatave t\u00eb Rom\u00ebve n\u00eb regjionin e P\u00e7inj\u00ebs dhe t\u00eb Jabllanic\u00ebs dhe L\u00ebvizja e re Rome do t\u2019i ket\u00eb nga 6 p\u00ebrfaq\u00ebsues. P\u00ebrfaq\u00ebsues t\u00eb tyre n\u00eb K\u00ebshillin Nacional t\u00eb Rom\u00ebve do t\u00eb ket\u00eb edhe Lidhja e Rom\u00ebve nga Vojvodina me 5 p\u00ebrfaq\u00ebsues, Grupi i qytetar\u00ebve t\u00eb Rom\u00ebve t\u00eb Serbis\u00eb ,,Dragisha Todoroviq\u2019\u2019 me 3, Parija Rome e Srgjan Shainit do t\u2019i ket\u00eb 2 p\u00ebrfaq\u00ebsues nd\u00ebrsa lista Z\u00ebri i Rom\u00ebve p\u00ebr Europ\u00eb do ta ket\u00eb 1 p\u00ebrfaq\u00ebsues.<br \/>\nMinistri p\u00ebr t\u00eb drejtat e njeriut dhe t\u00eb pakicave komb\u00ebtare, Svetozar \u00c7ipliq deklaroi se K\u00ebshillat Nacionale do ta ken\u00eb nj\u00eb p\u00ebrgjegj\u00ebsi t\u00eb madhe por edhe autoritetin e tyre p\u00ebr arsye se jan\u00eb zgjedhur nga p\u00ebrfaq\u00ebsuesit e tyre n\u00eb m\u00ebnyr\u00eb drejt\u00ebp\u00ebrdrejt\u00eb dhe legjitime.<\/p>\n<p>N\u00eb k\u00ebto zgjedhje kan\u00eb marr\u00eb pjes\u00eb 54,5 % nga gjithsej 436.334 t\u00eb regjistruar n\u00eb listat e posaqme t\u00eb votuesve.<br \/>\nP\u00ebr K\u00ebshillat Nacionale t\u00eb Kroat\u00ebve dhe Slloven\u00ebve jan\u00eb mbajtura samblet\u00eb elektorale nd\u00ebrsa asamblea e K\u00ebshillit Nacional e pakic\u00ebs komb\u00ebtare Maqedonase do t\u00eb mbahet m\u00eb von\u00eb pasiq\u00eb t\u00eb diel\u00ebn nuk ka pasur kuorum p\u00ebr pun\u00eb.<\/p>\n<p>Kryeshefi i OSBE-s\u00eb n\u00eb Serbi Dimitros Kipreos deklaroi se zgjedhjet kan\u00eb kaluar n\u00eb m\u00ebnyr\u00eb t\u00eb rregullt si dhe n\u00eb nj\u00eb atmosfer\u00eb t\u00eb drejt\u00eb dhe pa probleme dhe sipas vler\u00ebsimit t\u00eb tij\u00eb, \u00ebsht\u00eb shum\u00eb e r\u00ebnd\u00ebsishme q\u00eb k\u00ebto zgjedhje jan\u00eb zhvilluar.<\/p>\n","protected":false},"excerpt":{"rendered":"<p>ZGJEDHJET P\u00cbR K\u00cbSHILLA NACIONALE KALUAN N\u00cb M\u00cbNYR\u00cb T\u00cb RREGULLT<\/p>\n<p>Zjedhjet  e para p\u00ebr K\u00ebshillat Nacionale t\u00eb pakicave komb\u00ebtare t\u00eb cilat jan\u00eb  mbajtur t\u00eb diel\u00ebn m\u00eb 6 qershor\u00eb kan\u00eb kaluar n\u00eb m\u00ebnyr\u00eb t\u00eb rregullt dhe  nuk ka nevoj\u00eb n\u00eb p\u00ebrs\u00ebritjen e tyre n\u00eb asnj\u00eb nj\u00ebsi zgjedhore, deklaroi  dje kryetarja e komisionit zgjedhor\u00eb Rozalija Torde.<\/p>\n","protected":false},"author":1,"featured_media":0,"comment_status":"closed","ping_status":"closed","sticky":false,"template":"","format":"standard","meta":{"footnotes":""},"categories":[55],"tags":[],"class_list":["post-142792","post","type-post","status-publish","format-standard","hentry","category-lajme"],"yoast_head":"<!-- This site is optimized with the Yoast SEO plugin v27.4 - https:\/\/yoast.com\/product\/yoast-seo-wordpress\/ -->\n<title>10.06.2010. - Republika e S\u00ebrbis\u00eb Trupi Koordinues p\u00ebr komunat Bujanoc, Preshev\u00eb dhe Medvegj\u00eb<\/title>\n<meta name=\"robots\" content=\"index, follow, max-snippet:-1, max-image-preview:large, max-video-preview:-1\" \/>\n<link rel=\"canonical\" href=\"https:\/\/kt.gov.rs\/sq\/10-06-2010\/\" \/>\n<meta property=\"og:locale\" content=\"sq_AL\" \/>\n<meta property=\"og:type\" content=\"article\" \/>\n<meta property=\"og:title\" content=\"10.06.2010. - Republika e S\u00ebrbis\u00eb Trupi Koordinues p\u00ebr komunat Bujanoc, Preshev\u00eb dhe Medvegj\u00eb\" \/>\n<meta property=\"og:description\" content=\"ZGJEDHJET P\u00cbR K\u00cbSHILLA NACIONALE KALUAN N\u00cb M\u00cbNYR\u00cb T\u00cb RREGULLT Zjedhjet e para p\u00ebr K\u00ebshillat Nacionale t\u00eb pakicave komb\u00ebtare t\u00eb cilat jan\u00eb mbajtur t\u00eb diel\u00ebn m\u00eb 6 qershor\u00eb kan\u00eb kaluar n\u00eb m\u00ebnyr\u00eb t\u00eb rregullt dhe nuk ka nevoj\u00eb n\u00eb p\u00ebrs\u00ebritjen e tyre n\u00eb asnj\u00eb nj\u00ebsi zgjedhore, deklaroi dje kryetarja e komisionit zgjedhor\u00eb Rozalija Torde.\" \/>\n<meta property=\"og:url\" content=\"https:\/\/kt.gov.rs\/sq\/10-06-2010\/\" \/>\n<meta property=\"og:site_name\" content=\"Republika e S\u00ebrbis\u00eb Trupi Koordinues p\u00ebr komunat Bujanoc, Preshev\u00eb dhe Medvegj\u00eb\" \/>\n<meta property=\"article:publisher\" content=\"https:\/\/www.facebook.com\/SluzbaKoordinacionogTelaVladeRepublikeSrbije\" \/>\n<meta property=\"article:published_time\" content=\"2010-06-10T00:00:00+00:00\" \/>\n<meta name=\"author\" content=\"ktmin\" \/>\n<meta name=\"twitter:card\" content=\"summary_large_image\" \/>\n<meta name=\"twitter:creator\" content=\"@kt_gov\" \/>\n<meta name=\"twitter:site\" content=\"@kt_gov\" \/>\n<meta name=\"twitter:label1\" content=\"Written by\" \/>\n\t<meta name=\"twitter:data1\" content=\"ktmin\" \/>\n\t<meta name=\"twitter:label2\" content=\"Est. reading time\" \/>\n\t<meta name=\"twitter:data2\" content=\"3 minutes\" \/>\n<script type=\"application\/ld+json\" class=\"yoast-schema-graph\">{\"@context\":\"https:\\\/\\\/schema.org\",\"@graph\":[{\"@type\":\"Article\",\"@id\":\"https:\\\/\\\/kt.gov.rs\\\/sq\\\/10-06-2010\\\/#article\",\"isPartOf\":{\"@id\":\"https:\\\/\\\/kt.gov.rs\\\/sq\\\/10-06-2010\\\/\"},\"author\":{\"name\":\"ktmin\",\"@id\":\"https:\\\/\\\/kt.gov.rs\\\/#\\\/schema\\\/person\\\/e426459ddb4173309103390602694571\"},\"headline\":\"10.06.2010.\",\"datePublished\":\"2010-06-10T00:00:00+00:00\",\"mainEntityOfPage\":{\"@id\":\"https:\\\/\\\/kt.gov.rs\\\/sq\\\/10-06-2010\\\/\"},\"wordCount\":533,\"publisher\":{\"@id\":\"https:\\\/\\\/kt.gov.rs\\\/#organization\"},\"articleSection\":[\"Lajme\"],\"inLanguage\":\"sq-AL\"},{\"@type\":\"WebPage\",\"@id\":\"https:\\\/\\\/kt.gov.rs\\\/sq\\\/10-06-2010\\\/\",\"url\":\"https:\\\/\\\/kt.gov.rs\\\/sq\\\/10-06-2010\\\/\",\"name\":\"10.06.2010. - Republika e S\u00ebrbis\u00eb Trupi Koordinues p\u00ebr komunat Bujanoc, Preshev\u00eb dhe Medvegj\u00eb\",\"isPartOf\":{\"@id\":\"https:\\\/\\\/kt.gov.rs\\\/#website\"},\"datePublished\":\"2010-06-10T00:00:00+00:00\",\"breadcrumb\":{\"@id\":\"https:\\\/\\\/kt.gov.rs\\\/sq\\\/10-06-2010\\\/#breadcrumb\"},\"inLanguage\":\"sq-AL\",\"potentialAction\":[{\"@type\":\"ReadAction\",\"target\":[\"https:\\\/\\\/kt.gov.rs\\\/sq\\\/10-06-2010\\\/\"]}]},{\"@type\":\"BreadcrumbList\",\"@id\":\"https:\\\/\\\/kt.gov.rs\\\/sq\\\/10-06-2010\\\/#breadcrumb\",\"itemListElement\":[{\"@type\":\"ListItem\",\"position\":1,\"name\":\"\u041f\u043e\u0447\u0435\u0442\u043d\u0430\",\"item\":\"https:\\\/\\\/kt.gov.rs\\\/sq\\\/\"},{\"@type\":\"ListItem\",\"position\":2,\"name\":\"10.06.2010.\"}]},{\"@type\":\"WebSite\",\"@id\":\"https:\\\/\\\/kt.gov.rs\\\/#website\",\"url\":\"https:\\\/\\\/kt.gov.rs\\\/\",\"name\":\"\u041a\u043e\u043e\u0440\u0434\u0438\u043d\u0430\u0446\u0438\u043e\u043d\u043e \u0442\u0435\u043b\u043e \u0412\u043b\u0430\u0434\u0435 \u0420\u0435\u043f\u0443\u0431\u043b\u0438\u043a\u0435 \u0421\u0440\u0431\u0438\u0458\u0435 \u0437\u0430 \u043e\u043f\u0448\u0442\u0438\u043d\u0435 \u041f\u0440\u0435\u0448\u0435\u0432\u043e, \u0411\u0443\u0458\u0430\u043d\u043e\u0432\u0430\u0446 \u0438 \u041c\u0435\u0434\u0432\u0435\u0452a\",\"description\":\"\",\"publisher\":{\"@id\":\"https:\\\/\\\/kt.gov.rs\\\/#organization\"},\"alternateName\":\"\u041a\u043e\u043e\u0440\u0434\u0438\u043d\u0430\u0446\u0438\u043e\u043d\u043e \u0442\u0435\u043b\u043e\",\"potentialAction\":[{\"@type\":\"SearchAction\",\"target\":{\"@type\":\"EntryPoint\",\"urlTemplate\":\"https:\\\/\\\/kt.gov.rs\\\/?s={search_term_string}\"},\"query-input\":{\"@type\":\"PropertyValueSpecification\",\"valueRequired\":true,\"valueName\":\"search_term_string\"}}],\"inLanguage\":\"sq-AL\"},{\"@type\":\"Organization\",\"@id\":\"https:\\\/\\\/kt.gov.rs\\\/#organization\",\"name\":\"\u041a\u043e\u043e\u0440\u0434\u0438\u043d\u0430\u0446\u0438\u043e\u043d\u043e \u0442\u0435\u043b\u043e \u0412\u043b\u0430\u0434\u0435 \u0420\u0435\u043f\u0443\u0431\u043b\u0438\u043a\u0435 \u0421\u0440\u0431\u0438\u0458\u0435 \u0437\u0430 \u043e\u043f\u0448\u0442\u0438\u043d\u0435 \u041f\u0440\u0435\u0448\u0435\u0432\u043e, \u0411\u0443\u0458\u0430\u043d\u043e\u0432\u0430\u0446 \u0438 \u041c\u0435\u0434\u0432\u0435\u0452a\",\"alternateName\":\"\u041a\u043e\u043e\u0440\u0434\u0438\u043d\u0430\u0446\u0438\u043e\u043d\u043e \u0442\u0435\u043b\u043e\",\"url\":\"https:\\\/\\\/kt.gov.rs\\\/\",\"logo\":{\"@type\":\"ImageObject\",\"inLanguage\":\"sq-AL\",\"@id\":\"https:\\\/\\\/kt.gov.rs\\\/#\\\/schema\\\/logo\\\/image\\\/\",\"url\":\"https:\\\/\\\/kt.gov.rs\\\/wp-content\\\/uploads\\\/2024\\\/12\\\/koord2.jpg\",\"contentUrl\":\"https:\\\/\\\/kt.gov.rs\\\/wp-content\\\/uploads\\\/2024\\\/12\\\/koord2.jpg\",\"width\":640,\"height\":480,\"caption\":\"\u041a\u043e\u043e\u0440\u0434\u0438\u043d\u0430\u0446\u0438\u043e\u043d\u043e \u0442\u0435\u043b\u043e \u0412\u043b\u0430\u0434\u0435 \u0420\u0435\u043f\u0443\u0431\u043b\u0438\u043a\u0435 \u0421\u0440\u0431\u0438\u0458\u0435 \u0437\u0430 \u043e\u043f\u0448\u0442\u0438\u043d\u0435 \u041f\u0440\u0435\u0448\u0435\u0432\u043e, \u0411\u0443\u0458\u0430\u043d\u043e\u0432\u0430\u0446 \u0438 \u041c\u0435\u0434\u0432\u0435\u0452a\"},\"image\":{\"@id\":\"https:\\\/\\\/kt.gov.rs\\\/#\\\/schema\\\/logo\\\/image\\\/\"},\"sameAs\":[\"https:\\\/\\\/www.facebook.com\\\/SluzbaKoordinacionogTelaVladeRepublikeSrbije\",\"https:\\\/\\\/x.com\\\/kt_gov\",\"https:\\\/\\\/www.youtube.com\\\/@koordinacionotelo\"]},{\"@type\":\"Person\",\"@id\":\"https:\\\/\\\/kt.gov.rs\\\/#\\\/schema\\\/person\\\/e426459ddb4173309103390602694571\",\"name\":\"ktmin\",\"image\":{\"@type\":\"ImageObject\",\"inLanguage\":\"sq-AL\",\"@id\":\"https:\\\/\\\/secure.gravatar.com\\\/avatar\\\/3985c961109853010c3fbc7ba30365bfba5db3dd6c525831d9c595c7525a615a?s=96&d=mm&r=g\",\"url\":\"https:\\\/\\\/secure.gravatar.com\\\/avatar\\\/3985c961109853010c3fbc7ba30365bfba5db3dd6c525831d9c595c7525a615a?s=96&d=mm&r=g\",\"contentUrl\":\"https:\\\/\\\/secure.gravatar.com\\\/avatar\\\/3985c961109853010c3fbc7ba30365bfba5db3dd6c525831d9c595c7525a615a?s=96&d=mm&r=g\",\"caption\":\"ktmin\"},\"sameAs\":[\"https:\\\/\\\/kt.gov.rs\"],\"url\":\"https:\\\/\\\/kt.gov.rs\\\/sq\\\/author\\\/ktmin\\\/\"}]}<\/script>\n<!-- \/ Yoast SEO plugin. -->","yoast_head_json":{"title":"10.06.2010. - Republika e S\u00ebrbis\u00eb Trupi Koordinues p\u00ebr komunat Bujanoc, Preshev\u00eb dhe Medvegj\u00eb","robots":{"index":"index","follow":"follow","max-snippet":"max-snippet:-1","max-image-preview":"max-image-preview:large","max-video-preview":"max-video-preview:-1"},"canonical":"https:\/\/kt.gov.rs\/sq\/10-06-2010\/","og_locale":"sq_AL","og_type":"article","og_title":"10.06.2010. - Republika e S\u00ebrbis\u00eb Trupi Koordinues p\u00ebr komunat Bujanoc, Preshev\u00eb dhe Medvegj\u00eb","og_description":"ZGJEDHJET P\u00cbR K\u00cbSHILLA NACIONALE KALUAN N\u00cb M\u00cbNYR\u00cb T\u00cb RREGULLT Zjedhjet e para p\u00ebr K\u00ebshillat Nacionale t\u00eb pakicave komb\u00ebtare t\u00eb cilat jan\u00eb mbajtur t\u00eb diel\u00ebn m\u00eb 6 qershor\u00eb kan\u00eb kaluar n\u00eb m\u00ebnyr\u00eb t\u00eb rregullt dhe nuk ka nevoj\u00eb n\u00eb p\u00ebrs\u00ebritjen e tyre n\u00eb asnj\u00eb nj\u00ebsi zgjedhore, deklaroi dje kryetarja e komisionit zgjedhor\u00eb Rozalija Torde.","og_url":"https:\/\/kt.gov.rs\/sq\/10-06-2010\/","og_site_name":"Republika e S\u00ebrbis\u00eb Trupi Koordinues p\u00ebr komunat Bujanoc, Preshev\u00eb dhe Medvegj\u00eb","article_publisher":"https:\/\/www.facebook.com\/SluzbaKoordinacionogTelaVladeRepublikeSrbije","article_published_time":"2010-06-10T00:00:00+00:00","author":"ktmin","twitter_card":"summary_large_image","twitter_creator":"@kt_gov","twitter_site":"@kt_gov","twitter_misc":{"Written by":"ktmin","Est. reading time":"3 minutes"},"schema":{"@context":"https:\/\/schema.org","@graph":[{"@type":"Article","@id":"https:\/\/kt.gov.rs\/sq\/10-06-2010\/#article","isPartOf":{"@id":"https:\/\/kt.gov.rs\/sq\/10-06-2010\/"},"author":{"name":"ktmin","@id":"https:\/\/kt.gov.rs\/#\/schema\/person\/e426459ddb4173309103390602694571"},"headline":"10.06.2010.","datePublished":"2010-06-10T00:00:00+00:00","mainEntityOfPage":{"@id":"https:\/\/kt.gov.rs\/sq\/10-06-2010\/"},"wordCount":533,"publisher":{"@id":"https:\/\/kt.gov.rs\/#organization"},"articleSection":["Lajme"],"inLanguage":"sq-AL"},{"@type":"WebPage","@id":"https:\/\/kt.gov.rs\/sq\/10-06-2010\/","url":"https:\/\/kt.gov.rs\/sq\/10-06-2010\/","name":"10.06.2010. - Republika e S\u00ebrbis\u00eb Trupi Koordinues p\u00ebr komunat Bujanoc, Preshev\u00eb dhe Medvegj\u00eb","isPartOf":{"@id":"https:\/\/kt.gov.rs\/#website"},"datePublished":"2010-06-10T00:00:00+00:00","breadcrumb":{"@id":"https:\/\/kt.gov.rs\/sq\/10-06-2010\/#breadcrumb"},"inLanguage":"sq-AL","potentialAction":[{"@type":"ReadAction","target":["https:\/\/kt.gov.rs\/sq\/10-06-2010\/"]}]},{"@type":"BreadcrumbList","@id":"https:\/\/kt.gov.rs\/sq\/10-06-2010\/#breadcrumb","itemListElement":[{"@type":"ListItem","position":1,"name":"\u041f\u043e\u0447\u0435\u0442\u043d\u0430","item":"https:\/\/kt.gov.rs\/sq\/"},{"@type":"ListItem","position":2,"name":"10.06.2010."}]},{"@type":"WebSite","@id":"https:\/\/kt.gov.rs\/#website","url":"https:\/\/kt.gov.rs\/","name":"\u041a\u043e\u043e\u0440\u0434\u0438\u043d\u0430\u0446\u0438\u043e\u043d\u043e \u0442\u0435\u043b\u043e \u0412\u043b\u0430\u0434\u0435 \u0420\u0435\u043f\u0443\u0431\u043b\u0438\u043a\u0435 \u0421\u0440\u0431\u0438\u0458\u0435 \u0437\u0430 \u043e\u043f\u0448\u0442\u0438\u043d\u0435 \u041f\u0440\u0435\u0448\u0435\u0432\u043e, \u0411\u0443\u0458\u0430\u043d\u043e\u0432\u0430\u0446 \u0438 \u041c\u0435\u0434\u0432\u0435\u0452a","description":"","publisher":{"@id":"https:\/\/kt.gov.rs\/#organization"},"alternateName":"\u041a\u043e\u043e\u0440\u0434\u0438\u043d\u0430\u0446\u0438\u043e\u043d\u043e \u0442\u0435\u043b\u043e","potentialAction":[{"@type":"SearchAction","target":{"@type":"EntryPoint","urlTemplate":"https:\/\/kt.gov.rs\/?s={search_term_string}"},"query-input":{"@type":"PropertyValueSpecification","valueRequired":true,"valueName":"search_term_string"}}],"inLanguage":"sq-AL"},{"@type":"Organization","@id":"https:\/\/kt.gov.rs\/#organization","name":"\u041a\u043e\u043e\u0440\u0434\u0438\u043d\u0430\u0446\u0438\u043e\u043d\u043e \u0442\u0435\u043b\u043e \u0412\u043b\u0430\u0434\u0435 \u0420\u0435\u043f\u0443\u0431\u043b\u0438\u043a\u0435 \u0421\u0440\u0431\u0438\u0458\u0435 \u0437\u0430 \u043e\u043f\u0448\u0442\u0438\u043d\u0435 \u041f\u0440\u0435\u0448\u0435\u0432\u043e, \u0411\u0443\u0458\u0430\u043d\u043e\u0432\u0430\u0446 \u0438 \u041c\u0435\u0434\u0432\u0435\u0452a","alternateName":"\u041a\u043e\u043e\u0440\u0434\u0438\u043d\u0430\u0446\u0438\u043e\u043d\u043e \u0442\u0435\u043b\u043e","url":"https:\/\/kt.gov.rs\/","logo":{"@type":"ImageObject","inLanguage":"sq-AL","@id":"https:\/\/kt.gov.rs\/#\/schema\/logo\/image\/","url":"https:\/\/kt.gov.rs\/wp-content\/uploads\/2024\/12\/koord2.jpg","contentUrl":"https:\/\/kt.gov.rs\/wp-content\/uploads\/2024\/12\/koord2.jpg","width":640,"height":480,"caption":"\u041a\u043e\u043e\u0440\u0434\u0438\u043d\u0430\u0446\u0438\u043e\u043d\u043e \u0442\u0435\u043b\u043e \u0412\u043b\u0430\u0434\u0435 \u0420\u0435\u043f\u0443\u0431\u043b\u0438\u043a\u0435 \u0421\u0440\u0431\u0438\u0458\u0435 \u0437\u0430 \u043e\u043f\u0448\u0442\u0438\u043d\u0435 \u041f\u0440\u0435\u0448\u0435\u0432\u043e, \u0411\u0443\u0458\u0430\u043d\u043e\u0432\u0430\u0446 \u0438 \u041c\u0435\u0434\u0432\u0435\u0452a"},"image":{"@id":"https:\/\/kt.gov.rs\/#\/schema\/logo\/image\/"},"sameAs":["https:\/\/www.facebook.com\/SluzbaKoordinacionogTelaVladeRepublikeSrbije","https:\/\/x.com\/kt_gov","https:\/\/www.youtube.com\/@koordinacionotelo"]},{"@type":"Person","@id":"https:\/\/kt.gov.rs\/#\/schema\/person\/e426459ddb4173309103390602694571","name":"ktmin","image":{"@type":"ImageObject","inLanguage":"sq-AL","@id":"https:\/\/secure.gravatar.com\/avatar\/3985c961109853010c3fbc7ba30365bfba5db3dd6c525831d9c595c7525a615a?s=96&d=mm&r=g","url":"https:\/\/secure.gravatar.com\/avatar\/3985c961109853010c3fbc7ba30365bfba5db3dd6c525831d9c595c7525a615a?s=96&d=mm&r=g","contentUrl":"https:\/\/secure.gravatar.com\/avatar\/3985c961109853010c3fbc7ba30365bfba5db3dd6c525831d9c595c7525a615a?s=96&d=mm&r=g","caption":"ktmin"},"sameAs":["https:\/\/kt.gov.rs"],"url":"https:\/\/kt.gov.rs\/sq\/author\/ktmin\/"}]}},"_links":{"self":[{"href":"https:\/\/kt.gov.rs\/sq\/wp-json\/wp\/v2\/posts\/142792","targetHints":{"allow":["GET"]}}],"collection":[{"href":"https:\/\/kt.gov.rs\/sq\/wp-json\/wp\/v2\/posts"}],"about":[{"href":"https:\/\/kt.gov.rs\/sq\/wp-json\/wp\/v2\/types\/post"}],"author":[{"embeddable":true,"href":"https:\/\/kt.gov.rs\/sq\/wp-json\/wp\/v2\/users\/1"}],"replies":[{"embeddable":true,"href":"https:\/\/kt.gov.rs\/sq\/wp-json\/wp\/v2\/comments?post=142792"}],"version-history":[{"count":0,"href":"https:\/\/kt.gov.rs\/sq\/wp-json\/wp\/v2\/posts\/142792\/revisions"}],"wp:attachment":[{"href":"https:\/\/kt.gov.rs\/sq\/wp-json\/wp\/v2\/media?parent=142792"}],"wp:term":[{"taxonomy":"category","embeddable":true,"href":"https:\/\/kt.gov.rs\/sq\/wp-json\/wp\/v2\/categories?post=142792"},{"taxonomy":"post_tag","embeddable":true,"href":"https:\/\/kt.gov.rs\/sq\/wp-json\/wp\/v2\/tags?post=142792"}],"curies":[{"name":"wp","href":"https:\/\/api.w.org\/{rel}","templated":true}]}}