{"id":142780,"date":"2010-06-16T00:00:00","date_gmt":"2010-06-16T00:00:00","guid":{"rendered":"http:\/\/kt.printandscreen.rs\/takimi-i-perfaqesuesve-te-kooperatives-bujqesore-jug-levosoje-me-zevendesministrin-e-bujqesise-dhe-meperfaqesuesit-e-qumeshtores-se-shabacit\/"},"modified":"2024-07-30T20:22:35","modified_gmt":"2024-07-30T20:22:35","slug":"takimi-i-perfaqesuesve-te-kooperatives-bujqesore-jug-levosoje-me-zevendesministrin-e-bujqesise-dhe-meperfaqesuesit-e-qumeshtores-se-shabacit","status":"publish","type":"post","link":"https:\/\/kt.gov.rs\/sq\/takimi-i-perfaqesuesve-te-kooperatives-bujqesore-jug-levosoje-me-zevendesministrin-e-bujqesise-dhe-meperfaqesuesit-e-qumeshtores-se-shabacit\/","title":{"rendered":"TAKIMI I P\u00cbRFAQ\u00cbSUESVE T\u00cb KOOPERATIV\u00cbS BUJQ\u00cbSORE ,,JUG LEVOSOJE\u2019\u2019 ME Z\u00cbVEND\u00cbSMINISTRIN E BUJQ\u00cbSIS\u00cb DHE MEP\u00cbRFAQ\u00cbSUESIT E QUM\u00cbSHTORES S\u00cb SHABACIT"},"content":{"rendered":"<p>\n<img decoding=\"async\" align=\"left\" src=\"https:\/\/kt.gov.rs\/wp-content\/uploads\/2024\/07\/newspic364-4.jpg\" alt=\"\" \/>Me iniciativ\u00ebn e Trupit Koordinues, dje, p\u00ebr rritjen e kapaciteteve n\u00eb prodhimin e qum\u00ebshtit n\u00eb k\u00ebt\u00eb komun\u00eb, n\u00eb Bujanoc kan\u00eb biseduar p\u00ebrfaqsuesit e kooperativ\u00ebs bujq\u00ebsore ,,Jug Levosoje\u2019\u2019, z\u00ebvend\u00ebsministri i bujq\u00ebsis\u00eb Slobodan Teofanov, p\u00ebrfaq\u00ebsuesit e qum\u00ebshtores s\u00eb Shabacit dhe drejtori i Sh\u00ebrbimit t\u00eb Trupit Koordinues Nenad Gjurgjeviq. Delegacioni vizitoi disa familje n\u00eb fshatrat Levosov\u00eb dhe Osllar\u00eb. Gjat\u00eb bised\u00ebs erdh\u00ebn n\u00eb konkludim se nuk ka kapacitete p\u00ebr nj\u00eb bashk\u00ebpunim m\u00eb serioz p\u00ebr prodhimin e qum\u00ebshtit dhe p\u00ebr blerjen e k\u00ebtij\u00eb prodhimi nga ana e qum\u00ebshtores s\u00eb Shabacit. P\u00ebr rritje t\u00eb prodhimit n\u00eb k\u00ebt\u00eb regjion, \u00ebsht\u00eb parapar\u00eb vizita e kat\u00ebr qum\u00ebshtoreve t\u00eb cilat b\u00ebjn\u00eb grumbullimin e qum\u00ebshtit n\u00eb Bujanoc dhe Preshev\u00eb. Qum\u00ebshtorja e Shabacit \u00ebsht\u00eb e gatshme q\u00eb t\u2019u dal\u00eb n\u00eb ndihm\u00eb prodhuesve lokal t\u00eb qum\u00ebshtit, t\u2019u dhuroj\u00eb laktofrize, sisteme p\u00ebr ruajtjen e qum\u00ebshtit dhe t\u2019u paguj qum\u00ebshtin me nj\u00eb \u00e7mim m\u00eb t\u00eb lart\u00eb se sa \u00e7mimi aktual n\u00eb treg.<\/p>\n<p><img decoding=\"async\" align=\"left\" src=\"https:\/\/kt.gov.rs\/wp-content\/uploads\/2024\/07\/newspic363-2.jpg\" alt=\"\" \/>Ministria e bujq\u00ebsis\u00eb ka p\u00ebrkrahur iniciativ\u00ebn e Trupit Koordinues t\u00eb Qeveris\u00eb s\u00eb Republik\u00ebs s\u00eb Serbis\u00eb p\u00ebr komunat e Preshev\u00ebs, Bujanocit dhe Medvegj\u00ebs si dhe gatishm\u00ebrin\u00eb e qum\u00ebshtores s\u00eb Shabacit t\u00eb investoj\u00eb n\u00eb blektori n\u00eb Serbin\u00eb jugore. Ministria do t\u2019u ndihmoj\u00eb prodhuesve t\u00eb qum\u00ebshtit n\u00eb k\u00ebto fshatra q\u00eb t\u00eb definojn\u00eb \u00e7mimin e blerjes sipas marrveshjes me qum\u00ebshtoren e Shabacit. Z\u00ebvend\u00ebsministri i bujq\u00ebsis\u00eb Slobodan Teofanov bisedoi me kooperativist\u00ebt mbi masat nxit\u00ebse n\u00eb bujq\u00ebsi p\u00ebr k\u00ebt\u00eb vit\u00eb, prezentoi programin e ministris\u00eb s\u00eb bujq\u00ebsis\u00eb si dhe inkurajoi an\u00ebtar\u00ebt e k\u00ebsaj kooperative multietnike q\u00eb t\u00eb paraqiten p\u00ebr programet subvensive n\u00eb t\u00eb cilat programe kan\u00eb t\u00eb drejt\u00eb konkurimi.<\/p>\n","protected":false},"excerpt":{"rendered":"<p>Me iniciativ\u00ebn e Trupit Koordinues, dje, p\u00ebr rritjen e kapaciteteve n\u00eb prodhimin e qum\u00ebshtit n\u00eb k\u00ebt\u00eb komun\u00eb, n\u00eb Bujanoc kan\u00eb biseduar p\u00ebrfaqsuesit e kooperativ\u00ebs bujq\u00ebsore ,,Jug Levosoje\u2019\u2019, z\u00ebvend\u00ebsministri i bujq\u00ebsis\u00eb Slobodan Teofanov, p\u00ebrfaq\u00ebsuesit e qum\u00ebshtores s\u00eb Shabacit dhe drejtori i Sh\u00ebrbimit t\u00eb Trupit Koordinues Nenad Gjurgjeviq. Delegacioni vizitoi disa familje n\u00eb fshatrat Levosov\u00eb dhe Osllar\u00eb. Gjat\u00eb bised\u00ebs erdh\u00ebn n\u00eb konkludim se nuk ka kapacitete p\u00ebr nj\u00eb bashk\u00ebpunim m\u00eb serioz p\u00ebr prodhimin e qum\u00ebshtit dhe p\u00ebr blerjen e k\u00ebtij\u00eb prodhimi nga ana e qum\u00ebshtores s\u00eb Shabacit. P\u00ebr rritje t\u00eb prodhimit n\u00eb k\u00ebt\u00eb regjion, \u00ebsht\u00eb parapar\u00eb vizita e kat\u00ebr qum\u00ebshtoreve t\u00eb cilat b\u00ebjn\u00eb grumbullimin e qum\u00ebshtit n\u00eb Bujanoc dhe Preshev\u00eb. Qum\u00ebshtorja e Shabacit \u00ebsht\u00eb e gatshme q\u00eb t\u2019u dal\u00eb n\u00eb ndihm\u00eb prodhuesve lokal t\u00eb qum\u00ebshtit, t\u2019u dhuroj\u00eb laktofrize, sisteme p\u00ebr ruajtjen e qum\u00ebshtit dhe t\u2019u paguj qum\u00ebshtin me nj\u00eb \u00e7mim m\u00eb t\u00eb lart\u00eb se sa \u00e7mimi aktual n\u00eb treg.<\/p>\n","protected":false},"author":1,"featured_media":142788,"comment_status":"closed","ping_status":"closed","sticky":false,"template":"","format":"standard","meta":{"footnotes":""},"categories":[55],"tags":[],"class_list":["post-142780","post","type-post","status-publish","format-standard","has-post-thumbnail","hentry","category-lajme"],"yoast_head":"<!-- This site is optimized with the Yoast SEO plugin v27.4 - https:\/\/yoast.com\/product\/yoast-seo-wordpress\/ -->\n<title>TAKIMI I P\u00cbRFAQ\u00cbSUESVE T\u00cb KOOPERATIV\u00cbS BUJQ\u00cbSORE ,,JUG LEVOSOJE\u2019\u2019 ME Z\u00cbVEND\u00cbSMINISTRIN E BUJQ\u00cbSIS\u00cb DHE MEP\u00cbRFAQ\u00cbSUESIT E QUM\u00cbSHTORES S\u00cb SHABACIT - Republika e S\u00ebrbis\u00eb Trupi Koordinues p\u00ebr komunat Bujanoc, Preshev\u00eb dhe Medvegj\u00eb<\/title>\n<meta name=\"robots\" content=\"index, follow, max-snippet:-1, max-image-preview:large, max-video-preview:-1\" \/>\n<link rel=\"canonical\" href=\"https:\/\/kt.gov.rs\/sq\/takimi-i-perfaqesuesve-te-kooperatives-bujqesore-jug-levosoje-me-zevendesministrin-e-bujqesise-dhe-meperfaqesuesit-e-qumeshtores-se-shabacit\/\" \/>\n<meta property=\"og:locale\" content=\"sq_AL\" \/>\n<meta property=\"og:type\" content=\"article\" \/>\n<meta property=\"og:title\" content=\"TAKIMI I P\u00cbRFAQ\u00cbSUESVE T\u00cb KOOPERATIV\u00cbS BUJQ\u00cbSORE ,,JUG LEVOSOJE\u2019\u2019 ME Z\u00cbVEND\u00cbSMINISTRIN E BUJQ\u00cbSIS\u00cb DHE MEP\u00cbRFAQ\u00cbSUESIT E QUM\u00cbSHTORES S\u00cb SHABACIT - Republika e S\u00ebrbis\u00eb Trupi Koordinues p\u00ebr komunat Bujanoc, Preshev\u00eb dhe Medvegj\u00eb\" \/>\n<meta property=\"og:description\" content=\"Me iniciativ\u00ebn e Trupit Koordinues, dje, p\u00ebr rritjen e kapaciteteve n\u00eb prodhimin e qum\u00ebshtit n\u00eb k\u00ebt\u00eb komun\u00eb, n\u00eb Bujanoc kan\u00eb biseduar p\u00ebrfaqsuesit e kooperativ\u00ebs bujq\u00ebsore ,,Jug Levosoje\u2019\u2019, z\u00ebvend\u00ebsministri i bujq\u00ebsis\u00eb Slobodan Teofanov, p\u00ebrfaq\u00ebsuesit e qum\u00ebshtores s\u00eb Shabacit dhe drejtori i Sh\u00ebrbimit t\u00eb Trupit Koordinues Nenad Gjurgjeviq. Delegacioni vizitoi disa familje n\u00eb fshatrat Levosov\u00eb dhe Osllar\u00eb. Gjat\u00eb bised\u00ebs erdh\u00ebn n\u00eb konkludim se nuk ka kapacitete p\u00ebr nj\u00eb bashk\u00ebpunim m\u00eb serioz p\u00ebr prodhimin e qum\u00ebshtit dhe p\u00ebr blerjen e k\u00ebtij\u00eb prodhimi nga ana e qum\u00ebshtores s\u00eb Shabacit. P\u00ebr rritje t\u00eb prodhimit n\u00eb k\u00ebt\u00eb regjion, \u00ebsht\u00eb parapar\u00eb vizita e kat\u00ebr qum\u00ebshtoreve t\u00eb cilat b\u00ebjn\u00eb grumbullimin e qum\u00ebshtit n\u00eb Bujanoc dhe Preshev\u00eb. Qum\u00ebshtorja e Shabacit \u00ebsht\u00eb e gatshme q\u00eb t\u2019u dal\u00eb n\u00eb ndihm\u00eb prodhuesve lokal t\u00eb qum\u00ebshtit, t\u2019u dhuroj\u00eb laktofrize, sisteme p\u00ebr ruajtjen e qum\u00ebshtit dhe t\u2019u paguj qum\u00ebshtin me nj\u00eb \u00e7mim m\u00eb t\u00eb lart\u00eb se sa \u00e7mimi aktual n\u00eb treg.\" \/>\n<meta property=\"og:url\" content=\"https:\/\/kt.gov.rs\/sq\/takimi-i-perfaqesuesve-te-kooperatives-bujqesore-jug-levosoje-me-zevendesministrin-e-bujqesise-dhe-meperfaqesuesit-e-qumeshtores-se-shabacit\/\" \/>\n<meta property=\"og:site_name\" content=\"Republika e S\u00ebrbis\u00eb Trupi Koordinues p\u00ebr komunat Bujanoc, Preshev\u00eb dhe Medvegj\u00eb\" \/>\n<meta property=\"article:publisher\" content=\"https:\/\/www.facebook.com\/SluzbaKoordinacionogTelaVladeRepublikeSrbije\" \/>\n<meta property=\"article:published_time\" content=\"2010-06-16T00:00:00+00:00\" \/>\n<meta property=\"article:modified_time\" content=\"2024-07-30T20:22:35+00:00\" \/>\n<meta property=\"og:image\" content=\"https:\/\/kt.gov.rs\/wp-content\/uploads\/2024\/07\/newspic364-5.jpg\" \/>\n\t<meta property=\"og:image:width\" content=\"265\" \/>\n\t<meta property=\"og:image:height\" content=\"176\" \/>\n\t<meta property=\"og:image:type\" content=\"image\/jpeg\" \/>\n<meta name=\"author\" content=\"ktmin\" \/>\n<meta name=\"twitter:card\" content=\"summary_large_image\" \/>\n<meta name=\"twitter:creator\" content=\"@kt_gov\" \/>\n<meta name=\"twitter:site\" content=\"@kt_gov\" \/>\n<meta name=\"twitter:label1\" content=\"Written by\" \/>\n\t<meta name=\"twitter:data1\" content=\"ktmin\" \/>\n\t<meta name=\"twitter:label2\" content=\"Est. reading time\" \/>\n\t<meta name=\"twitter:data2\" content=\"2 minutes\" \/>\n<script type=\"application\/ld+json\" class=\"yoast-schema-graph\">{\"@context\":\"https:\\\/\\\/schema.org\",\"@graph\":[{\"@type\":\"Article\",\"@id\":\"https:\\\/\\\/kt.gov.rs\\\/sq\\\/takimi-i-perfaqesuesve-te-kooperatives-bujqesore-jug-levosoje-me-zevendesministrin-e-bujqesise-dhe-meperfaqesuesit-e-qumeshtores-se-shabacit\\\/#article\",\"isPartOf\":{\"@id\":\"https:\\\/\\\/kt.gov.rs\\\/sq\\\/takimi-i-perfaqesuesve-te-kooperatives-bujqesore-jug-levosoje-me-zevendesministrin-e-bujqesise-dhe-meperfaqesuesit-e-qumeshtores-se-shabacit\\\/\"},\"author\":{\"name\":\"ktmin\",\"@id\":\"https:\\\/\\\/kt.gov.rs\\\/#\\\/schema\\\/person\\\/e426459ddb4173309103390602694571\"},\"headline\":\"TAKIMI I P\u00cbRFAQ\u00cbSUESVE T\u00cb KOOPERATIV\u00cbS BUJQ\u00cbSORE ,,JUG LEVOSOJE\u2019\u2019 ME Z\u00cbVEND\u00cbSMINISTRIN E BUJQ\u00cbSIS\u00cb DHE MEP\u00cbRFAQ\u00cbSUESIT E QUM\u00cbSHTORES S\u00cb SHABACIT\",\"datePublished\":\"2010-06-16T00:00:00+00:00\",\"dateModified\":\"2024-07-30T20:22:35+00:00\",\"mainEntityOfPage\":{\"@id\":\"https:\\\/\\\/kt.gov.rs\\\/sq\\\/takimi-i-perfaqesuesve-te-kooperatives-bujqesore-jug-levosoje-me-zevendesministrin-e-bujqesise-dhe-meperfaqesuesit-e-qumeshtores-se-shabacit\\\/\"},\"wordCount\":346,\"publisher\":{\"@id\":\"https:\\\/\\\/kt.gov.rs\\\/#organization\"},\"image\":{\"@id\":\"https:\\\/\\\/kt.gov.rs\\\/sq\\\/takimi-i-perfaqesuesve-te-kooperatives-bujqesore-jug-levosoje-me-zevendesministrin-e-bujqesise-dhe-meperfaqesuesit-e-qumeshtores-se-shabacit\\\/#primaryimage\"},\"thumbnailUrl\":\"https:\\\/\\\/kt.gov.rs\\\/wp-content\\\/uploads\\\/2024\\\/07\\\/newspic364-5.jpg\",\"articleSection\":[\"Lajme\"],\"inLanguage\":\"sq-AL\"},{\"@type\":\"WebPage\",\"@id\":\"https:\\\/\\\/kt.gov.rs\\\/sq\\\/takimi-i-perfaqesuesve-te-kooperatives-bujqesore-jug-levosoje-me-zevendesministrin-e-bujqesise-dhe-meperfaqesuesit-e-qumeshtores-se-shabacit\\\/\",\"url\":\"https:\\\/\\\/kt.gov.rs\\\/sq\\\/takimi-i-perfaqesuesve-te-kooperatives-bujqesore-jug-levosoje-me-zevendesministrin-e-bujqesise-dhe-meperfaqesuesit-e-qumeshtores-se-shabacit\\\/\",\"name\":\"TAKIMI I P\u00cbRFAQ\u00cbSUESVE T\u00cb KOOPERATIV\u00cbS BUJQ\u00cbSORE ,,JUG LEVOSOJE\u2019\u2019 ME Z\u00cbVEND\u00cbSMINISTRIN E BUJQ\u00cbSIS\u00cb DHE MEP\u00cbRFAQ\u00cbSUESIT E QUM\u00cbSHTORES S\u00cb SHABACIT - Republika e S\u00ebrbis\u00eb Trupi Koordinues p\u00ebr komunat Bujanoc, Preshev\u00eb dhe Medvegj\u00eb\",\"isPartOf\":{\"@id\":\"https:\\\/\\\/kt.gov.rs\\\/#website\"},\"primaryImageOfPage\":{\"@id\":\"https:\\\/\\\/kt.gov.rs\\\/sq\\\/takimi-i-perfaqesuesve-te-kooperatives-bujqesore-jug-levosoje-me-zevendesministrin-e-bujqesise-dhe-meperfaqesuesit-e-qumeshtores-se-shabacit\\\/#primaryimage\"},\"image\":{\"@id\":\"https:\\\/\\\/kt.gov.rs\\\/sq\\\/takimi-i-perfaqesuesve-te-kooperatives-bujqesore-jug-levosoje-me-zevendesministrin-e-bujqesise-dhe-meperfaqesuesit-e-qumeshtores-se-shabacit\\\/#primaryimage\"},\"thumbnailUrl\":\"https:\\\/\\\/kt.gov.rs\\\/wp-content\\\/uploads\\\/2024\\\/07\\\/newspic364-5.jpg\",\"datePublished\":\"2010-06-16T00:00:00+00:00\",\"dateModified\":\"2024-07-30T20:22:35+00:00\",\"breadcrumb\":{\"@id\":\"https:\\\/\\\/kt.gov.rs\\\/sq\\\/takimi-i-perfaqesuesve-te-kooperatives-bujqesore-jug-levosoje-me-zevendesministrin-e-bujqesise-dhe-meperfaqesuesit-e-qumeshtores-se-shabacit\\\/#breadcrumb\"},\"inLanguage\":\"sq-AL\",\"potentialAction\":[{\"@type\":\"ReadAction\",\"target\":[\"https:\\\/\\\/kt.gov.rs\\\/sq\\\/takimi-i-perfaqesuesve-te-kooperatives-bujqesore-jug-levosoje-me-zevendesministrin-e-bujqesise-dhe-meperfaqesuesit-e-qumeshtores-se-shabacit\\\/\"]}]},{\"@type\":\"ImageObject\",\"inLanguage\":\"sq-AL\",\"@id\":\"https:\\\/\\\/kt.gov.rs\\\/sq\\\/takimi-i-perfaqesuesve-te-kooperatives-bujqesore-jug-levosoje-me-zevendesministrin-e-bujqesise-dhe-meperfaqesuesit-e-qumeshtores-se-shabacit\\\/#primaryimage\",\"url\":\"https:\\\/\\\/kt.gov.rs\\\/wp-content\\\/uploads\\\/2024\\\/07\\\/newspic364-5.jpg\",\"contentUrl\":\"https:\\\/\\\/kt.gov.rs\\\/wp-content\\\/uploads\\\/2024\\\/07\\\/newspic364-5.jpg\",\"width\":265,\"height\":176},{\"@type\":\"BreadcrumbList\",\"@id\":\"https:\\\/\\\/kt.gov.rs\\\/sq\\\/takimi-i-perfaqesuesve-te-kooperatives-bujqesore-jug-levosoje-me-zevendesministrin-e-bujqesise-dhe-meperfaqesuesit-e-qumeshtores-se-shabacit\\\/#breadcrumb\",\"itemListElement\":[{\"@type\":\"ListItem\",\"position\":1,\"name\":\"\u041f\u043e\u0447\u0435\u0442\u043d\u0430\",\"item\":\"https:\\\/\\\/kt.gov.rs\\\/sq\\\/\"},{\"@type\":\"ListItem\",\"position\":2,\"name\":\"TAKIMI I P\u00cbRFAQ\u00cbSUESVE T\u00cb KOOPERATIV\u00cbS BUJQ\u00cbSORE ,,JUG LEVOSOJE\u2019\u2019 ME Z\u00cbVEND\u00cbSMINISTRIN E BUJQ\u00cbSIS\u00cb DHE MEP\u00cbRFAQ\u00cbSUESIT E QUM\u00cbSHTORES S\u00cb SHABACIT\"}]},{\"@type\":\"WebSite\",\"@id\":\"https:\\\/\\\/kt.gov.rs\\\/#website\",\"url\":\"https:\\\/\\\/kt.gov.rs\\\/\",\"name\":\"\u041a\u043e\u043e\u0440\u0434\u0438\u043d\u0430\u0446\u0438\u043e\u043d\u043e \u0442\u0435\u043b\u043e \u0412\u043b\u0430\u0434\u0435 \u0420\u0435\u043f\u0443\u0431\u043b\u0438\u043a\u0435 \u0421\u0440\u0431\u0438\u0458\u0435 \u0437\u0430 \u043e\u043f\u0448\u0442\u0438\u043d\u0435 \u041f\u0440\u0435\u0448\u0435\u0432\u043e, \u0411\u0443\u0458\u0430\u043d\u043e\u0432\u0430\u0446 \u0438 \u041c\u0435\u0434\u0432\u0435\u0452a\",\"description\":\"\",\"publisher\":{\"@id\":\"https:\\\/\\\/kt.gov.rs\\\/#organization\"},\"alternateName\":\"\u041a\u043e\u043e\u0440\u0434\u0438\u043d\u0430\u0446\u0438\u043e\u043d\u043e \u0442\u0435\u043b\u043e\",\"potentialAction\":[{\"@type\":\"SearchAction\",\"target\":{\"@type\":\"EntryPoint\",\"urlTemplate\":\"https:\\\/\\\/kt.gov.rs\\\/?s={search_term_string}\"},\"query-input\":{\"@type\":\"PropertyValueSpecification\",\"valueRequired\":true,\"valueName\":\"search_term_string\"}}],\"inLanguage\":\"sq-AL\"},{\"@type\":\"Organization\",\"@id\":\"https:\\\/\\\/kt.gov.rs\\\/#organization\",\"name\":\"\u041a\u043e\u043e\u0440\u0434\u0438\u043d\u0430\u0446\u0438\u043e\u043d\u043e \u0442\u0435\u043b\u043e \u0412\u043b\u0430\u0434\u0435 \u0420\u0435\u043f\u0443\u0431\u043b\u0438\u043a\u0435 \u0421\u0440\u0431\u0438\u0458\u0435 \u0437\u0430 \u043e\u043f\u0448\u0442\u0438\u043d\u0435 \u041f\u0440\u0435\u0448\u0435\u0432\u043e, \u0411\u0443\u0458\u0430\u043d\u043e\u0432\u0430\u0446 \u0438 \u041c\u0435\u0434\u0432\u0435\u0452a\",\"alternateName\":\"\u041a\u043e\u043e\u0440\u0434\u0438\u043d\u0430\u0446\u0438\u043e\u043d\u043e \u0442\u0435\u043b\u043e\",\"url\":\"https:\\\/\\\/kt.gov.rs\\\/\",\"logo\":{\"@type\":\"ImageObject\",\"inLanguage\":\"sq-AL\",\"@id\":\"https:\\\/\\\/kt.gov.rs\\\/#\\\/schema\\\/logo\\\/image\\\/\",\"url\":\"https:\\\/\\\/kt.gov.rs\\\/wp-content\\\/uploads\\\/2024\\\/12\\\/koord2.jpg\",\"contentUrl\":\"https:\\\/\\\/kt.gov.rs\\\/wp-content\\\/uploads\\\/2024\\\/12\\\/koord2.jpg\",\"width\":640,\"height\":480,\"caption\":\"\u041a\u043e\u043e\u0440\u0434\u0438\u043d\u0430\u0446\u0438\u043e\u043d\u043e \u0442\u0435\u043b\u043e \u0412\u043b\u0430\u0434\u0435 \u0420\u0435\u043f\u0443\u0431\u043b\u0438\u043a\u0435 \u0421\u0440\u0431\u0438\u0458\u0435 \u0437\u0430 \u043e\u043f\u0448\u0442\u0438\u043d\u0435 \u041f\u0440\u0435\u0448\u0435\u0432\u043e, \u0411\u0443\u0458\u0430\u043d\u043e\u0432\u0430\u0446 \u0438 \u041c\u0435\u0434\u0432\u0435\u0452a\"},\"image\":{\"@id\":\"https:\\\/\\\/kt.gov.rs\\\/#\\\/schema\\\/logo\\\/image\\\/\"},\"sameAs\":[\"https:\\\/\\\/www.facebook.com\\\/SluzbaKoordinacionogTelaVladeRepublikeSrbije\",\"https:\\\/\\\/x.com\\\/kt_gov\",\"https:\\\/\\\/www.youtube.com\\\/@koordinacionotelo\"]},{\"@type\":\"Person\",\"@id\":\"https:\\\/\\\/kt.gov.rs\\\/#\\\/schema\\\/person\\\/e426459ddb4173309103390602694571\",\"name\":\"ktmin\",\"image\":{\"@type\":\"ImageObject\",\"inLanguage\":\"sq-AL\",\"@id\":\"https:\\\/\\\/secure.gravatar.com\\\/avatar\\\/3985c961109853010c3fbc7ba30365bfba5db3dd6c525831d9c595c7525a615a?s=96&d=mm&r=g\",\"url\":\"https:\\\/\\\/secure.gravatar.com\\\/avatar\\\/3985c961109853010c3fbc7ba30365bfba5db3dd6c525831d9c595c7525a615a?s=96&d=mm&r=g\",\"contentUrl\":\"https:\\\/\\\/secure.gravatar.com\\\/avatar\\\/3985c961109853010c3fbc7ba30365bfba5db3dd6c525831d9c595c7525a615a?s=96&d=mm&r=g\",\"caption\":\"ktmin\"},\"sameAs\":[\"https:\\\/\\\/kt.gov.rs\"],\"url\":\"https:\\\/\\\/kt.gov.rs\\\/sq\\\/author\\\/ktmin\\\/\"}]}<\/script>\n<!-- \/ Yoast SEO plugin. -->","yoast_head_json":{"title":"TAKIMI I P\u00cbRFAQ\u00cbSUESVE T\u00cb KOOPERATIV\u00cbS BUJQ\u00cbSORE ,,JUG LEVOSOJE\u2019\u2019 ME Z\u00cbVEND\u00cbSMINISTRIN E BUJQ\u00cbSIS\u00cb DHE MEP\u00cbRFAQ\u00cbSUESIT E QUM\u00cbSHTORES S\u00cb SHABACIT - Republika e S\u00ebrbis\u00eb Trupi Koordinues p\u00ebr komunat Bujanoc, Preshev\u00eb dhe Medvegj\u00eb","robots":{"index":"index","follow":"follow","max-snippet":"max-snippet:-1","max-image-preview":"max-image-preview:large","max-video-preview":"max-video-preview:-1"},"canonical":"https:\/\/kt.gov.rs\/sq\/takimi-i-perfaqesuesve-te-kooperatives-bujqesore-jug-levosoje-me-zevendesministrin-e-bujqesise-dhe-meperfaqesuesit-e-qumeshtores-se-shabacit\/","og_locale":"sq_AL","og_type":"article","og_title":"TAKIMI I P\u00cbRFAQ\u00cbSUESVE T\u00cb KOOPERATIV\u00cbS BUJQ\u00cbSORE ,,JUG LEVOSOJE\u2019\u2019 ME Z\u00cbVEND\u00cbSMINISTRIN E BUJQ\u00cbSIS\u00cb DHE MEP\u00cbRFAQ\u00cbSUESIT E QUM\u00cbSHTORES S\u00cb SHABACIT - Republika e S\u00ebrbis\u00eb Trupi Koordinues p\u00ebr komunat Bujanoc, Preshev\u00eb dhe Medvegj\u00eb","og_description":"Me iniciativ\u00ebn e Trupit Koordinues, dje, p\u00ebr rritjen e kapaciteteve n\u00eb prodhimin e qum\u00ebshtit n\u00eb k\u00ebt\u00eb komun\u00eb, n\u00eb Bujanoc kan\u00eb biseduar p\u00ebrfaqsuesit e kooperativ\u00ebs bujq\u00ebsore ,,Jug Levosoje\u2019\u2019, z\u00ebvend\u00ebsministri i bujq\u00ebsis\u00eb Slobodan Teofanov, p\u00ebrfaq\u00ebsuesit e qum\u00ebshtores s\u00eb Shabacit dhe drejtori i Sh\u00ebrbimit t\u00eb Trupit Koordinues Nenad Gjurgjeviq. Delegacioni vizitoi disa familje n\u00eb fshatrat Levosov\u00eb dhe Osllar\u00eb. Gjat\u00eb bised\u00ebs erdh\u00ebn n\u00eb konkludim se nuk ka kapacitete p\u00ebr nj\u00eb bashk\u00ebpunim m\u00eb serioz p\u00ebr prodhimin e qum\u00ebshtit dhe p\u00ebr blerjen e k\u00ebtij\u00eb prodhimi nga ana e qum\u00ebshtores s\u00eb Shabacit. P\u00ebr rritje t\u00eb prodhimit n\u00eb k\u00ebt\u00eb regjion, \u00ebsht\u00eb parapar\u00eb vizita e kat\u00ebr qum\u00ebshtoreve t\u00eb cilat b\u00ebjn\u00eb grumbullimin e qum\u00ebshtit n\u00eb Bujanoc dhe Preshev\u00eb. Qum\u00ebshtorja e Shabacit \u00ebsht\u00eb e gatshme q\u00eb t\u2019u dal\u00eb n\u00eb ndihm\u00eb prodhuesve lokal t\u00eb qum\u00ebshtit, t\u2019u dhuroj\u00eb laktofrize, sisteme p\u00ebr ruajtjen e qum\u00ebshtit dhe t\u2019u paguj qum\u00ebshtin me nj\u00eb \u00e7mim m\u00eb t\u00eb lart\u00eb se sa \u00e7mimi aktual n\u00eb treg.","og_url":"https:\/\/kt.gov.rs\/sq\/takimi-i-perfaqesuesve-te-kooperatives-bujqesore-jug-levosoje-me-zevendesministrin-e-bujqesise-dhe-meperfaqesuesit-e-qumeshtores-se-shabacit\/","og_site_name":"Republika e S\u00ebrbis\u00eb Trupi Koordinues p\u00ebr komunat Bujanoc, Preshev\u00eb dhe Medvegj\u00eb","article_publisher":"https:\/\/www.facebook.com\/SluzbaKoordinacionogTelaVladeRepublikeSrbije","article_published_time":"2010-06-16T00:00:00+00:00","article_modified_time":"2024-07-30T20:22:35+00:00","og_image":[{"width":265,"height":176,"url":"https:\/\/kt.gov.rs\/wp-content\/uploads\/2024\/07\/newspic364-5.jpg","type":"image\/jpeg"}],"author":"ktmin","twitter_card":"summary_large_image","twitter_creator":"@kt_gov","twitter_site":"@kt_gov","twitter_misc":{"Written by":"ktmin","Est. reading time":"2 minutes"},"schema":{"@context":"https:\/\/schema.org","@graph":[{"@type":"Article","@id":"https:\/\/kt.gov.rs\/sq\/takimi-i-perfaqesuesve-te-kooperatives-bujqesore-jug-levosoje-me-zevendesministrin-e-bujqesise-dhe-meperfaqesuesit-e-qumeshtores-se-shabacit\/#article","isPartOf":{"@id":"https:\/\/kt.gov.rs\/sq\/takimi-i-perfaqesuesve-te-kooperatives-bujqesore-jug-levosoje-me-zevendesministrin-e-bujqesise-dhe-meperfaqesuesit-e-qumeshtores-se-shabacit\/"},"author":{"name":"ktmin","@id":"https:\/\/kt.gov.rs\/#\/schema\/person\/e426459ddb4173309103390602694571"},"headline":"TAKIMI I P\u00cbRFAQ\u00cbSUESVE T\u00cb KOOPERATIV\u00cbS BUJQ\u00cbSORE ,,JUG LEVOSOJE\u2019\u2019 ME Z\u00cbVEND\u00cbSMINISTRIN E BUJQ\u00cbSIS\u00cb DHE MEP\u00cbRFAQ\u00cbSUESIT E QUM\u00cbSHTORES S\u00cb SHABACIT","datePublished":"2010-06-16T00:00:00+00:00","dateModified":"2024-07-30T20:22:35+00:00","mainEntityOfPage":{"@id":"https:\/\/kt.gov.rs\/sq\/takimi-i-perfaqesuesve-te-kooperatives-bujqesore-jug-levosoje-me-zevendesministrin-e-bujqesise-dhe-meperfaqesuesit-e-qumeshtores-se-shabacit\/"},"wordCount":346,"publisher":{"@id":"https:\/\/kt.gov.rs\/#organization"},"image":{"@id":"https:\/\/kt.gov.rs\/sq\/takimi-i-perfaqesuesve-te-kooperatives-bujqesore-jug-levosoje-me-zevendesministrin-e-bujqesise-dhe-meperfaqesuesit-e-qumeshtores-se-shabacit\/#primaryimage"},"thumbnailUrl":"https:\/\/kt.gov.rs\/wp-content\/uploads\/2024\/07\/newspic364-5.jpg","articleSection":["Lajme"],"inLanguage":"sq-AL"},{"@type":"WebPage","@id":"https:\/\/kt.gov.rs\/sq\/takimi-i-perfaqesuesve-te-kooperatives-bujqesore-jug-levosoje-me-zevendesministrin-e-bujqesise-dhe-meperfaqesuesit-e-qumeshtores-se-shabacit\/","url":"https:\/\/kt.gov.rs\/sq\/takimi-i-perfaqesuesve-te-kooperatives-bujqesore-jug-levosoje-me-zevendesministrin-e-bujqesise-dhe-meperfaqesuesit-e-qumeshtores-se-shabacit\/","name":"TAKIMI I P\u00cbRFAQ\u00cbSUESVE T\u00cb KOOPERATIV\u00cbS BUJQ\u00cbSORE ,,JUG LEVOSOJE\u2019\u2019 ME Z\u00cbVEND\u00cbSMINISTRIN E BUJQ\u00cbSIS\u00cb DHE MEP\u00cbRFAQ\u00cbSUESIT E QUM\u00cbSHTORES S\u00cb SHABACIT - Republika e S\u00ebrbis\u00eb Trupi Koordinues p\u00ebr komunat Bujanoc, Preshev\u00eb dhe Medvegj\u00eb","isPartOf":{"@id":"https:\/\/kt.gov.rs\/#website"},"primaryImageOfPage":{"@id":"https:\/\/kt.gov.rs\/sq\/takimi-i-perfaqesuesve-te-kooperatives-bujqesore-jug-levosoje-me-zevendesministrin-e-bujqesise-dhe-meperfaqesuesit-e-qumeshtores-se-shabacit\/#primaryimage"},"image":{"@id":"https:\/\/kt.gov.rs\/sq\/takimi-i-perfaqesuesve-te-kooperatives-bujqesore-jug-levosoje-me-zevendesministrin-e-bujqesise-dhe-meperfaqesuesit-e-qumeshtores-se-shabacit\/#primaryimage"},"thumbnailUrl":"https:\/\/kt.gov.rs\/wp-content\/uploads\/2024\/07\/newspic364-5.jpg","datePublished":"2010-06-16T00:00:00+00:00","dateModified":"2024-07-30T20:22:35+00:00","breadcrumb":{"@id":"https:\/\/kt.gov.rs\/sq\/takimi-i-perfaqesuesve-te-kooperatives-bujqesore-jug-levosoje-me-zevendesministrin-e-bujqesise-dhe-meperfaqesuesit-e-qumeshtores-se-shabacit\/#breadcrumb"},"inLanguage":"sq-AL","potentialAction":[{"@type":"ReadAction","target":["https:\/\/kt.gov.rs\/sq\/takimi-i-perfaqesuesve-te-kooperatives-bujqesore-jug-levosoje-me-zevendesministrin-e-bujqesise-dhe-meperfaqesuesit-e-qumeshtores-se-shabacit\/"]}]},{"@type":"ImageObject","inLanguage":"sq-AL","@id":"https:\/\/kt.gov.rs\/sq\/takimi-i-perfaqesuesve-te-kooperatives-bujqesore-jug-levosoje-me-zevendesministrin-e-bujqesise-dhe-meperfaqesuesit-e-qumeshtores-se-shabacit\/#primaryimage","url":"https:\/\/kt.gov.rs\/wp-content\/uploads\/2024\/07\/newspic364-5.jpg","contentUrl":"https:\/\/kt.gov.rs\/wp-content\/uploads\/2024\/07\/newspic364-5.jpg","width":265,"height":176},{"@type":"BreadcrumbList","@id":"https:\/\/kt.gov.rs\/sq\/takimi-i-perfaqesuesve-te-kooperatives-bujqesore-jug-levosoje-me-zevendesministrin-e-bujqesise-dhe-meperfaqesuesit-e-qumeshtores-se-shabacit\/#breadcrumb","itemListElement":[{"@type":"ListItem","position":1,"name":"\u041f\u043e\u0447\u0435\u0442\u043d\u0430","item":"https:\/\/kt.gov.rs\/sq\/"},{"@type":"ListItem","position":2,"name":"TAKIMI I P\u00cbRFAQ\u00cbSUESVE T\u00cb KOOPERATIV\u00cbS BUJQ\u00cbSORE ,,JUG LEVOSOJE\u2019\u2019 ME Z\u00cbVEND\u00cbSMINISTRIN E BUJQ\u00cbSIS\u00cb DHE MEP\u00cbRFAQ\u00cbSUESIT E QUM\u00cbSHTORES S\u00cb SHABACIT"}]},{"@type":"WebSite","@id":"https:\/\/kt.gov.rs\/#website","url":"https:\/\/kt.gov.rs\/","name":"\u041a\u043e\u043e\u0440\u0434\u0438\u043d\u0430\u0446\u0438\u043e\u043d\u043e \u0442\u0435\u043b\u043e \u0412\u043b\u0430\u0434\u0435 \u0420\u0435\u043f\u0443\u0431\u043b\u0438\u043a\u0435 \u0421\u0440\u0431\u0438\u0458\u0435 \u0437\u0430 \u043e\u043f\u0448\u0442\u0438\u043d\u0435 \u041f\u0440\u0435\u0448\u0435\u0432\u043e, \u0411\u0443\u0458\u0430\u043d\u043e\u0432\u0430\u0446 \u0438 \u041c\u0435\u0434\u0432\u0435\u0452a","description":"","publisher":{"@id":"https:\/\/kt.gov.rs\/#organization"},"alternateName":"\u041a\u043e\u043e\u0440\u0434\u0438\u043d\u0430\u0446\u0438\u043e\u043d\u043e \u0442\u0435\u043b\u043e","potentialAction":[{"@type":"SearchAction","target":{"@type":"EntryPoint","urlTemplate":"https:\/\/kt.gov.rs\/?s={search_term_string}"},"query-input":{"@type":"PropertyValueSpecification","valueRequired":true,"valueName":"search_term_string"}}],"inLanguage":"sq-AL"},{"@type":"Organization","@id":"https:\/\/kt.gov.rs\/#organization","name":"\u041a\u043e\u043e\u0440\u0434\u0438\u043d\u0430\u0446\u0438\u043e\u043d\u043e \u0442\u0435\u043b\u043e \u0412\u043b\u0430\u0434\u0435 \u0420\u0435\u043f\u0443\u0431\u043b\u0438\u043a\u0435 \u0421\u0440\u0431\u0438\u0458\u0435 \u0437\u0430 \u043e\u043f\u0448\u0442\u0438\u043d\u0435 \u041f\u0440\u0435\u0448\u0435\u0432\u043e, \u0411\u0443\u0458\u0430\u043d\u043e\u0432\u0430\u0446 \u0438 \u041c\u0435\u0434\u0432\u0435\u0452a","alternateName":"\u041a\u043e\u043e\u0440\u0434\u0438\u043d\u0430\u0446\u0438\u043e\u043d\u043e \u0442\u0435\u043b\u043e","url":"https:\/\/kt.gov.rs\/","logo":{"@type":"ImageObject","inLanguage":"sq-AL","@id":"https:\/\/kt.gov.rs\/#\/schema\/logo\/image\/","url":"https:\/\/kt.gov.rs\/wp-content\/uploads\/2024\/12\/koord2.jpg","contentUrl":"https:\/\/kt.gov.rs\/wp-content\/uploads\/2024\/12\/koord2.jpg","width":640,"height":480,"caption":"\u041a\u043e\u043e\u0440\u0434\u0438\u043d\u0430\u0446\u0438\u043e\u043d\u043e \u0442\u0435\u043b\u043e \u0412\u043b\u0430\u0434\u0435 \u0420\u0435\u043f\u0443\u0431\u043b\u0438\u043a\u0435 \u0421\u0440\u0431\u0438\u0458\u0435 \u0437\u0430 \u043e\u043f\u0448\u0442\u0438\u043d\u0435 \u041f\u0440\u0435\u0448\u0435\u0432\u043e, \u0411\u0443\u0458\u0430\u043d\u043e\u0432\u0430\u0446 \u0438 \u041c\u0435\u0434\u0432\u0435\u0452a"},"image":{"@id":"https:\/\/kt.gov.rs\/#\/schema\/logo\/image\/"},"sameAs":["https:\/\/www.facebook.com\/SluzbaKoordinacionogTelaVladeRepublikeSrbije","https:\/\/x.com\/kt_gov","https:\/\/www.youtube.com\/@koordinacionotelo"]},{"@type":"Person","@id":"https:\/\/kt.gov.rs\/#\/schema\/person\/e426459ddb4173309103390602694571","name":"ktmin","image":{"@type":"ImageObject","inLanguage":"sq-AL","@id":"https:\/\/secure.gravatar.com\/avatar\/3985c961109853010c3fbc7ba30365bfba5db3dd6c525831d9c595c7525a615a?s=96&d=mm&r=g","url":"https:\/\/secure.gravatar.com\/avatar\/3985c961109853010c3fbc7ba30365bfba5db3dd6c525831d9c595c7525a615a?s=96&d=mm&r=g","contentUrl":"https:\/\/secure.gravatar.com\/avatar\/3985c961109853010c3fbc7ba30365bfba5db3dd6c525831d9c595c7525a615a?s=96&d=mm&r=g","caption":"ktmin"},"sameAs":["https:\/\/kt.gov.rs"],"url":"https:\/\/kt.gov.rs\/sq\/author\/ktmin\/"}]}},"_links":{"self":[{"href":"https:\/\/kt.gov.rs\/sq\/wp-json\/wp\/v2\/posts\/142780","targetHints":{"allow":["GET"]}}],"collection":[{"href":"https:\/\/kt.gov.rs\/sq\/wp-json\/wp\/v2\/posts"}],"about":[{"href":"https:\/\/kt.gov.rs\/sq\/wp-json\/wp\/v2\/types\/post"}],"author":[{"embeddable":true,"href":"https:\/\/kt.gov.rs\/sq\/wp-json\/wp\/v2\/users\/1"}],"replies":[{"embeddable":true,"href":"https:\/\/kt.gov.rs\/sq\/wp-json\/wp\/v2\/comments?post=142780"}],"version-history":[{"count":1,"href":"https:\/\/kt.gov.rs\/sq\/wp-json\/wp\/v2\/posts\/142780\/revisions"}],"predecessor-version":[{"id":142787,"href":"https:\/\/kt.gov.rs\/sq\/wp-json\/wp\/v2\/posts\/142780\/revisions\/142787"}],"wp:featuredmedia":[{"embeddable":true,"href":"https:\/\/kt.gov.rs\/sq\/wp-json\/wp\/v2\/media\/142788"}],"wp:attachment":[{"href":"https:\/\/kt.gov.rs\/sq\/wp-json\/wp\/v2\/media?parent=142780"}],"wp:term":[{"taxonomy":"category","embeddable":true,"href":"https:\/\/kt.gov.rs\/sq\/wp-json\/wp\/v2\/categories?post=142780"},{"taxonomy":"post_tag","embeddable":true,"href":"https:\/\/kt.gov.rs\/sq\/wp-json\/wp\/v2\/tags?post=142780"}],"curies":[{"name":"wp","href":"https:\/\/api.w.org\/{rel}","templated":true}]}}