{"id":142779,"date":"2010-06-18T00:00:00","date_gmt":"2010-06-18T00:00:00","guid":{"rendered":"http:\/\/kt.printandscreen.rs\/18-06-2010\/"},"modified":"2010-06-18T00:00:00","modified_gmt":"2010-06-18T00:00:00","slug":"18-06-2010","status":"publish","type":"post","link":"https:\/\/kt.gov.rs\/sq\/18-06-2010\/","title":{"rendered":"18.06.2010."},"content":{"rendered":"<p><strong>Vilijam Infante n\u00eb Bujanoc<\/strong><\/p>\n<p>Koordinatori i p\u00ebrhersh\u00ebm i KB n\u00eb Serbi Vilijam Infante gjat\u00eb vizit\u00ebs s\u00eb tij\u00eb n\u00eb Serbin\u00eb jugore bisedoi me kryetarin e komun\u00ebs Shaip Kamberi rreth bashk\u00ebpunimit t\u00eb KB dhe pushtetit lokal p\u00ebr ndihm\u00ebn e 4.823 t\u00eb \u00e7vendosurve dhe refugjat\u00ebve t\u00eb cil\u00ebt jetojn\u00eb n\u00eb komun\u00ebn e Bujnaocit.<\/p>\n<p>Nga 200.000 t\u00eb \u00e7vendosur dhe refugjat t\u00eb cil\u00ebt jetojn\u00eb\u00a0 n\u00eb Serbi, rreth 10% jetojn\u00eb n\u00eb regjionin e Jabllanic\u00ebs dhe P\u00e7inj\u00ebs, prej t\u00eb cil\u00ebve numri m\u00eb i madh i tyre jan\u00eb\u00a0 t\u00eb\u00a0 vendosur n\u00eb Vranj\u00eb, Leskoc dhe Bujanoc.<\/p>\n<p>Vizita e Vilijam Infante \u00ebsht\u00eb e lidhur me programin e p\u00ebrbashk\u00ebt t\u00eb KB n\u00eb Serbin\u00eb jugore me tem\u00ebn ,,Ruajtja e paqes dhe zhvillimi inkluziv lokal\u2019\u2019. Nj\u00ebri nd\u00ebr q\u00ebllimet e k\u00ebtij\u00eb programi \u00ebsht\u00eb gjetja e kushteve p\u00ebr nj\u00eb jet\u00eb dinjitoze e t\u00eb shp\u00ebrngulurve dhe refugjat\u00ebve. P\u00ebr ata t\u00eb cil\u00ebt duan t\u2019i l\u00ebshojn\u00eb qendrat kolektive, programi parasheh tri forma t\u00eb ndihm\u00ebs, p\u00ebrmes ndihm\u00ebs emergjente, material nd\u00ebrtimor\u00eb p\u00ebr mbarimin e sht\u00ebpive t\u00eb filluara s\u00eb nd\u00ebrtuari si dhe ndihm\u00eb tjera adekuate t\u00eb parapara me k\u00ebt\u00eb projekt. P\u00ebr realizimin e k\u00ebtyre aktiviteteve jan\u00eb siguruar mjete finansiare q\u00eb kapin sum\u00ebn prej 800.000,00 dollar\u00eb, nd\u00ebrsa mjetet jan\u00eb siguruar nga Fondi p\u00ebr arritjen\u00a0 e q\u00ebllimeve mileniume t\u00eb zhvillimit t\u00eb Mbret\u00ebris\u00eb s\u00eb Spanj\u00ebs.<\/p>\n<p>N\u00eb Serbin\u00eb jugore, n\u00eb Bojnik, Medvegj\u00eb, Vllasotinc\u00eb, Vlladi\u00e7in Han, Vranj\u00eb dhe Leskoc, jan\u00eb p\u00ebrfunduar planet akcionale p\u00ebr ndihm\u00eb qytetar\u00ebve t\u00eb shp\u00ebrngulur dhe refugjat\u00ebve n\u00eb qendrat kolektive. Disa nga k\u00ebto plane parashohin nd\u00ebrtimin e banesave sociale nd\u00ebrsa plani tjet\u00ebr parasheh ndihm\u00ebn p\u00ebr strehim afat\u00ebgjat\u00eb privat. ,,M\u00eb vjen mir\u00eb q\u00eb Bujanoci \u00ebsht\u00eb n\u00eb drejtim t\u00eb miratimit t\u00eb nj\u00eb plani aksional lokal\u2019\u2019, deklaroi p\u00ebrfaq\u00ebsuesi i lart\u00eb i KB n\u00eb Serbi.<\/p>\n<p>Gjat\u00eb bised\u00ebs, Kamberi potencoi se Bujanoci ka shum\u00eb probleme, por beson q\u00eb \u00ebsht\u00eb arritur p\u00ebrparim n\u00eb dh\u00ebnien e mb\u00ebshtetjes ndaj personave t\u00eb shp\u00ebrngulur dhe refugjat\u00ebve. ,,Nuk \u00ebsht\u00eb leht\u00eb t\u00eb jesh kryetar\u00eb i nj\u00eb komune ku shkalla e papun\u00ebsis\u00eb \u00ebsht\u00eb rreth 70% e nj\u00ebherit ka aq num\u00ebr t\u00eb madh t\u00eb personave t\u00eb shp\u00ebrngulur dhe refugjat\u00eb t\u00eb cil\u00ebt kan\u00eb nevoj\u00eb p\u00ebr nj\u00eb jet\u00eb normale si dhe pun\u00ebsim. Prap\u00eb, besoj se do t\u00eb miratojm\u00eb planin sistematik p\u00ebr zgjidhjen e problemeve t\u00eb tyre dhe jam\u00eb i k\u00ebnaqur q\u00eb kemi mb\u00ebshtetjen e KB p\u00ebrmes k\u00ebtij\u00eb programi\u2019\u2019, deklaroi kryetari i komun\u00ebs s\u00eb Bujanocit.<\/p>\n<p>Koordinatori i p\u00ebrhersh\u00ebm i KB p\u00ebr Serbi dhe mbrojt\u00ebsi i qytetar\u00ebve Sasha Jankoviq vizituan vendin t\u00eb quajtur Salvatore, qendra kolektive me m\u00eb tep\u00ebr refugjat n\u00eb Bujanoc e cila ka rreth 200 persona. Vilijam Infante vizitoi edhe familjen e Nadica Maksimoviq nga Gjilani e cila \u00ebsht\u00eb shfryt\u00ebzuese e k\u00ebtij\u00eb programi dhe e cila ka bler\u00eb nj\u00eb sht\u00ebpi n\u00eb fshatin Llopardinc\u00eb af\u00ebr Bujanocit. ,,Kam\u00eb menduar se kurr\u00eb nuk do ta p\u00ebrjetoj\u00eb k\u00ebt\u00eb dit\u00eb, q\u00eb prap t\u00eb kem sht\u00ebpin\u00eb time\u2019\u2019, deklaroi Nadica Maksimoviq e cila dhjet\u00eb vitet e fundit i ka kaluar n\u00eb Qendr\u00ebn kolektive me burrin dhe tre f\u00ebmij\u00ebt e saj\u00eb.<\/p>\n","protected":false},"excerpt":{"rendered":"<p>Vilijam Infante n\u00eb Bujanoc<\/p>\n<p>Koordinatori i p\u00ebrhersh\u00ebm i KB n\u00eb Serbi Vilijam Infante gjat\u00eb vizit\u00ebs s\u00eb tij\u00eb n\u00eb Serbin\u00eb jugore bisedoi me kryetarin e komun\u00ebs Shaip Kamberi rreth bashk\u00ebpunimit t\u00eb KB dhe pushtetit lokal p\u00ebr ndihm\u00ebn e 4.823 t\u00eb \u00e7vendosurve dhe refugjat\u00ebve t\u00eb cil\u00ebt jetojn\u00eb n\u00eb komun\u00ebn e Bujnaocit.<\/p>\n","protected":false},"author":1,"featured_media":0,"comment_status":"closed","ping_status":"closed","sticky":false,"template":"","format":"standard","meta":{"footnotes":""},"categories":[55],"tags":[],"class_list":["post-142779","post","type-post","status-publish","format-standard","hentry","category-lajme"],"yoast_head":"<!-- This site is optimized with the Yoast SEO plugin v27.5 - https:\/\/yoast.com\/product\/yoast-seo-wordpress\/ -->\n<title>18.06.2010. - Republika e S\u00ebrbis\u00eb Trupi Koordinues p\u00ebr komunat Bujanoc, Preshev\u00eb dhe Medvegj\u00eb<\/title>\n<meta name=\"robots\" content=\"index, follow, max-snippet:-1, max-image-preview:large, max-video-preview:-1\" \/>\n<link rel=\"canonical\" href=\"https:\/\/kt.gov.rs\/sq\/18-06-2010\/\" \/>\n<meta property=\"og:locale\" content=\"sq_AL\" \/>\n<meta property=\"og:type\" content=\"article\" \/>\n<meta property=\"og:title\" content=\"18.06.2010. - Republika e S\u00ebrbis\u00eb Trupi Koordinues p\u00ebr komunat Bujanoc, Preshev\u00eb dhe Medvegj\u00eb\" \/>\n<meta property=\"og:description\" content=\"Vilijam Infante n\u00eb Bujanoc Koordinatori i p\u00ebrhersh\u00ebm i KB n\u00eb Serbi Vilijam Infante gjat\u00eb vizit\u00ebs s\u00eb tij\u00eb n\u00eb Serbin\u00eb jugore bisedoi me kryetarin e komun\u00ebs Shaip Kamberi rreth bashk\u00ebpunimit t\u00eb KB dhe pushtetit lokal p\u00ebr ndihm\u00ebn e 4.823 t\u00eb \u00e7vendosurve dhe refugjat\u00ebve t\u00eb cil\u00ebt jetojn\u00eb n\u00eb komun\u00ebn e Bujnaocit.\" \/>\n<meta property=\"og:url\" content=\"https:\/\/kt.gov.rs\/sq\/18-06-2010\/\" \/>\n<meta property=\"og:site_name\" content=\"Republika e S\u00ebrbis\u00eb Trupi Koordinues p\u00ebr komunat Bujanoc, Preshev\u00eb dhe Medvegj\u00eb\" \/>\n<meta property=\"article:publisher\" content=\"https:\/\/www.facebook.com\/SluzbaKoordinacionogTelaVladeRepublikeSrbije\" \/>\n<meta property=\"article:published_time\" content=\"2010-06-18T00:00:00+00:00\" \/>\n<meta name=\"author\" content=\"ktmin\" \/>\n<meta name=\"twitter:card\" content=\"summary_large_image\" \/>\n<meta name=\"twitter:creator\" content=\"@kt_gov\" \/>\n<meta name=\"twitter:site\" content=\"@kt_gov\" \/>\n<meta name=\"twitter:label1\" content=\"Written by\" \/>\n\t<meta name=\"twitter:data1\" content=\"ktmin\" \/>\n\t<meta name=\"twitter:label2\" content=\"Est. reading time\" \/>\n\t<meta name=\"twitter:data2\" content=\"3 minutes\" \/>\n<script type=\"application\/ld+json\" class=\"yoast-schema-graph\">{\"@context\":\"https:\\\/\\\/schema.org\",\"@graph\":[{\"@type\":\"Article\",\"@id\":\"https:\\\/\\\/kt.gov.rs\\\/sq\\\/18-06-2010\\\/#article\",\"isPartOf\":{\"@id\":\"https:\\\/\\\/kt.gov.rs\\\/sq\\\/18-06-2010\\\/\"},\"author\":{\"name\":\"ktmin\",\"@id\":\"https:\\\/\\\/kt.gov.rs\\\/#\\\/schema\\\/person\\\/e426459ddb4173309103390602694571\"},\"headline\":\"18.06.2010.\",\"datePublished\":\"2010-06-18T00:00:00+00:00\",\"mainEntityOfPage\":{\"@id\":\"https:\\\/\\\/kt.gov.rs\\\/sq\\\/18-06-2010\\\/\"},\"wordCount\":565,\"publisher\":{\"@id\":\"https:\\\/\\\/kt.gov.rs\\\/#organization\"},\"articleSection\":[\"Lajme\"],\"inLanguage\":\"sq-AL\"},{\"@type\":\"WebPage\",\"@id\":\"https:\\\/\\\/kt.gov.rs\\\/sq\\\/18-06-2010\\\/\",\"url\":\"https:\\\/\\\/kt.gov.rs\\\/sq\\\/18-06-2010\\\/\",\"name\":\"18.06.2010. - Republika e S\u00ebrbis\u00eb Trupi Koordinues p\u00ebr komunat Bujanoc, Preshev\u00eb dhe Medvegj\u00eb\",\"isPartOf\":{\"@id\":\"https:\\\/\\\/kt.gov.rs\\\/#website\"},\"datePublished\":\"2010-06-18T00:00:00+00:00\",\"breadcrumb\":{\"@id\":\"https:\\\/\\\/kt.gov.rs\\\/sq\\\/18-06-2010\\\/#breadcrumb\"},\"inLanguage\":\"sq-AL\",\"potentialAction\":[{\"@type\":\"ReadAction\",\"target\":[\"https:\\\/\\\/kt.gov.rs\\\/sq\\\/18-06-2010\\\/\"]}]},{\"@type\":\"BreadcrumbList\",\"@id\":\"https:\\\/\\\/kt.gov.rs\\\/sq\\\/18-06-2010\\\/#breadcrumb\",\"itemListElement\":[{\"@type\":\"ListItem\",\"position\":1,\"name\":\"\u041f\u043e\u0447\u0435\u0442\u043d\u0430\",\"item\":\"https:\\\/\\\/kt.gov.rs\\\/sq\\\/\"},{\"@type\":\"ListItem\",\"position\":2,\"name\":\"18.06.2010.\"}]},{\"@type\":\"WebSite\",\"@id\":\"https:\\\/\\\/kt.gov.rs\\\/#website\",\"url\":\"https:\\\/\\\/kt.gov.rs\\\/\",\"name\":\"\u041a\u043e\u043e\u0440\u0434\u0438\u043d\u0430\u0446\u0438\u043e\u043d\u043e \u0442\u0435\u043b\u043e \u0412\u043b\u0430\u0434\u0435 \u0420\u0435\u043f\u0443\u0431\u043b\u0438\u043a\u0435 \u0421\u0440\u0431\u0438\u0458\u0435 \u0437\u0430 \u043e\u043f\u0448\u0442\u0438\u043d\u0435 \u041f\u0440\u0435\u0448\u0435\u0432\u043e, \u0411\u0443\u0458\u0430\u043d\u043e\u0432\u0430\u0446 \u0438 \u041c\u0435\u0434\u0432\u0435\u0452a\",\"description\":\"\",\"publisher\":{\"@id\":\"https:\\\/\\\/kt.gov.rs\\\/#organization\"},\"alternateName\":\"\u041a\u043e\u043e\u0440\u0434\u0438\u043d\u0430\u0446\u0438\u043e\u043d\u043e \u0442\u0435\u043b\u043e\",\"potentialAction\":[{\"@type\":\"SearchAction\",\"target\":{\"@type\":\"EntryPoint\",\"urlTemplate\":\"https:\\\/\\\/kt.gov.rs\\\/?s={search_term_string}\"},\"query-input\":{\"@type\":\"PropertyValueSpecification\",\"valueRequired\":true,\"valueName\":\"search_term_string\"}}],\"inLanguage\":\"sq-AL\"},{\"@type\":\"Organization\",\"@id\":\"https:\\\/\\\/kt.gov.rs\\\/#organization\",\"name\":\"\u041a\u043e\u043e\u0440\u0434\u0438\u043d\u0430\u0446\u0438\u043e\u043d\u043e \u0442\u0435\u043b\u043e \u0412\u043b\u0430\u0434\u0435 \u0420\u0435\u043f\u0443\u0431\u043b\u0438\u043a\u0435 \u0421\u0440\u0431\u0438\u0458\u0435 \u0437\u0430 \u043e\u043f\u0448\u0442\u0438\u043d\u0435 \u041f\u0440\u0435\u0448\u0435\u0432\u043e, \u0411\u0443\u0458\u0430\u043d\u043e\u0432\u0430\u0446 \u0438 \u041c\u0435\u0434\u0432\u0435\u0452a\",\"alternateName\":\"\u041a\u043e\u043e\u0440\u0434\u0438\u043d\u0430\u0446\u0438\u043e\u043d\u043e \u0442\u0435\u043b\u043e\",\"url\":\"https:\\\/\\\/kt.gov.rs\\\/\",\"logo\":{\"@type\":\"ImageObject\",\"inLanguage\":\"sq-AL\",\"@id\":\"https:\\\/\\\/kt.gov.rs\\\/#\\\/schema\\\/logo\\\/image\\\/\",\"url\":\"https:\\\/\\\/kt.gov.rs\\\/wp-content\\\/uploads\\\/2024\\\/12\\\/koord2.jpg\",\"contentUrl\":\"https:\\\/\\\/kt.gov.rs\\\/wp-content\\\/uploads\\\/2024\\\/12\\\/koord2.jpg\",\"width\":640,\"height\":480,\"caption\":\"\u041a\u043e\u043e\u0440\u0434\u0438\u043d\u0430\u0446\u0438\u043e\u043d\u043e \u0442\u0435\u043b\u043e \u0412\u043b\u0430\u0434\u0435 \u0420\u0435\u043f\u0443\u0431\u043b\u0438\u043a\u0435 \u0421\u0440\u0431\u0438\u0458\u0435 \u0437\u0430 \u043e\u043f\u0448\u0442\u0438\u043d\u0435 \u041f\u0440\u0435\u0448\u0435\u0432\u043e, \u0411\u0443\u0458\u0430\u043d\u043e\u0432\u0430\u0446 \u0438 \u041c\u0435\u0434\u0432\u0435\u0452a\"},\"image\":{\"@id\":\"https:\\\/\\\/kt.gov.rs\\\/#\\\/schema\\\/logo\\\/image\\\/\"},\"sameAs\":[\"https:\\\/\\\/www.facebook.com\\\/SluzbaKoordinacionogTelaVladeRepublikeSrbije\",\"https:\\\/\\\/x.com\\\/kt_gov\",\"https:\\\/\\\/www.youtube.com\\\/@koordinacionotelo\"]},{\"@type\":\"Person\",\"@id\":\"https:\\\/\\\/kt.gov.rs\\\/#\\\/schema\\\/person\\\/e426459ddb4173309103390602694571\",\"name\":\"ktmin\",\"image\":{\"@type\":\"ImageObject\",\"inLanguage\":\"sq-AL\",\"@id\":\"https:\\\/\\\/secure.gravatar.com\\\/avatar\\\/3985c961109853010c3fbc7ba30365bfba5db3dd6c525831d9c595c7525a615a?s=96&d=mm&r=g\",\"url\":\"https:\\\/\\\/secure.gravatar.com\\\/avatar\\\/3985c961109853010c3fbc7ba30365bfba5db3dd6c525831d9c595c7525a615a?s=96&d=mm&r=g\",\"contentUrl\":\"https:\\\/\\\/secure.gravatar.com\\\/avatar\\\/3985c961109853010c3fbc7ba30365bfba5db3dd6c525831d9c595c7525a615a?s=96&d=mm&r=g\",\"caption\":\"ktmin\"},\"sameAs\":[\"https:\\\/\\\/kt.gov.rs\"],\"url\":\"https:\\\/\\\/kt.gov.rs\\\/sq\\\/author\\\/ktmin\\\/\"}]}<\/script>\n<!-- \/ Yoast SEO plugin. -->","yoast_head_json":{"title":"18.06.2010. - Republika e S\u00ebrbis\u00eb Trupi Koordinues p\u00ebr komunat Bujanoc, Preshev\u00eb dhe Medvegj\u00eb","robots":{"index":"index","follow":"follow","max-snippet":"max-snippet:-1","max-image-preview":"max-image-preview:large","max-video-preview":"max-video-preview:-1"},"canonical":"https:\/\/kt.gov.rs\/sq\/18-06-2010\/","og_locale":"sq_AL","og_type":"article","og_title":"18.06.2010. - Republika e S\u00ebrbis\u00eb Trupi Koordinues p\u00ebr komunat Bujanoc, Preshev\u00eb dhe Medvegj\u00eb","og_description":"Vilijam Infante n\u00eb Bujanoc Koordinatori i p\u00ebrhersh\u00ebm i KB n\u00eb Serbi Vilijam Infante gjat\u00eb vizit\u00ebs s\u00eb tij\u00eb n\u00eb Serbin\u00eb jugore bisedoi me kryetarin e komun\u00ebs Shaip Kamberi rreth bashk\u00ebpunimit t\u00eb KB dhe pushtetit lokal p\u00ebr ndihm\u00ebn e 4.823 t\u00eb \u00e7vendosurve dhe refugjat\u00ebve t\u00eb cil\u00ebt jetojn\u00eb n\u00eb komun\u00ebn e Bujnaocit.","og_url":"https:\/\/kt.gov.rs\/sq\/18-06-2010\/","og_site_name":"Republika e S\u00ebrbis\u00eb Trupi Koordinues p\u00ebr komunat Bujanoc, Preshev\u00eb dhe Medvegj\u00eb","article_publisher":"https:\/\/www.facebook.com\/SluzbaKoordinacionogTelaVladeRepublikeSrbije","article_published_time":"2010-06-18T00:00:00+00:00","author":"ktmin","twitter_card":"summary_large_image","twitter_creator":"@kt_gov","twitter_site":"@kt_gov","twitter_misc":{"Written by":"ktmin","Est. reading time":"3 minutes"},"schema":{"@context":"https:\/\/schema.org","@graph":[{"@type":"Article","@id":"https:\/\/kt.gov.rs\/sq\/18-06-2010\/#article","isPartOf":{"@id":"https:\/\/kt.gov.rs\/sq\/18-06-2010\/"},"author":{"name":"ktmin","@id":"https:\/\/kt.gov.rs\/#\/schema\/person\/e426459ddb4173309103390602694571"},"headline":"18.06.2010.","datePublished":"2010-06-18T00:00:00+00:00","mainEntityOfPage":{"@id":"https:\/\/kt.gov.rs\/sq\/18-06-2010\/"},"wordCount":565,"publisher":{"@id":"https:\/\/kt.gov.rs\/#organization"},"articleSection":["Lajme"],"inLanguage":"sq-AL"},{"@type":"WebPage","@id":"https:\/\/kt.gov.rs\/sq\/18-06-2010\/","url":"https:\/\/kt.gov.rs\/sq\/18-06-2010\/","name":"18.06.2010. - Republika e S\u00ebrbis\u00eb Trupi Koordinues p\u00ebr komunat Bujanoc, Preshev\u00eb dhe Medvegj\u00eb","isPartOf":{"@id":"https:\/\/kt.gov.rs\/#website"},"datePublished":"2010-06-18T00:00:00+00:00","breadcrumb":{"@id":"https:\/\/kt.gov.rs\/sq\/18-06-2010\/#breadcrumb"},"inLanguage":"sq-AL","potentialAction":[{"@type":"ReadAction","target":["https:\/\/kt.gov.rs\/sq\/18-06-2010\/"]}]},{"@type":"BreadcrumbList","@id":"https:\/\/kt.gov.rs\/sq\/18-06-2010\/#breadcrumb","itemListElement":[{"@type":"ListItem","position":1,"name":"\u041f\u043e\u0447\u0435\u0442\u043d\u0430","item":"https:\/\/kt.gov.rs\/sq\/"},{"@type":"ListItem","position":2,"name":"18.06.2010."}]},{"@type":"WebSite","@id":"https:\/\/kt.gov.rs\/#website","url":"https:\/\/kt.gov.rs\/","name":"\u041a\u043e\u043e\u0440\u0434\u0438\u043d\u0430\u0446\u0438\u043e\u043d\u043e \u0442\u0435\u043b\u043e \u0412\u043b\u0430\u0434\u0435 \u0420\u0435\u043f\u0443\u0431\u043b\u0438\u043a\u0435 \u0421\u0440\u0431\u0438\u0458\u0435 \u0437\u0430 \u043e\u043f\u0448\u0442\u0438\u043d\u0435 \u041f\u0440\u0435\u0448\u0435\u0432\u043e, \u0411\u0443\u0458\u0430\u043d\u043e\u0432\u0430\u0446 \u0438 \u041c\u0435\u0434\u0432\u0435\u0452a","description":"","publisher":{"@id":"https:\/\/kt.gov.rs\/#organization"},"alternateName":"\u041a\u043e\u043e\u0440\u0434\u0438\u043d\u0430\u0446\u0438\u043e\u043d\u043e \u0442\u0435\u043b\u043e","potentialAction":[{"@type":"SearchAction","target":{"@type":"EntryPoint","urlTemplate":"https:\/\/kt.gov.rs\/?s={search_term_string}"},"query-input":{"@type":"PropertyValueSpecification","valueRequired":true,"valueName":"search_term_string"}}],"inLanguage":"sq-AL"},{"@type":"Organization","@id":"https:\/\/kt.gov.rs\/#organization","name":"\u041a\u043e\u043e\u0440\u0434\u0438\u043d\u0430\u0446\u0438\u043e\u043d\u043e \u0442\u0435\u043b\u043e \u0412\u043b\u0430\u0434\u0435 \u0420\u0435\u043f\u0443\u0431\u043b\u0438\u043a\u0435 \u0421\u0440\u0431\u0438\u0458\u0435 \u0437\u0430 \u043e\u043f\u0448\u0442\u0438\u043d\u0435 \u041f\u0440\u0435\u0448\u0435\u0432\u043e, \u0411\u0443\u0458\u0430\u043d\u043e\u0432\u0430\u0446 \u0438 \u041c\u0435\u0434\u0432\u0435\u0452a","alternateName":"\u041a\u043e\u043e\u0440\u0434\u0438\u043d\u0430\u0446\u0438\u043e\u043d\u043e \u0442\u0435\u043b\u043e","url":"https:\/\/kt.gov.rs\/","logo":{"@type":"ImageObject","inLanguage":"sq-AL","@id":"https:\/\/kt.gov.rs\/#\/schema\/logo\/image\/","url":"https:\/\/kt.gov.rs\/wp-content\/uploads\/2024\/12\/koord2.jpg","contentUrl":"https:\/\/kt.gov.rs\/wp-content\/uploads\/2024\/12\/koord2.jpg","width":640,"height":480,"caption":"\u041a\u043e\u043e\u0440\u0434\u0438\u043d\u0430\u0446\u0438\u043e\u043d\u043e \u0442\u0435\u043b\u043e \u0412\u043b\u0430\u0434\u0435 \u0420\u0435\u043f\u0443\u0431\u043b\u0438\u043a\u0435 \u0421\u0440\u0431\u0438\u0458\u0435 \u0437\u0430 \u043e\u043f\u0448\u0442\u0438\u043d\u0435 \u041f\u0440\u0435\u0448\u0435\u0432\u043e, \u0411\u0443\u0458\u0430\u043d\u043e\u0432\u0430\u0446 \u0438 \u041c\u0435\u0434\u0432\u0435\u0452a"},"image":{"@id":"https:\/\/kt.gov.rs\/#\/schema\/logo\/image\/"},"sameAs":["https:\/\/www.facebook.com\/SluzbaKoordinacionogTelaVladeRepublikeSrbije","https:\/\/x.com\/kt_gov","https:\/\/www.youtube.com\/@koordinacionotelo"]},{"@type":"Person","@id":"https:\/\/kt.gov.rs\/#\/schema\/person\/e426459ddb4173309103390602694571","name":"ktmin","image":{"@type":"ImageObject","inLanguage":"sq-AL","@id":"https:\/\/secure.gravatar.com\/avatar\/3985c961109853010c3fbc7ba30365bfba5db3dd6c525831d9c595c7525a615a?s=96&d=mm&r=g","url":"https:\/\/secure.gravatar.com\/avatar\/3985c961109853010c3fbc7ba30365bfba5db3dd6c525831d9c595c7525a615a?s=96&d=mm&r=g","contentUrl":"https:\/\/secure.gravatar.com\/avatar\/3985c961109853010c3fbc7ba30365bfba5db3dd6c525831d9c595c7525a615a?s=96&d=mm&r=g","caption":"ktmin"},"sameAs":["https:\/\/kt.gov.rs"],"url":"https:\/\/kt.gov.rs\/sq\/author\/ktmin\/"}]}},"_links":{"self":[{"href":"https:\/\/kt.gov.rs\/sq\/wp-json\/wp\/v2\/posts\/142779","targetHints":{"allow":["GET"]}}],"collection":[{"href":"https:\/\/kt.gov.rs\/sq\/wp-json\/wp\/v2\/posts"}],"about":[{"href":"https:\/\/kt.gov.rs\/sq\/wp-json\/wp\/v2\/types\/post"}],"author":[{"embeddable":true,"href":"https:\/\/kt.gov.rs\/sq\/wp-json\/wp\/v2\/users\/1"}],"replies":[{"embeddable":true,"href":"https:\/\/kt.gov.rs\/sq\/wp-json\/wp\/v2\/comments?post=142779"}],"version-history":[{"count":0,"href":"https:\/\/kt.gov.rs\/sq\/wp-json\/wp\/v2\/posts\/142779\/revisions"}],"wp:attachment":[{"href":"https:\/\/kt.gov.rs\/sq\/wp-json\/wp\/v2\/media?parent=142779"}],"wp:term":[{"taxonomy":"category","embeddable":true,"href":"https:\/\/kt.gov.rs\/sq\/wp-json\/wp\/v2\/categories?post=142779"},{"taxonomy":"post_tag","embeddable":true,"href":"https:\/\/kt.gov.rs\/sq\/wp-json\/wp\/v2\/tags?post=142779"}],"curies":[{"name":"wp","href":"https:\/\/api.w.org\/{rel}","templated":true}]}}