{"id":142747,"date":"2010-06-23T00:00:00","date_gmt":"2010-06-23T00:00:00","guid":{"rendered":"http:\/\/kt.printandscreen.rs\/23-06-2010\/"},"modified":"2010-06-23T00:00:00","modified_gmt":"2010-06-23T00:00:00","slug":"23-06-2010","status":"publish","type":"post","link":"https:\/\/kt.gov.rs\/sq\/23-06-2010\/","title":{"rendered":"23.06.2010."},"content":{"rendered":"<p><strong>Qendrat kolektive mbyllen p\u00ebrmes mb\u00ebshtetjes finansiare t\u00eb programit ,,ruajtja e paqes dhe zhvillimi inkluziv\u2019\u2019 (PBILD) <\/strong><\/p>\n<p>Duke i fal\u00ebnderuar programit t\u00eb p\u00ebrbashk\u00ebt t\u00eb kombeve t\u00eb Bashkuara ,,Ruajtja e paqes dhe zhvillimi inkluziv\u2019\u2019 (PBILD), personave t\u00eb shp\u00ebrngulur n\u00eb\u00a0 motelin ,,Atina\u2019\u2019 e cila \u00ebsht\u00eb qendra e fundit kolektive n\u00eb rrethin\u00ebn e Leskocit n\u00eb t\u00eb cilin kan\u00eb gjetur strehim 67 persona, n\u00eb dispozicion jan\u00eb ofruar tri mund\u00ebsi p\u00ebr gjetjen e strehimit t\u00eb p\u00ebrhersh\u00ebm n\u00eb Serbi. Nga mjetet e fondit spanjoll p\u00ebr arritjen e q\u00ebllimeve mileniume p\u00ebr zhvillim (MGDF), PBILD ka siguruar tri pako ndihme p\u00ebr personat e shp\u00ebrngulur n\u00eb komunat e Serbis\u00eb jugore, posaq\u00ebrisht n\u00eb Bujanoc.<\/p>\n<p>Pakoja e par\u00eb i asht\u00ebquajturi ,,pikap\u2019\u2019 realizohet n\u00eb bashk\u00ebpunim me organizat\u00ebn italiane Intersos. Fjala \u00ebsht\u00eb p\u00ebr ndihm\u00eb finansiare prej 40.000,00 dinar\u00ebve p\u00ebr an\u00ebtar\u00eb t\u00eb familjes, ku suma e p\u00ebrgjithsme nuk kalon\u00a0 vler\u00ebn 160.000,00 dinar\u00eb p\u00ebr familje. Pasiq\u00eb \u00ebsht\u00eb fjala p\u00ebr ndihm\u00eb emergjente, personat e shp\u00ebrngulr ndihm\u00ebn do ta marrin n\u00eb para nd\u00ebrsa nj\u00eb pjes\u00eb n\u00eb mall\u00ebra por me kusht\u00eb q\u00eb t\u00eb shp\u00ebrngulen nga qendrat kolektive.<\/p>\n<p>Pakoja e dyt\u00eb realizohet n\u00eb bashk\u00ebpunim me organizat\u00ebn joqeveritare Vizija dhe lejon personave t\u00eb shp\u00ebrngulur t\u00eb cil\u00ebt jasht\u00eb Kosov\u00ebs nuk posedojn\u00eb pron\u00eb t\u00eb tyre, t\u00eb blejn\u00eb sht\u00ebpi kudo n\u00eb Serbi. Kusht p\u00ebr blerjen e nj\u00eb sht\u00ebpie \u00ebsht\u00eb q\u00eb ajo sht\u00ebpi t\u2019i ket\u00eb kushtet elementare t\u00eb jetes\u00ebs (t\u00eb ket\u00eb rrym\u00eb dhe uj\u00eb) dhe t\u00eb jet\u00eb e legalizuar apo n\u00eb proces t\u00eb legalizimit. Shfryt\u00ebzuesve t\u00eb k\u00ebsaj pakoje do t\u2019i sigurohet nj\u00eb sum\u00eb parash prej 620.000,00 dinar\u00ebsh. Familjes e cila vendos\u00eb t\u00eb pranoj\u00eb k\u00ebt\u00eb pako ndihme, do t\u00eb ket\u00eb t\u00eb drejt\u00eb edhe n\u00eb ndihm\u00eb n\u00eb mall\u00ebra q\u00eb kap\u00eb sum\u00ebn prej 80.000,00 dinar\u00ebsh.<\/p>\n<p>Pakoja e tret\u00eb u mund\u00ebson t\u00eb shp\u00ebrngulurve nga qendrat kolektive t\u00eb cil\u00ebt kan\u00eb filluar nd\u00ebrtimin apo duan t\u00eb renovojn\u00eb sht\u00ebpit\u00eb e tyre, t\u00eb marrin ndihm\u00eb n\u00eb material nd\u00ebrtimor\u00eb n\u00eb baz\u00eb t\u00eb vler\u00ebsimit t\u00eb p\u00ebrfaq\u00ebsuesve t\u00eb qendr\u00ebs Daneze p\u00ebr t\u00eb shp\u00ebrngulur.<\/p>\n<p><strong>Organizata joqeveritare Praksis t\u00eb gjith\u00eb t\u00eb interesuarve nga k\u00ebto tri programe do t\u2019i siguroj\u00eb ndihm\u00eb juridike falas p\u00ebr q\u00ebshtjet pron\u00ebsore dhe dokumentacione personale. Praksis do t\u00eb siguroj ndihm\u00eb juridike edhe personave t\u00eb shp\u00ebrngulur t\u00eb cil\u00ebt nuk jan\u00eb p\u00ebrcaktuar n\u00eb asnj\u00ebrin program t\u00eb ofruar.<\/strong><\/p>\n<p>T\u00eb tre pakot e ndihm\u00ebs q\u00eb jan\u00eb siguruar p\u00ebrmes PBILD programit, jan\u00eb n\u00eb disponim personave t\u00eb shp\u00ebrngulur n\u00eb regjionin e Jabllanic\u00ebs dhe P\u00e7inj\u00ebs deri n\u00eb qershor\u00eb t\u00eb vitit 2011. <strong>Zyrja e PBILD-it gjendet n\u00eb Bujanoc, nd\u00ebrsa t\u00eb interesuarit mund\u00eb t\u00eb marrin informata n\u00eb k\u00ebt\u00eb nr t\u00eb tel: 017\/654-705.<br \/>\n<\/strong><br \/>\nN\u00ebse p\u00ebr k\u00ebto tri programe nuk lajm\u00ebrohet num\u00ebr i mjaftuesh\u00ebm i t\u00eb interesuarve nga qendrat kolektive, ndihma do t\u2019i ofrohet personave t\u00eb shp\u00ebrngulur t\u00eb cil\u00ebt gjenden t\u00eb strehur n\u00ebp\u00ebr sht\u00ebpit\u00eb private.<\/p>\n<p>Sipas t\u00eb dh\u00ebnave t\u00eb UNHCR n\u00eb teritorin e k\u00ebtyre dy rretheve gjenden rreth 19.000 persona t\u00eb shp\u00ebrngulur, q\u00eb kap\u00eb 10% t\u00eb sum\u00ebs s\u00eb p\u00ebrgjithshme t\u00eb personave t\u00eb shp\u00ebrngulur n\u00eb t\u00ebr\u00eb teritorin e Serbis\u00eb.<\/p>\n","protected":false},"excerpt":{"rendered":"<p>Qendrat kolektive mbyllen p\u00ebrmes mb\u00ebshtetjes finansiare t\u00eb programit ,,ruajtja e paqes dhe zhvillimi inkluziv\u2019\u2019 (PBILD) <\/p>\n<p>Duke i fal\u00ebnderuar programit t\u00eb p\u00ebrbashk\u00ebt t\u00eb kombeve t\u00eb Bashkuara ,,Ruajtja e paqes dhe zhvillimi inkluziv\u2019\u2019 (PBILD), personave t\u00eb shp\u00ebrngulur n\u00eb\u00a0 motelin ,,Atina\u2019\u2019 e cila \u00ebsht\u00eb qendra e fundit kolektive n\u00eb rrethin\u00ebn e Leskocit n\u00eb t\u00eb cilin kan\u00eb gjetur strehim 67 persona, n\u00eb dispozicion jan\u00eb ofruar tri mund\u00ebsi p\u00ebr gjetjen e strehimit t\u00eb p\u00ebrhersh\u00ebm n\u00eb Serbi. Nga mjetet e fondit spanjoll p\u00ebr arritjen e q\u00ebllimeve mileniume p\u00ebr zhvillim (MGDF), PBILD ka siguruar tri pako ndihme p\u00ebr personat e shp\u00ebrngulur n\u00eb komunat e Serbis\u00eb jugore, posaq\u00ebrisht n\u00eb Bujanoc.<\/p>\n","protected":false},"author":1,"featured_media":0,"comment_status":"closed","ping_status":"closed","sticky":false,"template":"","format":"standard","meta":{"footnotes":""},"categories":[55],"tags":[],"class_list":["post-142747","post","type-post","status-publish","format-standard","hentry","category-lajme"],"yoast_head":"<!-- This site is optimized with the Yoast SEO plugin v27.4 - https:\/\/yoast.com\/product\/yoast-seo-wordpress\/ -->\n<title>23.06.2010. - Republika e S\u00ebrbis\u00eb Trupi Koordinues p\u00ebr komunat Bujanoc, Preshev\u00eb dhe Medvegj\u00eb<\/title>\n<meta name=\"robots\" content=\"index, follow, max-snippet:-1, max-image-preview:large, max-video-preview:-1\" \/>\n<link rel=\"canonical\" href=\"https:\/\/kt.gov.rs\/sq\/23-06-2010\/\" \/>\n<meta property=\"og:locale\" content=\"sq_AL\" \/>\n<meta property=\"og:type\" content=\"article\" \/>\n<meta property=\"og:title\" content=\"23.06.2010. - Republika e S\u00ebrbis\u00eb Trupi Koordinues p\u00ebr komunat Bujanoc, Preshev\u00eb dhe Medvegj\u00eb\" \/>\n<meta property=\"og:description\" content=\"Qendrat kolektive mbyllen p\u00ebrmes mb\u00ebshtetjes finansiare t\u00eb programit ,,ruajtja e paqes dhe zhvillimi inkluziv\u2019\u2019 (PBILD)  Duke i fal\u00ebnderuar programit t\u00eb p\u00ebrbashk\u00ebt t\u00eb kombeve t\u00eb Bashkuara ,,Ruajtja e paqes dhe zhvillimi inkluziv\u2019\u2019 (PBILD), personave t\u00eb shp\u00ebrngulur n\u00eb\u00a0 motelin ,,Atina\u2019\u2019 e cila \u00ebsht\u00eb qendra e fundit kolektive n\u00eb rrethin\u00ebn e Leskocit n\u00eb t\u00eb cilin kan\u00eb gjetur strehim 67 persona, n\u00eb dispozicion jan\u00eb ofruar tri mund\u00ebsi p\u00ebr gjetjen e strehimit t\u00eb p\u00ebrhersh\u00ebm n\u00eb Serbi. Nga mjetet e fondit spanjoll p\u00ebr arritjen e q\u00ebllimeve mileniume p\u00ebr zhvillim (MGDF), PBILD ka siguruar tri pako ndihme p\u00ebr personat e shp\u00ebrngulur n\u00eb komunat e Serbis\u00eb jugore, posaq\u00ebrisht n\u00eb Bujanoc.\" \/>\n<meta property=\"og:url\" content=\"https:\/\/kt.gov.rs\/sq\/23-06-2010\/\" \/>\n<meta property=\"og:site_name\" content=\"Republika e S\u00ebrbis\u00eb Trupi Koordinues p\u00ebr komunat Bujanoc, Preshev\u00eb dhe Medvegj\u00eb\" \/>\n<meta property=\"article:publisher\" content=\"https:\/\/www.facebook.com\/SluzbaKoordinacionogTelaVladeRepublikeSrbije\" \/>\n<meta property=\"article:published_time\" content=\"2010-06-23T00:00:00+00:00\" \/>\n<meta name=\"author\" content=\"ktmin\" \/>\n<meta name=\"twitter:card\" content=\"summary_large_image\" \/>\n<meta name=\"twitter:creator\" content=\"@kt_gov\" \/>\n<meta name=\"twitter:site\" content=\"@kt_gov\" \/>\n<meta name=\"twitter:label1\" content=\"Written by\" \/>\n\t<meta name=\"twitter:data1\" content=\"ktmin\" \/>\n\t<meta name=\"twitter:label2\" content=\"Est. reading time\" \/>\n\t<meta name=\"twitter:data2\" content=\"3 minutes\" \/>\n<script type=\"application\/ld+json\" class=\"yoast-schema-graph\">{\"@context\":\"https:\\\/\\\/schema.org\",\"@graph\":[{\"@type\":\"Article\",\"@id\":\"https:\\\/\\\/kt.gov.rs\\\/sq\\\/23-06-2010\\\/#article\",\"isPartOf\":{\"@id\":\"https:\\\/\\\/kt.gov.rs\\\/sq\\\/23-06-2010\\\/\"},\"author\":{\"name\":\"ktmin\",\"@id\":\"https:\\\/\\\/kt.gov.rs\\\/#\\\/schema\\\/person\\\/e426459ddb4173309103390602694571\"},\"headline\":\"23.06.2010.\",\"datePublished\":\"2010-06-23T00:00:00+00:00\",\"mainEntityOfPage\":{\"@id\":\"https:\\\/\\\/kt.gov.rs\\\/sq\\\/23-06-2010\\\/\"},\"wordCount\":567,\"publisher\":{\"@id\":\"https:\\\/\\\/kt.gov.rs\\\/#organization\"},\"articleSection\":[\"Lajme\"],\"inLanguage\":\"sq-AL\"},{\"@type\":\"WebPage\",\"@id\":\"https:\\\/\\\/kt.gov.rs\\\/sq\\\/23-06-2010\\\/\",\"url\":\"https:\\\/\\\/kt.gov.rs\\\/sq\\\/23-06-2010\\\/\",\"name\":\"23.06.2010. - Republika e S\u00ebrbis\u00eb Trupi Koordinues p\u00ebr komunat Bujanoc, Preshev\u00eb dhe Medvegj\u00eb\",\"isPartOf\":{\"@id\":\"https:\\\/\\\/kt.gov.rs\\\/#website\"},\"datePublished\":\"2010-06-23T00:00:00+00:00\",\"breadcrumb\":{\"@id\":\"https:\\\/\\\/kt.gov.rs\\\/sq\\\/23-06-2010\\\/#breadcrumb\"},\"inLanguage\":\"sq-AL\",\"potentialAction\":[{\"@type\":\"ReadAction\",\"target\":[\"https:\\\/\\\/kt.gov.rs\\\/sq\\\/23-06-2010\\\/\"]}]},{\"@type\":\"BreadcrumbList\",\"@id\":\"https:\\\/\\\/kt.gov.rs\\\/sq\\\/23-06-2010\\\/#breadcrumb\",\"itemListElement\":[{\"@type\":\"ListItem\",\"position\":1,\"name\":\"\u041f\u043e\u0447\u0435\u0442\u043d\u0430\",\"item\":\"https:\\\/\\\/kt.gov.rs\\\/sq\\\/\"},{\"@type\":\"ListItem\",\"position\":2,\"name\":\"23.06.2010.\"}]},{\"@type\":\"WebSite\",\"@id\":\"https:\\\/\\\/kt.gov.rs\\\/#website\",\"url\":\"https:\\\/\\\/kt.gov.rs\\\/\",\"name\":\"\u041a\u043e\u043e\u0440\u0434\u0438\u043d\u0430\u0446\u0438\u043e\u043d\u043e \u0442\u0435\u043b\u043e \u0412\u043b\u0430\u0434\u0435 \u0420\u0435\u043f\u0443\u0431\u043b\u0438\u043a\u0435 \u0421\u0440\u0431\u0438\u0458\u0435 \u0437\u0430 \u043e\u043f\u0448\u0442\u0438\u043d\u0435 \u041f\u0440\u0435\u0448\u0435\u0432\u043e, \u0411\u0443\u0458\u0430\u043d\u043e\u0432\u0430\u0446 \u0438 \u041c\u0435\u0434\u0432\u0435\u0452a\",\"description\":\"\",\"publisher\":{\"@id\":\"https:\\\/\\\/kt.gov.rs\\\/#organization\"},\"alternateName\":\"\u041a\u043e\u043e\u0440\u0434\u0438\u043d\u0430\u0446\u0438\u043e\u043d\u043e \u0442\u0435\u043b\u043e\",\"potentialAction\":[{\"@type\":\"SearchAction\",\"target\":{\"@type\":\"EntryPoint\",\"urlTemplate\":\"https:\\\/\\\/kt.gov.rs\\\/?s={search_term_string}\"},\"query-input\":{\"@type\":\"PropertyValueSpecification\",\"valueRequired\":true,\"valueName\":\"search_term_string\"}}],\"inLanguage\":\"sq-AL\"},{\"@type\":\"Organization\",\"@id\":\"https:\\\/\\\/kt.gov.rs\\\/#organization\",\"name\":\"\u041a\u043e\u043e\u0440\u0434\u0438\u043d\u0430\u0446\u0438\u043e\u043d\u043e \u0442\u0435\u043b\u043e \u0412\u043b\u0430\u0434\u0435 \u0420\u0435\u043f\u0443\u0431\u043b\u0438\u043a\u0435 \u0421\u0440\u0431\u0438\u0458\u0435 \u0437\u0430 \u043e\u043f\u0448\u0442\u0438\u043d\u0435 \u041f\u0440\u0435\u0448\u0435\u0432\u043e, \u0411\u0443\u0458\u0430\u043d\u043e\u0432\u0430\u0446 \u0438 \u041c\u0435\u0434\u0432\u0435\u0452a\",\"alternateName\":\"\u041a\u043e\u043e\u0440\u0434\u0438\u043d\u0430\u0446\u0438\u043e\u043d\u043e \u0442\u0435\u043b\u043e\",\"url\":\"https:\\\/\\\/kt.gov.rs\\\/\",\"logo\":{\"@type\":\"ImageObject\",\"inLanguage\":\"sq-AL\",\"@id\":\"https:\\\/\\\/kt.gov.rs\\\/#\\\/schema\\\/logo\\\/image\\\/\",\"url\":\"https:\\\/\\\/kt.gov.rs\\\/wp-content\\\/uploads\\\/2024\\\/12\\\/koord2.jpg\",\"contentUrl\":\"https:\\\/\\\/kt.gov.rs\\\/wp-content\\\/uploads\\\/2024\\\/12\\\/koord2.jpg\",\"width\":640,\"height\":480,\"caption\":\"\u041a\u043e\u043e\u0440\u0434\u0438\u043d\u0430\u0446\u0438\u043e\u043d\u043e \u0442\u0435\u043b\u043e \u0412\u043b\u0430\u0434\u0435 \u0420\u0435\u043f\u0443\u0431\u043b\u0438\u043a\u0435 \u0421\u0440\u0431\u0438\u0458\u0435 \u0437\u0430 \u043e\u043f\u0448\u0442\u0438\u043d\u0435 \u041f\u0440\u0435\u0448\u0435\u0432\u043e, \u0411\u0443\u0458\u0430\u043d\u043e\u0432\u0430\u0446 \u0438 \u041c\u0435\u0434\u0432\u0435\u0452a\"},\"image\":{\"@id\":\"https:\\\/\\\/kt.gov.rs\\\/#\\\/schema\\\/logo\\\/image\\\/\"},\"sameAs\":[\"https:\\\/\\\/www.facebook.com\\\/SluzbaKoordinacionogTelaVladeRepublikeSrbije\",\"https:\\\/\\\/x.com\\\/kt_gov\",\"https:\\\/\\\/www.youtube.com\\\/@koordinacionotelo\"]},{\"@type\":\"Person\",\"@id\":\"https:\\\/\\\/kt.gov.rs\\\/#\\\/schema\\\/person\\\/e426459ddb4173309103390602694571\",\"name\":\"ktmin\",\"image\":{\"@type\":\"ImageObject\",\"inLanguage\":\"sq-AL\",\"@id\":\"https:\\\/\\\/secure.gravatar.com\\\/avatar\\\/3985c961109853010c3fbc7ba30365bfba5db3dd6c525831d9c595c7525a615a?s=96&d=mm&r=g\",\"url\":\"https:\\\/\\\/secure.gravatar.com\\\/avatar\\\/3985c961109853010c3fbc7ba30365bfba5db3dd6c525831d9c595c7525a615a?s=96&d=mm&r=g\",\"contentUrl\":\"https:\\\/\\\/secure.gravatar.com\\\/avatar\\\/3985c961109853010c3fbc7ba30365bfba5db3dd6c525831d9c595c7525a615a?s=96&d=mm&r=g\",\"caption\":\"ktmin\"},\"sameAs\":[\"https:\\\/\\\/kt.gov.rs\"],\"url\":\"https:\\\/\\\/kt.gov.rs\\\/sq\\\/author\\\/ktmin\\\/\"}]}<\/script>\n<!-- \/ Yoast SEO plugin. -->","yoast_head_json":{"title":"23.06.2010. - Republika e S\u00ebrbis\u00eb Trupi Koordinues p\u00ebr komunat Bujanoc, Preshev\u00eb dhe Medvegj\u00eb","robots":{"index":"index","follow":"follow","max-snippet":"max-snippet:-1","max-image-preview":"max-image-preview:large","max-video-preview":"max-video-preview:-1"},"canonical":"https:\/\/kt.gov.rs\/sq\/23-06-2010\/","og_locale":"sq_AL","og_type":"article","og_title":"23.06.2010. - Republika e S\u00ebrbis\u00eb Trupi Koordinues p\u00ebr komunat Bujanoc, Preshev\u00eb dhe Medvegj\u00eb","og_description":"Qendrat kolektive mbyllen p\u00ebrmes mb\u00ebshtetjes finansiare t\u00eb programit ,,ruajtja e paqes dhe zhvillimi inkluziv\u2019\u2019 (PBILD)  Duke i fal\u00ebnderuar programit t\u00eb p\u00ebrbashk\u00ebt t\u00eb kombeve t\u00eb Bashkuara ,,Ruajtja e paqes dhe zhvillimi inkluziv\u2019\u2019 (PBILD), personave t\u00eb shp\u00ebrngulur n\u00eb\u00a0 motelin ,,Atina\u2019\u2019 e cila \u00ebsht\u00eb qendra e fundit kolektive n\u00eb rrethin\u00ebn e Leskocit n\u00eb t\u00eb cilin kan\u00eb gjetur strehim 67 persona, n\u00eb dispozicion jan\u00eb ofruar tri mund\u00ebsi p\u00ebr gjetjen e strehimit t\u00eb p\u00ebrhersh\u00ebm n\u00eb Serbi. Nga mjetet e fondit spanjoll p\u00ebr arritjen e q\u00ebllimeve mileniume p\u00ebr zhvillim (MGDF), PBILD ka siguruar tri pako ndihme p\u00ebr personat e shp\u00ebrngulur n\u00eb komunat e Serbis\u00eb jugore, posaq\u00ebrisht n\u00eb Bujanoc.","og_url":"https:\/\/kt.gov.rs\/sq\/23-06-2010\/","og_site_name":"Republika e S\u00ebrbis\u00eb Trupi Koordinues p\u00ebr komunat Bujanoc, Preshev\u00eb dhe Medvegj\u00eb","article_publisher":"https:\/\/www.facebook.com\/SluzbaKoordinacionogTelaVladeRepublikeSrbije","article_published_time":"2010-06-23T00:00:00+00:00","author":"ktmin","twitter_card":"summary_large_image","twitter_creator":"@kt_gov","twitter_site":"@kt_gov","twitter_misc":{"Written by":"ktmin","Est. reading time":"3 minutes"},"schema":{"@context":"https:\/\/schema.org","@graph":[{"@type":"Article","@id":"https:\/\/kt.gov.rs\/sq\/23-06-2010\/#article","isPartOf":{"@id":"https:\/\/kt.gov.rs\/sq\/23-06-2010\/"},"author":{"name":"ktmin","@id":"https:\/\/kt.gov.rs\/#\/schema\/person\/e426459ddb4173309103390602694571"},"headline":"23.06.2010.","datePublished":"2010-06-23T00:00:00+00:00","mainEntityOfPage":{"@id":"https:\/\/kt.gov.rs\/sq\/23-06-2010\/"},"wordCount":567,"publisher":{"@id":"https:\/\/kt.gov.rs\/#organization"},"articleSection":["Lajme"],"inLanguage":"sq-AL"},{"@type":"WebPage","@id":"https:\/\/kt.gov.rs\/sq\/23-06-2010\/","url":"https:\/\/kt.gov.rs\/sq\/23-06-2010\/","name":"23.06.2010. - Republika e S\u00ebrbis\u00eb Trupi Koordinues p\u00ebr komunat Bujanoc, Preshev\u00eb dhe Medvegj\u00eb","isPartOf":{"@id":"https:\/\/kt.gov.rs\/#website"},"datePublished":"2010-06-23T00:00:00+00:00","breadcrumb":{"@id":"https:\/\/kt.gov.rs\/sq\/23-06-2010\/#breadcrumb"},"inLanguage":"sq-AL","potentialAction":[{"@type":"ReadAction","target":["https:\/\/kt.gov.rs\/sq\/23-06-2010\/"]}]},{"@type":"BreadcrumbList","@id":"https:\/\/kt.gov.rs\/sq\/23-06-2010\/#breadcrumb","itemListElement":[{"@type":"ListItem","position":1,"name":"\u041f\u043e\u0447\u0435\u0442\u043d\u0430","item":"https:\/\/kt.gov.rs\/sq\/"},{"@type":"ListItem","position":2,"name":"23.06.2010."}]},{"@type":"WebSite","@id":"https:\/\/kt.gov.rs\/#website","url":"https:\/\/kt.gov.rs\/","name":"\u041a\u043e\u043e\u0440\u0434\u0438\u043d\u0430\u0446\u0438\u043e\u043d\u043e \u0442\u0435\u043b\u043e \u0412\u043b\u0430\u0434\u0435 \u0420\u0435\u043f\u0443\u0431\u043b\u0438\u043a\u0435 \u0421\u0440\u0431\u0438\u0458\u0435 \u0437\u0430 \u043e\u043f\u0448\u0442\u0438\u043d\u0435 \u041f\u0440\u0435\u0448\u0435\u0432\u043e, \u0411\u0443\u0458\u0430\u043d\u043e\u0432\u0430\u0446 \u0438 \u041c\u0435\u0434\u0432\u0435\u0452a","description":"","publisher":{"@id":"https:\/\/kt.gov.rs\/#organization"},"alternateName":"\u041a\u043e\u043e\u0440\u0434\u0438\u043d\u0430\u0446\u0438\u043e\u043d\u043e \u0442\u0435\u043b\u043e","potentialAction":[{"@type":"SearchAction","target":{"@type":"EntryPoint","urlTemplate":"https:\/\/kt.gov.rs\/?s={search_term_string}"},"query-input":{"@type":"PropertyValueSpecification","valueRequired":true,"valueName":"search_term_string"}}],"inLanguage":"sq-AL"},{"@type":"Organization","@id":"https:\/\/kt.gov.rs\/#organization","name":"\u041a\u043e\u043e\u0440\u0434\u0438\u043d\u0430\u0446\u0438\u043e\u043d\u043e \u0442\u0435\u043b\u043e \u0412\u043b\u0430\u0434\u0435 \u0420\u0435\u043f\u0443\u0431\u043b\u0438\u043a\u0435 \u0421\u0440\u0431\u0438\u0458\u0435 \u0437\u0430 \u043e\u043f\u0448\u0442\u0438\u043d\u0435 \u041f\u0440\u0435\u0448\u0435\u0432\u043e, \u0411\u0443\u0458\u0430\u043d\u043e\u0432\u0430\u0446 \u0438 \u041c\u0435\u0434\u0432\u0435\u0452a","alternateName":"\u041a\u043e\u043e\u0440\u0434\u0438\u043d\u0430\u0446\u0438\u043e\u043d\u043e \u0442\u0435\u043b\u043e","url":"https:\/\/kt.gov.rs\/","logo":{"@type":"ImageObject","inLanguage":"sq-AL","@id":"https:\/\/kt.gov.rs\/#\/schema\/logo\/image\/","url":"https:\/\/kt.gov.rs\/wp-content\/uploads\/2024\/12\/koord2.jpg","contentUrl":"https:\/\/kt.gov.rs\/wp-content\/uploads\/2024\/12\/koord2.jpg","width":640,"height":480,"caption":"\u041a\u043e\u043e\u0440\u0434\u0438\u043d\u0430\u0446\u0438\u043e\u043d\u043e \u0442\u0435\u043b\u043e \u0412\u043b\u0430\u0434\u0435 \u0420\u0435\u043f\u0443\u0431\u043b\u0438\u043a\u0435 \u0421\u0440\u0431\u0438\u0458\u0435 \u0437\u0430 \u043e\u043f\u0448\u0442\u0438\u043d\u0435 \u041f\u0440\u0435\u0448\u0435\u0432\u043e, \u0411\u0443\u0458\u0430\u043d\u043e\u0432\u0430\u0446 \u0438 \u041c\u0435\u0434\u0432\u0435\u0452a"},"image":{"@id":"https:\/\/kt.gov.rs\/#\/schema\/logo\/image\/"},"sameAs":["https:\/\/www.facebook.com\/SluzbaKoordinacionogTelaVladeRepublikeSrbije","https:\/\/x.com\/kt_gov","https:\/\/www.youtube.com\/@koordinacionotelo"]},{"@type":"Person","@id":"https:\/\/kt.gov.rs\/#\/schema\/person\/e426459ddb4173309103390602694571","name":"ktmin","image":{"@type":"ImageObject","inLanguage":"sq-AL","@id":"https:\/\/secure.gravatar.com\/avatar\/3985c961109853010c3fbc7ba30365bfba5db3dd6c525831d9c595c7525a615a?s=96&d=mm&r=g","url":"https:\/\/secure.gravatar.com\/avatar\/3985c961109853010c3fbc7ba30365bfba5db3dd6c525831d9c595c7525a615a?s=96&d=mm&r=g","contentUrl":"https:\/\/secure.gravatar.com\/avatar\/3985c961109853010c3fbc7ba30365bfba5db3dd6c525831d9c595c7525a615a?s=96&d=mm&r=g","caption":"ktmin"},"sameAs":["https:\/\/kt.gov.rs"],"url":"https:\/\/kt.gov.rs\/sq\/author\/ktmin\/"}]}},"_links":{"self":[{"href":"https:\/\/kt.gov.rs\/sq\/wp-json\/wp\/v2\/posts\/142747","targetHints":{"allow":["GET"]}}],"collection":[{"href":"https:\/\/kt.gov.rs\/sq\/wp-json\/wp\/v2\/posts"}],"about":[{"href":"https:\/\/kt.gov.rs\/sq\/wp-json\/wp\/v2\/types\/post"}],"author":[{"embeddable":true,"href":"https:\/\/kt.gov.rs\/sq\/wp-json\/wp\/v2\/users\/1"}],"replies":[{"embeddable":true,"href":"https:\/\/kt.gov.rs\/sq\/wp-json\/wp\/v2\/comments?post=142747"}],"version-history":[{"count":0,"href":"https:\/\/kt.gov.rs\/sq\/wp-json\/wp\/v2\/posts\/142747\/revisions"}],"wp:attachment":[{"href":"https:\/\/kt.gov.rs\/sq\/wp-json\/wp\/v2\/media?parent=142747"}],"wp:term":[{"taxonomy":"category","embeddable":true,"href":"https:\/\/kt.gov.rs\/sq\/wp-json\/wp\/v2\/categories?post=142747"},{"taxonomy":"post_tag","embeddable":true,"href":"https:\/\/kt.gov.rs\/sq\/wp-json\/wp\/v2\/tags?post=142747"}],"curies":[{"name":"wp","href":"https:\/\/api.w.org\/{rel}","templated":true}]}}