{"id":142719,"date":"2010-07-06T00:00:00","date_gmt":"2010-07-06T00:00:00","guid":{"rendered":"http:\/\/kt.printandscreen.rs\/komunikate-per-media-ti-dhe-une-jemi-ne-ne-egzit\/"},"modified":"2010-07-06T00:00:00","modified_gmt":"2010-07-06T00:00:00","slug":"komunikate-per-media-ti-dhe-une-jemi-ne-ne-egzit","status":"publish","type":"post","link":"https:\/\/kt.gov.rs\/sq\/komunikate-per-media-ti-dhe-une-jemi-ne-ne-egzit\/","title":{"rendered":"KOMUNIKAT\u00cb P\u00cbR MEDIA \u2013 \u201eTI DHE UN\u00cb JEMI NE\u201c N\u00cb EGZIT"},"content":{"rendered":"<p><strong>Qeveria e KA t\u00eb Vojvodin\u00ebs, pjes\u00ebmarr\u00ebsve t\u00eb projektit ,,Ti dhe un\u00eb jemi ne\u2019\u2019 u ka mund\u00ebsuar q\u00ebndrimin n\u00eb festivalin Egzit. T\u00eb gjith\u00eb pjes\u00ebmarr\u00ebsve dhe kordinator\u00ebve t\u00eb projektit, p\u00ebrpos hyrjes p\u00ebr dit\u00ebn e par\u00eb t\u00eb k\u00ebtij\u00eb festivali, Qeveria e Vojvodin\u00ebs u ka siguruar edhe q\u00ebndrim n\u00eb Novi Sad.<\/strong> Kjo \u00ebsht\u00eb nj\u00eb rrjedh\u00eb e mir\u00eb e bashk\u00ebpunimit t\u00eb mir\u00eb n\u00eb mes t\u00eb Qeveris\u00eb s\u00eb Vojvodin\u00ebs dhe Trupit Koordinues t\u00eb Qeveris\u00eb s\u00eb Serbis\u00eb p\u00ebr komunat Preshev\u00eb, Bujanoc dhe Medvegj\u00eb, i cili ka ndihmuar finansiarisht projektin ,,Ti dhe un\u00eb jemi ne\u2019\u2019.<\/p>\n<p>Projekti ,,Ti dhe un\u00eb jemi ne\u2019\u2019 pas nj\u00eb pun\u00ebtorie artistike disamujore, u sh\u00ebndrrua n\u00eb n\u00eb nj\u00eb \u00e7faqje multietnike n\u00eb t\u00eb cil\u00ebn nx\u00ebn\u00ebsit e shkollave t\u00eb mesme Shqip\u00ebtar\u00eb, Serb\u00eb dhe Rom\u00eb nga Bujanoci dhe Presheva me tekstin e tyre, n\u00eb gjuh\u00ebt e tyre si dhe n\u00eb gjuh\u00ebn angleze flasin p\u00ebr rritjen dhe jet\u00ebn e tyre n\u00eb Serbin\u00eb jugore. \u00c7faqja pas premier\u00ebs s\u00eb saj\u00eb n\u00eb Bujanoc, \u00ebsht\u00eb paraqitur edhe n\u00eb Beograd, <strong>n\u00eb gajsht\u00eb komunat e Vojvodin\u00ebs <\/strong>si dhe n\u00eb ,,Gja\u00e7kom Saboru\u2019\u2019 n\u00eb T\u00ebrshiq.<strong><br \/>\n<\/strong><br \/>\nProjekti ,,Ti dhe un\u00eb jemi ne\u2019\u2019 \u00ebsht\u00eb sh\u00ebnd\u00ebrruar n\u00eb nj\u00eb qend\u00ebr rinore, i cili tash p\u00ebrpos \u00e7faqjes s\u00eb nx\u00ebn\u00ebsve t\u00eb shkollave t\u00eb mesme nga Bujanoci dhe Presheva, nj\u00eb projekt t\u00eb till\u00eb multietnik pregatit edhe n\u00eb Kikind\u00eb. T\u00eb rinj\u00ebt nga Kikinda do t\u2019u bashkangjiten t\u00eb rinj\u00ebve nga Bujanoci dhe Presheva n\u00eb hapjen e Egzit-it. Hyrjet p\u00ebr t\u00eb rinj\u00ebt nga Kikinda u ka siguruar Qeveria e Vojvodin\u00ebs.<\/p>\n<p>P\u00ebr informacione m\u00eb t\u00eb holl\u00ebsishme, Ju lutem t\u00eb kontaktoni Milica Rodiq n\u00eb: milica.rodic@kt.gov.rs ose n\u00eb tel 063 10 50 713<\/p>\n","protected":false},"excerpt":{"rendered":"<p>Qeveria e KA t\u00eb Vojvodin\u00ebs, pjes\u00ebmarr\u00ebsve t\u00eb projektit ,,Ti dhe un\u00eb jemi ne\u2019\u2019 u ka mund\u00ebsuar q\u00ebndrimin n\u00eb festivalin Egzit. T\u00eb gjith\u00eb pjes\u00ebmarr\u00ebsve dhe kordinator\u00ebve t\u00eb projektit, p\u00ebrpos hyrjes p\u00ebr dit\u00ebn e par\u00eb t\u00eb k\u00ebtij\u00eb festivali, Qeveria e Vojvodin\u00ebs u ka siguruar edhe q\u00ebndrim n\u00eb Novi Sad. Kjo \u00ebsht\u00eb nj\u00eb rrjedh\u00eb e mir\u00eb e bashk\u00ebpunimit t\u00eb mir\u00eb n\u00eb mes t\u00eb Qeveris\u00eb s\u00eb Vojvodin\u00ebs dhe Trupit Koordinues t\u00eb Qeveris\u00eb s\u00eb Serbis\u00eb p\u00ebr komunat Preshev\u00eb, Bujanoc dhe Medvegj\u00eb, i cili ka ndihmuar finansiarisht projektin ,,Ti dhe un\u00eb jemi ne\u2019\u2019.<\/p>\n","protected":false},"author":1,"featured_media":0,"comment_status":"closed","ping_status":"closed","sticky":false,"template":"","format":"standard","meta":{"footnotes":""},"categories":[55],"tags":[],"class_list":["post-142719","post","type-post","status-publish","format-standard","hentry","category-lajme"],"yoast_head":"<!-- This site is optimized with the Yoast SEO plugin v27.5 - https:\/\/yoast.com\/product\/yoast-seo-wordpress\/ -->\n<title>KOMUNIKAT\u00cb P\u00cbR MEDIA - \u201eTI DHE UN\u00cb JEMI NE\u201c N\u00cb EGZIT - Republika e S\u00ebrbis\u00eb Trupi Koordinues p\u00ebr komunat Bujanoc, Preshev\u00eb dhe Medvegj\u00eb<\/title>\n<meta name=\"robots\" content=\"index, follow, max-snippet:-1, max-image-preview:large, max-video-preview:-1\" \/>\n<link rel=\"canonical\" href=\"https:\/\/kt.gov.rs\/sq\/komunikate-per-media-ti-dhe-une-jemi-ne-ne-egzit\/\" \/>\n<meta property=\"og:locale\" content=\"sq_AL\" \/>\n<meta property=\"og:type\" content=\"article\" \/>\n<meta property=\"og:title\" content=\"KOMUNIKAT\u00cb P\u00cbR MEDIA - \u201eTI DHE UN\u00cb JEMI NE\u201c N\u00cb EGZIT - Republika e S\u00ebrbis\u00eb Trupi Koordinues p\u00ebr komunat Bujanoc, Preshev\u00eb dhe Medvegj\u00eb\" \/>\n<meta property=\"og:description\" content=\"Qeveria e KA t\u00eb Vojvodin\u00ebs, pjes\u00ebmarr\u00ebsve t\u00eb projektit ,,Ti dhe un\u00eb jemi ne\u2019\u2019 u ka mund\u00ebsuar q\u00ebndrimin n\u00eb festivalin Egzit. T\u00eb gjith\u00eb pjes\u00ebmarr\u00ebsve dhe kordinator\u00ebve t\u00eb projektit, p\u00ebrpos hyrjes p\u00ebr dit\u00ebn e par\u00eb t\u00eb k\u00ebtij\u00eb festivali, Qeveria e Vojvodin\u00ebs u ka siguruar edhe q\u00ebndrim n\u00eb Novi Sad. Kjo \u00ebsht\u00eb nj\u00eb rrjedh\u00eb e mir\u00eb e bashk\u00ebpunimit t\u00eb mir\u00eb n\u00eb mes t\u00eb Qeveris\u00eb s\u00eb Vojvodin\u00ebs dhe Trupit Koordinues t\u00eb Qeveris\u00eb s\u00eb Serbis\u00eb p\u00ebr komunat Preshev\u00eb, Bujanoc dhe Medvegj\u00eb, i cili ka ndihmuar finansiarisht projektin ,,Ti dhe un\u00eb jemi ne\u2019\u2019.\" \/>\n<meta property=\"og:url\" content=\"https:\/\/kt.gov.rs\/sq\/komunikate-per-media-ti-dhe-une-jemi-ne-ne-egzit\/\" \/>\n<meta property=\"og:site_name\" content=\"Republika e S\u00ebrbis\u00eb Trupi Koordinues p\u00ebr komunat Bujanoc, Preshev\u00eb dhe Medvegj\u00eb\" \/>\n<meta property=\"article:publisher\" content=\"https:\/\/www.facebook.com\/SluzbaKoordinacionogTelaVladeRepublikeSrbije\" \/>\n<meta property=\"article:published_time\" content=\"2010-07-06T00:00:00+00:00\" \/>\n<meta name=\"author\" content=\"ktmin\" \/>\n<meta name=\"twitter:card\" content=\"summary_large_image\" \/>\n<meta name=\"twitter:creator\" content=\"@kt_gov\" \/>\n<meta name=\"twitter:site\" content=\"@kt_gov\" \/>\n<meta name=\"twitter:label1\" content=\"Written by\" \/>\n\t<meta name=\"twitter:data1\" content=\"ktmin\" \/>\n\t<meta name=\"twitter:label2\" content=\"Est. reading time\" \/>\n\t<meta name=\"twitter:data2\" content=\"2 minutes\" \/>\n<script type=\"application\/ld+json\" class=\"yoast-schema-graph\">{\"@context\":\"https:\\\/\\\/schema.org\",\"@graph\":[{\"@type\":\"Article\",\"@id\":\"https:\\\/\\\/kt.gov.rs\\\/sq\\\/komunikate-per-media-ti-dhe-une-jemi-ne-ne-egzit\\\/#article\",\"isPartOf\":{\"@id\":\"https:\\\/\\\/kt.gov.rs\\\/sq\\\/komunikate-per-media-ti-dhe-une-jemi-ne-ne-egzit\\\/\"},\"author\":{\"name\":\"ktmin\",\"@id\":\"https:\\\/\\\/kt.gov.rs\\\/#\\\/schema\\\/person\\\/e426459ddb4173309103390602694571\"},\"headline\":\"KOMUNIKAT\u00cb P\u00cbR MEDIA \u2013 \u201eTI DHE UN\u00cb JEMI NE\u201c N\u00cb EGZIT\",\"datePublished\":\"2010-07-06T00:00:00+00:00\",\"mainEntityOfPage\":{\"@id\":\"https:\\\/\\\/kt.gov.rs\\\/sq\\\/komunikate-per-media-ti-dhe-une-jemi-ne-ne-egzit\\\/\"},\"wordCount\":321,\"publisher\":{\"@id\":\"https:\\\/\\\/kt.gov.rs\\\/#organization\"},\"articleSection\":[\"Lajme\"],\"inLanguage\":\"sq-AL\"},{\"@type\":\"WebPage\",\"@id\":\"https:\\\/\\\/kt.gov.rs\\\/sq\\\/komunikate-per-media-ti-dhe-une-jemi-ne-ne-egzit\\\/\",\"url\":\"https:\\\/\\\/kt.gov.rs\\\/sq\\\/komunikate-per-media-ti-dhe-une-jemi-ne-ne-egzit\\\/\",\"name\":\"KOMUNIKAT\u00cb P\u00cbR MEDIA - \u201eTI DHE UN\u00cb JEMI NE\u201c N\u00cb EGZIT - Republika e S\u00ebrbis\u00eb Trupi Koordinues p\u00ebr komunat Bujanoc, Preshev\u00eb dhe Medvegj\u00eb\",\"isPartOf\":{\"@id\":\"https:\\\/\\\/kt.gov.rs\\\/#website\"},\"datePublished\":\"2010-07-06T00:00:00+00:00\",\"breadcrumb\":{\"@id\":\"https:\\\/\\\/kt.gov.rs\\\/sq\\\/komunikate-per-media-ti-dhe-une-jemi-ne-ne-egzit\\\/#breadcrumb\"},\"inLanguage\":\"sq-AL\",\"potentialAction\":[{\"@type\":\"ReadAction\",\"target\":[\"https:\\\/\\\/kt.gov.rs\\\/sq\\\/komunikate-per-media-ti-dhe-une-jemi-ne-ne-egzit\\\/\"]}]},{\"@type\":\"BreadcrumbList\",\"@id\":\"https:\\\/\\\/kt.gov.rs\\\/sq\\\/komunikate-per-media-ti-dhe-une-jemi-ne-ne-egzit\\\/#breadcrumb\",\"itemListElement\":[{\"@type\":\"ListItem\",\"position\":1,\"name\":\"\u041f\u043e\u0447\u0435\u0442\u043d\u0430\",\"item\":\"https:\\\/\\\/kt.gov.rs\\\/sq\\\/\"},{\"@type\":\"ListItem\",\"position\":2,\"name\":\"KOMUNIKAT\u00cb P\u00cbR MEDIA \u2013 \u201eTI DHE UN\u00cb JEMI NE\u201c N\u00cb EGZIT\"}]},{\"@type\":\"WebSite\",\"@id\":\"https:\\\/\\\/kt.gov.rs\\\/#website\",\"url\":\"https:\\\/\\\/kt.gov.rs\\\/\",\"name\":\"\u041a\u043e\u043e\u0440\u0434\u0438\u043d\u0430\u0446\u0438\u043e\u043d\u043e \u0442\u0435\u043b\u043e \u0412\u043b\u0430\u0434\u0435 \u0420\u0435\u043f\u0443\u0431\u043b\u0438\u043a\u0435 \u0421\u0440\u0431\u0438\u0458\u0435 \u0437\u0430 \u043e\u043f\u0448\u0442\u0438\u043d\u0435 \u041f\u0440\u0435\u0448\u0435\u0432\u043e, \u0411\u0443\u0458\u0430\u043d\u043e\u0432\u0430\u0446 \u0438 \u041c\u0435\u0434\u0432\u0435\u0452a\",\"description\":\"\",\"publisher\":{\"@id\":\"https:\\\/\\\/kt.gov.rs\\\/#organization\"},\"alternateName\":\"\u041a\u043e\u043e\u0440\u0434\u0438\u043d\u0430\u0446\u0438\u043e\u043d\u043e \u0442\u0435\u043b\u043e\",\"potentialAction\":[{\"@type\":\"SearchAction\",\"target\":{\"@type\":\"EntryPoint\",\"urlTemplate\":\"https:\\\/\\\/kt.gov.rs\\\/?s={search_term_string}\"},\"query-input\":{\"@type\":\"PropertyValueSpecification\",\"valueRequired\":true,\"valueName\":\"search_term_string\"}}],\"inLanguage\":\"sq-AL\"},{\"@type\":\"Organization\",\"@id\":\"https:\\\/\\\/kt.gov.rs\\\/#organization\",\"name\":\"\u041a\u043e\u043e\u0440\u0434\u0438\u043d\u0430\u0446\u0438\u043e\u043d\u043e \u0442\u0435\u043b\u043e \u0412\u043b\u0430\u0434\u0435 \u0420\u0435\u043f\u0443\u0431\u043b\u0438\u043a\u0435 \u0421\u0440\u0431\u0438\u0458\u0435 \u0437\u0430 \u043e\u043f\u0448\u0442\u0438\u043d\u0435 \u041f\u0440\u0435\u0448\u0435\u0432\u043e, \u0411\u0443\u0458\u0430\u043d\u043e\u0432\u0430\u0446 \u0438 \u041c\u0435\u0434\u0432\u0435\u0452a\",\"alternateName\":\"\u041a\u043e\u043e\u0440\u0434\u0438\u043d\u0430\u0446\u0438\u043e\u043d\u043e \u0442\u0435\u043b\u043e\",\"url\":\"https:\\\/\\\/kt.gov.rs\\\/\",\"logo\":{\"@type\":\"ImageObject\",\"inLanguage\":\"sq-AL\",\"@id\":\"https:\\\/\\\/kt.gov.rs\\\/#\\\/schema\\\/logo\\\/image\\\/\",\"url\":\"https:\\\/\\\/kt.gov.rs\\\/wp-content\\\/uploads\\\/2024\\\/12\\\/koord2.jpg\",\"contentUrl\":\"https:\\\/\\\/kt.gov.rs\\\/wp-content\\\/uploads\\\/2024\\\/12\\\/koord2.jpg\",\"width\":640,\"height\":480,\"caption\":\"\u041a\u043e\u043e\u0440\u0434\u0438\u043d\u0430\u0446\u0438\u043e\u043d\u043e \u0442\u0435\u043b\u043e \u0412\u043b\u0430\u0434\u0435 \u0420\u0435\u043f\u0443\u0431\u043b\u0438\u043a\u0435 \u0421\u0440\u0431\u0438\u0458\u0435 \u0437\u0430 \u043e\u043f\u0448\u0442\u0438\u043d\u0435 \u041f\u0440\u0435\u0448\u0435\u0432\u043e, \u0411\u0443\u0458\u0430\u043d\u043e\u0432\u0430\u0446 \u0438 \u041c\u0435\u0434\u0432\u0435\u0452a\"},\"image\":{\"@id\":\"https:\\\/\\\/kt.gov.rs\\\/#\\\/schema\\\/logo\\\/image\\\/\"},\"sameAs\":[\"https:\\\/\\\/www.facebook.com\\\/SluzbaKoordinacionogTelaVladeRepublikeSrbije\",\"https:\\\/\\\/x.com\\\/kt_gov\",\"https:\\\/\\\/www.youtube.com\\\/@koordinacionotelo\"]},{\"@type\":\"Person\",\"@id\":\"https:\\\/\\\/kt.gov.rs\\\/#\\\/schema\\\/person\\\/e426459ddb4173309103390602694571\",\"name\":\"ktmin\",\"image\":{\"@type\":\"ImageObject\",\"inLanguage\":\"sq-AL\",\"@id\":\"https:\\\/\\\/secure.gravatar.com\\\/avatar\\\/3985c961109853010c3fbc7ba30365bfba5db3dd6c525831d9c595c7525a615a?s=96&d=mm&r=g\",\"url\":\"https:\\\/\\\/secure.gravatar.com\\\/avatar\\\/3985c961109853010c3fbc7ba30365bfba5db3dd6c525831d9c595c7525a615a?s=96&d=mm&r=g\",\"contentUrl\":\"https:\\\/\\\/secure.gravatar.com\\\/avatar\\\/3985c961109853010c3fbc7ba30365bfba5db3dd6c525831d9c595c7525a615a?s=96&d=mm&r=g\",\"caption\":\"ktmin\"},\"sameAs\":[\"https:\\\/\\\/kt.gov.rs\"],\"url\":\"https:\\\/\\\/kt.gov.rs\\\/sq\\\/author\\\/ktmin\\\/\"}]}<\/script>\n<!-- \/ Yoast SEO plugin. -->","yoast_head_json":{"title":"KOMUNIKAT\u00cb P\u00cbR MEDIA - \u201eTI DHE UN\u00cb JEMI NE\u201c N\u00cb EGZIT - Republika e S\u00ebrbis\u00eb Trupi Koordinues p\u00ebr komunat Bujanoc, Preshev\u00eb dhe Medvegj\u00eb","robots":{"index":"index","follow":"follow","max-snippet":"max-snippet:-1","max-image-preview":"max-image-preview:large","max-video-preview":"max-video-preview:-1"},"canonical":"https:\/\/kt.gov.rs\/sq\/komunikate-per-media-ti-dhe-une-jemi-ne-ne-egzit\/","og_locale":"sq_AL","og_type":"article","og_title":"KOMUNIKAT\u00cb P\u00cbR MEDIA - \u201eTI DHE UN\u00cb JEMI NE\u201c N\u00cb EGZIT - Republika e S\u00ebrbis\u00eb Trupi Koordinues p\u00ebr komunat Bujanoc, Preshev\u00eb dhe Medvegj\u00eb","og_description":"Qeveria e KA t\u00eb Vojvodin\u00ebs, pjes\u00ebmarr\u00ebsve t\u00eb projektit ,,Ti dhe un\u00eb jemi ne\u2019\u2019 u ka mund\u00ebsuar q\u00ebndrimin n\u00eb festivalin Egzit. T\u00eb gjith\u00eb pjes\u00ebmarr\u00ebsve dhe kordinator\u00ebve t\u00eb projektit, p\u00ebrpos hyrjes p\u00ebr dit\u00ebn e par\u00eb t\u00eb k\u00ebtij\u00eb festivali, Qeveria e Vojvodin\u00ebs u ka siguruar edhe q\u00ebndrim n\u00eb Novi Sad. Kjo \u00ebsht\u00eb nj\u00eb rrjedh\u00eb e mir\u00eb e bashk\u00ebpunimit t\u00eb mir\u00eb n\u00eb mes t\u00eb Qeveris\u00eb s\u00eb Vojvodin\u00ebs dhe Trupit Koordinues t\u00eb Qeveris\u00eb s\u00eb Serbis\u00eb p\u00ebr komunat Preshev\u00eb, Bujanoc dhe Medvegj\u00eb, i cili ka ndihmuar finansiarisht projektin ,,Ti dhe un\u00eb jemi ne\u2019\u2019.","og_url":"https:\/\/kt.gov.rs\/sq\/komunikate-per-media-ti-dhe-une-jemi-ne-ne-egzit\/","og_site_name":"Republika e S\u00ebrbis\u00eb Trupi Koordinues p\u00ebr komunat Bujanoc, Preshev\u00eb dhe Medvegj\u00eb","article_publisher":"https:\/\/www.facebook.com\/SluzbaKoordinacionogTelaVladeRepublikeSrbije","article_published_time":"2010-07-06T00:00:00+00:00","author":"ktmin","twitter_card":"summary_large_image","twitter_creator":"@kt_gov","twitter_site":"@kt_gov","twitter_misc":{"Written by":"ktmin","Est. reading time":"2 minutes"},"schema":{"@context":"https:\/\/schema.org","@graph":[{"@type":"Article","@id":"https:\/\/kt.gov.rs\/sq\/komunikate-per-media-ti-dhe-une-jemi-ne-ne-egzit\/#article","isPartOf":{"@id":"https:\/\/kt.gov.rs\/sq\/komunikate-per-media-ti-dhe-une-jemi-ne-ne-egzit\/"},"author":{"name":"ktmin","@id":"https:\/\/kt.gov.rs\/#\/schema\/person\/e426459ddb4173309103390602694571"},"headline":"KOMUNIKAT\u00cb P\u00cbR MEDIA \u2013 \u201eTI DHE UN\u00cb JEMI NE\u201c N\u00cb EGZIT","datePublished":"2010-07-06T00:00:00+00:00","mainEntityOfPage":{"@id":"https:\/\/kt.gov.rs\/sq\/komunikate-per-media-ti-dhe-une-jemi-ne-ne-egzit\/"},"wordCount":321,"publisher":{"@id":"https:\/\/kt.gov.rs\/#organization"},"articleSection":["Lajme"],"inLanguage":"sq-AL"},{"@type":"WebPage","@id":"https:\/\/kt.gov.rs\/sq\/komunikate-per-media-ti-dhe-une-jemi-ne-ne-egzit\/","url":"https:\/\/kt.gov.rs\/sq\/komunikate-per-media-ti-dhe-une-jemi-ne-ne-egzit\/","name":"KOMUNIKAT\u00cb P\u00cbR MEDIA - \u201eTI DHE UN\u00cb JEMI NE\u201c N\u00cb EGZIT - Republika e S\u00ebrbis\u00eb Trupi Koordinues p\u00ebr komunat Bujanoc, Preshev\u00eb dhe Medvegj\u00eb","isPartOf":{"@id":"https:\/\/kt.gov.rs\/#website"},"datePublished":"2010-07-06T00:00:00+00:00","breadcrumb":{"@id":"https:\/\/kt.gov.rs\/sq\/komunikate-per-media-ti-dhe-une-jemi-ne-ne-egzit\/#breadcrumb"},"inLanguage":"sq-AL","potentialAction":[{"@type":"ReadAction","target":["https:\/\/kt.gov.rs\/sq\/komunikate-per-media-ti-dhe-une-jemi-ne-ne-egzit\/"]}]},{"@type":"BreadcrumbList","@id":"https:\/\/kt.gov.rs\/sq\/komunikate-per-media-ti-dhe-une-jemi-ne-ne-egzit\/#breadcrumb","itemListElement":[{"@type":"ListItem","position":1,"name":"\u041f\u043e\u0447\u0435\u0442\u043d\u0430","item":"https:\/\/kt.gov.rs\/sq\/"},{"@type":"ListItem","position":2,"name":"KOMUNIKAT\u00cb P\u00cbR MEDIA \u2013 \u201eTI DHE UN\u00cb JEMI NE\u201c N\u00cb EGZIT"}]},{"@type":"WebSite","@id":"https:\/\/kt.gov.rs\/#website","url":"https:\/\/kt.gov.rs\/","name":"\u041a\u043e\u043e\u0440\u0434\u0438\u043d\u0430\u0446\u0438\u043e\u043d\u043e \u0442\u0435\u043b\u043e \u0412\u043b\u0430\u0434\u0435 \u0420\u0435\u043f\u0443\u0431\u043b\u0438\u043a\u0435 \u0421\u0440\u0431\u0438\u0458\u0435 \u0437\u0430 \u043e\u043f\u0448\u0442\u0438\u043d\u0435 \u041f\u0440\u0435\u0448\u0435\u0432\u043e, \u0411\u0443\u0458\u0430\u043d\u043e\u0432\u0430\u0446 \u0438 \u041c\u0435\u0434\u0432\u0435\u0452a","description":"","publisher":{"@id":"https:\/\/kt.gov.rs\/#organization"},"alternateName":"\u041a\u043e\u043e\u0440\u0434\u0438\u043d\u0430\u0446\u0438\u043e\u043d\u043e \u0442\u0435\u043b\u043e","potentialAction":[{"@type":"SearchAction","target":{"@type":"EntryPoint","urlTemplate":"https:\/\/kt.gov.rs\/?s={search_term_string}"},"query-input":{"@type":"PropertyValueSpecification","valueRequired":true,"valueName":"search_term_string"}}],"inLanguage":"sq-AL"},{"@type":"Organization","@id":"https:\/\/kt.gov.rs\/#organization","name":"\u041a\u043e\u043e\u0440\u0434\u0438\u043d\u0430\u0446\u0438\u043e\u043d\u043e \u0442\u0435\u043b\u043e \u0412\u043b\u0430\u0434\u0435 \u0420\u0435\u043f\u0443\u0431\u043b\u0438\u043a\u0435 \u0421\u0440\u0431\u0438\u0458\u0435 \u0437\u0430 \u043e\u043f\u0448\u0442\u0438\u043d\u0435 \u041f\u0440\u0435\u0448\u0435\u0432\u043e, \u0411\u0443\u0458\u0430\u043d\u043e\u0432\u0430\u0446 \u0438 \u041c\u0435\u0434\u0432\u0435\u0452a","alternateName":"\u041a\u043e\u043e\u0440\u0434\u0438\u043d\u0430\u0446\u0438\u043e\u043d\u043e \u0442\u0435\u043b\u043e","url":"https:\/\/kt.gov.rs\/","logo":{"@type":"ImageObject","inLanguage":"sq-AL","@id":"https:\/\/kt.gov.rs\/#\/schema\/logo\/image\/","url":"https:\/\/kt.gov.rs\/wp-content\/uploads\/2024\/12\/koord2.jpg","contentUrl":"https:\/\/kt.gov.rs\/wp-content\/uploads\/2024\/12\/koord2.jpg","width":640,"height":480,"caption":"\u041a\u043e\u043e\u0440\u0434\u0438\u043d\u0430\u0446\u0438\u043e\u043d\u043e \u0442\u0435\u043b\u043e \u0412\u043b\u0430\u0434\u0435 \u0420\u0435\u043f\u0443\u0431\u043b\u0438\u043a\u0435 \u0421\u0440\u0431\u0438\u0458\u0435 \u0437\u0430 \u043e\u043f\u0448\u0442\u0438\u043d\u0435 \u041f\u0440\u0435\u0448\u0435\u0432\u043e, \u0411\u0443\u0458\u0430\u043d\u043e\u0432\u0430\u0446 \u0438 \u041c\u0435\u0434\u0432\u0435\u0452a"},"image":{"@id":"https:\/\/kt.gov.rs\/#\/schema\/logo\/image\/"},"sameAs":["https:\/\/www.facebook.com\/SluzbaKoordinacionogTelaVladeRepublikeSrbije","https:\/\/x.com\/kt_gov","https:\/\/www.youtube.com\/@koordinacionotelo"]},{"@type":"Person","@id":"https:\/\/kt.gov.rs\/#\/schema\/person\/e426459ddb4173309103390602694571","name":"ktmin","image":{"@type":"ImageObject","inLanguage":"sq-AL","@id":"https:\/\/secure.gravatar.com\/avatar\/3985c961109853010c3fbc7ba30365bfba5db3dd6c525831d9c595c7525a615a?s=96&d=mm&r=g","url":"https:\/\/secure.gravatar.com\/avatar\/3985c961109853010c3fbc7ba30365bfba5db3dd6c525831d9c595c7525a615a?s=96&d=mm&r=g","contentUrl":"https:\/\/secure.gravatar.com\/avatar\/3985c961109853010c3fbc7ba30365bfba5db3dd6c525831d9c595c7525a615a?s=96&d=mm&r=g","caption":"ktmin"},"sameAs":["https:\/\/kt.gov.rs"],"url":"https:\/\/kt.gov.rs\/sq\/author\/ktmin\/"}]}},"_links":{"self":[{"href":"https:\/\/kt.gov.rs\/sq\/wp-json\/wp\/v2\/posts\/142719","targetHints":{"allow":["GET"]}}],"collection":[{"href":"https:\/\/kt.gov.rs\/sq\/wp-json\/wp\/v2\/posts"}],"about":[{"href":"https:\/\/kt.gov.rs\/sq\/wp-json\/wp\/v2\/types\/post"}],"author":[{"embeddable":true,"href":"https:\/\/kt.gov.rs\/sq\/wp-json\/wp\/v2\/users\/1"}],"replies":[{"embeddable":true,"href":"https:\/\/kt.gov.rs\/sq\/wp-json\/wp\/v2\/comments?post=142719"}],"version-history":[{"count":0,"href":"https:\/\/kt.gov.rs\/sq\/wp-json\/wp\/v2\/posts\/142719\/revisions"}],"wp:attachment":[{"href":"https:\/\/kt.gov.rs\/sq\/wp-json\/wp\/v2\/media?parent=142719"}],"wp:term":[{"taxonomy":"category","embeddable":true,"href":"https:\/\/kt.gov.rs\/sq\/wp-json\/wp\/v2\/categories?post=142719"},{"taxonomy":"post_tag","embeddable":true,"href":"https:\/\/kt.gov.rs\/sq\/wp-json\/wp\/v2\/tags?post=142719"}],"curies":[{"name":"wp","href":"https:\/\/api.w.org\/{rel}","templated":true}]}}