{"id":142718,"date":"2010-07-06T00:00:00","date_gmt":"2010-07-06T00:00:00","guid":{"rendered":"http:\/\/kt.printandscreen.rs\/thirrje-per-media-banesa-per-te-shperngulurit-dhe-familjet-e-rrezikuara-ne-medvegje\/"},"modified":"2010-07-06T00:00:00","modified_gmt":"2010-07-06T00:00:00","slug":"thirrje-per-media-banesa-per-te-shperngulurit-dhe-familjet-e-rrezikuara-ne-medvegje","status":"publish","type":"post","link":"https:\/\/kt.gov.rs\/sq\/thirrje-per-media-banesa-per-te-shperngulurit-dhe-familjet-e-rrezikuara-ne-medvegje\/","title":{"rendered":"THIRRJE P\u00cbR MEDIA \u2013 BANESA P\u00cbR T\u00cb SHP\u00cbRNGULURIT DHE FAMILJET E RREZIKUARA N\u00cb MEDVEGJ\u00cb"},"content":{"rendered":"<p>Ministri i pushtetit lokal dhe i vet\u00ebqeverisjes lokale e nj\u00ebherit kryetar\u00eb i Trupit Koordinues p\u00ebr komunat Preshev\u00eb, Bujanoc dhe Medvegj\u00eb Milan Markoviq, kryeshefi i Delegacionit t\u00eb Unionit Europian n\u00eb Republik\u00ebn e Serbis\u00eb Vensan Dezher, ministri i pun\u00ebs dhe i mir\u00ebqenies sociale Rasim Lajiq dhe kryetari i komun\u00ebs s\u00eb Medvegj\u00ebs Slobodan Drashkoviq do t\u00eb b\u00ebjn\u00eb hapjen solemne t\u00eb nd\u00ebrtes\u00ebs s\u00eb banimit ku me k\u00ebt\u00eb rast\u00eb do t\u2019u dor\u00ebzojn\u00eb \u00e7el\u00ebsat e tet\u00eb banesave familjeve refugjate dhe familjeve m\u00eb t\u00eb rrezikuara, <strong>t\u00eb enjten m\u00eb 08 korrik duke filluar n\u00eb ora 13,30.<br \/>\n<\/strong><br \/>\nN\u00eb k\u00ebt\u00eb manifestim do t\u00eb marr\u00eb pjes\u00eb edhe komisioneri p\u00ebr refugjat\u00eb Vladimir Cuciq si dhe drejtori regjional i ACB-s\u00eb p\u00ebr Europ\u00ebn juglindore Elmar Bojaxhiq.<br \/>\nKryetari i Trupit Koordinues Milan Markoviq, do t\u2019u dor\u00ebzoj\u00eb kompjuter\u00eb dy familjeve t\u00eb f\u00ebmij\u00ebve me aft\u00ebsi t\u00eb kufizuara, nd\u00ebrsa nj\u00eb kompjuter\u00eb dhom\u00ebs ditore p\u00ebr t\u00eb moshuarit. Trupi Koordinues p\u00ebr komunat Preshev\u00eb, Bujanoc dhe Medvegj\u00eb ka ndihmuar me 1,2 milion\u00eb dinar\u00eb p\u00ebr rregullimin e enterijerit t\u00eb dhom\u00ebs p\u00ebr t\u00eb moshuar.<\/p>\n<p>Nd\u00ebrtimin e banesave n\u00eb Medvegj\u00eb e ka finansuar Unioni Europian me 140.000 euro n\u00eb suaza t\u00eb projektit t\u00eb organizat\u00ebs joqeveritare gjermane ACB:<\/p>\n<p>Ministria e pushtetit lokal dhe e vet\u00ebqeverisjes lokale n\u00eb k\u00ebt\u00eb projekt ka marr\u00eb pjes\u00eb me nj\u00eb sum\u00eb prej 2 milion\u00eb dinar\u00ebsh p\u00ebr kyqjen n\u00eb sistemin energjetik t\u00eb k\u00ebtij\u00eb objekti si dhe dhom\u00ebs ditore p\u00ebr njer\u00ebz t\u00eb moshuar<\/p>\n<p><strong><u>Programi ivizit\u00ebs:<\/u><\/p>\n<p>13.30\u201314.00 Dor\u00ebzimi i\u00e7el\u00ebsave dhe kontratave familjeve shfryt\u00ebzuese si dhe hapja solemne e objektit ;<\/p>\n<p>14.00\u201314.30 Deklaratat p\u00ebr media n\u00eb nd\u00ebrtes\u00ebn banesore:<\/p>\n<p>\u2013 Kryetari i komun\u00ebs s\u00eb Medvegj\u00ebs Slobodan Drashkoviq,<\/p>\n<p>\u2013 Kryeshefi i delegacionit t\u00eb Unionit Europian n\u00eb Serbi, Vensan Dezher,<\/p>\n<p>\u2013 Ministri dhe kryetari i Trupit Koordinues p\u00ebr komunat Preshev\u00eb, Bujanoc\u00a0 \u00a0<br \/>\ndhe Medvegj\u00eb, Milan Markoviq,<\/p>\n<p>\u2013 Ministri p\u00ebr pun\u00eb dhe mir\u00ebqenie sociale Rasim Lajiq,<\/p>\n<p>\u2013 Komisioneri p\u00ebr refugjat Vladimir Cuciq,<\/p>\n<p>\u2013 Drejtori regjional i ABC-s\u00eb p\u00ebr Europ\u00ebn juglindore Elmir Bojaxhiq;<\/p>\n<p>15.00 Vizita e dhom\u00ebs ditore p\u00ebr t\u00eb moshuarit n\u00eb Medvegj\u00eb, me \u00e7\u2019rast\u00eb ministri Milan Markoviq do t\u2019u dhuroj\u00eb kompjuterin.<\/strong><\/p>\n","protected":false},"excerpt":{"rendered":"<p>Ministri i pushtetit lokal dhe i vet\u00ebqeverisjes lokale e nj\u00ebherit kryetar\u00eb i Trupit Koordinues p\u00ebr komunat Preshev\u00eb, Bujanoc dhe Medvegj\u00eb Milan Markoviq, kryeshefi i Delegacionit t\u00eb Unionit Europian n\u00eb Republik\u00ebn e Serbis\u00eb Vensan Dezher, ministri i pun\u00ebs dhe i mir\u00ebqenies sociale Rasim Lajiq dhe kryetari i komun\u00ebs s\u00eb Medvegj\u00ebs Slobodan Drashkoviq do t\u00eb b\u00ebjn\u00eb hapjen solemne t\u00eb nd\u00ebrtes\u00ebs s\u00eb banimit ku me k\u00ebt\u00eb rast\u00eb do t\u2019u dor\u00ebzojn\u00eb \u00e7el\u00ebsat e tet\u00eb banesave familjeve refugjate dhe familjeve m\u00eb t\u00eb rrezikuara, t\u00eb enjten m\u00eb 08 korrik duke filluar n\u00eb ora 13,30.<\/p>\n","protected":false},"author":1,"featured_media":0,"comment_status":"closed","ping_status":"closed","sticky":false,"template":"","format":"standard","meta":{"footnotes":""},"categories":[55],"tags":[],"class_list":["post-142718","post","type-post","status-publish","format-standard","hentry","category-lajme"],"yoast_head":"<!-- This site is optimized with the Yoast SEO plugin v27.4 - https:\/\/yoast.com\/product\/yoast-seo-wordpress\/ -->\n<title>THIRRJE P\u00cbR MEDIA - BANESA P\u00cbR T\u00cb SHP\u00cbRNGULURIT DHE FAMILJET E RREZIKUARA N\u00cb MEDVEGJ\u00cb - Republika e S\u00ebrbis\u00eb Trupi Koordinues p\u00ebr komunat Bujanoc, Preshev\u00eb dhe Medvegj\u00eb<\/title>\n<meta name=\"robots\" content=\"index, follow, max-snippet:-1, max-image-preview:large, max-video-preview:-1\" \/>\n<link rel=\"canonical\" href=\"https:\/\/kt.gov.rs\/sq\/thirrje-per-media-banesa-per-te-shperngulurit-dhe-familjet-e-rrezikuara-ne-medvegje\/\" \/>\n<meta property=\"og:locale\" content=\"sq_AL\" \/>\n<meta property=\"og:type\" content=\"article\" \/>\n<meta property=\"og:title\" content=\"THIRRJE P\u00cbR MEDIA - BANESA P\u00cbR T\u00cb SHP\u00cbRNGULURIT DHE FAMILJET E RREZIKUARA N\u00cb MEDVEGJ\u00cb - Republika e S\u00ebrbis\u00eb Trupi Koordinues p\u00ebr komunat Bujanoc, Preshev\u00eb dhe Medvegj\u00eb\" \/>\n<meta property=\"og:description\" content=\"Ministri i pushtetit lokal dhe i vet\u00ebqeverisjes lokale e nj\u00ebherit kryetar\u00eb i Trupit Koordinues p\u00ebr komunat Preshev\u00eb, Bujanoc dhe Medvegj\u00eb Milan Markoviq, kryeshefi i Delegacionit t\u00eb Unionit Europian n\u00eb Republik\u00ebn e Serbis\u00eb Vensan Dezher, ministri i pun\u00ebs dhe i mir\u00ebqenies sociale Rasim Lajiq dhe kryetari i komun\u00ebs s\u00eb Medvegj\u00ebs Slobodan Drashkoviq do t\u00eb b\u00ebjn\u00eb hapjen solemne t\u00eb nd\u00ebrtes\u00ebs s\u00eb banimit ku me k\u00ebt\u00eb rast\u00eb do t\u2019u dor\u00ebzojn\u00eb \u00e7el\u00ebsat e tet\u00eb banesave familjeve refugjate dhe familjeve m\u00eb t\u00eb rrezikuara, t\u00eb enjten m\u00eb 08 korrik duke filluar n\u00eb ora 13,30.\" \/>\n<meta property=\"og:url\" content=\"https:\/\/kt.gov.rs\/sq\/thirrje-per-media-banesa-per-te-shperngulurit-dhe-familjet-e-rrezikuara-ne-medvegje\/\" \/>\n<meta property=\"og:site_name\" content=\"Republika e S\u00ebrbis\u00eb Trupi Koordinues p\u00ebr komunat Bujanoc, Preshev\u00eb dhe Medvegj\u00eb\" \/>\n<meta property=\"article:publisher\" content=\"https:\/\/www.facebook.com\/SluzbaKoordinacionogTelaVladeRepublikeSrbije\" \/>\n<meta property=\"article:published_time\" content=\"2010-07-06T00:00:00+00:00\" \/>\n<meta name=\"author\" content=\"ktmin\" \/>\n<meta name=\"twitter:card\" content=\"summary_large_image\" \/>\n<meta name=\"twitter:creator\" content=\"@kt_gov\" \/>\n<meta name=\"twitter:site\" content=\"@kt_gov\" \/>\n<meta name=\"twitter:label1\" content=\"Written by\" \/>\n\t<meta name=\"twitter:data1\" content=\"ktmin\" \/>\n\t<meta name=\"twitter:label2\" content=\"Est. reading time\" \/>\n\t<meta name=\"twitter:data2\" content=\"2 minutes\" \/>\n<script type=\"application\/ld+json\" class=\"yoast-schema-graph\">{\"@context\":\"https:\\\/\\\/schema.org\",\"@graph\":[{\"@type\":\"Article\",\"@id\":\"https:\\\/\\\/kt.gov.rs\\\/sq\\\/thirrje-per-media-banesa-per-te-shperngulurit-dhe-familjet-e-rrezikuara-ne-medvegje\\\/#article\",\"isPartOf\":{\"@id\":\"https:\\\/\\\/kt.gov.rs\\\/sq\\\/thirrje-per-media-banesa-per-te-shperngulurit-dhe-familjet-e-rrezikuara-ne-medvegje\\\/\"},\"author\":{\"name\":\"ktmin\",\"@id\":\"https:\\\/\\\/kt.gov.rs\\\/#\\\/schema\\\/person\\\/e426459ddb4173309103390602694571\"},\"headline\":\"THIRRJE P\u00cbR MEDIA \u2013 BANESA P\u00cbR T\u00cb SHP\u00cbRNGULURIT DHE FAMILJET E RREZIKUARA N\u00cb MEDVEGJ\u00cb\",\"datePublished\":\"2010-07-06T00:00:00+00:00\",\"mainEntityOfPage\":{\"@id\":\"https:\\\/\\\/kt.gov.rs\\\/sq\\\/thirrje-per-media-banesa-per-te-shperngulurit-dhe-familjet-e-rrezikuara-ne-medvegje\\\/\"},\"wordCount\":397,\"publisher\":{\"@id\":\"https:\\\/\\\/kt.gov.rs\\\/#organization\"},\"articleSection\":[\"Lajme\"],\"inLanguage\":\"sq-AL\"},{\"@type\":\"WebPage\",\"@id\":\"https:\\\/\\\/kt.gov.rs\\\/sq\\\/thirrje-per-media-banesa-per-te-shperngulurit-dhe-familjet-e-rrezikuara-ne-medvegje\\\/\",\"url\":\"https:\\\/\\\/kt.gov.rs\\\/sq\\\/thirrje-per-media-banesa-per-te-shperngulurit-dhe-familjet-e-rrezikuara-ne-medvegje\\\/\",\"name\":\"THIRRJE P\u00cbR MEDIA - BANESA P\u00cbR T\u00cb SHP\u00cbRNGULURIT DHE FAMILJET E RREZIKUARA N\u00cb MEDVEGJ\u00cb - Republika e S\u00ebrbis\u00eb Trupi Koordinues p\u00ebr komunat Bujanoc, Preshev\u00eb dhe Medvegj\u00eb\",\"isPartOf\":{\"@id\":\"https:\\\/\\\/kt.gov.rs\\\/#website\"},\"datePublished\":\"2010-07-06T00:00:00+00:00\",\"breadcrumb\":{\"@id\":\"https:\\\/\\\/kt.gov.rs\\\/sq\\\/thirrje-per-media-banesa-per-te-shperngulurit-dhe-familjet-e-rrezikuara-ne-medvegje\\\/#breadcrumb\"},\"inLanguage\":\"sq-AL\",\"potentialAction\":[{\"@type\":\"ReadAction\",\"target\":[\"https:\\\/\\\/kt.gov.rs\\\/sq\\\/thirrje-per-media-banesa-per-te-shperngulurit-dhe-familjet-e-rrezikuara-ne-medvegje\\\/\"]}]},{\"@type\":\"BreadcrumbList\",\"@id\":\"https:\\\/\\\/kt.gov.rs\\\/sq\\\/thirrje-per-media-banesa-per-te-shperngulurit-dhe-familjet-e-rrezikuara-ne-medvegje\\\/#breadcrumb\",\"itemListElement\":[{\"@type\":\"ListItem\",\"position\":1,\"name\":\"\u041f\u043e\u0447\u0435\u0442\u043d\u0430\",\"item\":\"https:\\\/\\\/kt.gov.rs\\\/sq\\\/\"},{\"@type\":\"ListItem\",\"position\":2,\"name\":\"THIRRJE P\u00cbR MEDIA \u2013 BANESA P\u00cbR T\u00cb SHP\u00cbRNGULURIT DHE FAMILJET E RREZIKUARA N\u00cb MEDVEGJ\u00cb\"}]},{\"@type\":\"WebSite\",\"@id\":\"https:\\\/\\\/kt.gov.rs\\\/#website\",\"url\":\"https:\\\/\\\/kt.gov.rs\\\/\",\"name\":\"\u041a\u043e\u043e\u0440\u0434\u0438\u043d\u0430\u0446\u0438\u043e\u043d\u043e \u0442\u0435\u043b\u043e \u0412\u043b\u0430\u0434\u0435 \u0420\u0435\u043f\u0443\u0431\u043b\u0438\u043a\u0435 \u0421\u0440\u0431\u0438\u0458\u0435 \u0437\u0430 \u043e\u043f\u0448\u0442\u0438\u043d\u0435 \u041f\u0440\u0435\u0448\u0435\u0432\u043e, \u0411\u0443\u0458\u0430\u043d\u043e\u0432\u0430\u0446 \u0438 \u041c\u0435\u0434\u0432\u0435\u0452a\",\"description\":\"\",\"publisher\":{\"@id\":\"https:\\\/\\\/kt.gov.rs\\\/#organization\"},\"alternateName\":\"\u041a\u043e\u043e\u0440\u0434\u0438\u043d\u0430\u0446\u0438\u043e\u043d\u043e \u0442\u0435\u043b\u043e\",\"potentialAction\":[{\"@type\":\"SearchAction\",\"target\":{\"@type\":\"EntryPoint\",\"urlTemplate\":\"https:\\\/\\\/kt.gov.rs\\\/?s={search_term_string}\"},\"query-input\":{\"@type\":\"PropertyValueSpecification\",\"valueRequired\":true,\"valueName\":\"search_term_string\"}}],\"inLanguage\":\"sq-AL\"},{\"@type\":\"Organization\",\"@id\":\"https:\\\/\\\/kt.gov.rs\\\/#organization\",\"name\":\"\u041a\u043e\u043e\u0440\u0434\u0438\u043d\u0430\u0446\u0438\u043e\u043d\u043e \u0442\u0435\u043b\u043e \u0412\u043b\u0430\u0434\u0435 \u0420\u0435\u043f\u0443\u0431\u043b\u0438\u043a\u0435 \u0421\u0440\u0431\u0438\u0458\u0435 \u0437\u0430 \u043e\u043f\u0448\u0442\u0438\u043d\u0435 \u041f\u0440\u0435\u0448\u0435\u0432\u043e, \u0411\u0443\u0458\u0430\u043d\u043e\u0432\u0430\u0446 \u0438 \u041c\u0435\u0434\u0432\u0435\u0452a\",\"alternateName\":\"\u041a\u043e\u043e\u0440\u0434\u0438\u043d\u0430\u0446\u0438\u043e\u043d\u043e \u0442\u0435\u043b\u043e\",\"url\":\"https:\\\/\\\/kt.gov.rs\\\/\",\"logo\":{\"@type\":\"ImageObject\",\"inLanguage\":\"sq-AL\",\"@id\":\"https:\\\/\\\/kt.gov.rs\\\/#\\\/schema\\\/logo\\\/image\\\/\",\"url\":\"https:\\\/\\\/kt.gov.rs\\\/wp-content\\\/uploads\\\/2024\\\/12\\\/koord2.jpg\",\"contentUrl\":\"https:\\\/\\\/kt.gov.rs\\\/wp-content\\\/uploads\\\/2024\\\/12\\\/koord2.jpg\",\"width\":640,\"height\":480,\"caption\":\"\u041a\u043e\u043e\u0440\u0434\u0438\u043d\u0430\u0446\u0438\u043e\u043d\u043e \u0442\u0435\u043b\u043e \u0412\u043b\u0430\u0434\u0435 \u0420\u0435\u043f\u0443\u0431\u043b\u0438\u043a\u0435 \u0421\u0440\u0431\u0438\u0458\u0435 \u0437\u0430 \u043e\u043f\u0448\u0442\u0438\u043d\u0435 \u041f\u0440\u0435\u0448\u0435\u0432\u043e, \u0411\u0443\u0458\u0430\u043d\u043e\u0432\u0430\u0446 \u0438 \u041c\u0435\u0434\u0432\u0435\u0452a\"},\"image\":{\"@id\":\"https:\\\/\\\/kt.gov.rs\\\/#\\\/schema\\\/logo\\\/image\\\/\"},\"sameAs\":[\"https:\\\/\\\/www.facebook.com\\\/SluzbaKoordinacionogTelaVladeRepublikeSrbije\",\"https:\\\/\\\/x.com\\\/kt_gov\",\"https:\\\/\\\/www.youtube.com\\\/@koordinacionotelo\"]},{\"@type\":\"Person\",\"@id\":\"https:\\\/\\\/kt.gov.rs\\\/#\\\/schema\\\/person\\\/e426459ddb4173309103390602694571\",\"name\":\"ktmin\",\"image\":{\"@type\":\"ImageObject\",\"inLanguage\":\"sq-AL\",\"@id\":\"https:\\\/\\\/secure.gravatar.com\\\/avatar\\\/3985c961109853010c3fbc7ba30365bfba5db3dd6c525831d9c595c7525a615a?s=96&d=mm&r=g\",\"url\":\"https:\\\/\\\/secure.gravatar.com\\\/avatar\\\/3985c961109853010c3fbc7ba30365bfba5db3dd6c525831d9c595c7525a615a?s=96&d=mm&r=g\",\"contentUrl\":\"https:\\\/\\\/secure.gravatar.com\\\/avatar\\\/3985c961109853010c3fbc7ba30365bfba5db3dd6c525831d9c595c7525a615a?s=96&d=mm&r=g\",\"caption\":\"ktmin\"},\"sameAs\":[\"https:\\\/\\\/kt.gov.rs\"],\"url\":\"https:\\\/\\\/kt.gov.rs\\\/sq\\\/author\\\/ktmin\\\/\"}]}<\/script>\n<!-- \/ Yoast SEO plugin. -->","yoast_head_json":{"title":"THIRRJE P\u00cbR MEDIA - BANESA P\u00cbR T\u00cb SHP\u00cbRNGULURIT DHE FAMILJET E RREZIKUARA N\u00cb MEDVEGJ\u00cb - Republika e S\u00ebrbis\u00eb Trupi Koordinues p\u00ebr komunat Bujanoc, Preshev\u00eb dhe Medvegj\u00eb","robots":{"index":"index","follow":"follow","max-snippet":"max-snippet:-1","max-image-preview":"max-image-preview:large","max-video-preview":"max-video-preview:-1"},"canonical":"https:\/\/kt.gov.rs\/sq\/thirrje-per-media-banesa-per-te-shperngulurit-dhe-familjet-e-rrezikuara-ne-medvegje\/","og_locale":"sq_AL","og_type":"article","og_title":"THIRRJE P\u00cbR MEDIA - BANESA P\u00cbR T\u00cb SHP\u00cbRNGULURIT DHE FAMILJET E RREZIKUARA N\u00cb MEDVEGJ\u00cb - Republika e S\u00ebrbis\u00eb Trupi Koordinues p\u00ebr komunat Bujanoc, Preshev\u00eb dhe Medvegj\u00eb","og_description":"Ministri i pushtetit lokal dhe i vet\u00ebqeverisjes lokale e nj\u00ebherit kryetar\u00eb i Trupit Koordinues p\u00ebr komunat Preshev\u00eb, Bujanoc dhe Medvegj\u00eb Milan Markoviq, kryeshefi i Delegacionit t\u00eb Unionit Europian n\u00eb Republik\u00ebn e Serbis\u00eb Vensan Dezher, ministri i pun\u00ebs dhe i mir\u00ebqenies sociale Rasim Lajiq dhe kryetari i komun\u00ebs s\u00eb Medvegj\u00ebs Slobodan Drashkoviq do t\u00eb b\u00ebjn\u00eb hapjen solemne t\u00eb nd\u00ebrtes\u00ebs s\u00eb banimit ku me k\u00ebt\u00eb rast\u00eb do t\u2019u dor\u00ebzojn\u00eb \u00e7el\u00ebsat e tet\u00eb banesave familjeve refugjate dhe familjeve m\u00eb t\u00eb rrezikuara, t\u00eb enjten m\u00eb 08 korrik duke filluar n\u00eb ora 13,30.","og_url":"https:\/\/kt.gov.rs\/sq\/thirrje-per-media-banesa-per-te-shperngulurit-dhe-familjet-e-rrezikuara-ne-medvegje\/","og_site_name":"Republika e S\u00ebrbis\u00eb Trupi Koordinues p\u00ebr komunat Bujanoc, Preshev\u00eb dhe Medvegj\u00eb","article_publisher":"https:\/\/www.facebook.com\/SluzbaKoordinacionogTelaVladeRepublikeSrbije","article_published_time":"2010-07-06T00:00:00+00:00","author":"ktmin","twitter_card":"summary_large_image","twitter_creator":"@kt_gov","twitter_site":"@kt_gov","twitter_misc":{"Written by":"ktmin","Est. reading time":"2 minutes"},"schema":{"@context":"https:\/\/schema.org","@graph":[{"@type":"Article","@id":"https:\/\/kt.gov.rs\/sq\/thirrje-per-media-banesa-per-te-shperngulurit-dhe-familjet-e-rrezikuara-ne-medvegje\/#article","isPartOf":{"@id":"https:\/\/kt.gov.rs\/sq\/thirrje-per-media-banesa-per-te-shperngulurit-dhe-familjet-e-rrezikuara-ne-medvegje\/"},"author":{"name":"ktmin","@id":"https:\/\/kt.gov.rs\/#\/schema\/person\/e426459ddb4173309103390602694571"},"headline":"THIRRJE P\u00cbR MEDIA \u2013 BANESA P\u00cbR T\u00cb SHP\u00cbRNGULURIT DHE FAMILJET E RREZIKUARA N\u00cb MEDVEGJ\u00cb","datePublished":"2010-07-06T00:00:00+00:00","mainEntityOfPage":{"@id":"https:\/\/kt.gov.rs\/sq\/thirrje-per-media-banesa-per-te-shperngulurit-dhe-familjet-e-rrezikuara-ne-medvegje\/"},"wordCount":397,"publisher":{"@id":"https:\/\/kt.gov.rs\/#organization"},"articleSection":["Lajme"],"inLanguage":"sq-AL"},{"@type":"WebPage","@id":"https:\/\/kt.gov.rs\/sq\/thirrje-per-media-banesa-per-te-shperngulurit-dhe-familjet-e-rrezikuara-ne-medvegje\/","url":"https:\/\/kt.gov.rs\/sq\/thirrje-per-media-banesa-per-te-shperngulurit-dhe-familjet-e-rrezikuara-ne-medvegje\/","name":"THIRRJE P\u00cbR MEDIA - BANESA P\u00cbR T\u00cb SHP\u00cbRNGULURIT DHE FAMILJET E RREZIKUARA N\u00cb MEDVEGJ\u00cb - Republika e S\u00ebrbis\u00eb Trupi Koordinues p\u00ebr komunat Bujanoc, Preshev\u00eb dhe Medvegj\u00eb","isPartOf":{"@id":"https:\/\/kt.gov.rs\/#website"},"datePublished":"2010-07-06T00:00:00+00:00","breadcrumb":{"@id":"https:\/\/kt.gov.rs\/sq\/thirrje-per-media-banesa-per-te-shperngulurit-dhe-familjet-e-rrezikuara-ne-medvegje\/#breadcrumb"},"inLanguage":"sq-AL","potentialAction":[{"@type":"ReadAction","target":["https:\/\/kt.gov.rs\/sq\/thirrje-per-media-banesa-per-te-shperngulurit-dhe-familjet-e-rrezikuara-ne-medvegje\/"]}]},{"@type":"BreadcrumbList","@id":"https:\/\/kt.gov.rs\/sq\/thirrje-per-media-banesa-per-te-shperngulurit-dhe-familjet-e-rrezikuara-ne-medvegje\/#breadcrumb","itemListElement":[{"@type":"ListItem","position":1,"name":"\u041f\u043e\u0447\u0435\u0442\u043d\u0430","item":"https:\/\/kt.gov.rs\/sq\/"},{"@type":"ListItem","position":2,"name":"THIRRJE P\u00cbR MEDIA \u2013 BANESA P\u00cbR T\u00cb SHP\u00cbRNGULURIT DHE FAMILJET E RREZIKUARA N\u00cb MEDVEGJ\u00cb"}]},{"@type":"WebSite","@id":"https:\/\/kt.gov.rs\/#website","url":"https:\/\/kt.gov.rs\/","name":"\u041a\u043e\u043e\u0440\u0434\u0438\u043d\u0430\u0446\u0438\u043e\u043d\u043e \u0442\u0435\u043b\u043e \u0412\u043b\u0430\u0434\u0435 \u0420\u0435\u043f\u0443\u0431\u043b\u0438\u043a\u0435 \u0421\u0440\u0431\u0438\u0458\u0435 \u0437\u0430 \u043e\u043f\u0448\u0442\u0438\u043d\u0435 \u041f\u0440\u0435\u0448\u0435\u0432\u043e, \u0411\u0443\u0458\u0430\u043d\u043e\u0432\u0430\u0446 \u0438 \u041c\u0435\u0434\u0432\u0435\u0452a","description":"","publisher":{"@id":"https:\/\/kt.gov.rs\/#organization"},"alternateName":"\u041a\u043e\u043e\u0440\u0434\u0438\u043d\u0430\u0446\u0438\u043e\u043d\u043e \u0442\u0435\u043b\u043e","potentialAction":[{"@type":"SearchAction","target":{"@type":"EntryPoint","urlTemplate":"https:\/\/kt.gov.rs\/?s={search_term_string}"},"query-input":{"@type":"PropertyValueSpecification","valueRequired":true,"valueName":"search_term_string"}}],"inLanguage":"sq-AL"},{"@type":"Organization","@id":"https:\/\/kt.gov.rs\/#organization","name":"\u041a\u043e\u043e\u0440\u0434\u0438\u043d\u0430\u0446\u0438\u043e\u043d\u043e \u0442\u0435\u043b\u043e \u0412\u043b\u0430\u0434\u0435 \u0420\u0435\u043f\u0443\u0431\u043b\u0438\u043a\u0435 \u0421\u0440\u0431\u0438\u0458\u0435 \u0437\u0430 \u043e\u043f\u0448\u0442\u0438\u043d\u0435 \u041f\u0440\u0435\u0448\u0435\u0432\u043e, \u0411\u0443\u0458\u0430\u043d\u043e\u0432\u0430\u0446 \u0438 \u041c\u0435\u0434\u0432\u0435\u0452a","alternateName":"\u041a\u043e\u043e\u0440\u0434\u0438\u043d\u0430\u0446\u0438\u043e\u043d\u043e \u0442\u0435\u043b\u043e","url":"https:\/\/kt.gov.rs\/","logo":{"@type":"ImageObject","inLanguage":"sq-AL","@id":"https:\/\/kt.gov.rs\/#\/schema\/logo\/image\/","url":"https:\/\/kt.gov.rs\/wp-content\/uploads\/2024\/12\/koord2.jpg","contentUrl":"https:\/\/kt.gov.rs\/wp-content\/uploads\/2024\/12\/koord2.jpg","width":640,"height":480,"caption":"\u041a\u043e\u043e\u0440\u0434\u0438\u043d\u0430\u0446\u0438\u043e\u043d\u043e \u0442\u0435\u043b\u043e \u0412\u043b\u0430\u0434\u0435 \u0420\u0435\u043f\u0443\u0431\u043b\u0438\u043a\u0435 \u0421\u0440\u0431\u0438\u0458\u0435 \u0437\u0430 \u043e\u043f\u0448\u0442\u0438\u043d\u0435 \u041f\u0440\u0435\u0448\u0435\u0432\u043e, \u0411\u0443\u0458\u0430\u043d\u043e\u0432\u0430\u0446 \u0438 \u041c\u0435\u0434\u0432\u0435\u0452a"},"image":{"@id":"https:\/\/kt.gov.rs\/#\/schema\/logo\/image\/"},"sameAs":["https:\/\/www.facebook.com\/SluzbaKoordinacionogTelaVladeRepublikeSrbije","https:\/\/x.com\/kt_gov","https:\/\/www.youtube.com\/@koordinacionotelo"]},{"@type":"Person","@id":"https:\/\/kt.gov.rs\/#\/schema\/person\/e426459ddb4173309103390602694571","name":"ktmin","image":{"@type":"ImageObject","inLanguage":"sq-AL","@id":"https:\/\/secure.gravatar.com\/avatar\/3985c961109853010c3fbc7ba30365bfba5db3dd6c525831d9c595c7525a615a?s=96&d=mm&r=g","url":"https:\/\/secure.gravatar.com\/avatar\/3985c961109853010c3fbc7ba30365bfba5db3dd6c525831d9c595c7525a615a?s=96&d=mm&r=g","contentUrl":"https:\/\/secure.gravatar.com\/avatar\/3985c961109853010c3fbc7ba30365bfba5db3dd6c525831d9c595c7525a615a?s=96&d=mm&r=g","caption":"ktmin"},"sameAs":["https:\/\/kt.gov.rs"],"url":"https:\/\/kt.gov.rs\/sq\/author\/ktmin\/"}]}},"_links":{"self":[{"href":"https:\/\/kt.gov.rs\/sq\/wp-json\/wp\/v2\/posts\/142718","targetHints":{"allow":["GET"]}}],"collection":[{"href":"https:\/\/kt.gov.rs\/sq\/wp-json\/wp\/v2\/posts"}],"about":[{"href":"https:\/\/kt.gov.rs\/sq\/wp-json\/wp\/v2\/types\/post"}],"author":[{"embeddable":true,"href":"https:\/\/kt.gov.rs\/sq\/wp-json\/wp\/v2\/users\/1"}],"replies":[{"embeddable":true,"href":"https:\/\/kt.gov.rs\/sq\/wp-json\/wp\/v2\/comments?post=142718"}],"version-history":[{"count":0,"href":"https:\/\/kt.gov.rs\/sq\/wp-json\/wp\/v2\/posts\/142718\/revisions"}],"wp:attachment":[{"href":"https:\/\/kt.gov.rs\/sq\/wp-json\/wp\/v2\/media?parent=142718"}],"wp:term":[{"taxonomy":"category","embeddable":true,"href":"https:\/\/kt.gov.rs\/sq\/wp-json\/wp\/v2\/categories?post=142718"},{"taxonomy":"post_tag","embeddable":true,"href":"https:\/\/kt.gov.rs\/sq\/wp-json\/wp\/v2\/tags?post=142718"}],"curies":[{"name":"wp","href":"https:\/\/api.w.org\/{rel}","templated":true}]}}