{"id":142707,"date":"2010-07-09T00:00:00","date_gmt":"2010-07-09T00:00:00","guid":{"rendered":"http:\/\/kt.printandscreen.rs\/banesa-per-me-te-varferit-ne-medvegje\/"},"modified":"2024-07-30T20:22:25","modified_gmt":"2024-07-30T20:22:25","slug":"banesa-per-me-te-varferit-ne-medvegje","status":"publish","type":"post","link":"https:\/\/kt.gov.rs\/sq\/banesa-per-me-te-varferit-ne-medvegje\/","title":{"rendered":"BANESA P\u00cbR M\u00cb T\u00cb VARF\u00cbRIT N\u00cb MEDVEGJ\u00cb"},"content":{"rendered":"<p><img decoding=\"async\" align=\"left\" src=\"https:\/\/kt.gov.rs\/wp-content\/uploads\/2024\/07\/newspic373-4.jpg\" alt=\"\" \/>Kryetari i Trupit Koordinues ministri Milann Markoviq, kryeshefi i delegacionit t\u00eb UE n\u00eb Serbi Vensan Dezher, ministri i pun\u00ebs dhe mir\u00ebqenies sociale Rasim Lajiq dhe komisioneri p\u00ebr refugjat i Republik\u00ebs s\u00eb Serbis\u00eb Vladimir Cuciq, dje kan\u00eb hapur banes\u00ebn p\u00ebr m\u00eb t\u00eb varf\u00ebrit dhe refugjat\u00ebt,\u00a0 me q\u2019rast kan\u00eb dhuruar \u00e7el\u00ebsat shfryt\u00ebzuesve t\u00eb k\u00ebtyre banesave.<\/p>\n<p>Banesa p\u00ebr banim social \u00ebsht\u00eb nd\u00ebrtuar nga mjetet e fondeve t\u00eb Unionit Europian (IPA Fondet) t\u00eb cilat fonde p\u00ebrmes organizat\u00ebs humanitare gjermane Arbeiter-Samariter-Bund (ASB) e cila n\u00eb k\u00ebt\u00eb objekt investuar 14 milion\u00eb dinar\u00eb, Ministria e pushtetit lokal dhe e qeverisjes lokale ka siguruar dy milion\u00eb dinar\u00eb nga mjetet e loj\u00ebrave t\u00eb fatit. Komuna e Medvegj\u00ebs ka siguruar vendin e nd\u00ebrtimit dhe infrastruktur\u00ebn komunale.<\/p>\n<p>Ministri i pushtetit lokal dhe i vet\u00ebqeverisjes lokale e nj\u00ebherit kryetar\u00eb i Trupit Koordinues p\u00ebr komunat Preshev\u00eb, Bujanoc dhe Medvegj\u00eb Milan Markoviq ka shprehur bindjen se gjat\u00eb k\u00ebtij\u00eb viti dhe gjat\u00eb vitit 2011 do t\u00eb zgjidhen problemet e familjeve refugjate dhe familjeve t\u00eb shp\u00ebrngulura duke marr\u00eb parasysh\u00eb se 129 komuna aplikojn\u00eb projekte t\u00eb tilla.<\/p>\n<p>,,T\u00eb gjitha banesat jan\u00eb t\u00eb dedikuara p\u00ebr zgjidhjen e problemeve e gjasht\u00eb familjeve refugjate dhe t\u00eb dy familjeve m\u00eb t\u00eb varf\u00ebra nga komuna e Medvegj\u00ebs\u2019\u2019, theksoi Milan Markoviq. Ai potencoi se nd\u00ebrtimi i k\u00ebtyre banesave dhe banesave t\u00eb ngjajshme n\u00eb Serbi, paraqet nj\u00eb politik\u00eb serioze t\u00eb shtetit ton\u00eb p\u00ebr k\u00ebt\u00eb \u00e7\u00ebshtje.<\/p>\n<p>,,Kjo \u00ebsht\u00eb nj\u00eb arritje e konsiderueshme e shtetit ndaj problemeve t\u00eb ngjajshme. K\u00ebto jan\u00eb dit\u00eb t\u00eb mira kur shohim se politika e till\u00eb jep\u00eb rezultate konkrete p\u00ebr jet\u00ebn e qytetar\u00ebve ton\u00eb\u2019\u2019, theksoi kryetari i Trupit Koordinues.<\/p>\n<p>Vensan Dezher gjat\u00eb hapjes shprehu k\u00ebnaq\u00ebsin\u00eb q\u00eb shteti i Serbis\u00eb problemet me refugjat\u00eb i zgjidh\u00eb p\u00ebrmes bashk\u00ebpunimit me fqinj\u00ebt e saj\u00eb n\u00eb regjion.<\/p>\n<p>,,Jemi d\u00ebshmitar\u00eb q\u00eb shteti i Serbis\u00eb ka bashk\u00ebpunim t\u00eb mir\u00eb me fqinj\u00ebt dhe p\u00ebrparim n\u00eb rrug\u00ebn e saj\u00eb, rrug\u00eb t\u00eb cil\u00ebn ne n\u00eb Unionin Europian ne e quajm\u00eb hap\u00ebsir\u00eb e bashk\u00ebpunimit, liris\u00eb dhe miq\u00ebsis\u00eb\u2019\u2019, theksoi Dezher.<\/p>\n<p>Ai p\u00ebrkujtoi se nd\u00ebrtimi i k\u00ebtyre banesave p\u00ebr t\u00eb \u00e7vendosurit dhe refugjat\u00ebt don t\u00eb thot\u00eb edhe zgjidhje e problemeve t\u00eb trash\u00ebguara nga e kaluara e tek ,,ardhm\u00ebria e lumtur\u2019\u2019.<\/p>\n<p>Rasim Lajiq theksoi se numri i qendrave kolektive n\u00eb Serbi gjat\u00eb viteve t\u00eb kaluar \u00ebsht\u00eb zvog\u00ebluar nd\u00ebrsa numri i atyre q\u00eb fitojn\u00eb banesa \u00ebsht\u00eb rritur. Sipas fjal\u00ebve t\u00eb tij\u00eb, Qeveria e Republik\u00ebs s\u00eb Serbis\u00eb, pa e mar\u00eb parasysh\u00eb kriz\u00ebn finansiare, ndan\u00eb mjete t\u00eb konsiderueshme p\u00ebr m\u00eb t\u00eb rrezikuarit, e ata jan\u00eb refugjat\u00ebt dhe t\u00eb shp\u00ebrngulurit.<\/p>\n<p>,,Deri n\u00eb fund\u00eb t\u00eb vitit t\u00eb kaluar n\u00eb banesa t\u00eb tilla jan\u00eb vendosur 10.890 qytetar\u00eb si dhe jan\u00eb zgjidhur problemet e 426 familjeve, theksoi Lajiq. ,,Serbia ka 43 qendra kolektive, nd\u00ebrsa n\u00eb vitet \u201990 ka pasur 700\u2019\u2019.<\/p>\n<p>,,Bashk\u00ebpunimi i pjes\u00ebmarr\u00ebsve n\u00eb projekt do t\u00eb vazhdoj\u00eb edhe gjat\u00eb periudh\u00ebs s\u00eb vitit t\u00eb ardhsh\u00ebm me nd\u00ebrtimin dhe ndarjen e gjasht\u00eb sht\u00ebpive montazh\u00eb, gjithashtu p\u00ebrmes IPA programit t\u00eb vitit 2008 t\u00eb UE p\u00ebr m\u00eb t\u00eb rrezikuarit, t\u00eb shp\u00ebrngulurit dhe refugjat\u00ebve, me q\u2019rast komuna e Medvegj\u00ebs n\u00eb m\u00ebmyr\u00eb t\u00eb konsiderueshme do t\u00eb zgjidh\u00eb problemet banesore t\u00eb t\u00eb shp\u00ebrngulurve\u2019\u2019, theksoi kryetari i komun\u00ebs s\u00eb Medvegj\u00ebs Slobodan Drashkoviq.<\/p>\n<p>Kryetari Drashkoviq, ministrave Markoviq dhe Lajiq si dhe komesarit p\u00ebr refugjat t\u00eb Republik\u00ebs s\u00eb Serbis\u00eb dhe drejtorit t\u00eb ACB-s\u00eb p\u00ebr Europ\u00ebn juglindore u dor\u00ebzoi mir\u00ebnjohje fal\u00ebnderimi t\u00eb komun\u00ebs s\u00eb Medvegj\u00ebs.<\/p>\n<p><img decoding=\"async\" align=\"left\" src=\"https:\/\/kt.gov.rs\/wp-content\/uploads\/2024\/07\/newspic374-2.jpg\" alt=\"\" \/>N\u00eb t\u00eb nj\u00ebjt\u00ebn koh\u00eb n\u00eb Medvegj\u00eb \u00ebsht\u00eb hapur Sht\u00ebpia p\u00ebr q\u00ebndrim ditor\u00eb p\u00ebr t\u00eb moshuarit, nd\u00ebrsa projekti i cili ka kushtuar rreth 8 milion\u00eb dinar\u00eb \u00ebsht\u00eb realizuar nga mjetet e ministris\u00eb s\u00eb pun\u00ebs dhe mir\u00ebqenies sociale dhe Trupit Koordinues s\u00eb Qeveris\u00eb s\u00eb Republik\u00ebs s\u00eb Serbis\u00eb p\u00ebr komunat Preshev\u00eb, Bujanoc dhe Medvegj\u00eb.<\/p>\n","protected":false},"excerpt":{"rendered":"<p>Kryetari i Trupit Koordinues ministri Milann Markoviq, kryeshefi i  delegacionit t\u00eb UE n\u00eb Serbi Vensan Dezher, ministri i pun\u00ebs dhe  mir\u00ebqenies sociale Rasim Lajiq dhe komisioneri p\u00ebr refugjat i Republik\u00ebs  s\u00eb Serbis\u00eb Vladimir Cuciq, dje kan\u00eb hapur banes\u00ebn p\u00ebr m\u00eb t\u00eb varf\u00ebrit  dhe refugjat\u00ebt,\u00a0 me q\u2019rast kan\u00eb dhuruar \u00e7el\u00ebsat shfryt\u00ebzuesve t\u00eb k\u00ebtyre  banesave.<\/p>\n","protected":false},"author":1,"featured_media":142715,"comment_status":"closed","ping_status":"closed","sticky":false,"template":"","format":"standard","meta":{"footnotes":""},"categories":[55],"tags":[],"class_list":["post-142707","post","type-post","status-publish","format-standard","has-post-thumbnail","hentry","category-lajme"],"yoast_head":"<!-- This site is optimized with the Yoast SEO plugin v27.5 - https:\/\/yoast.com\/product\/yoast-seo-wordpress\/ -->\n<title>BANESA P\u00cbR M\u00cb T\u00cb VARF\u00cbRIT N\u00cb MEDVEGJ\u00cb - Republika e S\u00ebrbis\u00eb Trupi Koordinues p\u00ebr komunat Bujanoc, Preshev\u00eb dhe Medvegj\u00eb<\/title>\n<meta name=\"robots\" content=\"index, follow, max-snippet:-1, max-image-preview:large, max-video-preview:-1\" \/>\n<link rel=\"canonical\" href=\"https:\/\/kt.gov.rs\/sq\/banesa-per-me-te-varferit-ne-medvegje\/\" \/>\n<meta property=\"og:locale\" content=\"sq_AL\" \/>\n<meta property=\"og:type\" content=\"article\" \/>\n<meta property=\"og:title\" content=\"BANESA P\u00cbR M\u00cb T\u00cb VARF\u00cbRIT N\u00cb MEDVEGJ\u00cb - Republika e S\u00ebrbis\u00eb Trupi Koordinues p\u00ebr komunat Bujanoc, Preshev\u00eb dhe Medvegj\u00eb\" \/>\n<meta property=\"og:description\" content=\"Kryetari i Trupit Koordinues ministri Milann Markoviq, kryeshefi i delegacionit t\u00eb UE n\u00eb Serbi Vensan Dezher, ministri i pun\u00ebs dhe mir\u00ebqenies sociale Rasim Lajiq dhe komisioneri p\u00ebr refugjat i Republik\u00ebs s\u00eb Serbis\u00eb Vladimir Cuciq, dje kan\u00eb hapur banes\u00ebn p\u00ebr m\u00eb t\u00eb varf\u00ebrit dhe refugjat\u00ebt,\u00a0 me q\u2019rast kan\u00eb dhuruar \u00e7el\u00ebsat shfryt\u00ebzuesve t\u00eb k\u00ebtyre banesave.\" \/>\n<meta property=\"og:url\" content=\"https:\/\/kt.gov.rs\/sq\/banesa-per-me-te-varferit-ne-medvegje\/\" \/>\n<meta property=\"og:site_name\" content=\"Republika e S\u00ebrbis\u00eb Trupi Koordinues p\u00ebr komunat Bujanoc, Preshev\u00eb dhe Medvegj\u00eb\" \/>\n<meta property=\"article:publisher\" content=\"https:\/\/www.facebook.com\/SluzbaKoordinacionogTelaVladeRepublikeSrbije\" \/>\n<meta property=\"article:published_time\" content=\"2010-07-09T00:00:00+00:00\" \/>\n<meta property=\"article:modified_time\" content=\"2024-07-30T20:22:25+00:00\" \/>\n<meta property=\"og:image\" content=\"https:\/\/kt.gov.rs\/wp-content\/uploads\/2024\/07\/newspic373-5.jpg\" \/>\n\t<meta property=\"og:image:width\" content=\"265\" \/>\n\t<meta property=\"og:image:height\" content=\"176\" \/>\n\t<meta property=\"og:image:type\" content=\"image\/jpeg\" \/>\n<meta name=\"author\" content=\"ktmin\" \/>\n<meta name=\"twitter:card\" content=\"summary_large_image\" \/>\n<meta name=\"twitter:creator\" content=\"@kt_gov\" \/>\n<meta name=\"twitter:site\" content=\"@kt_gov\" \/>\n<meta name=\"twitter:label1\" content=\"Written by\" \/>\n\t<meta name=\"twitter:data1\" content=\"ktmin\" \/>\n\t<meta name=\"twitter:label2\" content=\"Est. reading time\" \/>\n\t<meta name=\"twitter:data2\" content=\"3 minutes\" \/>\n<script type=\"application\/ld+json\" class=\"yoast-schema-graph\">{\"@context\":\"https:\\\/\\\/schema.org\",\"@graph\":[{\"@type\":\"Article\",\"@id\":\"https:\\\/\\\/kt.gov.rs\\\/sq\\\/banesa-per-me-te-varferit-ne-medvegje\\\/#article\",\"isPartOf\":{\"@id\":\"https:\\\/\\\/kt.gov.rs\\\/sq\\\/banesa-per-me-te-varferit-ne-medvegje\\\/\"},\"author\":{\"name\":\"ktmin\",\"@id\":\"https:\\\/\\\/kt.gov.rs\\\/#\\\/schema\\\/person\\\/e426459ddb4173309103390602694571\"},\"headline\":\"BANESA P\u00cbR M\u00cb T\u00cb VARF\u00cbRIT N\u00cb MEDVEGJ\u00cb\",\"datePublished\":\"2010-07-09T00:00:00+00:00\",\"dateModified\":\"2024-07-30T20:22:25+00:00\",\"mainEntityOfPage\":{\"@id\":\"https:\\\/\\\/kt.gov.rs\\\/sq\\\/banesa-per-me-te-varferit-ne-medvegje\\\/\"},\"wordCount\":702,\"publisher\":{\"@id\":\"https:\\\/\\\/kt.gov.rs\\\/#organization\"},\"image\":{\"@id\":\"https:\\\/\\\/kt.gov.rs\\\/sq\\\/banesa-per-me-te-varferit-ne-medvegje\\\/#primaryimage\"},\"thumbnailUrl\":\"https:\\\/\\\/kt.gov.rs\\\/wp-content\\\/uploads\\\/2024\\\/07\\\/newspic373-5.jpg\",\"articleSection\":[\"Lajme\"],\"inLanguage\":\"sq-AL\"},{\"@type\":\"WebPage\",\"@id\":\"https:\\\/\\\/kt.gov.rs\\\/sq\\\/banesa-per-me-te-varferit-ne-medvegje\\\/\",\"url\":\"https:\\\/\\\/kt.gov.rs\\\/sq\\\/banesa-per-me-te-varferit-ne-medvegje\\\/\",\"name\":\"BANESA P\u00cbR M\u00cb T\u00cb VARF\u00cbRIT N\u00cb MEDVEGJ\u00cb - Republika e S\u00ebrbis\u00eb Trupi Koordinues p\u00ebr komunat Bujanoc, Preshev\u00eb dhe Medvegj\u00eb\",\"isPartOf\":{\"@id\":\"https:\\\/\\\/kt.gov.rs\\\/#website\"},\"primaryImageOfPage\":{\"@id\":\"https:\\\/\\\/kt.gov.rs\\\/sq\\\/banesa-per-me-te-varferit-ne-medvegje\\\/#primaryimage\"},\"image\":{\"@id\":\"https:\\\/\\\/kt.gov.rs\\\/sq\\\/banesa-per-me-te-varferit-ne-medvegje\\\/#primaryimage\"},\"thumbnailUrl\":\"https:\\\/\\\/kt.gov.rs\\\/wp-content\\\/uploads\\\/2024\\\/07\\\/newspic373-5.jpg\",\"datePublished\":\"2010-07-09T00:00:00+00:00\",\"dateModified\":\"2024-07-30T20:22:25+00:00\",\"breadcrumb\":{\"@id\":\"https:\\\/\\\/kt.gov.rs\\\/sq\\\/banesa-per-me-te-varferit-ne-medvegje\\\/#breadcrumb\"},\"inLanguage\":\"sq-AL\",\"potentialAction\":[{\"@type\":\"ReadAction\",\"target\":[\"https:\\\/\\\/kt.gov.rs\\\/sq\\\/banesa-per-me-te-varferit-ne-medvegje\\\/\"]}]},{\"@type\":\"ImageObject\",\"inLanguage\":\"sq-AL\",\"@id\":\"https:\\\/\\\/kt.gov.rs\\\/sq\\\/banesa-per-me-te-varferit-ne-medvegje\\\/#primaryimage\",\"url\":\"https:\\\/\\\/kt.gov.rs\\\/wp-content\\\/uploads\\\/2024\\\/07\\\/newspic373-5.jpg\",\"contentUrl\":\"https:\\\/\\\/kt.gov.rs\\\/wp-content\\\/uploads\\\/2024\\\/07\\\/newspic373-5.jpg\",\"width\":265,\"height\":176},{\"@type\":\"BreadcrumbList\",\"@id\":\"https:\\\/\\\/kt.gov.rs\\\/sq\\\/banesa-per-me-te-varferit-ne-medvegje\\\/#breadcrumb\",\"itemListElement\":[{\"@type\":\"ListItem\",\"position\":1,\"name\":\"Po\u010detna\",\"item\":\"https:\\\/\\\/kt.gov.rs\\\/sq\\\/\"},{\"@type\":\"ListItem\",\"position\":2,\"name\":\"BANESA P\u00cbR M\u00cb T\u00cb VARF\u00cbRIT N\u00cb MEDVEGJ\u00cb\"}]},{\"@type\":\"WebSite\",\"@id\":\"https:\\\/\\\/kt.gov.rs\\\/#website\",\"url\":\"https:\\\/\\\/kt.gov.rs\\\/\",\"name\":\"Koordinaciono telo Vlade Republike Srbije za op\u0161tine Pre\u0161evo, Bujanovac i Medve\u0111a\",\"description\":\"\",\"publisher\":{\"@id\":\"https:\\\/\\\/kt.gov.rs\\\/#organization\"},\"alternateName\":\"Koordinaciono telo\",\"potentialAction\":[{\"@type\":\"SearchAction\",\"target\":{\"@type\":\"EntryPoint\",\"urlTemplate\":\"https:\\\/\\\/kt.gov.rs\\\/?s={search_term_string}\"},\"query-input\":{\"@type\":\"PropertyValueSpecification\",\"valueRequired\":true,\"valueName\":\"search_term_string\"}}],\"inLanguage\":\"sq-AL\"},{\"@type\":\"Organization\",\"@id\":\"https:\\\/\\\/kt.gov.rs\\\/#organization\",\"name\":\"Koordinaciono telo Vlade Republike Srbije za op\u0161tine Pre\u0161evo, Bujanovac i Medve\u0111a\",\"alternateName\":\"Koordinaciono telo\",\"url\":\"https:\\\/\\\/kt.gov.rs\\\/\",\"logo\":{\"@type\":\"ImageObject\",\"inLanguage\":\"sq-AL\",\"@id\":\"https:\\\/\\\/kt.gov.rs\\\/#\\\/schema\\\/logo\\\/image\\\/\",\"url\":\"https:\\\/\\\/kt.gov.rs\\\/wp-content\\\/uploads\\\/2024\\\/12\\\/koord2.jpg\",\"contentUrl\":\"https:\\\/\\\/kt.gov.rs\\\/wp-content\\\/uploads\\\/2024\\\/12\\\/koord2.jpg\",\"width\":640,\"height\":480,\"caption\":\"Koordinaciono telo Vlade Republike Srbije za op\u0161tine Pre\u0161evo, Bujanovac i Medve\u0111a\"},\"image\":{\"@id\":\"https:\\\/\\\/kt.gov.rs\\\/#\\\/schema\\\/logo\\\/image\\\/\"},\"sameAs\":[\"https:\\\/\\\/www.facebook.com\\\/SluzbaKoordinacionogTelaVladeRepublikeSrbije\",\"https:\\\/\\\/x.com\\\/kt_gov\",\"https:\\\/\\\/www.youtube.com\\\/@koordinacionotelo\"]},{\"@type\":\"Person\",\"@id\":\"https:\\\/\\\/kt.gov.rs\\\/#\\\/schema\\\/person\\\/e426459ddb4173309103390602694571\",\"name\":\"ktmin\",\"image\":{\"@type\":\"ImageObject\",\"inLanguage\":\"sq-AL\",\"@id\":\"https:\\\/\\\/secure.gravatar.com\\\/avatar\\\/3985c961109853010c3fbc7ba30365bfba5db3dd6c525831d9c595c7525a615a?s=96&d=mm&r=g\",\"url\":\"https:\\\/\\\/secure.gravatar.com\\\/avatar\\\/3985c961109853010c3fbc7ba30365bfba5db3dd6c525831d9c595c7525a615a?s=96&d=mm&r=g\",\"contentUrl\":\"https:\\\/\\\/secure.gravatar.com\\\/avatar\\\/3985c961109853010c3fbc7ba30365bfba5db3dd6c525831d9c595c7525a615a?s=96&d=mm&r=g\",\"caption\":\"ktmin\"},\"sameAs\":[\"https:\\\/\\\/kt.gov.rs\"],\"url\":\"https:\\\/\\\/kt.gov.rs\\\/sq\\\/author\\\/ktmin\\\/\"}]}<\/script>\n<!-- \/ Yoast SEO plugin. -->","yoast_head_json":{"title":"BANESA P\u00cbR M\u00cb T\u00cb VARF\u00cbRIT N\u00cb MEDVEGJ\u00cb - Republika e S\u00ebrbis\u00eb Trupi Koordinues p\u00ebr komunat Bujanoc, Preshev\u00eb dhe Medvegj\u00eb","robots":{"index":"index","follow":"follow","max-snippet":"max-snippet:-1","max-image-preview":"max-image-preview:large","max-video-preview":"max-video-preview:-1"},"canonical":"https:\/\/kt.gov.rs\/sq\/banesa-per-me-te-varferit-ne-medvegje\/","og_locale":"sq_AL","og_type":"article","og_title":"BANESA P\u00cbR M\u00cb T\u00cb VARF\u00cbRIT N\u00cb MEDVEGJ\u00cb - Republika e S\u00ebrbis\u00eb Trupi Koordinues p\u00ebr komunat Bujanoc, Preshev\u00eb dhe Medvegj\u00eb","og_description":"Kryetari i Trupit Koordinues ministri Milann Markoviq, kryeshefi i delegacionit t\u00eb UE n\u00eb Serbi Vensan Dezher, ministri i pun\u00ebs dhe mir\u00ebqenies sociale Rasim Lajiq dhe komisioneri p\u00ebr refugjat i Republik\u00ebs s\u00eb Serbis\u00eb Vladimir Cuciq, dje kan\u00eb hapur banes\u00ebn p\u00ebr m\u00eb t\u00eb varf\u00ebrit dhe refugjat\u00ebt,\u00a0 me q\u2019rast kan\u00eb dhuruar \u00e7el\u00ebsat shfryt\u00ebzuesve t\u00eb k\u00ebtyre banesave.","og_url":"https:\/\/kt.gov.rs\/sq\/banesa-per-me-te-varferit-ne-medvegje\/","og_site_name":"Republika e S\u00ebrbis\u00eb Trupi Koordinues p\u00ebr komunat Bujanoc, Preshev\u00eb dhe Medvegj\u00eb","article_publisher":"https:\/\/www.facebook.com\/SluzbaKoordinacionogTelaVladeRepublikeSrbije","article_published_time":"2010-07-09T00:00:00+00:00","article_modified_time":"2024-07-30T20:22:25+00:00","og_image":[{"width":265,"height":176,"url":"https:\/\/kt.gov.rs\/wp-content\/uploads\/2024\/07\/newspic373-5.jpg","type":"image\/jpeg"}],"author":"ktmin","twitter_card":"summary_large_image","twitter_creator":"@kt_gov","twitter_site":"@kt_gov","twitter_misc":{"Written by":"ktmin","Est. reading time":"3 minutes"},"schema":{"@context":"https:\/\/schema.org","@graph":[{"@type":"Article","@id":"https:\/\/kt.gov.rs\/sq\/banesa-per-me-te-varferit-ne-medvegje\/#article","isPartOf":{"@id":"https:\/\/kt.gov.rs\/sq\/banesa-per-me-te-varferit-ne-medvegje\/"},"author":{"name":"ktmin","@id":"https:\/\/kt.gov.rs\/#\/schema\/person\/e426459ddb4173309103390602694571"},"headline":"BANESA P\u00cbR M\u00cb T\u00cb VARF\u00cbRIT N\u00cb MEDVEGJ\u00cb","datePublished":"2010-07-09T00:00:00+00:00","dateModified":"2024-07-30T20:22:25+00:00","mainEntityOfPage":{"@id":"https:\/\/kt.gov.rs\/sq\/banesa-per-me-te-varferit-ne-medvegje\/"},"wordCount":702,"publisher":{"@id":"https:\/\/kt.gov.rs\/#organization"},"image":{"@id":"https:\/\/kt.gov.rs\/sq\/banesa-per-me-te-varferit-ne-medvegje\/#primaryimage"},"thumbnailUrl":"https:\/\/kt.gov.rs\/wp-content\/uploads\/2024\/07\/newspic373-5.jpg","articleSection":["Lajme"],"inLanguage":"sq-AL"},{"@type":"WebPage","@id":"https:\/\/kt.gov.rs\/sq\/banesa-per-me-te-varferit-ne-medvegje\/","url":"https:\/\/kt.gov.rs\/sq\/banesa-per-me-te-varferit-ne-medvegje\/","name":"BANESA P\u00cbR M\u00cb T\u00cb VARF\u00cbRIT N\u00cb MEDVEGJ\u00cb - Republika e S\u00ebrbis\u00eb Trupi Koordinues p\u00ebr komunat Bujanoc, Preshev\u00eb dhe Medvegj\u00eb","isPartOf":{"@id":"https:\/\/kt.gov.rs\/#website"},"primaryImageOfPage":{"@id":"https:\/\/kt.gov.rs\/sq\/banesa-per-me-te-varferit-ne-medvegje\/#primaryimage"},"image":{"@id":"https:\/\/kt.gov.rs\/sq\/banesa-per-me-te-varferit-ne-medvegje\/#primaryimage"},"thumbnailUrl":"https:\/\/kt.gov.rs\/wp-content\/uploads\/2024\/07\/newspic373-5.jpg","datePublished":"2010-07-09T00:00:00+00:00","dateModified":"2024-07-30T20:22:25+00:00","breadcrumb":{"@id":"https:\/\/kt.gov.rs\/sq\/banesa-per-me-te-varferit-ne-medvegje\/#breadcrumb"},"inLanguage":"sq-AL","potentialAction":[{"@type":"ReadAction","target":["https:\/\/kt.gov.rs\/sq\/banesa-per-me-te-varferit-ne-medvegje\/"]}]},{"@type":"ImageObject","inLanguage":"sq-AL","@id":"https:\/\/kt.gov.rs\/sq\/banesa-per-me-te-varferit-ne-medvegje\/#primaryimage","url":"https:\/\/kt.gov.rs\/wp-content\/uploads\/2024\/07\/newspic373-5.jpg","contentUrl":"https:\/\/kt.gov.rs\/wp-content\/uploads\/2024\/07\/newspic373-5.jpg","width":265,"height":176},{"@type":"BreadcrumbList","@id":"https:\/\/kt.gov.rs\/sq\/banesa-per-me-te-varferit-ne-medvegje\/#breadcrumb","itemListElement":[{"@type":"ListItem","position":1,"name":"Po\u010detna","item":"https:\/\/kt.gov.rs\/sq\/"},{"@type":"ListItem","position":2,"name":"BANESA P\u00cbR M\u00cb T\u00cb VARF\u00cbRIT N\u00cb MEDVEGJ\u00cb"}]},{"@type":"WebSite","@id":"https:\/\/kt.gov.rs\/#website","url":"https:\/\/kt.gov.rs\/","name":"Koordinaciono telo Vlade Republike Srbije za op\u0161tine Pre\u0161evo, Bujanovac i Medve\u0111a","description":"","publisher":{"@id":"https:\/\/kt.gov.rs\/#organization"},"alternateName":"Koordinaciono telo","potentialAction":[{"@type":"SearchAction","target":{"@type":"EntryPoint","urlTemplate":"https:\/\/kt.gov.rs\/?s={search_term_string}"},"query-input":{"@type":"PropertyValueSpecification","valueRequired":true,"valueName":"search_term_string"}}],"inLanguage":"sq-AL"},{"@type":"Organization","@id":"https:\/\/kt.gov.rs\/#organization","name":"Koordinaciono telo Vlade Republike Srbije za op\u0161tine Pre\u0161evo, Bujanovac i Medve\u0111a","alternateName":"Koordinaciono telo","url":"https:\/\/kt.gov.rs\/","logo":{"@type":"ImageObject","inLanguage":"sq-AL","@id":"https:\/\/kt.gov.rs\/#\/schema\/logo\/image\/","url":"https:\/\/kt.gov.rs\/wp-content\/uploads\/2024\/12\/koord2.jpg","contentUrl":"https:\/\/kt.gov.rs\/wp-content\/uploads\/2024\/12\/koord2.jpg","width":640,"height":480,"caption":"Koordinaciono telo Vlade Republike Srbije za op\u0161tine Pre\u0161evo, Bujanovac i Medve\u0111a"},"image":{"@id":"https:\/\/kt.gov.rs\/#\/schema\/logo\/image\/"},"sameAs":["https:\/\/www.facebook.com\/SluzbaKoordinacionogTelaVladeRepublikeSrbije","https:\/\/x.com\/kt_gov","https:\/\/www.youtube.com\/@koordinacionotelo"]},{"@type":"Person","@id":"https:\/\/kt.gov.rs\/#\/schema\/person\/e426459ddb4173309103390602694571","name":"ktmin","image":{"@type":"ImageObject","inLanguage":"sq-AL","@id":"https:\/\/secure.gravatar.com\/avatar\/3985c961109853010c3fbc7ba30365bfba5db3dd6c525831d9c595c7525a615a?s=96&d=mm&r=g","url":"https:\/\/secure.gravatar.com\/avatar\/3985c961109853010c3fbc7ba30365bfba5db3dd6c525831d9c595c7525a615a?s=96&d=mm&r=g","contentUrl":"https:\/\/secure.gravatar.com\/avatar\/3985c961109853010c3fbc7ba30365bfba5db3dd6c525831d9c595c7525a615a?s=96&d=mm&r=g","caption":"ktmin"},"sameAs":["https:\/\/kt.gov.rs"],"url":"https:\/\/kt.gov.rs\/sq\/author\/ktmin\/"}]}},"_links":{"self":[{"href":"https:\/\/kt.gov.rs\/sq\/wp-json\/wp\/v2\/posts\/142707","targetHints":{"allow":["GET"]}}],"collection":[{"href":"https:\/\/kt.gov.rs\/sq\/wp-json\/wp\/v2\/posts"}],"about":[{"href":"https:\/\/kt.gov.rs\/sq\/wp-json\/wp\/v2\/types\/post"}],"author":[{"embeddable":true,"href":"https:\/\/kt.gov.rs\/sq\/wp-json\/wp\/v2\/users\/1"}],"replies":[{"embeddable":true,"href":"https:\/\/kt.gov.rs\/sq\/wp-json\/wp\/v2\/comments?post=142707"}],"version-history":[{"count":1,"href":"https:\/\/kt.gov.rs\/sq\/wp-json\/wp\/v2\/posts\/142707\/revisions"}],"predecessor-version":[{"id":142714,"href":"https:\/\/kt.gov.rs\/sq\/wp-json\/wp\/v2\/posts\/142707\/revisions\/142714"}],"wp:featuredmedia":[{"embeddable":true,"href":"https:\/\/kt.gov.rs\/sq\/wp-json\/wp\/v2\/media\/142715"}],"wp:attachment":[{"href":"https:\/\/kt.gov.rs\/sq\/wp-json\/wp\/v2\/media?parent=142707"}],"wp:term":[{"taxonomy":"category","embeddable":true,"href":"https:\/\/kt.gov.rs\/sq\/wp-json\/wp\/v2\/categories?post=142707"},{"taxonomy":"post_tag","embeddable":true,"href":"https:\/\/kt.gov.rs\/sq\/wp-json\/wp\/v2\/tags?post=142707"}],"curies":[{"name":"wp","href":"https:\/\/api.w.org\/{rel}","templated":true}]}}