{"id":142706,"date":"2010-07-08T00:00:00","date_gmt":"2010-07-08T00:00:00","guid":{"rendered":"http:\/\/kt.printandscreen.rs\/8-7-2010\/"},"modified":"2010-07-08T00:00:00","modified_gmt":"2010-07-08T00:00:00","slug":"8-7-2010","status":"publish","type":"post","link":"https:\/\/kt.gov.rs\/sq\/8-7-2010\/","title":{"rendered":"8.7.2010."},"content":{"rendered":"<p><strong>ARTIST\u00cbT E RINJ\u00cb SERB, SHQIP\u00cbTAR\u00cb DHE ROM\u00cb N\u00cb FESTIVALIN MUZIKOR\u00cb ,,EGZIT\u2019\u2019 <br \/>\n<\/strong><br \/>\nN\u00eb bashk\u00ebpunim me Trupin Koordinues s\u00eb Qeveris\u00eb s\u00eb Republik\u00ebs s\u00eb Serbis\u00eb p\u00ebr komunat Preshev\u00eb, Bujanoc dhe Medvegj\u00eb, K\u00ebshilli Egzekutiv e Vojvodin\u00ebs realizuesve t\u00eb projektit multietnik ,,Ti dhe un\u00eb jemi ne\u2019\u2019 u ka mund\u00ebsuar q\u00ebndrimin\u00a0 n\u00eb festivalin muzikor\u00eb ,,Egzit\u2019\u2019. P\u00ebrpos hyrjes falas p\u00ebr dit\u00ebn e par\u00eb n\u00eb festival, t\u00eb gjith\u00eb pjes\u00ebmarr\u00ebsve dhe koordinator\u00ebve u \u00ebsht\u00eb siguruar edhe q\u00ebndrimi n\u00eb Novi Sad. Ky \u00ebsht\u00eb nj\u00eb vazhdim i bashk\u00ebpunimit t\u00eb mir\u00eb n\u00eb mes t\u00eb K\u00ebshillit Egzekutiv t\u00eb Vojvodin\u00ebs dhe t\u00eb Trupit Koordinues t\u00eb Qeveris\u00eb s\u00eb Republi\u00ebs s\u00eb Serbis\u00eb p\u00ebr komunat Preshev\u00eb, Bujanoc dhe Medvegj\u00eb i cili finansiarisht p\u00ebrkrah\u00eb projektin ,,Ti dhe un\u00eb jemi ne\u2019\u2019.<\/p>\n<p>Pas pun\u00ebtoris\u00eb disamujore s\u00eb artist\u00ebve, projekti ,,Ti dhe un\u00eb jemi ne\u2019\u2019 \u00ebsht\u00eb sh\u00ebndrruar n\u00eb nj\u00eb \u00e7faqje teatrale n\u00eb t\u00eb cil\u00ebn nx\u00ebn\u00ebsit Shqip\u00ebtar\u00eb, Serb\u00eb dhe Rom\u00eb nga Bujanoci dhe Presheva n\u00eb gjuh\u00ebt e tyre si dhe n\u00eb gjuh\u00ebn angleze flasin p\u00ebr rinin\u00eb dhe jet\u00ebn e tyre n\u00eb Serbin\u00eb jugore. Pas premieres n\u00eb Bujanoc, k\u00ebta t\u00eb rinj\u00eb jan\u00eb paraqitur edhe n\u00eb Beograd, n\u00eb gjasht\u00eb qytetet e Vojvodin\u00ebs si dhe n\u00eb festivalin ,,Vokov gja\u00e7ki sabor\u2019\u2019 n\u00eb T\u00ebrshiq.<\/p>\n<p>Projekti ,,Ti dhe un\u00eb jemi ne\u2019\u2019 \u00ebsht\u00eb sh\u00ebndrruar n\u00eb qend\u00ebr rinore n\u00eb t\u00eb cilin tash pregaitet nj\u00eb projekt i till\u00eb multietnik edhe n\u00eb Kikind\u00eb.<\/p>\n<p>Shoq\u00ebris\u00eb nga Bujanoci dhe Presheva n\u00eb hapjen e ,,Egzit-it\u2019\u2019 u jan\u00eb bashkangjitur edhe t\u00eb rinj\u00ebt nga Kikinda. K\u00ebshilli Egzekutiv i Vojvodin\u00ebs p\u00ebr k\u00ebt\u00eb festival u ka siguruar buletat hyr\u00ebse edhe t\u00eb rinj\u00ebve nga Kikinda.<\/p>\n","protected":false},"excerpt":{"rendered":"<p>ARTIST\u00cbT E RINJ\u00cb SERB, SHQIP\u00cbTAR\u00cb DHE ROM\u00cb N\u00cb FESTIVALIN MUZIKOR\u00cb ,,EGZIT\u2019\u2019 <\/p>\n<p>N\u00eb bashk\u00ebpunim me Trupin Koordinues s\u00eb Qeveris\u00eb s\u00eb Republik\u00ebs s\u00eb Serbis\u00eb p\u00ebr komunat Preshev\u00eb, Bujanoc dhe Medvegj\u00eb, K\u00ebshilli Egzekutiv e Vojvodin\u00ebs realizuesve t\u00eb projektit multietnik ,,Ti dhe un\u00eb jemi ne\u2019\u2019 u ka mund\u00ebsuar q\u00ebndrimin\u00a0 n\u00eb festivalin muzikor\u00eb ,,Egzit\u2019\u2019. P\u00ebrpos hyrjes falas p\u00ebr dit\u00ebn e par\u00eb n\u00eb festival, t\u00eb gjith\u00eb pjes\u00ebmarr\u00ebsve dhe koordinator\u00ebve u \u00ebsht\u00eb siguruar edhe q\u00ebndrimi n\u00eb Novi Sad. Ky \u00ebsht\u00eb nj\u00eb vazhdim i bashk\u00ebpunimit t\u00eb mir\u00eb n\u00eb mes t\u00eb K\u00ebshillit Egzekutiv t\u00eb Vojvodin\u00ebs dhe t\u00eb Trupit Koordinues t\u00eb Qeveris\u00eb s\u00eb Republi\u00ebs s\u00eb Serbis\u00eb p\u00ebr komunat Preshev\u00eb, Bujanoc dhe Medvegj\u00eb i cili finansiarisht p\u00ebrkrah\u00eb projektin ,,Ti dhe un\u00eb jemi ne\u2019\u2019.<\/p>\n","protected":false},"author":1,"featured_media":0,"comment_status":"closed","ping_status":"closed","sticky":false,"template":"","format":"standard","meta":{"footnotes":""},"categories":[55],"tags":[],"class_list":["post-142706","post","type-post","status-publish","format-standard","hentry","category-lajme"],"yoast_head":"<!-- This site is optimized with the Yoast SEO plugin v27.5 - https:\/\/yoast.com\/product\/yoast-seo-wordpress\/ -->\n<title>8.7.2010. - Republika e S\u00ebrbis\u00eb Trupi Koordinues p\u00ebr komunat Bujanoc, Preshev\u00eb dhe Medvegj\u00eb<\/title>\n<meta name=\"robots\" content=\"index, follow, max-snippet:-1, max-image-preview:large, max-video-preview:-1\" \/>\n<link rel=\"canonical\" href=\"https:\/\/kt.gov.rs\/sq\/8-7-2010\/\" \/>\n<meta property=\"og:locale\" content=\"sq_AL\" \/>\n<meta property=\"og:type\" content=\"article\" \/>\n<meta property=\"og:title\" content=\"8.7.2010. - Republika e S\u00ebrbis\u00eb Trupi Koordinues p\u00ebr komunat Bujanoc, Preshev\u00eb dhe Medvegj\u00eb\" \/>\n<meta property=\"og:description\" content=\"ARTIST\u00cbT E RINJ\u00cb SERB, SHQIP\u00cbTAR\u00cb DHE ROM\u00cb N\u00cb FESTIVALIN MUZIKOR\u00cb ,,EGZIT\u2019\u2019  N\u00eb bashk\u00ebpunim me Trupin Koordinues s\u00eb Qeveris\u00eb s\u00eb Republik\u00ebs s\u00eb Serbis\u00eb p\u00ebr komunat Preshev\u00eb, Bujanoc dhe Medvegj\u00eb, K\u00ebshilli Egzekutiv e Vojvodin\u00ebs realizuesve t\u00eb projektit multietnik ,,Ti dhe un\u00eb jemi ne\u2019\u2019 u ka mund\u00ebsuar q\u00ebndrimin\u00a0 n\u00eb festivalin muzikor\u00eb ,,Egzit\u2019\u2019. P\u00ebrpos hyrjes falas p\u00ebr dit\u00ebn e par\u00eb n\u00eb festival, t\u00eb gjith\u00eb pjes\u00ebmarr\u00ebsve dhe koordinator\u00ebve u \u00ebsht\u00eb siguruar edhe q\u00ebndrimi n\u00eb Novi Sad. Ky \u00ebsht\u00eb nj\u00eb vazhdim i bashk\u00ebpunimit t\u00eb mir\u00eb n\u00eb mes t\u00eb K\u00ebshillit Egzekutiv t\u00eb Vojvodin\u00ebs dhe t\u00eb Trupit Koordinues t\u00eb Qeveris\u00eb s\u00eb Republi\u00ebs s\u00eb Serbis\u00eb p\u00ebr komunat Preshev\u00eb, Bujanoc dhe Medvegj\u00eb i cili finansiarisht p\u00ebrkrah\u00eb projektin ,,Ti dhe un\u00eb jemi ne\u2019\u2019.\" \/>\n<meta property=\"og:url\" content=\"https:\/\/kt.gov.rs\/sq\/8-7-2010\/\" \/>\n<meta property=\"og:site_name\" content=\"Republika e S\u00ebrbis\u00eb Trupi Koordinues p\u00ebr komunat Bujanoc, Preshev\u00eb dhe Medvegj\u00eb\" \/>\n<meta property=\"article:publisher\" content=\"https:\/\/www.facebook.com\/SluzbaKoordinacionogTelaVladeRepublikeSrbije\" \/>\n<meta property=\"article:published_time\" content=\"2010-07-08T00:00:00+00:00\" \/>\n<meta name=\"author\" content=\"ktmin\" \/>\n<meta name=\"twitter:card\" content=\"summary_large_image\" \/>\n<meta name=\"twitter:creator\" content=\"@kt_gov\" \/>\n<meta name=\"twitter:site\" content=\"@kt_gov\" \/>\n<meta name=\"twitter:label1\" content=\"Written by\" \/>\n\t<meta name=\"twitter:data1\" content=\"ktmin\" \/>\n\t<meta name=\"twitter:label2\" content=\"Est. reading time\" \/>\n\t<meta name=\"twitter:data2\" content=\"2 minutes\" \/>\n<script type=\"application\/ld+json\" class=\"yoast-schema-graph\">{\"@context\":\"https:\\\/\\\/schema.org\",\"@graph\":[{\"@type\":\"Article\",\"@id\":\"https:\\\/\\\/kt.gov.rs\\\/sq\\\/8-7-2010\\\/#article\",\"isPartOf\":{\"@id\":\"https:\\\/\\\/kt.gov.rs\\\/sq\\\/8-7-2010\\\/\"},\"author\":{\"name\":\"ktmin\",\"@id\":\"https:\\\/\\\/kt.gov.rs\\\/#\\\/schema\\\/person\\\/e426459ddb4173309103390602694571\"},\"headline\":\"8.7.2010.\",\"datePublished\":\"2010-07-08T00:00:00+00:00\",\"mainEntityOfPage\":{\"@id\":\"https:\\\/\\\/kt.gov.rs\\\/sq\\\/8-7-2010\\\/\"},\"wordCount\":308,\"publisher\":{\"@id\":\"https:\\\/\\\/kt.gov.rs\\\/#organization\"},\"articleSection\":[\"Lajme\"],\"inLanguage\":\"sq-AL\"},{\"@type\":\"WebPage\",\"@id\":\"https:\\\/\\\/kt.gov.rs\\\/sq\\\/8-7-2010\\\/\",\"url\":\"https:\\\/\\\/kt.gov.rs\\\/sq\\\/8-7-2010\\\/\",\"name\":\"8.7.2010. - Republika e S\u00ebrbis\u00eb Trupi Koordinues p\u00ebr komunat Bujanoc, Preshev\u00eb dhe Medvegj\u00eb\",\"isPartOf\":{\"@id\":\"https:\\\/\\\/kt.gov.rs\\\/#website\"},\"datePublished\":\"2010-07-08T00:00:00+00:00\",\"breadcrumb\":{\"@id\":\"https:\\\/\\\/kt.gov.rs\\\/sq\\\/8-7-2010\\\/#breadcrumb\"},\"inLanguage\":\"sq-AL\",\"potentialAction\":[{\"@type\":\"ReadAction\",\"target\":[\"https:\\\/\\\/kt.gov.rs\\\/sq\\\/8-7-2010\\\/\"]}]},{\"@type\":\"BreadcrumbList\",\"@id\":\"https:\\\/\\\/kt.gov.rs\\\/sq\\\/8-7-2010\\\/#breadcrumb\",\"itemListElement\":[{\"@type\":\"ListItem\",\"position\":1,\"name\":\"\u041f\u043e\u0447\u0435\u0442\u043d\u0430\",\"item\":\"https:\\\/\\\/kt.gov.rs\\\/sq\\\/\"},{\"@type\":\"ListItem\",\"position\":2,\"name\":\"8.7.2010.\"}]},{\"@type\":\"WebSite\",\"@id\":\"https:\\\/\\\/kt.gov.rs\\\/#website\",\"url\":\"https:\\\/\\\/kt.gov.rs\\\/\",\"name\":\"\u041a\u043e\u043e\u0440\u0434\u0438\u043d\u0430\u0446\u0438\u043e\u043d\u043e \u0442\u0435\u043b\u043e \u0412\u043b\u0430\u0434\u0435 \u0420\u0435\u043f\u0443\u0431\u043b\u0438\u043a\u0435 \u0421\u0440\u0431\u0438\u0458\u0435 \u0437\u0430 \u043e\u043f\u0448\u0442\u0438\u043d\u0435 \u041f\u0440\u0435\u0448\u0435\u0432\u043e, \u0411\u0443\u0458\u0430\u043d\u043e\u0432\u0430\u0446 \u0438 \u041c\u0435\u0434\u0432\u0435\u0452a\",\"description\":\"\",\"publisher\":{\"@id\":\"https:\\\/\\\/kt.gov.rs\\\/#organization\"},\"alternateName\":\"\u041a\u043e\u043e\u0440\u0434\u0438\u043d\u0430\u0446\u0438\u043e\u043d\u043e \u0442\u0435\u043b\u043e\",\"potentialAction\":[{\"@type\":\"SearchAction\",\"target\":{\"@type\":\"EntryPoint\",\"urlTemplate\":\"https:\\\/\\\/kt.gov.rs\\\/?s={search_term_string}\"},\"query-input\":{\"@type\":\"PropertyValueSpecification\",\"valueRequired\":true,\"valueName\":\"search_term_string\"}}],\"inLanguage\":\"sq-AL\"},{\"@type\":\"Organization\",\"@id\":\"https:\\\/\\\/kt.gov.rs\\\/#organization\",\"name\":\"\u041a\u043e\u043e\u0440\u0434\u0438\u043d\u0430\u0446\u0438\u043e\u043d\u043e \u0442\u0435\u043b\u043e \u0412\u043b\u0430\u0434\u0435 \u0420\u0435\u043f\u0443\u0431\u043b\u0438\u043a\u0435 \u0421\u0440\u0431\u0438\u0458\u0435 \u0437\u0430 \u043e\u043f\u0448\u0442\u0438\u043d\u0435 \u041f\u0440\u0435\u0448\u0435\u0432\u043e, \u0411\u0443\u0458\u0430\u043d\u043e\u0432\u0430\u0446 \u0438 \u041c\u0435\u0434\u0432\u0435\u0452a\",\"alternateName\":\"\u041a\u043e\u043e\u0440\u0434\u0438\u043d\u0430\u0446\u0438\u043e\u043d\u043e \u0442\u0435\u043b\u043e\",\"url\":\"https:\\\/\\\/kt.gov.rs\\\/\",\"logo\":{\"@type\":\"ImageObject\",\"inLanguage\":\"sq-AL\",\"@id\":\"https:\\\/\\\/kt.gov.rs\\\/#\\\/schema\\\/logo\\\/image\\\/\",\"url\":\"https:\\\/\\\/kt.gov.rs\\\/wp-content\\\/uploads\\\/2024\\\/12\\\/koord2.jpg\",\"contentUrl\":\"https:\\\/\\\/kt.gov.rs\\\/wp-content\\\/uploads\\\/2024\\\/12\\\/koord2.jpg\",\"width\":640,\"height\":480,\"caption\":\"\u041a\u043e\u043e\u0440\u0434\u0438\u043d\u0430\u0446\u0438\u043e\u043d\u043e \u0442\u0435\u043b\u043e \u0412\u043b\u0430\u0434\u0435 \u0420\u0435\u043f\u0443\u0431\u043b\u0438\u043a\u0435 \u0421\u0440\u0431\u0438\u0458\u0435 \u0437\u0430 \u043e\u043f\u0448\u0442\u0438\u043d\u0435 \u041f\u0440\u0435\u0448\u0435\u0432\u043e, \u0411\u0443\u0458\u0430\u043d\u043e\u0432\u0430\u0446 \u0438 \u041c\u0435\u0434\u0432\u0435\u0452a\"},\"image\":{\"@id\":\"https:\\\/\\\/kt.gov.rs\\\/#\\\/schema\\\/logo\\\/image\\\/\"},\"sameAs\":[\"https:\\\/\\\/www.facebook.com\\\/SluzbaKoordinacionogTelaVladeRepublikeSrbije\",\"https:\\\/\\\/x.com\\\/kt_gov\",\"https:\\\/\\\/www.youtube.com\\\/@koordinacionotelo\"]},{\"@type\":\"Person\",\"@id\":\"https:\\\/\\\/kt.gov.rs\\\/#\\\/schema\\\/person\\\/e426459ddb4173309103390602694571\",\"name\":\"ktmin\",\"image\":{\"@type\":\"ImageObject\",\"inLanguage\":\"sq-AL\",\"@id\":\"https:\\\/\\\/secure.gravatar.com\\\/avatar\\\/3985c961109853010c3fbc7ba30365bfba5db3dd6c525831d9c595c7525a615a?s=96&d=mm&r=g\",\"url\":\"https:\\\/\\\/secure.gravatar.com\\\/avatar\\\/3985c961109853010c3fbc7ba30365bfba5db3dd6c525831d9c595c7525a615a?s=96&d=mm&r=g\",\"contentUrl\":\"https:\\\/\\\/secure.gravatar.com\\\/avatar\\\/3985c961109853010c3fbc7ba30365bfba5db3dd6c525831d9c595c7525a615a?s=96&d=mm&r=g\",\"caption\":\"ktmin\"},\"sameAs\":[\"https:\\\/\\\/kt.gov.rs\"],\"url\":\"https:\\\/\\\/kt.gov.rs\\\/sq\\\/author\\\/ktmin\\\/\"}]}<\/script>\n<!-- \/ Yoast SEO plugin. -->","yoast_head_json":{"title":"8.7.2010. - Republika e S\u00ebrbis\u00eb Trupi Koordinues p\u00ebr komunat Bujanoc, Preshev\u00eb dhe Medvegj\u00eb","robots":{"index":"index","follow":"follow","max-snippet":"max-snippet:-1","max-image-preview":"max-image-preview:large","max-video-preview":"max-video-preview:-1"},"canonical":"https:\/\/kt.gov.rs\/sq\/8-7-2010\/","og_locale":"sq_AL","og_type":"article","og_title":"8.7.2010. - Republika e S\u00ebrbis\u00eb Trupi Koordinues p\u00ebr komunat Bujanoc, Preshev\u00eb dhe Medvegj\u00eb","og_description":"ARTIST\u00cbT E RINJ\u00cb SERB, SHQIP\u00cbTAR\u00cb DHE ROM\u00cb N\u00cb FESTIVALIN MUZIKOR\u00cb ,,EGZIT\u2019\u2019  N\u00eb bashk\u00ebpunim me Trupin Koordinues s\u00eb Qeveris\u00eb s\u00eb Republik\u00ebs s\u00eb Serbis\u00eb p\u00ebr komunat Preshev\u00eb, Bujanoc dhe Medvegj\u00eb, K\u00ebshilli Egzekutiv e Vojvodin\u00ebs realizuesve t\u00eb projektit multietnik ,,Ti dhe un\u00eb jemi ne\u2019\u2019 u ka mund\u00ebsuar q\u00ebndrimin\u00a0 n\u00eb festivalin muzikor\u00eb ,,Egzit\u2019\u2019. P\u00ebrpos hyrjes falas p\u00ebr dit\u00ebn e par\u00eb n\u00eb festival, t\u00eb gjith\u00eb pjes\u00ebmarr\u00ebsve dhe koordinator\u00ebve u \u00ebsht\u00eb siguruar edhe q\u00ebndrimi n\u00eb Novi Sad. Ky \u00ebsht\u00eb nj\u00eb vazhdim i bashk\u00ebpunimit t\u00eb mir\u00eb n\u00eb mes t\u00eb K\u00ebshillit Egzekutiv t\u00eb Vojvodin\u00ebs dhe t\u00eb Trupit Koordinues t\u00eb Qeveris\u00eb s\u00eb Republi\u00ebs s\u00eb Serbis\u00eb p\u00ebr komunat Preshev\u00eb, Bujanoc dhe Medvegj\u00eb i cili finansiarisht p\u00ebrkrah\u00eb projektin ,,Ti dhe un\u00eb jemi ne\u2019\u2019.","og_url":"https:\/\/kt.gov.rs\/sq\/8-7-2010\/","og_site_name":"Republika e S\u00ebrbis\u00eb Trupi Koordinues p\u00ebr komunat Bujanoc, Preshev\u00eb dhe Medvegj\u00eb","article_publisher":"https:\/\/www.facebook.com\/SluzbaKoordinacionogTelaVladeRepublikeSrbije","article_published_time":"2010-07-08T00:00:00+00:00","author":"ktmin","twitter_card":"summary_large_image","twitter_creator":"@kt_gov","twitter_site":"@kt_gov","twitter_misc":{"Written by":"ktmin","Est. reading time":"2 minutes"},"schema":{"@context":"https:\/\/schema.org","@graph":[{"@type":"Article","@id":"https:\/\/kt.gov.rs\/sq\/8-7-2010\/#article","isPartOf":{"@id":"https:\/\/kt.gov.rs\/sq\/8-7-2010\/"},"author":{"name":"ktmin","@id":"https:\/\/kt.gov.rs\/#\/schema\/person\/e426459ddb4173309103390602694571"},"headline":"8.7.2010.","datePublished":"2010-07-08T00:00:00+00:00","mainEntityOfPage":{"@id":"https:\/\/kt.gov.rs\/sq\/8-7-2010\/"},"wordCount":308,"publisher":{"@id":"https:\/\/kt.gov.rs\/#organization"},"articleSection":["Lajme"],"inLanguage":"sq-AL"},{"@type":"WebPage","@id":"https:\/\/kt.gov.rs\/sq\/8-7-2010\/","url":"https:\/\/kt.gov.rs\/sq\/8-7-2010\/","name":"8.7.2010. - Republika e S\u00ebrbis\u00eb Trupi Koordinues p\u00ebr komunat Bujanoc, Preshev\u00eb dhe Medvegj\u00eb","isPartOf":{"@id":"https:\/\/kt.gov.rs\/#website"},"datePublished":"2010-07-08T00:00:00+00:00","breadcrumb":{"@id":"https:\/\/kt.gov.rs\/sq\/8-7-2010\/#breadcrumb"},"inLanguage":"sq-AL","potentialAction":[{"@type":"ReadAction","target":["https:\/\/kt.gov.rs\/sq\/8-7-2010\/"]}]},{"@type":"BreadcrumbList","@id":"https:\/\/kt.gov.rs\/sq\/8-7-2010\/#breadcrumb","itemListElement":[{"@type":"ListItem","position":1,"name":"\u041f\u043e\u0447\u0435\u0442\u043d\u0430","item":"https:\/\/kt.gov.rs\/sq\/"},{"@type":"ListItem","position":2,"name":"8.7.2010."}]},{"@type":"WebSite","@id":"https:\/\/kt.gov.rs\/#website","url":"https:\/\/kt.gov.rs\/","name":"\u041a\u043e\u043e\u0440\u0434\u0438\u043d\u0430\u0446\u0438\u043e\u043d\u043e \u0442\u0435\u043b\u043e \u0412\u043b\u0430\u0434\u0435 \u0420\u0435\u043f\u0443\u0431\u043b\u0438\u043a\u0435 \u0421\u0440\u0431\u0438\u0458\u0435 \u0437\u0430 \u043e\u043f\u0448\u0442\u0438\u043d\u0435 \u041f\u0440\u0435\u0448\u0435\u0432\u043e, \u0411\u0443\u0458\u0430\u043d\u043e\u0432\u0430\u0446 \u0438 \u041c\u0435\u0434\u0432\u0435\u0452a","description":"","publisher":{"@id":"https:\/\/kt.gov.rs\/#organization"},"alternateName":"\u041a\u043e\u043e\u0440\u0434\u0438\u043d\u0430\u0446\u0438\u043e\u043d\u043e \u0442\u0435\u043b\u043e","potentialAction":[{"@type":"SearchAction","target":{"@type":"EntryPoint","urlTemplate":"https:\/\/kt.gov.rs\/?s={search_term_string}"},"query-input":{"@type":"PropertyValueSpecification","valueRequired":true,"valueName":"search_term_string"}}],"inLanguage":"sq-AL"},{"@type":"Organization","@id":"https:\/\/kt.gov.rs\/#organization","name":"\u041a\u043e\u043e\u0440\u0434\u0438\u043d\u0430\u0446\u0438\u043e\u043d\u043e \u0442\u0435\u043b\u043e \u0412\u043b\u0430\u0434\u0435 \u0420\u0435\u043f\u0443\u0431\u043b\u0438\u043a\u0435 \u0421\u0440\u0431\u0438\u0458\u0435 \u0437\u0430 \u043e\u043f\u0448\u0442\u0438\u043d\u0435 \u041f\u0440\u0435\u0448\u0435\u0432\u043e, \u0411\u0443\u0458\u0430\u043d\u043e\u0432\u0430\u0446 \u0438 \u041c\u0435\u0434\u0432\u0435\u0452a","alternateName":"\u041a\u043e\u043e\u0440\u0434\u0438\u043d\u0430\u0446\u0438\u043e\u043d\u043e \u0442\u0435\u043b\u043e","url":"https:\/\/kt.gov.rs\/","logo":{"@type":"ImageObject","inLanguage":"sq-AL","@id":"https:\/\/kt.gov.rs\/#\/schema\/logo\/image\/","url":"https:\/\/kt.gov.rs\/wp-content\/uploads\/2024\/12\/koord2.jpg","contentUrl":"https:\/\/kt.gov.rs\/wp-content\/uploads\/2024\/12\/koord2.jpg","width":640,"height":480,"caption":"\u041a\u043e\u043e\u0440\u0434\u0438\u043d\u0430\u0446\u0438\u043e\u043d\u043e \u0442\u0435\u043b\u043e \u0412\u043b\u0430\u0434\u0435 \u0420\u0435\u043f\u0443\u0431\u043b\u0438\u043a\u0435 \u0421\u0440\u0431\u0438\u0458\u0435 \u0437\u0430 \u043e\u043f\u0448\u0442\u0438\u043d\u0435 \u041f\u0440\u0435\u0448\u0435\u0432\u043e, \u0411\u0443\u0458\u0430\u043d\u043e\u0432\u0430\u0446 \u0438 \u041c\u0435\u0434\u0432\u0435\u0452a"},"image":{"@id":"https:\/\/kt.gov.rs\/#\/schema\/logo\/image\/"},"sameAs":["https:\/\/www.facebook.com\/SluzbaKoordinacionogTelaVladeRepublikeSrbije","https:\/\/x.com\/kt_gov","https:\/\/www.youtube.com\/@koordinacionotelo"]},{"@type":"Person","@id":"https:\/\/kt.gov.rs\/#\/schema\/person\/e426459ddb4173309103390602694571","name":"ktmin","image":{"@type":"ImageObject","inLanguage":"sq-AL","@id":"https:\/\/secure.gravatar.com\/avatar\/3985c961109853010c3fbc7ba30365bfba5db3dd6c525831d9c595c7525a615a?s=96&d=mm&r=g","url":"https:\/\/secure.gravatar.com\/avatar\/3985c961109853010c3fbc7ba30365bfba5db3dd6c525831d9c595c7525a615a?s=96&d=mm&r=g","contentUrl":"https:\/\/secure.gravatar.com\/avatar\/3985c961109853010c3fbc7ba30365bfba5db3dd6c525831d9c595c7525a615a?s=96&d=mm&r=g","caption":"ktmin"},"sameAs":["https:\/\/kt.gov.rs"],"url":"https:\/\/kt.gov.rs\/sq\/author\/ktmin\/"}]}},"_links":{"self":[{"href":"https:\/\/kt.gov.rs\/sq\/wp-json\/wp\/v2\/posts\/142706","targetHints":{"allow":["GET"]}}],"collection":[{"href":"https:\/\/kt.gov.rs\/sq\/wp-json\/wp\/v2\/posts"}],"about":[{"href":"https:\/\/kt.gov.rs\/sq\/wp-json\/wp\/v2\/types\/post"}],"author":[{"embeddable":true,"href":"https:\/\/kt.gov.rs\/sq\/wp-json\/wp\/v2\/users\/1"}],"replies":[{"embeddable":true,"href":"https:\/\/kt.gov.rs\/sq\/wp-json\/wp\/v2\/comments?post=142706"}],"version-history":[{"count":0,"href":"https:\/\/kt.gov.rs\/sq\/wp-json\/wp\/v2\/posts\/142706\/revisions"}],"wp:attachment":[{"href":"https:\/\/kt.gov.rs\/sq\/wp-json\/wp\/v2\/media?parent=142706"}],"wp:term":[{"taxonomy":"category","embeddable":true,"href":"https:\/\/kt.gov.rs\/sq\/wp-json\/wp\/v2\/categories?post=142706"},{"taxonomy":"post_tag","embeddable":true,"href":"https:\/\/kt.gov.rs\/sq\/wp-json\/wp\/v2\/tags?post=142706"}],"curies":[{"name":"wp","href":"https:\/\/api.w.org\/{rel}","templated":true}]}}