{"id":142705,"date":"2010-07-12T00:00:00","date_gmt":"2010-07-12T00:00:00","guid":{"rendered":"http:\/\/kt.printandscreen.rs\/thirrje-per-media-12-07-2010\/"},"modified":"2010-07-12T00:00:00","modified_gmt":"2010-07-12T00:00:00","slug":"thirrje-per-media-12-07-2010","status":"publish","type":"post","link":"https:\/\/kt.gov.rs\/sq\/thirrje-per-media-12-07-2010\/","title":{"rendered":"THIRRJE P\u00cbR MEDIA, 12.07.2010."},"content":{"rendered":"<p>\n<meta content=\"text\/html; charset=utf-8\" http-equiv=\"Content-Type\"><br \/>\n<meta content=\"Word.Document\" name=\"ProgId\"><br \/>\n<meta content=\"Microsoft Word 11\" name=\"Generator\"><br \/>\n<meta content=\"Microsoft Word 11\" name=\"Originator\">\n<link href=\"file:\/\/\/C:%5CDOCUME%7E1%5CRio%5CLOCALS%7E1%5CTemp%5Cmsohtml1%5C01%5Cclip_filelist.xml\" rel=\"File-List\" \/>\n<link href=\"file:\/\/\/C:%5CDOCUME%7E1%5CRio%5CLOCALS%7E1%5CTemp%5Cmsohtml1%5C01%5Cclip_editdata.mso\" rel=\"Edit-Time-Data\" \/><!--[if !mso]>\n\n\n<style>\nv:* {behavior:url(#default#VML);}\no:* {behavior:url(#default#VML);}\nw:* {behavior:url(#default#VML);}\n.shape {behavior:url(#default#VML);}\n<\/style>\n\n\n<![endif]--><!--[if gte mso 9]><xml>\n \n  Normal\n  0\n  \n  \n  false\n  false\n  false\n  \n   \n   \n   \n   \n   \n   \n  \n  MicrosoftInternetExplorer4\n \n<\/xml><![endif]--><!--[if gte mso 9]><![endif]--><\/p>\n<style type=\"text\/css\">\n<!--\n \/* Font Definitions *\/\n @font-face\n\t{\n\tpanose-1:2 15 5 2 2 2 4 3 2 4;}\n \/* Style Definitions *\/\n p.MsoNormal, li.MsoNormal, div.MsoNormal\n\t{mso-style-parent:\"\";\n\tmargin-top:0cm;\n\tmargin-right:0cm;\n\tmargin-bottom:10.0pt;\n\tmargin-left:0cm;\n\tline-height:115%;\n\tfont-size:11.0pt;\n\tmso-bidi-\"Times New Roman\";}\np.MsoHeader, li.MsoHeader, div.MsoHeader\n\t{mso-style-link:\" Char Char2\";\n\tmargin:0cm;\n\tmargin-bottom:.0001pt;\n\tfont-size:11.0pt;\n\tmso-bidi-\"Times New Roman\";}\np.MsoFooter, li.MsoFooter, div.MsoFooter\n\t{\n\tmso-style-link:\" Char Char1\";\n\tmargin:0cm;\n\tmargin-bottom:.0001pt;\n\tfont-size:11.0pt;\n\tmso-bidi-\"Times New Roman\";}\na:link, span.MsoHyperlink\n\t{color:blue;\n\ttext-decoration:underline;\n\ttext-underline:single;}\na:visited, span.MsoHyperlinkFollowed\n\t{color:purple;\n\ttext-decoration:underline;\n\ttext-underline:single;}\nspan.CharChar2\n\t{mso-style-name:\" Char Char2\";}\nspan.CharChar1\n\t{mso-style-name:\" Char Char1\";}\n@page Section1\n\t{size:612.0pt 792.0pt;\n\tmargin:3.85pt 63.0pt 9.0pt 72.0pt;}\ndiv.Section1\n\t{page:Section1;}\n-->\n<\/style>\n<p><!--[if gte mso 10]>\n\n\n<style>\n \/* Style Definitions *\/\n table.MsoNormalTable\n\t{mso-style-name:\"Table Normal\";\n\tmso-style-parent:\"\";\n\tfont-size:10.0pt;\"Times New Roman\";\n\tmso-fareast-\"Times New Roman\";}\n<\/style>\n\n\n<![endif]--><\/p>\n<p><strong>Kryetari i Trupit Koordinues i Qeveris\u00eb s\u00eb Republik\u00ebs s\u00eb Serbis\u00eb p\u00ebr komunat Preshev\u00eb, Bujanoc dhe Medvegj\u00eb ministri Milan Markoviq n\u00eb Preshev\u00eb dhe Bujanoc<\/strong><\/p>\n<p><strong>Ministri Milan Markoviq, t\u00eb mart\u00ebn m\u00eb 13 korrik, n\u00eb Bujanoc do t\u00eb bisedoj\u00eb me kryetarin e K\u00ebshillit Nacional t\u00eb Shqipltar\u00ebve Galip Beqirin p\u00ebr aktivitetet e planfikuara t\u00eb K\u00ebshillit Nacional si dhe mbi bask\u00ebpunimin n\u00eb mes t\u00eb K\u00ebshillit nacional dhe Trupit Koordinues.<\/strong><\/p>\n<p>Para takimit me kryetarin e K\u00ebshillit Nacional t\u00eb Shqip\u00ebtar\u00ebve ministri Markoviq n\u00eb Preshev\u00eb do t\u00eb vizitoj\u00eb f\u00ebmij\u00ebt me aft\u00ebsi t\u00eb kufizuara. Organizator\u00eb i k\u00ebtij\u00eb takimi n\u00eb mes ministrit dhe f\u00ebmij\u00ebve me aft\u00ebsi t\u00eb kufizuara \u00ebsht\u00eb\u00a0Shoqata e prind\u00ebrve me aft\u00ebsi t\u00eb kufizuara. Rekonsturimin e hap\u00ebsir\u00ebs ku q\u00ebndrojn\u00eb f\u00ebmij\u00ebt e ka ndihmuar Trupi Koordinues me 1.772.822,00 dinar\u00eb. Ministri Markoviq do t\u00eb bisedoj\u00eb me edukator\u00ebt, prind\u00ebrit dhe f\u00ebmij\u00ebt t\u00eb\u00a0cil\u00ebt q\u00ebndrojn\u00eb n\u00eb k\u00ebto hap\u00ebsira t\u00eb reja. Nx\u00ebn\u00ebsit e shkoll\u00ebs muzikore nga Presheva, fungsionimin e s\u00eb cil\u00ebs vitin \u00a0e kaluar poashtu e ka p\u00ebrkrahur finansiarisht Trupi Koordinues, do t\u00eb \u00e7faqin programin dedikuar p\u00ebr nx\u00ebn\u00ebsit me aft\u00ebsi t\u00eb kufizuara.<\/p>\n<p>Pas k\u00ebsaj, ministri Markoviq do t\u00eb takohet me kryetarin e komun\u00ebs s\u00eb Preshev\u00ebs, Ragmi Mustaf\u00ebn me q\u2019rast do t\u00eb bisedojn\u00eb p\u00ebr projektet e ndryshme t\u00eb cilat p\u00ebrkrahen nga Trupi Koordinues si dhe p\u00ebr projektet e ardhshme n\u00eb komun\u00ebn e Preshev\u00ebs si dhe p\u00ebr projektet t\u00eb cilat Trupi Koordinues ka mund\u00ebsi t\u2019i p\u00ebrkrah\u00eb.<\/p>\n<p>Pas q\u00ebndrimit nj\u00ebditor\u00eb n\u00eb Serbin\u00eb jugore, kryetari i trupit Koordinues i Qeveris\u00eb s\u00eb Republik\u00ebs s\u00eb Serbis\u00eb p\u00ebr komunat Preshev\u00eb, Bujanoc dhe Medvegj\u00eb ministri Milan Markoviq, n\u00eb Bujanoc do t\u00eb takohet dhe do t\u00eb bisedoj\u00eb me afarist\u00ebt mbi problemet e tyre dhe bashk\u00ebpunimin me Trupin Koordinues.<\/p>\n<p align=\"center\"><strong>Protokoli i vizit\u00ebs s\u00eb ministrit Milan Markoviq<\/strong><\/p>\n<p><strong>11:30 \u2013 12:00 \u00a0 <\/strong><strong>Shoqata e prind\u00ebrve t\u00eb f\u00ebmij\u00ebve me aft\u00ebsi t\u00eb kufizuara \u2013 Preshev\u00eb<\/strong><\/p>\n<p><strong>12:00 \u2013 12:30 \u00a0 <\/strong><strong>Takimi me Ragmi Mustaf\u00ebn \u2013 Preshev\u00eb<\/strong><\/p>\n<p><strong>13:00 \u2013 13:30 \u00a0 <\/strong><strong>Takimi me Galip Beqirin \u2013 zyrja e kryetarit t\u00eb komun\u00ebs s\u00eb Bujanocit<\/strong><\/p>\n<p><font color=\"#ff0000\"><strong>Ministri Milan Markoviq dhe kryetari i K\u00ebshillit Nacional t\u00eb Shqip\u00ebtar\u00ebve Galip Beqiri pas takimit do t\u00eb japin deklarata p\u00ebr media <\/strong><\/font><\/p>\n<p><strong>13:45 \u2013 14:30\u00a0 <\/strong><strong>Biseda me afarist\u00ebt \u2013 Bujanoc<\/strong><\/p>\n<p>P\u00ebr informata m\u00eb t\u00eb holl\u00ebsishme kontaktoni Milica Rodiq n\u00eb tel 063 10 50 713 dhe Nebojsha Andriq n\u00eb tel 066 389 264.<\/p>\n<p><\/meta><br \/>\n<\/meta><br \/>\n<\/meta><br \/>\n<\/meta><\/p>\n","protected":false},"excerpt":{"rendered":"<p>Kryetari i Trupit Koordinues i Qeveris\u00eb s\u00eb Republik\u00ebs s\u00eb Serbis\u00eb p\u00ebr komunat Preshev\u00eb, Bujanoc dhe Medvegj\u00eb ministri Milan  Markoviq n\u00eb Preshev\u00eb dhe Bujanoc<br \/>\nMinistri Milan Markoviq, t\u00eb mart\u00ebn m\u00eb 13 korrik, n\u00eb Bujanoc do t\u00eb bisedoj\u00eb me kryetarin e K\u00ebshillit Nacional t\u00eb Shqipltar\u00ebve  Galip Beqirin p\u00ebr aktivitetet e planfikuara t\u00eb K\u00ebshillit Nacional si dhe mbi bask\u00ebpunimin n\u00eb mes t\u00eb K\u00ebshillit nacional dhe Trupit Koordinues.<\/p>\n","protected":false},"author":1,"featured_media":0,"comment_status":"closed","ping_status":"closed","sticky":false,"template":"","format":"standard","meta":{"footnotes":""},"categories":[55],"tags":[],"class_list":["post-142705","post","type-post","status-publish","format-standard","hentry","category-lajme"],"yoast_head":"<!-- This site is optimized with the Yoast SEO plugin v27.5 - https:\/\/yoast.com\/product\/yoast-seo-wordpress\/ -->\n<title>THIRRJE P\u00cbR MEDIA, 12.07.2010. - Republika e S\u00ebrbis\u00eb Trupi Koordinues p\u00ebr komunat Bujanoc, Preshev\u00eb dhe Medvegj\u00eb<\/title>\n<meta name=\"robots\" content=\"index, follow, max-snippet:-1, max-image-preview:large, max-video-preview:-1\" \/>\n<link rel=\"canonical\" href=\"https:\/\/kt.gov.rs\/sq\/thirrje-per-media-12-07-2010\/\" \/>\n<meta property=\"og:locale\" content=\"sq_AL\" \/>\n<meta property=\"og:type\" content=\"article\" \/>\n<meta property=\"og:title\" content=\"THIRRJE P\u00cbR MEDIA, 12.07.2010. - Republika e S\u00ebrbis\u00eb Trupi Koordinues p\u00ebr komunat Bujanoc, Preshev\u00eb dhe Medvegj\u00eb\" \/>\n<meta property=\"og:description\" content=\"Kryetari i Trupit Koordinues i Qeveris\u00eb s\u00eb Republik\u00ebs s\u00eb Serbis\u00eb p\u00ebr komunat Preshev\u00eb, Bujanoc dhe Medvegj\u00eb ministri Milan Markoviq n\u00eb Preshev\u00eb dhe Bujanoc Ministri Milan Markoviq, t\u00eb mart\u00ebn m\u00eb 13 korrik, n\u00eb Bujanoc do t\u00eb bisedoj\u00eb me kryetarin e K\u00ebshillit Nacional t\u00eb Shqipltar\u00ebve Galip Beqirin p\u00ebr aktivitetet e planfikuara t\u00eb K\u00ebshillit Nacional si dhe mbi bask\u00ebpunimin n\u00eb mes t\u00eb K\u00ebshillit nacional dhe Trupit Koordinues.\" \/>\n<meta property=\"og:url\" content=\"https:\/\/kt.gov.rs\/sq\/thirrje-per-media-12-07-2010\/\" \/>\n<meta property=\"og:site_name\" content=\"Republika e S\u00ebrbis\u00eb Trupi Koordinues p\u00ebr komunat Bujanoc, Preshev\u00eb dhe Medvegj\u00eb\" \/>\n<meta property=\"article:publisher\" content=\"https:\/\/www.facebook.com\/SluzbaKoordinacionogTelaVladeRepublikeSrbije\" \/>\n<meta property=\"article:published_time\" content=\"2010-07-12T00:00:00+00:00\" \/>\n<meta name=\"author\" content=\"ktmin\" \/>\n<meta name=\"twitter:card\" content=\"summary_large_image\" \/>\n<meta name=\"twitter:creator\" content=\"@kt_gov\" \/>\n<meta name=\"twitter:site\" content=\"@kt_gov\" \/>\n<meta name=\"twitter:label1\" content=\"Written by\" \/>\n\t<meta name=\"twitter:data1\" content=\"ktmin\" \/>\n\t<meta name=\"twitter:label2\" content=\"Est. reading time\" \/>\n\t<meta name=\"twitter:data2\" content=\"2 minutes\" \/>\n<script type=\"application\/ld+json\" class=\"yoast-schema-graph\">{\"@context\":\"https:\\\/\\\/schema.org\",\"@graph\":[{\"@type\":\"Article\",\"@id\":\"https:\\\/\\\/kt.gov.rs\\\/sq\\\/thirrje-per-media-12-07-2010\\\/#article\",\"isPartOf\":{\"@id\":\"https:\\\/\\\/kt.gov.rs\\\/sq\\\/thirrje-per-media-12-07-2010\\\/\"},\"author\":{\"name\":\"ktmin\",\"@id\":\"https:\\\/\\\/kt.gov.rs\\\/#\\\/schema\\\/person\\\/e426459ddb4173309103390602694571\"},\"headline\":\"THIRRJE P\u00cbR MEDIA, 12.07.2010.\",\"datePublished\":\"2010-07-12T00:00:00+00:00\",\"mainEntityOfPage\":{\"@id\":\"https:\\\/\\\/kt.gov.rs\\\/sq\\\/thirrje-per-media-12-07-2010\\\/\"},\"wordCount\":434,\"publisher\":{\"@id\":\"https:\\\/\\\/kt.gov.rs\\\/#organization\"},\"articleSection\":[\"Lajme\"],\"inLanguage\":\"sq-AL\"},{\"@type\":\"WebPage\",\"@id\":\"https:\\\/\\\/kt.gov.rs\\\/sq\\\/thirrje-per-media-12-07-2010\\\/\",\"url\":\"https:\\\/\\\/kt.gov.rs\\\/sq\\\/thirrje-per-media-12-07-2010\\\/\",\"name\":\"THIRRJE P\u00cbR MEDIA, 12.07.2010. - Republika e S\u00ebrbis\u00eb Trupi Koordinues p\u00ebr komunat Bujanoc, Preshev\u00eb dhe Medvegj\u00eb\",\"isPartOf\":{\"@id\":\"https:\\\/\\\/kt.gov.rs\\\/#website\"},\"datePublished\":\"2010-07-12T00:00:00+00:00\",\"breadcrumb\":{\"@id\":\"https:\\\/\\\/kt.gov.rs\\\/sq\\\/thirrje-per-media-12-07-2010\\\/#breadcrumb\"},\"inLanguage\":\"sq-AL\",\"potentialAction\":[{\"@type\":\"ReadAction\",\"target\":[\"https:\\\/\\\/kt.gov.rs\\\/sq\\\/thirrje-per-media-12-07-2010\\\/\"]}]},{\"@type\":\"BreadcrumbList\",\"@id\":\"https:\\\/\\\/kt.gov.rs\\\/sq\\\/thirrje-per-media-12-07-2010\\\/#breadcrumb\",\"itemListElement\":[{\"@type\":\"ListItem\",\"position\":1,\"name\":\"Po\u010detna\",\"item\":\"https:\\\/\\\/kt.gov.rs\\\/sq\\\/\"},{\"@type\":\"ListItem\",\"position\":2,\"name\":\"THIRRJE P\u00cbR MEDIA, 12.07.2010.\"}]},{\"@type\":\"WebSite\",\"@id\":\"https:\\\/\\\/kt.gov.rs\\\/#website\",\"url\":\"https:\\\/\\\/kt.gov.rs\\\/\",\"name\":\"Koordinaciono telo Vlade Republike Srbije za op\u0161tine Pre\u0161evo, Bujanovac i Medve\u0111a\",\"description\":\"\",\"publisher\":{\"@id\":\"https:\\\/\\\/kt.gov.rs\\\/#organization\"},\"alternateName\":\"Koordinaciono telo\",\"potentialAction\":[{\"@type\":\"SearchAction\",\"target\":{\"@type\":\"EntryPoint\",\"urlTemplate\":\"https:\\\/\\\/kt.gov.rs\\\/?s={search_term_string}\"},\"query-input\":{\"@type\":\"PropertyValueSpecification\",\"valueRequired\":true,\"valueName\":\"search_term_string\"}}],\"inLanguage\":\"sq-AL\"},{\"@type\":\"Organization\",\"@id\":\"https:\\\/\\\/kt.gov.rs\\\/#organization\",\"name\":\"Koordinaciono telo Vlade Republike Srbije za op\u0161tine Pre\u0161evo, Bujanovac i Medve\u0111a\",\"alternateName\":\"Koordinaciono telo\",\"url\":\"https:\\\/\\\/kt.gov.rs\\\/\",\"logo\":{\"@type\":\"ImageObject\",\"inLanguage\":\"sq-AL\",\"@id\":\"https:\\\/\\\/kt.gov.rs\\\/#\\\/schema\\\/logo\\\/image\\\/\",\"url\":\"https:\\\/\\\/kt.gov.rs\\\/wp-content\\\/uploads\\\/2024\\\/12\\\/koord2.jpg\",\"contentUrl\":\"https:\\\/\\\/kt.gov.rs\\\/wp-content\\\/uploads\\\/2024\\\/12\\\/koord2.jpg\",\"width\":640,\"height\":480,\"caption\":\"Koordinaciono telo Vlade Republike Srbije za op\u0161tine Pre\u0161evo, Bujanovac i Medve\u0111a\"},\"image\":{\"@id\":\"https:\\\/\\\/kt.gov.rs\\\/#\\\/schema\\\/logo\\\/image\\\/\"},\"sameAs\":[\"https:\\\/\\\/www.facebook.com\\\/SluzbaKoordinacionogTelaVladeRepublikeSrbije\",\"https:\\\/\\\/x.com\\\/kt_gov\",\"https:\\\/\\\/www.youtube.com\\\/@koordinacionotelo\"]},{\"@type\":\"Person\",\"@id\":\"https:\\\/\\\/kt.gov.rs\\\/#\\\/schema\\\/person\\\/e426459ddb4173309103390602694571\",\"name\":\"ktmin\",\"image\":{\"@type\":\"ImageObject\",\"inLanguage\":\"sq-AL\",\"@id\":\"https:\\\/\\\/secure.gravatar.com\\\/avatar\\\/3985c961109853010c3fbc7ba30365bfba5db3dd6c525831d9c595c7525a615a?s=96&d=mm&r=g\",\"url\":\"https:\\\/\\\/secure.gravatar.com\\\/avatar\\\/3985c961109853010c3fbc7ba30365bfba5db3dd6c525831d9c595c7525a615a?s=96&d=mm&r=g\",\"contentUrl\":\"https:\\\/\\\/secure.gravatar.com\\\/avatar\\\/3985c961109853010c3fbc7ba30365bfba5db3dd6c525831d9c595c7525a615a?s=96&d=mm&r=g\",\"caption\":\"ktmin\"},\"sameAs\":[\"https:\\\/\\\/kt.gov.rs\"],\"url\":\"https:\\\/\\\/kt.gov.rs\\\/sq\\\/author\\\/ktmin\\\/\"}]}<\/script>\n<!-- \/ Yoast SEO plugin. -->","yoast_head_json":{"title":"THIRRJE P\u00cbR MEDIA, 12.07.2010. - Republika e S\u00ebrbis\u00eb Trupi Koordinues p\u00ebr komunat Bujanoc, Preshev\u00eb dhe Medvegj\u00eb","robots":{"index":"index","follow":"follow","max-snippet":"max-snippet:-1","max-image-preview":"max-image-preview:large","max-video-preview":"max-video-preview:-1"},"canonical":"https:\/\/kt.gov.rs\/sq\/thirrje-per-media-12-07-2010\/","og_locale":"sq_AL","og_type":"article","og_title":"THIRRJE P\u00cbR MEDIA, 12.07.2010. - Republika e S\u00ebrbis\u00eb Trupi Koordinues p\u00ebr komunat Bujanoc, Preshev\u00eb dhe Medvegj\u00eb","og_description":"Kryetari i Trupit Koordinues i Qeveris\u00eb s\u00eb Republik\u00ebs s\u00eb Serbis\u00eb p\u00ebr komunat Preshev\u00eb, Bujanoc dhe Medvegj\u00eb ministri Milan Markoviq n\u00eb Preshev\u00eb dhe Bujanoc Ministri Milan Markoviq, t\u00eb mart\u00ebn m\u00eb 13 korrik, n\u00eb Bujanoc do t\u00eb bisedoj\u00eb me kryetarin e K\u00ebshillit Nacional t\u00eb Shqipltar\u00ebve Galip Beqirin p\u00ebr aktivitetet e planfikuara t\u00eb K\u00ebshillit Nacional si dhe mbi bask\u00ebpunimin n\u00eb mes t\u00eb K\u00ebshillit nacional dhe Trupit Koordinues.","og_url":"https:\/\/kt.gov.rs\/sq\/thirrje-per-media-12-07-2010\/","og_site_name":"Republika e S\u00ebrbis\u00eb Trupi Koordinues p\u00ebr komunat Bujanoc, Preshev\u00eb dhe Medvegj\u00eb","article_publisher":"https:\/\/www.facebook.com\/SluzbaKoordinacionogTelaVladeRepublikeSrbije","article_published_time":"2010-07-12T00:00:00+00:00","author":"ktmin","twitter_card":"summary_large_image","twitter_creator":"@kt_gov","twitter_site":"@kt_gov","twitter_misc":{"Written by":"ktmin","Est. reading time":"2 minutes"},"schema":{"@context":"https:\/\/schema.org","@graph":[{"@type":"Article","@id":"https:\/\/kt.gov.rs\/sq\/thirrje-per-media-12-07-2010\/#article","isPartOf":{"@id":"https:\/\/kt.gov.rs\/sq\/thirrje-per-media-12-07-2010\/"},"author":{"name":"ktmin","@id":"https:\/\/kt.gov.rs\/#\/schema\/person\/e426459ddb4173309103390602694571"},"headline":"THIRRJE P\u00cbR MEDIA, 12.07.2010.","datePublished":"2010-07-12T00:00:00+00:00","mainEntityOfPage":{"@id":"https:\/\/kt.gov.rs\/sq\/thirrje-per-media-12-07-2010\/"},"wordCount":434,"publisher":{"@id":"https:\/\/kt.gov.rs\/#organization"},"articleSection":["Lajme"],"inLanguage":"sq-AL"},{"@type":"WebPage","@id":"https:\/\/kt.gov.rs\/sq\/thirrje-per-media-12-07-2010\/","url":"https:\/\/kt.gov.rs\/sq\/thirrje-per-media-12-07-2010\/","name":"THIRRJE P\u00cbR MEDIA, 12.07.2010. - Republika e S\u00ebrbis\u00eb Trupi Koordinues p\u00ebr komunat Bujanoc, Preshev\u00eb dhe Medvegj\u00eb","isPartOf":{"@id":"https:\/\/kt.gov.rs\/#website"},"datePublished":"2010-07-12T00:00:00+00:00","breadcrumb":{"@id":"https:\/\/kt.gov.rs\/sq\/thirrje-per-media-12-07-2010\/#breadcrumb"},"inLanguage":"sq-AL","potentialAction":[{"@type":"ReadAction","target":["https:\/\/kt.gov.rs\/sq\/thirrje-per-media-12-07-2010\/"]}]},{"@type":"BreadcrumbList","@id":"https:\/\/kt.gov.rs\/sq\/thirrje-per-media-12-07-2010\/#breadcrumb","itemListElement":[{"@type":"ListItem","position":1,"name":"Po\u010detna","item":"https:\/\/kt.gov.rs\/sq\/"},{"@type":"ListItem","position":2,"name":"THIRRJE P\u00cbR MEDIA, 12.07.2010."}]},{"@type":"WebSite","@id":"https:\/\/kt.gov.rs\/#website","url":"https:\/\/kt.gov.rs\/","name":"Koordinaciono telo Vlade Republike Srbije za op\u0161tine Pre\u0161evo, Bujanovac i Medve\u0111a","description":"","publisher":{"@id":"https:\/\/kt.gov.rs\/#organization"},"alternateName":"Koordinaciono telo","potentialAction":[{"@type":"SearchAction","target":{"@type":"EntryPoint","urlTemplate":"https:\/\/kt.gov.rs\/?s={search_term_string}"},"query-input":{"@type":"PropertyValueSpecification","valueRequired":true,"valueName":"search_term_string"}}],"inLanguage":"sq-AL"},{"@type":"Organization","@id":"https:\/\/kt.gov.rs\/#organization","name":"Koordinaciono telo Vlade Republike Srbije za op\u0161tine Pre\u0161evo, Bujanovac i Medve\u0111a","alternateName":"Koordinaciono telo","url":"https:\/\/kt.gov.rs\/","logo":{"@type":"ImageObject","inLanguage":"sq-AL","@id":"https:\/\/kt.gov.rs\/#\/schema\/logo\/image\/","url":"https:\/\/kt.gov.rs\/wp-content\/uploads\/2024\/12\/koord2.jpg","contentUrl":"https:\/\/kt.gov.rs\/wp-content\/uploads\/2024\/12\/koord2.jpg","width":640,"height":480,"caption":"Koordinaciono telo Vlade Republike Srbije za op\u0161tine Pre\u0161evo, Bujanovac i Medve\u0111a"},"image":{"@id":"https:\/\/kt.gov.rs\/#\/schema\/logo\/image\/"},"sameAs":["https:\/\/www.facebook.com\/SluzbaKoordinacionogTelaVladeRepublikeSrbije","https:\/\/x.com\/kt_gov","https:\/\/www.youtube.com\/@koordinacionotelo"]},{"@type":"Person","@id":"https:\/\/kt.gov.rs\/#\/schema\/person\/e426459ddb4173309103390602694571","name":"ktmin","image":{"@type":"ImageObject","inLanguage":"sq-AL","@id":"https:\/\/secure.gravatar.com\/avatar\/3985c961109853010c3fbc7ba30365bfba5db3dd6c525831d9c595c7525a615a?s=96&d=mm&r=g","url":"https:\/\/secure.gravatar.com\/avatar\/3985c961109853010c3fbc7ba30365bfba5db3dd6c525831d9c595c7525a615a?s=96&d=mm&r=g","contentUrl":"https:\/\/secure.gravatar.com\/avatar\/3985c961109853010c3fbc7ba30365bfba5db3dd6c525831d9c595c7525a615a?s=96&d=mm&r=g","caption":"ktmin"},"sameAs":["https:\/\/kt.gov.rs"],"url":"https:\/\/kt.gov.rs\/sq\/author\/ktmin\/"}]}},"_links":{"self":[{"href":"https:\/\/kt.gov.rs\/sq\/wp-json\/wp\/v2\/posts\/142705","targetHints":{"allow":["GET"]}}],"collection":[{"href":"https:\/\/kt.gov.rs\/sq\/wp-json\/wp\/v2\/posts"}],"about":[{"href":"https:\/\/kt.gov.rs\/sq\/wp-json\/wp\/v2\/types\/post"}],"author":[{"embeddable":true,"href":"https:\/\/kt.gov.rs\/sq\/wp-json\/wp\/v2\/users\/1"}],"replies":[{"embeddable":true,"href":"https:\/\/kt.gov.rs\/sq\/wp-json\/wp\/v2\/comments?post=142705"}],"version-history":[{"count":0,"href":"https:\/\/kt.gov.rs\/sq\/wp-json\/wp\/v2\/posts\/142705\/revisions"}],"wp:attachment":[{"href":"https:\/\/kt.gov.rs\/sq\/wp-json\/wp\/v2\/media?parent=142705"}],"wp:term":[{"taxonomy":"category","embeddable":true,"href":"https:\/\/kt.gov.rs\/sq\/wp-json\/wp\/v2\/categories?post=142705"},{"taxonomy":"post_tag","embeddable":true,"href":"https:\/\/kt.gov.rs\/sq\/wp-json\/wp\/v2\/tags?post=142705"}],"curies":[{"name":"wp","href":"https:\/\/api.w.org\/{rel}","templated":true}]}}