{"id":142694,"date":"2010-07-14T00:00:00","date_gmt":"2010-07-14T00:00:00","guid":{"rendered":"http:\/\/kt.printandscreen.rs\/kryetari-i-trupit-koordinues-ministri-milan-markoviq-u-takua-me-kryetarin-e-keshillit-nacional-te-shqipetareve-galip-beqirin\/"},"modified":"2024-07-30T20:22:22","modified_gmt":"2024-07-30T20:22:22","slug":"kryetari-i-trupit-koordinues-ministri-milan-markoviq-u-takua-me-kryetarin-e-keshillit-nacional-te-shqipetareve-galip-beqirin","status":"publish","type":"post","link":"https:\/\/kt.gov.rs\/sq\/kryetari-i-trupit-koordinues-ministri-milan-markoviq-u-takua-me-kryetarin-e-keshillit-nacional-te-shqipetareve-galip-beqirin\/","title":{"rendered":"KRYETARI I TRUPIT KOORDINUES MINISTRI MILAN MARKOVIQ U TAKUA ME KRYETARIN E K\u00cbSHILLIT NACIONAL T\u00cb SHQIP\u00cbTAR\u00cbVE GALIP BEQIRIN"},"content":{"rendered":"<p><img decoding=\"async\" align=\"left\" src=\"https:\/\/kt.gov.rs\/wp-content\/uploads\/2024\/07\/newspic375-4.jpg\" alt=\"\" \/>Krryetari i Trupit koordinues i Qeveris\u00eb s\u00eb Republik\u00ebs s\u00eb Serbis\u00eb ministri Milan Markoviq t\u00eb m\u00ebrkur\u00ebn m\u00eb 13 korrik vizitoi Preshev\u00ebn\u00a0 dhe Bujanocin me q\u2019rast bisedoi me kryetarin e K\u00ebshillit Nacional\u00a0 t\u00eb Shqip\u00ebtar\u00ebve Galip Beqirin mbi aktivitetet e planifikuara dhe bashk\u00ebpunimin e K\u00ebshillit Nacional\u00a0 me Trupin koordinues.<\/p>\n<p>Ministri theksoi se qdo takim me p\u00ebrfaq\u00ebsuesit e Shqip\u00ebtar\u00ebve \u00ebsht\u00eb hap i r\u00ebnd\u00ebsish\u00ebm p\u00ebr avancimin e pozit\u00ebs s\u00eb Shqip\u00ebtar\u00ebve n\u00eb Serbin\u00eb jugore, duke potencuar se arsimi \u00ebsht\u00eb nj\u00eb nd\u00ebr problemet kryesore me t\u00eb cilat ballafaqohet komuniteti Shqip\u00ebtar\u00eb.<\/p>\n<p>I posaem\u00ebruari kryetar\u00eb i K\u00ebshilit Nacional t\u00eb Shqip\u00ebtar\u00ebve Galip Beqiri theksoi se Shqip\u00ebtar\u00ebt nga Serbia jugore nuk jan\u00eb t\u00eb k\u00ebnaqur me m\u00ebnyr\u00ebn e trajtimit nga ana e zyrtar\u00ebve nga Beogradi, mir\u00ebpo shpreson se p\u00ebrmes K\u00ebshillit Nacional t\u00eb Shqiptar\u00ebve gjendja s\u00eb shpejti do t\u00eb p\u00ebrmir\u00ebsohet.<\/p>\n<p>,,Drejtimet primare me t\u00eb cilat do t\u00eb merret K\u00ebshilli Nacional\u00a0 jan\u00eb: Arsimi, informimi, kultura\u00a0 dhe gjuha. Nga e gjith\u00eb kjo, m\u00eb s\u00eb tep\u00ebrmi do t\u00eb merremi me problemin e arsimit. Tek ne egziston problemi i mospranimit t\u00eb diplomave nga ana e ministris\u00eb s\u00eb arsimit p\u00ebr student\u00ebt q\u00eb kan\u00eb diplomuar n\u00eb Kosov\u00eb. Problem \u00ebsht\u00eb edhe hapja e fakultetit n\u00eb k\u00ebto komuna. Dmth, arsimi \u00ebsht\u00eb prioriteti yn\u00eb, e m\u00eb pastaj informimi dhe kultura\u2019\u2019 theksoi Beqiri.<\/p>\n<p>,,Duam q\u00eb t\u00eb gjitha ato q\u00eb jan\u00eb t\u00eb garantuara me ligj dhe kushtetut\u00eb t\u2019i ken Shqip\u00ebtar\u00ebt, si dhe t\u2019i t\u00eb gjitha kushtet e jetes\u00ebs siq i kan\u00eb\u00a0 edhe t\u00eb\u00a0 tjer\u00ebt. Shpresoj se ky \u00ebsht\u00eb fillimi i nj\u00eb bashk\u00ebpunimi t\u00eb suksessh\u00ebm dhe se n\u00eb shtator\u00eb apo n\u00eb tetor\u00eb do t\u00eb dalim me nj\u00eb komunikat\u00eb mbi rezultatet e Trupit koordinues dhe K\u00ebshillit Nacional. Trupi koordinues n\u00eb bashpunim me OSBE-n\u00eb ka b\u00ebr\u00eb Studion e vizibilitetit p\u00ebr shkollimin e lart\u00eb n\u00eb Preshev\u00eb dhe Bujanoc. Grupi punues do t\u00eb formohet p\u00ebr afro nj\u00eb muaji dhe presim q\u00eb deri n\u00eb shtator\u00eb t\u00eb filloj\u00eb pun\u00ebn, n\u00eb m\u00ebnyr\u00eb q\u00eb n\u00eb nj\u00eb afat sa m\u00eb t\u00eb shkurt\u00ebr kohor\u00eb t\u00eb vie deri te hapja e k\u00ebtyre institucioneve t\u00eb larta shkollore\u2019\u2019, theksoi Markoviq.<\/p>\n<p>Kryetari i Trupit koordinues tha se problemet n\u00eb Bujanoc i p\u00ebrkasin integrimeve t\u00eb Shqip\u00ebtar\u00ebve n\u00eb institucionet e sistemit shtet\u00ebror\u00eb por edhe n\u00eb pasqyr\u00ebn politike t\u00eb Bujanocit dhe integrimin e komunitetit Serb n\u00eb strukturat lokale. N\u00eb t\u00eb nj\u00ebjt\u00ebn koh\u00eb potencoi se, kur \u00ebsht\u00eb \u00e7\u00ebshtja e arsimit, pres q\u00eb gjat\u00eb vjesht\u00ebs pritet zgjidhja e \u00e7\u00ebshtjes s\u00eb inspektor\u00ebve dhe k\u00ebshilltar\u00ebve arsimor\u00eb. Ministri Markoviq vler\u00ebsoi se hapja e shkollave t\u00eb larta do t\u2019i jep mund\u00ebsi komuniteteve q\u00eb t\u00eb studjojn\u00eb n\u00eb gjuh\u00ebt e tyre amtare n\u00eb ato drejtime t\u00eb cilat jan\u00eb t\u00eb nevojshme p\u00ebr zhvillim dhe prosperitet t\u00eb k\u00ebsaj treve. <br \/>\nKryetari i K\u00ebshillit Nacional t\u00eb Shqip\u00ebtar\u00ebve Galip Beqiri theksoi se gjendja n\u00eb arsim \u00ebsht\u00eb jo e lakmueshme dhe se ministri Markoviq u ka dh\u00ebn\u00eb mb\u00ebshtetje dhe premtime se n\u00eb periudh\u00ebn e ardhshme do t\u00eb angazhohet n\u00eb zgjidhjen e k\u00ebtyre problemeve.<\/p>\n<p>Pas takimit me kryetarin e K\u00ebshillit Nacional t\u00eb Shqip\u00ebtar\u00ebve Galip Beqirin dhe me kryetarin e komun\u00ebs Shaip Kamberin, kryetari it Trupit koordinues bisedoi me afarist\u00ebt e Bujanocit t\u00eb cil\u00ebt u kan\u00eb prezentuar problemet e tyre me t\u00eb cilat ballafaqohen. Ministri Markoviq u premtoi se Trupi koordinues n\u00eb suaza t\u00eb kompetencave dhe mund\u00ebsive t\u00eb saj\u00eb maksimalisht do t\u00eb ndihmoj\u00eb n\u00eb tejkalimin e pengesave t\u00eb cilat pengojn\u00eb afarizmin e tyre.<\/p>\n<p>Po at\u00eb dit\u00eb para vizit\u00ebs s\u00eb tij\u00eb Bujanocit, ministri Markoviq ka vizituar Preshev\u00ebn me \u00e7\u2019rast ka vizituar edhe f\u00ebmij\u00ebt me aft\u00ebsi t\u00eb kufizuara n\u00eb dhom\u00ebn ditore e cila \u00ebsht\u00eb pregatitur nga ana e shoqat\u00ebs s\u00eb prind\u00ebrve t\u00eb f\u00ebmij\u00ebve me aft\u00ebsi t\u00eb kufizuara por me mb\u00ebshtetjen dhe finansimin e Trupit koordinues. Ministri Markoviq k\u00ebtu u takua me kryetrin e shoqat\u00ebs s\u00eb prind\u00ebrve me aft\u00ebsi t\u00eb kufizuara Zejni Ymerin, edukator\u00ebt, f\u00ebmij\u00ebt dhe prind\u00ebrit e tyre t\u00eb cil\u00ebt shpreh\u00ebn k\u00ebnaq\u00ebsin\u00eb q\u00eb f\u00ebmij\u00ebve t\u00eb tyre u \u00ebsht\u00eb mund\u00ebsuar t\u00eb dalin jasht\u00eb sht\u00ebpive t\u00eb tyre dhe se p\u00ebrmes shoq\u00ebrimit me f\u00ebmij\u00ebt e tjer\u00eb dhe p\u00ebrmes ndihm\u00ebs s\u00eb ekpert\u00ebve t\u00eb fitojn\u00eb aft\u00ebsi dhe njohuri t\u00eb reja. N\u00eb shenj\u00eb fal\u00ebnderimi, f\u00ebmij\u00ebt u dor\u00ebzuan ministrit Markoviq vizatimet e tyre nd\u00ebrsa kryetari i shoqat\u00ebs u dor\u00ebzoi mir\u00ebnjohje p\u00ebr mb\u00ebshtetjen e deritanishme. Ministri Markoviq premtoi se Trupi koordinues edhe m\u00eb tutje do t\u00eb vazhdoj\u00eb t\u00eb ndihmoj\u00eb aktivitetet e k\u00ebsaj\u00eb shoqate. Nx\u00ebn\u00ebsit e shkoll\u00ebs s\u00eb muzik\u00ebs nga Presheva, pun\u00ebn e s\u00eb cil\u00ebs e ka mund\u00ebsuar Trupi koordinues, dhan\u00eb nj\u00eb program p\u00ebr f\u00ebmij\u00ebt me aft\u00ebsi t\u00eb kufizuara, p\u00ebr prind\u00ebrit e tyre dhe p\u00ebr mysafir\u00ebt e pranish\u00ebm.<\/p>\n<p>Gjat\u00eb vizit\u00ebs s\u00eb tij\u00eb n\u00eb Preshev\u00eb kryetari i Trupit koordinues t\u00eb Qeveris\u00eb s\u00eb Republik\u00ebs s\u00eb Serbis\u00eb p\u00ebr komunat Preshev\u00eb, Bujanoc dhe Medvegj\u00eb \u00ebsht\u00eb takuar edhe me kryetarin e komun\u00ebs s\u00eb Preshev\u00ebs Ragmi Mustaf\u00ebn.<br \/>\n<img decoding=\"async\" align=\"left\" src=\"https:\/\/kt.gov.rs\/wp-content\/uploads\/2024\/07\/newspic376-2.jpg\" alt=\"\" \/><\/p>\n","protected":false},"excerpt":{"rendered":"<p>Krryetari i Trupit koordinues i Qeveris\u00eb s\u00eb Republik\u00ebs s\u00eb Serbis\u00eb ministri Milan Markoviq t\u00eb m\u00ebrkur\u00ebn m\u00eb 13 korrik vizitoi Preshev\u00ebn\u00a0 dhe Bujanocin me q\u2019rast bisedoi me kryetarin e K\u00ebshillit Nacional\u00a0 t\u00eb Shqip\u00ebtar\u00ebve Galip Beqirin mbi aktivitetet e planifikuara dhe bashk\u00ebpunimin e K\u00ebshillit Nacional\u00a0 me Trupin koordinues.<\/p>\n","protected":false},"author":1,"featured_media":142702,"comment_status":"closed","ping_status":"closed","sticky":false,"template":"","format":"standard","meta":{"footnotes":""},"categories":[55],"tags":[],"class_list":["post-142694","post","type-post","status-publish","format-standard","has-post-thumbnail","hentry","category-lajme"],"yoast_head":"<!-- This site is optimized with the Yoast SEO plugin v27.5 - https:\/\/yoast.com\/product\/yoast-seo-wordpress\/ -->\n<title>KRYETARI I TRUPIT KOORDINUES MINISTRI MILAN MARKOVIQ U TAKUA ME KRYETARIN E K\u00cbSHILLIT NACIONAL T\u00cb SHQIP\u00cbTAR\u00cbVE GALIP BEQIRIN - Republika e S\u00ebrbis\u00eb Trupi Koordinues p\u00ebr komunat Bujanoc, Preshev\u00eb dhe Medvegj\u00eb<\/title>\n<meta name=\"robots\" content=\"index, follow, max-snippet:-1, max-image-preview:large, max-video-preview:-1\" \/>\n<link rel=\"canonical\" href=\"https:\/\/kt.gov.rs\/sq\/kryetari-i-trupit-koordinues-ministri-milan-markoviq-u-takua-me-kryetarin-e-keshillit-nacional-te-shqipetareve-galip-beqirin\/\" \/>\n<meta property=\"og:locale\" content=\"sq_AL\" \/>\n<meta property=\"og:type\" content=\"article\" \/>\n<meta property=\"og:title\" content=\"KRYETARI I TRUPIT KOORDINUES MINISTRI MILAN MARKOVIQ U TAKUA ME KRYETARIN E K\u00cbSHILLIT NACIONAL T\u00cb SHQIP\u00cbTAR\u00cbVE GALIP BEQIRIN - Republika e S\u00ebrbis\u00eb Trupi Koordinues p\u00ebr komunat Bujanoc, Preshev\u00eb dhe Medvegj\u00eb\" \/>\n<meta property=\"og:description\" content=\"Krryetari i Trupit koordinues i Qeveris\u00eb s\u00eb Republik\u00ebs s\u00eb Serbis\u00eb ministri Milan Markoviq t\u00eb m\u00ebrkur\u00ebn m\u00eb 13 korrik vizitoi Preshev\u00ebn\u00a0 dhe Bujanocin me q\u2019rast bisedoi me kryetarin e K\u00ebshillit Nacional\u00a0 t\u00eb Shqip\u00ebtar\u00ebve Galip Beqirin mbi aktivitetet e planifikuara dhe bashk\u00ebpunimin e K\u00ebshillit Nacional\u00a0 me Trupin koordinues.\" \/>\n<meta property=\"og:url\" content=\"https:\/\/kt.gov.rs\/sq\/kryetari-i-trupit-koordinues-ministri-milan-markoviq-u-takua-me-kryetarin-e-keshillit-nacional-te-shqipetareve-galip-beqirin\/\" \/>\n<meta property=\"og:site_name\" content=\"Republika e S\u00ebrbis\u00eb Trupi Koordinues p\u00ebr komunat Bujanoc, Preshev\u00eb dhe Medvegj\u00eb\" \/>\n<meta property=\"article:publisher\" content=\"https:\/\/www.facebook.com\/SluzbaKoordinacionogTelaVladeRepublikeSrbije\" \/>\n<meta property=\"article:published_time\" content=\"2010-07-14T00:00:00+00:00\" \/>\n<meta property=\"article:modified_time\" content=\"2024-07-30T20:22:22+00:00\" \/>\n<meta property=\"og:image\" content=\"https:\/\/kt.gov.rs\/wp-content\/uploads\/2024\/07\/newspic375-5.jpg\" \/>\n\t<meta property=\"og:image:width\" content=\"265\" \/>\n\t<meta property=\"og:image:height\" content=\"176\" \/>\n\t<meta property=\"og:image:type\" content=\"image\/jpeg\" \/>\n<meta name=\"author\" content=\"ktmin\" \/>\n<meta name=\"twitter:card\" content=\"summary_large_image\" \/>\n<meta name=\"twitter:creator\" content=\"@kt_gov\" \/>\n<meta name=\"twitter:site\" content=\"@kt_gov\" \/>\n<meta name=\"twitter:label1\" content=\"Written by\" \/>\n\t<meta name=\"twitter:data1\" content=\"ktmin\" \/>\n\t<meta name=\"twitter:label2\" content=\"Est. reading time\" \/>\n\t<meta name=\"twitter:data2\" content=\"5 minutes\" \/>\n<script type=\"application\/ld+json\" class=\"yoast-schema-graph\">{\"@context\":\"https:\\\/\\\/schema.org\",\"@graph\":[{\"@type\":\"Article\",\"@id\":\"https:\\\/\\\/kt.gov.rs\\\/sq\\\/kryetari-i-trupit-koordinues-ministri-milan-markoviq-u-takua-me-kryetarin-e-keshillit-nacional-te-shqipetareve-galip-beqirin\\\/#article\",\"isPartOf\":{\"@id\":\"https:\\\/\\\/kt.gov.rs\\\/sq\\\/kryetari-i-trupit-koordinues-ministri-milan-markoviq-u-takua-me-kryetarin-e-keshillit-nacional-te-shqipetareve-galip-beqirin\\\/\"},\"author\":{\"name\":\"ktmin\",\"@id\":\"https:\\\/\\\/kt.gov.rs\\\/#\\\/schema\\\/person\\\/e426459ddb4173309103390602694571\"},\"headline\":\"KRYETARI I TRUPIT KOORDINUES MINISTRI MILAN MARKOVIQ U TAKUA ME KRYETARIN E K\u00cbSHILLIT NACIONAL T\u00cb SHQIP\u00cbTAR\u00cbVE GALIP BEQIRIN\",\"datePublished\":\"2010-07-14T00:00:00+00:00\",\"dateModified\":\"2024-07-30T20:22:22+00:00\",\"mainEntityOfPage\":{\"@id\":\"https:\\\/\\\/kt.gov.rs\\\/sq\\\/kryetari-i-trupit-koordinues-ministri-milan-markoviq-u-takua-me-kryetarin-e-keshillit-nacional-te-shqipetareve-galip-beqirin\\\/\"},\"wordCount\":938,\"publisher\":{\"@id\":\"https:\\\/\\\/kt.gov.rs\\\/#organization\"},\"image\":{\"@id\":\"https:\\\/\\\/kt.gov.rs\\\/sq\\\/kryetari-i-trupit-koordinues-ministri-milan-markoviq-u-takua-me-kryetarin-e-keshillit-nacional-te-shqipetareve-galip-beqirin\\\/#primaryimage\"},\"thumbnailUrl\":\"https:\\\/\\\/kt.gov.rs\\\/wp-content\\\/uploads\\\/2024\\\/07\\\/newspic375-5.jpg\",\"articleSection\":[\"Lajme\"],\"inLanguage\":\"sq-AL\"},{\"@type\":\"WebPage\",\"@id\":\"https:\\\/\\\/kt.gov.rs\\\/sq\\\/kryetari-i-trupit-koordinues-ministri-milan-markoviq-u-takua-me-kryetarin-e-keshillit-nacional-te-shqipetareve-galip-beqirin\\\/\",\"url\":\"https:\\\/\\\/kt.gov.rs\\\/sq\\\/kryetari-i-trupit-koordinues-ministri-milan-markoviq-u-takua-me-kryetarin-e-keshillit-nacional-te-shqipetareve-galip-beqirin\\\/\",\"name\":\"KRYETARI I TRUPIT KOORDINUES MINISTRI MILAN MARKOVIQ U TAKUA ME KRYETARIN E K\u00cbSHILLIT NACIONAL T\u00cb SHQIP\u00cbTAR\u00cbVE GALIP BEQIRIN - Republika e S\u00ebrbis\u00eb Trupi Koordinues p\u00ebr komunat Bujanoc, Preshev\u00eb dhe Medvegj\u00eb\",\"isPartOf\":{\"@id\":\"https:\\\/\\\/kt.gov.rs\\\/#website\"},\"primaryImageOfPage\":{\"@id\":\"https:\\\/\\\/kt.gov.rs\\\/sq\\\/kryetari-i-trupit-koordinues-ministri-milan-markoviq-u-takua-me-kryetarin-e-keshillit-nacional-te-shqipetareve-galip-beqirin\\\/#primaryimage\"},\"image\":{\"@id\":\"https:\\\/\\\/kt.gov.rs\\\/sq\\\/kryetari-i-trupit-koordinues-ministri-milan-markoviq-u-takua-me-kryetarin-e-keshillit-nacional-te-shqipetareve-galip-beqirin\\\/#primaryimage\"},\"thumbnailUrl\":\"https:\\\/\\\/kt.gov.rs\\\/wp-content\\\/uploads\\\/2024\\\/07\\\/newspic375-5.jpg\",\"datePublished\":\"2010-07-14T00:00:00+00:00\",\"dateModified\":\"2024-07-30T20:22:22+00:00\",\"breadcrumb\":{\"@id\":\"https:\\\/\\\/kt.gov.rs\\\/sq\\\/kryetari-i-trupit-koordinues-ministri-milan-markoviq-u-takua-me-kryetarin-e-keshillit-nacional-te-shqipetareve-galip-beqirin\\\/#breadcrumb\"},\"inLanguage\":\"sq-AL\",\"potentialAction\":[{\"@type\":\"ReadAction\",\"target\":[\"https:\\\/\\\/kt.gov.rs\\\/sq\\\/kryetari-i-trupit-koordinues-ministri-milan-markoviq-u-takua-me-kryetarin-e-keshillit-nacional-te-shqipetareve-galip-beqirin\\\/\"]}]},{\"@type\":\"ImageObject\",\"inLanguage\":\"sq-AL\",\"@id\":\"https:\\\/\\\/kt.gov.rs\\\/sq\\\/kryetari-i-trupit-koordinues-ministri-milan-markoviq-u-takua-me-kryetarin-e-keshillit-nacional-te-shqipetareve-galip-beqirin\\\/#primaryimage\",\"url\":\"https:\\\/\\\/kt.gov.rs\\\/wp-content\\\/uploads\\\/2024\\\/07\\\/newspic375-5.jpg\",\"contentUrl\":\"https:\\\/\\\/kt.gov.rs\\\/wp-content\\\/uploads\\\/2024\\\/07\\\/newspic375-5.jpg\",\"width\":265,\"height\":176},{\"@type\":\"BreadcrumbList\",\"@id\":\"https:\\\/\\\/kt.gov.rs\\\/sq\\\/kryetari-i-trupit-koordinues-ministri-milan-markoviq-u-takua-me-kryetarin-e-keshillit-nacional-te-shqipetareve-galip-beqirin\\\/#breadcrumb\",\"itemListElement\":[{\"@type\":\"ListItem\",\"position\":1,\"name\":\"\u041f\u043e\u0447\u0435\u0442\u043d\u0430\",\"item\":\"https:\\\/\\\/kt.gov.rs\\\/sq\\\/\"},{\"@type\":\"ListItem\",\"position\":2,\"name\":\"KRYETARI I TRUPIT KOORDINUES MINISTRI MILAN MARKOVIQ U TAKUA ME KRYETARIN E K\u00cbSHILLIT NACIONAL T\u00cb SHQIP\u00cbTAR\u00cbVE GALIP BEQIRIN\"}]},{\"@type\":\"WebSite\",\"@id\":\"https:\\\/\\\/kt.gov.rs\\\/#website\",\"url\":\"https:\\\/\\\/kt.gov.rs\\\/\",\"name\":\"\u041a\u043e\u043e\u0440\u0434\u0438\u043d\u0430\u0446\u0438\u043e\u043d\u043e \u0442\u0435\u043b\u043e \u0412\u043b\u0430\u0434\u0435 \u0420\u0435\u043f\u0443\u0431\u043b\u0438\u043a\u0435 \u0421\u0440\u0431\u0438\u0458\u0435 \u0437\u0430 \u043e\u043f\u0448\u0442\u0438\u043d\u0435 \u041f\u0440\u0435\u0448\u0435\u0432\u043e, \u0411\u0443\u0458\u0430\u043d\u043e\u0432\u0430\u0446 \u0438 \u041c\u0435\u0434\u0432\u0435\u0452a\",\"description\":\"\",\"publisher\":{\"@id\":\"https:\\\/\\\/kt.gov.rs\\\/#organization\"},\"alternateName\":\"\u041a\u043e\u043e\u0440\u0434\u0438\u043d\u0430\u0446\u0438\u043e\u043d\u043e \u0442\u0435\u043b\u043e\",\"potentialAction\":[{\"@type\":\"SearchAction\",\"target\":{\"@type\":\"EntryPoint\",\"urlTemplate\":\"https:\\\/\\\/kt.gov.rs\\\/?s={search_term_string}\"},\"query-input\":{\"@type\":\"PropertyValueSpecification\",\"valueRequired\":true,\"valueName\":\"search_term_string\"}}],\"inLanguage\":\"sq-AL\"},{\"@type\":\"Organization\",\"@id\":\"https:\\\/\\\/kt.gov.rs\\\/#organization\",\"name\":\"\u041a\u043e\u043e\u0440\u0434\u0438\u043d\u0430\u0446\u0438\u043e\u043d\u043e \u0442\u0435\u043b\u043e \u0412\u043b\u0430\u0434\u0435 \u0420\u0435\u043f\u0443\u0431\u043b\u0438\u043a\u0435 \u0421\u0440\u0431\u0438\u0458\u0435 \u0437\u0430 \u043e\u043f\u0448\u0442\u0438\u043d\u0435 \u041f\u0440\u0435\u0448\u0435\u0432\u043e, \u0411\u0443\u0458\u0430\u043d\u043e\u0432\u0430\u0446 \u0438 \u041c\u0435\u0434\u0432\u0435\u0452a\",\"alternateName\":\"\u041a\u043e\u043e\u0440\u0434\u0438\u043d\u0430\u0446\u0438\u043e\u043d\u043e \u0442\u0435\u043b\u043e\",\"url\":\"https:\\\/\\\/kt.gov.rs\\\/\",\"logo\":{\"@type\":\"ImageObject\",\"inLanguage\":\"sq-AL\",\"@id\":\"https:\\\/\\\/kt.gov.rs\\\/#\\\/schema\\\/logo\\\/image\\\/\",\"url\":\"https:\\\/\\\/kt.gov.rs\\\/wp-content\\\/uploads\\\/2024\\\/12\\\/koord2.jpg\",\"contentUrl\":\"https:\\\/\\\/kt.gov.rs\\\/wp-content\\\/uploads\\\/2024\\\/12\\\/koord2.jpg\",\"width\":640,\"height\":480,\"caption\":\"\u041a\u043e\u043e\u0440\u0434\u0438\u043d\u0430\u0446\u0438\u043e\u043d\u043e \u0442\u0435\u043b\u043e \u0412\u043b\u0430\u0434\u0435 \u0420\u0435\u043f\u0443\u0431\u043b\u0438\u043a\u0435 \u0421\u0440\u0431\u0438\u0458\u0435 \u0437\u0430 \u043e\u043f\u0448\u0442\u0438\u043d\u0435 \u041f\u0440\u0435\u0448\u0435\u0432\u043e, \u0411\u0443\u0458\u0430\u043d\u043e\u0432\u0430\u0446 \u0438 \u041c\u0435\u0434\u0432\u0435\u0452a\"},\"image\":{\"@id\":\"https:\\\/\\\/kt.gov.rs\\\/#\\\/schema\\\/logo\\\/image\\\/\"},\"sameAs\":[\"https:\\\/\\\/www.facebook.com\\\/SluzbaKoordinacionogTelaVladeRepublikeSrbije\",\"https:\\\/\\\/x.com\\\/kt_gov\",\"https:\\\/\\\/www.youtube.com\\\/@koordinacionotelo\"]},{\"@type\":\"Person\",\"@id\":\"https:\\\/\\\/kt.gov.rs\\\/#\\\/schema\\\/person\\\/e426459ddb4173309103390602694571\",\"name\":\"ktmin\",\"image\":{\"@type\":\"ImageObject\",\"inLanguage\":\"sq-AL\",\"@id\":\"https:\\\/\\\/secure.gravatar.com\\\/avatar\\\/3985c961109853010c3fbc7ba30365bfba5db3dd6c525831d9c595c7525a615a?s=96&d=mm&r=g\",\"url\":\"https:\\\/\\\/secure.gravatar.com\\\/avatar\\\/3985c961109853010c3fbc7ba30365bfba5db3dd6c525831d9c595c7525a615a?s=96&d=mm&r=g\",\"contentUrl\":\"https:\\\/\\\/secure.gravatar.com\\\/avatar\\\/3985c961109853010c3fbc7ba30365bfba5db3dd6c525831d9c595c7525a615a?s=96&d=mm&r=g\",\"caption\":\"ktmin\"},\"sameAs\":[\"https:\\\/\\\/kt.gov.rs\"],\"url\":\"https:\\\/\\\/kt.gov.rs\\\/sq\\\/author\\\/ktmin\\\/\"}]}<\/script>\n<!-- \/ Yoast SEO plugin. -->","yoast_head_json":{"title":"KRYETARI I TRUPIT KOORDINUES MINISTRI MILAN MARKOVIQ U TAKUA ME KRYETARIN E K\u00cbSHILLIT NACIONAL T\u00cb SHQIP\u00cbTAR\u00cbVE GALIP BEQIRIN - Republika e S\u00ebrbis\u00eb Trupi Koordinues p\u00ebr komunat Bujanoc, Preshev\u00eb dhe Medvegj\u00eb","robots":{"index":"index","follow":"follow","max-snippet":"max-snippet:-1","max-image-preview":"max-image-preview:large","max-video-preview":"max-video-preview:-1"},"canonical":"https:\/\/kt.gov.rs\/sq\/kryetari-i-trupit-koordinues-ministri-milan-markoviq-u-takua-me-kryetarin-e-keshillit-nacional-te-shqipetareve-galip-beqirin\/","og_locale":"sq_AL","og_type":"article","og_title":"KRYETARI I TRUPIT KOORDINUES MINISTRI MILAN MARKOVIQ U TAKUA ME KRYETARIN E K\u00cbSHILLIT NACIONAL T\u00cb SHQIP\u00cbTAR\u00cbVE GALIP BEQIRIN - Republika e S\u00ebrbis\u00eb Trupi Koordinues p\u00ebr komunat Bujanoc, Preshev\u00eb dhe Medvegj\u00eb","og_description":"Krryetari i Trupit koordinues i Qeveris\u00eb s\u00eb Republik\u00ebs s\u00eb Serbis\u00eb ministri Milan Markoviq t\u00eb m\u00ebrkur\u00ebn m\u00eb 13 korrik vizitoi Preshev\u00ebn\u00a0 dhe Bujanocin me q\u2019rast bisedoi me kryetarin e K\u00ebshillit Nacional\u00a0 t\u00eb Shqip\u00ebtar\u00ebve Galip Beqirin mbi aktivitetet e planifikuara dhe bashk\u00ebpunimin e K\u00ebshillit Nacional\u00a0 me Trupin koordinues.","og_url":"https:\/\/kt.gov.rs\/sq\/kryetari-i-trupit-koordinues-ministri-milan-markoviq-u-takua-me-kryetarin-e-keshillit-nacional-te-shqipetareve-galip-beqirin\/","og_site_name":"Republika e S\u00ebrbis\u00eb Trupi Koordinues p\u00ebr komunat Bujanoc, Preshev\u00eb dhe Medvegj\u00eb","article_publisher":"https:\/\/www.facebook.com\/SluzbaKoordinacionogTelaVladeRepublikeSrbije","article_published_time":"2010-07-14T00:00:00+00:00","article_modified_time":"2024-07-30T20:22:22+00:00","og_image":[{"width":265,"height":176,"url":"https:\/\/kt.gov.rs\/wp-content\/uploads\/2024\/07\/newspic375-5.jpg","type":"image\/jpeg"}],"author":"ktmin","twitter_card":"summary_large_image","twitter_creator":"@kt_gov","twitter_site":"@kt_gov","twitter_misc":{"Written by":"ktmin","Est. reading time":"5 minutes"},"schema":{"@context":"https:\/\/schema.org","@graph":[{"@type":"Article","@id":"https:\/\/kt.gov.rs\/sq\/kryetari-i-trupit-koordinues-ministri-milan-markoviq-u-takua-me-kryetarin-e-keshillit-nacional-te-shqipetareve-galip-beqirin\/#article","isPartOf":{"@id":"https:\/\/kt.gov.rs\/sq\/kryetari-i-trupit-koordinues-ministri-milan-markoviq-u-takua-me-kryetarin-e-keshillit-nacional-te-shqipetareve-galip-beqirin\/"},"author":{"name":"ktmin","@id":"https:\/\/kt.gov.rs\/#\/schema\/person\/e426459ddb4173309103390602694571"},"headline":"KRYETARI I TRUPIT KOORDINUES MINISTRI MILAN MARKOVIQ U TAKUA ME KRYETARIN E K\u00cbSHILLIT NACIONAL T\u00cb SHQIP\u00cbTAR\u00cbVE GALIP BEQIRIN","datePublished":"2010-07-14T00:00:00+00:00","dateModified":"2024-07-30T20:22:22+00:00","mainEntityOfPage":{"@id":"https:\/\/kt.gov.rs\/sq\/kryetari-i-trupit-koordinues-ministri-milan-markoviq-u-takua-me-kryetarin-e-keshillit-nacional-te-shqipetareve-galip-beqirin\/"},"wordCount":938,"publisher":{"@id":"https:\/\/kt.gov.rs\/#organization"},"image":{"@id":"https:\/\/kt.gov.rs\/sq\/kryetari-i-trupit-koordinues-ministri-milan-markoviq-u-takua-me-kryetarin-e-keshillit-nacional-te-shqipetareve-galip-beqirin\/#primaryimage"},"thumbnailUrl":"https:\/\/kt.gov.rs\/wp-content\/uploads\/2024\/07\/newspic375-5.jpg","articleSection":["Lajme"],"inLanguage":"sq-AL"},{"@type":"WebPage","@id":"https:\/\/kt.gov.rs\/sq\/kryetari-i-trupit-koordinues-ministri-milan-markoviq-u-takua-me-kryetarin-e-keshillit-nacional-te-shqipetareve-galip-beqirin\/","url":"https:\/\/kt.gov.rs\/sq\/kryetari-i-trupit-koordinues-ministri-milan-markoviq-u-takua-me-kryetarin-e-keshillit-nacional-te-shqipetareve-galip-beqirin\/","name":"KRYETARI I TRUPIT KOORDINUES MINISTRI MILAN MARKOVIQ U TAKUA ME KRYETARIN E K\u00cbSHILLIT NACIONAL T\u00cb SHQIP\u00cbTAR\u00cbVE GALIP BEQIRIN - Republika e S\u00ebrbis\u00eb Trupi Koordinues p\u00ebr komunat Bujanoc, Preshev\u00eb dhe Medvegj\u00eb","isPartOf":{"@id":"https:\/\/kt.gov.rs\/#website"},"primaryImageOfPage":{"@id":"https:\/\/kt.gov.rs\/sq\/kryetari-i-trupit-koordinues-ministri-milan-markoviq-u-takua-me-kryetarin-e-keshillit-nacional-te-shqipetareve-galip-beqirin\/#primaryimage"},"image":{"@id":"https:\/\/kt.gov.rs\/sq\/kryetari-i-trupit-koordinues-ministri-milan-markoviq-u-takua-me-kryetarin-e-keshillit-nacional-te-shqipetareve-galip-beqirin\/#primaryimage"},"thumbnailUrl":"https:\/\/kt.gov.rs\/wp-content\/uploads\/2024\/07\/newspic375-5.jpg","datePublished":"2010-07-14T00:00:00+00:00","dateModified":"2024-07-30T20:22:22+00:00","breadcrumb":{"@id":"https:\/\/kt.gov.rs\/sq\/kryetari-i-trupit-koordinues-ministri-milan-markoviq-u-takua-me-kryetarin-e-keshillit-nacional-te-shqipetareve-galip-beqirin\/#breadcrumb"},"inLanguage":"sq-AL","potentialAction":[{"@type":"ReadAction","target":["https:\/\/kt.gov.rs\/sq\/kryetari-i-trupit-koordinues-ministri-milan-markoviq-u-takua-me-kryetarin-e-keshillit-nacional-te-shqipetareve-galip-beqirin\/"]}]},{"@type":"ImageObject","inLanguage":"sq-AL","@id":"https:\/\/kt.gov.rs\/sq\/kryetari-i-trupit-koordinues-ministri-milan-markoviq-u-takua-me-kryetarin-e-keshillit-nacional-te-shqipetareve-galip-beqirin\/#primaryimage","url":"https:\/\/kt.gov.rs\/wp-content\/uploads\/2024\/07\/newspic375-5.jpg","contentUrl":"https:\/\/kt.gov.rs\/wp-content\/uploads\/2024\/07\/newspic375-5.jpg","width":265,"height":176},{"@type":"BreadcrumbList","@id":"https:\/\/kt.gov.rs\/sq\/kryetari-i-trupit-koordinues-ministri-milan-markoviq-u-takua-me-kryetarin-e-keshillit-nacional-te-shqipetareve-galip-beqirin\/#breadcrumb","itemListElement":[{"@type":"ListItem","position":1,"name":"\u041f\u043e\u0447\u0435\u0442\u043d\u0430","item":"https:\/\/kt.gov.rs\/sq\/"},{"@type":"ListItem","position":2,"name":"KRYETARI I TRUPIT KOORDINUES MINISTRI MILAN MARKOVIQ U TAKUA ME KRYETARIN E K\u00cbSHILLIT NACIONAL T\u00cb SHQIP\u00cbTAR\u00cbVE GALIP BEQIRIN"}]},{"@type":"WebSite","@id":"https:\/\/kt.gov.rs\/#website","url":"https:\/\/kt.gov.rs\/","name":"\u041a\u043e\u043e\u0440\u0434\u0438\u043d\u0430\u0446\u0438\u043e\u043d\u043e \u0442\u0435\u043b\u043e \u0412\u043b\u0430\u0434\u0435 \u0420\u0435\u043f\u0443\u0431\u043b\u0438\u043a\u0435 \u0421\u0440\u0431\u0438\u0458\u0435 \u0437\u0430 \u043e\u043f\u0448\u0442\u0438\u043d\u0435 \u041f\u0440\u0435\u0448\u0435\u0432\u043e, \u0411\u0443\u0458\u0430\u043d\u043e\u0432\u0430\u0446 \u0438 \u041c\u0435\u0434\u0432\u0435\u0452a","description":"","publisher":{"@id":"https:\/\/kt.gov.rs\/#organization"},"alternateName":"\u041a\u043e\u043e\u0440\u0434\u0438\u043d\u0430\u0446\u0438\u043e\u043d\u043e \u0442\u0435\u043b\u043e","potentialAction":[{"@type":"SearchAction","target":{"@type":"EntryPoint","urlTemplate":"https:\/\/kt.gov.rs\/?s={search_term_string}"},"query-input":{"@type":"PropertyValueSpecification","valueRequired":true,"valueName":"search_term_string"}}],"inLanguage":"sq-AL"},{"@type":"Organization","@id":"https:\/\/kt.gov.rs\/#organization","name":"\u041a\u043e\u043e\u0440\u0434\u0438\u043d\u0430\u0446\u0438\u043e\u043d\u043e \u0442\u0435\u043b\u043e \u0412\u043b\u0430\u0434\u0435 \u0420\u0435\u043f\u0443\u0431\u043b\u0438\u043a\u0435 \u0421\u0440\u0431\u0438\u0458\u0435 \u0437\u0430 \u043e\u043f\u0448\u0442\u0438\u043d\u0435 \u041f\u0440\u0435\u0448\u0435\u0432\u043e, \u0411\u0443\u0458\u0430\u043d\u043e\u0432\u0430\u0446 \u0438 \u041c\u0435\u0434\u0432\u0435\u0452a","alternateName":"\u041a\u043e\u043e\u0440\u0434\u0438\u043d\u0430\u0446\u0438\u043e\u043d\u043e \u0442\u0435\u043b\u043e","url":"https:\/\/kt.gov.rs\/","logo":{"@type":"ImageObject","inLanguage":"sq-AL","@id":"https:\/\/kt.gov.rs\/#\/schema\/logo\/image\/","url":"https:\/\/kt.gov.rs\/wp-content\/uploads\/2024\/12\/koord2.jpg","contentUrl":"https:\/\/kt.gov.rs\/wp-content\/uploads\/2024\/12\/koord2.jpg","width":640,"height":480,"caption":"\u041a\u043e\u043e\u0440\u0434\u0438\u043d\u0430\u0446\u0438\u043e\u043d\u043e \u0442\u0435\u043b\u043e \u0412\u043b\u0430\u0434\u0435 \u0420\u0435\u043f\u0443\u0431\u043b\u0438\u043a\u0435 \u0421\u0440\u0431\u0438\u0458\u0435 \u0437\u0430 \u043e\u043f\u0448\u0442\u0438\u043d\u0435 \u041f\u0440\u0435\u0448\u0435\u0432\u043e, \u0411\u0443\u0458\u0430\u043d\u043e\u0432\u0430\u0446 \u0438 \u041c\u0435\u0434\u0432\u0435\u0452a"},"image":{"@id":"https:\/\/kt.gov.rs\/#\/schema\/logo\/image\/"},"sameAs":["https:\/\/www.facebook.com\/SluzbaKoordinacionogTelaVladeRepublikeSrbije","https:\/\/x.com\/kt_gov","https:\/\/www.youtube.com\/@koordinacionotelo"]},{"@type":"Person","@id":"https:\/\/kt.gov.rs\/#\/schema\/person\/e426459ddb4173309103390602694571","name":"ktmin","image":{"@type":"ImageObject","inLanguage":"sq-AL","@id":"https:\/\/secure.gravatar.com\/avatar\/3985c961109853010c3fbc7ba30365bfba5db3dd6c525831d9c595c7525a615a?s=96&d=mm&r=g","url":"https:\/\/secure.gravatar.com\/avatar\/3985c961109853010c3fbc7ba30365bfba5db3dd6c525831d9c595c7525a615a?s=96&d=mm&r=g","contentUrl":"https:\/\/secure.gravatar.com\/avatar\/3985c961109853010c3fbc7ba30365bfba5db3dd6c525831d9c595c7525a615a?s=96&d=mm&r=g","caption":"ktmin"},"sameAs":["https:\/\/kt.gov.rs"],"url":"https:\/\/kt.gov.rs\/sq\/author\/ktmin\/"}]}},"_links":{"self":[{"href":"https:\/\/kt.gov.rs\/sq\/wp-json\/wp\/v2\/posts\/142694","targetHints":{"allow":["GET"]}}],"collection":[{"href":"https:\/\/kt.gov.rs\/sq\/wp-json\/wp\/v2\/posts"}],"about":[{"href":"https:\/\/kt.gov.rs\/sq\/wp-json\/wp\/v2\/types\/post"}],"author":[{"embeddable":true,"href":"https:\/\/kt.gov.rs\/sq\/wp-json\/wp\/v2\/users\/1"}],"replies":[{"embeddable":true,"href":"https:\/\/kt.gov.rs\/sq\/wp-json\/wp\/v2\/comments?post=142694"}],"version-history":[{"count":1,"href":"https:\/\/kt.gov.rs\/sq\/wp-json\/wp\/v2\/posts\/142694\/revisions"}],"predecessor-version":[{"id":142701,"href":"https:\/\/kt.gov.rs\/sq\/wp-json\/wp\/v2\/posts\/142694\/revisions\/142701"}],"wp:featuredmedia":[{"embeddable":true,"href":"https:\/\/kt.gov.rs\/sq\/wp-json\/wp\/v2\/media\/142702"}],"wp:attachment":[{"href":"https:\/\/kt.gov.rs\/sq\/wp-json\/wp\/v2\/media?parent=142694"}],"wp:term":[{"taxonomy":"category","embeddable":true,"href":"https:\/\/kt.gov.rs\/sq\/wp-json\/wp\/v2\/categories?post=142694"},{"taxonomy":"post_tag","embeddable":true,"href":"https:\/\/kt.gov.rs\/sq\/wp-json\/wp\/v2\/tags?post=142694"}],"curies":[{"name":"wp","href":"https:\/\/api.w.org\/{rel}","templated":true}]}}