{"id":142681,"date":"2010-07-20T00:00:00","date_gmt":"2010-07-20T00:00:00","guid":{"rendered":"http:\/\/kt.printandscreen.rs\/20-korrik-2010\/"},"modified":"2010-07-20T00:00:00","modified_gmt":"2010-07-20T00:00:00","slug":"20-korrik-2010","status":"publish","type":"post","link":"https:\/\/kt.gov.rs\/sq\/20-korrik-2010\/","title":{"rendered":"20. korrik 2010."},"content":{"rendered":"<p><strong>P\u00cbR 25 KOMUNA 17,5 MILION\u00cb EURO<\/strong><\/p>\n<p>Nj\u00ebzet e pes\u00eb komuna nga Serbia jugore dhe jugper\u00ebndimore do t\u00eb marrin 17,5 milion\u00eb euro p\u00ebr zhvillim n\u00eb tri vitet e ardhshme. Unioni Europian do t\u2019i jap\u00eb 13,5 milion\u00eb euro, Qeveria Zvicerane 2,5 nd\u00ebrsa Qeveria e Serbis\u00eb 1,5 milion\u00eb euro.Kjo \u00ebsth\u00eb parapar\u00eb me marr\u00ebveshjen p\u00ebr realizimin e programit ,,Progres\u2019\u2019 t\u00eb cilin n\u00eb Vranj\u00eb e kan\u00eb n\u00ebnshkruar kryeshefi i delegacionit t\u00eb UE n\u00eb Serbi Vensan Dezher dhe n\u00ebnkryetari i Qeveris\u00eb s\u00eb Serbis\u00eb Bozhidar Gjeliq. Programi ,,Progres\u2019\u2019 \u00ebsht\u00eb pjes\u00eb e partneritetit global t\u00eb UE me komunat dhe n\u00eb tri vitet e ardhshme do t\u00eb mb\u00ebshtes\u00eb komunat jugore dhe juglindore t\u00eb Serbis\u00eb p\u00ebr zvog\u00eblimit n\u00eb dallimin zhvillimor\u00eb regjional. N\u00ebnkryetari i Qeveris\u00eb s\u00eb Serbis\u00eb Bozhidar Gjeliq theksoi se realizimi i programit ,,Progres\u2019\u2019 do t\u00eb ndikoj\u00eb n\u00eb fungsionimin m\u00eb t\u00eb mir\u00eb\u00a0 t\u00eb komunave, formimin e zonave industriale, nd\u00ebrtimin e objekteve infrastrukturore, nd\u00ebrtimi i s\u00eb cilave do t\u00eb ndikoj\u00eb n\u00eb p\u00ebrmir\u00ebsimin e kushteve t\u00eb jetes\u00ebs p\u00ebr qytetar\u00ebt t\u00eb k\u00ebtij\u00eb regjioni duke shtuar se k\u00ebto njete finansiare do t\u00eb harxhohen p\u00ebr nd\u00ebrtimin e dokumentacioneve projektuese si dhe zhvillimin e qyteteve dhe komunave t\u00eb cilat jan\u00eb ballafaquar me varf\u00ebrin\u00eb, papun\u00ebsin\u00eb, me infrastruktur\u00ebn e dob\u00ebt, me sh\u00ebrbimet e dob\u00ebta sociale dhe migrimin.<\/p>\n<p>Programin e partneritetit europian me komunat realizon Zyrja e Kombeve t\u00eb Bashkuara p\u00ebr sh\u00ebrbime projektuese \u2013 UNOPS.<\/p>\n<p>Ambasadori i UE n\u00eb Serbi Vensan Dezher theksoi r\u00ebnd\u00ebsin\u00eb e zvoglimit t\u00eb dallimeve n\u00eb mes t\u00eb regjioneve t\u00eb zhvilluara dhe t\u00eb pazhvilluara, q\u00ebllimi i t\u00eb cilit \u00ebsht\u00eb ky projekt, p\u00ebr arsye se, siq theksoi ai ,,regjionet per\u00ebndimore dhe veriore m\u00eb t\u00eb zhvilluara t\u00eb Serbis\u00eb kan\u00eb kushtet m\u00eb t\u00eb mira p\u00ebr t\u00ebrheqjen e investitor\u00ebve t\u00eb huaj\u2019\u2019. Duke u p\u00ebrgjegjur n\u00eb pyetjen se a jan\u00eb t\u00eb gatshme pushtetet lokale t\u00eb komunave t\u00eb pazhvilluara t\u00eb Serbis\u00eb jugore t\u00eb aplikojn\u00eb n\u00eb procedurat komplekse p\u00ebr mjetet e k\u00ebtij\u00eb por edhe t\u00eb programeve ngjajshme t\u00eb finansuara nga UE, Dezher u p\u00ebrgjegj se ,,do t\u00eb organizohen takime n\u00eb m\u00ebnyr\u00eb q\u00eb t\u00eb arihet koncenzusi n\u00eb mes t\u00eb pushteteve lokale dhe t\u00eb qytetar\u00ebve rreth nevojave aktuale\u2019\u2019.<\/p>\n<p>\u00cbsht\u00eb me r\u00ebnd\u00ebsi q\u00eb qyteta\u00ebt t\u00eb marrin pjes\u00eb n\u00eb njohjen e k\u00ebrkesave strategjike n\u00eb mjedisin e tyre e m\u00eb pastaj k\u00ebto k\u00ebrkesa t\u00eb realizohen p\u00ebrmes sh\u00ebrbimit t\u00eb qeveris\u00eb lokale. K\u00ebto mund\u00eb t\u00eb jen\u00eb problemet n\u00eb asgj\u00ebsimin e mbeturinave, p\u00ebrmir\u00ebsimin e sh\u00ebrbimit me uj\u00eb mir\u00ebpo edhe ofrimin e sh\u00ebrbimeve ndaj qytetar\u00ebve \u2013 tha Dezher.<\/p>\n<p>P\u00ebrfaq\u00ebsuesi Zviceran Beatris Majer, qeveria e s\u00eb cil\u00ebs \u00ebsht\u00eb donatori m\u00eb i r\u00ebnd\u00ebsish\u00ebm i programit ,,Progres\u2019\u2019, theksoi gatishm\u00ebrin\u00eb q\u00eb pas nj\u00eb decenie pranie t\u00eb donator\u00ebve t\u00eb ndrysh\u00ebm\u00a0 t\u00eb shtetit t\u00eb saj\u00eb, n\u00eb Serbin\u00eb jugore tash ,,punon konkretisht dhe n\u00eb m\u00ebnyr\u00eb transparente n\u00eb zgjidhjen e problemeve t\u00eb cilat do t\u00eb ndikojn\u00eb n\u00eb p\u00ebrmir\u00ebsimin e jet\u00ebs s\u00eb t\u00eb gjith\u00eb qytetar\u00ebve\u2019\u2019. ,,Kemi shum\u00eb probleme n\u00eb arsim, mir\u00ebpo k\u00ebtu \u00ebsht\u00eb edhe problemi i migrimit t\u00eb cilat probleme mund\u00eb t\u00eb zgjidhen vet\u00ebm p\u00ebrmes p\u00ebrmir\u00ebsimit t\u00eb standardit t\u00eb jet\u00ebs s\u00eb qytetar\u00ebve\u2019\u2019, theksoi Majer. T\u00eb gjitha aktivitetet\u00a0 t\u00eb programit ,,Progres\u201d\u2019do t\u00eb realizohen n\u00eb p\u00ebrputhje me k\u00ebrkesat, mir\u00ebpo edhe n\u00eb baz\u00eb t\u00eb interesimeve t\u00eb komunave. Do t\u00eb b\u00ebhet edhe vler\u00ebsimi i mund\u00ebsive q\u00eb p\u00ebr aktivitete t\u00eb ve\u00e7anta t\u00eb arrihet q\u00ebllimi i d\u00ebshiruar n\u00eb mjedisin ku problemet zgjidhen, e kjo n\u00ebnkupton edhe pjes\u00ebmarrjen finansiare t\u00eb qdo qeverisje lokale e cila konkuron p\u00ebr mjetet nga buxheti i ,,Progres-it\u201d\u2019<\/p>\n<p>P\u00ebt mjete nga buxheti i programit ,,Progres\u2019\u2019 mund\u00eb t\u00eb konkurojn\u00eb komunat Ivanjica, Nova Varosh, Novi Pazar, Priboj, Prijepolje, Rashka, Sjenica dhe Tutini n\u00eb Serbin\u00eb jugper\u00ebndimore, si dhe komunat Bllace, Zhitoragje, Kurshumlija dhe Prokuplje nga regjioni i Toplic\u00ebs, pastaj Bojnik, Vllasotince, Lebane, Leskoci, Medvegja, Crna Trava, Bosilegradi, Bujanoci, Vlladi\u00e7in Han, Vranja, Presheva, Surdulica dhe Trgovishta nga regjioni i Jabllanic\u00ebs dhe P\u00e7inj\u00ebs.<\/p>\n","protected":false},"excerpt":{"rendered":"<p>P\u00cbR 25 KOMUNA 17,5 MILION\u00cb EURO<\/p>\n<p>Nj\u00ebzet e pes\u00eb komuna nga Serbia jugore dhe jugper\u00ebndimore do t\u00eb marrin  17,5 milion\u00eb euro p\u00ebr zhvillim n\u00eb tri vitet e ardhshme. Unioni Europian  do t\u2019i jap\u00eb 13,5 milion\u00eb euro, Qeveria Zvicerane 2,5 nd\u00ebrsa Qeveria e  Serbis\u00eb 1,5 milion\u00eb euro.Kjo \u00ebsth\u00eb parapar\u00eb me marr\u00ebveshjen p\u00ebr  realizimin e programit ,,Progres\u2019\u2019 t\u00eb cilin n\u00eb Vranj\u00eb e kan\u00eb n\u00ebnshkruar  kryeshefi i delegacionit t\u00eb UE n\u00eb Serbi Vensan Dezher dhe n\u00ebnkryetari i  Qeveris\u00eb s\u00eb Serbis\u00eb Bozhidar Gjeliq.<\/p>\n","protected":false},"author":1,"featured_media":0,"comment_status":"closed","ping_status":"closed","sticky":false,"template":"","format":"standard","meta":{"footnotes":""},"categories":[55],"tags":[],"class_list":["post-142681","post","type-post","status-publish","format-standard","hentry","category-lajme"],"yoast_head":"<!-- This site is optimized with the Yoast SEO plugin v27.5 - https:\/\/yoast.com\/product\/yoast-seo-wordpress\/ -->\n<title>20. korrik 2010. - Republika e S\u00ebrbis\u00eb Trupi Koordinues p\u00ebr komunat Bujanoc, Preshev\u00eb dhe Medvegj\u00eb<\/title>\n<meta name=\"robots\" content=\"index, follow, max-snippet:-1, max-image-preview:large, max-video-preview:-1\" \/>\n<link rel=\"canonical\" href=\"https:\/\/kt.gov.rs\/sq\/20-korrik-2010\/\" \/>\n<meta property=\"og:locale\" content=\"sq_AL\" \/>\n<meta property=\"og:type\" content=\"article\" \/>\n<meta property=\"og:title\" content=\"20. korrik 2010. - Republika e S\u00ebrbis\u00eb Trupi Koordinues p\u00ebr komunat Bujanoc, Preshev\u00eb dhe Medvegj\u00eb\" \/>\n<meta property=\"og:description\" content=\"P\u00cbR 25 KOMUNA 17,5 MILION\u00cb EURO Nj\u00ebzet e pes\u00eb komuna nga Serbia jugore dhe jugper\u00ebndimore do t\u00eb marrin 17,5 milion\u00eb euro p\u00ebr zhvillim n\u00eb tri vitet e ardhshme. Unioni Europian do t\u2019i jap\u00eb 13,5 milion\u00eb euro, Qeveria Zvicerane 2,5 nd\u00ebrsa Qeveria e Serbis\u00eb 1,5 milion\u00eb euro.Kjo \u00ebsth\u00eb parapar\u00eb me marr\u00ebveshjen p\u00ebr realizimin e programit ,,Progres\u2019\u2019 t\u00eb cilin n\u00eb Vranj\u00eb e kan\u00eb n\u00ebnshkruar kryeshefi i delegacionit t\u00eb UE n\u00eb Serbi Vensan Dezher dhe n\u00ebnkryetari i Qeveris\u00eb s\u00eb Serbis\u00eb Bozhidar Gjeliq.\" \/>\n<meta property=\"og:url\" content=\"https:\/\/kt.gov.rs\/sq\/20-korrik-2010\/\" \/>\n<meta property=\"og:site_name\" content=\"Republika e S\u00ebrbis\u00eb Trupi Koordinues p\u00ebr komunat Bujanoc, Preshev\u00eb dhe Medvegj\u00eb\" \/>\n<meta property=\"article:publisher\" content=\"https:\/\/www.facebook.com\/SluzbaKoordinacionogTelaVladeRepublikeSrbije\" \/>\n<meta property=\"article:published_time\" content=\"2010-07-20T00:00:00+00:00\" \/>\n<meta name=\"author\" content=\"ktmin\" \/>\n<meta name=\"twitter:card\" content=\"summary_large_image\" \/>\n<meta name=\"twitter:creator\" content=\"@kt_gov\" \/>\n<meta name=\"twitter:site\" content=\"@kt_gov\" \/>\n<meta name=\"twitter:label1\" content=\"Written by\" \/>\n\t<meta name=\"twitter:data1\" content=\"ktmin\" \/>\n\t<meta name=\"twitter:label2\" content=\"Est. reading time\" \/>\n\t<meta name=\"twitter:data2\" content=\"4 minutes\" \/>\n<script type=\"application\/ld+json\" class=\"yoast-schema-graph\">{\"@context\":\"https:\\\/\\\/schema.org\",\"@graph\":[{\"@type\":\"Article\",\"@id\":\"https:\\\/\\\/kt.gov.rs\\\/sq\\\/20-korrik-2010\\\/#article\",\"isPartOf\":{\"@id\":\"https:\\\/\\\/kt.gov.rs\\\/sq\\\/20-korrik-2010\\\/\"},\"author\":{\"name\":\"ktmin\",\"@id\":\"https:\\\/\\\/kt.gov.rs\\\/#\\\/schema\\\/person\\\/e426459ddb4173309103390602694571\"},\"headline\":\"20. korrik 2010.\",\"datePublished\":\"2010-07-20T00:00:00+00:00\",\"mainEntityOfPage\":{\"@id\":\"https:\\\/\\\/kt.gov.rs\\\/sq\\\/20-korrik-2010\\\/\"},\"wordCount\":720,\"publisher\":{\"@id\":\"https:\\\/\\\/kt.gov.rs\\\/#organization\"},\"articleSection\":[\"Lajme\"],\"inLanguage\":\"sq-AL\"},{\"@type\":\"WebPage\",\"@id\":\"https:\\\/\\\/kt.gov.rs\\\/sq\\\/20-korrik-2010\\\/\",\"url\":\"https:\\\/\\\/kt.gov.rs\\\/sq\\\/20-korrik-2010\\\/\",\"name\":\"20. korrik 2010. - Republika e S\u00ebrbis\u00eb Trupi Koordinues p\u00ebr komunat Bujanoc, Preshev\u00eb dhe Medvegj\u00eb\",\"isPartOf\":{\"@id\":\"https:\\\/\\\/kt.gov.rs\\\/#website\"},\"datePublished\":\"2010-07-20T00:00:00+00:00\",\"breadcrumb\":{\"@id\":\"https:\\\/\\\/kt.gov.rs\\\/sq\\\/20-korrik-2010\\\/#breadcrumb\"},\"inLanguage\":\"sq-AL\",\"potentialAction\":[{\"@type\":\"ReadAction\",\"target\":[\"https:\\\/\\\/kt.gov.rs\\\/sq\\\/20-korrik-2010\\\/\"]}]},{\"@type\":\"BreadcrumbList\",\"@id\":\"https:\\\/\\\/kt.gov.rs\\\/sq\\\/20-korrik-2010\\\/#breadcrumb\",\"itemListElement\":[{\"@type\":\"ListItem\",\"position\":1,\"name\":\"\u041f\u043e\u0447\u0435\u0442\u043d\u0430\",\"item\":\"https:\\\/\\\/kt.gov.rs\\\/sq\\\/\"},{\"@type\":\"ListItem\",\"position\":2,\"name\":\"20. korrik 2010.\"}]},{\"@type\":\"WebSite\",\"@id\":\"https:\\\/\\\/kt.gov.rs\\\/#website\",\"url\":\"https:\\\/\\\/kt.gov.rs\\\/\",\"name\":\"\u041a\u043e\u043e\u0440\u0434\u0438\u043d\u0430\u0446\u0438\u043e\u043d\u043e \u0442\u0435\u043b\u043e \u0412\u043b\u0430\u0434\u0435 \u0420\u0435\u043f\u0443\u0431\u043b\u0438\u043a\u0435 \u0421\u0440\u0431\u0438\u0458\u0435 \u0437\u0430 \u043e\u043f\u0448\u0442\u0438\u043d\u0435 \u041f\u0440\u0435\u0448\u0435\u0432\u043e, \u0411\u0443\u0458\u0430\u043d\u043e\u0432\u0430\u0446 \u0438 \u041c\u0435\u0434\u0432\u0435\u0452a\",\"description\":\"\",\"publisher\":{\"@id\":\"https:\\\/\\\/kt.gov.rs\\\/#organization\"},\"alternateName\":\"\u041a\u043e\u043e\u0440\u0434\u0438\u043d\u0430\u0446\u0438\u043e\u043d\u043e \u0442\u0435\u043b\u043e\",\"potentialAction\":[{\"@type\":\"SearchAction\",\"target\":{\"@type\":\"EntryPoint\",\"urlTemplate\":\"https:\\\/\\\/kt.gov.rs\\\/?s={search_term_string}\"},\"query-input\":{\"@type\":\"PropertyValueSpecification\",\"valueRequired\":true,\"valueName\":\"search_term_string\"}}],\"inLanguage\":\"sq-AL\"},{\"@type\":\"Organization\",\"@id\":\"https:\\\/\\\/kt.gov.rs\\\/#organization\",\"name\":\"\u041a\u043e\u043e\u0440\u0434\u0438\u043d\u0430\u0446\u0438\u043e\u043d\u043e \u0442\u0435\u043b\u043e \u0412\u043b\u0430\u0434\u0435 \u0420\u0435\u043f\u0443\u0431\u043b\u0438\u043a\u0435 \u0421\u0440\u0431\u0438\u0458\u0435 \u0437\u0430 \u043e\u043f\u0448\u0442\u0438\u043d\u0435 \u041f\u0440\u0435\u0448\u0435\u0432\u043e, \u0411\u0443\u0458\u0430\u043d\u043e\u0432\u0430\u0446 \u0438 \u041c\u0435\u0434\u0432\u0435\u0452a\",\"alternateName\":\"\u041a\u043e\u043e\u0440\u0434\u0438\u043d\u0430\u0446\u0438\u043e\u043d\u043e \u0442\u0435\u043b\u043e\",\"url\":\"https:\\\/\\\/kt.gov.rs\\\/\",\"logo\":{\"@type\":\"ImageObject\",\"inLanguage\":\"sq-AL\",\"@id\":\"https:\\\/\\\/kt.gov.rs\\\/#\\\/schema\\\/logo\\\/image\\\/\",\"url\":\"https:\\\/\\\/kt.gov.rs\\\/wp-content\\\/uploads\\\/2024\\\/12\\\/koord2.jpg\",\"contentUrl\":\"https:\\\/\\\/kt.gov.rs\\\/wp-content\\\/uploads\\\/2024\\\/12\\\/koord2.jpg\",\"width\":640,\"height\":480,\"caption\":\"\u041a\u043e\u043e\u0440\u0434\u0438\u043d\u0430\u0446\u0438\u043e\u043d\u043e \u0442\u0435\u043b\u043e \u0412\u043b\u0430\u0434\u0435 \u0420\u0435\u043f\u0443\u0431\u043b\u0438\u043a\u0435 \u0421\u0440\u0431\u0438\u0458\u0435 \u0437\u0430 \u043e\u043f\u0448\u0442\u0438\u043d\u0435 \u041f\u0440\u0435\u0448\u0435\u0432\u043e, \u0411\u0443\u0458\u0430\u043d\u043e\u0432\u0430\u0446 \u0438 \u041c\u0435\u0434\u0432\u0435\u0452a\"},\"image\":{\"@id\":\"https:\\\/\\\/kt.gov.rs\\\/#\\\/schema\\\/logo\\\/image\\\/\"},\"sameAs\":[\"https:\\\/\\\/www.facebook.com\\\/SluzbaKoordinacionogTelaVladeRepublikeSrbije\",\"https:\\\/\\\/x.com\\\/kt_gov\",\"https:\\\/\\\/www.youtube.com\\\/@koordinacionotelo\"]},{\"@type\":\"Person\",\"@id\":\"https:\\\/\\\/kt.gov.rs\\\/#\\\/schema\\\/person\\\/e426459ddb4173309103390602694571\",\"name\":\"ktmin\",\"image\":{\"@type\":\"ImageObject\",\"inLanguage\":\"sq-AL\",\"@id\":\"https:\\\/\\\/secure.gravatar.com\\\/avatar\\\/3985c961109853010c3fbc7ba30365bfba5db3dd6c525831d9c595c7525a615a?s=96&d=mm&r=g\",\"url\":\"https:\\\/\\\/secure.gravatar.com\\\/avatar\\\/3985c961109853010c3fbc7ba30365bfba5db3dd6c525831d9c595c7525a615a?s=96&d=mm&r=g\",\"contentUrl\":\"https:\\\/\\\/secure.gravatar.com\\\/avatar\\\/3985c961109853010c3fbc7ba30365bfba5db3dd6c525831d9c595c7525a615a?s=96&d=mm&r=g\",\"caption\":\"ktmin\"},\"sameAs\":[\"https:\\\/\\\/kt.gov.rs\"],\"url\":\"https:\\\/\\\/kt.gov.rs\\\/sq\\\/author\\\/ktmin\\\/\"}]}<\/script>\n<!-- \/ Yoast SEO plugin. -->","yoast_head_json":{"title":"20. korrik 2010. - Republika e S\u00ebrbis\u00eb Trupi Koordinues p\u00ebr komunat Bujanoc, Preshev\u00eb dhe Medvegj\u00eb","robots":{"index":"index","follow":"follow","max-snippet":"max-snippet:-1","max-image-preview":"max-image-preview:large","max-video-preview":"max-video-preview:-1"},"canonical":"https:\/\/kt.gov.rs\/sq\/20-korrik-2010\/","og_locale":"sq_AL","og_type":"article","og_title":"20. korrik 2010. - Republika e S\u00ebrbis\u00eb Trupi Koordinues p\u00ebr komunat Bujanoc, Preshev\u00eb dhe Medvegj\u00eb","og_description":"P\u00cbR 25 KOMUNA 17,5 MILION\u00cb EURO Nj\u00ebzet e pes\u00eb komuna nga Serbia jugore dhe jugper\u00ebndimore do t\u00eb marrin 17,5 milion\u00eb euro p\u00ebr zhvillim n\u00eb tri vitet e ardhshme. Unioni Europian do t\u2019i jap\u00eb 13,5 milion\u00eb euro, Qeveria Zvicerane 2,5 nd\u00ebrsa Qeveria e Serbis\u00eb 1,5 milion\u00eb euro.Kjo \u00ebsth\u00eb parapar\u00eb me marr\u00ebveshjen p\u00ebr realizimin e programit ,,Progres\u2019\u2019 t\u00eb cilin n\u00eb Vranj\u00eb e kan\u00eb n\u00ebnshkruar kryeshefi i delegacionit t\u00eb UE n\u00eb Serbi Vensan Dezher dhe n\u00ebnkryetari i Qeveris\u00eb s\u00eb Serbis\u00eb Bozhidar Gjeliq.","og_url":"https:\/\/kt.gov.rs\/sq\/20-korrik-2010\/","og_site_name":"Republika e S\u00ebrbis\u00eb Trupi Koordinues p\u00ebr komunat Bujanoc, Preshev\u00eb dhe Medvegj\u00eb","article_publisher":"https:\/\/www.facebook.com\/SluzbaKoordinacionogTelaVladeRepublikeSrbije","article_published_time":"2010-07-20T00:00:00+00:00","author":"ktmin","twitter_card":"summary_large_image","twitter_creator":"@kt_gov","twitter_site":"@kt_gov","twitter_misc":{"Written by":"ktmin","Est. reading time":"4 minutes"},"schema":{"@context":"https:\/\/schema.org","@graph":[{"@type":"Article","@id":"https:\/\/kt.gov.rs\/sq\/20-korrik-2010\/#article","isPartOf":{"@id":"https:\/\/kt.gov.rs\/sq\/20-korrik-2010\/"},"author":{"name":"ktmin","@id":"https:\/\/kt.gov.rs\/#\/schema\/person\/e426459ddb4173309103390602694571"},"headline":"20. korrik 2010.","datePublished":"2010-07-20T00:00:00+00:00","mainEntityOfPage":{"@id":"https:\/\/kt.gov.rs\/sq\/20-korrik-2010\/"},"wordCount":720,"publisher":{"@id":"https:\/\/kt.gov.rs\/#organization"},"articleSection":["Lajme"],"inLanguage":"sq-AL"},{"@type":"WebPage","@id":"https:\/\/kt.gov.rs\/sq\/20-korrik-2010\/","url":"https:\/\/kt.gov.rs\/sq\/20-korrik-2010\/","name":"20. korrik 2010. - Republika e S\u00ebrbis\u00eb Trupi Koordinues p\u00ebr komunat Bujanoc, Preshev\u00eb dhe Medvegj\u00eb","isPartOf":{"@id":"https:\/\/kt.gov.rs\/#website"},"datePublished":"2010-07-20T00:00:00+00:00","breadcrumb":{"@id":"https:\/\/kt.gov.rs\/sq\/20-korrik-2010\/#breadcrumb"},"inLanguage":"sq-AL","potentialAction":[{"@type":"ReadAction","target":["https:\/\/kt.gov.rs\/sq\/20-korrik-2010\/"]}]},{"@type":"BreadcrumbList","@id":"https:\/\/kt.gov.rs\/sq\/20-korrik-2010\/#breadcrumb","itemListElement":[{"@type":"ListItem","position":1,"name":"\u041f\u043e\u0447\u0435\u0442\u043d\u0430","item":"https:\/\/kt.gov.rs\/sq\/"},{"@type":"ListItem","position":2,"name":"20. korrik 2010."}]},{"@type":"WebSite","@id":"https:\/\/kt.gov.rs\/#website","url":"https:\/\/kt.gov.rs\/","name":"\u041a\u043e\u043e\u0440\u0434\u0438\u043d\u0430\u0446\u0438\u043e\u043d\u043e \u0442\u0435\u043b\u043e \u0412\u043b\u0430\u0434\u0435 \u0420\u0435\u043f\u0443\u0431\u043b\u0438\u043a\u0435 \u0421\u0440\u0431\u0438\u0458\u0435 \u0437\u0430 \u043e\u043f\u0448\u0442\u0438\u043d\u0435 \u041f\u0440\u0435\u0448\u0435\u0432\u043e, \u0411\u0443\u0458\u0430\u043d\u043e\u0432\u0430\u0446 \u0438 \u041c\u0435\u0434\u0432\u0435\u0452a","description":"","publisher":{"@id":"https:\/\/kt.gov.rs\/#organization"},"alternateName":"\u041a\u043e\u043e\u0440\u0434\u0438\u043d\u0430\u0446\u0438\u043e\u043d\u043e \u0442\u0435\u043b\u043e","potentialAction":[{"@type":"SearchAction","target":{"@type":"EntryPoint","urlTemplate":"https:\/\/kt.gov.rs\/?s={search_term_string}"},"query-input":{"@type":"PropertyValueSpecification","valueRequired":true,"valueName":"search_term_string"}}],"inLanguage":"sq-AL"},{"@type":"Organization","@id":"https:\/\/kt.gov.rs\/#organization","name":"\u041a\u043e\u043e\u0440\u0434\u0438\u043d\u0430\u0446\u0438\u043e\u043d\u043e \u0442\u0435\u043b\u043e \u0412\u043b\u0430\u0434\u0435 \u0420\u0435\u043f\u0443\u0431\u043b\u0438\u043a\u0435 \u0421\u0440\u0431\u0438\u0458\u0435 \u0437\u0430 \u043e\u043f\u0448\u0442\u0438\u043d\u0435 \u041f\u0440\u0435\u0448\u0435\u0432\u043e, \u0411\u0443\u0458\u0430\u043d\u043e\u0432\u0430\u0446 \u0438 \u041c\u0435\u0434\u0432\u0435\u0452a","alternateName":"\u041a\u043e\u043e\u0440\u0434\u0438\u043d\u0430\u0446\u0438\u043e\u043d\u043e \u0442\u0435\u043b\u043e","url":"https:\/\/kt.gov.rs\/","logo":{"@type":"ImageObject","inLanguage":"sq-AL","@id":"https:\/\/kt.gov.rs\/#\/schema\/logo\/image\/","url":"https:\/\/kt.gov.rs\/wp-content\/uploads\/2024\/12\/koord2.jpg","contentUrl":"https:\/\/kt.gov.rs\/wp-content\/uploads\/2024\/12\/koord2.jpg","width":640,"height":480,"caption":"\u041a\u043e\u043e\u0440\u0434\u0438\u043d\u0430\u0446\u0438\u043e\u043d\u043e \u0442\u0435\u043b\u043e \u0412\u043b\u0430\u0434\u0435 \u0420\u0435\u043f\u0443\u0431\u043b\u0438\u043a\u0435 \u0421\u0440\u0431\u0438\u0458\u0435 \u0437\u0430 \u043e\u043f\u0448\u0442\u0438\u043d\u0435 \u041f\u0440\u0435\u0448\u0435\u0432\u043e, \u0411\u0443\u0458\u0430\u043d\u043e\u0432\u0430\u0446 \u0438 \u041c\u0435\u0434\u0432\u0435\u0452a"},"image":{"@id":"https:\/\/kt.gov.rs\/#\/schema\/logo\/image\/"},"sameAs":["https:\/\/www.facebook.com\/SluzbaKoordinacionogTelaVladeRepublikeSrbije","https:\/\/x.com\/kt_gov","https:\/\/www.youtube.com\/@koordinacionotelo"]},{"@type":"Person","@id":"https:\/\/kt.gov.rs\/#\/schema\/person\/e426459ddb4173309103390602694571","name":"ktmin","image":{"@type":"ImageObject","inLanguage":"sq-AL","@id":"https:\/\/secure.gravatar.com\/avatar\/3985c961109853010c3fbc7ba30365bfba5db3dd6c525831d9c595c7525a615a?s=96&d=mm&r=g","url":"https:\/\/secure.gravatar.com\/avatar\/3985c961109853010c3fbc7ba30365bfba5db3dd6c525831d9c595c7525a615a?s=96&d=mm&r=g","contentUrl":"https:\/\/secure.gravatar.com\/avatar\/3985c961109853010c3fbc7ba30365bfba5db3dd6c525831d9c595c7525a615a?s=96&d=mm&r=g","caption":"ktmin"},"sameAs":["https:\/\/kt.gov.rs"],"url":"https:\/\/kt.gov.rs\/sq\/author\/ktmin\/"}]}},"_links":{"self":[{"href":"https:\/\/kt.gov.rs\/sq\/wp-json\/wp\/v2\/posts\/142681","targetHints":{"allow":["GET"]}}],"collection":[{"href":"https:\/\/kt.gov.rs\/sq\/wp-json\/wp\/v2\/posts"}],"about":[{"href":"https:\/\/kt.gov.rs\/sq\/wp-json\/wp\/v2\/types\/post"}],"author":[{"embeddable":true,"href":"https:\/\/kt.gov.rs\/sq\/wp-json\/wp\/v2\/users\/1"}],"replies":[{"embeddable":true,"href":"https:\/\/kt.gov.rs\/sq\/wp-json\/wp\/v2\/comments?post=142681"}],"version-history":[{"count":0,"href":"https:\/\/kt.gov.rs\/sq\/wp-json\/wp\/v2\/posts\/142681\/revisions"}],"wp:attachment":[{"href":"https:\/\/kt.gov.rs\/sq\/wp-json\/wp\/v2\/media?parent=142681"}],"wp:term":[{"taxonomy":"category","embeddable":true,"href":"https:\/\/kt.gov.rs\/sq\/wp-json\/wp\/v2\/categories?post=142681"},{"taxonomy":"post_tag","embeddable":true,"href":"https:\/\/kt.gov.rs\/sq\/wp-json\/wp\/v2\/tags?post=142681"}],"curies":[{"name":"wp","href":"https:\/\/api.w.org\/{rel}","templated":true}]}}