{"id":142662,"date":"2010-08-03T00:00:00","date_gmt":"2010-08-03T00:00:00","guid":{"rendered":"http:\/\/kt.printandscreen.rs\/3-8-2010\/"},"modified":"2010-08-03T00:00:00","modified_gmt":"2010-08-03T00:00:00","slug":"3-8-2010","status":"publish","type":"post","link":"https:\/\/kt.gov.rs\/sq\/3-8-2010\/","title":{"rendered":"3.8.2010."},"content":{"rendered":"<p><strong>HUNGAREZ\u00cbT NDIHMOJN\u00cb K\u00cbSHILLIN NACIONAL SHQIP\u00cbTAR\u00cb<\/strong><\/p>\n<p>\nGjat\u00eb vizit\u00ebs s\u00eb jav\u00ebs s\u00eb kaluar t\u00eb ministrit p\u00ebr t\u00eb drejtat e njeriut dhe t\u00eb pakicave Svetozar \u00c7ipliqit K\u00ebshillit Nacional t\u00eb Hungarez\u00ebve, p\u00ebrpos bisedimeve mbi finansimin e k\u00ebtyre k\u00ebshillave, ka erdhur edhe deri tek marr\u00ebveshja p\u00ebr dh\u00ebnien e ndihm\u00ebs K\u00ebshillit Nacional t\u00eb Shqip\u00ebtar\u00ebve. Ministri \u00c7ipliq dhe kryetari i K\u00ebshillit Nacional t\u00eb Hungarez\u00ebve Tamash Korhec kan\u00eb r\u00ebn\u00eb dakord rreth ndihm\u00ebs q\u00eb p\u00ebrfaq\u00ebsuesit Hungarez do t\u2019i japin Shqip\u00ebtar\u00ebve t\u00eb Serbis\u00eb jugore q\u00eb sa m\u00eb leht\u00eb ,,t\u00eb ngrisin n\u00eb k\u00ebmb\u00eb\u2019\u2019 k\u00ebshillin e tyre t\u00eb sapoformuar. Tamash Korceg p\u00ebr ,,Dnevnik\u2019\u2019 deklaroi se kjo inisiativ\u00eb\u00a0 ka rrjedh\u00eb nga ana e ministir \u00c7ipliq.<\/p>\n<p>,,Kjo \u00ebsht\u00eb hera e par\u00eb q\u00eb Shqip\u00ebtar\u00ebt shprehin interesimin e tyre p\u00ebr kyqjen n\u00eb sistemin\u00a0 e mbrojtjes s\u00eb t\u00eb drejtave t\u00eb pakicave komb\u00ebtare n\u00eb Serbi. N\u00eb k\u00ebt\u00eb aspekt edhe ka filluar inisiativa q\u00eb pas shtat\u00eb viteve q\u00eb nga formimi i k\u00ebshillave nacionale t\u00eb komb\u00ebsive tjera, komuniteti Shqip\u00ebtar\u00eb jasht\u00eb Kosov\u00ebs t\u00eb formoj\u00eb K\u00ebshillin Nacional t\u00eb tyre. Kan\u00eb mbajtur zgjedhjet dhe jan\u00eb konstituar, pasiq\u00eb K\u00ebshilli Nacional i Hungarez\u00ebve ka eksperienc\u00eb m\u00eb t\u00eb madhe n\u00eb fungsionimin e saj\u00eb n\u00eb Serbi, kemi vendosur q\u00eb k\u00ebt\u00eb eksperienc\u00eb ta ndajm\u00eb me Shqip\u00ebtar\u00ebt\u2019\u2019,\u00a0 ka deklaruar Korhec.<\/p>\n<p>Siq deklaroi, me Shqip\u00ebtar\u00ebt do t\u00eb ndajn\u00eb diturin\u00eb mbi fungsionimin e K\u00ebshillit Nacional t\u00eb Hungarez\u00ebve n\u00eb p\u00ebrb\u00ebrje t\u00eb re, mir\u00ebpo edhe p\u00ebr eksperienc\u00ebn e tyre t\u00eb m\u00ebparshme. ,,Takimi n\u00eb nivel t\u00eb kryetar\u00ebve t\u00eb K\u00ebshillave Nacionale duhet t\u00eb mbahet muajin e ardhsh\u00ebm n\u00eb Beograd, e m\u00ebpasaj do t\u2019i njoftojm\u00eb me dokumentacionin ton\u00eb, m\u00ebnyrat e komunikimit me institucione, bask\u00ebpunimin me pushtetet lokale, bashk\u00ebpunimin me ministrit\u00eb dhe organet tjera\u2019\u2019, deklaroi Korhec.<\/p>\n<p>Ai shtoi se \u00ebsht\u00eb i gatsh\u00ebm t\u00eb ndihmoj\u00eb sepse konstituimi i K\u00ebshillit Nacional t\u00eb Shqip\u00ebtar\u00ebve mund\u00eb t\u00eb ket\u00eb ndikim pozitiv n\u00eb stabilitetin e mar\u00ebdh\u00ebnieve nd\u00ebretnike n\u00eb Serbi mir\u00ebpo edhe p\u00ebrforcimin e pozit\u00ebs s\u00eb Serbis\u00eb n\u00eb Europ\u00eb. Ai tha se deri m\u00eb tani kemi\u00a0 patur vet\u00ebm biseda telefonike me koleg\u00ebt e tyre Shqip\u00ebtar\u00eb dhe se m\u00eb tep\u00ebr do t\u00eb ket\u00eb pas takimit t\u00eb tyre n\u00eb ministrin\u00eb p\u00ebr mbrojtjen e njeriut dhe t\u00eb pakicave.<br \/>\nN\u00eb domosdoshm\u00ebrin\u00eb e ndihm\u00ebs \u00ebsht\u00eb i bindur edhe kryetari i posaem\u00ebruar i K\u00ebshillit Nacional t\u00eb Shqip\u00ebtar\u00ebve Galip Beqiri. Ai konfirmoi se kontakte ka pasur dhe se tash pret takimin n\u00eb t\u00eb cilin do t\u00eb shihet m\u00eb gj\u00ebr\u00ebsisht m\u00ebnyra se si fungsionon t\u00eb K\u00ebshilli Nacional i Hungarez\u00ebve.<\/p>\n<p>,,Kemi formuar K\u00ebshillin Nacional, kemi zgjedhur an\u00ebtar\u00ebt dhe se p\u00ebr \u00e7dogj\u00eb q\u00eb nuk e kemi t\u00eb kjart\u00eb presim ndihm\u00ebn e koleg\u00ebve nga K\u00ebshilli Nacional i Hungarez\u00ebve\u2019\u2019,\u00a0 ka th\u00ebn\u00eb Beqiri. Siq theksoi ai, ndihma e koleg\u00ebve t\u00eb tyre hungarez do t\u00eb thot\u00eb shum\u00eb p\u00ebr Shqip\u00ebtar\u00ebt e Serbis\u00eb jugore, sidomos n\u00eb sfer\u00ebn e finansimeve. Beqiri paralajm\u00ebroi vizit\u00ebn e tij\u00eb qytetit t\u00eb Subotic\u00ebs para fillimit t\u00eb takimit i cili \u00ebsht\u00eb parapar\u00eb p\u00ebr muajin shtator\u00eb.<\/p>\n","protected":false},"excerpt":{"rendered":"<p>HUNGAREZ\u00cbT NDIHMOJN\u00cb K\u00cbSHILLIN NACIONAL SHQIP\u00cbTAR\u00cb<\/p>\n<p>Gjat\u00eb  vizit\u00ebs s\u00eb jav\u00ebs s\u00eb kaluar t\u00eb ministrit p\u00ebr t\u00eb drejtat e njeriut dhe t\u00eb  pakicave Svetozar \u00c7ipliqit K\u00ebshillit Nacional t\u00eb Hungarez\u00ebve, p\u00ebrpos  bisedimeve mbi finansimin e k\u00ebtyre k\u00ebshillave, ka erdhur edhe deri tek  marr\u00ebveshja p\u00ebr dh\u00ebnien e ndihm\u00ebs K\u00ebshillit Nacional t\u00eb Shqip\u00ebtar\u00ebve.  Ministri \u00c7ipliq dhe kryetari i K\u00ebshillit Nacional t\u00eb Hungarez\u00ebve Tamash  Korhec kan\u00eb r\u00ebn\u00eb dakord rreth ndihm\u00ebs q\u00eb p\u00ebrfaq\u00ebsuesit Hungarez do t\u2019i  japin Shqip\u00ebtar\u00ebve t\u00eb Serbis\u00eb jugore q\u00eb sa m\u00eb leht\u00eb ,,t\u00eb ngrisin n\u00eb  k\u00ebmb\u00eb\u2019\u2019 k\u00ebshillin e tyre t\u00eb sapoformuar. Tamash Korceg p\u00ebr ,,Dnevnik\u2019\u2019  deklaroi se kjo inisiativ\u00eb\u00a0 ka rrjedh\u00eb nga ana e ministir \u00c7ipliq.<\/p>\n","protected":false},"author":1,"featured_media":0,"comment_status":"closed","ping_status":"closed","sticky":false,"template":"","format":"standard","meta":{"footnotes":""},"categories":[55],"tags":[],"class_list":["post-142662","post","type-post","status-publish","format-standard","hentry","category-lajme"],"yoast_head":"<!-- This site is optimized with the Yoast SEO plugin v27.4 - https:\/\/yoast.com\/product\/yoast-seo-wordpress\/ -->\n<title>3.8.2010. - Republika e S\u00ebrbis\u00eb Trupi Koordinues p\u00ebr komunat Bujanoc, Preshev\u00eb dhe Medvegj\u00eb<\/title>\n<meta name=\"robots\" content=\"index, follow, max-snippet:-1, max-image-preview:large, max-video-preview:-1\" \/>\n<link rel=\"canonical\" href=\"https:\/\/kt.gov.rs\/sq\/3-8-2010\/\" \/>\n<meta property=\"og:locale\" content=\"sq_AL\" \/>\n<meta property=\"og:type\" content=\"article\" \/>\n<meta property=\"og:title\" content=\"3.8.2010. - Republika e S\u00ebrbis\u00eb Trupi Koordinues p\u00ebr komunat Bujanoc, Preshev\u00eb dhe Medvegj\u00eb\" \/>\n<meta property=\"og:description\" content=\"HUNGAREZ\u00cbT NDIHMOJN\u00cb K\u00cbSHILLIN NACIONAL SHQIP\u00cbTAR\u00cb  Gjat\u00eb vizit\u00ebs s\u00eb jav\u00ebs s\u00eb kaluar t\u00eb ministrit p\u00ebr t\u00eb drejtat e njeriut dhe t\u00eb pakicave Svetozar \u00c7ipliqit K\u00ebshillit Nacional t\u00eb Hungarez\u00ebve, p\u00ebrpos bisedimeve mbi finansimin e k\u00ebtyre k\u00ebshillave, ka erdhur edhe deri tek marr\u00ebveshja p\u00ebr dh\u00ebnien e ndihm\u00ebs K\u00ebshillit Nacional t\u00eb Shqip\u00ebtar\u00ebve. Ministri \u00c7ipliq dhe kryetari i K\u00ebshillit Nacional t\u00eb Hungarez\u00ebve Tamash Korhec kan\u00eb r\u00ebn\u00eb dakord rreth ndihm\u00ebs q\u00eb p\u00ebrfaq\u00ebsuesit Hungarez do t\u2019i japin Shqip\u00ebtar\u00ebve t\u00eb Serbis\u00eb jugore q\u00eb sa m\u00eb leht\u00eb ,,t\u00eb ngrisin n\u00eb k\u00ebmb\u00eb\u2019\u2019 k\u00ebshillin e tyre t\u00eb sapoformuar. Tamash Korceg p\u00ebr ,,Dnevnik\u2019\u2019 deklaroi se kjo inisiativ\u00eb\u00a0 ka rrjedh\u00eb nga ana e ministir \u00c7ipliq.\" \/>\n<meta property=\"og:url\" content=\"https:\/\/kt.gov.rs\/sq\/3-8-2010\/\" \/>\n<meta property=\"og:site_name\" content=\"Republika e S\u00ebrbis\u00eb Trupi Koordinues p\u00ebr komunat Bujanoc, Preshev\u00eb dhe Medvegj\u00eb\" \/>\n<meta property=\"article:publisher\" content=\"https:\/\/www.facebook.com\/SluzbaKoordinacionogTelaVladeRepublikeSrbije\" \/>\n<meta property=\"article:published_time\" content=\"2010-08-03T00:00:00+00:00\" \/>\n<meta name=\"author\" content=\"ktmin\" \/>\n<meta name=\"twitter:card\" content=\"summary_large_image\" \/>\n<meta name=\"twitter:creator\" content=\"@kt_gov\" \/>\n<meta name=\"twitter:site\" content=\"@kt_gov\" \/>\n<meta name=\"twitter:label1\" content=\"Written by\" \/>\n\t<meta name=\"twitter:data1\" content=\"ktmin\" \/>\n\t<meta name=\"twitter:label2\" content=\"Est. reading time\" \/>\n\t<meta name=\"twitter:data2\" content=\"3 minutes\" \/>\n<script type=\"application\/ld+json\" class=\"yoast-schema-graph\">{\"@context\":\"https:\\\/\\\/schema.org\",\"@graph\":[{\"@type\":\"Article\",\"@id\":\"https:\\\/\\\/kt.gov.rs\\\/sq\\\/3-8-2010\\\/#article\",\"isPartOf\":{\"@id\":\"https:\\\/\\\/kt.gov.rs\\\/sq\\\/3-8-2010\\\/\"},\"author\":{\"name\":\"ktmin\",\"@id\":\"https:\\\/\\\/kt.gov.rs\\\/#\\\/schema\\\/person\\\/e426459ddb4173309103390602694571\"},\"headline\":\"3.8.2010.\",\"datePublished\":\"2010-08-03T00:00:00+00:00\",\"mainEntityOfPage\":{\"@id\":\"https:\\\/\\\/kt.gov.rs\\\/sq\\\/3-8-2010\\\/\"},\"wordCount\":572,\"publisher\":{\"@id\":\"https:\\\/\\\/kt.gov.rs\\\/#organization\"},\"articleSection\":[\"Lajme\"],\"inLanguage\":\"sq-AL\"},{\"@type\":\"WebPage\",\"@id\":\"https:\\\/\\\/kt.gov.rs\\\/sq\\\/3-8-2010\\\/\",\"url\":\"https:\\\/\\\/kt.gov.rs\\\/sq\\\/3-8-2010\\\/\",\"name\":\"3.8.2010. - Republika e S\u00ebrbis\u00eb Trupi Koordinues p\u00ebr komunat Bujanoc, Preshev\u00eb dhe Medvegj\u00eb\",\"isPartOf\":{\"@id\":\"https:\\\/\\\/kt.gov.rs\\\/#website\"},\"datePublished\":\"2010-08-03T00:00:00+00:00\",\"breadcrumb\":{\"@id\":\"https:\\\/\\\/kt.gov.rs\\\/sq\\\/3-8-2010\\\/#breadcrumb\"},\"inLanguage\":\"sq-AL\",\"potentialAction\":[{\"@type\":\"ReadAction\",\"target\":[\"https:\\\/\\\/kt.gov.rs\\\/sq\\\/3-8-2010\\\/\"]}]},{\"@type\":\"BreadcrumbList\",\"@id\":\"https:\\\/\\\/kt.gov.rs\\\/sq\\\/3-8-2010\\\/#breadcrumb\",\"itemListElement\":[{\"@type\":\"ListItem\",\"position\":1,\"name\":\"\u041f\u043e\u0447\u0435\u0442\u043d\u0430\",\"item\":\"https:\\\/\\\/kt.gov.rs\\\/sq\\\/\"},{\"@type\":\"ListItem\",\"position\":2,\"name\":\"3.8.2010.\"}]},{\"@type\":\"WebSite\",\"@id\":\"https:\\\/\\\/kt.gov.rs\\\/#website\",\"url\":\"https:\\\/\\\/kt.gov.rs\\\/\",\"name\":\"\u041a\u043e\u043e\u0440\u0434\u0438\u043d\u0430\u0446\u0438\u043e\u043d\u043e \u0442\u0435\u043b\u043e \u0412\u043b\u0430\u0434\u0435 \u0420\u0435\u043f\u0443\u0431\u043b\u0438\u043a\u0435 \u0421\u0440\u0431\u0438\u0458\u0435 \u0437\u0430 \u043e\u043f\u0448\u0442\u0438\u043d\u0435 \u041f\u0440\u0435\u0448\u0435\u0432\u043e, \u0411\u0443\u0458\u0430\u043d\u043e\u0432\u0430\u0446 \u0438 \u041c\u0435\u0434\u0432\u0435\u0452a\",\"description\":\"\",\"publisher\":{\"@id\":\"https:\\\/\\\/kt.gov.rs\\\/#organization\"},\"alternateName\":\"\u041a\u043e\u043e\u0440\u0434\u0438\u043d\u0430\u0446\u0438\u043e\u043d\u043e \u0442\u0435\u043b\u043e\",\"potentialAction\":[{\"@type\":\"SearchAction\",\"target\":{\"@type\":\"EntryPoint\",\"urlTemplate\":\"https:\\\/\\\/kt.gov.rs\\\/?s={search_term_string}\"},\"query-input\":{\"@type\":\"PropertyValueSpecification\",\"valueRequired\":true,\"valueName\":\"search_term_string\"}}],\"inLanguage\":\"sq-AL\"},{\"@type\":\"Organization\",\"@id\":\"https:\\\/\\\/kt.gov.rs\\\/#organization\",\"name\":\"\u041a\u043e\u043e\u0440\u0434\u0438\u043d\u0430\u0446\u0438\u043e\u043d\u043e \u0442\u0435\u043b\u043e \u0412\u043b\u0430\u0434\u0435 \u0420\u0435\u043f\u0443\u0431\u043b\u0438\u043a\u0435 \u0421\u0440\u0431\u0438\u0458\u0435 \u0437\u0430 \u043e\u043f\u0448\u0442\u0438\u043d\u0435 \u041f\u0440\u0435\u0448\u0435\u0432\u043e, \u0411\u0443\u0458\u0430\u043d\u043e\u0432\u0430\u0446 \u0438 \u041c\u0435\u0434\u0432\u0435\u0452a\",\"alternateName\":\"\u041a\u043e\u043e\u0440\u0434\u0438\u043d\u0430\u0446\u0438\u043e\u043d\u043e \u0442\u0435\u043b\u043e\",\"url\":\"https:\\\/\\\/kt.gov.rs\\\/\",\"logo\":{\"@type\":\"ImageObject\",\"inLanguage\":\"sq-AL\",\"@id\":\"https:\\\/\\\/kt.gov.rs\\\/#\\\/schema\\\/logo\\\/image\\\/\",\"url\":\"https:\\\/\\\/kt.gov.rs\\\/wp-content\\\/uploads\\\/2024\\\/12\\\/koord2.jpg\",\"contentUrl\":\"https:\\\/\\\/kt.gov.rs\\\/wp-content\\\/uploads\\\/2024\\\/12\\\/koord2.jpg\",\"width\":640,\"height\":480,\"caption\":\"\u041a\u043e\u043e\u0440\u0434\u0438\u043d\u0430\u0446\u0438\u043e\u043d\u043e \u0442\u0435\u043b\u043e \u0412\u043b\u0430\u0434\u0435 \u0420\u0435\u043f\u0443\u0431\u043b\u0438\u043a\u0435 \u0421\u0440\u0431\u0438\u0458\u0435 \u0437\u0430 \u043e\u043f\u0448\u0442\u0438\u043d\u0435 \u041f\u0440\u0435\u0448\u0435\u0432\u043e, \u0411\u0443\u0458\u0430\u043d\u043e\u0432\u0430\u0446 \u0438 \u041c\u0435\u0434\u0432\u0435\u0452a\"},\"image\":{\"@id\":\"https:\\\/\\\/kt.gov.rs\\\/#\\\/schema\\\/logo\\\/image\\\/\"},\"sameAs\":[\"https:\\\/\\\/www.facebook.com\\\/SluzbaKoordinacionogTelaVladeRepublikeSrbije\",\"https:\\\/\\\/x.com\\\/kt_gov\",\"https:\\\/\\\/www.youtube.com\\\/@koordinacionotelo\"]},{\"@type\":\"Person\",\"@id\":\"https:\\\/\\\/kt.gov.rs\\\/#\\\/schema\\\/person\\\/e426459ddb4173309103390602694571\",\"name\":\"ktmin\",\"image\":{\"@type\":\"ImageObject\",\"inLanguage\":\"sq-AL\",\"@id\":\"https:\\\/\\\/secure.gravatar.com\\\/avatar\\\/3985c961109853010c3fbc7ba30365bfba5db3dd6c525831d9c595c7525a615a?s=96&d=mm&r=g\",\"url\":\"https:\\\/\\\/secure.gravatar.com\\\/avatar\\\/3985c961109853010c3fbc7ba30365bfba5db3dd6c525831d9c595c7525a615a?s=96&d=mm&r=g\",\"contentUrl\":\"https:\\\/\\\/secure.gravatar.com\\\/avatar\\\/3985c961109853010c3fbc7ba30365bfba5db3dd6c525831d9c595c7525a615a?s=96&d=mm&r=g\",\"caption\":\"ktmin\"},\"sameAs\":[\"https:\\\/\\\/kt.gov.rs\"],\"url\":\"https:\\\/\\\/kt.gov.rs\\\/sq\\\/author\\\/ktmin\\\/\"}]}<\/script>\n<!-- \/ Yoast SEO plugin. -->","yoast_head_json":{"title":"3.8.2010. - Republika e S\u00ebrbis\u00eb Trupi Koordinues p\u00ebr komunat Bujanoc, Preshev\u00eb dhe Medvegj\u00eb","robots":{"index":"index","follow":"follow","max-snippet":"max-snippet:-1","max-image-preview":"max-image-preview:large","max-video-preview":"max-video-preview:-1"},"canonical":"https:\/\/kt.gov.rs\/sq\/3-8-2010\/","og_locale":"sq_AL","og_type":"article","og_title":"3.8.2010. - Republika e S\u00ebrbis\u00eb Trupi Koordinues p\u00ebr komunat Bujanoc, Preshev\u00eb dhe Medvegj\u00eb","og_description":"HUNGAREZ\u00cbT NDIHMOJN\u00cb K\u00cbSHILLIN NACIONAL SHQIP\u00cbTAR\u00cb  Gjat\u00eb vizit\u00ebs s\u00eb jav\u00ebs s\u00eb kaluar t\u00eb ministrit p\u00ebr t\u00eb drejtat e njeriut dhe t\u00eb pakicave Svetozar \u00c7ipliqit K\u00ebshillit Nacional t\u00eb Hungarez\u00ebve, p\u00ebrpos bisedimeve mbi finansimin e k\u00ebtyre k\u00ebshillave, ka erdhur edhe deri tek marr\u00ebveshja p\u00ebr dh\u00ebnien e ndihm\u00ebs K\u00ebshillit Nacional t\u00eb Shqip\u00ebtar\u00ebve. Ministri \u00c7ipliq dhe kryetari i K\u00ebshillit Nacional t\u00eb Hungarez\u00ebve Tamash Korhec kan\u00eb r\u00ebn\u00eb dakord rreth ndihm\u00ebs q\u00eb p\u00ebrfaq\u00ebsuesit Hungarez do t\u2019i japin Shqip\u00ebtar\u00ebve t\u00eb Serbis\u00eb jugore q\u00eb sa m\u00eb leht\u00eb ,,t\u00eb ngrisin n\u00eb k\u00ebmb\u00eb\u2019\u2019 k\u00ebshillin e tyre t\u00eb sapoformuar. Tamash Korceg p\u00ebr ,,Dnevnik\u2019\u2019 deklaroi se kjo inisiativ\u00eb\u00a0 ka rrjedh\u00eb nga ana e ministir \u00c7ipliq.","og_url":"https:\/\/kt.gov.rs\/sq\/3-8-2010\/","og_site_name":"Republika e S\u00ebrbis\u00eb Trupi Koordinues p\u00ebr komunat Bujanoc, Preshev\u00eb dhe Medvegj\u00eb","article_publisher":"https:\/\/www.facebook.com\/SluzbaKoordinacionogTelaVladeRepublikeSrbije","article_published_time":"2010-08-03T00:00:00+00:00","author":"ktmin","twitter_card":"summary_large_image","twitter_creator":"@kt_gov","twitter_site":"@kt_gov","twitter_misc":{"Written by":"ktmin","Est. reading time":"3 minutes"},"schema":{"@context":"https:\/\/schema.org","@graph":[{"@type":"Article","@id":"https:\/\/kt.gov.rs\/sq\/3-8-2010\/#article","isPartOf":{"@id":"https:\/\/kt.gov.rs\/sq\/3-8-2010\/"},"author":{"name":"ktmin","@id":"https:\/\/kt.gov.rs\/#\/schema\/person\/e426459ddb4173309103390602694571"},"headline":"3.8.2010.","datePublished":"2010-08-03T00:00:00+00:00","mainEntityOfPage":{"@id":"https:\/\/kt.gov.rs\/sq\/3-8-2010\/"},"wordCount":572,"publisher":{"@id":"https:\/\/kt.gov.rs\/#organization"},"articleSection":["Lajme"],"inLanguage":"sq-AL"},{"@type":"WebPage","@id":"https:\/\/kt.gov.rs\/sq\/3-8-2010\/","url":"https:\/\/kt.gov.rs\/sq\/3-8-2010\/","name":"3.8.2010. - Republika e S\u00ebrbis\u00eb Trupi Koordinues p\u00ebr komunat Bujanoc, Preshev\u00eb dhe Medvegj\u00eb","isPartOf":{"@id":"https:\/\/kt.gov.rs\/#website"},"datePublished":"2010-08-03T00:00:00+00:00","breadcrumb":{"@id":"https:\/\/kt.gov.rs\/sq\/3-8-2010\/#breadcrumb"},"inLanguage":"sq-AL","potentialAction":[{"@type":"ReadAction","target":["https:\/\/kt.gov.rs\/sq\/3-8-2010\/"]}]},{"@type":"BreadcrumbList","@id":"https:\/\/kt.gov.rs\/sq\/3-8-2010\/#breadcrumb","itemListElement":[{"@type":"ListItem","position":1,"name":"\u041f\u043e\u0447\u0435\u0442\u043d\u0430","item":"https:\/\/kt.gov.rs\/sq\/"},{"@type":"ListItem","position":2,"name":"3.8.2010."}]},{"@type":"WebSite","@id":"https:\/\/kt.gov.rs\/#website","url":"https:\/\/kt.gov.rs\/","name":"\u041a\u043e\u043e\u0440\u0434\u0438\u043d\u0430\u0446\u0438\u043e\u043d\u043e \u0442\u0435\u043b\u043e \u0412\u043b\u0430\u0434\u0435 \u0420\u0435\u043f\u0443\u0431\u043b\u0438\u043a\u0435 \u0421\u0440\u0431\u0438\u0458\u0435 \u0437\u0430 \u043e\u043f\u0448\u0442\u0438\u043d\u0435 \u041f\u0440\u0435\u0448\u0435\u0432\u043e, \u0411\u0443\u0458\u0430\u043d\u043e\u0432\u0430\u0446 \u0438 \u041c\u0435\u0434\u0432\u0435\u0452a","description":"","publisher":{"@id":"https:\/\/kt.gov.rs\/#organization"},"alternateName":"\u041a\u043e\u043e\u0440\u0434\u0438\u043d\u0430\u0446\u0438\u043e\u043d\u043e \u0442\u0435\u043b\u043e","potentialAction":[{"@type":"SearchAction","target":{"@type":"EntryPoint","urlTemplate":"https:\/\/kt.gov.rs\/?s={search_term_string}"},"query-input":{"@type":"PropertyValueSpecification","valueRequired":true,"valueName":"search_term_string"}}],"inLanguage":"sq-AL"},{"@type":"Organization","@id":"https:\/\/kt.gov.rs\/#organization","name":"\u041a\u043e\u043e\u0440\u0434\u0438\u043d\u0430\u0446\u0438\u043e\u043d\u043e \u0442\u0435\u043b\u043e \u0412\u043b\u0430\u0434\u0435 \u0420\u0435\u043f\u0443\u0431\u043b\u0438\u043a\u0435 \u0421\u0440\u0431\u0438\u0458\u0435 \u0437\u0430 \u043e\u043f\u0448\u0442\u0438\u043d\u0435 \u041f\u0440\u0435\u0448\u0435\u0432\u043e, \u0411\u0443\u0458\u0430\u043d\u043e\u0432\u0430\u0446 \u0438 \u041c\u0435\u0434\u0432\u0435\u0452a","alternateName":"\u041a\u043e\u043e\u0440\u0434\u0438\u043d\u0430\u0446\u0438\u043e\u043d\u043e \u0442\u0435\u043b\u043e","url":"https:\/\/kt.gov.rs\/","logo":{"@type":"ImageObject","inLanguage":"sq-AL","@id":"https:\/\/kt.gov.rs\/#\/schema\/logo\/image\/","url":"https:\/\/kt.gov.rs\/wp-content\/uploads\/2024\/12\/koord2.jpg","contentUrl":"https:\/\/kt.gov.rs\/wp-content\/uploads\/2024\/12\/koord2.jpg","width":640,"height":480,"caption":"\u041a\u043e\u043e\u0440\u0434\u0438\u043d\u0430\u0446\u0438\u043e\u043d\u043e \u0442\u0435\u043b\u043e \u0412\u043b\u0430\u0434\u0435 \u0420\u0435\u043f\u0443\u0431\u043b\u0438\u043a\u0435 \u0421\u0440\u0431\u0438\u0458\u0435 \u0437\u0430 \u043e\u043f\u0448\u0442\u0438\u043d\u0435 \u041f\u0440\u0435\u0448\u0435\u0432\u043e, \u0411\u0443\u0458\u0430\u043d\u043e\u0432\u0430\u0446 \u0438 \u041c\u0435\u0434\u0432\u0435\u0452a"},"image":{"@id":"https:\/\/kt.gov.rs\/#\/schema\/logo\/image\/"},"sameAs":["https:\/\/www.facebook.com\/SluzbaKoordinacionogTelaVladeRepublikeSrbije","https:\/\/x.com\/kt_gov","https:\/\/www.youtube.com\/@koordinacionotelo"]},{"@type":"Person","@id":"https:\/\/kt.gov.rs\/#\/schema\/person\/e426459ddb4173309103390602694571","name":"ktmin","image":{"@type":"ImageObject","inLanguage":"sq-AL","@id":"https:\/\/secure.gravatar.com\/avatar\/3985c961109853010c3fbc7ba30365bfba5db3dd6c525831d9c595c7525a615a?s=96&d=mm&r=g","url":"https:\/\/secure.gravatar.com\/avatar\/3985c961109853010c3fbc7ba30365bfba5db3dd6c525831d9c595c7525a615a?s=96&d=mm&r=g","contentUrl":"https:\/\/secure.gravatar.com\/avatar\/3985c961109853010c3fbc7ba30365bfba5db3dd6c525831d9c595c7525a615a?s=96&d=mm&r=g","caption":"ktmin"},"sameAs":["https:\/\/kt.gov.rs"],"url":"https:\/\/kt.gov.rs\/sq\/author\/ktmin\/"}]}},"_links":{"self":[{"href":"https:\/\/kt.gov.rs\/sq\/wp-json\/wp\/v2\/posts\/142662","targetHints":{"allow":["GET"]}}],"collection":[{"href":"https:\/\/kt.gov.rs\/sq\/wp-json\/wp\/v2\/posts"}],"about":[{"href":"https:\/\/kt.gov.rs\/sq\/wp-json\/wp\/v2\/types\/post"}],"author":[{"embeddable":true,"href":"https:\/\/kt.gov.rs\/sq\/wp-json\/wp\/v2\/users\/1"}],"replies":[{"embeddable":true,"href":"https:\/\/kt.gov.rs\/sq\/wp-json\/wp\/v2\/comments?post=142662"}],"version-history":[{"count":0,"href":"https:\/\/kt.gov.rs\/sq\/wp-json\/wp\/v2\/posts\/142662\/revisions"}],"wp:attachment":[{"href":"https:\/\/kt.gov.rs\/sq\/wp-json\/wp\/v2\/media?parent=142662"}],"wp:term":[{"taxonomy":"category","embeddable":true,"href":"https:\/\/kt.gov.rs\/sq\/wp-json\/wp\/v2\/categories?post=142662"},{"taxonomy":"post_tag","embeddable":true,"href":"https:\/\/kt.gov.rs\/sq\/wp-json\/wp\/v2\/tags?post=142662"}],"curies":[{"name":"wp","href":"https:\/\/api.w.org\/{rel}","templated":true}]}}