{"id":142661,"date":"2010-08-04T00:00:00","date_gmt":"2010-08-04T00:00:00","guid":{"rendered":"http:\/\/kt.printandscreen.rs\/konkurs-per-punime-letrare-dhe-pikture-me-temen-bujanoci-ne-syte-e-mi\/"},"modified":"2010-08-04T00:00:00","modified_gmt":"2010-08-04T00:00:00","slug":"konkurs-per-punime-letrare-dhe-pikture-me-temen-bujanoci-ne-syte-e-mi","status":"publish","type":"post","link":"https:\/\/kt.gov.rs\/sq\/konkurs-per-punime-letrare-dhe-pikture-me-temen-bujanoci-ne-syte-e-mi\/","title":{"rendered":"KONKURS P\u00cbR PUNIME LETRARE DHE PIKTUR\u00cb ME TEM\u00cbN ,,BUJANOCI N\u00cb SYT\u00cb E MI\u2019\u2019"},"content":{"rendered":"<p>Qendra p\u00ebr toleranc\u00eb dhe integrim t\u00eb jugut t\u00eb Serbis\u00eb, n\u00eb kuad\u00ebr t\u00eb projektit ,,Un\u00eb e dua Bujanocin\u2019\u2019, i p\u00ebrkrahur\u00a0 nga Trupi koordinues i Qeveris\u00eb s\u00eb Republik\u00ebs s\u00eb Serbis\u00eb p\u00ebr komunat Preshev\u00eb, Bujanoc dhe Medvegj\u00eb, ka shpallur konkurs p\u00ebr punime letrare dhe piktur\u00eb me tem\u00ebn ,,Bujanoci n\u00eb syt\u00eb e mi\u2019\u2019.<\/p>\n<p>Q\u00ebllimi i k\u00ebtij konkursi \u00ebsht\u00eb q\u00eb t\u00eb rinj\u00ebt t\u00eb nxiten q\u00eb sa m\u00eb aktivisht\u00eb t\u00eb jen\u00eb pjes\u00ebmarr\u00ebs n\u00eb promovimin e komun\u00ebs s\u00eb tyre.<\/p>\n<p>Temat e k\u00ebtyre punimeve letrare dhe piktur\u00eb jan\u00eb:<br \/>\n\u2013\u00a0 \u00a0Vendi i preferuar n\u00eb Bujanoc<br \/>\n\u2013\u00a0 \u00a0Vendi\/ngjarjet n\u00eb Bujanoc t\u00eb cilat i p\u00ebrcjell<br \/>\n\u2013\u00a0 \u00a0Multikulturalizmi n\u00eb Bujanoc<br \/>\n\u2013\u00a0 \u00a0P\u00ebrpar\u00ebsit\u00eb dhe mang\u00ebsit\u00eb e Bujanocit<\/p>\n<p>Kushtet e konkursit jan\u00eb:<br \/>\n\u2013\u00a0 \u00a0N\u00eb konkurs mund\u00eb t\u00eb lajm\u00ebrohen t\u00eb gjith\u00eb personat q\u00eb jan\u00eb t\u00eb lindur n\u00eb Bujanoc, t\u00eb mosh\u00ebs deri 30 vje\u00e7are<br \/>\n\u2013\u00a0 \u00a0\u00cbsht\u00eb e domosdoshme q\u00eb autor\u00ebt e realizimeve letrare t\u2019i n\u00ebnshkruajn\u00eb punimet e tyre nd\u00ebrsa p\u00ebr pikturat e realizuara duhet p\u00ebrshkrim i shkurt\u00ebr i atij punimi,<br \/>\n\u2013\u00a0 \u00a0Punimet patjet\u00ebr duhet t\u00eb jen\u00eb autentike dhe realizime t\u00eb pavarura t\u00eb autor\u00ebve, <br \/>\n\u2013\u00a0 \u00a0Punimet duhet t\u00eb dor\u00ebzohen vet\u00ebm se n\u00eb gjuh\u00ebn amtare (serbisht, shqip dhe n\u00eb gjuh\u00ebn rome)<\/p>\n<p>T\u00eb gjith\u00eb t\u00eb interesuarit punimet e tyre mund\u00eb t\u2019i d\u00ebrgojn\u00eb me post\u00eb ose t\u2019i dor\u00ebzojn\u00eb personalisht n\u00eb adres\u00ebn e Qendr\u00ebs p\u00ebr toleranc\u00eb dhe integrim t\u00eb jugut t\u00eb Serbis\u00eb: Rruga Sava Kova\u00e7eviq, p.nr., zyreja nr 3, Bujanoc (n\u00eb pliko duhet specifikohet ,,p\u00ebr konkurs\u2019\u2019).<\/p>\n<p>P\u00ebr informata m\u00eb t\u00eb holl\u00ebsishme p\u00ebrgjegj\u00ebsve t\u00eb projektit mund\u00eb t\u2019i drejtoheni p\u00ebrmes e-mail adres\u00eb:\u00a0<a href=\"mailto:cti-js@hotmail.com\"> cti-js@hotmail.com<\/a><br \/>\n<meta content=\"text\/html; charset=utf-8\" http-equiv=\"Content-Type\"><br \/>\n<meta content=\"Word.Document\" name=\"ProgId\"><br \/>\n<meta content=\"Microsoft Word 11\" name=\"Generator\"><br \/>\n<meta content=\"Microsoft Word 11\" name=\"Originator\">\n<link href=\"file:\/\/\/C:%5CDOCUME%7E1%5Coliver%5CLOCALS%7E1%5CTemp%5Cmsohtml1%5C01%5Cclip_filelist.xml\" rel=\"File-List\" \/><!--[if gte mso 9]><xml>\n \n  Normal\n  0\n  \n  \n  false\n  false\n  false\n  \n   \n   \n   \n   \n   \n  \n  MicrosoftInternetExplorer4\n \n<\/xml><![endif]--><!--[if gte mso 9]><![endif]--><\/p>\n<style type=\"text\/css\">\n<!--\n \/* Font Definitions *\/\n @font-face\n\t{\n\tpanose-1:2 15 5 2 2 2 4 3 2 4;}\n \/* Style Definitions *\/\n p.MsoNormal, li.MsoNormal, div.MsoNormal\n\t{mso-style-parent:\"\";\n\tmargin-top:0in;\n\tmargin-right:0in;\n\tmargin-bottom:10.0pt;\n\tmargin-left:0in;\n\tline-height:115%;\n\tfont-size:11.0pt;\n\tmso-bidi-\"Times New Roman\";}\na:link, span.MsoHyperlink\n\t{color:blue;\n\ttext-decoration:underline;\n\ttext-underline:single;}\na:visited, span.MsoHyperlinkFollowed\n\t{color:purple;\n\ttext-decoration:underline;\n\ttext-underline:single;}\n@page Section1\n\t{size:8.5in 11.0in;\n\tmargin:1.0in 1.25in 1.0in 1.25in;}\ndiv.Section1\n\t{page:Section1;}\n-->\n<\/style>\n<p><!--[if gte mso 10]>\n\n\n<style>\n \/* Style Definitions *\/\n table.MsoNormalTable\n\t{mso-style-name:\"Table Normal\";\n\tmso-style-parent:\"\";\n\tfont-size:10.0pt;\"Times New Roman\";}\n<\/style>\n\n\n<![endif]-->            <\/meta><br \/>\n<\/meta><br \/>\n<\/meta><br \/>\n<\/meta><\/p>\n","protected":false},"excerpt":{"rendered":"<p>Qendra p\u00ebr toleranc\u00eb dhe integrim t\u00eb jugut t\u00eb Serbis\u00eb, n\u00eb kuad\u00ebr t\u00eb  projektit ,,Un\u00eb e dua Bujanocin\u2019\u2019, i p\u00ebrkrahur\u00a0 nga Trupi koordinues i  Qeveris\u00eb s\u00eb Republik\u00ebs s\u00eb Serbis\u00eb p\u00ebr komunat Preshev\u00eb, Bujanoc dhe  Medvegj\u00eb, ka shpallur konkurs p\u00ebr punime letrare dhe piktur\u00eb me tem\u00ebn  ,,Bujanoci n\u00eb syt\u00eb e mi\u2019\u2019.<\/p>\n","protected":false},"author":1,"featured_media":0,"comment_status":"closed","ping_status":"closed","sticky":false,"template":"","format":"standard","meta":{"footnotes":""},"categories":[55],"tags":[],"class_list":["post-142661","post","type-post","status-publish","format-standard","hentry","category-lajme"],"yoast_head":"<!-- This site is optimized with the Yoast SEO plugin v27.4 - https:\/\/yoast.com\/product\/yoast-seo-wordpress\/ -->\n<title>KONKURS P\u00cbR PUNIME LETRARE DHE PIKTUR\u00cb ME TEM\u00cbN ,,BUJANOCI N\u00cb SYT\u00cb E MI\u2019\u2019 - Republika e S\u00ebrbis\u00eb Trupi Koordinues p\u00ebr komunat Bujanoc, Preshev\u00eb dhe Medvegj\u00eb<\/title>\n<meta name=\"robots\" content=\"index, follow, max-snippet:-1, max-image-preview:large, max-video-preview:-1\" \/>\n<link rel=\"canonical\" href=\"https:\/\/kt.gov.rs\/sq\/konkurs-per-punime-letrare-dhe-pikture-me-temen-bujanoci-ne-syte-e-mi\/\" \/>\n<meta property=\"og:locale\" content=\"sq_AL\" \/>\n<meta property=\"og:type\" content=\"article\" \/>\n<meta property=\"og:title\" content=\"KONKURS P\u00cbR PUNIME LETRARE DHE PIKTUR\u00cb ME TEM\u00cbN ,,BUJANOCI N\u00cb SYT\u00cb E MI\u2019\u2019 - Republika e S\u00ebrbis\u00eb Trupi Koordinues p\u00ebr komunat Bujanoc, Preshev\u00eb dhe Medvegj\u00eb\" \/>\n<meta property=\"og:description\" content=\"Qendra p\u00ebr toleranc\u00eb dhe integrim t\u00eb jugut t\u00eb Serbis\u00eb, n\u00eb kuad\u00ebr t\u00eb projektit ,,Un\u00eb e dua Bujanocin\u2019\u2019, i p\u00ebrkrahur\u00a0 nga Trupi koordinues i Qeveris\u00eb s\u00eb Republik\u00ebs s\u00eb Serbis\u00eb p\u00ebr komunat Preshev\u00eb, Bujanoc dhe Medvegj\u00eb, ka shpallur konkurs p\u00ebr punime letrare dhe piktur\u00eb me tem\u00ebn ,,Bujanoci n\u00eb syt\u00eb e mi\u2019\u2019.\" \/>\n<meta property=\"og:url\" content=\"https:\/\/kt.gov.rs\/sq\/konkurs-per-punime-letrare-dhe-pikture-me-temen-bujanoci-ne-syte-e-mi\/\" \/>\n<meta property=\"og:site_name\" content=\"Republika e S\u00ebrbis\u00eb Trupi Koordinues p\u00ebr komunat Bujanoc, Preshev\u00eb dhe Medvegj\u00eb\" \/>\n<meta property=\"article:publisher\" content=\"https:\/\/www.facebook.com\/SluzbaKoordinacionogTelaVladeRepublikeSrbije\" \/>\n<meta property=\"article:published_time\" content=\"2010-08-04T00:00:00+00:00\" \/>\n<meta name=\"author\" content=\"ktmin\" \/>\n<meta name=\"twitter:card\" content=\"summary_large_image\" \/>\n<meta name=\"twitter:creator\" content=\"@kt_gov\" \/>\n<meta name=\"twitter:site\" content=\"@kt_gov\" \/>\n<meta name=\"twitter:label1\" content=\"Written by\" \/>\n\t<meta name=\"twitter:data1\" content=\"ktmin\" \/>\n\t<meta name=\"twitter:label2\" content=\"Est. reading time\" \/>\n\t<meta name=\"twitter:data2\" content=\"2 minutes\" \/>\n<script type=\"application\/ld+json\" class=\"yoast-schema-graph\">{\"@context\":\"https:\\\/\\\/schema.org\",\"@graph\":[{\"@type\":\"Article\",\"@id\":\"https:\\\/\\\/kt.gov.rs\\\/sq\\\/konkurs-per-punime-letrare-dhe-pikture-me-temen-bujanoci-ne-syte-e-mi\\\/#article\",\"isPartOf\":{\"@id\":\"https:\\\/\\\/kt.gov.rs\\\/sq\\\/konkurs-per-punime-letrare-dhe-pikture-me-temen-bujanoci-ne-syte-e-mi\\\/\"},\"author\":{\"name\":\"ktmin\",\"@id\":\"https:\\\/\\\/kt.gov.rs\\\/#\\\/schema\\\/person\\\/e426459ddb4173309103390602694571\"},\"headline\":\"KONKURS P\u00cbR PUNIME LETRARE DHE PIKTUR\u00cb ME TEM\u00cbN ,,BUJANOCI N\u00cb SYT\u00cb E MI\u2019\u2019\",\"datePublished\":\"2010-08-04T00:00:00+00:00\",\"mainEntityOfPage\":{\"@id\":\"https:\\\/\\\/kt.gov.rs\\\/sq\\\/konkurs-per-punime-letrare-dhe-pikture-me-temen-bujanoci-ne-syte-e-mi\\\/\"},\"wordCount\":334,\"publisher\":{\"@id\":\"https:\\\/\\\/kt.gov.rs\\\/#organization\"},\"articleSection\":[\"Lajme\"],\"inLanguage\":\"sq-AL\"},{\"@type\":\"WebPage\",\"@id\":\"https:\\\/\\\/kt.gov.rs\\\/sq\\\/konkurs-per-punime-letrare-dhe-pikture-me-temen-bujanoci-ne-syte-e-mi\\\/\",\"url\":\"https:\\\/\\\/kt.gov.rs\\\/sq\\\/konkurs-per-punime-letrare-dhe-pikture-me-temen-bujanoci-ne-syte-e-mi\\\/\",\"name\":\"KONKURS P\u00cbR PUNIME LETRARE DHE PIKTUR\u00cb ME TEM\u00cbN ,,BUJANOCI N\u00cb SYT\u00cb E MI\u2019\u2019 - Republika e S\u00ebrbis\u00eb Trupi Koordinues p\u00ebr komunat Bujanoc, Preshev\u00eb dhe Medvegj\u00eb\",\"isPartOf\":{\"@id\":\"https:\\\/\\\/kt.gov.rs\\\/#website\"},\"datePublished\":\"2010-08-04T00:00:00+00:00\",\"breadcrumb\":{\"@id\":\"https:\\\/\\\/kt.gov.rs\\\/sq\\\/konkurs-per-punime-letrare-dhe-pikture-me-temen-bujanoci-ne-syte-e-mi\\\/#breadcrumb\"},\"inLanguage\":\"sq-AL\",\"potentialAction\":[{\"@type\":\"ReadAction\",\"target\":[\"https:\\\/\\\/kt.gov.rs\\\/sq\\\/konkurs-per-punime-letrare-dhe-pikture-me-temen-bujanoci-ne-syte-e-mi\\\/\"]}]},{\"@type\":\"BreadcrumbList\",\"@id\":\"https:\\\/\\\/kt.gov.rs\\\/sq\\\/konkurs-per-punime-letrare-dhe-pikture-me-temen-bujanoci-ne-syte-e-mi\\\/#breadcrumb\",\"itemListElement\":[{\"@type\":\"ListItem\",\"position\":1,\"name\":\"\u041f\u043e\u0447\u0435\u0442\u043d\u0430\",\"item\":\"https:\\\/\\\/kt.gov.rs\\\/sq\\\/\"},{\"@type\":\"ListItem\",\"position\":2,\"name\":\"KONKURS P\u00cbR PUNIME LETRARE DHE PIKTUR\u00cb ME TEM\u00cbN ,,BUJANOCI N\u00cb SYT\u00cb E MI\u2019\u2019\"}]},{\"@type\":\"WebSite\",\"@id\":\"https:\\\/\\\/kt.gov.rs\\\/#website\",\"url\":\"https:\\\/\\\/kt.gov.rs\\\/\",\"name\":\"\u041a\u043e\u043e\u0440\u0434\u0438\u043d\u0430\u0446\u0438\u043e\u043d\u043e \u0442\u0435\u043b\u043e \u0412\u043b\u0430\u0434\u0435 \u0420\u0435\u043f\u0443\u0431\u043b\u0438\u043a\u0435 \u0421\u0440\u0431\u0438\u0458\u0435 \u0437\u0430 \u043e\u043f\u0448\u0442\u0438\u043d\u0435 \u041f\u0440\u0435\u0448\u0435\u0432\u043e, \u0411\u0443\u0458\u0430\u043d\u043e\u0432\u0430\u0446 \u0438 \u041c\u0435\u0434\u0432\u0435\u0452a\",\"description\":\"\",\"publisher\":{\"@id\":\"https:\\\/\\\/kt.gov.rs\\\/#organization\"},\"alternateName\":\"\u041a\u043e\u043e\u0440\u0434\u0438\u043d\u0430\u0446\u0438\u043e\u043d\u043e \u0442\u0435\u043b\u043e\",\"potentialAction\":[{\"@type\":\"SearchAction\",\"target\":{\"@type\":\"EntryPoint\",\"urlTemplate\":\"https:\\\/\\\/kt.gov.rs\\\/?s={search_term_string}\"},\"query-input\":{\"@type\":\"PropertyValueSpecification\",\"valueRequired\":true,\"valueName\":\"search_term_string\"}}],\"inLanguage\":\"sq-AL\"},{\"@type\":\"Organization\",\"@id\":\"https:\\\/\\\/kt.gov.rs\\\/#organization\",\"name\":\"\u041a\u043e\u043e\u0440\u0434\u0438\u043d\u0430\u0446\u0438\u043e\u043d\u043e \u0442\u0435\u043b\u043e \u0412\u043b\u0430\u0434\u0435 \u0420\u0435\u043f\u0443\u0431\u043b\u0438\u043a\u0435 \u0421\u0440\u0431\u0438\u0458\u0435 \u0437\u0430 \u043e\u043f\u0448\u0442\u0438\u043d\u0435 \u041f\u0440\u0435\u0448\u0435\u0432\u043e, \u0411\u0443\u0458\u0430\u043d\u043e\u0432\u0430\u0446 \u0438 \u041c\u0435\u0434\u0432\u0435\u0452a\",\"alternateName\":\"\u041a\u043e\u043e\u0440\u0434\u0438\u043d\u0430\u0446\u0438\u043e\u043d\u043e \u0442\u0435\u043b\u043e\",\"url\":\"https:\\\/\\\/kt.gov.rs\\\/\",\"logo\":{\"@type\":\"ImageObject\",\"inLanguage\":\"sq-AL\",\"@id\":\"https:\\\/\\\/kt.gov.rs\\\/#\\\/schema\\\/logo\\\/image\\\/\",\"url\":\"https:\\\/\\\/kt.gov.rs\\\/wp-content\\\/uploads\\\/2024\\\/12\\\/koord2.jpg\",\"contentUrl\":\"https:\\\/\\\/kt.gov.rs\\\/wp-content\\\/uploads\\\/2024\\\/12\\\/koord2.jpg\",\"width\":640,\"height\":480,\"caption\":\"\u041a\u043e\u043e\u0440\u0434\u0438\u043d\u0430\u0446\u0438\u043e\u043d\u043e \u0442\u0435\u043b\u043e \u0412\u043b\u0430\u0434\u0435 \u0420\u0435\u043f\u0443\u0431\u043b\u0438\u043a\u0435 \u0421\u0440\u0431\u0438\u0458\u0435 \u0437\u0430 \u043e\u043f\u0448\u0442\u0438\u043d\u0435 \u041f\u0440\u0435\u0448\u0435\u0432\u043e, \u0411\u0443\u0458\u0430\u043d\u043e\u0432\u0430\u0446 \u0438 \u041c\u0435\u0434\u0432\u0435\u0452a\"},\"image\":{\"@id\":\"https:\\\/\\\/kt.gov.rs\\\/#\\\/schema\\\/logo\\\/image\\\/\"},\"sameAs\":[\"https:\\\/\\\/www.facebook.com\\\/SluzbaKoordinacionogTelaVladeRepublikeSrbije\",\"https:\\\/\\\/x.com\\\/kt_gov\",\"https:\\\/\\\/www.youtube.com\\\/@koordinacionotelo\"]},{\"@type\":\"Person\",\"@id\":\"https:\\\/\\\/kt.gov.rs\\\/#\\\/schema\\\/person\\\/e426459ddb4173309103390602694571\",\"name\":\"ktmin\",\"image\":{\"@type\":\"ImageObject\",\"inLanguage\":\"sq-AL\",\"@id\":\"https:\\\/\\\/secure.gravatar.com\\\/avatar\\\/3985c961109853010c3fbc7ba30365bfba5db3dd6c525831d9c595c7525a615a?s=96&d=mm&r=g\",\"url\":\"https:\\\/\\\/secure.gravatar.com\\\/avatar\\\/3985c961109853010c3fbc7ba30365bfba5db3dd6c525831d9c595c7525a615a?s=96&d=mm&r=g\",\"contentUrl\":\"https:\\\/\\\/secure.gravatar.com\\\/avatar\\\/3985c961109853010c3fbc7ba30365bfba5db3dd6c525831d9c595c7525a615a?s=96&d=mm&r=g\",\"caption\":\"ktmin\"},\"sameAs\":[\"https:\\\/\\\/kt.gov.rs\"],\"url\":\"https:\\\/\\\/kt.gov.rs\\\/sq\\\/author\\\/ktmin\\\/\"}]}<\/script>\n<!-- \/ Yoast SEO plugin. -->","yoast_head_json":{"title":"KONKURS P\u00cbR PUNIME LETRARE DHE PIKTUR\u00cb ME TEM\u00cbN ,,BUJANOCI N\u00cb SYT\u00cb E MI\u2019\u2019 - Republika e S\u00ebrbis\u00eb Trupi Koordinues p\u00ebr komunat Bujanoc, Preshev\u00eb dhe Medvegj\u00eb","robots":{"index":"index","follow":"follow","max-snippet":"max-snippet:-1","max-image-preview":"max-image-preview:large","max-video-preview":"max-video-preview:-1"},"canonical":"https:\/\/kt.gov.rs\/sq\/konkurs-per-punime-letrare-dhe-pikture-me-temen-bujanoci-ne-syte-e-mi\/","og_locale":"sq_AL","og_type":"article","og_title":"KONKURS P\u00cbR PUNIME LETRARE DHE PIKTUR\u00cb ME TEM\u00cbN ,,BUJANOCI N\u00cb SYT\u00cb E MI\u2019\u2019 - Republika e S\u00ebrbis\u00eb Trupi Koordinues p\u00ebr komunat Bujanoc, Preshev\u00eb dhe Medvegj\u00eb","og_description":"Qendra p\u00ebr toleranc\u00eb dhe integrim t\u00eb jugut t\u00eb Serbis\u00eb, n\u00eb kuad\u00ebr t\u00eb projektit ,,Un\u00eb e dua Bujanocin\u2019\u2019, i p\u00ebrkrahur\u00a0 nga Trupi koordinues i Qeveris\u00eb s\u00eb Republik\u00ebs s\u00eb Serbis\u00eb p\u00ebr komunat Preshev\u00eb, Bujanoc dhe Medvegj\u00eb, ka shpallur konkurs p\u00ebr punime letrare dhe piktur\u00eb me tem\u00ebn ,,Bujanoci n\u00eb syt\u00eb e mi\u2019\u2019.","og_url":"https:\/\/kt.gov.rs\/sq\/konkurs-per-punime-letrare-dhe-pikture-me-temen-bujanoci-ne-syte-e-mi\/","og_site_name":"Republika e S\u00ebrbis\u00eb Trupi Koordinues p\u00ebr komunat Bujanoc, Preshev\u00eb dhe Medvegj\u00eb","article_publisher":"https:\/\/www.facebook.com\/SluzbaKoordinacionogTelaVladeRepublikeSrbije","article_published_time":"2010-08-04T00:00:00+00:00","author":"ktmin","twitter_card":"summary_large_image","twitter_creator":"@kt_gov","twitter_site":"@kt_gov","twitter_misc":{"Written by":"ktmin","Est. reading time":"2 minutes"},"schema":{"@context":"https:\/\/schema.org","@graph":[{"@type":"Article","@id":"https:\/\/kt.gov.rs\/sq\/konkurs-per-punime-letrare-dhe-pikture-me-temen-bujanoci-ne-syte-e-mi\/#article","isPartOf":{"@id":"https:\/\/kt.gov.rs\/sq\/konkurs-per-punime-letrare-dhe-pikture-me-temen-bujanoci-ne-syte-e-mi\/"},"author":{"name":"ktmin","@id":"https:\/\/kt.gov.rs\/#\/schema\/person\/e426459ddb4173309103390602694571"},"headline":"KONKURS P\u00cbR PUNIME LETRARE DHE PIKTUR\u00cb ME TEM\u00cbN ,,BUJANOCI N\u00cb SYT\u00cb E MI\u2019\u2019","datePublished":"2010-08-04T00:00:00+00:00","mainEntityOfPage":{"@id":"https:\/\/kt.gov.rs\/sq\/konkurs-per-punime-letrare-dhe-pikture-me-temen-bujanoci-ne-syte-e-mi\/"},"wordCount":334,"publisher":{"@id":"https:\/\/kt.gov.rs\/#organization"},"articleSection":["Lajme"],"inLanguage":"sq-AL"},{"@type":"WebPage","@id":"https:\/\/kt.gov.rs\/sq\/konkurs-per-punime-letrare-dhe-pikture-me-temen-bujanoci-ne-syte-e-mi\/","url":"https:\/\/kt.gov.rs\/sq\/konkurs-per-punime-letrare-dhe-pikture-me-temen-bujanoci-ne-syte-e-mi\/","name":"KONKURS P\u00cbR PUNIME LETRARE DHE PIKTUR\u00cb ME TEM\u00cbN ,,BUJANOCI N\u00cb SYT\u00cb E MI\u2019\u2019 - Republika e S\u00ebrbis\u00eb Trupi Koordinues p\u00ebr komunat Bujanoc, Preshev\u00eb dhe Medvegj\u00eb","isPartOf":{"@id":"https:\/\/kt.gov.rs\/#website"},"datePublished":"2010-08-04T00:00:00+00:00","breadcrumb":{"@id":"https:\/\/kt.gov.rs\/sq\/konkurs-per-punime-letrare-dhe-pikture-me-temen-bujanoci-ne-syte-e-mi\/#breadcrumb"},"inLanguage":"sq-AL","potentialAction":[{"@type":"ReadAction","target":["https:\/\/kt.gov.rs\/sq\/konkurs-per-punime-letrare-dhe-pikture-me-temen-bujanoci-ne-syte-e-mi\/"]}]},{"@type":"BreadcrumbList","@id":"https:\/\/kt.gov.rs\/sq\/konkurs-per-punime-letrare-dhe-pikture-me-temen-bujanoci-ne-syte-e-mi\/#breadcrumb","itemListElement":[{"@type":"ListItem","position":1,"name":"\u041f\u043e\u0447\u0435\u0442\u043d\u0430","item":"https:\/\/kt.gov.rs\/sq\/"},{"@type":"ListItem","position":2,"name":"KONKURS P\u00cbR PUNIME LETRARE DHE PIKTUR\u00cb ME TEM\u00cbN ,,BUJANOCI N\u00cb SYT\u00cb E MI\u2019\u2019"}]},{"@type":"WebSite","@id":"https:\/\/kt.gov.rs\/#website","url":"https:\/\/kt.gov.rs\/","name":"\u041a\u043e\u043e\u0440\u0434\u0438\u043d\u0430\u0446\u0438\u043e\u043d\u043e \u0442\u0435\u043b\u043e \u0412\u043b\u0430\u0434\u0435 \u0420\u0435\u043f\u0443\u0431\u043b\u0438\u043a\u0435 \u0421\u0440\u0431\u0438\u0458\u0435 \u0437\u0430 \u043e\u043f\u0448\u0442\u0438\u043d\u0435 \u041f\u0440\u0435\u0448\u0435\u0432\u043e, \u0411\u0443\u0458\u0430\u043d\u043e\u0432\u0430\u0446 \u0438 \u041c\u0435\u0434\u0432\u0435\u0452a","description":"","publisher":{"@id":"https:\/\/kt.gov.rs\/#organization"},"alternateName":"\u041a\u043e\u043e\u0440\u0434\u0438\u043d\u0430\u0446\u0438\u043e\u043d\u043e \u0442\u0435\u043b\u043e","potentialAction":[{"@type":"SearchAction","target":{"@type":"EntryPoint","urlTemplate":"https:\/\/kt.gov.rs\/?s={search_term_string}"},"query-input":{"@type":"PropertyValueSpecification","valueRequired":true,"valueName":"search_term_string"}}],"inLanguage":"sq-AL"},{"@type":"Organization","@id":"https:\/\/kt.gov.rs\/#organization","name":"\u041a\u043e\u043e\u0440\u0434\u0438\u043d\u0430\u0446\u0438\u043e\u043d\u043e \u0442\u0435\u043b\u043e \u0412\u043b\u0430\u0434\u0435 \u0420\u0435\u043f\u0443\u0431\u043b\u0438\u043a\u0435 \u0421\u0440\u0431\u0438\u0458\u0435 \u0437\u0430 \u043e\u043f\u0448\u0442\u0438\u043d\u0435 \u041f\u0440\u0435\u0448\u0435\u0432\u043e, \u0411\u0443\u0458\u0430\u043d\u043e\u0432\u0430\u0446 \u0438 \u041c\u0435\u0434\u0432\u0435\u0452a","alternateName":"\u041a\u043e\u043e\u0440\u0434\u0438\u043d\u0430\u0446\u0438\u043e\u043d\u043e \u0442\u0435\u043b\u043e","url":"https:\/\/kt.gov.rs\/","logo":{"@type":"ImageObject","inLanguage":"sq-AL","@id":"https:\/\/kt.gov.rs\/#\/schema\/logo\/image\/","url":"https:\/\/kt.gov.rs\/wp-content\/uploads\/2024\/12\/koord2.jpg","contentUrl":"https:\/\/kt.gov.rs\/wp-content\/uploads\/2024\/12\/koord2.jpg","width":640,"height":480,"caption":"\u041a\u043e\u043e\u0440\u0434\u0438\u043d\u0430\u0446\u0438\u043e\u043d\u043e \u0442\u0435\u043b\u043e \u0412\u043b\u0430\u0434\u0435 \u0420\u0435\u043f\u0443\u0431\u043b\u0438\u043a\u0435 \u0421\u0440\u0431\u0438\u0458\u0435 \u0437\u0430 \u043e\u043f\u0448\u0442\u0438\u043d\u0435 \u041f\u0440\u0435\u0448\u0435\u0432\u043e, \u0411\u0443\u0458\u0430\u043d\u043e\u0432\u0430\u0446 \u0438 \u041c\u0435\u0434\u0432\u0435\u0452a"},"image":{"@id":"https:\/\/kt.gov.rs\/#\/schema\/logo\/image\/"},"sameAs":["https:\/\/www.facebook.com\/SluzbaKoordinacionogTelaVladeRepublikeSrbije","https:\/\/x.com\/kt_gov","https:\/\/www.youtube.com\/@koordinacionotelo"]},{"@type":"Person","@id":"https:\/\/kt.gov.rs\/#\/schema\/person\/e426459ddb4173309103390602694571","name":"ktmin","image":{"@type":"ImageObject","inLanguage":"sq-AL","@id":"https:\/\/secure.gravatar.com\/avatar\/3985c961109853010c3fbc7ba30365bfba5db3dd6c525831d9c595c7525a615a?s=96&d=mm&r=g","url":"https:\/\/secure.gravatar.com\/avatar\/3985c961109853010c3fbc7ba30365bfba5db3dd6c525831d9c595c7525a615a?s=96&d=mm&r=g","contentUrl":"https:\/\/secure.gravatar.com\/avatar\/3985c961109853010c3fbc7ba30365bfba5db3dd6c525831d9c595c7525a615a?s=96&d=mm&r=g","caption":"ktmin"},"sameAs":["https:\/\/kt.gov.rs"],"url":"https:\/\/kt.gov.rs\/sq\/author\/ktmin\/"}]}},"_links":{"self":[{"href":"https:\/\/kt.gov.rs\/sq\/wp-json\/wp\/v2\/posts\/142661","targetHints":{"allow":["GET"]}}],"collection":[{"href":"https:\/\/kt.gov.rs\/sq\/wp-json\/wp\/v2\/posts"}],"about":[{"href":"https:\/\/kt.gov.rs\/sq\/wp-json\/wp\/v2\/types\/post"}],"author":[{"embeddable":true,"href":"https:\/\/kt.gov.rs\/sq\/wp-json\/wp\/v2\/users\/1"}],"replies":[{"embeddable":true,"href":"https:\/\/kt.gov.rs\/sq\/wp-json\/wp\/v2\/comments?post=142661"}],"version-history":[{"count":0,"href":"https:\/\/kt.gov.rs\/sq\/wp-json\/wp\/v2\/posts\/142661\/revisions"}],"wp:attachment":[{"href":"https:\/\/kt.gov.rs\/sq\/wp-json\/wp\/v2\/media?parent=142661"}],"wp:term":[{"taxonomy":"category","embeddable":true,"href":"https:\/\/kt.gov.rs\/sq\/wp-json\/wp\/v2\/categories?post=142661"},{"taxonomy":"post_tag","embeddable":true,"href":"https:\/\/kt.gov.rs\/sq\/wp-json\/wp\/v2\/tags?post=142661"}],"curies":[{"name":"wp","href":"https:\/\/api.w.org\/{rel}","templated":true}]}}