{"id":142660,"date":"2010-08-11T00:00:00","date_gmt":"2010-08-11T00:00:00","guid":{"rendered":"http:\/\/kt.printandscreen.rs\/11-gusht-2010\/"},"modified":"2010-08-11T00:00:00","modified_gmt":"2010-08-11T00:00:00","slug":"11-gusht-2010","status":"publish","type":"post","link":"https:\/\/kt.gov.rs\/sq\/11-gusht-2010\/","title":{"rendered":"11.gusht. 2010."},"content":{"rendered":"<p><strong>MLADGRAD 2010<\/strong><\/p>\n<p>Sot p\u00ebr her\u00eb t\u00eb par\u00eb n\u00eb m\u00ebnyr\u00eb solemne dor\u00ebzohet mir\u00ebnjohja MLADGRAD, e cila u dedikohet pushteteve lokale dhe mediave p\u00ebr kontributin ndaj rinis\u00eb n\u00eb pushtetet lokale.<\/p>\n<p>Mir\u00ebnjohjet i dor\u00ebzoi Iniciativa qytetare n\u00eb bashk\u00ebpunim me Ministrin\u00eb p\u00ebr rini dhe sport, dhe Ministrin\u00eb p\u00ebr pushtet lokal dhe vet\u00ebqeverisje lokale. Mir\u00ebnjohjet jan\u00eb dor\u00ebzuar n\u00eb suaza t\u00eb dit\u00ebs Nd\u00ebrkomb\u00ebtare t\u00eb rinis\u00eb si dhe fillimit t\u00eb vitit rinor\u00eb n\u00eb baz\u00eb t\u00eb kalendarit t\u00eb KB.<\/p>\n<p>N\u00eb suaza t\u00eb k\u00ebtij manifestimi, Mistris\u00eb p\u00ebr rini dhe sport dhe Ministris\u00eb s\u00eb pushtetit lokal dhe vet\u00ebqeverisjes lokale u jan\u00eb dor\u00ebzuar rekomandime p\u00ebr p\u00ebrmir\u00ebsimin n\u00eb suaza institucionale n\u00eb participimin e rinis\u00eb n\u00eb pushtetet lokale. Q\u00ebllimi i dor\u00ebzimit t\u00eb mir\u00ebnjohjeve MLADGRAD \u00ebsht\u00eb dor\u00ebzimi i mir\u00ebnjohjes pushteteve lokale t\u00eb cilat kan\u00eb b\u00ebr\u00eb p\u00ebrparim t\u00eb duksh\u00ebm n\u00eb sigurimin sistematik t\u00eb kujdesit ndaj rinis\u00eb n\u00eb suaza t\u00eb pushtetit lokal dhe inkurajimi i t\u00eb gjitha pushteteve lokale q\u00eb t\u00eb b\u00ebjn\u00eb p\u00ebrpjekje shtes\u00eb p\u00ebr avancimin e t\u00eb rinj\u00ebve.<\/p>\n<p>Mir\u00ebnjohje jan\u00eb dor\u00ebzuar n\u00eb tri kategori:<br \/>\n1. P\u00ebr kontributin e p\u00ebrgjithsh\u00ebm t\u00eb qeverive lokale n\u00eb p\u00ebrmir\u00ebsimin e pozit\u00ebs s\u00eb t\u00eb rinjve n\u00eb qeverit\u00eb lokale <br \/>\n2. P\u00ebr qeverit\u00eb lokale n\u00eb\u00a0 hap\u00ebsir\u00ebn e tyre caktuar p\u00ebr iniciativat rinore<br \/>\n3. P\u00ebr kontributin e mediave ndaj pozit\u00ebs s\u00eb rinis\u00eb n\u00eb pushtetet lokale<\/p>\n<p>P\u00ebr p\u00ebrmir\u00ebsimin e pozit\u00ebs s\u00eb rinis\u00eb, komun\u00ebs s\u00eb Bujanocit u \u00ebsht\u00eb dor\u00ebzuar mir\u00ebnjohja p\u00ebr kontributin e pushtetit lokal dhe mediave n\u00eb promovimin e pozit\u00ebs s\u00eb rinis\u00eb n\u00eb k\u00ebt\u00eb komun\u00eb.<\/p>\n<p>Jan\u00eb dor\u00ebzuar edhe fal\u00ebnderime t\u00eb posaqme p\u00ebr grupet rinore t\u00eb cilat me aktivitetet e tyre kan\u00eb dh\u00ebn\u00eb kontribut n\u00eb raportimin e mediave mbi rinin\u00eb. Mir\u00ebnjohje u \u00ebsht\u00eb dor\u00ebzuar edhe popshow-it tinejxher TI+UN\u00cb=NE nga Bujanoci dhe organizat\u00ebs kreative nga Beogradi.<\/p>\n<p>Manifestimi i k\u00ebsaj ngjarjeje \u00ebsht\u00eb organizuar n\u00eb pavijonin artistik Cvijeta Zuzoriq n\u00eb Kalemegdan n\u00eb pranin\u00eb e nj\u00eb numri t\u00eb shumt\u00eb kryetar\u00ebsh si dhe p\u00ebrfaq\u00ebsuesve t\u00eb pushteteve lokale nga t\u00eb gjitha an\u00ebt e Serbis\u00eb. N\u00eb manifestim mor\u00ebn pjes\u00eb edhe p\u00ebrfaq\u00ebsues t\u00eb OSBE-s\u00eb, UNICEF-it, Delegacionet e UE n\u00eb Serbi, USAID-it, ISC-s\u00eb si dhe ministri dhe organizata rinore. T\u00eb pranishmit n\u00eb k\u00ebt\u00eb manifestim i p\u00ebrsh\u00ebndeti Tanja Azanjac nga Iniciativa Qytetare, Snezhana Samarxhiq Markoviq, ministresh\u00eb p\u00ebr rini dhe sporrt, Dushko Radakoviq, sekretar shtet\u00ebror\u00eb pran\u00eb ministris\u00eb s\u00eb pushtetit lokal dhe vet\u00ebqeverisjes lokale dhe Milenko Dereta drejtor i Iniciativ\u00ebs Qytetare dhe kryetar\u00eb i juris\u00eb profesionale.<\/p>\n","protected":false},"excerpt":{"rendered":"<p>MLADGRAD 2010<\/p>\n<p>Sot p\u00ebr her\u00eb t\u00eb par\u00eb n\u00eb m\u00ebnyr\u00eb solemne dor\u00ebzohet mir\u00ebnjohja MLADGRAD, e  cila u dedikohet pushteteve lokale dhe mediave p\u00ebr kontributin ndaj  rinis\u00eb n\u00eb pushtetet lokale.<\/p>\n<p>Mir\u00ebnjohjet i dor\u00ebzoi Iniciativa qytetare n\u00eb bashk\u00ebpunim me Ministrin\u00eb  p\u00ebr rini dhe sport, dhe Ministrin\u00eb p\u00ebr pushtet lokal dhe vet\u00ebqeverisje  lokale. Mir\u00ebnjohjet jan\u00eb dor\u00ebzuar n\u00eb suaza t\u00eb dit\u00ebs Nd\u00ebrkomb\u00ebtare t\u00eb  rinis\u00eb si dhe fillimit t\u00eb vitit rinor\u00eb n\u00eb baz\u00eb t\u00eb kalendarit t\u00eb KB.<\/p>\n","protected":false},"author":1,"featured_media":0,"comment_status":"closed","ping_status":"closed","sticky":false,"template":"","format":"standard","meta":{"footnotes":""},"categories":[55],"tags":[],"class_list":["post-142660","post","type-post","status-publish","format-standard","hentry","category-lajme"],"yoast_head":"<!-- This site is optimized with the Yoast SEO plugin v27.4 - https:\/\/yoast.com\/product\/yoast-seo-wordpress\/ -->\n<title>11.gusht. 2010. - Republika e S\u00ebrbis\u00eb Trupi Koordinues p\u00ebr komunat Bujanoc, Preshev\u00eb dhe Medvegj\u00eb<\/title>\n<meta name=\"robots\" content=\"index, follow, max-snippet:-1, max-image-preview:large, max-video-preview:-1\" \/>\n<link rel=\"canonical\" href=\"https:\/\/kt.gov.rs\/sq\/11-gusht-2010\/\" \/>\n<meta property=\"og:locale\" content=\"sq_AL\" \/>\n<meta property=\"og:type\" content=\"article\" \/>\n<meta property=\"og:title\" content=\"11.gusht. 2010. - Republika e S\u00ebrbis\u00eb Trupi Koordinues p\u00ebr komunat Bujanoc, Preshev\u00eb dhe Medvegj\u00eb\" \/>\n<meta property=\"og:description\" content=\"MLADGRAD 2010 Sot p\u00ebr her\u00eb t\u00eb par\u00eb n\u00eb m\u00ebnyr\u00eb solemne dor\u00ebzohet mir\u00ebnjohja MLADGRAD, e cila u dedikohet pushteteve lokale dhe mediave p\u00ebr kontributin ndaj rinis\u00eb n\u00eb pushtetet lokale. Mir\u00ebnjohjet i dor\u00ebzoi Iniciativa qytetare n\u00eb bashk\u00ebpunim me Ministrin\u00eb p\u00ebr rini dhe sport, dhe Ministrin\u00eb p\u00ebr pushtet lokal dhe vet\u00ebqeverisje lokale. Mir\u00ebnjohjet jan\u00eb dor\u00ebzuar n\u00eb suaza t\u00eb dit\u00ebs Nd\u00ebrkomb\u00ebtare t\u00eb rinis\u00eb si dhe fillimit t\u00eb vitit rinor\u00eb n\u00eb baz\u00eb t\u00eb kalendarit t\u00eb KB.\" \/>\n<meta property=\"og:url\" content=\"https:\/\/kt.gov.rs\/sq\/11-gusht-2010\/\" \/>\n<meta property=\"og:site_name\" content=\"Republika e S\u00ebrbis\u00eb Trupi Koordinues p\u00ebr komunat Bujanoc, Preshev\u00eb dhe Medvegj\u00eb\" \/>\n<meta property=\"article:publisher\" content=\"https:\/\/www.facebook.com\/SluzbaKoordinacionogTelaVladeRepublikeSrbije\" \/>\n<meta property=\"article:published_time\" content=\"2010-08-11T00:00:00+00:00\" \/>\n<meta name=\"author\" content=\"ktmin\" \/>\n<meta name=\"twitter:card\" content=\"summary_large_image\" \/>\n<meta name=\"twitter:creator\" content=\"@kt_gov\" \/>\n<meta name=\"twitter:site\" content=\"@kt_gov\" \/>\n<meta name=\"twitter:label1\" content=\"Written by\" \/>\n\t<meta name=\"twitter:data1\" content=\"ktmin\" \/>\n\t<meta name=\"twitter:label2\" content=\"Est. reading time\" \/>\n\t<meta name=\"twitter:data2\" content=\"2 minutes\" \/>\n<script type=\"application\/ld+json\" class=\"yoast-schema-graph\">{\"@context\":\"https:\\\/\\\/schema.org\",\"@graph\":[{\"@type\":\"Article\",\"@id\":\"https:\\\/\\\/kt.gov.rs\\\/sq\\\/11-gusht-2010\\\/#article\",\"isPartOf\":{\"@id\":\"https:\\\/\\\/kt.gov.rs\\\/sq\\\/11-gusht-2010\\\/\"},\"author\":{\"name\":\"ktmin\",\"@id\":\"https:\\\/\\\/kt.gov.rs\\\/#\\\/schema\\\/person\\\/e426459ddb4173309103390602694571\"},\"headline\":\"11.gusht. 2010.\",\"datePublished\":\"2010-08-11T00:00:00+00:00\",\"mainEntityOfPage\":{\"@id\":\"https:\\\/\\\/kt.gov.rs\\\/sq\\\/11-gusht-2010\\\/\"},\"wordCount\":449,\"publisher\":{\"@id\":\"https:\\\/\\\/kt.gov.rs\\\/#organization\"},\"articleSection\":[\"Lajme\"],\"inLanguage\":\"sq-AL\"},{\"@type\":\"WebPage\",\"@id\":\"https:\\\/\\\/kt.gov.rs\\\/sq\\\/11-gusht-2010\\\/\",\"url\":\"https:\\\/\\\/kt.gov.rs\\\/sq\\\/11-gusht-2010\\\/\",\"name\":\"11.gusht. 2010. - Republika e S\u00ebrbis\u00eb Trupi Koordinues p\u00ebr komunat Bujanoc, Preshev\u00eb dhe Medvegj\u00eb\",\"isPartOf\":{\"@id\":\"https:\\\/\\\/kt.gov.rs\\\/#website\"},\"datePublished\":\"2010-08-11T00:00:00+00:00\",\"breadcrumb\":{\"@id\":\"https:\\\/\\\/kt.gov.rs\\\/sq\\\/11-gusht-2010\\\/#breadcrumb\"},\"inLanguage\":\"sq-AL\",\"potentialAction\":[{\"@type\":\"ReadAction\",\"target\":[\"https:\\\/\\\/kt.gov.rs\\\/sq\\\/11-gusht-2010\\\/\"]}]},{\"@type\":\"BreadcrumbList\",\"@id\":\"https:\\\/\\\/kt.gov.rs\\\/sq\\\/11-gusht-2010\\\/#breadcrumb\",\"itemListElement\":[{\"@type\":\"ListItem\",\"position\":1,\"name\":\"\u041f\u043e\u0447\u0435\u0442\u043d\u0430\",\"item\":\"https:\\\/\\\/kt.gov.rs\\\/sq\\\/\"},{\"@type\":\"ListItem\",\"position\":2,\"name\":\"11.gusht. 2010.\"}]},{\"@type\":\"WebSite\",\"@id\":\"https:\\\/\\\/kt.gov.rs\\\/#website\",\"url\":\"https:\\\/\\\/kt.gov.rs\\\/\",\"name\":\"\u041a\u043e\u043e\u0440\u0434\u0438\u043d\u0430\u0446\u0438\u043e\u043d\u043e \u0442\u0435\u043b\u043e \u0412\u043b\u0430\u0434\u0435 \u0420\u0435\u043f\u0443\u0431\u043b\u0438\u043a\u0435 \u0421\u0440\u0431\u0438\u0458\u0435 \u0437\u0430 \u043e\u043f\u0448\u0442\u0438\u043d\u0435 \u041f\u0440\u0435\u0448\u0435\u0432\u043e, \u0411\u0443\u0458\u0430\u043d\u043e\u0432\u0430\u0446 \u0438 \u041c\u0435\u0434\u0432\u0435\u0452a\",\"description\":\"\",\"publisher\":{\"@id\":\"https:\\\/\\\/kt.gov.rs\\\/#organization\"},\"alternateName\":\"\u041a\u043e\u043e\u0440\u0434\u0438\u043d\u0430\u0446\u0438\u043e\u043d\u043e \u0442\u0435\u043b\u043e\",\"potentialAction\":[{\"@type\":\"SearchAction\",\"target\":{\"@type\":\"EntryPoint\",\"urlTemplate\":\"https:\\\/\\\/kt.gov.rs\\\/?s={search_term_string}\"},\"query-input\":{\"@type\":\"PropertyValueSpecification\",\"valueRequired\":true,\"valueName\":\"search_term_string\"}}],\"inLanguage\":\"sq-AL\"},{\"@type\":\"Organization\",\"@id\":\"https:\\\/\\\/kt.gov.rs\\\/#organization\",\"name\":\"\u041a\u043e\u043e\u0440\u0434\u0438\u043d\u0430\u0446\u0438\u043e\u043d\u043e \u0442\u0435\u043b\u043e \u0412\u043b\u0430\u0434\u0435 \u0420\u0435\u043f\u0443\u0431\u043b\u0438\u043a\u0435 \u0421\u0440\u0431\u0438\u0458\u0435 \u0437\u0430 \u043e\u043f\u0448\u0442\u0438\u043d\u0435 \u041f\u0440\u0435\u0448\u0435\u0432\u043e, \u0411\u0443\u0458\u0430\u043d\u043e\u0432\u0430\u0446 \u0438 \u041c\u0435\u0434\u0432\u0435\u0452a\",\"alternateName\":\"\u041a\u043e\u043e\u0440\u0434\u0438\u043d\u0430\u0446\u0438\u043e\u043d\u043e \u0442\u0435\u043b\u043e\",\"url\":\"https:\\\/\\\/kt.gov.rs\\\/\",\"logo\":{\"@type\":\"ImageObject\",\"inLanguage\":\"sq-AL\",\"@id\":\"https:\\\/\\\/kt.gov.rs\\\/#\\\/schema\\\/logo\\\/image\\\/\",\"url\":\"https:\\\/\\\/kt.gov.rs\\\/wp-content\\\/uploads\\\/2024\\\/12\\\/koord2.jpg\",\"contentUrl\":\"https:\\\/\\\/kt.gov.rs\\\/wp-content\\\/uploads\\\/2024\\\/12\\\/koord2.jpg\",\"width\":640,\"height\":480,\"caption\":\"\u041a\u043e\u043e\u0440\u0434\u0438\u043d\u0430\u0446\u0438\u043e\u043d\u043e \u0442\u0435\u043b\u043e \u0412\u043b\u0430\u0434\u0435 \u0420\u0435\u043f\u0443\u0431\u043b\u0438\u043a\u0435 \u0421\u0440\u0431\u0438\u0458\u0435 \u0437\u0430 \u043e\u043f\u0448\u0442\u0438\u043d\u0435 \u041f\u0440\u0435\u0448\u0435\u0432\u043e, \u0411\u0443\u0458\u0430\u043d\u043e\u0432\u0430\u0446 \u0438 \u041c\u0435\u0434\u0432\u0435\u0452a\"},\"image\":{\"@id\":\"https:\\\/\\\/kt.gov.rs\\\/#\\\/schema\\\/logo\\\/image\\\/\"},\"sameAs\":[\"https:\\\/\\\/www.facebook.com\\\/SluzbaKoordinacionogTelaVladeRepublikeSrbije\",\"https:\\\/\\\/x.com\\\/kt_gov\",\"https:\\\/\\\/www.youtube.com\\\/@koordinacionotelo\"]},{\"@type\":\"Person\",\"@id\":\"https:\\\/\\\/kt.gov.rs\\\/#\\\/schema\\\/person\\\/e426459ddb4173309103390602694571\",\"name\":\"ktmin\",\"image\":{\"@type\":\"ImageObject\",\"inLanguage\":\"sq-AL\",\"@id\":\"https:\\\/\\\/secure.gravatar.com\\\/avatar\\\/3985c961109853010c3fbc7ba30365bfba5db3dd6c525831d9c595c7525a615a?s=96&d=mm&r=g\",\"url\":\"https:\\\/\\\/secure.gravatar.com\\\/avatar\\\/3985c961109853010c3fbc7ba30365bfba5db3dd6c525831d9c595c7525a615a?s=96&d=mm&r=g\",\"contentUrl\":\"https:\\\/\\\/secure.gravatar.com\\\/avatar\\\/3985c961109853010c3fbc7ba30365bfba5db3dd6c525831d9c595c7525a615a?s=96&d=mm&r=g\",\"caption\":\"ktmin\"},\"sameAs\":[\"https:\\\/\\\/kt.gov.rs\"],\"url\":\"https:\\\/\\\/kt.gov.rs\\\/sq\\\/author\\\/ktmin\\\/\"}]}<\/script>\n<!-- \/ Yoast SEO plugin. -->","yoast_head_json":{"title":"11.gusht. 2010. - Republika e S\u00ebrbis\u00eb Trupi Koordinues p\u00ebr komunat Bujanoc, Preshev\u00eb dhe Medvegj\u00eb","robots":{"index":"index","follow":"follow","max-snippet":"max-snippet:-1","max-image-preview":"max-image-preview:large","max-video-preview":"max-video-preview:-1"},"canonical":"https:\/\/kt.gov.rs\/sq\/11-gusht-2010\/","og_locale":"sq_AL","og_type":"article","og_title":"11.gusht. 2010. - Republika e S\u00ebrbis\u00eb Trupi Koordinues p\u00ebr komunat Bujanoc, Preshev\u00eb dhe Medvegj\u00eb","og_description":"MLADGRAD 2010 Sot p\u00ebr her\u00eb t\u00eb par\u00eb n\u00eb m\u00ebnyr\u00eb solemne dor\u00ebzohet mir\u00ebnjohja MLADGRAD, e cila u dedikohet pushteteve lokale dhe mediave p\u00ebr kontributin ndaj rinis\u00eb n\u00eb pushtetet lokale. Mir\u00ebnjohjet i dor\u00ebzoi Iniciativa qytetare n\u00eb bashk\u00ebpunim me Ministrin\u00eb p\u00ebr rini dhe sport, dhe Ministrin\u00eb p\u00ebr pushtet lokal dhe vet\u00ebqeverisje lokale. Mir\u00ebnjohjet jan\u00eb dor\u00ebzuar n\u00eb suaza t\u00eb dit\u00ebs Nd\u00ebrkomb\u00ebtare t\u00eb rinis\u00eb si dhe fillimit t\u00eb vitit rinor\u00eb n\u00eb baz\u00eb t\u00eb kalendarit t\u00eb KB.","og_url":"https:\/\/kt.gov.rs\/sq\/11-gusht-2010\/","og_site_name":"Republika e S\u00ebrbis\u00eb Trupi Koordinues p\u00ebr komunat Bujanoc, Preshev\u00eb dhe Medvegj\u00eb","article_publisher":"https:\/\/www.facebook.com\/SluzbaKoordinacionogTelaVladeRepublikeSrbije","article_published_time":"2010-08-11T00:00:00+00:00","author":"ktmin","twitter_card":"summary_large_image","twitter_creator":"@kt_gov","twitter_site":"@kt_gov","twitter_misc":{"Written by":"ktmin","Est. reading time":"2 minutes"},"schema":{"@context":"https:\/\/schema.org","@graph":[{"@type":"Article","@id":"https:\/\/kt.gov.rs\/sq\/11-gusht-2010\/#article","isPartOf":{"@id":"https:\/\/kt.gov.rs\/sq\/11-gusht-2010\/"},"author":{"name":"ktmin","@id":"https:\/\/kt.gov.rs\/#\/schema\/person\/e426459ddb4173309103390602694571"},"headline":"11.gusht. 2010.","datePublished":"2010-08-11T00:00:00+00:00","mainEntityOfPage":{"@id":"https:\/\/kt.gov.rs\/sq\/11-gusht-2010\/"},"wordCount":449,"publisher":{"@id":"https:\/\/kt.gov.rs\/#organization"},"articleSection":["Lajme"],"inLanguage":"sq-AL"},{"@type":"WebPage","@id":"https:\/\/kt.gov.rs\/sq\/11-gusht-2010\/","url":"https:\/\/kt.gov.rs\/sq\/11-gusht-2010\/","name":"11.gusht. 2010. - Republika e S\u00ebrbis\u00eb Trupi Koordinues p\u00ebr komunat Bujanoc, Preshev\u00eb dhe Medvegj\u00eb","isPartOf":{"@id":"https:\/\/kt.gov.rs\/#website"},"datePublished":"2010-08-11T00:00:00+00:00","breadcrumb":{"@id":"https:\/\/kt.gov.rs\/sq\/11-gusht-2010\/#breadcrumb"},"inLanguage":"sq-AL","potentialAction":[{"@type":"ReadAction","target":["https:\/\/kt.gov.rs\/sq\/11-gusht-2010\/"]}]},{"@type":"BreadcrumbList","@id":"https:\/\/kt.gov.rs\/sq\/11-gusht-2010\/#breadcrumb","itemListElement":[{"@type":"ListItem","position":1,"name":"\u041f\u043e\u0447\u0435\u0442\u043d\u0430","item":"https:\/\/kt.gov.rs\/sq\/"},{"@type":"ListItem","position":2,"name":"11.gusht. 2010."}]},{"@type":"WebSite","@id":"https:\/\/kt.gov.rs\/#website","url":"https:\/\/kt.gov.rs\/","name":"\u041a\u043e\u043e\u0440\u0434\u0438\u043d\u0430\u0446\u0438\u043e\u043d\u043e \u0442\u0435\u043b\u043e \u0412\u043b\u0430\u0434\u0435 \u0420\u0435\u043f\u0443\u0431\u043b\u0438\u043a\u0435 \u0421\u0440\u0431\u0438\u0458\u0435 \u0437\u0430 \u043e\u043f\u0448\u0442\u0438\u043d\u0435 \u041f\u0440\u0435\u0448\u0435\u0432\u043e, \u0411\u0443\u0458\u0430\u043d\u043e\u0432\u0430\u0446 \u0438 \u041c\u0435\u0434\u0432\u0435\u0452a","description":"","publisher":{"@id":"https:\/\/kt.gov.rs\/#organization"},"alternateName":"\u041a\u043e\u043e\u0440\u0434\u0438\u043d\u0430\u0446\u0438\u043e\u043d\u043e \u0442\u0435\u043b\u043e","potentialAction":[{"@type":"SearchAction","target":{"@type":"EntryPoint","urlTemplate":"https:\/\/kt.gov.rs\/?s={search_term_string}"},"query-input":{"@type":"PropertyValueSpecification","valueRequired":true,"valueName":"search_term_string"}}],"inLanguage":"sq-AL"},{"@type":"Organization","@id":"https:\/\/kt.gov.rs\/#organization","name":"\u041a\u043e\u043e\u0440\u0434\u0438\u043d\u0430\u0446\u0438\u043e\u043d\u043e \u0442\u0435\u043b\u043e \u0412\u043b\u0430\u0434\u0435 \u0420\u0435\u043f\u0443\u0431\u043b\u0438\u043a\u0435 \u0421\u0440\u0431\u0438\u0458\u0435 \u0437\u0430 \u043e\u043f\u0448\u0442\u0438\u043d\u0435 \u041f\u0440\u0435\u0448\u0435\u0432\u043e, \u0411\u0443\u0458\u0430\u043d\u043e\u0432\u0430\u0446 \u0438 \u041c\u0435\u0434\u0432\u0435\u0452a","alternateName":"\u041a\u043e\u043e\u0440\u0434\u0438\u043d\u0430\u0446\u0438\u043e\u043d\u043e \u0442\u0435\u043b\u043e","url":"https:\/\/kt.gov.rs\/","logo":{"@type":"ImageObject","inLanguage":"sq-AL","@id":"https:\/\/kt.gov.rs\/#\/schema\/logo\/image\/","url":"https:\/\/kt.gov.rs\/wp-content\/uploads\/2024\/12\/koord2.jpg","contentUrl":"https:\/\/kt.gov.rs\/wp-content\/uploads\/2024\/12\/koord2.jpg","width":640,"height":480,"caption":"\u041a\u043e\u043e\u0440\u0434\u0438\u043d\u0430\u0446\u0438\u043e\u043d\u043e \u0442\u0435\u043b\u043e \u0412\u043b\u0430\u0434\u0435 \u0420\u0435\u043f\u0443\u0431\u043b\u0438\u043a\u0435 \u0421\u0440\u0431\u0438\u0458\u0435 \u0437\u0430 \u043e\u043f\u0448\u0442\u0438\u043d\u0435 \u041f\u0440\u0435\u0448\u0435\u0432\u043e, \u0411\u0443\u0458\u0430\u043d\u043e\u0432\u0430\u0446 \u0438 \u041c\u0435\u0434\u0432\u0435\u0452a"},"image":{"@id":"https:\/\/kt.gov.rs\/#\/schema\/logo\/image\/"},"sameAs":["https:\/\/www.facebook.com\/SluzbaKoordinacionogTelaVladeRepublikeSrbije","https:\/\/x.com\/kt_gov","https:\/\/www.youtube.com\/@koordinacionotelo"]},{"@type":"Person","@id":"https:\/\/kt.gov.rs\/#\/schema\/person\/e426459ddb4173309103390602694571","name":"ktmin","image":{"@type":"ImageObject","inLanguage":"sq-AL","@id":"https:\/\/secure.gravatar.com\/avatar\/3985c961109853010c3fbc7ba30365bfba5db3dd6c525831d9c595c7525a615a?s=96&d=mm&r=g","url":"https:\/\/secure.gravatar.com\/avatar\/3985c961109853010c3fbc7ba30365bfba5db3dd6c525831d9c595c7525a615a?s=96&d=mm&r=g","contentUrl":"https:\/\/secure.gravatar.com\/avatar\/3985c961109853010c3fbc7ba30365bfba5db3dd6c525831d9c595c7525a615a?s=96&d=mm&r=g","caption":"ktmin"},"sameAs":["https:\/\/kt.gov.rs"],"url":"https:\/\/kt.gov.rs\/sq\/author\/ktmin\/"}]}},"_links":{"self":[{"href":"https:\/\/kt.gov.rs\/sq\/wp-json\/wp\/v2\/posts\/142660","targetHints":{"allow":["GET"]}}],"collection":[{"href":"https:\/\/kt.gov.rs\/sq\/wp-json\/wp\/v2\/posts"}],"about":[{"href":"https:\/\/kt.gov.rs\/sq\/wp-json\/wp\/v2\/types\/post"}],"author":[{"embeddable":true,"href":"https:\/\/kt.gov.rs\/sq\/wp-json\/wp\/v2\/users\/1"}],"replies":[{"embeddable":true,"href":"https:\/\/kt.gov.rs\/sq\/wp-json\/wp\/v2\/comments?post=142660"}],"version-history":[{"count":0,"href":"https:\/\/kt.gov.rs\/sq\/wp-json\/wp\/v2\/posts\/142660\/revisions"}],"wp:attachment":[{"href":"https:\/\/kt.gov.rs\/sq\/wp-json\/wp\/v2\/media?parent=142660"}],"wp:term":[{"taxonomy":"category","embeddable":true,"href":"https:\/\/kt.gov.rs\/sq\/wp-json\/wp\/v2\/categories?post=142660"},{"taxonomy":"post_tag","embeddable":true,"href":"https:\/\/kt.gov.rs\/sq\/wp-json\/wp\/v2\/tags?post=142660"}],"curies":[{"name":"wp","href":"https:\/\/api.w.org\/{rel}","templated":true}]}}