{"id":142659,"date":"2010-08-08T00:00:00","date_gmt":"2010-08-08T00:00:00","guid":{"rendered":"http:\/\/kt.printandscreen.rs\/8-gusht-2010-marre-nga-politika\/"},"modified":"2010-08-08T00:00:00","modified_gmt":"2010-08-08T00:00:00","slug":"8-gusht-2010-marre-nga-politika","status":"publish","type":"post","link":"https:\/\/kt.gov.rs\/sq\/8-gusht-2010-marre-nga-politika\/","title":{"rendered":"8. gusht 2010.  \u2013 Marr\u00eb nga \u201ePolitika\u201c"},"content":{"rendered":"<p><strong>KEMI NEVOJ P\u00cbR FAKULTET NE BUJANOC<\/strong><br \/>\n<meta content=\"text\/html; charset=utf-8\" http-equiv=\"Content-Type\"><br \/>\n<meta content=\"Word.Document\" name=\"ProgId\"><br \/>\n<meta content=\"Microsoft Word 11\" name=\"Generator\"><br \/>\n<meta content=\"Microsoft Word 11\" name=\"Originator\">\n<link href=\"file:\/\/\/C:%5CDOCUME%7E1%5CRio%5CLOCALS%7E1%5CTemp%5Cmsohtml1%5C01%5Cclip_filelist.xml\" rel=\"File-List\" \/><!--[if gte mso 9]><xml>\n \n  Normal\n  0\n  \n  \n  false\n  false\n  false\n  \n   \n   \n   \n   \n   \n   \n  \n  MicrosoftInternetExplorer4\n \n<\/xml><![endif]--><!--[if gte mso 9]><![endif]--><\/p>\n<style type=\"text\/css\">\n<!--\n \/* Style Definitions *\/\n p.MsoNormal, li.MsoNormal, div.MsoNormal\n\t{mso-style-parent:\"\";\n\tmargin:0cm;\n\tmargin-bottom:.0001pt;\n\tfont-size:12.0pt;\"Times New Roman\";\n\tmso-fareast-\"Times New Roman\";}\n@page Section1\n\t{size:612.0pt 792.0pt;\n\tmargin:72.0pt 90.0pt 72.0pt 90.0pt;}\ndiv.Section1\n\t{page:Section1;}\n-->\n<\/style>\n<p><!--[if gte mso 10]>\n\n\n<style>\n \/* Style Definitions *\/\n table.MsoNormalTable\n\t{mso-style-name:\"Table Normal\";\n\tmso-style-parent:\"\";\n\tfont-size:10.0pt;\"Times New Roman\";\n\tmso-fareast-\"Times New Roman\";}\n<\/style>\n\n\n<![endif]--><\/p>\n<p>Zgjidhja e disa problemeve t\u00eb m\u00ebdha nga sfera e arsimit \u00ebsht\u00eb prioritet i K\u00ebshillit Nacional t\u00eb Shqip\u00ebtar\u00ebve i cili k\u00ebto dit\u00eb \u00ebsht\u00eb regjistruar n\u00eb Ministrin\u00eb p\u00ebr t\u00eb drejtat e njeriut dhe t\u00eb pakicave. P\u00ebr kryetar\u00eb t\u00eb par\u00eb t\u00eb k\u00ebtij trupi \u00ebsht\u00eb em\u00ebruar Galip Beqiri nga Partija p\u00ebr Veprim Demokratik, parti e cila n\u00eb zgjedhjet e 6 qershorit ka fituar 24 nga 29 vendet n\u00eb k\u00ebt\u00eb k\u00ebshill. Beqiri deklaroi se pret q\u00eb K\u00ebshilli Nacional pun\u00ebn e saj\u00eb me kapacitet t\u00eb plot\u00eb ta filloj\u00eb n\u00eb muajin shtator\u00eb kur edhe pret mjetet e para finansiare nga buxheti i Serbis\u00eb. N\u00eb nd\u00ebrkoh\u00eb, do t\u00eb mundohen q\u00eb t\u00eb zgjidhin problemin e strehimit, p\u00ebr arsye se nd\u00ebrtesa t\u00eb cil\u00ebn u ka dh\u00ebn\u00eb komuna Bujanocit duhet renovuar.<\/p>\n<p><strong>Cilat jan\u00eb problemet kryesore n\u00eb arsim n\u00eb gjuh\u00ebn shqipe?<\/strong><\/p>\n<p>Para s\u00eb gjithash, tekstet shkollore n\u00eb gjuh\u00ebn shqipe nuk jan\u00eb t\u00eb shtypura n\u00eb Serbi por importohen nga Kosova dhe Shqip\u00ebria, k\u00ebshtuq\u00eb nuk p\u00ebrputhen me planprogramet e Serbis\u00eb.<\/p>\n<p>Do t\u00eb mundohemi q\u00eb me Ministrin\u00eb e arsimit t\u00eb arrijm\u00eb ndonj\u00eb marr\u00ebveshje q\u00eb t\u00eb pranohen librat e kimis\u00eb, fizik\u00ebs ose matematik\u00ebs. Problem tjet\u00ebr serioz \u00ebsht\u00eb q\u00eb Serbia nuk pranon diplomat e Kosov\u00ebs, k\u00ebshtuq\u00eb kemi rreth 100 t\u00eb rinj\u00eb t\u00eb cil\u00ebt kan\u00eb mbaruar fakultetin por nuk kan\u00eb mund\u00ebsi t\u00eb\u00a0pun\u00ebsohen.<\/p>\n<p><strong>Si mund\u00eb t\u00eb prisni q\u00eb Serbia t\u00eb pranoj diplomat me vul\u00eb t\u00eb shtetit t\u00eb pavarur t\u00eb Kosov\u00ebs?<\/strong><\/p>\n<p>Mendoj se n\u00ebse egziston vullneti i mir\u00eb, egziston mund\u00ebsia t\u00eb gjendet zgjidhjae cila do t\u00eb jet\u00eb e pranueshme p\u00ebr t\u00eb gjith\u00eb. N\u00eb lidhje me te \u00ebsht\u00eb edhe \u00e7\u00ebshtja tjet\u00ebr p\u00ebr t\u00eb cil\u00ebn do t\u00eb bisedojm\u00eb me Ministrin\u00eb e arsimit, e ajo \u00ebsht\u00eb hapja e fakultetit n\u00eb Bujanoc.<\/p>\n<p><strong>P\u00ebrpos arsimit, n\u00eb qfar drejtimi K\u00ebshilli nacional duhet t\u00eb fokusohet?<\/strong><\/p>\n<p>Kur \u00ebsht\u00eb fjala e p\u00ebrdorimit t\u00eb gjuh\u00ebs, n\u00eb institucionet shtet\u00ebrore nuk ka p\u00ebrkthyes t\u00eb gjuh\u00ebs shqipe, edhepse ligji k\u00ebt\u00eb e parasheh. Pastaj, mungesa e qfardo manifestimi kulturor. N\u00eb regjionin ton\u00eb nuk vijn\u00eb artist\u00eb as nga Beogradi e as nga Prishtina.<\/p>\n<p>Problem serioz \u00ebsht\u00eb edhe informimi n\u00eb gjuh\u00ebn shqipe i cili \u00ebsht\u00eb i nd\u00ebrlidhur me mjetet finansiare. P\u00ebr fillim planifikojm\u00eb shtypjen e nj\u00eb gazete n\u00eb gjuh\u00ebn shqipe.<\/p>\n<p>Natyrisht, jemi t\u00eb vet\u00ebdijsh\u00ebm q\u00eb p\u00ebr k\u00ebto plane duhet koh\u00eb dhe se nuk ka mund\u00ebsi q\u00eb k\u00ebto t\u00eb realizohen p\u00ebrnj\u00ebher.<\/p>\n<p><strong>K\u00ebshillin Nacional<\/strong><strong>tash e p\u00ebrb\u00ebjn\u00eb dy parti, prej s\u00eb cil\u00ebs pes\u00eb an\u00ebtar\u00eb jan\u00eb nga lista e Unionit Demokratik t\u00eb Shqip\u00ebtar\u00ebve, nd\u00ebrsa t\u00eb tjer\u00ebt nga Partija p\u00ebr Veprim Demokratik. Partit\u00eb tjera nuk kan\u00eb marr\u00eb pjes\u00eb n\u00eb k\u00ebto zgjedhje. Sa do t\u00eb ndikoj\u00eb kjo n\u00eb legjitimitetin e K\u00ebshillit?<\/strong><\/p>\n<p>Ne p\u00ebrfaq\u00ebsojm\u00eb 15.000 votues, mir\u00ebpo secila parti e ka politik\u00ebn dhe m\u00ebnyr\u00ebn e saj\u00eb t\u00eb pun\u00ebs, nd\u00ebrsa K\u00ebshilli nacional duhet t\u00eb punoj p\u00ebr t\u00eb mir\u00ebn dhe p\u00ebr ardhm\u00ebrin\u00eb e t\u00eb gjith\u00eb Shqip\u00ebtar\u00ebve. K\u00ebshilli duhet t\u00eb jet\u00eb lidhja n\u00eb mes t\u00eb shtetit dhe pushtetit lokal. P\u00ebr ate besoj se, n\u00ebse punojm\u00eb mir\u00eb dhe kemi rezultate konkrete, do t\u00eb kami mund\u00ebsi t\u2019i p\u00ebrfitojm\u00eb edhe ata t\u00eb cil\u00ebt nuk kan\u00eb marr\u00eb pjes\u00eb n\u00eb zgjedhje.<\/p>\n<p><strong>\u0410<\/strong><strong> prisni n\u00eb nd\u00ebrkoh\u00eb obstruksion?<\/strong><\/p>\n<p>Jo, deri m\u00eb tani nuk kemi, ata nuk e p\u00ebrkrahin pun\u00ebn e K\u00ebshillit mir\u00ebpo as q\u00eb na pengojn\u00eb. Pres q\u00eb n\u00eb nd\u00ebrkoh\u00eb edhe ata t\u00eb kyqen n\u00eb pun\u00ebn e K\u00ebshillit nacional. Ne jemi t\u00eb gatsh\u00ebm p\u00ebr bashk\u00ebpunim me t\u00eb gjitha partit\u00eb.<\/p>\n<p><strong>Shqip\u00ebtar\u00ebt nuk jetojn\u00eb vet\u00ebm n\u00eb jug t\u00eb Serbis\u00eb. A do t\u2019i p\u00ebrfaq\u00ebsoj\u00eb interesat edhe t\u00eb atyre Shqip\u00ebtar\u00ebve q\u00eb nuk jetojn\u00eb n\u00eb Serbi?<\/strong><\/p>\n<p>Normal, un\u00eb jam\u00eb kryetar\u00eb i K\u00ebshillit t\u00eb t\u00eb gjith\u00eb Shqip\u00ebtar\u00ebve dhe qdo iniciativ\u00eb e tyre \u00ebsht\u00eb e mir\u00ebseardhur.<\/p>\n<p><strong>Qfar komunikimi keni psh me Shqip\u00ebtar\u00ebt q\u00eb jetojn\u00eb\u00a0n\u00eb Beograd?<\/strong><\/p>\n<p>Mundohemi q\u00eb t\u00eb nd\u00ebrlidhemi, mir\u00ebpo n\u00eb k\u00ebt\u00eb drejtim duhet q\u00eb t\u00eb na ndihmoj\u00eb shteti. Psh po t\u00eb egzistonin n\u00eb nivelin nacional programe n\u00eb gjuh\u00eb t\u00eb pakicave, po qe se qdo pakic\u00eb do t\u00eb ket\u00eb programin e saj n\u00eb gjuh\u00ebn e vet p\u00ebr vet\u00ebm 10-15 minuta, kjo do t\u00eb ket\u00eb r\u00ebnd\u00ebsi shum\u00eb t\u00eb madhe. T\u2019ju p\u00ebrkujtoj\u00eb se dikur n\u00eb RTS kemi pasur lajme n\u00eb gjuh\u00ebn shqipe, ka egzistuar redaksioni i t\u00ebr\u00eb n\u00eb gjuh\u00ebn shqipe. Tash p\u00ebrpos n\u00eb nivelin lokal n\u00eb Vojvodin\u00eb, nuk ka aspak program n\u00eb gjuh\u00ebt e pakicave.<\/p>\n<p><\/meta><br \/>\n<\/meta><br \/>\n<\/meta><br \/>\n<\/meta><\/p>\n","protected":false},"excerpt":{"rendered":"<p>KEMI NEVOJ P\u00cbR FAKULTET NE BUJANOC<br \/>\nZgjidhja e disa problemeve t\u00eb m\u00ebdha nga sfera e arsimit \u00ebsht\u00eb prioritet i K\u00ebshillit Nacional t\u00eb Shqip\u00ebtar\u00ebve i cili k\u00ebto dit\u00eb \u00ebsht\u00eb regjistruar n\u00eb Ministrin\u00eb p\u00ebr t\u00eb drejtat e njeriut dhe t\u00eb pakicave. P\u00ebr kryetar\u00eb t\u00eb par\u00eb t\u00eb k\u00ebtij trupi \u00ebsht\u00eb em\u00ebruar Galip Beqiri nga Partija p\u00ebr Veprim Demokratik, parti e cila n\u00eb zgjedhjet e 6 qershorit ka fituar 24 nga 29 vendet n\u00eb k\u00ebt\u00eb k\u00ebshill. Beqiri deklaroi se pret q\u00eb K\u00ebshilli Nacional pun\u00ebn e saj\u00eb me kapacitet t\u00eb plot\u00eb ta filloj\u00eb n\u00eb muajin shtator\u00eb kur edhe pret mjetet e para finansiare nga buxheti i Serbis\u00eb. N\u00eb nd\u00ebrkoh\u00eb, do t\u00eb mundohen q\u00eb t\u00eb zgjidhin problemin e strehimit, p\u00ebr arsye se nd\u00ebrtesa t\u00eb cil\u00ebn u ka dh\u00ebn\u00eb komuna Bujanocit duhet renovuar.<\/p>\n","protected":false},"author":1,"featured_media":0,"comment_status":"closed","ping_status":"closed","sticky":false,"template":"","format":"standard","meta":{"footnotes":""},"categories":[55],"tags":[],"class_list":["post-142659","post","type-post","status-publish","format-standard","hentry","category-lajme"],"yoast_head":"<!-- This site is optimized with the Yoast SEO plugin v27.5 - https:\/\/yoast.com\/product\/yoast-seo-wordpress\/ -->\n<title>8. gusht 2010. \u2013 Marr\u00eb nga \u201ePolitika\u201c - Republika e S\u00ebrbis\u00eb Trupi Koordinues p\u00ebr komunat Bujanoc, Preshev\u00eb dhe Medvegj\u00eb<\/title>\n<meta name=\"robots\" content=\"index, follow, max-snippet:-1, max-image-preview:large, max-video-preview:-1\" \/>\n<link rel=\"canonical\" href=\"https:\/\/kt.gov.rs\/sq\/8-gusht-2010-marre-nga-politika\/\" \/>\n<meta property=\"og:locale\" content=\"sq_AL\" \/>\n<meta property=\"og:type\" content=\"article\" \/>\n<meta property=\"og:title\" content=\"8. gusht 2010. \u2013 Marr\u00eb nga \u201ePolitika\u201c - Republika e S\u00ebrbis\u00eb Trupi Koordinues p\u00ebr komunat Bujanoc, Preshev\u00eb dhe Medvegj\u00eb\" \/>\n<meta property=\"og:description\" content=\"KEMI NEVOJ P\u00cbR FAKULTET NE BUJANOC Zgjidhja e disa problemeve t\u00eb m\u00ebdha nga sfera e arsimit \u00ebsht\u00eb prioritet i K\u00ebshillit Nacional t\u00eb Shqip\u00ebtar\u00ebve i cili k\u00ebto dit\u00eb \u00ebsht\u00eb regjistruar n\u00eb Ministrin\u00eb p\u00ebr t\u00eb drejtat e njeriut dhe t\u00eb pakicave. P\u00ebr kryetar\u00eb t\u00eb par\u00eb t\u00eb k\u00ebtij trupi \u00ebsht\u00eb em\u00ebruar Galip Beqiri nga Partija p\u00ebr Veprim Demokratik, parti e cila n\u00eb zgjedhjet e 6 qershorit ka fituar 24 nga 29 vendet n\u00eb k\u00ebt\u00eb k\u00ebshill. Beqiri deklaroi se pret q\u00eb K\u00ebshilli Nacional pun\u00ebn e saj\u00eb me kapacitet t\u00eb plot\u00eb ta filloj\u00eb n\u00eb muajin shtator\u00eb kur edhe pret mjetet e para finansiare nga buxheti i Serbis\u00eb. N\u00eb nd\u00ebrkoh\u00eb, do t\u00eb mundohen q\u00eb t\u00eb zgjidhin problemin e strehimit, p\u00ebr arsye se nd\u00ebrtesa t\u00eb cil\u00ebn u ka dh\u00ebn\u00eb komuna Bujanocit duhet renovuar.\" \/>\n<meta property=\"og:url\" content=\"https:\/\/kt.gov.rs\/sq\/8-gusht-2010-marre-nga-politika\/\" \/>\n<meta property=\"og:site_name\" content=\"Republika e S\u00ebrbis\u00eb Trupi Koordinues p\u00ebr komunat Bujanoc, Preshev\u00eb dhe Medvegj\u00eb\" \/>\n<meta property=\"article:publisher\" content=\"https:\/\/www.facebook.com\/SluzbaKoordinacionogTelaVladeRepublikeSrbije\" \/>\n<meta property=\"article:published_time\" content=\"2010-08-08T00:00:00+00:00\" \/>\n<meta name=\"author\" content=\"ktmin\" \/>\n<meta name=\"twitter:card\" content=\"summary_large_image\" \/>\n<meta name=\"twitter:creator\" content=\"@kt_gov\" \/>\n<meta name=\"twitter:site\" content=\"@kt_gov\" \/>\n<meta name=\"twitter:label1\" content=\"Written by\" \/>\n\t<meta name=\"twitter:data1\" content=\"ktmin\" \/>\n\t<meta name=\"twitter:label2\" content=\"Est. reading time\" \/>\n\t<meta name=\"twitter:data2\" content=\"4 minutes\" \/>\n<script type=\"application\/ld+json\" class=\"yoast-schema-graph\">{\"@context\":\"https:\\\/\\\/schema.org\",\"@graph\":[{\"@type\":\"Article\",\"@id\":\"https:\\\/\\\/kt.gov.rs\\\/sq\\\/8-gusht-2010-marre-nga-politika\\\/#article\",\"isPartOf\":{\"@id\":\"https:\\\/\\\/kt.gov.rs\\\/sq\\\/8-gusht-2010-marre-nga-politika\\\/\"},\"author\":{\"name\":\"ktmin\",\"@id\":\"https:\\\/\\\/kt.gov.rs\\\/#\\\/schema\\\/person\\\/e426459ddb4173309103390602694571\"},\"headline\":\"8. gusht 2010. \u2013 Marr\u00eb nga \u201ePolitika\u201c\",\"datePublished\":\"2010-08-08T00:00:00+00:00\",\"mainEntityOfPage\":{\"@id\":\"https:\\\/\\\/kt.gov.rs\\\/sq\\\/8-gusht-2010-marre-nga-politika\\\/\"},\"wordCount\":811,\"publisher\":{\"@id\":\"https:\\\/\\\/kt.gov.rs\\\/#organization\"},\"articleSection\":[\"Lajme\"],\"inLanguage\":\"sq-AL\"},{\"@type\":\"WebPage\",\"@id\":\"https:\\\/\\\/kt.gov.rs\\\/sq\\\/8-gusht-2010-marre-nga-politika\\\/\",\"url\":\"https:\\\/\\\/kt.gov.rs\\\/sq\\\/8-gusht-2010-marre-nga-politika\\\/\",\"name\":\"8. gusht 2010. \u2013 Marr\u00eb nga \u201ePolitika\u201c - Republika e S\u00ebrbis\u00eb Trupi Koordinues p\u00ebr komunat Bujanoc, Preshev\u00eb dhe Medvegj\u00eb\",\"isPartOf\":{\"@id\":\"https:\\\/\\\/kt.gov.rs\\\/#website\"},\"datePublished\":\"2010-08-08T00:00:00+00:00\",\"breadcrumb\":{\"@id\":\"https:\\\/\\\/kt.gov.rs\\\/sq\\\/8-gusht-2010-marre-nga-politika\\\/#breadcrumb\"},\"inLanguage\":\"sq-AL\",\"potentialAction\":[{\"@type\":\"ReadAction\",\"target\":[\"https:\\\/\\\/kt.gov.rs\\\/sq\\\/8-gusht-2010-marre-nga-politika\\\/\"]}]},{\"@type\":\"BreadcrumbList\",\"@id\":\"https:\\\/\\\/kt.gov.rs\\\/sq\\\/8-gusht-2010-marre-nga-politika\\\/#breadcrumb\",\"itemListElement\":[{\"@type\":\"ListItem\",\"position\":1,\"name\":\"\u041f\u043e\u0447\u0435\u0442\u043d\u0430\",\"item\":\"https:\\\/\\\/kt.gov.rs\\\/sq\\\/\"},{\"@type\":\"ListItem\",\"position\":2,\"name\":\"8. gusht 2010. \u2013 Marr\u00eb nga \u201ePolitika\u201c\"}]},{\"@type\":\"WebSite\",\"@id\":\"https:\\\/\\\/kt.gov.rs\\\/#website\",\"url\":\"https:\\\/\\\/kt.gov.rs\\\/\",\"name\":\"\u041a\u043e\u043e\u0440\u0434\u0438\u043d\u0430\u0446\u0438\u043e\u043d\u043e \u0442\u0435\u043b\u043e \u0412\u043b\u0430\u0434\u0435 \u0420\u0435\u043f\u0443\u0431\u043b\u0438\u043a\u0435 \u0421\u0440\u0431\u0438\u0458\u0435 \u0437\u0430 \u043e\u043f\u0448\u0442\u0438\u043d\u0435 \u041f\u0440\u0435\u0448\u0435\u0432\u043e, \u0411\u0443\u0458\u0430\u043d\u043e\u0432\u0430\u0446 \u0438 \u041c\u0435\u0434\u0432\u0435\u0452a\",\"description\":\"\",\"publisher\":{\"@id\":\"https:\\\/\\\/kt.gov.rs\\\/#organization\"},\"alternateName\":\"\u041a\u043e\u043e\u0440\u0434\u0438\u043d\u0430\u0446\u0438\u043e\u043d\u043e \u0442\u0435\u043b\u043e\",\"potentialAction\":[{\"@type\":\"SearchAction\",\"target\":{\"@type\":\"EntryPoint\",\"urlTemplate\":\"https:\\\/\\\/kt.gov.rs\\\/?s={search_term_string}\"},\"query-input\":{\"@type\":\"PropertyValueSpecification\",\"valueRequired\":true,\"valueName\":\"search_term_string\"}}],\"inLanguage\":\"sq-AL\"},{\"@type\":\"Organization\",\"@id\":\"https:\\\/\\\/kt.gov.rs\\\/#organization\",\"name\":\"\u041a\u043e\u043e\u0440\u0434\u0438\u043d\u0430\u0446\u0438\u043e\u043d\u043e \u0442\u0435\u043b\u043e \u0412\u043b\u0430\u0434\u0435 \u0420\u0435\u043f\u0443\u0431\u043b\u0438\u043a\u0435 \u0421\u0440\u0431\u0438\u0458\u0435 \u0437\u0430 \u043e\u043f\u0448\u0442\u0438\u043d\u0435 \u041f\u0440\u0435\u0448\u0435\u0432\u043e, \u0411\u0443\u0458\u0430\u043d\u043e\u0432\u0430\u0446 \u0438 \u041c\u0435\u0434\u0432\u0435\u0452a\",\"alternateName\":\"\u041a\u043e\u043e\u0440\u0434\u0438\u043d\u0430\u0446\u0438\u043e\u043d\u043e \u0442\u0435\u043b\u043e\",\"url\":\"https:\\\/\\\/kt.gov.rs\\\/\",\"logo\":{\"@type\":\"ImageObject\",\"inLanguage\":\"sq-AL\",\"@id\":\"https:\\\/\\\/kt.gov.rs\\\/#\\\/schema\\\/logo\\\/image\\\/\",\"url\":\"https:\\\/\\\/kt.gov.rs\\\/wp-content\\\/uploads\\\/2024\\\/12\\\/koord2.jpg\",\"contentUrl\":\"https:\\\/\\\/kt.gov.rs\\\/wp-content\\\/uploads\\\/2024\\\/12\\\/koord2.jpg\",\"width\":640,\"height\":480,\"caption\":\"\u041a\u043e\u043e\u0440\u0434\u0438\u043d\u0430\u0446\u0438\u043e\u043d\u043e \u0442\u0435\u043b\u043e \u0412\u043b\u0430\u0434\u0435 \u0420\u0435\u043f\u0443\u0431\u043b\u0438\u043a\u0435 \u0421\u0440\u0431\u0438\u0458\u0435 \u0437\u0430 \u043e\u043f\u0448\u0442\u0438\u043d\u0435 \u041f\u0440\u0435\u0448\u0435\u0432\u043e, \u0411\u0443\u0458\u0430\u043d\u043e\u0432\u0430\u0446 \u0438 \u041c\u0435\u0434\u0432\u0435\u0452a\"},\"image\":{\"@id\":\"https:\\\/\\\/kt.gov.rs\\\/#\\\/schema\\\/logo\\\/image\\\/\"},\"sameAs\":[\"https:\\\/\\\/www.facebook.com\\\/SluzbaKoordinacionogTelaVladeRepublikeSrbije\",\"https:\\\/\\\/x.com\\\/kt_gov\",\"https:\\\/\\\/www.youtube.com\\\/@koordinacionotelo\"]},{\"@type\":\"Person\",\"@id\":\"https:\\\/\\\/kt.gov.rs\\\/#\\\/schema\\\/person\\\/e426459ddb4173309103390602694571\",\"name\":\"ktmin\",\"image\":{\"@type\":\"ImageObject\",\"inLanguage\":\"sq-AL\",\"@id\":\"https:\\\/\\\/secure.gravatar.com\\\/avatar\\\/3985c961109853010c3fbc7ba30365bfba5db3dd6c525831d9c595c7525a615a?s=96&d=mm&r=g\",\"url\":\"https:\\\/\\\/secure.gravatar.com\\\/avatar\\\/3985c961109853010c3fbc7ba30365bfba5db3dd6c525831d9c595c7525a615a?s=96&d=mm&r=g\",\"contentUrl\":\"https:\\\/\\\/secure.gravatar.com\\\/avatar\\\/3985c961109853010c3fbc7ba30365bfba5db3dd6c525831d9c595c7525a615a?s=96&d=mm&r=g\",\"caption\":\"ktmin\"},\"sameAs\":[\"https:\\\/\\\/kt.gov.rs\"],\"url\":\"https:\\\/\\\/kt.gov.rs\\\/sq\\\/author\\\/ktmin\\\/\"}]}<\/script>\n<!-- \/ Yoast SEO plugin. -->","yoast_head_json":{"title":"8. gusht 2010. \u2013 Marr\u00eb nga \u201ePolitika\u201c - Republika e S\u00ebrbis\u00eb Trupi Koordinues p\u00ebr komunat Bujanoc, Preshev\u00eb dhe Medvegj\u00eb","robots":{"index":"index","follow":"follow","max-snippet":"max-snippet:-1","max-image-preview":"max-image-preview:large","max-video-preview":"max-video-preview:-1"},"canonical":"https:\/\/kt.gov.rs\/sq\/8-gusht-2010-marre-nga-politika\/","og_locale":"sq_AL","og_type":"article","og_title":"8. gusht 2010. \u2013 Marr\u00eb nga \u201ePolitika\u201c - Republika e S\u00ebrbis\u00eb Trupi Koordinues p\u00ebr komunat Bujanoc, Preshev\u00eb dhe Medvegj\u00eb","og_description":"KEMI NEVOJ P\u00cbR FAKULTET NE BUJANOC Zgjidhja e disa problemeve t\u00eb m\u00ebdha nga sfera e arsimit \u00ebsht\u00eb prioritet i K\u00ebshillit Nacional t\u00eb Shqip\u00ebtar\u00ebve i cili k\u00ebto dit\u00eb \u00ebsht\u00eb regjistruar n\u00eb Ministrin\u00eb p\u00ebr t\u00eb drejtat e njeriut dhe t\u00eb pakicave. P\u00ebr kryetar\u00eb t\u00eb par\u00eb t\u00eb k\u00ebtij trupi \u00ebsht\u00eb em\u00ebruar Galip Beqiri nga Partija p\u00ebr Veprim Demokratik, parti e cila n\u00eb zgjedhjet e 6 qershorit ka fituar 24 nga 29 vendet n\u00eb k\u00ebt\u00eb k\u00ebshill. Beqiri deklaroi se pret q\u00eb K\u00ebshilli Nacional pun\u00ebn e saj\u00eb me kapacitet t\u00eb plot\u00eb ta filloj\u00eb n\u00eb muajin shtator\u00eb kur edhe pret mjetet e para finansiare nga buxheti i Serbis\u00eb. N\u00eb nd\u00ebrkoh\u00eb, do t\u00eb mundohen q\u00eb t\u00eb zgjidhin problemin e strehimit, p\u00ebr arsye se nd\u00ebrtesa t\u00eb cil\u00ebn u ka dh\u00ebn\u00eb komuna Bujanocit duhet renovuar.","og_url":"https:\/\/kt.gov.rs\/sq\/8-gusht-2010-marre-nga-politika\/","og_site_name":"Republika e S\u00ebrbis\u00eb Trupi Koordinues p\u00ebr komunat Bujanoc, Preshev\u00eb dhe Medvegj\u00eb","article_publisher":"https:\/\/www.facebook.com\/SluzbaKoordinacionogTelaVladeRepublikeSrbije","article_published_time":"2010-08-08T00:00:00+00:00","author":"ktmin","twitter_card":"summary_large_image","twitter_creator":"@kt_gov","twitter_site":"@kt_gov","twitter_misc":{"Written by":"ktmin","Est. reading time":"4 minutes"},"schema":{"@context":"https:\/\/schema.org","@graph":[{"@type":"Article","@id":"https:\/\/kt.gov.rs\/sq\/8-gusht-2010-marre-nga-politika\/#article","isPartOf":{"@id":"https:\/\/kt.gov.rs\/sq\/8-gusht-2010-marre-nga-politika\/"},"author":{"name":"ktmin","@id":"https:\/\/kt.gov.rs\/#\/schema\/person\/e426459ddb4173309103390602694571"},"headline":"8. gusht 2010. \u2013 Marr\u00eb nga \u201ePolitika\u201c","datePublished":"2010-08-08T00:00:00+00:00","mainEntityOfPage":{"@id":"https:\/\/kt.gov.rs\/sq\/8-gusht-2010-marre-nga-politika\/"},"wordCount":811,"publisher":{"@id":"https:\/\/kt.gov.rs\/#organization"},"articleSection":["Lajme"],"inLanguage":"sq-AL"},{"@type":"WebPage","@id":"https:\/\/kt.gov.rs\/sq\/8-gusht-2010-marre-nga-politika\/","url":"https:\/\/kt.gov.rs\/sq\/8-gusht-2010-marre-nga-politika\/","name":"8. gusht 2010. \u2013 Marr\u00eb nga \u201ePolitika\u201c - Republika e S\u00ebrbis\u00eb Trupi Koordinues p\u00ebr komunat Bujanoc, Preshev\u00eb dhe Medvegj\u00eb","isPartOf":{"@id":"https:\/\/kt.gov.rs\/#website"},"datePublished":"2010-08-08T00:00:00+00:00","breadcrumb":{"@id":"https:\/\/kt.gov.rs\/sq\/8-gusht-2010-marre-nga-politika\/#breadcrumb"},"inLanguage":"sq-AL","potentialAction":[{"@type":"ReadAction","target":["https:\/\/kt.gov.rs\/sq\/8-gusht-2010-marre-nga-politika\/"]}]},{"@type":"BreadcrumbList","@id":"https:\/\/kt.gov.rs\/sq\/8-gusht-2010-marre-nga-politika\/#breadcrumb","itemListElement":[{"@type":"ListItem","position":1,"name":"\u041f\u043e\u0447\u0435\u0442\u043d\u0430","item":"https:\/\/kt.gov.rs\/sq\/"},{"@type":"ListItem","position":2,"name":"8. gusht 2010. \u2013 Marr\u00eb nga \u201ePolitika\u201c"}]},{"@type":"WebSite","@id":"https:\/\/kt.gov.rs\/#website","url":"https:\/\/kt.gov.rs\/","name":"\u041a\u043e\u043e\u0440\u0434\u0438\u043d\u0430\u0446\u0438\u043e\u043d\u043e \u0442\u0435\u043b\u043e \u0412\u043b\u0430\u0434\u0435 \u0420\u0435\u043f\u0443\u0431\u043b\u0438\u043a\u0435 \u0421\u0440\u0431\u0438\u0458\u0435 \u0437\u0430 \u043e\u043f\u0448\u0442\u0438\u043d\u0435 \u041f\u0440\u0435\u0448\u0435\u0432\u043e, \u0411\u0443\u0458\u0430\u043d\u043e\u0432\u0430\u0446 \u0438 \u041c\u0435\u0434\u0432\u0435\u0452a","description":"","publisher":{"@id":"https:\/\/kt.gov.rs\/#organization"},"alternateName":"\u041a\u043e\u043e\u0440\u0434\u0438\u043d\u0430\u0446\u0438\u043e\u043d\u043e \u0442\u0435\u043b\u043e","potentialAction":[{"@type":"SearchAction","target":{"@type":"EntryPoint","urlTemplate":"https:\/\/kt.gov.rs\/?s={search_term_string}"},"query-input":{"@type":"PropertyValueSpecification","valueRequired":true,"valueName":"search_term_string"}}],"inLanguage":"sq-AL"},{"@type":"Organization","@id":"https:\/\/kt.gov.rs\/#organization","name":"\u041a\u043e\u043e\u0440\u0434\u0438\u043d\u0430\u0446\u0438\u043e\u043d\u043e \u0442\u0435\u043b\u043e \u0412\u043b\u0430\u0434\u0435 \u0420\u0435\u043f\u0443\u0431\u043b\u0438\u043a\u0435 \u0421\u0440\u0431\u0438\u0458\u0435 \u0437\u0430 \u043e\u043f\u0448\u0442\u0438\u043d\u0435 \u041f\u0440\u0435\u0448\u0435\u0432\u043e, \u0411\u0443\u0458\u0430\u043d\u043e\u0432\u0430\u0446 \u0438 \u041c\u0435\u0434\u0432\u0435\u0452a","alternateName":"\u041a\u043e\u043e\u0440\u0434\u0438\u043d\u0430\u0446\u0438\u043e\u043d\u043e \u0442\u0435\u043b\u043e","url":"https:\/\/kt.gov.rs\/","logo":{"@type":"ImageObject","inLanguage":"sq-AL","@id":"https:\/\/kt.gov.rs\/#\/schema\/logo\/image\/","url":"https:\/\/kt.gov.rs\/wp-content\/uploads\/2024\/12\/koord2.jpg","contentUrl":"https:\/\/kt.gov.rs\/wp-content\/uploads\/2024\/12\/koord2.jpg","width":640,"height":480,"caption":"\u041a\u043e\u043e\u0440\u0434\u0438\u043d\u0430\u0446\u0438\u043e\u043d\u043e \u0442\u0435\u043b\u043e \u0412\u043b\u0430\u0434\u0435 \u0420\u0435\u043f\u0443\u0431\u043b\u0438\u043a\u0435 \u0421\u0440\u0431\u0438\u0458\u0435 \u0437\u0430 \u043e\u043f\u0448\u0442\u0438\u043d\u0435 \u041f\u0440\u0435\u0448\u0435\u0432\u043e, \u0411\u0443\u0458\u0430\u043d\u043e\u0432\u0430\u0446 \u0438 \u041c\u0435\u0434\u0432\u0435\u0452a"},"image":{"@id":"https:\/\/kt.gov.rs\/#\/schema\/logo\/image\/"},"sameAs":["https:\/\/www.facebook.com\/SluzbaKoordinacionogTelaVladeRepublikeSrbije","https:\/\/x.com\/kt_gov","https:\/\/www.youtube.com\/@koordinacionotelo"]},{"@type":"Person","@id":"https:\/\/kt.gov.rs\/#\/schema\/person\/e426459ddb4173309103390602694571","name":"ktmin","image":{"@type":"ImageObject","inLanguage":"sq-AL","@id":"https:\/\/secure.gravatar.com\/avatar\/3985c961109853010c3fbc7ba30365bfba5db3dd6c525831d9c595c7525a615a?s=96&d=mm&r=g","url":"https:\/\/secure.gravatar.com\/avatar\/3985c961109853010c3fbc7ba30365bfba5db3dd6c525831d9c595c7525a615a?s=96&d=mm&r=g","contentUrl":"https:\/\/secure.gravatar.com\/avatar\/3985c961109853010c3fbc7ba30365bfba5db3dd6c525831d9c595c7525a615a?s=96&d=mm&r=g","caption":"ktmin"},"sameAs":["https:\/\/kt.gov.rs"],"url":"https:\/\/kt.gov.rs\/sq\/author\/ktmin\/"}]}},"_links":{"self":[{"href":"https:\/\/kt.gov.rs\/sq\/wp-json\/wp\/v2\/posts\/142659","targetHints":{"allow":["GET"]}}],"collection":[{"href":"https:\/\/kt.gov.rs\/sq\/wp-json\/wp\/v2\/posts"}],"about":[{"href":"https:\/\/kt.gov.rs\/sq\/wp-json\/wp\/v2\/types\/post"}],"author":[{"embeddable":true,"href":"https:\/\/kt.gov.rs\/sq\/wp-json\/wp\/v2\/users\/1"}],"replies":[{"embeddable":true,"href":"https:\/\/kt.gov.rs\/sq\/wp-json\/wp\/v2\/comments?post=142659"}],"version-history":[{"count":0,"href":"https:\/\/kt.gov.rs\/sq\/wp-json\/wp\/v2\/posts\/142659\/revisions"}],"wp:attachment":[{"href":"https:\/\/kt.gov.rs\/sq\/wp-json\/wp\/v2\/media?parent=142659"}],"wp:term":[{"taxonomy":"category","embeddable":true,"href":"https:\/\/kt.gov.rs\/sq\/wp-json\/wp\/v2\/categories?post=142659"},{"taxonomy":"post_tag","embeddable":true,"href":"https:\/\/kt.gov.rs\/sq\/wp-json\/wp\/v2\/tags?post=142659"}],"curies":[{"name":"wp","href":"https:\/\/api.w.org\/{rel}","templated":true}]}}