{"id":142657,"date":"2010-08-13T00:00:00","date_gmt":"2010-08-13T00:00:00","guid":{"rendered":"http:\/\/kt.printandscreen.rs\/13-gusht-2010\/"},"modified":"2010-08-13T00:00:00","modified_gmt":"2010-08-13T00:00:00","slug":"13-gusht-2010","status":"publish","type":"post","link":"https:\/\/kt.gov.rs\/sq\/13-gusht-2010\/","title":{"rendered":"13. gusht 2010"},"content":{"rendered":"<p><strong>KAMPINGU I SPORTIT DHE TOLERANC\u00cbS N\u00cb LIAEMIN E VLLASIN\u00cbS<\/strong><\/p>\n<p>N\u00eb liqenin e Vllasin\u00ebs, 56 nx\u00ebn\u00ebs t\u00eb shkollave fillore kan\u00eb marr\u00eb pjes\u00eb p\u00ebr her\u00eb t\u00eb par\u00eb n\u00eb ,,Kampi i sportit dhe toleranc\u00ebs\u2019\u2019. Ideja p\u00ebr nj\u00eb shoq\u00ebrim t\u00eb till\u00eb ka ardh nga grupi i arsimtar\u00ebve t\u00eb edukat\u00ebs fizike nga jugu i Serbis\u00eb.<\/p>\n<p>Tet\u00eb arsimtar\u00eb t\u00eb edukat\u00ebs fizike nga Donje Trnave, \u00c7okota, Leskoci, Medvegja dhe Banja e Sijarin\u00ebs kan\u00eb p\u00ebrzgjedhur nga shtat\u00eb nx\u00ebn\u00ebs t\u00eb cil\u00ebt kan\u00eb marr\u00eb pjes\u00eb n\u00eb k\u00ebt\u00eb kamping.<\/p>\n<p>,,\u00cbsht\u00eb interesante se n\u00eb nj\u00eb vend q\u00ebndruan f\u00ebmij\u00ebt e mosh\u00ebs prej 12 deri 17 vjeq nga shkollat fillore dhe multietnike, klubeve basketbollistike si dhe f\u00ebmij\u00ebt nga shkolla me aft\u00ebsi t\u00eb kufizuara. Nx\u00ebn\u00ebsit p\u00ebr her\u00eb t\u00eb par\u00eb kan\u00eb pasur rastin t\u00eb shoq\u00ebrohen me nx\u00ebn\u00ebsit nga grupet e caktuara. K\u00ebshtuq\u00eb pes\u00eb nx\u00ebn\u00ebs t\u00eb shkoll\u00ebs fillore nga Banja e Sijarin\u00ebs kan\u00eb qen\u00eb t\u00eb nacionalitetit Shqip\u00ebtar\u00eb. Ajo q\u00eb kan\u00eb pasur probleme n\u00eb komunikim n\u00eb gjuh\u00ebn serbe nuk ka qen\u00eb penges\u00eb p\u00ebr t\u2019u shoq\u00ebruar me nx\u00ebn\u00ebsit tjer\u00eb\u2019\u2019, deklaroi Marko Ristiq, profesor i edukat\u00ebs fizike dhe koordinator i k\u00ebtij projekti.<\/p>\n<p>Kushtet p\u00ebr pjes\u00ebmarrje kan\u00eb qen\u00eb shum\u00eb t\u00eb thjeshta. P\u00ebr pjes\u00ebmarrje nuk kan\u00eb qen\u00eb vendimtare notat e shk\u00eblqyeshme n\u00eb librez\u00eb por q\u00eb nx\u00ebn\u00ebsi aktivisht t\u00eb merret me sport dhe t\u00eb ket\u00eb sjellje shembullore.<br \/>\nGjat\u00eb pes\u00eb dit\u00ebve t\u00eb shoq\u00ebrimit t\u00eb tyre, nx\u00ebn\u00ebsit kan\u00eb garuar n\u00eb ,,Turnirin e toleranc\u00ebs n\u00eb basketboll\u2019\u2019 me q\u2019rast ekipet jan\u00eb formuar ashtuq\u00eb emrat e pjes\u00ebmarr\u00ebsve jan\u00eb t\u00ebrhjekur nga kapela.<br \/>\nP\u00ebrpos basketbollit, kan\u00eb luajtur futboll,\u00a0 kan\u00eb garuar n\u00eb vrapim, kan\u00eb pasur trajnime kondicioni por edhe disa pun\u00ebtori ku \u00ebsht\u00eb m\u00ebsuar dhe diskutuar mbi toleranc\u00ebn dhe dhun\u00ebn.<\/p>\n<p>,,M\u00eb duhet t\u00eb ceku se f\u00ebmij\u00ebt q\u00eb nga dita e dyt\u00eb kan\u00eb filluar t\u00eb shoq\u00ebrohen mes veti n\u00eb baz\u00eb t\u00eb interesimit e jo n\u00eb baz\u00eb t\u00eb asaj se kush nga cili vend vjen\u2019\u2019, deklaroi arsimtari Ristiq.<br \/>\nPara dy vitesh, s\u00eb bashku edhe me n\u00ebnt\u00eb pjes\u00ebmarr\u00ebs t\u00eb tjer nga Serbia, ka marr\u00eb pjes\u00eb n\u00eb delegacionin spotiv e cila ka q\u00ebndruar af\u00ebr nj\u00eb muaji n\u00eb Amerik\u00eb.<\/p>\n<p>,,Kemi marr\u00eb pjes\u00eb n\u00eb suaza t\u00eb programit \u201eYouth and Sport\u201d, i cili \u00ebsht\u00eb finansuar nga USAID-i. Pas kthimit n\u00eb vendlindje na u \u00ebsht\u00eb dh\u00ebn\u00eb mund\u00ebsia q\u00eb ta shfryt\u00ebzojm\u00eb grant-in i cili \u00ebsht\u00eb dashur t\u00eb jet\u00eb i dedikuar rinis\u00eb dhe sportit. Shum\u00eb shpejt\u00eb kemi r\u00ebn\u00eb dakord q\u00eb t\u00eb organizojm\u00eb kamping t\u00eb till\u00eb\u2019\u2019, theksoi Ristiq duke th\u00ebn\u00eb se \u00ebsht\u00eb i sigurt se edhe vitin e ardhsh\u00ebm do t\u00eb organizohet nj\u00eb kamping i till\u00eb.<\/p>\n","protected":false},"excerpt":{"rendered":"<p>KAMPINGU I SPORTIT DHE TOLERANC\u00cbS N\u00cb LIAEMIN E VLLASIN\u00cbS<br \/>\nN\u00eb liqenin e Vllasin\u00ebs, 56 nx\u00ebn\u00ebs t\u00eb shkollave fillore kan\u00eb marr\u00eb pjes\u00eb  p\u00ebr her\u00eb t\u00eb par\u00eb n\u00eb ,,Kampi i sportit dhe toleranc\u00ebs\u2019\u2019. Ideja p\u00ebr nj\u00eb  shoq\u00ebrim t\u00eb till\u00eb ka ardh nga grupi i arsimtar\u00ebve t\u00eb edukat\u00ebs fizike nga  jugu i Serbis\u00eb.<\/p>\n<p>Tet\u00eb arsimtar\u00eb t\u00eb edukat\u00ebs fizike nga Donje Trnave, \u00c7okota, Leskoci,  Medvegja dhe Banja e Sijarin\u00ebs kan\u00eb p\u00ebrzgjedhur nga shtat\u00eb nx\u00ebn\u00ebs t\u00eb  cil\u00ebt kan\u00eb marr\u00eb pjes\u00eb n\u00eb k\u00ebt\u00eb kamping.<\/p>\n","protected":false},"author":1,"featured_media":0,"comment_status":"closed","ping_status":"closed","sticky":false,"template":"","format":"standard","meta":{"footnotes":""},"categories":[55],"tags":[],"class_list":["post-142657","post","type-post","status-publish","format-standard","hentry","category-lajme"],"yoast_head":"<!-- This site is optimized with the Yoast SEO plugin v27.4 - https:\/\/yoast.com\/product\/yoast-seo-wordpress\/ -->\n<title>13. gusht 2010 - Republika e S\u00ebrbis\u00eb Trupi Koordinues p\u00ebr komunat Bujanoc, Preshev\u00eb dhe Medvegj\u00eb<\/title>\n<meta name=\"robots\" content=\"index, follow, max-snippet:-1, max-image-preview:large, max-video-preview:-1\" \/>\n<link rel=\"canonical\" href=\"https:\/\/kt.gov.rs\/sq\/13-gusht-2010\/\" \/>\n<meta property=\"og:locale\" content=\"sq_AL\" \/>\n<meta property=\"og:type\" content=\"article\" \/>\n<meta property=\"og:title\" content=\"13. gusht 2010 - Republika e S\u00ebrbis\u00eb Trupi Koordinues p\u00ebr komunat Bujanoc, Preshev\u00eb dhe Medvegj\u00eb\" \/>\n<meta property=\"og:description\" content=\"KAMPINGU I SPORTIT DHE TOLERANC\u00cbS N\u00cb LIAEMIN E VLLASIN\u00cbS N\u00eb liqenin e Vllasin\u00ebs, 56 nx\u00ebn\u00ebs t\u00eb shkollave fillore kan\u00eb marr\u00eb pjes\u00eb p\u00ebr her\u00eb t\u00eb par\u00eb n\u00eb ,,Kampi i sportit dhe toleranc\u00ebs\u2019\u2019. Ideja p\u00ebr nj\u00eb shoq\u00ebrim t\u00eb till\u00eb ka ardh nga grupi i arsimtar\u00ebve t\u00eb edukat\u00ebs fizike nga jugu i Serbis\u00eb. Tet\u00eb arsimtar\u00eb t\u00eb edukat\u00ebs fizike nga Donje Trnave, \u00c7okota, Leskoci, Medvegja dhe Banja e Sijarin\u00ebs kan\u00eb p\u00ebrzgjedhur nga shtat\u00eb nx\u00ebn\u00ebs t\u00eb cil\u00ebt kan\u00eb marr\u00eb pjes\u00eb n\u00eb k\u00ebt\u00eb kamping.\" \/>\n<meta property=\"og:url\" content=\"https:\/\/kt.gov.rs\/sq\/13-gusht-2010\/\" \/>\n<meta property=\"og:site_name\" content=\"Republika e S\u00ebrbis\u00eb Trupi Koordinues p\u00ebr komunat Bujanoc, Preshev\u00eb dhe Medvegj\u00eb\" \/>\n<meta property=\"article:publisher\" content=\"https:\/\/www.facebook.com\/SluzbaKoordinacionogTelaVladeRepublikeSrbije\" \/>\n<meta property=\"article:published_time\" content=\"2010-08-13T00:00:00+00:00\" \/>\n<meta name=\"author\" content=\"ktmin\" \/>\n<meta name=\"twitter:card\" content=\"summary_large_image\" \/>\n<meta name=\"twitter:creator\" content=\"@kt_gov\" \/>\n<meta name=\"twitter:site\" content=\"@kt_gov\" \/>\n<meta name=\"twitter:label1\" content=\"Written by\" \/>\n\t<meta name=\"twitter:data1\" content=\"ktmin\" \/>\n\t<meta name=\"twitter:label2\" content=\"Est. reading time\" \/>\n\t<meta name=\"twitter:data2\" content=\"2 minutes\" \/>\n<script type=\"application\/ld+json\" class=\"yoast-schema-graph\">{\"@context\":\"https:\\\/\\\/schema.org\",\"@graph\":[{\"@type\":\"Article\",\"@id\":\"https:\\\/\\\/kt.gov.rs\\\/sq\\\/13-gusht-2010\\\/#article\",\"isPartOf\":{\"@id\":\"https:\\\/\\\/kt.gov.rs\\\/sq\\\/13-gusht-2010\\\/\"},\"author\":{\"name\":\"ktmin\",\"@id\":\"https:\\\/\\\/kt.gov.rs\\\/#\\\/schema\\\/person\\\/e426459ddb4173309103390602694571\"},\"headline\":\"13. gusht 2010\",\"datePublished\":\"2010-08-13T00:00:00+00:00\",\"mainEntityOfPage\":{\"@id\":\"https:\\\/\\\/kt.gov.rs\\\/sq\\\/13-gusht-2010\\\/\"},\"wordCount\":487,\"publisher\":{\"@id\":\"https:\\\/\\\/kt.gov.rs\\\/#organization\"},\"articleSection\":[\"Lajme\"],\"inLanguage\":\"sq-AL\"},{\"@type\":\"WebPage\",\"@id\":\"https:\\\/\\\/kt.gov.rs\\\/sq\\\/13-gusht-2010\\\/\",\"url\":\"https:\\\/\\\/kt.gov.rs\\\/sq\\\/13-gusht-2010\\\/\",\"name\":\"13. gusht 2010 - Republika e S\u00ebrbis\u00eb Trupi Koordinues p\u00ebr komunat Bujanoc, Preshev\u00eb dhe Medvegj\u00eb\",\"isPartOf\":{\"@id\":\"https:\\\/\\\/kt.gov.rs\\\/#website\"},\"datePublished\":\"2010-08-13T00:00:00+00:00\",\"breadcrumb\":{\"@id\":\"https:\\\/\\\/kt.gov.rs\\\/sq\\\/13-gusht-2010\\\/#breadcrumb\"},\"inLanguage\":\"sq-AL\",\"potentialAction\":[{\"@type\":\"ReadAction\",\"target\":[\"https:\\\/\\\/kt.gov.rs\\\/sq\\\/13-gusht-2010\\\/\"]}]},{\"@type\":\"BreadcrumbList\",\"@id\":\"https:\\\/\\\/kt.gov.rs\\\/sq\\\/13-gusht-2010\\\/#breadcrumb\",\"itemListElement\":[{\"@type\":\"ListItem\",\"position\":1,\"name\":\"\u041f\u043e\u0447\u0435\u0442\u043d\u0430\",\"item\":\"https:\\\/\\\/kt.gov.rs\\\/sq\\\/\"},{\"@type\":\"ListItem\",\"position\":2,\"name\":\"13. gusht 2010\"}]},{\"@type\":\"WebSite\",\"@id\":\"https:\\\/\\\/kt.gov.rs\\\/#website\",\"url\":\"https:\\\/\\\/kt.gov.rs\\\/\",\"name\":\"\u041a\u043e\u043e\u0440\u0434\u0438\u043d\u0430\u0446\u0438\u043e\u043d\u043e \u0442\u0435\u043b\u043e \u0412\u043b\u0430\u0434\u0435 \u0420\u0435\u043f\u0443\u0431\u043b\u0438\u043a\u0435 \u0421\u0440\u0431\u0438\u0458\u0435 \u0437\u0430 \u043e\u043f\u0448\u0442\u0438\u043d\u0435 \u041f\u0440\u0435\u0448\u0435\u0432\u043e, \u0411\u0443\u0458\u0430\u043d\u043e\u0432\u0430\u0446 \u0438 \u041c\u0435\u0434\u0432\u0435\u0452a\",\"description\":\"\",\"publisher\":{\"@id\":\"https:\\\/\\\/kt.gov.rs\\\/#organization\"},\"alternateName\":\"\u041a\u043e\u043e\u0440\u0434\u0438\u043d\u0430\u0446\u0438\u043e\u043d\u043e \u0442\u0435\u043b\u043e\",\"potentialAction\":[{\"@type\":\"SearchAction\",\"target\":{\"@type\":\"EntryPoint\",\"urlTemplate\":\"https:\\\/\\\/kt.gov.rs\\\/?s={search_term_string}\"},\"query-input\":{\"@type\":\"PropertyValueSpecification\",\"valueRequired\":true,\"valueName\":\"search_term_string\"}}],\"inLanguage\":\"sq-AL\"},{\"@type\":\"Organization\",\"@id\":\"https:\\\/\\\/kt.gov.rs\\\/#organization\",\"name\":\"\u041a\u043e\u043e\u0440\u0434\u0438\u043d\u0430\u0446\u0438\u043e\u043d\u043e \u0442\u0435\u043b\u043e \u0412\u043b\u0430\u0434\u0435 \u0420\u0435\u043f\u0443\u0431\u043b\u0438\u043a\u0435 \u0421\u0440\u0431\u0438\u0458\u0435 \u0437\u0430 \u043e\u043f\u0448\u0442\u0438\u043d\u0435 \u041f\u0440\u0435\u0448\u0435\u0432\u043e, \u0411\u0443\u0458\u0430\u043d\u043e\u0432\u0430\u0446 \u0438 \u041c\u0435\u0434\u0432\u0435\u0452a\",\"alternateName\":\"\u041a\u043e\u043e\u0440\u0434\u0438\u043d\u0430\u0446\u0438\u043e\u043d\u043e \u0442\u0435\u043b\u043e\",\"url\":\"https:\\\/\\\/kt.gov.rs\\\/\",\"logo\":{\"@type\":\"ImageObject\",\"inLanguage\":\"sq-AL\",\"@id\":\"https:\\\/\\\/kt.gov.rs\\\/#\\\/schema\\\/logo\\\/image\\\/\",\"url\":\"https:\\\/\\\/kt.gov.rs\\\/wp-content\\\/uploads\\\/2024\\\/12\\\/koord2.jpg\",\"contentUrl\":\"https:\\\/\\\/kt.gov.rs\\\/wp-content\\\/uploads\\\/2024\\\/12\\\/koord2.jpg\",\"width\":640,\"height\":480,\"caption\":\"\u041a\u043e\u043e\u0440\u0434\u0438\u043d\u0430\u0446\u0438\u043e\u043d\u043e \u0442\u0435\u043b\u043e \u0412\u043b\u0430\u0434\u0435 \u0420\u0435\u043f\u0443\u0431\u043b\u0438\u043a\u0435 \u0421\u0440\u0431\u0438\u0458\u0435 \u0437\u0430 \u043e\u043f\u0448\u0442\u0438\u043d\u0435 \u041f\u0440\u0435\u0448\u0435\u0432\u043e, \u0411\u0443\u0458\u0430\u043d\u043e\u0432\u0430\u0446 \u0438 \u041c\u0435\u0434\u0432\u0435\u0452a\"},\"image\":{\"@id\":\"https:\\\/\\\/kt.gov.rs\\\/#\\\/schema\\\/logo\\\/image\\\/\"},\"sameAs\":[\"https:\\\/\\\/www.facebook.com\\\/SluzbaKoordinacionogTelaVladeRepublikeSrbije\",\"https:\\\/\\\/x.com\\\/kt_gov\",\"https:\\\/\\\/www.youtube.com\\\/@koordinacionotelo\"]},{\"@type\":\"Person\",\"@id\":\"https:\\\/\\\/kt.gov.rs\\\/#\\\/schema\\\/person\\\/e426459ddb4173309103390602694571\",\"name\":\"ktmin\",\"image\":{\"@type\":\"ImageObject\",\"inLanguage\":\"sq-AL\",\"@id\":\"https:\\\/\\\/secure.gravatar.com\\\/avatar\\\/3985c961109853010c3fbc7ba30365bfba5db3dd6c525831d9c595c7525a615a?s=96&d=mm&r=g\",\"url\":\"https:\\\/\\\/secure.gravatar.com\\\/avatar\\\/3985c961109853010c3fbc7ba30365bfba5db3dd6c525831d9c595c7525a615a?s=96&d=mm&r=g\",\"contentUrl\":\"https:\\\/\\\/secure.gravatar.com\\\/avatar\\\/3985c961109853010c3fbc7ba30365bfba5db3dd6c525831d9c595c7525a615a?s=96&d=mm&r=g\",\"caption\":\"ktmin\"},\"sameAs\":[\"https:\\\/\\\/kt.gov.rs\"],\"url\":\"https:\\\/\\\/kt.gov.rs\\\/sq\\\/author\\\/ktmin\\\/\"}]}<\/script>\n<!-- \/ Yoast SEO plugin. -->","yoast_head_json":{"title":"13. gusht 2010 - Republika e S\u00ebrbis\u00eb Trupi Koordinues p\u00ebr komunat Bujanoc, Preshev\u00eb dhe Medvegj\u00eb","robots":{"index":"index","follow":"follow","max-snippet":"max-snippet:-1","max-image-preview":"max-image-preview:large","max-video-preview":"max-video-preview:-1"},"canonical":"https:\/\/kt.gov.rs\/sq\/13-gusht-2010\/","og_locale":"sq_AL","og_type":"article","og_title":"13. gusht 2010 - Republika e S\u00ebrbis\u00eb Trupi Koordinues p\u00ebr komunat Bujanoc, Preshev\u00eb dhe Medvegj\u00eb","og_description":"KAMPINGU I SPORTIT DHE TOLERANC\u00cbS N\u00cb LIAEMIN E VLLASIN\u00cbS N\u00eb liqenin e Vllasin\u00ebs, 56 nx\u00ebn\u00ebs t\u00eb shkollave fillore kan\u00eb marr\u00eb pjes\u00eb p\u00ebr her\u00eb t\u00eb par\u00eb n\u00eb ,,Kampi i sportit dhe toleranc\u00ebs\u2019\u2019. Ideja p\u00ebr nj\u00eb shoq\u00ebrim t\u00eb till\u00eb ka ardh nga grupi i arsimtar\u00ebve t\u00eb edukat\u00ebs fizike nga jugu i Serbis\u00eb. Tet\u00eb arsimtar\u00eb t\u00eb edukat\u00ebs fizike nga Donje Trnave, \u00c7okota, Leskoci, Medvegja dhe Banja e Sijarin\u00ebs kan\u00eb p\u00ebrzgjedhur nga shtat\u00eb nx\u00ebn\u00ebs t\u00eb cil\u00ebt kan\u00eb marr\u00eb pjes\u00eb n\u00eb k\u00ebt\u00eb kamping.","og_url":"https:\/\/kt.gov.rs\/sq\/13-gusht-2010\/","og_site_name":"Republika e S\u00ebrbis\u00eb Trupi Koordinues p\u00ebr komunat Bujanoc, Preshev\u00eb dhe Medvegj\u00eb","article_publisher":"https:\/\/www.facebook.com\/SluzbaKoordinacionogTelaVladeRepublikeSrbije","article_published_time":"2010-08-13T00:00:00+00:00","author":"ktmin","twitter_card":"summary_large_image","twitter_creator":"@kt_gov","twitter_site":"@kt_gov","twitter_misc":{"Written by":"ktmin","Est. reading time":"2 minutes"},"schema":{"@context":"https:\/\/schema.org","@graph":[{"@type":"Article","@id":"https:\/\/kt.gov.rs\/sq\/13-gusht-2010\/#article","isPartOf":{"@id":"https:\/\/kt.gov.rs\/sq\/13-gusht-2010\/"},"author":{"name":"ktmin","@id":"https:\/\/kt.gov.rs\/#\/schema\/person\/e426459ddb4173309103390602694571"},"headline":"13. gusht 2010","datePublished":"2010-08-13T00:00:00+00:00","mainEntityOfPage":{"@id":"https:\/\/kt.gov.rs\/sq\/13-gusht-2010\/"},"wordCount":487,"publisher":{"@id":"https:\/\/kt.gov.rs\/#organization"},"articleSection":["Lajme"],"inLanguage":"sq-AL"},{"@type":"WebPage","@id":"https:\/\/kt.gov.rs\/sq\/13-gusht-2010\/","url":"https:\/\/kt.gov.rs\/sq\/13-gusht-2010\/","name":"13. gusht 2010 - Republika e S\u00ebrbis\u00eb Trupi Koordinues p\u00ebr komunat Bujanoc, Preshev\u00eb dhe Medvegj\u00eb","isPartOf":{"@id":"https:\/\/kt.gov.rs\/#website"},"datePublished":"2010-08-13T00:00:00+00:00","breadcrumb":{"@id":"https:\/\/kt.gov.rs\/sq\/13-gusht-2010\/#breadcrumb"},"inLanguage":"sq-AL","potentialAction":[{"@type":"ReadAction","target":["https:\/\/kt.gov.rs\/sq\/13-gusht-2010\/"]}]},{"@type":"BreadcrumbList","@id":"https:\/\/kt.gov.rs\/sq\/13-gusht-2010\/#breadcrumb","itemListElement":[{"@type":"ListItem","position":1,"name":"\u041f\u043e\u0447\u0435\u0442\u043d\u0430","item":"https:\/\/kt.gov.rs\/sq\/"},{"@type":"ListItem","position":2,"name":"13. gusht 2010"}]},{"@type":"WebSite","@id":"https:\/\/kt.gov.rs\/#website","url":"https:\/\/kt.gov.rs\/","name":"\u041a\u043e\u043e\u0440\u0434\u0438\u043d\u0430\u0446\u0438\u043e\u043d\u043e \u0442\u0435\u043b\u043e \u0412\u043b\u0430\u0434\u0435 \u0420\u0435\u043f\u0443\u0431\u043b\u0438\u043a\u0435 \u0421\u0440\u0431\u0438\u0458\u0435 \u0437\u0430 \u043e\u043f\u0448\u0442\u0438\u043d\u0435 \u041f\u0440\u0435\u0448\u0435\u0432\u043e, \u0411\u0443\u0458\u0430\u043d\u043e\u0432\u0430\u0446 \u0438 \u041c\u0435\u0434\u0432\u0435\u0452a","description":"","publisher":{"@id":"https:\/\/kt.gov.rs\/#organization"},"alternateName":"\u041a\u043e\u043e\u0440\u0434\u0438\u043d\u0430\u0446\u0438\u043e\u043d\u043e \u0442\u0435\u043b\u043e","potentialAction":[{"@type":"SearchAction","target":{"@type":"EntryPoint","urlTemplate":"https:\/\/kt.gov.rs\/?s={search_term_string}"},"query-input":{"@type":"PropertyValueSpecification","valueRequired":true,"valueName":"search_term_string"}}],"inLanguage":"sq-AL"},{"@type":"Organization","@id":"https:\/\/kt.gov.rs\/#organization","name":"\u041a\u043e\u043e\u0440\u0434\u0438\u043d\u0430\u0446\u0438\u043e\u043d\u043e \u0442\u0435\u043b\u043e \u0412\u043b\u0430\u0434\u0435 \u0420\u0435\u043f\u0443\u0431\u043b\u0438\u043a\u0435 \u0421\u0440\u0431\u0438\u0458\u0435 \u0437\u0430 \u043e\u043f\u0448\u0442\u0438\u043d\u0435 \u041f\u0440\u0435\u0448\u0435\u0432\u043e, \u0411\u0443\u0458\u0430\u043d\u043e\u0432\u0430\u0446 \u0438 \u041c\u0435\u0434\u0432\u0435\u0452a","alternateName":"\u041a\u043e\u043e\u0440\u0434\u0438\u043d\u0430\u0446\u0438\u043e\u043d\u043e \u0442\u0435\u043b\u043e","url":"https:\/\/kt.gov.rs\/","logo":{"@type":"ImageObject","inLanguage":"sq-AL","@id":"https:\/\/kt.gov.rs\/#\/schema\/logo\/image\/","url":"https:\/\/kt.gov.rs\/wp-content\/uploads\/2024\/12\/koord2.jpg","contentUrl":"https:\/\/kt.gov.rs\/wp-content\/uploads\/2024\/12\/koord2.jpg","width":640,"height":480,"caption":"\u041a\u043e\u043e\u0440\u0434\u0438\u043d\u0430\u0446\u0438\u043e\u043d\u043e \u0442\u0435\u043b\u043e \u0412\u043b\u0430\u0434\u0435 \u0420\u0435\u043f\u0443\u0431\u043b\u0438\u043a\u0435 \u0421\u0440\u0431\u0438\u0458\u0435 \u0437\u0430 \u043e\u043f\u0448\u0442\u0438\u043d\u0435 \u041f\u0440\u0435\u0448\u0435\u0432\u043e, \u0411\u0443\u0458\u0430\u043d\u043e\u0432\u0430\u0446 \u0438 \u041c\u0435\u0434\u0432\u0435\u0452a"},"image":{"@id":"https:\/\/kt.gov.rs\/#\/schema\/logo\/image\/"},"sameAs":["https:\/\/www.facebook.com\/SluzbaKoordinacionogTelaVladeRepublikeSrbije","https:\/\/x.com\/kt_gov","https:\/\/www.youtube.com\/@koordinacionotelo"]},{"@type":"Person","@id":"https:\/\/kt.gov.rs\/#\/schema\/person\/e426459ddb4173309103390602694571","name":"ktmin","image":{"@type":"ImageObject","inLanguage":"sq-AL","@id":"https:\/\/secure.gravatar.com\/avatar\/3985c961109853010c3fbc7ba30365bfba5db3dd6c525831d9c595c7525a615a?s=96&d=mm&r=g","url":"https:\/\/secure.gravatar.com\/avatar\/3985c961109853010c3fbc7ba30365bfba5db3dd6c525831d9c595c7525a615a?s=96&d=mm&r=g","contentUrl":"https:\/\/secure.gravatar.com\/avatar\/3985c961109853010c3fbc7ba30365bfba5db3dd6c525831d9c595c7525a615a?s=96&d=mm&r=g","caption":"ktmin"},"sameAs":["https:\/\/kt.gov.rs"],"url":"https:\/\/kt.gov.rs\/sq\/author\/ktmin\/"}]}},"_links":{"self":[{"href":"https:\/\/kt.gov.rs\/sq\/wp-json\/wp\/v2\/posts\/142657","targetHints":{"allow":["GET"]}}],"collection":[{"href":"https:\/\/kt.gov.rs\/sq\/wp-json\/wp\/v2\/posts"}],"about":[{"href":"https:\/\/kt.gov.rs\/sq\/wp-json\/wp\/v2\/types\/post"}],"author":[{"embeddable":true,"href":"https:\/\/kt.gov.rs\/sq\/wp-json\/wp\/v2\/users\/1"}],"replies":[{"embeddable":true,"href":"https:\/\/kt.gov.rs\/sq\/wp-json\/wp\/v2\/comments?post=142657"}],"version-history":[{"count":0,"href":"https:\/\/kt.gov.rs\/sq\/wp-json\/wp\/v2\/posts\/142657\/revisions"}],"wp:attachment":[{"href":"https:\/\/kt.gov.rs\/sq\/wp-json\/wp\/v2\/media?parent=142657"}],"wp:term":[{"taxonomy":"category","embeddable":true,"href":"https:\/\/kt.gov.rs\/sq\/wp-json\/wp\/v2\/categories?post=142657"},{"taxonomy":"post_tag","embeddable":true,"href":"https:\/\/kt.gov.rs\/sq\/wp-json\/wp\/v2\/tags?post=142657"}],"curies":[{"name":"wp","href":"https:\/\/api.w.org\/{rel}","templated":true}]}}