{"id":142654,"date":"2010-08-28T00:00:00","date_gmt":"2010-08-28T00:00:00","guid":{"rendered":"http:\/\/kt.printandscreen.rs\/28-8-2010\/"},"modified":"2010-08-28T00:00:00","modified_gmt":"2010-08-28T00:00:00","slug":"28-8-2010","status":"publish","type":"post","link":"https:\/\/kt.gov.rs\/sq\/28-8-2010\/","title":{"rendered":"28.8.2010."},"content":{"rendered":"<p><strong>Ndihm\u00eb inisiativave p\u00ebr biznes t\u00eb vog\u00ebl n\u00eb jug t\u00eb Serbis\u00eb <\/strong><\/p>\n<p>Organizata HELP ka filluar fushat\u00ebn n\u00eb teritorin e qytetit t\u00eb Vranj\u00ebs n\u00eb lidhje me projektin ,, zvog\u00eblimi i varf\u00ebris\u00eb n\u00ebp\u00ebrmjet mb\u00ebshtetjes p\u00ebr zhvillim t\u00eb q\u00ebndruesh\u00ebm lokal n\u00eb jug t\u00eb Serbis\u00eb\u2019\u2019. Projekti realizohet n\u00eb teritorin e qyteteve t\u00eb Nishit dhe Vranj\u00ebs si dhe komunave t\u00eb Aleksinc\u00ebs, Bujanocit, Pirotit dhe Preshev\u00ebs, projekt i cili finansohet nga Qeveria Gjermane. Investimet e p\u00ebrgjithshme kapin sum\u00ebn prej 956.200 euro dhe do t\u00eb zgjas\u00eb nga korriku i vitit 2010 deri n\u00eb dhjetor\u00eb t\u00eb vitit 2011. Suma e nj\u00eb pjese t\u00eb projektit i cili implementohet n\u00eb teritoren e qytetit t\u00eb Vranj\u00ebs \u00ebsht\u00eb rreth 130.000 euro nga e cila qyteti i Vranj\u00ebs merr pjes\u00eb me 56.000 euro.<\/p>\n<p>Implementimi i aktiviteteve t\u00eb projektit t\u00eb HELP-it do t\u00eb organizohet n\u00eb bashk\u00ebpunim me OJQ ,,Edeas\u2019\u2019 nga Bujanoci dhe ,,Eneca\u2019\u2019 nga Nishi.<\/p>\n<p>Projekti, q\u00ebllimi i s\u00eb cilit \u00ebsht\u00eb kontributi n\u00eb zhvillimin e q\u00ebndruesh\u00ebm i fokusuar n\u00eb p\u00ebrforcimin e strukturave ekonomike lokale, duke u mund\u00ebsuar hapjen e vendeve t\u00eb reja t\u00eb pun\u00ebs e nj\u00ebherit p\u00ebrfaq\u00ebson vazhdimin e aktiviteteve t\u00eb HELP-it, \u00ebsht\u00eb parapar\u00eb hapja e vendeve t\u00eb reja t\u00eb pun\u00ebs p\u00ebrmes zhvillimit t\u00eb ,,start-up\u2019\u2019 biznesit. N\u00eb suaza t\u00eb k\u00ebtyre aktiviteteve, n\u00eb teritorin e komun\u00ebs s\u00eb\u00a0 Vranj\u00ebs do mb\u00ebshteten 50 klijent\u00eb n\u00eb q\u00ebllimet e tyre n\u00eb fillimin ose n\u00eb zhvillimin aktivitete e tyre afariste t\u00eb filluara q\u00eb m\u00eb par\u00eb. Aplikuesit\u00a0 me t\u00eb cil\u00ebt n\u00ebnshkruhet kontrata p\u00ebr donacion do t\u00eb marrin pajisje ose material n\u00eb nj\u00eb sum\u00eb deri n\u00eb 2.000 euro p\u00ebr biznesin dhe trajnim profesional n\u00eb p\u00ebrputhje me nevojat e tyre.<\/p>\n<p>HELP-i p\u00ebrmes aktiviteteve t\u00eb saj\u00eb n\u00eb periudh\u00ebn kohore q\u00eb nga viti 2004 deri m\u00eb sot n\u00eb Vranj\u00eb, p\u00ebrmes kat\u00ebr projekteve, ka p\u00ebrkrahur 273 klijent\u00eb dhe pes\u00eb kooperativa. Dy kooperativa p\u00ebr prodhimtarin\u00eb n\u00eb serr\u00eb t\u00eb perimeve dhe pem\u00ebve, kooperativa \u2013stacioni inkubator\u00eb p\u00ebr prodhimin e zogj\u00ebve ,,Hrabro pulus\u2019\u2019 dhe kooperativa p\u00ebr prodhimin e buk\u00ebs vendore dhe \u00ebmb\u00eblsirave ,,Tradita dhe afazizmi\u2019\u2019 jan\u00eb nga Vranja, nd\u00ebrsa kooperativa \u2013 shoqata p\u00ebr rritjen e shtaz\u00ebve dhe prodhimin e qum\u00ebshtit ,,Natyrore dhe sh\u00ebndet\u00ebsore\u2019\u2019 \u00ebsht\u00eb nga Surdulica, dhe t\u00eb gjitha k\u00ebto jan\u00eb themeluar n\u00eb periudh\u00ebn kohore nga viti 2008 deri n\u00eb vitin 2010.<\/p>\n","protected":false},"excerpt":{"rendered":"<p>Ndihm\u00eb inisiativave p\u00ebr biznes t\u00eb vog\u00ebl n\u00eb jug t\u00eb Serbis\u00eb <\/p>\n<p>Organizata HELP ka filluar fushat\u00ebn n\u00eb teritorin e qytetit t\u00eb Vranj\u00ebs n\u00eb  lidhje me projektin ,, zvog\u00eblimi i varf\u00ebris\u00eb n\u00ebp\u00ebrmjet mb\u00ebshtetjes p\u00ebr  zhvillim t\u00eb q\u00ebndruesh\u00ebm lokal n\u00eb jug t\u00eb Serbis\u00eb\u2019\u2019. Projekti realizohet  n\u00eb teritorin e qyteteve t\u00eb Nishit dhe Vranj\u00ebs si dhe komunave t\u00eb  Aleksinc\u00ebs, Bujanocit, Pirotit dhe Preshev\u00ebs, projekt i cili finansohet  nga Qeveria Gjermane. Investimet e p\u00ebrgjithshme kapin sum\u00ebn prej 956.200  euro dhe do t\u00eb zgjas\u00eb nga korriku i vitit 2010 deri n\u00eb dhjetor\u00eb t\u00eb  vitit 2011. Suma e nj\u00eb pjese t\u00eb projektit i cili implementohet n\u00eb  teritoren e qytetit t\u00eb Vranj\u00ebs \u00ebsht\u00eb rreth 130.000 euro nga e cila  qyteti i Vranj\u00ebs merr pjes\u00eb me 56.000 euro.<\/p>\n","protected":false},"author":1,"featured_media":0,"comment_status":"closed","ping_status":"closed","sticky":false,"template":"","format":"standard","meta":{"footnotes":""},"categories":[55],"tags":[],"class_list":["post-142654","post","type-post","status-publish","format-standard","hentry","category-lajme"],"yoast_head":"<!-- This site is optimized with the Yoast SEO plugin v27.5 - https:\/\/yoast.com\/product\/yoast-seo-wordpress\/ -->\n<title>28.8.2010. - Republika e S\u00ebrbis\u00eb Trupi Koordinues p\u00ebr komunat Bujanoc, Preshev\u00eb dhe Medvegj\u00eb<\/title>\n<meta name=\"robots\" content=\"index, follow, max-snippet:-1, max-image-preview:large, max-video-preview:-1\" \/>\n<link rel=\"canonical\" href=\"https:\/\/kt.gov.rs\/sq\/28-8-2010\/\" \/>\n<meta property=\"og:locale\" content=\"sq_AL\" \/>\n<meta property=\"og:type\" content=\"article\" \/>\n<meta property=\"og:title\" content=\"28.8.2010. - Republika e S\u00ebrbis\u00eb Trupi Koordinues p\u00ebr komunat Bujanoc, Preshev\u00eb dhe Medvegj\u00eb\" \/>\n<meta property=\"og:description\" content=\"Ndihm\u00eb inisiativave p\u00ebr biznes t\u00eb vog\u00ebl n\u00eb jug t\u00eb Serbis\u00eb  Organizata HELP ka filluar fushat\u00ebn n\u00eb teritorin e qytetit t\u00eb Vranj\u00ebs n\u00eb lidhje me projektin ,, zvog\u00eblimi i varf\u00ebris\u00eb n\u00ebp\u00ebrmjet mb\u00ebshtetjes p\u00ebr zhvillim t\u00eb q\u00ebndruesh\u00ebm lokal n\u00eb jug t\u00eb Serbis\u00eb\u2019\u2019. Projekti realizohet n\u00eb teritorin e qyteteve t\u00eb Nishit dhe Vranj\u00ebs si dhe komunave t\u00eb Aleksinc\u00ebs, Bujanocit, Pirotit dhe Preshev\u00ebs, projekt i cili finansohet nga Qeveria Gjermane. Investimet e p\u00ebrgjithshme kapin sum\u00ebn prej 956.200 euro dhe do t\u00eb zgjas\u00eb nga korriku i vitit 2010 deri n\u00eb dhjetor\u00eb t\u00eb vitit 2011. Suma e nj\u00eb pjese t\u00eb projektit i cili implementohet n\u00eb teritoren e qytetit t\u00eb Vranj\u00ebs \u00ebsht\u00eb rreth 130.000 euro nga e cila qyteti i Vranj\u00ebs merr pjes\u00eb me 56.000 euro.\" \/>\n<meta property=\"og:url\" content=\"https:\/\/kt.gov.rs\/sq\/28-8-2010\/\" \/>\n<meta property=\"og:site_name\" content=\"Republika e S\u00ebrbis\u00eb Trupi Koordinues p\u00ebr komunat Bujanoc, Preshev\u00eb dhe Medvegj\u00eb\" \/>\n<meta property=\"article:publisher\" content=\"https:\/\/www.facebook.com\/SluzbaKoordinacionogTelaVladeRepublikeSrbije\" \/>\n<meta property=\"article:published_time\" content=\"2010-08-28T00:00:00+00:00\" \/>\n<meta name=\"author\" content=\"ktmin\" \/>\n<meta name=\"twitter:card\" content=\"summary_large_image\" \/>\n<meta name=\"twitter:creator\" content=\"@kt_gov\" \/>\n<meta name=\"twitter:site\" content=\"@kt_gov\" \/>\n<meta name=\"twitter:label1\" content=\"Written by\" \/>\n\t<meta name=\"twitter:data1\" content=\"ktmin\" \/>\n\t<meta name=\"twitter:label2\" content=\"Est. reading time\" \/>\n\t<meta name=\"twitter:data2\" content=\"2 minutes\" \/>\n<script type=\"application\/ld+json\" class=\"yoast-schema-graph\">{\"@context\":\"https:\\\/\\\/schema.org\",\"@graph\":[{\"@type\":\"Article\",\"@id\":\"https:\\\/\\\/kt.gov.rs\\\/sq\\\/28-8-2010\\\/#article\",\"isPartOf\":{\"@id\":\"https:\\\/\\\/kt.gov.rs\\\/sq\\\/28-8-2010\\\/\"},\"author\":{\"name\":\"ktmin\",\"@id\":\"https:\\\/\\\/kt.gov.rs\\\/#\\\/schema\\\/person\\\/e426459ddb4173309103390602694571\"},\"headline\":\"28.8.2010.\",\"datePublished\":\"2010-08-28T00:00:00+00:00\",\"mainEntityOfPage\":{\"@id\":\"https:\\\/\\\/kt.gov.rs\\\/sq\\\/28-8-2010\\\/\"},\"wordCount\":417,\"publisher\":{\"@id\":\"https:\\\/\\\/kt.gov.rs\\\/#organization\"},\"articleSection\":[\"Lajme\"],\"inLanguage\":\"sq-AL\"},{\"@type\":\"WebPage\",\"@id\":\"https:\\\/\\\/kt.gov.rs\\\/sq\\\/28-8-2010\\\/\",\"url\":\"https:\\\/\\\/kt.gov.rs\\\/sq\\\/28-8-2010\\\/\",\"name\":\"28.8.2010. - Republika e S\u00ebrbis\u00eb Trupi Koordinues p\u00ebr komunat Bujanoc, Preshev\u00eb dhe Medvegj\u00eb\",\"isPartOf\":{\"@id\":\"https:\\\/\\\/kt.gov.rs\\\/#website\"},\"datePublished\":\"2010-08-28T00:00:00+00:00\",\"breadcrumb\":{\"@id\":\"https:\\\/\\\/kt.gov.rs\\\/sq\\\/28-8-2010\\\/#breadcrumb\"},\"inLanguage\":\"sq-AL\",\"potentialAction\":[{\"@type\":\"ReadAction\",\"target\":[\"https:\\\/\\\/kt.gov.rs\\\/sq\\\/28-8-2010\\\/\"]}]},{\"@type\":\"BreadcrumbList\",\"@id\":\"https:\\\/\\\/kt.gov.rs\\\/sq\\\/28-8-2010\\\/#breadcrumb\",\"itemListElement\":[{\"@type\":\"ListItem\",\"position\":1,\"name\":\"\u041f\u043e\u0447\u0435\u0442\u043d\u0430\",\"item\":\"https:\\\/\\\/kt.gov.rs\\\/sq\\\/\"},{\"@type\":\"ListItem\",\"position\":2,\"name\":\"28.8.2010.\"}]},{\"@type\":\"WebSite\",\"@id\":\"https:\\\/\\\/kt.gov.rs\\\/#website\",\"url\":\"https:\\\/\\\/kt.gov.rs\\\/\",\"name\":\"\u041a\u043e\u043e\u0440\u0434\u0438\u043d\u0430\u0446\u0438\u043e\u043d\u043e \u0442\u0435\u043b\u043e \u0412\u043b\u0430\u0434\u0435 \u0420\u0435\u043f\u0443\u0431\u043b\u0438\u043a\u0435 \u0421\u0440\u0431\u0438\u0458\u0435 \u0437\u0430 \u043e\u043f\u0448\u0442\u0438\u043d\u0435 \u041f\u0440\u0435\u0448\u0435\u0432\u043e, \u0411\u0443\u0458\u0430\u043d\u043e\u0432\u0430\u0446 \u0438 \u041c\u0435\u0434\u0432\u0435\u0452a\",\"description\":\"\",\"publisher\":{\"@id\":\"https:\\\/\\\/kt.gov.rs\\\/#organization\"},\"alternateName\":\"\u041a\u043e\u043e\u0440\u0434\u0438\u043d\u0430\u0446\u0438\u043e\u043d\u043e \u0442\u0435\u043b\u043e\",\"potentialAction\":[{\"@type\":\"SearchAction\",\"target\":{\"@type\":\"EntryPoint\",\"urlTemplate\":\"https:\\\/\\\/kt.gov.rs\\\/?s={search_term_string}\"},\"query-input\":{\"@type\":\"PropertyValueSpecification\",\"valueRequired\":true,\"valueName\":\"search_term_string\"}}],\"inLanguage\":\"sq-AL\"},{\"@type\":\"Organization\",\"@id\":\"https:\\\/\\\/kt.gov.rs\\\/#organization\",\"name\":\"\u041a\u043e\u043e\u0440\u0434\u0438\u043d\u0430\u0446\u0438\u043e\u043d\u043e \u0442\u0435\u043b\u043e \u0412\u043b\u0430\u0434\u0435 \u0420\u0435\u043f\u0443\u0431\u043b\u0438\u043a\u0435 \u0421\u0440\u0431\u0438\u0458\u0435 \u0437\u0430 \u043e\u043f\u0448\u0442\u0438\u043d\u0435 \u041f\u0440\u0435\u0448\u0435\u0432\u043e, \u0411\u0443\u0458\u0430\u043d\u043e\u0432\u0430\u0446 \u0438 \u041c\u0435\u0434\u0432\u0435\u0452a\",\"alternateName\":\"\u041a\u043e\u043e\u0440\u0434\u0438\u043d\u0430\u0446\u0438\u043e\u043d\u043e \u0442\u0435\u043b\u043e\",\"url\":\"https:\\\/\\\/kt.gov.rs\\\/\",\"logo\":{\"@type\":\"ImageObject\",\"inLanguage\":\"sq-AL\",\"@id\":\"https:\\\/\\\/kt.gov.rs\\\/#\\\/schema\\\/logo\\\/image\\\/\",\"url\":\"https:\\\/\\\/kt.gov.rs\\\/wp-content\\\/uploads\\\/2024\\\/12\\\/koord2.jpg\",\"contentUrl\":\"https:\\\/\\\/kt.gov.rs\\\/wp-content\\\/uploads\\\/2024\\\/12\\\/koord2.jpg\",\"width\":640,\"height\":480,\"caption\":\"\u041a\u043e\u043e\u0440\u0434\u0438\u043d\u0430\u0446\u0438\u043e\u043d\u043e \u0442\u0435\u043b\u043e \u0412\u043b\u0430\u0434\u0435 \u0420\u0435\u043f\u0443\u0431\u043b\u0438\u043a\u0435 \u0421\u0440\u0431\u0438\u0458\u0435 \u0437\u0430 \u043e\u043f\u0448\u0442\u0438\u043d\u0435 \u041f\u0440\u0435\u0448\u0435\u0432\u043e, \u0411\u0443\u0458\u0430\u043d\u043e\u0432\u0430\u0446 \u0438 \u041c\u0435\u0434\u0432\u0435\u0452a\"},\"image\":{\"@id\":\"https:\\\/\\\/kt.gov.rs\\\/#\\\/schema\\\/logo\\\/image\\\/\"},\"sameAs\":[\"https:\\\/\\\/www.facebook.com\\\/SluzbaKoordinacionogTelaVladeRepublikeSrbije\",\"https:\\\/\\\/x.com\\\/kt_gov\",\"https:\\\/\\\/www.youtube.com\\\/@koordinacionotelo\"]},{\"@type\":\"Person\",\"@id\":\"https:\\\/\\\/kt.gov.rs\\\/#\\\/schema\\\/person\\\/e426459ddb4173309103390602694571\",\"name\":\"ktmin\",\"image\":{\"@type\":\"ImageObject\",\"inLanguage\":\"sq-AL\",\"@id\":\"https:\\\/\\\/secure.gravatar.com\\\/avatar\\\/3985c961109853010c3fbc7ba30365bfba5db3dd6c525831d9c595c7525a615a?s=96&d=mm&r=g\",\"url\":\"https:\\\/\\\/secure.gravatar.com\\\/avatar\\\/3985c961109853010c3fbc7ba30365bfba5db3dd6c525831d9c595c7525a615a?s=96&d=mm&r=g\",\"contentUrl\":\"https:\\\/\\\/secure.gravatar.com\\\/avatar\\\/3985c961109853010c3fbc7ba30365bfba5db3dd6c525831d9c595c7525a615a?s=96&d=mm&r=g\",\"caption\":\"ktmin\"},\"sameAs\":[\"https:\\\/\\\/kt.gov.rs\"],\"url\":\"https:\\\/\\\/kt.gov.rs\\\/sq\\\/author\\\/ktmin\\\/\"}]}<\/script>\n<!-- \/ Yoast SEO plugin. -->","yoast_head_json":{"title":"28.8.2010. - Republika e S\u00ebrbis\u00eb Trupi Koordinues p\u00ebr komunat Bujanoc, Preshev\u00eb dhe Medvegj\u00eb","robots":{"index":"index","follow":"follow","max-snippet":"max-snippet:-1","max-image-preview":"max-image-preview:large","max-video-preview":"max-video-preview:-1"},"canonical":"https:\/\/kt.gov.rs\/sq\/28-8-2010\/","og_locale":"sq_AL","og_type":"article","og_title":"28.8.2010. - Republika e S\u00ebrbis\u00eb Trupi Koordinues p\u00ebr komunat Bujanoc, Preshev\u00eb dhe Medvegj\u00eb","og_description":"Ndihm\u00eb inisiativave p\u00ebr biznes t\u00eb vog\u00ebl n\u00eb jug t\u00eb Serbis\u00eb  Organizata HELP ka filluar fushat\u00ebn n\u00eb teritorin e qytetit t\u00eb Vranj\u00ebs n\u00eb lidhje me projektin ,, zvog\u00eblimi i varf\u00ebris\u00eb n\u00ebp\u00ebrmjet mb\u00ebshtetjes p\u00ebr zhvillim t\u00eb q\u00ebndruesh\u00ebm lokal n\u00eb jug t\u00eb Serbis\u00eb\u2019\u2019. Projekti realizohet n\u00eb teritorin e qyteteve t\u00eb Nishit dhe Vranj\u00ebs si dhe komunave t\u00eb Aleksinc\u00ebs, Bujanocit, Pirotit dhe Preshev\u00ebs, projekt i cili finansohet nga Qeveria Gjermane. Investimet e p\u00ebrgjithshme kapin sum\u00ebn prej 956.200 euro dhe do t\u00eb zgjas\u00eb nga korriku i vitit 2010 deri n\u00eb dhjetor\u00eb t\u00eb vitit 2011. Suma e nj\u00eb pjese t\u00eb projektit i cili implementohet n\u00eb teritoren e qytetit t\u00eb Vranj\u00ebs \u00ebsht\u00eb rreth 130.000 euro nga e cila qyteti i Vranj\u00ebs merr pjes\u00eb me 56.000 euro.","og_url":"https:\/\/kt.gov.rs\/sq\/28-8-2010\/","og_site_name":"Republika e S\u00ebrbis\u00eb Trupi Koordinues p\u00ebr komunat Bujanoc, Preshev\u00eb dhe Medvegj\u00eb","article_publisher":"https:\/\/www.facebook.com\/SluzbaKoordinacionogTelaVladeRepublikeSrbije","article_published_time":"2010-08-28T00:00:00+00:00","author":"ktmin","twitter_card":"summary_large_image","twitter_creator":"@kt_gov","twitter_site":"@kt_gov","twitter_misc":{"Written by":"ktmin","Est. reading time":"2 minutes"},"schema":{"@context":"https:\/\/schema.org","@graph":[{"@type":"Article","@id":"https:\/\/kt.gov.rs\/sq\/28-8-2010\/#article","isPartOf":{"@id":"https:\/\/kt.gov.rs\/sq\/28-8-2010\/"},"author":{"name":"ktmin","@id":"https:\/\/kt.gov.rs\/#\/schema\/person\/e426459ddb4173309103390602694571"},"headline":"28.8.2010.","datePublished":"2010-08-28T00:00:00+00:00","mainEntityOfPage":{"@id":"https:\/\/kt.gov.rs\/sq\/28-8-2010\/"},"wordCount":417,"publisher":{"@id":"https:\/\/kt.gov.rs\/#organization"},"articleSection":["Lajme"],"inLanguage":"sq-AL"},{"@type":"WebPage","@id":"https:\/\/kt.gov.rs\/sq\/28-8-2010\/","url":"https:\/\/kt.gov.rs\/sq\/28-8-2010\/","name":"28.8.2010. - Republika e S\u00ebrbis\u00eb Trupi Koordinues p\u00ebr komunat Bujanoc, Preshev\u00eb dhe Medvegj\u00eb","isPartOf":{"@id":"https:\/\/kt.gov.rs\/#website"},"datePublished":"2010-08-28T00:00:00+00:00","breadcrumb":{"@id":"https:\/\/kt.gov.rs\/sq\/28-8-2010\/#breadcrumb"},"inLanguage":"sq-AL","potentialAction":[{"@type":"ReadAction","target":["https:\/\/kt.gov.rs\/sq\/28-8-2010\/"]}]},{"@type":"BreadcrumbList","@id":"https:\/\/kt.gov.rs\/sq\/28-8-2010\/#breadcrumb","itemListElement":[{"@type":"ListItem","position":1,"name":"\u041f\u043e\u0447\u0435\u0442\u043d\u0430","item":"https:\/\/kt.gov.rs\/sq\/"},{"@type":"ListItem","position":2,"name":"28.8.2010."}]},{"@type":"WebSite","@id":"https:\/\/kt.gov.rs\/#website","url":"https:\/\/kt.gov.rs\/","name":"\u041a\u043e\u043e\u0440\u0434\u0438\u043d\u0430\u0446\u0438\u043e\u043d\u043e \u0442\u0435\u043b\u043e \u0412\u043b\u0430\u0434\u0435 \u0420\u0435\u043f\u0443\u0431\u043b\u0438\u043a\u0435 \u0421\u0440\u0431\u0438\u0458\u0435 \u0437\u0430 \u043e\u043f\u0448\u0442\u0438\u043d\u0435 \u041f\u0440\u0435\u0448\u0435\u0432\u043e, \u0411\u0443\u0458\u0430\u043d\u043e\u0432\u0430\u0446 \u0438 \u041c\u0435\u0434\u0432\u0435\u0452a","description":"","publisher":{"@id":"https:\/\/kt.gov.rs\/#organization"},"alternateName":"\u041a\u043e\u043e\u0440\u0434\u0438\u043d\u0430\u0446\u0438\u043e\u043d\u043e \u0442\u0435\u043b\u043e","potentialAction":[{"@type":"SearchAction","target":{"@type":"EntryPoint","urlTemplate":"https:\/\/kt.gov.rs\/?s={search_term_string}"},"query-input":{"@type":"PropertyValueSpecification","valueRequired":true,"valueName":"search_term_string"}}],"inLanguage":"sq-AL"},{"@type":"Organization","@id":"https:\/\/kt.gov.rs\/#organization","name":"\u041a\u043e\u043e\u0440\u0434\u0438\u043d\u0430\u0446\u0438\u043e\u043d\u043e \u0442\u0435\u043b\u043e \u0412\u043b\u0430\u0434\u0435 \u0420\u0435\u043f\u0443\u0431\u043b\u0438\u043a\u0435 \u0421\u0440\u0431\u0438\u0458\u0435 \u0437\u0430 \u043e\u043f\u0448\u0442\u0438\u043d\u0435 \u041f\u0440\u0435\u0448\u0435\u0432\u043e, \u0411\u0443\u0458\u0430\u043d\u043e\u0432\u0430\u0446 \u0438 \u041c\u0435\u0434\u0432\u0435\u0452a","alternateName":"\u041a\u043e\u043e\u0440\u0434\u0438\u043d\u0430\u0446\u0438\u043e\u043d\u043e \u0442\u0435\u043b\u043e","url":"https:\/\/kt.gov.rs\/","logo":{"@type":"ImageObject","inLanguage":"sq-AL","@id":"https:\/\/kt.gov.rs\/#\/schema\/logo\/image\/","url":"https:\/\/kt.gov.rs\/wp-content\/uploads\/2024\/12\/koord2.jpg","contentUrl":"https:\/\/kt.gov.rs\/wp-content\/uploads\/2024\/12\/koord2.jpg","width":640,"height":480,"caption":"\u041a\u043e\u043e\u0440\u0434\u0438\u043d\u0430\u0446\u0438\u043e\u043d\u043e \u0442\u0435\u043b\u043e \u0412\u043b\u0430\u0434\u0435 \u0420\u0435\u043f\u0443\u0431\u043b\u0438\u043a\u0435 \u0421\u0440\u0431\u0438\u0458\u0435 \u0437\u0430 \u043e\u043f\u0448\u0442\u0438\u043d\u0435 \u041f\u0440\u0435\u0448\u0435\u0432\u043e, \u0411\u0443\u0458\u0430\u043d\u043e\u0432\u0430\u0446 \u0438 \u041c\u0435\u0434\u0432\u0435\u0452a"},"image":{"@id":"https:\/\/kt.gov.rs\/#\/schema\/logo\/image\/"},"sameAs":["https:\/\/www.facebook.com\/SluzbaKoordinacionogTelaVladeRepublikeSrbije","https:\/\/x.com\/kt_gov","https:\/\/www.youtube.com\/@koordinacionotelo"]},{"@type":"Person","@id":"https:\/\/kt.gov.rs\/#\/schema\/person\/e426459ddb4173309103390602694571","name":"ktmin","image":{"@type":"ImageObject","inLanguage":"sq-AL","@id":"https:\/\/secure.gravatar.com\/avatar\/3985c961109853010c3fbc7ba30365bfba5db3dd6c525831d9c595c7525a615a?s=96&d=mm&r=g","url":"https:\/\/secure.gravatar.com\/avatar\/3985c961109853010c3fbc7ba30365bfba5db3dd6c525831d9c595c7525a615a?s=96&d=mm&r=g","contentUrl":"https:\/\/secure.gravatar.com\/avatar\/3985c961109853010c3fbc7ba30365bfba5db3dd6c525831d9c595c7525a615a?s=96&d=mm&r=g","caption":"ktmin"},"sameAs":["https:\/\/kt.gov.rs"],"url":"https:\/\/kt.gov.rs\/sq\/author\/ktmin\/"}]}},"_links":{"self":[{"href":"https:\/\/kt.gov.rs\/sq\/wp-json\/wp\/v2\/posts\/142654","targetHints":{"allow":["GET"]}}],"collection":[{"href":"https:\/\/kt.gov.rs\/sq\/wp-json\/wp\/v2\/posts"}],"about":[{"href":"https:\/\/kt.gov.rs\/sq\/wp-json\/wp\/v2\/types\/post"}],"author":[{"embeddable":true,"href":"https:\/\/kt.gov.rs\/sq\/wp-json\/wp\/v2\/users\/1"}],"replies":[{"embeddable":true,"href":"https:\/\/kt.gov.rs\/sq\/wp-json\/wp\/v2\/comments?post=142654"}],"version-history":[{"count":0,"href":"https:\/\/kt.gov.rs\/sq\/wp-json\/wp\/v2\/posts\/142654\/revisions"}],"wp:attachment":[{"href":"https:\/\/kt.gov.rs\/sq\/wp-json\/wp\/v2\/media?parent=142654"}],"wp:term":[{"taxonomy":"category","embeddable":true,"href":"https:\/\/kt.gov.rs\/sq\/wp-json\/wp\/v2\/categories?post=142654"},{"taxonomy":"post_tag","embeddable":true,"href":"https:\/\/kt.gov.rs\/sq\/wp-json\/wp\/v2\/tags?post=142654"}],"curies":[{"name":"wp","href":"https:\/\/api.w.org\/{rel}","templated":true}]}}