{"id":142653,"date":"2010-08-31T00:00:00","date_gmt":"2010-08-31T00:00:00","guid":{"rendered":"http:\/\/kt.printandscreen.rs\/31-8-2010\/"},"modified":"2010-08-31T00:00:00","modified_gmt":"2010-08-31T00:00:00","slug":"31-8-2010","status":"publish","type":"post","link":"https:\/\/kt.gov.rs\/sq\/31-8-2010\/","title":{"rendered":"31.8.2010."},"content":{"rendered":"<p><strong>Rind\u00ebrtohet kalimi kufitar tek Prohor P\u00e7injski<\/strong><\/p>\n<p>Preshev\u00eb \u2013 Vendkalimi kufitar\u00eb nd\u00ebrkomb\u00ebtar\u00eb prohor p\u00e7injski dje \u00ebsht\u00eb hapur pas mbarimit t\u00eb pun\u00ebve n\u00eb rind\u00ebrtimin e tij\u00eb.<\/p>\n<p>Pun\u00ebt n\u00eb rind\u00ebrtimin e kalimit Prohor P\u00e7injski jan\u00eb kryer parat afatit t\u00eb parapar\u00eb me kontrat\u00eb, p\u00ebr pak m\u00eb tep\u00ebr se pes\u00eb muaj. Vendkalimi \u00ebsht\u00eb nd\u00ebrtuar n\u00eb nj\u00eb pjes\u00eb m\u00eb t\u00eb p\u00ebrshtatshme dhe ka kat\u00ebr korsi vendkalimi, dy n\u00eb hyrje dhe dy n\u00eb dalje t\u00eb kufirit. \u00cbsht\u00eb nd\u00ebrtuar sinjalizimi i plot\u00eb, si dhe zyre t\u00eb reja p\u00ebr personelin doganor\u00eb dhe policin\u00eb kufitare.<\/p>\n<p>N\u00eb kalimin kufitar\u00eb Prohor P\u00e7injski v\u00ebrehet rritje e vazhdueshme e trafikut dhe nga fillimi i vitit e deri m\u00eb sot kan\u00eb kaluar 9.000 automjete dhe 27.000 udh\u00ebtar\u00eb. Gjat\u00eb vitit 2009 numri i kalimtar\u00ebve \u00ebsht\u00eb rritur p\u00ebr 30% n\u00eb krahasim me vitin 2008, dhe vet\u00ebm n\u00eb disa muaj t\u00eb fundit n\u00eb k\u00ebt\u00eb vendkalim kufitar\u00eb \u00ebsht\u00eb v\u00ebrejt\u00eb rritja prej 10% n\u00eb krahasim me periudh\u00ebn e nj\u00ebjt\u00eb t\u00eb vitit t\u00eb kaluar.<\/p>\n<p>,,Vendkalimi kufitar\u00eb Prohor P\u00e7injski \u00ebsht\u00eb alternativ\u00eb e r\u00ebnd\u00ebsishme p\u00ebr vendkalimin kufitar\u00eb n\u00eb Preshev\u00eb, i cili \u00ebsht\u00eb n\u00eb n\u00eb nj\u00eb presion t\u00eb lart\u00eb, sidomos gjat\u00eb sezon\u00ebs turistike\u201d, deklaroi Zharica Veselinoviq, administratore e Dogan\u00ebs s\u00eb Nishit. Pas p\u00ebrfundimit t\u00eb pun\u00ebve n\u00eb vendkalimin kufitar\u00eb Prohor P\u00e7injski jan\u00eb krijuar kushte m\u00eb t\u00eb mira si p\u00ebr udh\u00ebtar\u00eb poashtu edhe p\u00ebr doganier\u00ebt q\u00eb punojn\u00eb n\u00eb kufi.<\/p>\n<p>Vlera e k\u00ebtij investimi kap sum\u00ebn prej 70 milion\u00eb dinar\u00eb.<\/p>\n","protected":false},"excerpt":{"rendered":"<p>Rind\u00ebrtohet kalimi kufitar tek Prohor P\u00e7injski<\/p>\n<p>Preshev\u00eb \u2013 Vendkalimi kufitar\u00eb nd\u00ebrkomb\u00ebtar\u00eb prohor p\u00e7injski dje \u00ebsht\u00eb hapur pas mbarimit t\u00eb pun\u00ebve n\u00eb rind\u00ebrtimin e tij\u00eb. Pun\u00ebt n\u00eb rind\u00ebrtimin e kalimit Prohor P\u00e7injski jan\u00eb kryer parat afatit  t\u00eb parapar\u00eb me kontrat\u00eb, p\u00ebr pak m\u00eb tep\u00ebr se pes\u00eb muaj. Vendkalimi \u00ebsht\u00eb  nd\u00ebrtuar n\u00eb nj\u00eb pjes\u00eb m\u00eb t\u00eb p\u00ebrshtatshme dhe ka kat\u00ebr korsi vendkalimi,  dy n\u00eb hyrje dhe dy n\u00eb dalje t\u00eb kufirit. \u00cbsht\u00eb nd\u00ebrtuar sinjalizimi i  plot\u00eb, si dhe zyre t\u00eb reja p\u00ebr personelin doganor\u00eb dhe policin\u00eb  kufitare.<\/p>\n","protected":false},"author":1,"featured_media":0,"comment_status":"closed","ping_status":"closed","sticky":false,"template":"","format":"standard","meta":{"footnotes":""},"categories":[55],"tags":[],"class_list":["post-142653","post","type-post","status-publish","format-standard","hentry","category-lajme"],"yoast_head":"<!-- This site is optimized with the Yoast SEO plugin v27.5 - https:\/\/yoast.com\/product\/yoast-seo-wordpress\/ -->\n<title>31.8.2010. - Republika e S\u00ebrbis\u00eb Trupi Koordinues p\u00ebr komunat Bujanoc, Preshev\u00eb dhe Medvegj\u00eb<\/title>\n<meta name=\"robots\" content=\"index, follow, max-snippet:-1, max-image-preview:large, max-video-preview:-1\" \/>\n<link rel=\"canonical\" href=\"https:\/\/kt.gov.rs\/sq\/31-8-2010\/\" \/>\n<meta property=\"og:locale\" content=\"sq_AL\" \/>\n<meta property=\"og:type\" content=\"article\" \/>\n<meta property=\"og:title\" content=\"31.8.2010. - Republika e S\u00ebrbis\u00eb Trupi Koordinues p\u00ebr komunat Bujanoc, Preshev\u00eb dhe Medvegj\u00eb\" \/>\n<meta property=\"og:description\" content=\"Rind\u00ebrtohet kalimi kufitar tek Prohor P\u00e7injski Preshev\u00eb \u2013 Vendkalimi kufitar\u00eb nd\u00ebrkomb\u00ebtar\u00eb prohor p\u00e7injski dje \u00ebsht\u00eb hapur pas mbarimit t\u00eb pun\u00ebve n\u00eb rind\u00ebrtimin e tij\u00eb. Pun\u00ebt n\u00eb rind\u00ebrtimin e kalimit Prohor P\u00e7injski jan\u00eb kryer parat afatit t\u00eb parapar\u00eb me kontrat\u00eb, p\u00ebr pak m\u00eb tep\u00ebr se pes\u00eb muaj. Vendkalimi \u00ebsht\u00eb nd\u00ebrtuar n\u00eb nj\u00eb pjes\u00eb m\u00eb t\u00eb p\u00ebrshtatshme dhe ka kat\u00ebr korsi vendkalimi, dy n\u00eb hyrje dhe dy n\u00eb dalje t\u00eb kufirit. \u00cbsht\u00eb nd\u00ebrtuar sinjalizimi i plot\u00eb, si dhe zyre t\u00eb reja p\u00ebr personelin doganor\u00eb dhe policin\u00eb kufitare.\" \/>\n<meta property=\"og:url\" content=\"https:\/\/kt.gov.rs\/sq\/31-8-2010\/\" \/>\n<meta property=\"og:site_name\" content=\"Republika e S\u00ebrbis\u00eb Trupi Koordinues p\u00ebr komunat Bujanoc, Preshev\u00eb dhe Medvegj\u00eb\" \/>\n<meta property=\"article:publisher\" content=\"https:\/\/www.facebook.com\/SluzbaKoordinacionogTelaVladeRepublikeSrbije\" \/>\n<meta property=\"article:published_time\" content=\"2010-08-31T00:00:00+00:00\" \/>\n<meta name=\"author\" content=\"ktmin\" \/>\n<meta name=\"twitter:card\" content=\"summary_large_image\" \/>\n<meta name=\"twitter:creator\" content=\"@kt_gov\" \/>\n<meta name=\"twitter:site\" content=\"@kt_gov\" \/>\n<meta name=\"twitter:label1\" content=\"Written by\" \/>\n\t<meta name=\"twitter:data1\" content=\"ktmin\" \/>\n\t<meta name=\"twitter:label2\" content=\"Est. reading time\" \/>\n\t<meta name=\"twitter:data2\" content=\"1 minute\" \/>\n<script type=\"application\/ld+json\" class=\"yoast-schema-graph\">{\"@context\":\"https:\\\/\\\/schema.org\",\"@graph\":[{\"@type\":\"Article\",\"@id\":\"https:\\\/\\\/kt.gov.rs\\\/sq\\\/31-8-2010\\\/#article\",\"isPartOf\":{\"@id\":\"https:\\\/\\\/kt.gov.rs\\\/sq\\\/31-8-2010\\\/\"},\"author\":{\"name\":\"ktmin\",\"@id\":\"https:\\\/\\\/kt.gov.rs\\\/#\\\/schema\\\/person\\\/e426459ddb4173309103390602694571\"},\"headline\":\"31.8.2010.\",\"datePublished\":\"2010-08-31T00:00:00+00:00\",\"mainEntityOfPage\":{\"@id\":\"https:\\\/\\\/kt.gov.rs\\\/sq\\\/31-8-2010\\\/\"},\"wordCount\":258,\"publisher\":{\"@id\":\"https:\\\/\\\/kt.gov.rs\\\/#organization\"},\"articleSection\":[\"Lajme\"],\"inLanguage\":\"sq-AL\"},{\"@type\":\"WebPage\",\"@id\":\"https:\\\/\\\/kt.gov.rs\\\/sq\\\/31-8-2010\\\/\",\"url\":\"https:\\\/\\\/kt.gov.rs\\\/sq\\\/31-8-2010\\\/\",\"name\":\"31.8.2010. - Republika e S\u00ebrbis\u00eb Trupi Koordinues p\u00ebr komunat Bujanoc, Preshev\u00eb dhe Medvegj\u00eb\",\"isPartOf\":{\"@id\":\"https:\\\/\\\/kt.gov.rs\\\/#website\"},\"datePublished\":\"2010-08-31T00:00:00+00:00\",\"breadcrumb\":{\"@id\":\"https:\\\/\\\/kt.gov.rs\\\/sq\\\/31-8-2010\\\/#breadcrumb\"},\"inLanguage\":\"sq-AL\",\"potentialAction\":[{\"@type\":\"ReadAction\",\"target\":[\"https:\\\/\\\/kt.gov.rs\\\/sq\\\/31-8-2010\\\/\"]}]},{\"@type\":\"BreadcrumbList\",\"@id\":\"https:\\\/\\\/kt.gov.rs\\\/sq\\\/31-8-2010\\\/#breadcrumb\",\"itemListElement\":[{\"@type\":\"ListItem\",\"position\":1,\"name\":\"\u041f\u043e\u0447\u0435\u0442\u043d\u0430\",\"item\":\"https:\\\/\\\/kt.gov.rs\\\/sq\\\/\"},{\"@type\":\"ListItem\",\"position\":2,\"name\":\"31.8.2010.\"}]},{\"@type\":\"WebSite\",\"@id\":\"https:\\\/\\\/kt.gov.rs\\\/#website\",\"url\":\"https:\\\/\\\/kt.gov.rs\\\/\",\"name\":\"\u041a\u043e\u043e\u0440\u0434\u0438\u043d\u0430\u0446\u0438\u043e\u043d\u043e \u0442\u0435\u043b\u043e \u0412\u043b\u0430\u0434\u0435 \u0420\u0435\u043f\u0443\u0431\u043b\u0438\u043a\u0435 \u0421\u0440\u0431\u0438\u0458\u0435 \u0437\u0430 \u043e\u043f\u0448\u0442\u0438\u043d\u0435 \u041f\u0440\u0435\u0448\u0435\u0432\u043e, \u0411\u0443\u0458\u0430\u043d\u043e\u0432\u0430\u0446 \u0438 \u041c\u0435\u0434\u0432\u0435\u0452a\",\"description\":\"\",\"publisher\":{\"@id\":\"https:\\\/\\\/kt.gov.rs\\\/#organization\"},\"alternateName\":\"\u041a\u043e\u043e\u0440\u0434\u0438\u043d\u0430\u0446\u0438\u043e\u043d\u043e \u0442\u0435\u043b\u043e\",\"potentialAction\":[{\"@type\":\"SearchAction\",\"target\":{\"@type\":\"EntryPoint\",\"urlTemplate\":\"https:\\\/\\\/kt.gov.rs\\\/?s={search_term_string}\"},\"query-input\":{\"@type\":\"PropertyValueSpecification\",\"valueRequired\":true,\"valueName\":\"search_term_string\"}}],\"inLanguage\":\"sq-AL\"},{\"@type\":\"Organization\",\"@id\":\"https:\\\/\\\/kt.gov.rs\\\/#organization\",\"name\":\"\u041a\u043e\u043e\u0440\u0434\u0438\u043d\u0430\u0446\u0438\u043e\u043d\u043e \u0442\u0435\u043b\u043e \u0412\u043b\u0430\u0434\u0435 \u0420\u0435\u043f\u0443\u0431\u043b\u0438\u043a\u0435 \u0421\u0440\u0431\u0438\u0458\u0435 \u0437\u0430 \u043e\u043f\u0448\u0442\u0438\u043d\u0435 \u041f\u0440\u0435\u0448\u0435\u0432\u043e, \u0411\u0443\u0458\u0430\u043d\u043e\u0432\u0430\u0446 \u0438 \u041c\u0435\u0434\u0432\u0435\u0452a\",\"alternateName\":\"\u041a\u043e\u043e\u0440\u0434\u0438\u043d\u0430\u0446\u0438\u043e\u043d\u043e \u0442\u0435\u043b\u043e\",\"url\":\"https:\\\/\\\/kt.gov.rs\\\/\",\"logo\":{\"@type\":\"ImageObject\",\"inLanguage\":\"sq-AL\",\"@id\":\"https:\\\/\\\/kt.gov.rs\\\/#\\\/schema\\\/logo\\\/image\\\/\",\"url\":\"https:\\\/\\\/kt.gov.rs\\\/wp-content\\\/uploads\\\/2024\\\/12\\\/koord2.jpg\",\"contentUrl\":\"https:\\\/\\\/kt.gov.rs\\\/wp-content\\\/uploads\\\/2024\\\/12\\\/koord2.jpg\",\"width\":640,\"height\":480,\"caption\":\"\u041a\u043e\u043e\u0440\u0434\u0438\u043d\u0430\u0446\u0438\u043e\u043d\u043e \u0442\u0435\u043b\u043e \u0412\u043b\u0430\u0434\u0435 \u0420\u0435\u043f\u0443\u0431\u043b\u0438\u043a\u0435 \u0421\u0440\u0431\u0438\u0458\u0435 \u0437\u0430 \u043e\u043f\u0448\u0442\u0438\u043d\u0435 \u041f\u0440\u0435\u0448\u0435\u0432\u043e, \u0411\u0443\u0458\u0430\u043d\u043e\u0432\u0430\u0446 \u0438 \u041c\u0435\u0434\u0432\u0435\u0452a\"},\"image\":{\"@id\":\"https:\\\/\\\/kt.gov.rs\\\/#\\\/schema\\\/logo\\\/image\\\/\"},\"sameAs\":[\"https:\\\/\\\/www.facebook.com\\\/SluzbaKoordinacionogTelaVladeRepublikeSrbije\",\"https:\\\/\\\/x.com\\\/kt_gov\",\"https:\\\/\\\/www.youtube.com\\\/@koordinacionotelo\"]},{\"@type\":\"Person\",\"@id\":\"https:\\\/\\\/kt.gov.rs\\\/#\\\/schema\\\/person\\\/e426459ddb4173309103390602694571\",\"name\":\"ktmin\",\"image\":{\"@type\":\"ImageObject\",\"inLanguage\":\"sq-AL\",\"@id\":\"https:\\\/\\\/secure.gravatar.com\\\/avatar\\\/3985c961109853010c3fbc7ba30365bfba5db3dd6c525831d9c595c7525a615a?s=96&d=mm&r=g\",\"url\":\"https:\\\/\\\/secure.gravatar.com\\\/avatar\\\/3985c961109853010c3fbc7ba30365bfba5db3dd6c525831d9c595c7525a615a?s=96&d=mm&r=g\",\"contentUrl\":\"https:\\\/\\\/secure.gravatar.com\\\/avatar\\\/3985c961109853010c3fbc7ba30365bfba5db3dd6c525831d9c595c7525a615a?s=96&d=mm&r=g\",\"caption\":\"ktmin\"},\"sameAs\":[\"https:\\\/\\\/kt.gov.rs\"],\"url\":\"https:\\\/\\\/kt.gov.rs\\\/sq\\\/author\\\/ktmin\\\/\"}]}<\/script>\n<!-- \/ Yoast SEO plugin. -->","yoast_head_json":{"title":"31.8.2010. - Republika e S\u00ebrbis\u00eb Trupi Koordinues p\u00ebr komunat Bujanoc, Preshev\u00eb dhe Medvegj\u00eb","robots":{"index":"index","follow":"follow","max-snippet":"max-snippet:-1","max-image-preview":"max-image-preview:large","max-video-preview":"max-video-preview:-1"},"canonical":"https:\/\/kt.gov.rs\/sq\/31-8-2010\/","og_locale":"sq_AL","og_type":"article","og_title":"31.8.2010. - Republika e S\u00ebrbis\u00eb Trupi Koordinues p\u00ebr komunat Bujanoc, Preshev\u00eb dhe Medvegj\u00eb","og_description":"Rind\u00ebrtohet kalimi kufitar tek Prohor P\u00e7injski Preshev\u00eb \u2013 Vendkalimi kufitar\u00eb nd\u00ebrkomb\u00ebtar\u00eb prohor p\u00e7injski dje \u00ebsht\u00eb hapur pas mbarimit t\u00eb pun\u00ebve n\u00eb rind\u00ebrtimin e tij\u00eb. Pun\u00ebt n\u00eb rind\u00ebrtimin e kalimit Prohor P\u00e7injski jan\u00eb kryer parat afatit t\u00eb parapar\u00eb me kontrat\u00eb, p\u00ebr pak m\u00eb tep\u00ebr se pes\u00eb muaj. Vendkalimi \u00ebsht\u00eb nd\u00ebrtuar n\u00eb nj\u00eb pjes\u00eb m\u00eb t\u00eb p\u00ebrshtatshme dhe ka kat\u00ebr korsi vendkalimi, dy n\u00eb hyrje dhe dy n\u00eb dalje t\u00eb kufirit. \u00cbsht\u00eb nd\u00ebrtuar sinjalizimi i plot\u00eb, si dhe zyre t\u00eb reja p\u00ebr personelin doganor\u00eb dhe policin\u00eb kufitare.","og_url":"https:\/\/kt.gov.rs\/sq\/31-8-2010\/","og_site_name":"Republika e S\u00ebrbis\u00eb Trupi Koordinues p\u00ebr komunat Bujanoc, Preshev\u00eb dhe Medvegj\u00eb","article_publisher":"https:\/\/www.facebook.com\/SluzbaKoordinacionogTelaVladeRepublikeSrbije","article_published_time":"2010-08-31T00:00:00+00:00","author":"ktmin","twitter_card":"summary_large_image","twitter_creator":"@kt_gov","twitter_site":"@kt_gov","twitter_misc":{"Written by":"ktmin","Est. reading time":"1 minute"},"schema":{"@context":"https:\/\/schema.org","@graph":[{"@type":"Article","@id":"https:\/\/kt.gov.rs\/sq\/31-8-2010\/#article","isPartOf":{"@id":"https:\/\/kt.gov.rs\/sq\/31-8-2010\/"},"author":{"name":"ktmin","@id":"https:\/\/kt.gov.rs\/#\/schema\/person\/e426459ddb4173309103390602694571"},"headline":"31.8.2010.","datePublished":"2010-08-31T00:00:00+00:00","mainEntityOfPage":{"@id":"https:\/\/kt.gov.rs\/sq\/31-8-2010\/"},"wordCount":258,"publisher":{"@id":"https:\/\/kt.gov.rs\/#organization"},"articleSection":["Lajme"],"inLanguage":"sq-AL"},{"@type":"WebPage","@id":"https:\/\/kt.gov.rs\/sq\/31-8-2010\/","url":"https:\/\/kt.gov.rs\/sq\/31-8-2010\/","name":"31.8.2010. - Republika e S\u00ebrbis\u00eb Trupi Koordinues p\u00ebr komunat Bujanoc, Preshev\u00eb dhe Medvegj\u00eb","isPartOf":{"@id":"https:\/\/kt.gov.rs\/#website"},"datePublished":"2010-08-31T00:00:00+00:00","breadcrumb":{"@id":"https:\/\/kt.gov.rs\/sq\/31-8-2010\/#breadcrumb"},"inLanguage":"sq-AL","potentialAction":[{"@type":"ReadAction","target":["https:\/\/kt.gov.rs\/sq\/31-8-2010\/"]}]},{"@type":"BreadcrumbList","@id":"https:\/\/kt.gov.rs\/sq\/31-8-2010\/#breadcrumb","itemListElement":[{"@type":"ListItem","position":1,"name":"\u041f\u043e\u0447\u0435\u0442\u043d\u0430","item":"https:\/\/kt.gov.rs\/sq\/"},{"@type":"ListItem","position":2,"name":"31.8.2010."}]},{"@type":"WebSite","@id":"https:\/\/kt.gov.rs\/#website","url":"https:\/\/kt.gov.rs\/","name":"\u041a\u043e\u043e\u0440\u0434\u0438\u043d\u0430\u0446\u0438\u043e\u043d\u043e \u0442\u0435\u043b\u043e \u0412\u043b\u0430\u0434\u0435 \u0420\u0435\u043f\u0443\u0431\u043b\u0438\u043a\u0435 \u0421\u0440\u0431\u0438\u0458\u0435 \u0437\u0430 \u043e\u043f\u0448\u0442\u0438\u043d\u0435 \u041f\u0440\u0435\u0448\u0435\u0432\u043e, \u0411\u0443\u0458\u0430\u043d\u043e\u0432\u0430\u0446 \u0438 \u041c\u0435\u0434\u0432\u0435\u0452a","description":"","publisher":{"@id":"https:\/\/kt.gov.rs\/#organization"},"alternateName":"\u041a\u043e\u043e\u0440\u0434\u0438\u043d\u0430\u0446\u0438\u043e\u043d\u043e \u0442\u0435\u043b\u043e","potentialAction":[{"@type":"SearchAction","target":{"@type":"EntryPoint","urlTemplate":"https:\/\/kt.gov.rs\/?s={search_term_string}"},"query-input":{"@type":"PropertyValueSpecification","valueRequired":true,"valueName":"search_term_string"}}],"inLanguage":"sq-AL"},{"@type":"Organization","@id":"https:\/\/kt.gov.rs\/#organization","name":"\u041a\u043e\u043e\u0440\u0434\u0438\u043d\u0430\u0446\u0438\u043e\u043d\u043e \u0442\u0435\u043b\u043e \u0412\u043b\u0430\u0434\u0435 \u0420\u0435\u043f\u0443\u0431\u043b\u0438\u043a\u0435 \u0421\u0440\u0431\u0438\u0458\u0435 \u0437\u0430 \u043e\u043f\u0448\u0442\u0438\u043d\u0435 \u041f\u0440\u0435\u0448\u0435\u0432\u043e, \u0411\u0443\u0458\u0430\u043d\u043e\u0432\u0430\u0446 \u0438 \u041c\u0435\u0434\u0432\u0435\u0452a","alternateName":"\u041a\u043e\u043e\u0440\u0434\u0438\u043d\u0430\u0446\u0438\u043e\u043d\u043e \u0442\u0435\u043b\u043e","url":"https:\/\/kt.gov.rs\/","logo":{"@type":"ImageObject","inLanguage":"sq-AL","@id":"https:\/\/kt.gov.rs\/#\/schema\/logo\/image\/","url":"https:\/\/kt.gov.rs\/wp-content\/uploads\/2024\/12\/koord2.jpg","contentUrl":"https:\/\/kt.gov.rs\/wp-content\/uploads\/2024\/12\/koord2.jpg","width":640,"height":480,"caption":"\u041a\u043e\u043e\u0440\u0434\u0438\u043d\u0430\u0446\u0438\u043e\u043d\u043e \u0442\u0435\u043b\u043e \u0412\u043b\u0430\u0434\u0435 \u0420\u0435\u043f\u0443\u0431\u043b\u0438\u043a\u0435 \u0421\u0440\u0431\u0438\u0458\u0435 \u0437\u0430 \u043e\u043f\u0448\u0442\u0438\u043d\u0435 \u041f\u0440\u0435\u0448\u0435\u0432\u043e, \u0411\u0443\u0458\u0430\u043d\u043e\u0432\u0430\u0446 \u0438 \u041c\u0435\u0434\u0432\u0435\u0452a"},"image":{"@id":"https:\/\/kt.gov.rs\/#\/schema\/logo\/image\/"},"sameAs":["https:\/\/www.facebook.com\/SluzbaKoordinacionogTelaVladeRepublikeSrbije","https:\/\/x.com\/kt_gov","https:\/\/www.youtube.com\/@koordinacionotelo"]},{"@type":"Person","@id":"https:\/\/kt.gov.rs\/#\/schema\/person\/e426459ddb4173309103390602694571","name":"ktmin","image":{"@type":"ImageObject","inLanguage":"sq-AL","@id":"https:\/\/secure.gravatar.com\/avatar\/3985c961109853010c3fbc7ba30365bfba5db3dd6c525831d9c595c7525a615a?s=96&d=mm&r=g","url":"https:\/\/secure.gravatar.com\/avatar\/3985c961109853010c3fbc7ba30365bfba5db3dd6c525831d9c595c7525a615a?s=96&d=mm&r=g","contentUrl":"https:\/\/secure.gravatar.com\/avatar\/3985c961109853010c3fbc7ba30365bfba5db3dd6c525831d9c595c7525a615a?s=96&d=mm&r=g","caption":"ktmin"},"sameAs":["https:\/\/kt.gov.rs"],"url":"https:\/\/kt.gov.rs\/sq\/author\/ktmin\/"}]}},"_links":{"self":[{"href":"https:\/\/kt.gov.rs\/sq\/wp-json\/wp\/v2\/posts\/142653","targetHints":{"allow":["GET"]}}],"collection":[{"href":"https:\/\/kt.gov.rs\/sq\/wp-json\/wp\/v2\/posts"}],"about":[{"href":"https:\/\/kt.gov.rs\/sq\/wp-json\/wp\/v2\/types\/post"}],"author":[{"embeddable":true,"href":"https:\/\/kt.gov.rs\/sq\/wp-json\/wp\/v2\/users\/1"}],"replies":[{"embeddable":true,"href":"https:\/\/kt.gov.rs\/sq\/wp-json\/wp\/v2\/comments?post=142653"}],"version-history":[{"count":0,"href":"https:\/\/kt.gov.rs\/sq\/wp-json\/wp\/v2\/posts\/142653\/revisions"}],"wp:attachment":[{"href":"https:\/\/kt.gov.rs\/sq\/wp-json\/wp\/v2\/media?parent=142653"}],"wp:term":[{"taxonomy":"category","embeddable":true,"href":"https:\/\/kt.gov.rs\/sq\/wp-json\/wp\/v2\/categories?post=142653"},{"taxonomy":"post_tag","embeddable":true,"href":"https:\/\/kt.gov.rs\/sq\/wp-json\/wp\/v2\/tags?post=142653"}],"curies":[{"name":"wp","href":"https:\/\/api.w.org\/{rel}","templated":true}]}}