{"id":142652,"date":"2010-08-31T00:00:00","date_gmt":"2010-08-31T00:00:00","guid":{"rendered":"http:\/\/kt.printandscreen.rs\/thirrje-per-media-kryetari-i-trupit-koordinues-ministri-milan-markoviq-do-te-dhuroj-falas-mjete-shkollore-per-nxenesit-e-klaseve-te-para-ne-presheve-bujanoc-dhe-medvegje\/"},"modified":"2010-08-31T00:00:00","modified_gmt":"2010-08-31T00:00:00","slug":"thirrje-per-media-kryetari-i-trupit-koordinues-ministri-milan-markoviq-do-te-dhuroj-falas-mjete-shkollore-per-nxenesit-e-klaseve-te-para-ne-presheve-bujanoc-dhe-medvegje","status":"publish","type":"post","link":"https:\/\/kt.gov.rs\/sq\/thirrje-per-media-kryetari-i-trupit-koordinues-ministri-milan-markoviq-do-te-dhuroj-falas-mjete-shkollore-per-nxenesit-e-klaseve-te-para-ne-presheve-bujanoc-dhe-medvegje\/","title":{"rendered":"Thirrje p\u00ebr media: KRYETARI I TRUPIT KOORDINUES MINISTRI MILAN MARKOVIQ DO T\u00cb DHUROJ FALAS MJETE SHKOLLORE P\u00cbR NX\u00cbN\u00cbSIT E KLAS\u00cbVE T\u00cb PARA N\u00cb PRESHEV\u00cb, BUJANOC DHE MEDVEGJ\u00cb"},"content":{"rendered":"<p>\n<meta http-equiv=\"Content-Type\" content=\"text\/html; charset=utf-8\"><br \/>\n<meta name=\"ProgId\" content=\"Word.Document\"><br \/>\n<meta name=\"Generator\" content=\"Microsoft Word 11\"><br \/>\n<meta name=\"Originator\" content=\"Microsoft Word 11\">\n<link rel=\"File-List\" href=\"file:\/\/\/C:%5CDOCUME%7E1%5CRio%5CLOCALS%7E1%5CTemp%5Cmsohtml1%5C01%5Cclip_filelist.xml\" \/><!--[if gte mso 9]><xml>\n \n  Normal\n  0\n  \n  \n  false\n  false\n  false\n  \n   \n   \n   \n   \n   \n   \n  \n  MicrosoftInternetExplorer4\n \n<\/xml><![endif]--><!--[if gte mso 9]><![endif]--><\/p>\n<style type=\"text\/css\">\n<!--\n \/* Style Definitions *\/\n p.MsoNormal, li.MsoNormal, div.MsoNormal\n\t{mso-style-parent:\"\";\n\tmargin:0cm;\n\tmargin-bottom:.0001pt;\n\tfont-size:12.0pt;\"Times New Roman\";\n\tmso-fareast-\"Times New Roman\";}\na:link, span.MsoHyperlink\n\t{mso-style-parent:\"\";\n\tcolor:blue;\n\ttext-decoration:underline;\n\ttext-underline:single;}\na:visited, span.MsoHyperlinkFollowed\n\t{color:purple;\n\ttext-decoration:underline;\n\ttext-underline:single;}\n@page Section1\n\t{size:612.0pt 792.0pt;\n\tmargin:72.0pt 90.0pt 72.0pt 90.0pt;}\ndiv.Section1\n\t{page:Section1;}\n-->\n<\/style>\n<p><!--[if gte mso 10]>\n\n\n<style>\n \/* Style Definitions *\/\n table.MsoNormalTable\n\t{mso-style-name:\"Table Normal\";\n\tmso-style-parent:\"\";\n\tfont-size:10.0pt;\"Times New Roman\";\n\tmso-fareast-\"Times New Roman\";}\n<\/style>\n\n\n<![endif]--> <\/meta><br \/>\n<\/meta><br \/>\n<\/meta><br \/>\n<\/meta><br \/>\nKryetari i Trupit Koordinues t\u00eb Qeveris\u00eb s\u00eb Republik\u00ebs s\u00eb Serbis\u00eb p\u00ebr komunat Preshev\u00eb, Bujanoc dhe Medvegj\u00eb e nj\u00ebherit minist\u00ebr i pushtetit lokal dhe vet\u00ebqeverisjes lokale Milan Maroviq n\u00eb m\u00ebnyr\u00eb solemne do t\u00eb dhuroj\u00eb falas \u00e7anta shkollore dhe mjete m\u00ebsimore nx\u00ebn\u00ebsve t\u00eb klas\u00ebve t\u00eb para\u00a0n\u00eb shkollat fillore ,,N\u00ebnt\u00eb Maji\u2019\u2019 dhe\u00a0,,Vuk Karaxhiq\u2019\u2019 n\u00eb Preshev\u00eb dhe ,,Muharrem Kadriu\u201d\u2019 dhe ,,Dragomir Trajkoviq\u2019\u2019 n\u00eb Bujanoc, n\u00eb dit\u00ebn e par\u00eb t\u00eb vitit shkollor\u00eb, <strong>t\u00eb m\u00ebrkur\u00ebn m\u00eb 1 shtator\u00eb n\u00eb ora 11:30<\/strong>. K\u00ebt\u00eb solemnitet do ta p\u00ebrcjellin edhe kryetar\u00ebt e komunave t\u00eb Preshev\u00ebs dhe Bujanocit.<\/p>\n<p>Sikurse edhe vitin e kaluar, Trupi Koordinues i Qeveris\u00eb s\u00eb Republik\u00ebs s\u00eb Serbis\u00eb p\u00ebr komunat Preshev\u00eb, Bujnanoc dhe Medvegj\u00eb ka siguruar falas mjete shkollore p\u00ebr 1.200 nx\u00ebn\u00ebs t\u00eb klas\u00ebve t\u00eb para p\u00ebr t\u00eb gjitha komunat n\u00eb jug t\u00eb Serbis\u00eb n\u00eb nj\u00eb sum\u00eb prej 3.741.857,00 dinar\u00ebsh.<\/p>\n<p><strong><u>Plani i vizit\u00ebs<\/u><\/strong><strong><u>:<\/u><\/strong><\/p>\n<p><strong>11:30-12:00 \u2013 <\/strong><strong>Dor\u00ebzimi i mjeteve shkollore nx\u00ebn\u00ebsve t\u00eb shkoll\u00ebs fillore ,,N\u00ebnt\u00eb Maji\u2019\u2019, Leran <\/strong><\/p>\n<p><strong>12:10-12:40\u00a0\u2013 Dor\u00ebzimi i mjeteve shkollore nx\u00ebn\u00ebsve t<\/strong><strong>\u00eb<\/strong><strong> shkoll\u00ebs fillore<\/strong><strong> ,,Vuk Karaxhiq\u2019\u2019, Preshev\u00eb<\/strong><\/p>\n<p><strong>\u00a0\u2013\u00a0<\/strong><strong>Deklarata p\u00ebr gazetar\u00eb<\/strong><\/p>\n<p><strong>13:15-14:00 \u2013<\/strong><strong> Dor\u00ebzimi i mjeteve shkollore nx\u00ebn\u00ebsve t\u00eb shkoll\u00ebs fillore ,,Muharrem Kadriu\u2019\u2019, T\u00ebrnoc i Madh<\/strong><\/p>\n<p><strong>\u00a0\u2013\u00a0Deklarata p\u00ebr gazetar\u00eb<\/strong><\/p>\n<p><strong>14:10-14:40 \u2013 Dor\u00ebzimi i mjeteve shkollore nx\u00ebn\u00ebsve t\u00eb shkoll\u00ebs fillore \u201e<\/strong><strong>Dragomir Trajkoviq\u2019\u2019<\/strong><strong>, <\/strong><strong>Zhbevac<\/strong><\/p>\n<p>P\u00ebr informata m\u00eb t\u00eb holl\u00ebsishme mund\u00eb t\u00eb kontaktoni Milica Rodiq n\u00eb e-mail adres\u00ebn <a href=\"mailto:milica.rodic@kt.gov.rs\">milica.rodic@kt.gov.rs<\/a> ose n\u00eb tel: 063 10 50 713<\/p>\n<p>\u00a0<\/p>\n","protected":false},"excerpt":{"rendered":"<p>Kryetari i Trupit Koordinues t\u00eb Qeveris\u00eb s\u00eb Republik\u00ebs s\u00eb Serbis\u00eb p\u00ebr komunat Preshev\u00eb, Bujanoc dhe Medvegj\u00eb e nj\u00ebherit minist\u00ebr i pushtetit lokal dhe vet\u00ebqeverisjes lokale Milan Maroviq n\u00eb m\u00ebnyr\u00eb solemne do t\u00eb dhuroj\u00eb falas \u00e7anta shkollore dhe mjete m\u00ebsimore nx\u00ebn\u00ebsve t\u00eb klas\u00ebve t\u00eb para\u00a0n\u00eb shkollat fillore ,,N\u00ebnt\u00eb Maji\u2019\u2019 dhe\u00a0,,Vuk Karaxhiq\u2019\u2019 n\u00eb Preshev\u00eb dhe ,,Muharrem Kadriu\u201d\u2019 dhe ,,Dragomir Trajkoviq\u2019\u2019 n\u00eb Bujanoc, n\u00eb dit\u00ebn e par\u00eb t\u00eb vitit shkollor\u00eb, t\u00eb m\u00ebrkur\u00ebn m\u00eb 1 shtator\u00eb n\u00eb ora 11:30. K\u00ebt\u00eb solemnitet do ta p\u00ebrcjellin edhe kryetar\u00ebt e komunave t\u00eb Preshev\u00ebs dhe Bujanocit.<\/p>\n","protected":false},"author":1,"featured_media":0,"comment_status":"closed","ping_status":"closed","sticky":false,"template":"","format":"standard","meta":{"footnotes":""},"categories":[55],"tags":[],"class_list":["post-142652","post","type-post","status-publish","format-standard","hentry","category-lajme"],"yoast_head":"<!-- This site is optimized with the Yoast SEO plugin v27.5 - https:\/\/yoast.com\/product\/yoast-seo-wordpress\/ -->\n<title>Thirrje p\u00ebr media: KRYETARI I TRUPIT KOORDINUES MINISTRI MILAN MARKOVIQ DO T\u00cb DHUROJ FALAS MJETE SHKOLLORE P\u00cbR NX\u00cbN\u00cbSIT E KLAS\u00cbVE T\u00cb PARA N\u00cb PRESHEV\u00cb, BUJANOC DHE MEDVEGJ\u00cb - Republika e S\u00ebrbis\u00eb Trupi Koordinues p\u00ebr komunat Bujanoc, Preshev\u00eb dhe Medvegj\u00eb<\/title>\n<meta name=\"robots\" content=\"index, follow, max-snippet:-1, max-image-preview:large, max-video-preview:-1\" \/>\n<link rel=\"canonical\" href=\"https:\/\/kt.gov.rs\/sq\/thirrje-per-media-kryetari-i-trupit-koordinues-ministri-milan-markoviq-do-te-dhuroj-falas-mjete-shkollore-per-nxenesit-e-klaseve-te-para-ne-presheve-bujanoc-dhe-medvegje\/\" \/>\n<meta property=\"og:locale\" content=\"sq_AL\" \/>\n<meta property=\"og:type\" content=\"article\" \/>\n<meta property=\"og:title\" content=\"Thirrje p\u00ebr media: KRYETARI I TRUPIT KOORDINUES MINISTRI MILAN MARKOVIQ DO T\u00cb DHUROJ FALAS MJETE SHKOLLORE P\u00cbR NX\u00cbN\u00cbSIT E KLAS\u00cbVE T\u00cb PARA N\u00cb PRESHEV\u00cb, BUJANOC DHE MEDVEGJ\u00cb - Republika e S\u00ebrbis\u00eb Trupi Koordinues p\u00ebr komunat Bujanoc, Preshev\u00eb dhe Medvegj\u00eb\" \/>\n<meta property=\"og:description\" content=\"Kryetari i Trupit Koordinues t\u00eb Qeveris\u00eb s\u00eb Republik\u00ebs s\u00eb Serbis\u00eb p\u00ebr komunat Preshev\u00eb, Bujanoc dhe Medvegj\u00eb e nj\u00ebherit minist\u00ebr i pushtetit lokal dhe vet\u00ebqeverisjes lokale Milan Maroviq n\u00eb m\u00ebnyr\u00eb solemne do t\u00eb dhuroj\u00eb falas \u00e7anta shkollore dhe mjete m\u00ebsimore nx\u00ebn\u00ebsve t\u00eb klas\u00ebve t\u00eb para\u00a0n\u00eb shkollat fillore ,,N\u00ebnt\u00eb Maji\u2019\u2019 dhe\u00a0,,Vuk Karaxhiq\u2019\u2019 n\u00eb Preshev\u00eb dhe ,,Muharrem Kadriu&#039;&#039;\u2019 dhe ,,Dragomir Trajkoviq\u2019\u2019 n\u00eb Bujanoc, n\u00eb dit\u00ebn e par\u00eb t\u00eb vitit shkollor\u00eb, t\u00eb m\u00ebrkur\u00ebn m\u00eb 1 shtator\u00eb n\u00eb ora 11:30. K\u00ebt\u00eb solemnitet do ta p\u00ebrcjellin edhe kryetar\u00ebt e komunave t\u00eb Preshev\u00ebs dhe Bujanocit.\" \/>\n<meta property=\"og:url\" content=\"https:\/\/kt.gov.rs\/sq\/thirrje-per-media-kryetari-i-trupit-koordinues-ministri-milan-markoviq-do-te-dhuroj-falas-mjete-shkollore-per-nxenesit-e-klaseve-te-para-ne-presheve-bujanoc-dhe-medvegje\/\" \/>\n<meta property=\"og:site_name\" content=\"Republika e S\u00ebrbis\u00eb Trupi Koordinues p\u00ebr komunat Bujanoc, Preshev\u00eb dhe Medvegj\u00eb\" \/>\n<meta property=\"article:publisher\" content=\"https:\/\/www.facebook.com\/SluzbaKoordinacionogTelaVladeRepublikeSrbije\" \/>\n<meta property=\"article:published_time\" content=\"2010-08-31T00:00:00+00:00\" \/>\n<meta name=\"author\" content=\"ktmin\" \/>\n<meta name=\"twitter:card\" content=\"summary_large_image\" \/>\n<meta name=\"twitter:creator\" content=\"@kt_gov\" \/>\n<meta name=\"twitter:site\" content=\"@kt_gov\" \/>\n<meta name=\"twitter:label1\" content=\"Written by\" \/>\n\t<meta name=\"twitter:data1\" content=\"ktmin\" \/>\n\t<meta name=\"twitter:label2\" content=\"Est. reading time\" \/>\n\t<meta name=\"twitter:data2\" content=\"1 minute\" \/>\n<script type=\"application\/ld+json\" class=\"yoast-schema-graph\">{\"@context\":\"https:\\\/\\\/schema.org\",\"@graph\":[{\"@type\":\"Article\",\"@id\":\"https:\\\/\\\/kt.gov.rs\\\/sq\\\/thirrje-per-media-kryetari-i-trupit-koordinues-ministri-milan-markoviq-do-te-dhuroj-falas-mjete-shkollore-per-nxenesit-e-klaseve-te-para-ne-presheve-bujanoc-dhe-medvegje\\\/#article\",\"isPartOf\":{\"@id\":\"https:\\\/\\\/kt.gov.rs\\\/sq\\\/thirrje-per-media-kryetari-i-trupit-koordinues-ministri-milan-markoviq-do-te-dhuroj-falas-mjete-shkollore-per-nxenesit-e-klaseve-te-para-ne-presheve-bujanoc-dhe-medvegje\\\/\"},\"author\":{\"name\":\"ktmin\",\"@id\":\"https:\\\/\\\/kt.gov.rs\\\/#\\\/schema\\\/person\\\/e426459ddb4173309103390602694571\"},\"headline\":\"Thirrje p\u00ebr media: KRYETARI I TRUPIT KOORDINUES MINISTRI MILAN MARKOVIQ DO T\u00cb DHUROJ FALAS MJETE SHKOLLORE P\u00cbR NX\u00cbN\u00cbSIT E KLAS\u00cbVE T\u00cb PARA N\u00cb PRESHEV\u00cb, BUJANOC DHE MEDVEGJ\u00cb\",\"datePublished\":\"2010-08-31T00:00:00+00:00\",\"mainEntityOfPage\":{\"@id\":\"https:\\\/\\\/kt.gov.rs\\\/sq\\\/thirrje-per-media-kryetari-i-trupit-koordinues-ministri-milan-markoviq-do-te-dhuroj-falas-mjete-shkollore-per-nxenesit-e-klaseve-te-para-ne-presheve-bujanoc-dhe-medvegje\\\/\"},\"wordCount\":323,\"publisher\":{\"@id\":\"https:\\\/\\\/kt.gov.rs\\\/#organization\"},\"articleSection\":[\"Lajme\"],\"inLanguage\":\"sq-AL\"},{\"@type\":\"WebPage\",\"@id\":\"https:\\\/\\\/kt.gov.rs\\\/sq\\\/thirrje-per-media-kryetari-i-trupit-koordinues-ministri-milan-markoviq-do-te-dhuroj-falas-mjete-shkollore-per-nxenesit-e-klaseve-te-para-ne-presheve-bujanoc-dhe-medvegje\\\/\",\"url\":\"https:\\\/\\\/kt.gov.rs\\\/sq\\\/thirrje-per-media-kryetari-i-trupit-koordinues-ministri-milan-markoviq-do-te-dhuroj-falas-mjete-shkollore-per-nxenesit-e-klaseve-te-para-ne-presheve-bujanoc-dhe-medvegje\\\/\",\"name\":\"Thirrje p\u00ebr media: KRYETARI I TRUPIT KOORDINUES MINISTRI MILAN MARKOVIQ DO T\u00cb DHUROJ FALAS MJETE SHKOLLORE P\u00cbR NX\u00cbN\u00cbSIT E KLAS\u00cbVE T\u00cb PARA N\u00cb PRESHEV\u00cb, BUJANOC DHE MEDVEGJ\u00cb - Republika e S\u00ebrbis\u00eb Trupi Koordinues p\u00ebr komunat Bujanoc, Preshev\u00eb dhe Medvegj\u00eb\",\"isPartOf\":{\"@id\":\"https:\\\/\\\/kt.gov.rs\\\/#website\"},\"datePublished\":\"2010-08-31T00:00:00+00:00\",\"breadcrumb\":{\"@id\":\"https:\\\/\\\/kt.gov.rs\\\/sq\\\/thirrje-per-media-kryetari-i-trupit-koordinues-ministri-milan-markoviq-do-te-dhuroj-falas-mjete-shkollore-per-nxenesit-e-klaseve-te-para-ne-presheve-bujanoc-dhe-medvegje\\\/#breadcrumb\"},\"inLanguage\":\"sq-AL\",\"potentialAction\":[{\"@type\":\"ReadAction\",\"target\":[\"https:\\\/\\\/kt.gov.rs\\\/sq\\\/thirrje-per-media-kryetari-i-trupit-koordinues-ministri-milan-markoviq-do-te-dhuroj-falas-mjete-shkollore-per-nxenesit-e-klaseve-te-para-ne-presheve-bujanoc-dhe-medvegje\\\/\"]}]},{\"@type\":\"BreadcrumbList\",\"@id\":\"https:\\\/\\\/kt.gov.rs\\\/sq\\\/thirrje-per-media-kryetari-i-trupit-koordinues-ministri-milan-markoviq-do-te-dhuroj-falas-mjete-shkollore-per-nxenesit-e-klaseve-te-para-ne-presheve-bujanoc-dhe-medvegje\\\/#breadcrumb\",\"itemListElement\":[{\"@type\":\"ListItem\",\"position\":1,\"name\":\"\u041f\u043e\u0447\u0435\u0442\u043d\u0430\",\"item\":\"https:\\\/\\\/kt.gov.rs\\\/sq\\\/\"},{\"@type\":\"ListItem\",\"position\":2,\"name\":\"Thirrje p\u00ebr media: KRYETARI I TRUPIT KOORDINUES MINISTRI MILAN MARKOVIQ DO T\u00cb DHUROJ FALAS MJETE SHKOLLORE P\u00cbR NX\u00cbN\u00cbSIT E KLAS\u00cbVE T\u00cb PARA N\u00cb PRESHEV\u00cb, BUJANOC DHE MEDVEGJ\u00cb\"}]},{\"@type\":\"WebSite\",\"@id\":\"https:\\\/\\\/kt.gov.rs\\\/#website\",\"url\":\"https:\\\/\\\/kt.gov.rs\\\/\",\"name\":\"\u041a\u043e\u043e\u0440\u0434\u0438\u043d\u0430\u0446\u0438\u043e\u043d\u043e \u0442\u0435\u043b\u043e \u0412\u043b\u0430\u0434\u0435 \u0420\u0435\u043f\u0443\u0431\u043b\u0438\u043a\u0435 \u0421\u0440\u0431\u0438\u0458\u0435 \u0437\u0430 \u043e\u043f\u0448\u0442\u0438\u043d\u0435 \u041f\u0440\u0435\u0448\u0435\u0432\u043e, \u0411\u0443\u0458\u0430\u043d\u043e\u0432\u0430\u0446 \u0438 \u041c\u0435\u0434\u0432\u0435\u0452a\",\"description\":\"\",\"publisher\":{\"@id\":\"https:\\\/\\\/kt.gov.rs\\\/#organization\"},\"alternateName\":\"\u041a\u043e\u043e\u0440\u0434\u0438\u043d\u0430\u0446\u0438\u043e\u043d\u043e \u0442\u0435\u043b\u043e\",\"potentialAction\":[{\"@type\":\"SearchAction\",\"target\":{\"@type\":\"EntryPoint\",\"urlTemplate\":\"https:\\\/\\\/kt.gov.rs\\\/?s={search_term_string}\"},\"query-input\":{\"@type\":\"PropertyValueSpecification\",\"valueRequired\":true,\"valueName\":\"search_term_string\"}}],\"inLanguage\":\"sq-AL\"},{\"@type\":\"Organization\",\"@id\":\"https:\\\/\\\/kt.gov.rs\\\/#organization\",\"name\":\"\u041a\u043e\u043e\u0440\u0434\u0438\u043d\u0430\u0446\u0438\u043e\u043d\u043e \u0442\u0435\u043b\u043e \u0412\u043b\u0430\u0434\u0435 \u0420\u0435\u043f\u0443\u0431\u043b\u0438\u043a\u0435 \u0421\u0440\u0431\u0438\u0458\u0435 \u0437\u0430 \u043e\u043f\u0448\u0442\u0438\u043d\u0435 \u041f\u0440\u0435\u0448\u0435\u0432\u043e, \u0411\u0443\u0458\u0430\u043d\u043e\u0432\u0430\u0446 \u0438 \u041c\u0435\u0434\u0432\u0435\u0452a\",\"alternateName\":\"\u041a\u043e\u043e\u0440\u0434\u0438\u043d\u0430\u0446\u0438\u043e\u043d\u043e \u0442\u0435\u043b\u043e\",\"url\":\"https:\\\/\\\/kt.gov.rs\\\/\",\"logo\":{\"@type\":\"ImageObject\",\"inLanguage\":\"sq-AL\",\"@id\":\"https:\\\/\\\/kt.gov.rs\\\/#\\\/schema\\\/logo\\\/image\\\/\",\"url\":\"https:\\\/\\\/kt.gov.rs\\\/wp-content\\\/uploads\\\/2024\\\/12\\\/koord2.jpg\",\"contentUrl\":\"https:\\\/\\\/kt.gov.rs\\\/wp-content\\\/uploads\\\/2024\\\/12\\\/koord2.jpg\",\"width\":640,\"height\":480,\"caption\":\"\u041a\u043e\u043e\u0440\u0434\u0438\u043d\u0430\u0446\u0438\u043e\u043d\u043e \u0442\u0435\u043b\u043e \u0412\u043b\u0430\u0434\u0435 \u0420\u0435\u043f\u0443\u0431\u043b\u0438\u043a\u0435 \u0421\u0440\u0431\u0438\u0458\u0435 \u0437\u0430 \u043e\u043f\u0448\u0442\u0438\u043d\u0435 \u041f\u0440\u0435\u0448\u0435\u0432\u043e, \u0411\u0443\u0458\u0430\u043d\u043e\u0432\u0430\u0446 \u0438 \u041c\u0435\u0434\u0432\u0435\u0452a\"},\"image\":{\"@id\":\"https:\\\/\\\/kt.gov.rs\\\/#\\\/schema\\\/logo\\\/image\\\/\"},\"sameAs\":[\"https:\\\/\\\/www.facebook.com\\\/SluzbaKoordinacionogTelaVladeRepublikeSrbije\",\"https:\\\/\\\/x.com\\\/kt_gov\",\"https:\\\/\\\/www.youtube.com\\\/@koordinacionotelo\"]},{\"@type\":\"Person\",\"@id\":\"https:\\\/\\\/kt.gov.rs\\\/#\\\/schema\\\/person\\\/e426459ddb4173309103390602694571\",\"name\":\"ktmin\",\"image\":{\"@type\":\"ImageObject\",\"inLanguage\":\"sq-AL\",\"@id\":\"https:\\\/\\\/secure.gravatar.com\\\/avatar\\\/3985c961109853010c3fbc7ba30365bfba5db3dd6c525831d9c595c7525a615a?s=96&d=mm&r=g\",\"url\":\"https:\\\/\\\/secure.gravatar.com\\\/avatar\\\/3985c961109853010c3fbc7ba30365bfba5db3dd6c525831d9c595c7525a615a?s=96&d=mm&r=g\",\"contentUrl\":\"https:\\\/\\\/secure.gravatar.com\\\/avatar\\\/3985c961109853010c3fbc7ba30365bfba5db3dd6c525831d9c595c7525a615a?s=96&d=mm&r=g\",\"caption\":\"ktmin\"},\"sameAs\":[\"https:\\\/\\\/kt.gov.rs\"],\"url\":\"https:\\\/\\\/kt.gov.rs\\\/sq\\\/author\\\/ktmin\\\/\"}]}<\/script>\n<!-- \/ Yoast SEO plugin. -->","yoast_head_json":{"title":"Thirrje p\u00ebr media: KRYETARI I TRUPIT KOORDINUES MINISTRI MILAN MARKOVIQ DO T\u00cb DHUROJ FALAS MJETE SHKOLLORE P\u00cbR NX\u00cbN\u00cbSIT E KLAS\u00cbVE T\u00cb PARA N\u00cb PRESHEV\u00cb, BUJANOC DHE MEDVEGJ\u00cb - Republika e S\u00ebrbis\u00eb Trupi Koordinues p\u00ebr komunat Bujanoc, Preshev\u00eb dhe Medvegj\u00eb","robots":{"index":"index","follow":"follow","max-snippet":"max-snippet:-1","max-image-preview":"max-image-preview:large","max-video-preview":"max-video-preview:-1"},"canonical":"https:\/\/kt.gov.rs\/sq\/thirrje-per-media-kryetari-i-trupit-koordinues-ministri-milan-markoviq-do-te-dhuroj-falas-mjete-shkollore-per-nxenesit-e-klaseve-te-para-ne-presheve-bujanoc-dhe-medvegje\/","og_locale":"sq_AL","og_type":"article","og_title":"Thirrje p\u00ebr media: KRYETARI I TRUPIT KOORDINUES MINISTRI MILAN MARKOVIQ DO T\u00cb DHUROJ FALAS MJETE SHKOLLORE P\u00cbR NX\u00cbN\u00cbSIT E KLAS\u00cbVE T\u00cb PARA N\u00cb PRESHEV\u00cb, BUJANOC DHE MEDVEGJ\u00cb - Republika e S\u00ebrbis\u00eb Trupi Koordinues p\u00ebr komunat Bujanoc, Preshev\u00eb dhe Medvegj\u00eb","og_description":"Kryetari i Trupit Koordinues t\u00eb Qeveris\u00eb s\u00eb Republik\u00ebs s\u00eb Serbis\u00eb p\u00ebr komunat Preshev\u00eb, Bujanoc dhe Medvegj\u00eb e nj\u00ebherit minist\u00ebr i pushtetit lokal dhe vet\u00ebqeverisjes lokale Milan Maroviq n\u00eb m\u00ebnyr\u00eb solemne do t\u00eb dhuroj\u00eb falas \u00e7anta shkollore dhe mjete m\u00ebsimore nx\u00ebn\u00ebsve t\u00eb klas\u00ebve t\u00eb para\u00a0n\u00eb shkollat fillore ,,N\u00ebnt\u00eb Maji\u2019\u2019 dhe\u00a0,,Vuk Karaxhiq\u2019\u2019 n\u00eb Preshev\u00eb dhe ,,Muharrem Kadriu''\u2019 dhe ,,Dragomir Trajkoviq\u2019\u2019 n\u00eb Bujanoc, n\u00eb dit\u00ebn e par\u00eb t\u00eb vitit shkollor\u00eb, t\u00eb m\u00ebrkur\u00ebn m\u00eb 1 shtator\u00eb n\u00eb ora 11:30. K\u00ebt\u00eb solemnitet do ta p\u00ebrcjellin edhe kryetar\u00ebt e komunave t\u00eb Preshev\u00ebs dhe Bujanocit.","og_url":"https:\/\/kt.gov.rs\/sq\/thirrje-per-media-kryetari-i-trupit-koordinues-ministri-milan-markoviq-do-te-dhuroj-falas-mjete-shkollore-per-nxenesit-e-klaseve-te-para-ne-presheve-bujanoc-dhe-medvegje\/","og_site_name":"Republika e S\u00ebrbis\u00eb Trupi Koordinues p\u00ebr komunat Bujanoc, Preshev\u00eb dhe Medvegj\u00eb","article_publisher":"https:\/\/www.facebook.com\/SluzbaKoordinacionogTelaVladeRepublikeSrbije","article_published_time":"2010-08-31T00:00:00+00:00","author":"ktmin","twitter_card":"summary_large_image","twitter_creator":"@kt_gov","twitter_site":"@kt_gov","twitter_misc":{"Written by":"ktmin","Est. reading time":"1 minute"},"schema":{"@context":"https:\/\/schema.org","@graph":[{"@type":"Article","@id":"https:\/\/kt.gov.rs\/sq\/thirrje-per-media-kryetari-i-trupit-koordinues-ministri-milan-markoviq-do-te-dhuroj-falas-mjete-shkollore-per-nxenesit-e-klaseve-te-para-ne-presheve-bujanoc-dhe-medvegje\/#article","isPartOf":{"@id":"https:\/\/kt.gov.rs\/sq\/thirrje-per-media-kryetari-i-trupit-koordinues-ministri-milan-markoviq-do-te-dhuroj-falas-mjete-shkollore-per-nxenesit-e-klaseve-te-para-ne-presheve-bujanoc-dhe-medvegje\/"},"author":{"name":"ktmin","@id":"https:\/\/kt.gov.rs\/#\/schema\/person\/e426459ddb4173309103390602694571"},"headline":"Thirrje p\u00ebr media: KRYETARI I TRUPIT KOORDINUES MINISTRI MILAN MARKOVIQ DO T\u00cb DHUROJ FALAS MJETE SHKOLLORE P\u00cbR NX\u00cbN\u00cbSIT E KLAS\u00cbVE T\u00cb PARA N\u00cb PRESHEV\u00cb, BUJANOC DHE MEDVEGJ\u00cb","datePublished":"2010-08-31T00:00:00+00:00","mainEntityOfPage":{"@id":"https:\/\/kt.gov.rs\/sq\/thirrje-per-media-kryetari-i-trupit-koordinues-ministri-milan-markoviq-do-te-dhuroj-falas-mjete-shkollore-per-nxenesit-e-klaseve-te-para-ne-presheve-bujanoc-dhe-medvegje\/"},"wordCount":323,"publisher":{"@id":"https:\/\/kt.gov.rs\/#organization"},"articleSection":["Lajme"],"inLanguage":"sq-AL"},{"@type":"WebPage","@id":"https:\/\/kt.gov.rs\/sq\/thirrje-per-media-kryetari-i-trupit-koordinues-ministri-milan-markoviq-do-te-dhuroj-falas-mjete-shkollore-per-nxenesit-e-klaseve-te-para-ne-presheve-bujanoc-dhe-medvegje\/","url":"https:\/\/kt.gov.rs\/sq\/thirrje-per-media-kryetari-i-trupit-koordinues-ministri-milan-markoviq-do-te-dhuroj-falas-mjete-shkollore-per-nxenesit-e-klaseve-te-para-ne-presheve-bujanoc-dhe-medvegje\/","name":"Thirrje p\u00ebr media: KRYETARI I TRUPIT KOORDINUES MINISTRI MILAN MARKOVIQ DO T\u00cb DHUROJ FALAS MJETE SHKOLLORE P\u00cbR NX\u00cbN\u00cbSIT E KLAS\u00cbVE T\u00cb PARA N\u00cb PRESHEV\u00cb, BUJANOC DHE MEDVEGJ\u00cb - Republika e S\u00ebrbis\u00eb Trupi Koordinues p\u00ebr komunat Bujanoc, Preshev\u00eb dhe Medvegj\u00eb","isPartOf":{"@id":"https:\/\/kt.gov.rs\/#website"},"datePublished":"2010-08-31T00:00:00+00:00","breadcrumb":{"@id":"https:\/\/kt.gov.rs\/sq\/thirrje-per-media-kryetari-i-trupit-koordinues-ministri-milan-markoviq-do-te-dhuroj-falas-mjete-shkollore-per-nxenesit-e-klaseve-te-para-ne-presheve-bujanoc-dhe-medvegje\/#breadcrumb"},"inLanguage":"sq-AL","potentialAction":[{"@type":"ReadAction","target":["https:\/\/kt.gov.rs\/sq\/thirrje-per-media-kryetari-i-trupit-koordinues-ministri-milan-markoviq-do-te-dhuroj-falas-mjete-shkollore-per-nxenesit-e-klaseve-te-para-ne-presheve-bujanoc-dhe-medvegje\/"]}]},{"@type":"BreadcrumbList","@id":"https:\/\/kt.gov.rs\/sq\/thirrje-per-media-kryetari-i-trupit-koordinues-ministri-milan-markoviq-do-te-dhuroj-falas-mjete-shkollore-per-nxenesit-e-klaseve-te-para-ne-presheve-bujanoc-dhe-medvegje\/#breadcrumb","itemListElement":[{"@type":"ListItem","position":1,"name":"\u041f\u043e\u0447\u0435\u0442\u043d\u0430","item":"https:\/\/kt.gov.rs\/sq\/"},{"@type":"ListItem","position":2,"name":"Thirrje p\u00ebr media: KRYETARI I TRUPIT KOORDINUES MINISTRI MILAN MARKOVIQ DO T\u00cb DHUROJ FALAS MJETE SHKOLLORE P\u00cbR NX\u00cbN\u00cbSIT E KLAS\u00cbVE T\u00cb PARA N\u00cb PRESHEV\u00cb, BUJANOC DHE MEDVEGJ\u00cb"}]},{"@type":"WebSite","@id":"https:\/\/kt.gov.rs\/#website","url":"https:\/\/kt.gov.rs\/","name":"\u041a\u043e\u043e\u0440\u0434\u0438\u043d\u0430\u0446\u0438\u043e\u043d\u043e \u0442\u0435\u043b\u043e \u0412\u043b\u0430\u0434\u0435 \u0420\u0435\u043f\u0443\u0431\u043b\u0438\u043a\u0435 \u0421\u0440\u0431\u0438\u0458\u0435 \u0437\u0430 \u043e\u043f\u0448\u0442\u0438\u043d\u0435 \u041f\u0440\u0435\u0448\u0435\u0432\u043e, \u0411\u0443\u0458\u0430\u043d\u043e\u0432\u0430\u0446 \u0438 \u041c\u0435\u0434\u0432\u0435\u0452a","description":"","publisher":{"@id":"https:\/\/kt.gov.rs\/#organization"},"alternateName":"\u041a\u043e\u043e\u0440\u0434\u0438\u043d\u0430\u0446\u0438\u043e\u043d\u043e \u0442\u0435\u043b\u043e","potentialAction":[{"@type":"SearchAction","target":{"@type":"EntryPoint","urlTemplate":"https:\/\/kt.gov.rs\/?s={search_term_string}"},"query-input":{"@type":"PropertyValueSpecification","valueRequired":true,"valueName":"search_term_string"}}],"inLanguage":"sq-AL"},{"@type":"Organization","@id":"https:\/\/kt.gov.rs\/#organization","name":"\u041a\u043e\u043e\u0440\u0434\u0438\u043d\u0430\u0446\u0438\u043e\u043d\u043e \u0442\u0435\u043b\u043e \u0412\u043b\u0430\u0434\u0435 \u0420\u0435\u043f\u0443\u0431\u043b\u0438\u043a\u0435 \u0421\u0440\u0431\u0438\u0458\u0435 \u0437\u0430 \u043e\u043f\u0448\u0442\u0438\u043d\u0435 \u041f\u0440\u0435\u0448\u0435\u0432\u043e, \u0411\u0443\u0458\u0430\u043d\u043e\u0432\u0430\u0446 \u0438 \u041c\u0435\u0434\u0432\u0435\u0452a","alternateName":"\u041a\u043e\u043e\u0440\u0434\u0438\u043d\u0430\u0446\u0438\u043e\u043d\u043e \u0442\u0435\u043b\u043e","url":"https:\/\/kt.gov.rs\/","logo":{"@type":"ImageObject","inLanguage":"sq-AL","@id":"https:\/\/kt.gov.rs\/#\/schema\/logo\/image\/","url":"https:\/\/kt.gov.rs\/wp-content\/uploads\/2024\/12\/koord2.jpg","contentUrl":"https:\/\/kt.gov.rs\/wp-content\/uploads\/2024\/12\/koord2.jpg","width":640,"height":480,"caption":"\u041a\u043e\u043e\u0440\u0434\u0438\u043d\u0430\u0446\u0438\u043e\u043d\u043e \u0442\u0435\u043b\u043e \u0412\u043b\u0430\u0434\u0435 \u0420\u0435\u043f\u0443\u0431\u043b\u0438\u043a\u0435 \u0421\u0440\u0431\u0438\u0458\u0435 \u0437\u0430 \u043e\u043f\u0448\u0442\u0438\u043d\u0435 \u041f\u0440\u0435\u0448\u0435\u0432\u043e, \u0411\u0443\u0458\u0430\u043d\u043e\u0432\u0430\u0446 \u0438 \u041c\u0435\u0434\u0432\u0435\u0452a"},"image":{"@id":"https:\/\/kt.gov.rs\/#\/schema\/logo\/image\/"},"sameAs":["https:\/\/www.facebook.com\/SluzbaKoordinacionogTelaVladeRepublikeSrbije","https:\/\/x.com\/kt_gov","https:\/\/www.youtube.com\/@koordinacionotelo"]},{"@type":"Person","@id":"https:\/\/kt.gov.rs\/#\/schema\/person\/e426459ddb4173309103390602694571","name":"ktmin","image":{"@type":"ImageObject","inLanguage":"sq-AL","@id":"https:\/\/secure.gravatar.com\/avatar\/3985c961109853010c3fbc7ba30365bfba5db3dd6c525831d9c595c7525a615a?s=96&d=mm&r=g","url":"https:\/\/secure.gravatar.com\/avatar\/3985c961109853010c3fbc7ba30365bfba5db3dd6c525831d9c595c7525a615a?s=96&d=mm&r=g","contentUrl":"https:\/\/secure.gravatar.com\/avatar\/3985c961109853010c3fbc7ba30365bfba5db3dd6c525831d9c595c7525a615a?s=96&d=mm&r=g","caption":"ktmin"},"sameAs":["https:\/\/kt.gov.rs"],"url":"https:\/\/kt.gov.rs\/sq\/author\/ktmin\/"}]}},"_links":{"self":[{"href":"https:\/\/kt.gov.rs\/sq\/wp-json\/wp\/v2\/posts\/142652","targetHints":{"allow":["GET"]}}],"collection":[{"href":"https:\/\/kt.gov.rs\/sq\/wp-json\/wp\/v2\/posts"}],"about":[{"href":"https:\/\/kt.gov.rs\/sq\/wp-json\/wp\/v2\/types\/post"}],"author":[{"embeddable":true,"href":"https:\/\/kt.gov.rs\/sq\/wp-json\/wp\/v2\/users\/1"}],"replies":[{"embeddable":true,"href":"https:\/\/kt.gov.rs\/sq\/wp-json\/wp\/v2\/comments?post=142652"}],"version-history":[{"count":0,"href":"https:\/\/kt.gov.rs\/sq\/wp-json\/wp\/v2\/posts\/142652\/revisions"}],"wp:attachment":[{"href":"https:\/\/kt.gov.rs\/sq\/wp-json\/wp\/v2\/media?parent=142652"}],"wp:term":[{"taxonomy":"category","embeddable":true,"href":"https:\/\/kt.gov.rs\/sq\/wp-json\/wp\/v2\/categories?post=142652"},{"taxonomy":"post_tag","embeddable":true,"href":"https:\/\/kt.gov.rs\/sq\/wp-json\/wp\/v2\/tags?post=142652"}],"curies":[{"name":"wp","href":"https:\/\/api.w.org\/{rel}","templated":true}]}}