{"id":142640,"date":"2010-09-02T00:00:00","date_gmt":"2010-09-02T00:00:00","guid":{"rendered":"http:\/\/kt.printandscreen.rs\/kryetari-i-trupit-koordinues-dje-u-dhuroi-mjete-shkollore-nxenesve-te-klasave-te-para\/"},"modified":"2024-07-30T20:22:03","modified_gmt":"2024-07-30T20:22:03","slug":"kryetari-i-trupit-koordinues-dje-u-dhuroi-mjete-shkollore-nxenesve-te-klasave-te-para","status":"publish","type":"post","link":"https:\/\/kt.gov.rs\/sq\/kryetari-i-trupit-koordinues-dje-u-dhuroi-mjete-shkollore-nxenesve-te-klasave-te-para\/","title":{"rendered":"KRYETARI I TRUPIT KOORDINUES DJE U DHUROI MJETE SHKOLLORE NX\u00cbN\u00cbSVE T\u00cb KLASAVE T\u00cb PARA"},"content":{"rendered":"<p><img decoding=\"async\" align=\"left\" src=\"https:\/\/kt.gov.rs\/wp-content\/uploads\/2024\/07\/newspic412-4.jpg\" alt=\"\" \/>Dit\u00ebn e par\u00eb t\u00eb m\u00ebsimit shkollor\u00eb nx\u00ebn\u00ebsit e klas\u00ebve t\u00eb para t\u00eb shkollave fillore n\u00eb Leran, Preshev\u00eb, T\u00ebrnoc t\u00eb Madh dhe Zhbevc e kan\u00eb kaluar me kryetarin e Trupit Koordinues t\u00eb Qeveris\u00eb s\u00eb Republik\u00ebs s\u00eb Serbis\u00eb p\u00ebr komunat Preshev\u00eb, Bujanoc dhe Medvegj\u00eb ministrin Milan Markoviq, i cili me k\u00ebt\u00eb rast\u00eb i uroi fillim t\u00eb mbar\u00eb n\u00eb gjuh\u00ebn shqipe dhe serbe.<\/p>\n<p>\u201eT\u00eb dashur f\u00ebmij\u00eb,<\/p>\n<p>Sot \u00ebsht\u00eb dita e par\u00eb e shkoll\u00ebs. Prandaj, dita e sotme \u00ebsht\u00eb e r\u00ebnd\u00ebsishme p\u00ebr secilin prej jush. N\u00eb shkoll\u00eb do t\u00eb njoftoni shum\u00eb shok\u00eb, do t\u00eb m\u00ebsoni shum\u00eb gj\u00ebra t\u00eb mira. M\u00eb vjen\u00eb shum\u00eb mir\u00eb q\u00eb jam\u00eb sot me Ju, q\u00eb mundem Juve dhe m\u00ebsuesve t\u00eb Juaj t\u00eb ju uroj shum\u00eb fat\u00eb, sh\u00ebndet\u00eb dhe sukses.\u201c<\/p>\n<p>Duke vazhduar praktik\u00ebn e mir\u00eb t\u00eb vitit t\u00eb kaluar, Trupi Koordinues p\u00ebr nx\u00ebn\u00ebsit e klas\u00ebve t\u00eb para n\u00eb komunat e Preshev\u00ebs, Bujanocit dhe Medvegj\u00ebs, p\u00ebr 1.200 nx\u00ebn\u00ebs ka siguruar mjete shkollore falas q\u00eb kapin sum\u00ebn prej afro 3,7 milion\u00eb dinar\u00ebsh. Donacionin ministri Markoviq i dhuroi personalisht s\u00eb bashku me kryetar\u00ebt e komunave t\u00eb Preshev\u00ebs dhe Bujanocit dhe me kryetarin e K\u00ebshillit Nacional t\u00eb Shqip\u00ebtar\u00ebve nx\u00ebn\u00ebsve t\u00eb shkollave fillore ,,N\u00ebnt\u00eb Maji\u2019\u2019 dhe ,,Vuk Karaxhiq\u2019\u2019 n\u00eb komun\u00ebn e Preshev\u00ebs dhe ,,Muharrem Kadriu\u2019\u2019 dhe ,,Dragomir Trajkoviq\u2019\u2019 n\u00eb komun\u00ebn e Bujanocit.<\/p>\n<p>Trupi Koordinues \u00ebsht\u00eb orientuar n\u00eb zgjidhjen e t\u00eb gjitha problemeve arsimore n\u00eb k\u00ebto komuna. P\u00ebveq k\u00ebsaj dhurate, jam\u00eb i mendimit se nx\u00ebn\u00ebsve duhet t\u2019u drejtohem n\u00eb gjuh\u00ebn e tyre amtare. Kjo \u00ebsht\u00eb nj\u00ebra nga m\u00ebnyrat e kthimit t\u00eb besimit ndaj nj\u00ebri tjetrit, besim i cili \u00ebsht\u00eb humbur mes veti\u2019\u2019, deklaroi Markoviq<\/p>\n<p><img decoding=\"async\" align=\"left\" src=\"https:\/\/kt.gov.rs\/wp-content\/uploads\/2024\/07\/newspic413-2.jpg\" alt=\"\" \/>Ministri Markoviq theksoi se Trupi Koordinues do t\u00eb vazhdoj\u00eb t\u00eb implementoj\u00eb programet sociale, posaq\u00ebrisht ato programe q\u00eb u p\u00ebrkasin rinis\u00eb. Sipas fjal\u00ebve t\u00eb ministrit,\u00a0 ka shum\u00eb \u00e7\u00ebshtje t\u00eb pazgjidhura t\u00eb cilat u p\u00ebrkasin arsimit n\u00eb jug t\u00eb Serbis\u00eb.<\/p>\n<p>Ministri Markoviq theksoi se r\u00ebnd\u00ebsi t\u00eb posaqme ka formimi i K\u00ebshillit Nacional t\u00eb Shqip\u00ebtar\u00ebve, i cili \u00ebsht\u00eb kompetent p\u00ebr zgjidhjen e problemeve nga sfera e arsimit dhe se prioritet i Trupit Koordinues \u00ebsht\u00eb t\u00eb sigurohen entet shkollore p\u00ebr f\u00ebmij\u00ebt t\u00eb cil\u00ebt vijojn\u00eb shkollimin n\u00eb gjuh\u00ebn shqipe si dhe krijimi i kushteve p\u00ebr arsim t\u00eb lart\u00eb n\u00eb gjuh\u00ebn shqipe dhe serbe n\u00eb Bujanoc dhe Preshev\u00eb sipas modelit t\u00eb Medvegj\u00ebs.<\/p>\n","protected":false},"excerpt":{"rendered":"<p>Dit\u00ebn e par\u00eb t\u00eb m\u00ebsimit shkollor\u00eb nx\u00ebn\u00ebsit e klas\u00ebve t\u00eb para t\u00eb  shkollave fillore n\u00eb Leran, Preshev\u00eb, T\u00ebrnoc t\u00eb Madh dhe Zhbevc e kan\u00eb  kaluar me kryetarin e Trupit Koordinues t\u00eb Qeveris\u00eb s\u00eb Republik\u00ebs s\u00eb  Serbis\u00eb p\u00ebr komunat Preshev\u00eb, Bujanoc dhe Medvegj\u00eb ministrin Milan  Markoviq, i cili me k\u00ebt\u00eb rast\u00eb i uroi fillim t\u00eb mbar\u00eb n\u00eb gjuh\u00ebn shqipe  dhe serbe.<\/p>\n","protected":false},"author":1,"featured_media":142648,"comment_status":"closed","ping_status":"closed","sticky":false,"template":"","format":"standard","meta":{"footnotes":""},"categories":[55],"tags":[],"class_list":["post-142640","post","type-post","status-publish","format-standard","has-post-thumbnail","hentry","category-lajme"],"yoast_head":"<!-- This site is optimized with the Yoast SEO plugin v27.5 - https:\/\/yoast.com\/product\/yoast-seo-wordpress\/ -->\n<title>KRYETARI I TRUPIT KOORDINUES DJE U DHUROI MJETE SHKOLLORE NX\u00cbN\u00cbSVE T\u00cb KLASAVE T\u00cb PARA - Republika e S\u00ebrbis\u00eb Trupi Koordinues p\u00ebr komunat Bujanoc, Preshev\u00eb dhe Medvegj\u00eb<\/title>\n<meta name=\"robots\" content=\"index, follow, max-snippet:-1, max-image-preview:large, max-video-preview:-1\" \/>\n<link rel=\"canonical\" href=\"https:\/\/kt.gov.rs\/sq\/kryetari-i-trupit-koordinues-dje-u-dhuroi-mjete-shkollore-nxenesve-te-klasave-te-para\/\" \/>\n<meta property=\"og:locale\" content=\"sq_AL\" \/>\n<meta property=\"og:type\" content=\"article\" \/>\n<meta property=\"og:title\" content=\"KRYETARI I TRUPIT KOORDINUES DJE U DHUROI MJETE SHKOLLORE NX\u00cbN\u00cbSVE T\u00cb KLASAVE T\u00cb PARA - Republika e S\u00ebrbis\u00eb Trupi Koordinues p\u00ebr komunat Bujanoc, Preshev\u00eb dhe Medvegj\u00eb\" \/>\n<meta property=\"og:description\" content=\"Dit\u00ebn e par\u00eb t\u00eb m\u00ebsimit shkollor\u00eb nx\u00ebn\u00ebsit e klas\u00ebve t\u00eb para t\u00eb shkollave fillore n\u00eb Leran, Preshev\u00eb, T\u00ebrnoc t\u00eb Madh dhe Zhbevc e kan\u00eb kaluar me kryetarin e Trupit Koordinues t\u00eb Qeveris\u00eb s\u00eb Republik\u00ebs s\u00eb Serbis\u00eb p\u00ebr komunat Preshev\u00eb, Bujanoc dhe Medvegj\u00eb ministrin Milan Markoviq, i cili me k\u00ebt\u00eb rast\u00eb i uroi fillim t\u00eb mbar\u00eb n\u00eb gjuh\u00ebn shqipe dhe serbe.\" \/>\n<meta property=\"og:url\" content=\"https:\/\/kt.gov.rs\/sq\/kryetari-i-trupit-koordinues-dje-u-dhuroi-mjete-shkollore-nxenesve-te-klasave-te-para\/\" \/>\n<meta property=\"og:site_name\" content=\"Republika e S\u00ebrbis\u00eb Trupi Koordinues p\u00ebr komunat Bujanoc, Preshev\u00eb dhe Medvegj\u00eb\" \/>\n<meta property=\"article:publisher\" content=\"https:\/\/www.facebook.com\/SluzbaKoordinacionogTelaVladeRepublikeSrbije\" \/>\n<meta property=\"article:published_time\" content=\"2010-09-02T00:00:00+00:00\" \/>\n<meta property=\"article:modified_time\" content=\"2024-07-30T20:22:03+00:00\" \/>\n<meta property=\"og:image\" content=\"https:\/\/kt.gov.rs\/wp-content\/uploads\/2024\/07\/newspic412-5.jpg\" \/>\n\t<meta property=\"og:image:width\" content=\"265\" \/>\n\t<meta property=\"og:image:height\" content=\"176\" \/>\n\t<meta property=\"og:image:type\" content=\"image\/jpeg\" \/>\n<meta name=\"author\" content=\"ktmin\" \/>\n<meta name=\"twitter:card\" content=\"summary_large_image\" \/>\n<meta name=\"twitter:creator\" content=\"@kt_gov\" \/>\n<meta name=\"twitter:site\" content=\"@kt_gov\" \/>\n<meta name=\"twitter:label1\" content=\"Written by\" \/>\n\t<meta name=\"twitter:data1\" content=\"ktmin\" \/>\n\t<meta name=\"twitter:label2\" content=\"Est. reading time\" \/>\n\t<meta name=\"twitter:data2\" content=\"2 minutes\" \/>\n<script type=\"application\/ld+json\" class=\"yoast-schema-graph\">{\"@context\":\"https:\\\/\\\/schema.org\",\"@graph\":[{\"@type\":\"Article\",\"@id\":\"https:\\\/\\\/kt.gov.rs\\\/sq\\\/kryetari-i-trupit-koordinues-dje-u-dhuroi-mjete-shkollore-nxenesve-te-klasave-te-para\\\/#article\",\"isPartOf\":{\"@id\":\"https:\\\/\\\/kt.gov.rs\\\/sq\\\/kryetari-i-trupit-koordinues-dje-u-dhuroi-mjete-shkollore-nxenesve-te-klasave-te-para\\\/\"},\"author\":{\"name\":\"ktmin\",\"@id\":\"https:\\\/\\\/kt.gov.rs\\\/#\\\/schema\\\/person\\\/e426459ddb4173309103390602694571\"},\"headline\":\"KRYETARI I TRUPIT KOORDINUES DJE U DHUROI MJETE SHKOLLORE NX\u00cbN\u00cbSVE T\u00cb KLASAVE T\u00cb PARA\",\"datePublished\":\"2010-09-02T00:00:00+00:00\",\"dateModified\":\"2024-07-30T20:22:03+00:00\",\"mainEntityOfPage\":{\"@id\":\"https:\\\/\\\/kt.gov.rs\\\/sq\\\/kryetari-i-trupit-koordinues-dje-u-dhuroi-mjete-shkollore-nxenesve-te-klasave-te-para\\\/\"},\"wordCount\":461,\"publisher\":{\"@id\":\"https:\\\/\\\/kt.gov.rs\\\/#organization\"},\"image\":{\"@id\":\"https:\\\/\\\/kt.gov.rs\\\/sq\\\/kryetari-i-trupit-koordinues-dje-u-dhuroi-mjete-shkollore-nxenesve-te-klasave-te-para\\\/#primaryimage\"},\"thumbnailUrl\":\"https:\\\/\\\/kt.gov.rs\\\/wp-content\\\/uploads\\\/2024\\\/07\\\/newspic412-5.jpg\",\"articleSection\":[\"Lajme\"],\"inLanguage\":\"sq-AL\"},{\"@type\":\"WebPage\",\"@id\":\"https:\\\/\\\/kt.gov.rs\\\/sq\\\/kryetari-i-trupit-koordinues-dje-u-dhuroi-mjete-shkollore-nxenesve-te-klasave-te-para\\\/\",\"url\":\"https:\\\/\\\/kt.gov.rs\\\/sq\\\/kryetari-i-trupit-koordinues-dje-u-dhuroi-mjete-shkollore-nxenesve-te-klasave-te-para\\\/\",\"name\":\"KRYETARI I TRUPIT KOORDINUES DJE U DHUROI MJETE SHKOLLORE NX\u00cbN\u00cbSVE T\u00cb KLASAVE T\u00cb PARA - Republika e S\u00ebrbis\u00eb Trupi Koordinues p\u00ebr komunat Bujanoc, Preshev\u00eb dhe Medvegj\u00eb\",\"isPartOf\":{\"@id\":\"https:\\\/\\\/kt.gov.rs\\\/#website\"},\"primaryImageOfPage\":{\"@id\":\"https:\\\/\\\/kt.gov.rs\\\/sq\\\/kryetari-i-trupit-koordinues-dje-u-dhuroi-mjete-shkollore-nxenesve-te-klasave-te-para\\\/#primaryimage\"},\"image\":{\"@id\":\"https:\\\/\\\/kt.gov.rs\\\/sq\\\/kryetari-i-trupit-koordinues-dje-u-dhuroi-mjete-shkollore-nxenesve-te-klasave-te-para\\\/#primaryimage\"},\"thumbnailUrl\":\"https:\\\/\\\/kt.gov.rs\\\/wp-content\\\/uploads\\\/2024\\\/07\\\/newspic412-5.jpg\",\"datePublished\":\"2010-09-02T00:00:00+00:00\",\"dateModified\":\"2024-07-30T20:22:03+00:00\",\"breadcrumb\":{\"@id\":\"https:\\\/\\\/kt.gov.rs\\\/sq\\\/kryetari-i-trupit-koordinues-dje-u-dhuroi-mjete-shkollore-nxenesve-te-klasave-te-para\\\/#breadcrumb\"},\"inLanguage\":\"sq-AL\",\"potentialAction\":[{\"@type\":\"ReadAction\",\"target\":[\"https:\\\/\\\/kt.gov.rs\\\/sq\\\/kryetari-i-trupit-koordinues-dje-u-dhuroi-mjete-shkollore-nxenesve-te-klasave-te-para\\\/\"]}]},{\"@type\":\"ImageObject\",\"inLanguage\":\"sq-AL\",\"@id\":\"https:\\\/\\\/kt.gov.rs\\\/sq\\\/kryetari-i-trupit-koordinues-dje-u-dhuroi-mjete-shkollore-nxenesve-te-klasave-te-para\\\/#primaryimage\",\"url\":\"https:\\\/\\\/kt.gov.rs\\\/wp-content\\\/uploads\\\/2024\\\/07\\\/newspic412-5.jpg\",\"contentUrl\":\"https:\\\/\\\/kt.gov.rs\\\/wp-content\\\/uploads\\\/2024\\\/07\\\/newspic412-5.jpg\",\"width\":265,\"height\":176},{\"@type\":\"BreadcrumbList\",\"@id\":\"https:\\\/\\\/kt.gov.rs\\\/sq\\\/kryetari-i-trupit-koordinues-dje-u-dhuroi-mjete-shkollore-nxenesve-te-klasave-te-para\\\/#breadcrumb\",\"itemListElement\":[{\"@type\":\"ListItem\",\"position\":1,\"name\":\"\u041f\u043e\u0447\u0435\u0442\u043d\u0430\",\"item\":\"https:\\\/\\\/kt.gov.rs\\\/sq\\\/\"},{\"@type\":\"ListItem\",\"position\":2,\"name\":\"KRYETARI I TRUPIT KOORDINUES DJE U DHUROI MJETE SHKOLLORE NX\u00cbN\u00cbSVE T\u00cb KLASAVE T\u00cb PARA\"}]},{\"@type\":\"WebSite\",\"@id\":\"https:\\\/\\\/kt.gov.rs\\\/#website\",\"url\":\"https:\\\/\\\/kt.gov.rs\\\/\",\"name\":\"\u041a\u043e\u043e\u0440\u0434\u0438\u043d\u0430\u0446\u0438\u043e\u043d\u043e \u0442\u0435\u043b\u043e \u0412\u043b\u0430\u0434\u0435 \u0420\u0435\u043f\u0443\u0431\u043b\u0438\u043a\u0435 \u0421\u0440\u0431\u0438\u0458\u0435 \u0437\u0430 \u043e\u043f\u0448\u0442\u0438\u043d\u0435 \u041f\u0440\u0435\u0448\u0435\u0432\u043e, \u0411\u0443\u0458\u0430\u043d\u043e\u0432\u0430\u0446 \u0438 \u041c\u0435\u0434\u0432\u0435\u0452a\",\"description\":\"\",\"publisher\":{\"@id\":\"https:\\\/\\\/kt.gov.rs\\\/#organization\"},\"alternateName\":\"\u041a\u043e\u043e\u0440\u0434\u0438\u043d\u0430\u0446\u0438\u043e\u043d\u043e \u0442\u0435\u043b\u043e\",\"potentialAction\":[{\"@type\":\"SearchAction\",\"target\":{\"@type\":\"EntryPoint\",\"urlTemplate\":\"https:\\\/\\\/kt.gov.rs\\\/?s={search_term_string}\"},\"query-input\":{\"@type\":\"PropertyValueSpecification\",\"valueRequired\":true,\"valueName\":\"search_term_string\"}}],\"inLanguage\":\"sq-AL\"},{\"@type\":\"Organization\",\"@id\":\"https:\\\/\\\/kt.gov.rs\\\/#organization\",\"name\":\"\u041a\u043e\u043e\u0440\u0434\u0438\u043d\u0430\u0446\u0438\u043e\u043d\u043e \u0442\u0435\u043b\u043e \u0412\u043b\u0430\u0434\u0435 \u0420\u0435\u043f\u0443\u0431\u043b\u0438\u043a\u0435 \u0421\u0440\u0431\u0438\u0458\u0435 \u0437\u0430 \u043e\u043f\u0448\u0442\u0438\u043d\u0435 \u041f\u0440\u0435\u0448\u0435\u0432\u043e, \u0411\u0443\u0458\u0430\u043d\u043e\u0432\u0430\u0446 \u0438 \u041c\u0435\u0434\u0432\u0435\u0452a\",\"alternateName\":\"\u041a\u043e\u043e\u0440\u0434\u0438\u043d\u0430\u0446\u0438\u043e\u043d\u043e \u0442\u0435\u043b\u043e\",\"url\":\"https:\\\/\\\/kt.gov.rs\\\/\",\"logo\":{\"@type\":\"ImageObject\",\"inLanguage\":\"sq-AL\",\"@id\":\"https:\\\/\\\/kt.gov.rs\\\/#\\\/schema\\\/logo\\\/image\\\/\",\"url\":\"https:\\\/\\\/kt.gov.rs\\\/wp-content\\\/uploads\\\/2024\\\/12\\\/koord2.jpg\",\"contentUrl\":\"https:\\\/\\\/kt.gov.rs\\\/wp-content\\\/uploads\\\/2024\\\/12\\\/koord2.jpg\",\"width\":640,\"height\":480,\"caption\":\"\u041a\u043e\u043e\u0440\u0434\u0438\u043d\u0430\u0446\u0438\u043e\u043d\u043e \u0442\u0435\u043b\u043e \u0412\u043b\u0430\u0434\u0435 \u0420\u0435\u043f\u0443\u0431\u043b\u0438\u043a\u0435 \u0421\u0440\u0431\u0438\u0458\u0435 \u0437\u0430 \u043e\u043f\u0448\u0442\u0438\u043d\u0435 \u041f\u0440\u0435\u0448\u0435\u0432\u043e, \u0411\u0443\u0458\u0430\u043d\u043e\u0432\u0430\u0446 \u0438 \u041c\u0435\u0434\u0432\u0435\u0452a\"},\"image\":{\"@id\":\"https:\\\/\\\/kt.gov.rs\\\/#\\\/schema\\\/logo\\\/image\\\/\"},\"sameAs\":[\"https:\\\/\\\/www.facebook.com\\\/SluzbaKoordinacionogTelaVladeRepublikeSrbije\",\"https:\\\/\\\/x.com\\\/kt_gov\",\"https:\\\/\\\/www.youtube.com\\\/@koordinacionotelo\"]},{\"@type\":\"Person\",\"@id\":\"https:\\\/\\\/kt.gov.rs\\\/#\\\/schema\\\/person\\\/e426459ddb4173309103390602694571\",\"name\":\"ktmin\",\"image\":{\"@type\":\"ImageObject\",\"inLanguage\":\"sq-AL\",\"@id\":\"https:\\\/\\\/secure.gravatar.com\\\/avatar\\\/3985c961109853010c3fbc7ba30365bfba5db3dd6c525831d9c595c7525a615a?s=96&d=mm&r=g\",\"url\":\"https:\\\/\\\/secure.gravatar.com\\\/avatar\\\/3985c961109853010c3fbc7ba30365bfba5db3dd6c525831d9c595c7525a615a?s=96&d=mm&r=g\",\"contentUrl\":\"https:\\\/\\\/secure.gravatar.com\\\/avatar\\\/3985c961109853010c3fbc7ba30365bfba5db3dd6c525831d9c595c7525a615a?s=96&d=mm&r=g\",\"caption\":\"ktmin\"},\"sameAs\":[\"https:\\\/\\\/kt.gov.rs\"],\"url\":\"https:\\\/\\\/kt.gov.rs\\\/sq\\\/author\\\/ktmin\\\/\"}]}<\/script>\n<!-- \/ Yoast SEO plugin. -->","yoast_head_json":{"title":"KRYETARI I TRUPIT KOORDINUES DJE U DHUROI MJETE SHKOLLORE NX\u00cbN\u00cbSVE T\u00cb KLASAVE T\u00cb PARA - Republika e S\u00ebrbis\u00eb Trupi Koordinues p\u00ebr komunat Bujanoc, Preshev\u00eb dhe Medvegj\u00eb","robots":{"index":"index","follow":"follow","max-snippet":"max-snippet:-1","max-image-preview":"max-image-preview:large","max-video-preview":"max-video-preview:-1"},"canonical":"https:\/\/kt.gov.rs\/sq\/kryetari-i-trupit-koordinues-dje-u-dhuroi-mjete-shkollore-nxenesve-te-klasave-te-para\/","og_locale":"sq_AL","og_type":"article","og_title":"KRYETARI I TRUPIT KOORDINUES DJE U DHUROI MJETE SHKOLLORE NX\u00cbN\u00cbSVE T\u00cb KLASAVE T\u00cb PARA - Republika e S\u00ebrbis\u00eb Trupi Koordinues p\u00ebr komunat Bujanoc, Preshev\u00eb dhe Medvegj\u00eb","og_description":"Dit\u00ebn e par\u00eb t\u00eb m\u00ebsimit shkollor\u00eb nx\u00ebn\u00ebsit e klas\u00ebve t\u00eb para t\u00eb shkollave fillore n\u00eb Leran, Preshev\u00eb, T\u00ebrnoc t\u00eb Madh dhe Zhbevc e kan\u00eb kaluar me kryetarin e Trupit Koordinues t\u00eb Qeveris\u00eb s\u00eb Republik\u00ebs s\u00eb Serbis\u00eb p\u00ebr komunat Preshev\u00eb, Bujanoc dhe Medvegj\u00eb ministrin Milan Markoviq, i cili me k\u00ebt\u00eb rast\u00eb i uroi fillim t\u00eb mbar\u00eb n\u00eb gjuh\u00ebn shqipe dhe serbe.","og_url":"https:\/\/kt.gov.rs\/sq\/kryetari-i-trupit-koordinues-dje-u-dhuroi-mjete-shkollore-nxenesve-te-klasave-te-para\/","og_site_name":"Republika e S\u00ebrbis\u00eb Trupi Koordinues p\u00ebr komunat Bujanoc, Preshev\u00eb dhe Medvegj\u00eb","article_publisher":"https:\/\/www.facebook.com\/SluzbaKoordinacionogTelaVladeRepublikeSrbije","article_published_time":"2010-09-02T00:00:00+00:00","article_modified_time":"2024-07-30T20:22:03+00:00","og_image":[{"width":265,"height":176,"url":"https:\/\/kt.gov.rs\/wp-content\/uploads\/2024\/07\/newspic412-5.jpg","type":"image\/jpeg"}],"author":"ktmin","twitter_card":"summary_large_image","twitter_creator":"@kt_gov","twitter_site":"@kt_gov","twitter_misc":{"Written by":"ktmin","Est. reading time":"2 minutes"},"schema":{"@context":"https:\/\/schema.org","@graph":[{"@type":"Article","@id":"https:\/\/kt.gov.rs\/sq\/kryetari-i-trupit-koordinues-dje-u-dhuroi-mjete-shkollore-nxenesve-te-klasave-te-para\/#article","isPartOf":{"@id":"https:\/\/kt.gov.rs\/sq\/kryetari-i-trupit-koordinues-dje-u-dhuroi-mjete-shkollore-nxenesve-te-klasave-te-para\/"},"author":{"name":"ktmin","@id":"https:\/\/kt.gov.rs\/#\/schema\/person\/e426459ddb4173309103390602694571"},"headline":"KRYETARI I TRUPIT KOORDINUES DJE U DHUROI MJETE SHKOLLORE NX\u00cbN\u00cbSVE T\u00cb KLASAVE T\u00cb PARA","datePublished":"2010-09-02T00:00:00+00:00","dateModified":"2024-07-30T20:22:03+00:00","mainEntityOfPage":{"@id":"https:\/\/kt.gov.rs\/sq\/kryetari-i-trupit-koordinues-dje-u-dhuroi-mjete-shkollore-nxenesve-te-klasave-te-para\/"},"wordCount":461,"publisher":{"@id":"https:\/\/kt.gov.rs\/#organization"},"image":{"@id":"https:\/\/kt.gov.rs\/sq\/kryetari-i-trupit-koordinues-dje-u-dhuroi-mjete-shkollore-nxenesve-te-klasave-te-para\/#primaryimage"},"thumbnailUrl":"https:\/\/kt.gov.rs\/wp-content\/uploads\/2024\/07\/newspic412-5.jpg","articleSection":["Lajme"],"inLanguage":"sq-AL"},{"@type":"WebPage","@id":"https:\/\/kt.gov.rs\/sq\/kryetari-i-trupit-koordinues-dje-u-dhuroi-mjete-shkollore-nxenesve-te-klasave-te-para\/","url":"https:\/\/kt.gov.rs\/sq\/kryetari-i-trupit-koordinues-dje-u-dhuroi-mjete-shkollore-nxenesve-te-klasave-te-para\/","name":"KRYETARI I TRUPIT KOORDINUES DJE U DHUROI MJETE SHKOLLORE NX\u00cbN\u00cbSVE T\u00cb KLASAVE T\u00cb PARA - Republika e S\u00ebrbis\u00eb Trupi Koordinues p\u00ebr komunat Bujanoc, Preshev\u00eb dhe Medvegj\u00eb","isPartOf":{"@id":"https:\/\/kt.gov.rs\/#website"},"primaryImageOfPage":{"@id":"https:\/\/kt.gov.rs\/sq\/kryetari-i-trupit-koordinues-dje-u-dhuroi-mjete-shkollore-nxenesve-te-klasave-te-para\/#primaryimage"},"image":{"@id":"https:\/\/kt.gov.rs\/sq\/kryetari-i-trupit-koordinues-dje-u-dhuroi-mjete-shkollore-nxenesve-te-klasave-te-para\/#primaryimage"},"thumbnailUrl":"https:\/\/kt.gov.rs\/wp-content\/uploads\/2024\/07\/newspic412-5.jpg","datePublished":"2010-09-02T00:00:00+00:00","dateModified":"2024-07-30T20:22:03+00:00","breadcrumb":{"@id":"https:\/\/kt.gov.rs\/sq\/kryetari-i-trupit-koordinues-dje-u-dhuroi-mjete-shkollore-nxenesve-te-klasave-te-para\/#breadcrumb"},"inLanguage":"sq-AL","potentialAction":[{"@type":"ReadAction","target":["https:\/\/kt.gov.rs\/sq\/kryetari-i-trupit-koordinues-dje-u-dhuroi-mjete-shkollore-nxenesve-te-klasave-te-para\/"]}]},{"@type":"ImageObject","inLanguage":"sq-AL","@id":"https:\/\/kt.gov.rs\/sq\/kryetari-i-trupit-koordinues-dje-u-dhuroi-mjete-shkollore-nxenesve-te-klasave-te-para\/#primaryimage","url":"https:\/\/kt.gov.rs\/wp-content\/uploads\/2024\/07\/newspic412-5.jpg","contentUrl":"https:\/\/kt.gov.rs\/wp-content\/uploads\/2024\/07\/newspic412-5.jpg","width":265,"height":176},{"@type":"BreadcrumbList","@id":"https:\/\/kt.gov.rs\/sq\/kryetari-i-trupit-koordinues-dje-u-dhuroi-mjete-shkollore-nxenesve-te-klasave-te-para\/#breadcrumb","itemListElement":[{"@type":"ListItem","position":1,"name":"\u041f\u043e\u0447\u0435\u0442\u043d\u0430","item":"https:\/\/kt.gov.rs\/sq\/"},{"@type":"ListItem","position":2,"name":"KRYETARI I TRUPIT KOORDINUES DJE U DHUROI MJETE SHKOLLORE NX\u00cbN\u00cbSVE T\u00cb KLASAVE T\u00cb PARA"}]},{"@type":"WebSite","@id":"https:\/\/kt.gov.rs\/#website","url":"https:\/\/kt.gov.rs\/","name":"\u041a\u043e\u043e\u0440\u0434\u0438\u043d\u0430\u0446\u0438\u043e\u043d\u043e \u0442\u0435\u043b\u043e \u0412\u043b\u0430\u0434\u0435 \u0420\u0435\u043f\u0443\u0431\u043b\u0438\u043a\u0435 \u0421\u0440\u0431\u0438\u0458\u0435 \u0437\u0430 \u043e\u043f\u0448\u0442\u0438\u043d\u0435 \u041f\u0440\u0435\u0448\u0435\u0432\u043e, \u0411\u0443\u0458\u0430\u043d\u043e\u0432\u0430\u0446 \u0438 \u041c\u0435\u0434\u0432\u0435\u0452a","description":"","publisher":{"@id":"https:\/\/kt.gov.rs\/#organization"},"alternateName":"\u041a\u043e\u043e\u0440\u0434\u0438\u043d\u0430\u0446\u0438\u043e\u043d\u043e \u0442\u0435\u043b\u043e","potentialAction":[{"@type":"SearchAction","target":{"@type":"EntryPoint","urlTemplate":"https:\/\/kt.gov.rs\/?s={search_term_string}"},"query-input":{"@type":"PropertyValueSpecification","valueRequired":true,"valueName":"search_term_string"}}],"inLanguage":"sq-AL"},{"@type":"Organization","@id":"https:\/\/kt.gov.rs\/#organization","name":"\u041a\u043e\u043e\u0440\u0434\u0438\u043d\u0430\u0446\u0438\u043e\u043d\u043e \u0442\u0435\u043b\u043e \u0412\u043b\u0430\u0434\u0435 \u0420\u0435\u043f\u0443\u0431\u043b\u0438\u043a\u0435 \u0421\u0440\u0431\u0438\u0458\u0435 \u0437\u0430 \u043e\u043f\u0448\u0442\u0438\u043d\u0435 \u041f\u0440\u0435\u0448\u0435\u0432\u043e, \u0411\u0443\u0458\u0430\u043d\u043e\u0432\u0430\u0446 \u0438 \u041c\u0435\u0434\u0432\u0435\u0452a","alternateName":"\u041a\u043e\u043e\u0440\u0434\u0438\u043d\u0430\u0446\u0438\u043e\u043d\u043e \u0442\u0435\u043b\u043e","url":"https:\/\/kt.gov.rs\/","logo":{"@type":"ImageObject","inLanguage":"sq-AL","@id":"https:\/\/kt.gov.rs\/#\/schema\/logo\/image\/","url":"https:\/\/kt.gov.rs\/wp-content\/uploads\/2024\/12\/koord2.jpg","contentUrl":"https:\/\/kt.gov.rs\/wp-content\/uploads\/2024\/12\/koord2.jpg","width":640,"height":480,"caption":"\u041a\u043e\u043e\u0440\u0434\u0438\u043d\u0430\u0446\u0438\u043e\u043d\u043e \u0442\u0435\u043b\u043e \u0412\u043b\u0430\u0434\u0435 \u0420\u0435\u043f\u0443\u0431\u043b\u0438\u043a\u0435 \u0421\u0440\u0431\u0438\u0458\u0435 \u0437\u0430 \u043e\u043f\u0448\u0442\u0438\u043d\u0435 \u041f\u0440\u0435\u0448\u0435\u0432\u043e, \u0411\u0443\u0458\u0430\u043d\u043e\u0432\u0430\u0446 \u0438 \u041c\u0435\u0434\u0432\u0435\u0452a"},"image":{"@id":"https:\/\/kt.gov.rs\/#\/schema\/logo\/image\/"},"sameAs":["https:\/\/www.facebook.com\/SluzbaKoordinacionogTelaVladeRepublikeSrbije","https:\/\/x.com\/kt_gov","https:\/\/www.youtube.com\/@koordinacionotelo"]},{"@type":"Person","@id":"https:\/\/kt.gov.rs\/#\/schema\/person\/e426459ddb4173309103390602694571","name":"ktmin","image":{"@type":"ImageObject","inLanguage":"sq-AL","@id":"https:\/\/secure.gravatar.com\/avatar\/3985c961109853010c3fbc7ba30365bfba5db3dd6c525831d9c595c7525a615a?s=96&d=mm&r=g","url":"https:\/\/secure.gravatar.com\/avatar\/3985c961109853010c3fbc7ba30365bfba5db3dd6c525831d9c595c7525a615a?s=96&d=mm&r=g","contentUrl":"https:\/\/secure.gravatar.com\/avatar\/3985c961109853010c3fbc7ba30365bfba5db3dd6c525831d9c595c7525a615a?s=96&d=mm&r=g","caption":"ktmin"},"sameAs":["https:\/\/kt.gov.rs"],"url":"https:\/\/kt.gov.rs\/sq\/author\/ktmin\/"}]}},"_links":{"self":[{"href":"https:\/\/kt.gov.rs\/sq\/wp-json\/wp\/v2\/posts\/142640","targetHints":{"allow":["GET"]}}],"collection":[{"href":"https:\/\/kt.gov.rs\/sq\/wp-json\/wp\/v2\/posts"}],"about":[{"href":"https:\/\/kt.gov.rs\/sq\/wp-json\/wp\/v2\/types\/post"}],"author":[{"embeddable":true,"href":"https:\/\/kt.gov.rs\/sq\/wp-json\/wp\/v2\/users\/1"}],"replies":[{"embeddable":true,"href":"https:\/\/kt.gov.rs\/sq\/wp-json\/wp\/v2\/comments?post=142640"}],"version-history":[{"count":1,"href":"https:\/\/kt.gov.rs\/sq\/wp-json\/wp\/v2\/posts\/142640\/revisions"}],"predecessor-version":[{"id":142647,"href":"https:\/\/kt.gov.rs\/sq\/wp-json\/wp\/v2\/posts\/142640\/revisions\/142647"}],"wp:featuredmedia":[{"embeddable":true,"href":"https:\/\/kt.gov.rs\/sq\/wp-json\/wp\/v2\/media\/142648"}],"wp:attachment":[{"href":"https:\/\/kt.gov.rs\/sq\/wp-json\/wp\/v2\/media?parent=142640"}],"wp:term":[{"taxonomy":"category","embeddable":true,"href":"https:\/\/kt.gov.rs\/sq\/wp-json\/wp\/v2\/categories?post=142640"},{"taxonomy":"post_tag","embeddable":true,"href":"https:\/\/kt.gov.rs\/sq\/wp-json\/wp\/v2\/tags?post=142640"}],"curies":[{"name":"wp","href":"https:\/\/api.w.org\/{rel}","templated":true}]}}