{"id":142616,"date":"2010-09-11T00:00:00","date_gmt":"2010-09-11T00:00:00","guid":{"rendered":"http:\/\/kt.printandscreen.rs\/11-9-2010\/"},"modified":"2010-09-11T00:00:00","modified_gmt":"2010-09-11T00:00:00","slug":"11-9-2010","status":"publish","type":"post","link":"https:\/\/kt.gov.rs\/sq\/11-9-2010\/","title":{"rendered":"11.9.2010."},"content":{"rendered":"<p><strong>MILAN MARKOVIQ MINIST\u00cbR I PUSHTETIT LOKAL DHE VET\u00cbQEVERISJES LOKALE-NUK KA TREG\u00cbTI ME JUGUN DHE VERIUN-marr\u00eb nga ,,ve\u00e7ernje novosti\u2019\u2019<\/p>\n<p>Reforma e sistemit politik t\u00ebr\u00ebsisht e bllokuar<\/strong><\/p>\n<p>Disa politikan nga Serbia jugore sh\u00ebrbehen me demagogjin\u00eb nacionale\u00a0 p\u00ebr t\u00eb ruajtur pozicionet e tyre politike. Deklaratat e tilla nuk jan\u00eb p\u00ebr t\u00eb mir\u00eb e askujt. Ministri i pushtetit lokal dhe i vet\u00ebqeverisjes lokale e nj\u00ebherit edhe kryetar\u00eb i Trupit koordinues i Qeveris\u00eb s\u00eb republik\u00ebs s\u00eb Serbis\u00eb p\u00ebr komunat Preshev\u00eb, Bujanoc dhe Medvegj\u00eb, deklaratat e tilla t\u00eb cilat vijn\u00eb nga jugu i Serbis\u00eb i komenton si deklarata nxit\u00ebse.<br \/>\n\u00a0<br \/>\n<strong>\u2013 Kryetari i komun\u00ebs s\u00eb Preshev\u00ebs Ragmi Mustafa thot\u00eb se Shqip\u00ebtar\u00ebt n\u00eb jug t\u00eb Serbis\u00eb duhet t\u00eb ken\u00eb t\u00eb gjitha ato t\u00eb drejta t\u00eb cilat i kan\u00eb Serb\u00ebt n\u00eb veriun e Kosov\u00ebs s\u00eb pavarur?<\/strong><\/p>\n<p>\u2013 Deklaratat e tilla nuk jan\u00eb n\u00eb interes t\u00eb qytetar\u00ebve q\u00eb jetojn\u00eb n\u00eb komun\u00ebn e Preshev\u00ebs. N\u00eb vend t\u00eb demagogjis\u00eb nacionale, t\u00eb gjith\u00eb duhet t\u00eb angazhohemi n\u00eb krijimin e kushteve p\u00ebr pun\u00ebsimin e qytetar\u00ebve, p\u00ebr integrimin si t\u00eb Shqip\u00ebtar\u00ebve n\u00eb institucionet shtet\u00ebrore poashtu edhe t\u00eb Serb\u00ebve n\u00eb organet qeveris\u00ebse lokale, p\u00ebr zgjidhjen\u00a0 e problemeve n\u00eb arsim, p\u00ebr elimimnimin e varf\u00ebris\u00eb e cila \u00ebsht\u00eb shum\u00eb e p\u00ebrhapur n\u00eb k\u00ebt\u00eb komun\u00eb. Mendoj se n\u00eb baz\u00eb t\u00eb munges\u00ebs s\u00eb p\u00ebrgjegjes p\u00ebr k\u00ebt\u00eb problem, disa individ\u00eb japin deklarata t\u00eb tilla. <\/p>\n<p><strong>\u2013 A duhet q\u00eb Serbia m\u00eb ashp\u00ebr t\u00eb reagoj\u00eb ndaj deklaratave t\u00eb tilla nxit\u00ebse t\u00eb lider\u00ebve nga jugu i Serbis\u00eb t\u00eb cil\u00ebt me deklaratat e tyre shkelin Kushtetut\u00ebn e shtetit?<\/strong><\/p>\n<p>\u2013 Deklaratat e tilla jan\u00eb nj\u00eb lloj\u00eb kurthi, dhe sikur ne t\u00eb bijm\u00eb n\u00eb k\u00ebto kurthe, do t\u00eb ishim t\u00eb pap\u00ebrgjegjsh\u00ebm sikur edhe ata t\u00eb cil\u00ebt deklarojn\u00eb ashtu. Jam\u00eb i vet\u00ebdijsh\u00ebm se deklaratat dhe reaksionet e tilla u japin popullaritet k\u00ebtyre personave p\u00ebr zgjedhje, mir\u00ebpo, sikur t\u00eb gjith\u00eb t\u00eb japim deklarata t\u00eb tilla, \u00ebsht\u00eb \u00e7\u00ebshtje kohe kur do t\u00eb ballafaqohemi me probleme dhe pasoja t\u00eb\u00a0 m\u00ebdha.<\/p>\n<p><strong>\u2013 T\u00eb shpeshta jan\u00eb propozimet p\u00ebr shk\u00ebmbimin e pjes\u00ebs veriore t\u00eb Kosov\u00ebs me jugun e Serbis\u00eb t\u00eb cilat vijn\u00eb nga ana kosovare. A ka k\u00ebso lloj\u00eb ,,bisedimesh t\u00eb fshehta\u2019\u2019?<\/strong><\/p>\n<p>\u2013 Pozita jon\u00eb n\u00eb lidhje me integritetin teritorial t\u00eb Serbis\u00eb \u00ebsht\u00eb e kjart\u00eb, dhe se sipas nesh propozimet e tilla jan\u00eb t\u00eb pakuptimta.<br \/>\n<strong><br \/>\n\u2013 Qka ka b\u00ebr\u00eb Serbia p\u00ebr kyqjen e Shqip\u00ebtar\u00ebve n\u00eb sistemin shtet\u00ebror\u00eb dhe se qka ka b\u00ebr\u00eb p\u00ebr kyqjen e Serb\u00ebve n\u00eb pushtetet lokale n\u00eb Preshev\u00eb dhe Bujanoc? <\/strong><\/p>\n<p>\u2013 Punohet shum\u00eb, mir\u00ebpo situata \u00ebsht\u00eb shum\u00eb e komplikuar. Kemi arritur nj\u00eb shkall\u00eb t\u00eb lart\u00eb t\u00eb mir\u00ebbesimit dhe rezultate t\u00eb konsiderueshme. Mir\u00ebpo, na duhet shum\u00eb durim, p\u00ebrgjegj\u00ebsi dhe pun\u00eb e p\u00ebrbashk\u00ebt n\u00eb m\u00ebnyr\u00eb q\u00eb t\u00eb arrihet besimi mes qyetar\u00ebve i cili \u00ebsht\u00eb humbur p\u00ebr nj\u00eb koh\u00eb t\u00eb gjat\u00eb.<\/p>\n<p><strong>\u2013 Si e vler\u00ebsoni deklarat\u00ebn e opozit\u00ebs e cila do t\u00eb k\u00ebrkoj\u00eb zgjedhje t\u00eb reja dhe r\u00ebnien e Qeveris\u00eb pas mbledhjes n\u00eb Asamblen\u00eb e Kombeve t\u00eb bashkuara?<\/strong><\/p>\n<p>\u2013 E drejt\u00eb legjitime e opozit\u00ebs \u00ebsht\u00eb q\u00eb t\u00eb kritikoj\u00eb Qeverin\u00eb, mir\u00ebpo sipas mendimit tim, t\u00eb gjth\u00eb e kan\u00eb t\u00eb kjart\u00eb se Qeveria jep p\u00ebrpjekje t\u00eb jasht\u00ebzakonshme n\u00eb ruajtjen e interesit t\u00eb saj\u00eb shtet\u00ebror\u00eb dhe nacional dhe ate n\u00eb nj\u00eb situat\u00eb t\u00eb v\u00ebshtir\u00eb t\u00eb cil\u00ebn e ka trash\u00ebguar, dhe se t\u00eb cil\u00ebn situat\u00eb nuk e ka krijuar kjo Qeveri por kjo situat\u00eb \u00ebsht\u00eb krijuar n\u00eb baz\u00eb t\u00eb gabimeve t\u00eb m\u00ebdha n\u00eb t\u00eb kaluar\u00ebn. T\u00eb gjith\u00eb ata q\u00eb kritikojn\u00eb Qeverin\u00eb kan\u00eb pasur rast\u00eb ta tregojn\u00eb veten dhe se po t\u00eb kishin arritur ndonj\u00eb rezultat pozitiv, ne sot nuk do t\u00eb ishim n\u00eb k\u00ebt\u00eb situat\u00eb n\u00eb t\u00eb cil\u00ebn ndodhemi tash.<\/p>\n<p><strong>\u2013 A do t\u00eb miratohen ligjet e reja zgjedhore deri n\u00eb zgjedhjet e ardhshme parlamentare?<\/strong><\/p>\n<p>\u2013 Deri m\u00eb tani nuk ka marr\u00ebveshje mbrenda koalicionit qeveris\u00ebs dhe praktikisht \u00ebsht\u00eb bllokuar reforma e sistemit politik. Kjo reform\u00eb \u00ebsht\u00eb e patjet\u00ebrsueshme, p\u00ebr arsye se sot proceset dhe institucionet n\u00eb bashk\u00ebsin\u00eb ton\u00eb g\u00ebzojn\u00eb nj\u00eb reputacion jasht\u00ebzakonisht t\u00eb vog\u00ebl.<\/p>\n<p><strong>\u2013 Sa ndikon kjo bllokad\u00eb tek qytetar\u00ebt t\u00eb cil\u00ebt jan\u00eb apolitik?<\/strong><\/p>\n<p>\u2013 Kjo, normal ndikon n\u00eb gjendjen e p\u00ebrgjithshme t\u00eb shoq\u00ebris\u00eb son\u00eb, entuziaz\u00ebm, moral, optimiz\u00ebm, besim n\u00eb ardhm\u00ebri m\u00eb t\u00eb mir\u00eb. P\u00ebr ate edhe kemi nevoj\u00eb p\u00ebr reforma sipas s\u00eb cilave partit\u00eb politike do t\u00eb ken\u00eb m\u00eb pak\u00eb fuqi dhe se nj\u00ebkoh\u00ebsisht n\u00eb t\u00eb nj\u00ebjt\u00ebn koh\u00eb politika n\u00eb Serbi do t\u00eb fitoj\u00eb nj\u00eb legjimitet i cili do t\u00eb ket\u00eb ndikim vendimtar\u00eb n\u00eb kualitetin e saj\u00eb.<\/p>\n<p><strong>\u2013 A prisni p\u00ebrkeq\u00ebsimin e situat\u00ebs s\u00eb siguris\u00eb n\u00eb jug t\u00eb Serbis\u00eb pas takimit n\u00eb Asamblen\u00eb e KB p\u00ebr Kosov\u00ebn?<\/strong><\/p>\n<p>\u2013\u00a0 Normal, nuk\u00a0 duhet l\u00ebn\u00eb anash kompleksitetin e situat\u00ebs n\u00eb k\u00ebto komuna dhe faktin se k\u00ebtu ka pasur konflikt t\u00eb armatosur, dhe se ekzistojn\u00eb njer\u00ebz t\u00eb cil\u00ebve nuk u konvenon stabiliteti i k\u00ebtij regjioni.<\/p>\n","protected":false},"excerpt":{"rendered":"<p>MILAN MARKOVIQ MINIST\u00cbR I PUSHTETIT LOKAL DHE VET\u00cbQEVERISJES  LOKALE-NUK KA TREG\u00cbTI ME JUGUN DHE VERIUN-marr\u00eb nga ,,ve\u00e7ernje novosti\u2019\u2019<\/p>\n<p>Reforma e sistemit politik t\u00ebr\u00ebsisht e bllokuar<\/p>\n<p>Disa politikan nga Serbia jugore sh\u00ebrbehen me demagogjin\u00eb nacionale\u00a0 p\u00ebr  t\u00eb ruajtur pozicionet e tyre politike. Deklaratat e tilla nuk jan\u00eb p\u00ebr  t\u00eb mir\u00eb e askujt. Ministri i pushtetit lokal dhe i vet\u00ebqeverisjes lokale  e nj\u00ebherit edhe kryetar\u00eb i Trupit koordinues i Qeveris\u00eb s\u00eb republik\u00ebs  s\u00eb Serbis\u00eb p\u00ebr komunat Preshev\u00eb, Bujanoc dhe Medvegj\u00eb, deklaratat e  tilla t\u00eb cilat vijn\u00eb nga jugu i Serbis\u00eb i komenton si deklarata nxit\u00ebse.<\/p>\n","protected":false},"author":1,"featured_media":0,"comment_status":"closed","ping_status":"closed","sticky":false,"template":"","format":"standard","meta":{"footnotes":""},"categories":[55],"tags":[],"class_list":["post-142616","post","type-post","status-publish","format-standard","hentry","category-lajme"],"yoast_head":"<!-- This site is optimized with the Yoast SEO plugin v27.5 - https:\/\/yoast.com\/product\/yoast-seo-wordpress\/ -->\n<title>11.9.2010. - Republika e S\u00ebrbis\u00eb Trupi Koordinues p\u00ebr komunat Bujanoc, Preshev\u00eb dhe Medvegj\u00eb<\/title>\n<meta name=\"robots\" content=\"index, follow, max-snippet:-1, max-image-preview:large, max-video-preview:-1\" \/>\n<link rel=\"canonical\" href=\"https:\/\/kt.gov.rs\/sq\/11-9-2010\/\" \/>\n<meta property=\"og:locale\" content=\"sq_AL\" \/>\n<meta property=\"og:type\" content=\"article\" \/>\n<meta property=\"og:title\" content=\"11.9.2010. - Republika e S\u00ebrbis\u00eb Trupi Koordinues p\u00ebr komunat Bujanoc, Preshev\u00eb dhe Medvegj\u00eb\" \/>\n<meta property=\"og:description\" content=\"MILAN MARKOVIQ MINIST\u00cbR I PUSHTETIT LOKAL DHE VET\u00cbQEVERISJES LOKALE-NUK KA TREG\u00cbTI ME JUGUN DHE VERIUN-marr\u00eb nga ,,ve\u00e7ernje novosti\u2019\u2019 Reforma e sistemit politik t\u00ebr\u00ebsisht e bllokuar Disa politikan nga Serbia jugore sh\u00ebrbehen me demagogjin\u00eb nacionale\u00a0 p\u00ebr t\u00eb ruajtur pozicionet e tyre politike. Deklaratat e tilla nuk jan\u00eb p\u00ebr t\u00eb mir\u00eb e askujt. Ministri i pushtetit lokal dhe i vet\u00ebqeverisjes lokale e nj\u00ebherit edhe kryetar\u00eb i Trupit koordinues i Qeveris\u00eb s\u00eb republik\u00ebs s\u00eb Serbis\u00eb p\u00ebr komunat Preshev\u00eb, Bujanoc dhe Medvegj\u00eb, deklaratat e tilla t\u00eb cilat vijn\u00eb nga jugu i Serbis\u00eb i komenton si deklarata nxit\u00ebse.\" \/>\n<meta property=\"og:url\" content=\"https:\/\/kt.gov.rs\/sq\/11-9-2010\/\" \/>\n<meta property=\"og:site_name\" content=\"Republika e S\u00ebrbis\u00eb Trupi Koordinues p\u00ebr komunat Bujanoc, Preshev\u00eb dhe Medvegj\u00eb\" \/>\n<meta property=\"article:publisher\" content=\"https:\/\/www.facebook.com\/SluzbaKoordinacionogTelaVladeRepublikeSrbije\" \/>\n<meta property=\"article:published_time\" content=\"2010-09-11T00:00:00+00:00\" \/>\n<meta name=\"author\" content=\"ktmin\" \/>\n<meta name=\"twitter:card\" content=\"summary_large_image\" \/>\n<meta name=\"twitter:creator\" content=\"@kt_gov\" \/>\n<meta name=\"twitter:site\" content=\"@kt_gov\" \/>\n<meta name=\"twitter:label1\" content=\"Written by\" \/>\n\t<meta name=\"twitter:data1\" content=\"ktmin\" \/>\n\t<meta name=\"twitter:label2\" content=\"Est. reading time\" \/>\n\t<meta name=\"twitter:data2\" content=\"4 minutes\" \/>\n<script type=\"application\/ld+json\" class=\"yoast-schema-graph\">{\"@context\":\"https:\\\/\\\/schema.org\",\"@graph\":[{\"@type\":\"Article\",\"@id\":\"https:\\\/\\\/kt.gov.rs\\\/sq\\\/11-9-2010\\\/#article\",\"isPartOf\":{\"@id\":\"https:\\\/\\\/kt.gov.rs\\\/sq\\\/11-9-2010\\\/\"},\"author\":{\"name\":\"ktmin\",\"@id\":\"https:\\\/\\\/kt.gov.rs\\\/#\\\/schema\\\/person\\\/e426459ddb4173309103390602694571\"},\"headline\":\"11.9.2010.\",\"datePublished\":\"2010-09-11T00:00:00+00:00\",\"mainEntityOfPage\":{\"@id\":\"https:\\\/\\\/kt.gov.rs\\\/sq\\\/11-9-2010\\\/\"},\"wordCount\":895,\"publisher\":{\"@id\":\"https:\\\/\\\/kt.gov.rs\\\/#organization\"},\"articleSection\":[\"Lajme\"],\"inLanguage\":\"sq-AL\"},{\"@type\":\"WebPage\",\"@id\":\"https:\\\/\\\/kt.gov.rs\\\/sq\\\/11-9-2010\\\/\",\"url\":\"https:\\\/\\\/kt.gov.rs\\\/sq\\\/11-9-2010\\\/\",\"name\":\"11.9.2010. - Republika e S\u00ebrbis\u00eb Trupi Koordinues p\u00ebr komunat Bujanoc, Preshev\u00eb dhe Medvegj\u00eb\",\"isPartOf\":{\"@id\":\"https:\\\/\\\/kt.gov.rs\\\/#website\"},\"datePublished\":\"2010-09-11T00:00:00+00:00\",\"breadcrumb\":{\"@id\":\"https:\\\/\\\/kt.gov.rs\\\/sq\\\/11-9-2010\\\/#breadcrumb\"},\"inLanguage\":\"sq-AL\",\"potentialAction\":[{\"@type\":\"ReadAction\",\"target\":[\"https:\\\/\\\/kt.gov.rs\\\/sq\\\/11-9-2010\\\/\"]}]},{\"@type\":\"BreadcrumbList\",\"@id\":\"https:\\\/\\\/kt.gov.rs\\\/sq\\\/11-9-2010\\\/#breadcrumb\",\"itemListElement\":[{\"@type\":\"ListItem\",\"position\":1,\"name\":\"Po\u010detna\",\"item\":\"https:\\\/\\\/kt.gov.rs\\\/sq\\\/\"},{\"@type\":\"ListItem\",\"position\":2,\"name\":\"11.9.2010.\"}]},{\"@type\":\"WebSite\",\"@id\":\"https:\\\/\\\/kt.gov.rs\\\/#website\",\"url\":\"https:\\\/\\\/kt.gov.rs\\\/\",\"name\":\"Koordinaciono telo Vlade Republike Srbije za op\u0161tine Pre\u0161evo, Bujanovac i Medve\u0111a\",\"description\":\"\",\"publisher\":{\"@id\":\"https:\\\/\\\/kt.gov.rs\\\/#organization\"},\"alternateName\":\"Koordinaciono telo\",\"potentialAction\":[{\"@type\":\"SearchAction\",\"target\":{\"@type\":\"EntryPoint\",\"urlTemplate\":\"https:\\\/\\\/kt.gov.rs\\\/?s={search_term_string}\"},\"query-input\":{\"@type\":\"PropertyValueSpecification\",\"valueRequired\":true,\"valueName\":\"search_term_string\"}}],\"inLanguage\":\"sq-AL\"},{\"@type\":\"Organization\",\"@id\":\"https:\\\/\\\/kt.gov.rs\\\/#organization\",\"name\":\"Koordinaciono telo Vlade Republike Srbije za op\u0161tine Pre\u0161evo, Bujanovac i Medve\u0111a\",\"alternateName\":\"Koordinaciono telo\",\"url\":\"https:\\\/\\\/kt.gov.rs\\\/\",\"logo\":{\"@type\":\"ImageObject\",\"inLanguage\":\"sq-AL\",\"@id\":\"https:\\\/\\\/kt.gov.rs\\\/#\\\/schema\\\/logo\\\/image\\\/\",\"url\":\"https:\\\/\\\/kt.gov.rs\\\/wp-content\\\/uploads\\\/2024\\\/12\\\/koord2.jpg\",\"contentUrl\":\"https:\\\/\\\/kt.gov.rs\\\/wp-content\\\/uploads\\\/2024\\\/12\\\/koord2.jpg\",\"width\":640,\"height\":480,\"caption\":\"Koordinaciono telo Vlade Republike Srbije za op\u0161tine Pre\u0161evo, Bujanovac i Medve\u0111a\"},\"image\":{\"@id\":\"https:\\\/\\\/kt.gov.rs\\\/#\\\/schema\\\/logo\\\/image\\\/\"},\"sameAs\":[\"https:\\\/\\\/www.facebook.com\\\/SluzbaKoordinacionogTelaVladeRepublikeSrbije\",\"https:\\\/\\\/x.com\\\/kt_gov\",\"https:\\\/\\\/www.youtube.com\\\/@koordinacionotelo\"]},{\"@type\":\"Person\",\"@id\":\"https:\\\/\\\/kt.gov.rs\\\/#\\\/schema\\\/person\\\/e426459ddb4173309103390602694571\",\"name\":\"ktmin\",\"image\":{\"@type\":\"ImageObject\",\"inLanguage\":\"sq-AL\",\"@id\":\"https:\\\/\\\/secure.gravatar.com\\\/avatar\\\/3985c961109853010c3fbc7ba30365bfba5db3dd6c525831d9c595c7525a615a?s=96&d=mm&r=g\",\"url\":\"https:\\\/\\\/secure.gravatar.com\\\/avatar\\\/3985c961109853010c3fbc7ba30365bfba5db3dd6c525831d9c595c7525a615a?s=96&d=mm&r=g\",\"contentUrl\":\"https:\\\/\\\/secure.gravatar.com\\\/avatar\\\/3985c961109853010c3fbc7ba30365bfba5db3dd6c525831d9c595c7525a615a?s=96&d=mm&r=g\",\"caption\":\"ktmin\"},\"sameAs\":[\"https:\\\/\\\/kt.gov.rs\"],\"url\":\"https:\\\/\\\/kt.gov.rs\\\/sq\\\/author\\\/ktmin\\\/\"}]}<\/script>\n<!-- \/ Yoast SEO plugin. -->","yoast_head_json":{"title":"11.9.2010. - Republika e S\u00ebrbis\u00eb Trupi Koordinues p\u00ebr komunat Bujanoc, Preshev\u00eb dhe Medvegj\u00eb","robots":{"index":"index","follow":"follow","max-snippet":"max-snippet:-1","max-image-preview":"max-image-preview:large","max-video-preview":"max-video-preview:-1"},"canonical":"https:\/\/kt.gov.rs\/sq\/11-9-2010\/","og_locale":"sq_AL","og_type":"article","og_title":"11.9.2010. - Republika e S\u00ebrbis\u00eb Trupi Koordinues p\u00ebr komunat Bujanoc, Preshev\u00eb dhe Medvegj\u00eb","og_description":"MILAN MARKOVIQ MINIST\u00cbR I PUSHTETIT LOKAL DHE VET\u00cbQEVERISJES LOKALE-NUK KA TREG\u00cbTI ME JUGUN DHE VERIUN-marr\u00eb nga ,,ve\u00e7ernje novosti\u2019\u2019 Reforma e sistemit politik t\u00ebr\u00ebsisht e bllokuar Disa politikan nga Serbia jugore sh\u00ebrbehen me demagogjin\u00eb nacionale\u00a0 p\u00ebr t\u00eb ruajtur pozicionet e tyre politike. Deklaratat e tilla nuk jan\u00eb p\u00ebr t\u00eb mir\u00eb e askujt. Ministri i pushtetit lokal dhe i vet\u00ebqeverisjes lokale e nj\u00ebherit edhe kryetar\u00eb i Trupit koordinues i Qeveris\u00eb s\u00eb republik\u00ebs s\u00eb Serbis\u00eb p\u00ebr komunat Preshev\u00eb, Bujanoc dhe Medvegj\u00eb, deklaratat e tilla t\u00eb cilat vijn\u00eb nga jugu i Serbis\u00eb i komenton si deklarata nxit\u00ebse.","og_url":"https:\/\/kt.gov.rs\/sq\/11-9-2010\/","og_site_name":"Republika e S\u00ebrbis\u00eb Trupi Koordinues p\u00ebr komunat Bujanoc, Preshev\u00eb dhe Medvegj\u00eb","article_publisher":"https:\/\/www.facebook.com\/SluzbaKoordinacionogTelaVladeRepublikeSrbije","article_published_time":"2010-09-11T00:00:00+00:00","author":"ktmin","twitter_card":"summary_large_image","twitter_creator":"@kt_gov","twitter_site":"@kt_gov","twitter_misc":{"Written by":"ktmin","Est. reading time":"4 minutes"},"schema":{"@context":"https:\/\/schema.org","@graph":[{"@type":"Article","@id":"https:\/\/kt.gov.rs\/sq\/11-9-2010\/#article","isPartOf":{"@id":"https:\/\/kt.gov.rs\/sq\/11-9-2010\/"},"author":{"name":"ktmin","@id":"https:\/\/kt.gov.rs\/#\/schema\/person\/e426459ddb4173309103390602694571"},"headline":"11.9.2010.","datePublished":"2010-09-11T00:00:00+00:00","mainEntityOfPage":{"@id":"https:\/\/kt.gov.rs\/sq\/11-9-2010\/"},"wordCount":895,"publisher":{"@id":"https:\/\/kt.gov.rs\/#organization"},"articleSection":["Lajme"],"inLanguage":"sq-AL"},{"@type":"WebPage","@id":"https:\/\/kt.gov.rs\/sq\/11-9-2010\/","url":"https:\/\/kt.gov.rs\/sq\/11-9-2010\/","name":"11.9.2010. - Republika e S\u00ebrbis\u00eb Trupi Koordinues p\u00ebr komunat Bujanoc, Preshev\u00eb dhe Medvegj\u00eb","isPartOf":{"@id":"https:\/\/kt.gov.rs\/#website"},"datePublished":"2010-09-11T00:00:00+00:00","breadcrumb":{"@id":"https:\/\/kt.gov.rs\/sq\/11-9-2010\/#breadcrumb"},"inLanguage":"sq-AL","potentialAction":[{"@type":"ReadAction","target":["https:\/\/kt.gov.rs\/sq\/11-9-2010\/"]}]},{"@type":"BreadcrumbList","@id":"https:\/\/kt.gov.rs\/sq\/11-9-2010\/#breadcrumb","itemListElement":[{"@type":"ListItem","position":1,"name":"Po\u010detna","item":"https:\/\/kt.gov.rs\/sq\/"},{"@type":"ListItem","position":2,"name":"11.9.2010."}]},{"@type":"WebSite","@id":"https:\/\/kt.gov.rs\/#website","url":"https:\/\/kt.gov.rs\/","name":"Koordinaciono telo Vlade Republike Srbije za op\u0161tine Pre\u0161evo, Bujanovac i Medve\u0111a","description":"","publisher":{"@id":"https:\/\/kt.gov.rs\/#organization"},"alternateName":"Koordinaciono telo","potentialAction":[{"@type":"SearchAction","target":{"@type":"EntryPoint","urlTemplate":"https:\/\/kt.gov.rs\/?s={search_term_string}"},"query-input":{"@type":"PropertyValueSpecification","valueRequired":true,"valueName":"search_term_string"}}],"inLanguage":"sq-AL"},{"@type":"Organization","@id":"https:\/\/kt.gov.rs\/#organization","name":"Koordinaciono telo Vlade Republike Srbije za op\u0161tine Pre\u0161evo, Bujanovac i Medve\u0111a","alternateName":"Koordinaciono telo","url":"https:\/\/kt.gov.rs\/","logo":{"@type":"ImageObject","inLanguage":"sq-AL","@id":"https:\/\/kt.gov.rs\/#\/schema\/logo\/image\/","url":"https:\/\/kt.gov.rs\/wp-content\/uploads\/2024\/12\/koord2.jpg","contentUrl":"https:\/\/kt.gov.rs\/wp-content\/uploads\/2024\/12\/koord2.jpg","width":640,"height":480,"caption":"Koordinaciono telo Vlade Republike Srbije za op\u0161tine Pre\u0161evo, Bujanovac i Medve\u0111a"},"image":{"@id":"https:\/\/kt.gov.rs\/#\/schema\/logo\/image\/"},"sameAs":["https:\/\/www.facebook.com\/SluzbaKoordinacionogTelaVladeRepublikeSrbije","https:\/\/x.com\/kt_gov","https:\/\/www.youtube.com\/@koordinacionotelo"]},{"@type":"Person","@id":"https:\/\/kt.gov.rs\/#\/schema\/person\/e426459ddb4173309103390602694571","name":"ktmin","image":{"@type":"ImageObject","inLanguage":"sq-AL","@id":"https:\/\/secure.gravatar.com\/avatar\/3985c961109853010c3fbc7ba30365bfba5db3dd6c525831d9c595c7525a615a?s=96&d=mm&r=g","url":"https:\/\/secure.gravatar.com\/avatar\/3985c961109853010c3fbc7ba30365bfba5db3dd6c525831d9c595c7525a615a?s=96&d=mm&r=g","contentUrl":"https:\/\/secure.gravatar.com\/avatar\/3985c961109853010c3fbc7ba30365bfba5db3dd6c525831d9c595c7525a615a?s=96&d=mm&r=g","caption":"ktmin"},"sameAs":["https:\/\/kt.gov.rs"],"url":"https:\/\/kt.gov.rs\/sq\/author\/ktmin\/"}]}},"_links":{"self":[{"href":"https:\/\/kt.gov.rs\/sq\/wp-json\/wp\/v2\/posts\/142616","targetHints":{"allow":["GET"]}}],"collection":[{"href":"https:\/\/kt.gov.rs\/sq\/wp-json\/wp\/v2\/posts"}],"about":[{"href":"https:\/\/kt.gov.rs\/sq\/wp-json\/wp\/v2\/types\/post"}],"author":[{"embeddable":true,"href":"https:\/\/kt.gov.rs\/sq\/wp-json\/wp\/v2\/users\/1"}],"replies":[{"embeddable":true,"href":"https:\/\/kt.gov.rs\/sq\/wp-json\/wp\/v2\/comments?post=142616"}],"version-history":[{"count":0,"href":"https:\/\/kt.gov.rs\/sq\/wp-json\/wp\/v2\/posts\/142616\/revisions"}],"wp:attachment":[{"href":"https:\/\/kt.gov.rs\/sq\/wp-json\/wp\/v2\/media?parent=142616"}],"wp:term":[{"taxonomy":"category","embeddable":true,"href":"https:\/\/kt.gov.rs\/sq\/wp-json\/wp\/v2\/categories?post=142616"},{"taxonomy":"post_tag","embeddable":true,"href":"https:\/\/kt.gov.rs\/sq\/wp-json\/wp\/v2\/tags?post=142616"}],"curies":[{"name":"wp","href":"https:\/\/api.w.org\/{rel}","templated":true}]}}