{"id":142615,"date":"2010-09-14T00:00:00","date_gmt":"2010-09-14T00:00:00","guid":{"rendered":"http:\/\/kt.printandscreen.rs\/14-9-2010\/"},"modified":"2010-09-14T00:00:00","modified_gmt":"2010-09-14T00:00:00","slug":"14-9-2010","status":"publish","type":"post","link":"https:\/\/kt.gov.rs\/sq\/14-9-2010\/","title":{"rendered":"14.9.2010."},"content":{"rendered":"<p><strong>OMBUDSMANI N\u00cb JUG T\u00cb SERBIS\u00cb<\/strong><\/p>\n<p>Zyrja e mbrojt\u00ebsit t\u00eb qytetar\u00ebve p\u00ebr jugun e Serbis\u00eb punon me t\u00eb gjitha forcat dhe se ka arritur rezultate t\u00eb konsiderueshme. Zyrja e mbrojt\u00ebsit t\u00eb qytetar\u00ebve p\u00ebr komunat Preshev\u00eb, Bujanoc dhe Medvegj\u00eb \u00ebsht\u00eb hapur m\u00eb 28 qershor\u00eb t\u00eb vitit 2010. N\u00eb k\u00ebt\u00eb zyre jan\u00eb t\u00eb pun\u00ebsuar dy zyrtar\u00eb, Maja Zlatkoviq dhe Bekim Ajdini. T\u00eb dyt\u00eb jan\u00eb jurist t\u00eb diplomar dhe flasin gjuh\u00ebn serbe, shqipe dhe angleze. N\u00eb Bujanoc punojn\u00eb t\u00eb h\u00ebn\u00ebn dhe t\u00eb mart\u00ebn, n\u00eb Preshev\u00eb t\u00eb m\u00ebrkur\u00ebn dhe t\u00eb enjten nd\u00ebrsa n\u00eb Medvegj\u00eb t\u00eb premten. Zyrja pranon t\u00eb gjitha ankesat e qytetar\u00ebve nga kjo zon\u00eb n\u00eb at\u00eb sfer\u00eb ku shkelen t\u00eb drejtat e njeriut dhe t\u00eb drejtat e pakicave nga ana e pushtetit qeveris\u00ebs dhe institucioneve tjera shtet\u00ebrore.<\/p>\n<p>N\u00eb periudh\u00ebn e lart\u00ebp\u00ebrmendur zyrja ka pasur 41 pal\u00eb. Jan\u00eb pranuar 14 ankesa si dhe pes\u00eb plot\u00ebsim ankesash, jan\u00eb dh\u00ebn\u00eb tri udh\u00ebzie p\u00ebr paraqitjen e ankesave, jan\u00eb b\u00ebr\u00eb n\u00ebnt\u00eb konsultime mbi statutin e rasteve, n\u00ebnt\u00eb pal\u00eb jan\u00eb d\u00ebrguar n\u00eb organet p\u00ebrgjegj\u00ebse nd\u00ebrsa ndihma juridike u \u00ebsht\u00eb dh\u00ebn\u00eb 11 rasteve.<\/p>\n<p>Muaji i par\u00eb i pun\u00ebs ka qen\u00eb kryesisht i dedikuar promovimit t\u00eb zyres. Mir\u00ebpo, qytetar\u00ebt ende nuk jan\u00eb t\u00eb njohur sa duhet me pun\u00ebn e saj\u00eb, k\u00ebshtuq\u00eb shum\u00eb koh\u00eb humbet p\u00ebr shpjeguar pun\u00ebn e zyres. P\u00ebr k\u00ebt\u00eb q\u00ebllim p\u00ebrdoren materialet propaganduese siq jan\u00eb broshuret dhe pllakatet.<\/p>\n<p>Numri m\u00eb i madh i ankesave t\u00eb qytetar\u00ebve i p\u00ebrket sigurimit penzional dhe invalidor\u00eb, mar\u00ebdh\u00ebniet e pun\u00ebs, t\u00eb drejtat p\u00ebr dokumentacionet personale dhe nga sfera e drejt\u00ebsis\u00eb. N\u00eb baz\u00eb t\u00eb ankesave t\u00eb pranuara n\u00eb teritorin e k\u00ebtyre tri komunave, sidomos n\u00eb Bujanoc, kemi ardhur n\u00eb purfundim se egziston problem i theksuar n\u00eb marrjen e dokumenteve personale t\u00eb personave t\u00eb zhvendosur nga Kosova. Jan\u00eb dor\u00ebzuar edhe disa ankesa n\u00eb lidhje me pun\u00ebn e organeve qeveris\u00ebse lokale. Qytetar\u00ebt tregojn\u00eb arbitraritetin e tyre n\u00eb p\u00ebrcaktimin e t\u00eb drejtave t\u00eb tyre si dhe n\u00eb korupsionin e mundsh\u00ebm, mir\u00ebpo nuk ofrohen d\u00ebshmi konkrete, mir\u00ebpo p\u00ebrshkruhet m\u00ebnyra se si punonj\u00ebsit e pushtetit lokal veprojn\u00eb ndaj pal\u00ebve n\u00eb m\u00ebnyr\u00eb q\u00eb t\u2019ua b\u00ebjn\u00eb t\u00eb ditur se nga ta presin sh\u00ebrbim reciprok.<\/p>\n<p>Nj\u00eb num\u00ebr i madh i pal\u00ebve u \u00ebsht\u00eb drejtuar zyres s\u00eb ombudspersonit p\u00ebr situat\u00ebn e r\u00ebnd\u00eb sociale n\u00eb t\u00eb cil\u00ebn gjenden. Kan\u00eb paraqitur problemin e papun\u00ebsis\u00eb i cili m\u00eb s\u00eb tep\u00ebrmi \u00ebsht\u00eb i shprehur n\u00eb komun\u00ebn e Medvegj\u00ebs si dhe problemi i t\u00eb ardhurave t\u00eb vogla sociale.<\/p>\n<p>Problemi kryesor\u00eb i qytetar\u00ebve ka t\u00eb b\u00ebj\u00eb me pun\u00ebn e departamenteve t\u00eb gjykatave ekzekutive dhe nj\u00ebsive gjyq\u00ebsore rreth anashkalimeve t\u00eb vendimeve ekzekuive.<\/p>\n","protected":false},"excerpt":{"rendered":"<p>OMBUDSMANI N\u00cb JUG T\u00cb SERBIS\u00cb<\/p>\n<p>Zyrja e mbrojt\u00ebsit t\u00eb qytetar\u00ebve p\u00ebr jugun e Serbis\u00eb punon me t\u00eb gjitha  forcat dhe se ka arritur rezultate t\u00eb konsiderueshme. Zyrja e mbrojt\u00ebsit  t\u00eb qytetar\u00ebve p\u00ebr komunat Preshev\u00eb, Bujanoc dhe Medvegj\u00eb \u00ebsht\u00eb hapur m\u00eb  28 qershor\u00eb t\u00eb vitit 2010. N\u00eb k\u00ebt\u00eb zyre jan\u00eb t\u00eb pun\u00ebsuar dy zyrtar\u00eb,  Maja Zlatkoviq dhe Bekim Ajdini.<\/p>\n","protected":false},"author":1,"featured_media":0,"comment_status":"closed","ping_status":"closed","sticky":false,"template":"","format":"standard","meta":{"footnotes":""},"categories":[55],"tags":[],"class_list":["post-142615","post","type-post","status-publish","format-standard","hentry","category-lajme"],"yoast_head":"<!-- This site is optimized with the Yoast SEO plugin v27.5 - https:\/\/yoast.com\/product\/yoast-seo-wordpress\/ -->\n<title>14.9.2010. - Republika e S\u00ebrbis\u00eb Trupi Koordinues p\u00ebr komunat Bujanoc, Preshev\u00eb dhe Medvegj\u00eb<\/title>\n<meta name=\"robots\" content=\"index, follow, max-snippet:-1, max-image-preview:large, max-video-preview:-1\" \/>\n<link rel=\"canonical\" href=\"https:\/\/kt.gov.rs\/sq\/14-9-2010\/\" \/>\n<meta property=\"og:locale\" content=\"sq_AL\" \/>\n<meta property=\"og:type\" content=\"article\" \/>\n<meta property=\"og:title\" content=\"14.9.2010. - Republika e S\u00ebrbis\u00eb Trupi Koordinues p\u00ebr komunat Bujanoc, Preshev\u00eb dhe Medvegj\u00eb\" \/>\n<meta property=\"og:description\" content=\"OMBUDSMANI N\u00cb JUG T\u00cb SERBIS\u00cb Zyrja e mbrojt\u00ebsit t\u00eb qytetar\u00ebve p\u00ebr jugun e Serbis\u00eb punon me t\u00eb gjitha forcat dhe se ka arritur rezultate t\u00eb konsiderueshme. Zyrja e mbrojt\u00ebsit t\u00eb qytetar\u00ebve p\u00ebr komunat Preshev\u00eb, Bujanoc dhe Medvegj\u00eb \u00ebsht\u00eb hapur m\u00eb 28 qershor\u00eb t\u00eb vitit 2010. N\u00eb k\u00ebt\u00eb zyre jan\u00eb t\u00eb pun\u00ebsuar dy zyrtar\u00eb, Maja Zlatkoviq dhe Bekim Ajdini.\" \/>\n<meta property=\"og:url\" content=\"https:\/\/kt.gov.rs\/sq\/14-9-2010\/\" \/>\n<meta property=\"og:site_name\" content=\"Republika e S\u00ebrbis\u00eb Trupi Koordinues p\u00ebr komunat Bujanoc, Preshev\u00eb dhe Medvegj\u00eb\" \/>\n<meta property=\"article:publisher\" content=\"https:\/\/www.facebook.com\/SluzbaKoordinacionogTelaVladeRepublikeSrbije\" \/>\n<meta property=\"article:published_time\" content=\"2010-09-14T00:00:00+00:00\" \/>\n<meta name=\"author\" content=\"ktmin\" \/>\n<meta name=\"twitter:card\" content=\"summary_large_image\" \/>\n<meta name=\"twitter:creator\" content=\"@kt_gov\" \/>\n<meta name=\"twitter:site\" content=\"@kt_gov\" \/>\n<meta name=\"twitter:label1\" content=\"Written by\" \/>\n\t<meta name=\"twitter:data1\" content=\"ktmin\" \/>\n\t<meta name=\"twitter:label2\" content=\"Est. reading time\" \/>\n\t<meta name=\"twitter:data2\" content=\"2 minutes\" \/>\n<script type=\"application\/ld+json\" class=\"yoast-schema-graph\">{\"@context\":\"https:\\\/\\\/schema.org\",\"@graph\":[{\"@type\":\"Article\",\"@id\":\"https:\\\/\\\/kt.gov.rs\\\/sq\\\/14-9-2010\\\/#article\",\"isPartOf\":{\"@id\":\"https:\\\/\\\/kt.gov.rs\\\/sq\\\/14-9-2010\\\/\"},\"author\":{\"name\":\"ktmin\",\"@id\":\"https:\\\/\\\/kt.gov.rs\\\/#\\\/schema\\\/person\\\/e426459ddb4173309103390602694571\"},\"headline\":\"14.9.2010.\",\"datePublished\":\"2010-09-14T00:00:00+00:00\",\"mainEntityOfPage\":{\"@id\":\"https:\\\/\\\/kt.gov.rs\\\/sq\\\/14-9-2010\\\/\"},\"wordCount\":491,\"publisher\":{\"@id\":\"https:\\\/\\\/kt.gov.rs\\\/#organization\"},\"articleSection\":[\"Lajme\"],\"inLanguage\":\"sq-AL\"},{\"@type\":\"WebPage\",\"@id\":\"https:\\\/\\\/kt.gov.rs\\\/sq\\\/14-9-2010\\\/\",\"url\":\"https:\\\/\\\/kt.gov.rs\\\/sq\\\/14-9-2010\\\/\",\"name\":\"14.9.2010. - Republika e S\u00ebrbis\u00eb Trupi Koordinues p\u00ebr komunat Bujanoc, Preshev\u00eb dhe Medvegj\u00eb\",\"isPartOf\":{\"@id\":\"https:\\\/\\\/kt.gov.rs\\\/#website\"},\"datePublished\":\"2010-09-14T00:00:00+00:00\",\"breadcrumb\":{\"@id\":\"https:\\\/\\\/kt.gov.rs\\\/sq\\\/14-9-2010\\\/#breadcrumb\"},\"inLanguage\":\"sq-AL\",\"potentialAction\":[{\"@type\":\"ReadAction\",\"target\":[\"https:\\\/\\\/kt.gov.rs\\\/sq\\\/14-9-2010\\\/\"]}]},{\"@type\":\"BreadcrumbList\",\"@id\":\"https:\\\/\\\/kt.gov.rs\\\/sq\\\/14-9-2010\\\/#breadcrumb\",\"itemListElement\":[{\"@type\":\"ListItem\",\"position\":1,\"name\":\"\u041f\u043e\u0447\u0435\u0442\u043d\u0430\",\"item\":\"https:\\\/\\\/kt.gov.rs\\\/sq\\\/\"},{\"@type\":\"ListItem\",\"position\":2,\"name\":\"14.9.2010.\"}]},{\"@type\":\"WebSite\",\"@id\":\"https:\\\/\\\/kt.gov.rs\\\/#website\",\"url\":\"https:\\\/\\\/kt.gov.rs\\\/\",\"name\":\"\u041a\u043e\u043e\u0440\u0434\u0438\u043d\u0430\u0446\u0438\u043e\u043d\u043e \u0442\u0435\u043b\u043e \u0412\u043b\u0430\u0434\u0435 \u0420\u0435\u043f\u0443\u0431\u043b\u0438\u043a\u0435 \u0421\u0440\u0431\u0438\u0458\u0435 \u0437\u0430 \u043e\u043f\u0448\u0442\u0438\u043d\u0435 \u041f\u0440\u0435\u0448\u0435\u0432\u043e, \u0411\u0443\u0458\u0430\u043d\u043e\u0432\u0430\u0446 \u0438 \u041c\u0435\u0434\u0432\u0435\u0452a\",\"description\":\"\",\"publisher\":{\"@id\":\"https:\\\/\\\/kt.gov.rs\\\/#organization\"},\"alternateName\":\"\u041a\u043e\u043e\u0440\u0434\u0438\u043d\u0430\u0446\u0438\u043e\u043d\u043e \u0442\u0435\u043b\u043e\",\"potentialAction\":[{\"@type\":\"SearchAction\",\"target\":{\"@type\":\"EntryPoint\",\"urlTemplate\":\"https:\\\/\\\/kt.gov.rs\\\/?s={search_term_string}\"},\"query-input\":{\"@type\":\"PropertyValueSpecification\",\"valueRequired\":true,\"valueName\":\"search_term_string\"}}],\"inLanguage\":\"sq-AL\"},{\"@type\":\"Organization\",\"@id\":\"https:\\\/\\\/kt.gov.rs\\\/#organization\",\"name\":\"\u041a\u043e\u043e\u0440\u0434\u0438\u043d\u0430\u0446\u0438\u043e\u043d\u043e \u0442\u0435\u043b\u043e \u0412\u043b\u0430\u0434\u0435 \u0420\u0435\u043f\u0443\u0431\u043b\u0438\u043a\u0435 \u0421\u0440\u0431\u0438\u0458\u0435 \u0437\u0430 \u043e\u043f\u0448\u0442\u0438\u043d\u0435 \u041f\u0440\u0435\u0448\u0435\u0432\u043e, \u0411\u0443\u0458\u0430\u043d\u043e\u0432\u0430\u0446 \u0438 \u041c\u0435\u0434\u0432\u0435\u0452a\",\"alternateName\":\"\u041a\u043e\u043e\u0440\u0434\u0438\u043d\u0430\u0446\u0438\u043e\u043d\u043e \u0442\u0435\u043b\u043e\",\"url\":\"https:\\\/\\\/kt.gov.rs\\\/\",\"logo\":{\"@type\":\"ImageObject\",\"inLanguage\":\"sq-AL\",\"@id\":\"https:\\\/\\\/kt.gov.rs\\\/#\\\/schema\\\/logo\\\/image\\\/\",\"url\":\"https:\\\/\\\/kt.gov.rs\\\/wp-content\\\/uploads\\\/2024\\\/12\\\/koord2.jpg\",\"contentUrl\":\"https:\\\/\\\/kt.gov.rs\\\/wp-content\\\/uploads\\\/2024\\\/12\\\/koord2.jpg\",\"width\":640,\"height\":480,\"caption\":\"\u041a\u043e\u043e\u0440\u0434\u0438\u043d\u0430\u0446\u0438\u043e\u043d\u043e \u0442\u0435\u043b\u043e \u0412\u043b\u0430\u0434\u0435 \u0420\u0435\u043f\u0443\u0431\u043b\u0438\u043a\u0435 \u0421\u0440\u0431\u0438\u0458\u0435 \u0437\u0430 \u043e\u043f\u0448\u0442\u0438\u043d\u0435 \u041f\u0440\u0435\u0448\u0435\u0432\u043e, \u0411\u0443\u0458\u0430\u043d\u043e\u0432\u0430\u0446 \u0438 \u041c\u0435\u0434\u0432\u0435\u0452a\"},\"image\":{\"@id\":\"https:\\\/\\\/kt.gov.rs\\\/#\\\/schema\\\/logo\\\/image\\\/\"},\"sameAs\":[\"https:\\\/\\\/www.facebook.com\\\/SluzbaKoordinacionogTelaVladeRepublikeSrbije\",\"https:\\\/\\\/x.com\\\/kt_gov\",\"https:\\\/\\\/www.youtube.com\\\/@koordinacionotelo\"]},{\"@type\":\"Person\",\"@id\":\"https:\\\/\\\/kt.gov.rs\\\/#\\\/schema\\\/person\\\/e426459ddb4173309103390602694571\",\"name\":\"ktmin\",\"image\":{\"@type\":\"ImageObject\",\"inLanguage\":\"sq-AL\",\"@id\":\"https:\\\/\\\/secure.gravatar.com\\\/avatar\\\/3985c961109853010c3fbc7ba30365bfba5db3dd6c525831d9c595c7525a615a?s=96&d=mm&r=g\",\"url\":\"https:\\\/\\\/secure.gravatar.com\\\/avatar\\\/3985c961109853010c3fbc7ba30365bfba5db3dd6c525831d9c595c7525a615a?s=96&d=mm&r=g\",\"contentUrl\":\"https:\\\/\\\/secure.gravatar.com\\\/avatar\\\/3985c961109853010c3fbc7ba30365bfba5db3dd6c525831d9c595c7525a615a?s=96&d=mm&r=g\",\"caption\":\"ktmin\"},\"sameAs\":[\"https:\\\/\\\/kt.gov.rs\"],\"url\":\"https:\\\/\\\/kt.gov.rs\\\/sq\\\/author\\\/ktmin\\\/\"}]}<\/script>\n<!-- \/ Yoast SEO plugin. -->","yoast_head_json":{"title":"14.9.2010. - Republika e S\u00ebrbis\u00eb Trupi Koordinues p\u00ebr komunat Bujanoc, Preshev\u00eb dhe Medvegj\u00eb","robots":{"index":"index","follow":"follow","max-snippet":"max-snippet:-1","max-image-preview":"max-image-preview:large","max-video-preview":"max-video-preview:-1"},"canonical":"https:\/\/kt.gov.rs\/sq\/14-9-2010\/","og_locale":"sq_AL","og_type":"article","og_title":"14.9.2010. - Republika e S\u00ebrbis\u00eb Trupi Koordinues p\u00ebr komunat Bujanoc, Preshev\u00eb dhe Medvegj\u00eb","og_description":"OMBUDSMANI N\u00cb JUG T\u00cb SERBIS\u00cb Zyrja e mbrojt\u00ebsit t\u00eb qytetar\u00ebve p\u00ebr jugun e Serbis\u00eb punon me t\u00eb gjitha forcat dhe se ka arritur rezultate t\u00eb konsiderueshme. Zyrja e mbrojt\u00ebsit t\u00eb qytetar\u00ebve p\u00ebr komunat Preshev\u00eb, Bujanoc dhe Medvegj\u00eb \u00ebsht\u00eb hapur m\u00eb 28 qershor\u00eb t\u00eb vitit 2010. N\u00eb k\u00ebt\u00eb zyre jan\u00eb t\u00eb pun\u00ebsuar dy zyrtar\u00eb, Maja Zlatkoviq dhe Bekim Ajdini.","og_url":"https:\/\/kt.gov.rs\/sq\/14-9-2010\/","og_site_name":"Republika e S\u00ebrbis\u00eb Trupi Koordinues p\u00ebr komunat Bujanoc, Preshev\u00eb dhe Medvegj\u00eb","article_publisher":"https:\/\/www.facebook.com\/SluzbaKoordinacionogTelaVladeRepublikeSrbije","article_published_time":"2010-09-14T00:00:00+00:00","author":"ktmin","twitter_card":"summary_large_image","twitter_creator":"@kt_gov","twitter_site":"@kt_gov","twitter_misc":{"Written by":"ktmin","Est. reading time":"2 minutes"},"schema":{"@context":"https:\/\/schema.org","@graph":[{"@type":"Article","@id":"https:\/\/kt.gov.rs\/sq\/14-9-2010\/#article","isPartOf":{"@id":"https:\/\/kt.gov.rs\/sq\/14-9-2010\/"},"author":{"name":"ktmin","@id":"https:\/\/kt.gov.rs\/#\/schema\/person\/e426459ddb4173309103390602694571"},"headline":"14.9.2010.","datePublished":"2010-09-14T00:00:00+00:00","mainEntityOfPage":{"@id":"https:\/\/kt.gov.rs\/sq\/14-9-2010\/"},"wordCount":491,"publisher":{"@id":"https:\/\/kt.gov.rs\/#organization"},"articleSection":["Lajme"],"inLanguage":"sq-AL"},{"@type":"WebPage","@id":"https:\/\/kt.gov.rs\/sq\/14-9-2010\/","url":"https:\/\/kt.gov.rs\/sq\/14-9-2010\/","name":"14.9.2010. - Republika e S\u00ebrbis\u00eb Trupi Koordinues p\u00ebr komunat Bujanoc, Preshev\u00eb dhe Medvegj\u00eb","isPartOf":{"@id":"https:\/\/kt.gov.rs\/#website"},"datePublished":"2010-09-14T00:00:00+00:00","breadcrumb":{"@id":"https:\/\/kt.gov.rs\/sq\/14-9-2010\/#breadcrumb"},"inLanguage":"sq-AL","potentialAction":[{"@type":"ReadAction","target":["https:\/\/kt.gov.rs\/sq\/14-9-2010\/"]}]},{"@type":"BreadcrumbList","@id":"https:\/\/kt.gov.rs\/sq\/14-9-2010\/#breadcrumb","itemListElement":[{"@type":"ListItem","position":1,"name":"\u041f\u043e\u0447\u0435\u0442\u043d\u0430","item":"https:\/\/kt.gov.rs\/sq\/"},{"@type":"ListItem","position":2,"name":"14.9.2010."}]},{"@type":"WebSite","@id":"https:\/\/kt.gov.rs\/#website","url":"https:\/\/kt.gov.rs\/","name":"\u041a\u043e\u043e\u0440\u0434\u0438\u043d\u0430\u0446\u0438\u043e\u043d\u043e \u0442\u0435\u043b\u043e \u0412\u043b\u0430\u0434\u0435 \u0420\u0435\u043f\u0443\u0431\u043b\u0438\u043a\u0435 \u0421\u0440\u0431\u0438\u0458\u0435 \u0437\u0430 \u043e\u043f\u0448\u0442\u0438\u043d\u0435 \u041f\u0440\u0435\u0448\u0435\u0432\u043e, \u0411\u0443\u0458\u0430\u043d\u043e\u0432\u0430\u0446 \u0438 \u041c\u0435\u0434\u0432\u0435\u0452a","description":"","publisher":{"@id":"https:\/\/kt.gov.rs\/#organization"},"alternateName":"\u041a\u043e\u043e\u0440\u0434\u0438\u043d\u0430\u0446\u0438\u043e\u043d\u043e \u0442\u0435\u043b\u043e","potentialAction":[{"@type":"SearchAction","target":{"@type":"EntryPoint","urlTemplate":"https:\/\/kt.gov.rs\/?s={search_term_string}"},"query-input":{"@type":"PropertyValueSpecification","valueRequired":true,"valueName":"search_term_string"}}],"inLanguage":"sq-AL"},{"@type":"Organization","@id":"https:\/\/kt.gov.rs\/#organization","name":"\u041a\u043e\u043e\u0440\u0434\u0438\u043d\u0430\u0446\u0438\u043e\u043d\u043e \u0442\u0435\u043b\u043e \u0412\u043b\u0430\u0434\u0435 \u0420\u0435\u043f\u0443\u0431\u043b\u0438\u043a\u0435 \u0421\u0440\u0431\u0438\u0458\u0435 \u0437\u0430 \u043e\u043f\u0448\u0442\u0438\u043d\u0435 \u041f\u0440\u0435\u0448\u0435\u0432\u043e, \u0411\u0443\u0458\u0430\u043d\u043e\u0432\u0430\u0446 \u0438 \u041c\u0435\u0434\u0432\u0435\u0452a","alternateName":"\u041a\u043e\u043e\u0440\u0434\u0438\u043d\u0430\u0446\u0438\u043e\u043d\u043e \u0442\u0435\u043b\u043e","url":"https:\/\/kt.gov.rs\/","logo":{"@type":"ImageObject","inLanguage":"sq-AL","@id":"https:\/\/kt.gov.rs\/#\/schema\/logo\/image\/","url":"https:\/\/kt.gov.rs\/wp-content\/uploads\/2024\/12\/koord2.jpg","contentUrl":"https:\/\/kt.gov.rs\/wp-content\/uploads\/2024\/12\/koord2.jpg","width":640,"height":480,"caption":"\u041a\u043e\u043e\u0440\u0434\u0438\u043d\u0430\u0446\u0438\u043e\u043d\u043e \u0442\u0435\u043b\u043e \u0412\u043b\u0430\u0434\u0435 \u0420\u0435\u043f\u0443\u0431\u043b\u0438\u043a\u0435 \u0421\u0440\u0431\u0438\u0458\u0435 \u0437\u0430 \u043e\u043f\u0448\u0442\u0438\u043d\u0435 \u041f\u0440\u0435\u0448\u0435\u0432\u043e, \u0411\u0443\u0458\u0430\u043d\u043e\u0432\u0430\u0446 \u0438 \u041c\u0435\u0434\u0432\u0435\u0452a"},"image":{"@id":"https:\/\/kt.gov.rs\/#\/schema\/logo\/image\/"},"sameAs":["https:\/\/www.facebook.com\/SluzbaKoordinacionogTelaVladeRepublikeSrbije","https:\/\/x.com\/kt_gov","https:\/\/www.youtube.com\/@koordinacionotelo"]},{"@type":"Person","@id":"https:\/\/kt.gov.rs\/#\/schema\/person\/e426459ddb4173309103390602694571","name":"ktmin","image":{"@type":"ImageObject","inLanguage":"sq-AL","@id":"https:\/\/secure.gravatar.com\/avatar\/3985c961109853010c3fbc7ba30365bfba5db3dd6c525831d9c595c7525a615a?s=96&d=mm&r=g","url":"https:\/\/secure.gravatar.com\/avatar\/3985c961109853010c3fbc7ba30365bfba5db3dd6c525831d9c595c7525a615a?s=96&d=mm&r=g","contentUrl":"https:\/\/secure.gravatar.com\/avatar\/3985c961109853010c3fbc7ba30365bfba5db3dd6c525831d9c595c7525a615a?s=96&d=mm&r=g","caption":"ktmin"},"sameAs":["https:\/\/kt.gov.rs"],"url":"https:\/\/kt.gov.rs\/sq\/author\/ktmin\/"}]}},"_links":{"self":[{"href":"https:\/\/kt.gov.rs\/sq\/wp-json\/wp\/v2\/posts\/142615","targetHints":{"allow":["GET"]}}],"collection":[{"href":"https:\/\/kt.gov.rs\/sq\/wp-json\/wp\/v2\/posts"}],"about":[{"href":"https:\/\/kt.gov.rs\/sq\/wp-json\/wp\/v2\/types\/post"}],"author":[{"embeddable":true,"href":"https:\/\/kt.gov.rs\/sq\/wp-json\/wp\/v2\/users\/1"}],"replies":[{"embeddable":true,"href":"https:\/\/kt.gov.rs\/sq\/wp-json\/wp\/v2\/comments?post=142615"}],"version-history":[{"count":0,"href":"https:\/\/kt.gov.rs\/sq\/wp-json\/wp\/v2\/posts\/142615\/revisions"}],"wp:attachment":[{"href":"https:\/\/kt.gov.rs\/sq\/wp-json\/wp\/v2\/media?parent=142615"}],"wp:term":[{"taxonomy":"category","embeddable":true,"href":"https:\/\/kt.gov.rs\/sq\/wp-json\/wp\/v2\/categories?post=142615"},{"taxonomy":"post_tag","embeddable":true,"href":"https:\/\/kt.gov.rs\/sq\/wp-json\/wp\/v2\/tags?post=142615"}],"curies":[{"name":"wp","href":"https:\/\/api.w.org\/{rel}","templated":true}]}}