{"id":142602,"date":"2010-09-21T00:00:00","date_gmt":"2010-09-21T00:00:00","guid":{"rendered":"http:\/\/kt.printandscreen.rs\/ne-menyre-solemne-hapet-qendra-e-riparuar-e-presheves\/"},"modified":"2024-07-30T20:21:57","modified_gmt":"2024-07-30T20:21:57","slug":"ne-menyre-solemne-hapet-qendra-e-riparuar-e-presheves","status":"publish","type":"post","link":"https:\/\/kt.gov.rs\/sq\/ne-menyre-solemne-hapet-qendra-e-riparuar-e-presheves\/","title":{"rendered":"N\u00cb M\u00cbNYR\u00cb SOLEMNE HAPET QENDRA E RIPARUAR E PRESHEV\u00cbS"},"content":{"rendered":"<p><img decoding=\"async\" align=\"left\" src=\"https:\/\/kt.gov.rs\/wp-content\/uploads\/2024\/07\/newspic418-4.jpg\" alt=\"\" \/>Kryetari i Trupit Koordinues t\u00eb Qeveris\u00eb s\u00eb Republik\u00ebs s\u00eb Serbis\u00eb p\u00ebr komunat Preshev\u00eb, Bujanoc dhe Medvegj\u00eb, ministri Milan Markoviq, ministri pa portofol Sulejman Uglanin dhe k\u00ebshill\u00ebtari i lart\u00eb i drejtorit t\u00eb misionit t\u00eb OSBE-s\u00eb n\u00eb Serbi Art Flanagan dje kan\u00eb b\u00ebr\u00eb hapjen solemne t\u00eb qendr\u00ebs s\u00eb riparuar t\u00eb Preshev\u00ebs n\u00eb t\u00eb cil\u00ebn jan\u00eb investuar 43 milion\u00eb dinar\u00eb. Jan\u00eb shtruar trotoaret, vendosur karrika dhe fontana, \u00ebsht\u00eb z\u00ebvend\u00ebsuar rrjeti i kanalizimit dhe uj\u00ebsjell\u00ebsit. \u00cbsht\u00eb shkarkuar komunikacioni, rruga q\u00eb shpie n\u00eb drejtim t\u00eb nd\u00ebrtes\u00ebs komunale tash \u00ebsht\u00eb nj\u00ebdrejtim\u00ebshe nd\u00ebrsa t\u00eb rinj\u00ebt tash kan\u00eb vend ku t\u00eb shoq\u00ebrohen.<\/p>\n<p>Kryetari i komun\u00ebs s\u00eb Preshev\u00ebs Ragmi Mustafa, n\u00eb konfeerenc\u00ebn p\u00ebr gazetar\u00eb deklaroi se ,,qendra e qytetit t\u00eb preshev\u00ebs p\u00ebr her\u00eb t\u00eb par\u00eb \u00ebsht\u00eb rregulluar n\u00eb m\u00ebnyr\u00eb adekuate e cila p\u00ebrfshin\u00eb kanalizimin e uj\u00ebrave t\u00eb zeza, uj\u00ebsjell\u00ebsin, telekomunikimin dhe asfaltimin e rrug\u00ebs\u201d.<\/p>\n<p>,,I jemi mir\u00ebnjoh\u00ebs t\u00eb gjith\u00ebve q\u00eb ndihmuan q\u00eb Presheva t\u00eb ket\u00eb rregullim adekuat e para s\u00eb gjithash Trupit Koordinues t\u00eb Qeveris\u00eb s\u00eb Republik\u00ebs s\u00eb Serbis\u00eb p\u00ebr komunat Preshev\u00eb, Bujanoc dhe Medvegj\u00eb, zyres s\u00eb OSBE-s\u00eb p\u00ebrmes Mega programit dhe zyres p\u00ebr zhvillim t\u00eb q\u00ebndruesh\u00ebm t\u00eb Qeveris\u00eb s\u00eb Serbis\u00eb\u201d, deklaroi Ragmi Mustafa i cili investitor\u00ebve u dor\u00ebzoi mir\u00ebnjohje komunale.<\/p>\n<p>Milan Markoviq, kryetar\u00eb i Trupit Koordinues dhe nj\u00ebherit minist\u00ebr i pushtetit lokal dhe vet\u00ebqeverisjes lokale, deklaroi se ,,riparimi i qendr\u00ebs s\u00eb qytetit t\u00eb Preshev\u00ebs \u00ebsht\u00eb model i pun\u00ebs s\u00eb p\u00ebrbashk\u00ebt me USAID-in duke shpreson\u00a0 se edhe n\u00eb t\u00eb ardhmen do t\u00eb kemi projekte t\u00eb tilla\u201d. Markoviq me k\u00ebt\u00eb rast\u00eb shprehu bindjen se edhe n\u00eb t\u00eb ardhmen n\u00eb Preshev\u00eb do t\u00eb realizojm\u00eb projekte t\u00eb tilla t\u00eb cilat qytetar\u00ebve do t\u2019u p\u00ebrmir\u00ebsojn\u00eb jet\u00ebn duke rikujtuar se p\u00ebr nj\u00eb vit\u00eb e gjys\u00eb \u00ebsht\u00eb b\u00ebr\u00eb shum\u00eb n\u00eb p\u00ebrmir\u00ebsimin e jet\u00ebs s\u00eb qytetar\u00ebve n\u00eb k\u00ebto tri komuna t\u00eb Serbis\u00eb jugore. Sipas fjal\u00ebve t\u00eb tij\u00eb, intenzivisht punohet n\u00eb zgjidhjen e problemit n\u00eb arsim, problem i cili \u00ebsht\u00eb identifikuar si prioritet duke marr\u00eb parasysh\u00eb se ende nuk jan\u00eb p\u00ebrkthyer librat n\u00eb gjuh\u00ebn shqipe. ,,Qeveria e Serbis\u00eb k\u00ebto probleme nuk i injoron mir\u00ebpo mundohet q\u00eb n\u00eb m\u00ebnyr\u00eb sa m\u00eb t\u00eb mir\u00eb t\u00eb mundshme t\u00eb zgjidhen\u201d, deklaroi ministri duke shtuar se situata rreth p\u00ebrkthimit t\u00eb teksteve shkollore shkon sipas planit, pastaj \u00ebsht\u00eb hapur fakulteti n\u00eb Medvegj\u00eb, kemi shp\u00ebrndar\u00eb mjete shkollore falas nd\u00ebrsa nx\u00ebn\u00ebsve m\u00eb t\u00eb mir\u00eb u \u00ebsht\u00eb ndar\u00eb bursa shkollore.<\/p>\n<p>Ministri pa portofol Sulejman Uglanin i cili merret me zhvillimin e komunave m\u00eb t\u00eb pazhvilluara t\u00eb Serbis\u00eb, shpreson se zyrja p\u00ebr zhvillim t\u00eb q\u00ebndruesh\u00ebm vitin\u00a0 e ardhsh\u00ebm do t\u00eb ket\u00eb buxhetin m\u00eb t\u00eb madh se 150 milion\u00eb dinar\u00eb sa ka qen\u00eb n\u00eb vitin 2010. ,,N\u00ebse kemi m\u00eb tep\u00ebr mjete n\u00eb buxhet, at\u00ebher\u00eb edhe do t\u00eb mundemi t\u00eb finansojm\u00eb edhe projekte tjera t\u00eb r\u00ebnd\u00ebsishme t\u00eb cilat jan\u00eb identifikuar, p\u00ebrmes finansimit t\u00eb projekt dokumentacionit\u2019\u2019, deklaroi Uglanin.<\/p>\n<p>Art Flanagan, k\u00ebshill\u00ebtar\u00eb i lart\u00eb i drejtorit t\u00eb misionit t\u00eb USAID-it n\u00eb Serbi deklaroi se ,,Ideja e rregullimit t\u00eb qendr\u00ebs s\u00eb Preshev\u00ebs ka qen\u00eb e kjart\u00eb dhe se shpreson se kjo do t\u00eb ket\u00eb ndikim n\u00eb stabilizimin dhe p\u00ebrmir\u00ebsimin e biznesit\u201d.<\/p>\n<p>Markoviq, Mustafa, Uglanin\u00a0 dhe Flanagan pas konferenc\u00ebs p\u00ebr gazetar\u00eb mboll\u00ebn dy fidane n\u00eb qendr\u00ebn e riparuar t\u00eb Preshev\u00ebs.<\/p>\n<p><img decoding=\"async\" align=\"left\" src=\"https:\/\/kt.gov.rs\/wp-content\/uploads\/2024\/07\/newspic419-2.jpg\" alt=\"\" \/><\/p>\n","protected":false},"excerpt":{"rendered":"<p>Kryetari i Trupit Koordinues t\u00eb Qeveris\u00eb s\u00eb Republik\u00ebs s\u00eb Serbis\u00eb p\u00ebr  komunat Preshev\u00eb, Bujanoc dhe Medvegj\u00eb, ministri Milan Markoviq,  ministri pa portofol Sulejman Uglanin dhe k\u00ebshill\u00ebtari i lart\u00eb i  drejtorit t\u00eb misionit t\u00eb OSBE-s\u00eb n\u00eb Serbi Art Flanagan dje kan\u00eb b\u00ebr\u00eb  hapjen solemne t\u00eb qendr\u00ebs s\u00eb riparuar t\u00eb Preshev\u00ebs n\u00eb t\u00eb cil\u00ebn jan\u00eb  investuar 43 milion\u00eb dinar\u00eb.<\/p>\n","protected":false},"author":1,"featured_media":142610,"comment_status":"closed","ping_status":"closed","sticky":false,"template":"","format":"standard","meta":{"footnotes":""},"categories":[55],"tags":[],"class_list":["post-142602","post","type-post","status-publish","format-standard","has-post-thumbnail","hentry","category-lajme"],"yoast_head":"<!-- This site is optimized with the Yoast SEO plugin v27.5 - https:\/\/yoast.com\/product\/yoast-seo-wordpress\/ -->\n<title>N\u00cb M\u00cbNYR\u00cb SOLEMNE HAPET QENDRA E RIPARUAR E PRESHEV\u00cbS - Republika e S\u00ebrbis\u00eb Trupi Koordinues p\u00ebr komunat Bujanoc, Preshev\u00eb dhe Medvegj\u00eb<\/title>\n<meta name=\"robots\" content=\"index, follow, max-snippet:-1, max-image-preview:large, max-video-preview:-1\" \/>\n<link rel=\"canonical\" href=\"https:\/\/kt.gov.rs\/sq\/ne-menyre-solemne-hapet-qendra-e-riparuar-e-presheves\/\" \/>\n<meta property=\"og:locale\" content=\"sq_AL\" \/>\n<meta property=\"og:type\" content=\"article\" \/>\n<meta property=\"og:title\" content=\"N\u00cb M\u00cbNYR\u00cb SOLEMNE HAPET QENDRA E RIPARUAR E PRESHEV\u00cbS - Republika e S\u00ebrbis\u00eb Trupi Koordinues p\u00ebr komunat Bujanoc, Preshev\u00eb dhe Medvegj\u00eb\" \/>\n<meta property=\"og:description\" content=\"Kryetari i Trupit Koordinues t\u00eb Qeveris\u00eb s\u00eb Republik\u00ebs s\u00eb Serbis\u00eb p\u00ebr komunat Preshev\u00eb, Bujanoc dhe Medvegj\u00eb, ministri Milan Markoviq, ministri pa portofol Sulejman Uglanin dhe k\u00ebshill\u00ebtari i lart\u00eb i drejtorit t\u00eb misionit t\u00eb OSBE-s\u00eb n\u00eb Serbi Art Flanagan dje kan\u00eb b\u00ebr\u00eb hapjen solemne t\u00eb qendr\u00ebs s\u00eb riparuar t\u00eb Preshev\u00ebs n\u00eb t\u00eb cil\u00ebn jan\u00eb investuar 43 milion\u00eb dinar\u00eb.\" \/>\n<meta property=\"og:url\" content=\"https:\/\/kt.gov.rs\/sq\/ne-menyre-solemne-hapet-qendra-e-riparuar-e-presheves\/\" \/>\n<meta property=\"og:site_name\" content=\"Republika e S\u00ebrbis\u00eb Trupi Koordinues p\u00ebr komunat Bujanoc, Preshev\u00eb dhe Medvegj\u00eb\" \/>\n<meta property=\"article:publisher\" content=\"https:\/\/www.facebook.com\/SluzbaKoordinacionogTelaVladeRepublikeSrbije\" \/>\n<meta property=\"article:published_time\" content=\"2010-09-21T00:00:00+00:00\" \/>\n<meta property=\"article:modified_time\" content=\"2024-07-30T20:21:57+00:00\" \/>\n<meta property=\"og:image\" content=\"https:\/\/kt.gov.rs\/wp-content\/uploads\/2024\/07\/newspic418-5.jpg\" \/>\n\t<meta property=\"og:image:width\" content=\"265\" \/>\n\t<meta property=\"og:image:height\" content=\"176\" \/>\n\t<meta property=\"og:image:type\" content=\"image\/jpeg\" \/>\n<meta name=\"author\" content=\"ktmin\" \/>\n<meta name=\"twitter:card\" content=\"summary_large_image\" \/>\n<meta name=\"twitter:creator\" content=\"@kt_gov\" \/>\n<meta name=\"twitter:site\" content=\"@kt_gov\" \/>\n<meta name=\"twitter:label1\" content=\"Written by\" \/>\n\t<meta name=\"twitter:data1\" content=\"ktmin\" \/>\n\t<meta name=\"twitter:label2\" content=\"Est. reading time\" \/>\n\t<meta name=\"twitter:data2\" content=\"3 minutes\" \/>\n<script type=\"application\/ld+json\" class=\"yoast-schema-graph\">{\"@context\":\"https:\\\/\\\/schema.org\",\"@graph\":[{\"@type\":\"Article\",\"@id\":\"https:\\\/\\\/kt.gov.rs\\\/sq\\\/ne-menyre-solemne-hapet-qendra-e-riparuar-e-presheves\\\/#article\",\"isPartOf\":{\"@id\":\"https:\\\/\\\/kt.gov.rs\\\/sq\\\/ne-menyre-solemne-hapet-qendra-e-riparuar-e-presheves\\\/\"},\"author\":{\"name\":\"ktmin\",\"@id\":\"https:\\\/\\\/kt.gov.rs\\\/#\\\/schema\\\/person\\\/e426459ddb4173309103390602694571\"},\"headline\":\"N\u00cb M\u00cbNYR\u00cb SOLEMNE HAPET QENDRA E RIPARUAR E PRESHEV\u00cbS\",\"datePublished\":\"2010-09-21T00:00:00+00:00\",\"dateModified\":\"2024-07-30T20:21:57+00:00\",\"mainEntityOfPage\":{\"@id\":\"https:\\\/\\\/kt.gov.rs\\\/sq\\\/ne-menyre-solemne-hapet-qendra-e-riparuar-e-presheves\\\/\"},\"wordCount\":616,\"publisher\":{\"@id\":\"https:\\\/\\\/kt.gov.rs\\\/#organization\"},\"image\":{\"@id\":\"https:\\\/\\\/kt.gov.rs\\\/sq\\\/ne-menyre-solemne-hapet-qendra-e-riparuar-e-presheves\\\/#primaryimage\"},\"thumbnailUrl\":\"https:\\\/\\\/kt.gov.rs\\\/wp-content\\\/uploads\\\/2024\\\/07\\\/newspic418-5.jpg\",\"articleSection\":[\"Lajme\"],\"inLanguage\":\"sq-AL\"},{\"@type\":\"WebPage\",\"@id\":\"https:\\\/\\\/kt.gov.rs\\\/sq\\\/ne-menyre-solemne-hapet-qendra-e-riparuar-e-presheves\\\/\",\"url\":\"https:\\\/\\\/kt.gov.rs\\\/sq\\\/ne-menyre-solemne-hapet-qendra-e-riparuar-e-presheves\\\/\",\"name\":\"N\u00cb M\u00cbNYR\u00cb SOLEMNE HAPET QENDRA E RIPARUAR E PRESHEV\u00cbS - Republika e S\u00ebrbis\u00eb Trupi Koordinues p\u00ebr komunat Bujanoc, Preshev\u00eb dhe Medvegj\u00eb\",\"isPartOf\":{\"@id\":\"https:\\\/\\\/kt.gov.rs\\\/#website\"},\"primaryImageOfPage\":{\"@id\":\"https:\\\/\\\/kt.gov.rs\\\/sq\\\/ne-menyre-solemne-hapet-qendra-e-riparuar-e-presheves\\\/#primaryimage\"},\"image\":{\"@id\":\"https:\\\/\\\/kt.gov.rs\\\/sq\\\/ne-menyre-solemne-hapet-qendra-e-riparuar-e-presheves\\\/#primaryimage\"},\"thumbnailUrl\":\"https:\\\/\\\/kt.gov.rs\\\/wp-content\\\/uploads\\\/2024\\\/07\\\/newspic418-5.jpg\",\"datePublished\":\"2010-09-21T00:00:00+00:00\",\"dateModified\":\"2024-07-30T20:21:57+00:00\",\"breadcrumb\":{\"@id\":\"https:\\\/\\\/kt.gov.rs\\\/sq\\\/ne-menyre-solemne-hapet-qendra-e-riparuar-e-presheves\\\/#breadcrumb\"},\"inLanguage\":\"sq-AL\",\"potentialAction\":[{\"@type\":\"ReadAction\",\"target\":[\"https:\\\/\\\/kt.gov.rs\\\/sq\\\/ne-menyre-solemne-hapet-qendra-e-riparuar-e-presheves\\\/\"]}]},{\"@type\":\"ImageObject\",\"inLanguage\":\"sq-AL\",\"@id\":\"https:\\\/\\\/kt.gov.rs\\\/sq\\\/ne-menyre-solemne-hapet-qendra-e-riparuar-e-presheves\\\/#primaryimage\",\"url\":\"https:\\\/\\\/kt.gov.rs\\\/wp-content\\\/uploads\\\/2024\\\/07\\\/newspic418-5.jpg\",\"contentUrl\":\"https:\\\/\\\/kt.gov.rs\\\/wp-content\\\/uploads\\\/2024\\\/07\\\/newspic418-5.jpg\",\"width\":265,\"height\":176},{\"@type\":\"BreadcrumbList\",\"@id\":\"https:\\\/\\\/kt.gov.rs\\\/sq\\\/ne-menyre-solemne-hapet-qendra-e-riparuar-e-presheves\\\/#breadcrumb\",\"itemListElement\":[{\"@type\":\"ListItem\",\"position\":1,\"name\":\"\u041f\u043e\u0447\u0435\u0442\u043d\u0430\",\"item\":\"https:\\\/\\\/kt.gov.rs\\\/sq\\\/\"},{\"@type\":\"ListItem\",\"position\":2,\"name\":\"N\u00cb M\u00cbNYR\u00cb SOLEMNE HAPET QENDRA E RIPARUAR E PRESHEV\u00cbS\"}]},{\"@type\":\"WebSite\",\"@id\":\"https:\\\/\\\/kt.gov.rs\\\/#website\",\"url\":\"https:\\\/\\\/kt.gov.rs\\\/\",\"name\":\"\u041a\u043e\u043e\u0440\u0434\u0438\u043d\u0430\u0446\u0438\u043e\u043d\u043e \u0442\u0435\u043b\u043e \u0412\u043b\u0430\u0434\u0435 \u0420\u0435\u043f\u0443\u0431\u043b\u0438\u043a\u0435 \u0421\u0440\u0431\u0438\u0458\u0435 \u0437\u0430 \u043e\u043f\u0448\u0442\u0438\u043d\u0435 \u041f\u0440\u0435\u0448\u0435\u0432\u043e, \u0411\u0443\u0458\u0430\u043d\u043e\u0432\u0430\u0446 \u0438 \u041c\u0435\u0434\u0432\u0435\u0452a\",\"description\":\"\",\"publisher\":{\"@id\":\"https:\\\/\\\/kt.gov.rs\\\/#organization\"},\"alternateName\":\"\u041a\u043e\u043e\u0440\u0434\u0438\u043d\u0430\u0446\u0438\u043e\u043d\u043e \u0442\u0435\u043b\u043e\",\"potentialAction\":[{\"@type\":\"SearchAction\",\"target\":{\"@type\":\"EntryPoint\",\"urlTemplate\":\"https:\\\/\\\/kt.gov.rs\\\/?s={search_term_string}\"},\"query-input\":{\"@type\":\"PropertyValueSpecification\",\"valueRequired\":true,\"valueName\":\"search_term_string\"}}],\"inLanguage\":\"sq-AL\"},{\"@type\":\"Organization\",\"@id\":\"https:\\\/\\\/kt.gov.rs\\\/#organization\",\"name\":\"\u041a\u043e\u043e\u0440\u0434\u0438\u043d\u0430\u0446\u0438\u043e\u043d\u043e \u0442\u0435\u043b\u043e \u0412\u043b\u0430\u0434\u0435 \u0420\u0435\u043f\u0443\u0431\u043b\u0438\u043a\u0435 \u0421\u0440\u0431\u0438\u0458\u0435 \u0437\u0430 \u043e\u043f\u0448\u0442\u0438\u043d\u0435 \u041f\u0440\u0435\u0448\u0435\u0432\u043e, \u0411\u0443\u0458\u0430\u043d\u043e\u0432\u0430\u0446 \u0438 \u041c\u0435\u0434\u0432\u0435\u0452a\",\"alternateName\":\"\u041a\u043e\u043e\u0440\u0434\u0438\u043d\u0430\u0446\u0438\u043e\u043d\u043e \u0442\u0435\u043b\u043e\",\"url\":\"https:\\\/\\\/kt.gov.rs\\\/\",\"logo\":{\"@type\":\"ImageObject\",\"inLanguage\":\"sq-AL\",\"@id\":\"https:\\\/\\\/kt.gov.rs\\\/#\\\/schema\\\/logo\\\/image\\\/\",\"url\":\"https:\\\/\\\/kt.gov.rs\\\/wp-content\\\/uploads\\\/2024\\\/12\\\/koord2.jpg\",\"contentUrl\":\"https:\\\/\\\/kt.gov.rs\\\/wp-content\\\/uploads\\\/2024\\\/12\\\/koord2.jpg\",\"width\":640,\"height\":480,\"caption\":\"\u041a\u043e\u043e\u0440\u0434\u0438\u043d\u0430\u0446\u0438\u043e\u043d\u043e \u0442\u0435\u043b\u043e \u0412\u043b\u0430\u0434\u0435 \u0420\u0435\u043f\u0443\u0431\u043b\u0438\u043a\u0435 \u0421\u0440\u0431\u0438\u0458\u0435 \u0437\u0430 \u043e\u043f\u0448\u0442\u0438\u043d\u0435 \u041f\u0440\u0435\u0448\u0435\u0432\u043e, \u0411\u0443\u0458\u0430\u043d\u043e\u0432\u0430\u0446 \u0438 \u041c\u0435\u0434\u0432\u0435\u0452a\"},\"image\":{\"@id\":\"https:\\\/\\\/kt.gov.rs\\\/#\\\/schema\\\/logo\\\/image\\\/\"},\"sameAs\":[\"https:\\\/\\\/www.facebook.com\\\/SluzbaKoordinacionogTelaVladeRepublikeSrbije\",\"https:\\\/\\\/x.com\\\/kt_gov\",\"https:\\\/\\\/www.youtube.com\\\/@koordinacionotelo\"]},{\"@type\":\"Person\",\"@id\":\"https:\\\/\\\/kt.gov.rs\\\/#\\\/schema\\\/person\\\/e426459ddb4173309103390602694571\",\"name\":\"ktmin\",\"image\":{\"@type\":\"ImageObject\",\"inLanguage\":\"sq-AL\",\"@id\":\"https:\\\/\\\/secure.gravatar.com\\\/avatar\\\/3985c961109853010c3fbc7ba30365bfba5db3dd6c525831d9c595c7525a615a?s=96&d=mm&r=g\",\"url\":\"https:\\\/\\\/secure.gravatar.com\\\/avatar\\\/3985c961109853010c3fbc7ba30365bfba5db3dd6c525831d9c595c7525a615a?s=96&d=mm&r=g\",\"contentUrl\":\"https:\\\/\\\/secure.gravatar.com\\\/avatar\\\/3985c961109853010c3fbc7ba30365bfba5db3dd6c525831d9c595c7525a615a?s=96&d=mm&r=g\",\"caption\":\"ktmin\"},\"sameAs\":[\"https:\\\/\\\/kt.gov.rs\"],\"url\":\"https:\\\/\\\/kt.gov.rs\\\/sq\\\/author\\\/ktmin\\\/\"}]}<\/script>\n<!-- \/ Yoast SEO plugin. -->","yoast_head_json":{"title":"N\u00cb M\u00cbNYR\u00cb SOLEMNE HAPET QENDRA E RIPARUAR E PRESHEV\u00cbS - Republika e S\u00ebrbis\u00eb Trupi Koordinues p\u00ebr komunat Bujanoc, Preshev\u00eb dhe Medvegj\u00eb","robots":{"index":"index","follow":"follow","max-snippet":"max-snippet:-1","max-image-preview":"max-image-preview:large","max-video-preview":"max-video-preview:-1"},"canonical":"https:\/\/kt.gov.rs\/sq\/ne-menyre-solemne-hapet-qendra-e-riparuar-e-presheves\/","og_locale":"sq_AL","og_type":"article","og_title":"N\u00cb M\u00cbNYR\u00cb SOLEMNE HAPET QENDRA E RIPARUAR E PRESHEV\u00cbS - Republika e S\u00ebrbis\u00eb Trupi Koordinues p\u00ebr komunat Bujanoc, Preshev\u00eb dhe Medvegj\u00eb","og_description":"Kryetari i Trupit Koordinues t\u00eb Qeveris\u00eb s\u00eb Republik\u00ebs s\u00eb Serbis\u00eb p\u00ebr komunat Preshev\u00eb, Bujanoc dhe Medvegj\u00eb, ministri Milan Markoviq, ministri pa portofol Sulejman Uglanin dhe k\u00ebshill\u00ebtari i lart\u00eb i drejtorit t\u00eb misionit t\u00eb OSBE-s\u00eb n\u00eb Serbi Art Flanagan dje kan\u00eb b\u00ebr\u00eb hapjen solemne t\u00eb qendr\u00ebs s\u00eb riparuar t\u00eb Preshev\u00ebs n\u00eb t\u00eb cil\u00ebn jan\u00eb investuar 43 milion\u00eb dinar\u00eb.","og_url":"https:\/\/kt.gov.rs\/sq\/ne-menyre-solemne-hapet-qendra-e-riparuar-e-presheves\/","og_site_name":"Republika e S\u00ebrbis\u00eb Trupi Koordinues p\u00ebr komunat Bujanoc, Preshev\u00eb dhe Medvegj\u00eb","article_publisher":"https:\/\/www.facebook.com\/SluzbaKoordinacionogTelaVladeRepublikeSrbije","article_published_time":"2010-09-21T00:00:00+00:00","article_modified_time":"2024-07-30T20:21:57+00:00","og_image":[{"width":265,"height":176,"url":"https:\/\/kt.gov.rs\/wp-content\/uploads\/2024\/07\/newspic418-5.jpg","type":"image\/jpeg"}],"author":"ktmin","twitter_card":"summary_large_image","twitter_creator":"@kt_gov","twitter_site":"@kt_gov","twitter_misc":{"Written by":"ktmin","Est. reading time":"3 minutes"},"schema":{"@context":"https:\/\/schema.org","@graph":[{"@type":"Article","@id":"https:\/\/kt.gov.rs\/sq\/ne-menyre-solemne-hapet-qendra-e-riparuar-e-presheves\/#article","isPartOf":{"@id":"https:\/\/kt.gov.rs\/sq\/ne-menyre-solemne-hapet-qendra-e-riparuar-e-presheves\/"},"author":{"name":"ktmin","@id":"https:\/\/kt.gov.rs\/#\/schema\/person\/e426459ddb4173309103390602694571"},"headline":"N\u00cb M\u00cbNYR\u00cb SOLEMNE HAPET QENDRA E RIPARUAR E PRESHEV\u00cbS","datePublished":"2010-09-21T00:00:00+00:00","dateModified":"2024-07-30T20:21:57+00:00","mainEntityOfPage":{"@id":"https:\/\/kt.gov.rs\/sq\/ne-menyre-solemne-hapet-qendra-e-riparuar-e-presheves\/"},"wordCount":616,"publisher":{"@id":"https:\/\/kt.gov.rs\/#organization"},"image":{"@id":"https:\/\/kt.gov.rs\/sq\/ne-menyre-solemne-hapet-qendra-e-riparuar-e-presheves\/#primaryimage"},"thumbnailUrl":"https:\/\/kt.gov.rs\/wp-content\/uploads\/2024\/07\/newspic418-5.jpg","articleSection":["Lajme"],"inLanguage":"sq-AL"},{"@type":"WebPage","@id":"https:\/\/kt.gov.rs\/sq\/ne-menyre-solemne-hapet-qendra-e-riparuar-e-presheves\/","url":"https:\/\/kt.gov.rs\/sq\/ne-menyre-solemne-hapet-qendra-e-riparuar-e-presheves\/","name":"N\u00cb M\u00cbNYR\u00cb SOLEMNE HAPET QENDRA E RIPARUAR E PRESHEV\u00cbS - Republika e S\u00ebrbis\u00eb Trupi Koordinues p\u00ebr komunat Bujanoc, Preshev\u00eb dhe Medvegj\u00eb","isPartOf":{"@id":"https:\/\/kt.gov.rs\/#website"},"primaryImageOfPage":{"@id":"https:\/\/kt.gov.rs\/sq\/ne-menyre-solemne-hapet-qendra-e-riparuar-e-presheves\/#primaryimage"},"image":{"@id":"https:\/\/kt.gov.rs\/sq\/ne-menyre-solemne-hapet-qendra-e-riparuar-e-presheves\/#primaryimage"},"thumbnailUrl":"https:\/\/kt.gov.rs\/wp-content\/uploads\/2024\/07\/newspic418-5.jpg","datePublished":"2010-09-21T00:00:00+00:00","dateModified":"2024-07-30T20:21:57+00:00","breadcrumb":{"@id":"https:\/\/kt.gov.rs\/sq\/ne-menyre-solemne-hapet-qendra-e-riparuar-e-presheves\/#breadcrumb"},"inLanguage":"sq-AL","potentialAction":[{"@type":"ReadAction","target":["https:\/\/kt.gov.rs\/sq\/ne-menyre-solemne-hapet-qendra-e-riparuar-e-presheves\/"]}]},{"@type":"ImageObject","inLanguage":"sq-AL","@id":"https:\/\/kt.gov.rs\/sq\/ne-menyre-solemne-hapet-qendra-e-riparuar-e-presheves\/#primaryimage","url":"https:\/\/kt.gov.rs\/wp-content\/uploads\/2024\/07\/newspic418-5.jpg","contentUrl":"https:\/\/kt.gov.rs\/wp-content\/uploads\/2024\/07\/newspic418-5.jpg","width":265,"height":176},{"@type":"BreadcrumbList","@id":"https:\/\/kt.gov.rs\/sq\/ne-menyre-solemne-hapet-qendra-e-riparuar-e-presheves\/#breadcrumb","itemListElement":[{"@type":"ListItem","position":1,"name":"\u041f\u043e\u0447\u0435\u0442\u043d\u0430","item":"https:\/\/kt.gov.rs\/sq\/"},{"@type":"ListItem","position":2,"name":"N\u00cb M\u00cbNYR\u00cb SOLEMNE HAPET QENDRA E RIPARUAR E PRESHEV\u00cbS"}]},{"@type":"WebSite","@id":"https:\/\/kt.gov.rs\/#website","url":"https:\/\/kt.gov.rs\/","name":"\u041a\u043e\u043e\u0440\u0434\u0438\u043d\u0430\u0446\u0438\u043e\u043d\u043e \u0442\u0435\u043b\u043e \u0412\u043b\u0430\u0434\u0435 \u0420\u0435\u043f\u0443\u0431\u043b\u0438\u043a\u0435 \u0421\u0440\u0431\u0438\u0458\u0435 \u0437\u0430 \u043e\u043f\u0448\u0442\u0438\u043d\u0435 \u041f\u0440\u0435\u0448\u0435\u0432\u043e, \u0411\u0443\u0458\u0430\u043d\u043e\u0432\u0430\u0446 \u0438 \u041c\u0435\u0434\u0432\u0435\u0452a","description":"","publisher":{"@id":"https:\/\/kt.gov.rs\/#organization"},"alternateName":"\u041a\u043e\u043e\u0440\u0434\u0438\u043d\u0430\u0446\u0438\u043e\u043d\u043e \u0442\u0435\u043b\u043e","potentialAction":[{"@type":"SearchAction","target":{"@type":"EntryPoint","urlTemplate":"https:\/\/kt.gov.rs\/?s={search_term_string}"},"query-input":{"@type":"PropertyValueSpecification","valueRequired":true,"valueName":"search_term_string"}}],"inLanguage":"sq-AL"},{"@type":"Organization","@id":"https:\/\/kt.gov.rs\/#organization","name":"\u041a\u043e\u043e\u0440\u0434\u0438\u043d\u0430\u0446\u0438\u043e\u043d\u043e \u0442\u0435\u043b\u043e \u0412\u043b\u0430\u0434\u0435 \u0420\u0435\u043f\u0443\u0431\u043b\u0438\u043a\u0435 \u0421\u0440\u0431\u0438\u0458\u0435 \u0437\u0430 \u043e\u043f\u0448\u0442\u0438\u043d\u0435 \u041f\u0440\u0435\u0448\u0435\u0432\u043e, \u0411\u0443\u0458\u0430\u043d\u043e\u0432\u0430\u0446 \u0438 \u041c\u0435\u0434\u0432\u0435\u0452a","alternateName":"\u041a\u043e\u043e\u0440\u0434\u0438\u043d\u0430\u0446\u0438\u043e\u043d\u043e \u0442\u0435\u043b\u043e","url":"https:\/\/kt.gov.rs\/","logo":{"@type":"ImageObject","inLanguage":"sq-AL","@id":"https:\/\/kt.gov.rs\/#\/schema\/logo\/image\/","url":"https:\/\/kt.gov.rs\/wp-content\/uploads\/2024\/12\/koord2.jpg","contentUrl":"https:\/\/kt.gov.rs\/wp-content\/uploads\/2024\/12\/koord2.jpg","width":640,"height":480,"caption":"\u041a\u043e\u043e\u0440\u0434\u0438\u043d\u0430\u0446\u0438\u043e\u043d\u043e \u0442\u0435\u043b\u043e \u0412\u043b\u0430\u0434\u0435 \u0420\u0435\u043f\u0443\u0431\u043b\u0438\u043a\u0435 \u0421\u0440\u0431\u0438\u0458\u0435 \u0437\u0430 \u043e\u043f\u0448\u0442\u0438\u043d\u0435 \u041f\u0440\u0435\u0448\u0435\u0432\u043e, \u0411\u0443\u0458\u0430\u043d\u043e\u0432\u0430\u0446 \u0438 \u041c\u0435\u0434\u0432\u0435\u0452a"},"image":{"@id":"https:\/\/kt.gov.rs\/#\/schema\/logo\/image\/"},"sameAs":["https:\/\/www.facebook.com\/SluzbaKoordinacionogTelaVladeRepublikeSrbije","https:\/\/x.com\/kt_gov","https:\/\/www.youtube.com\/@koordinacionotelo"]},{"@type":"Person","@id":"https:\/\/kt.gov.rs\/#\/schema\/person\/e426459ddb4173309103390602694571","name":"ktmin","image":{"@type":"ImageObject","inLanguage":"sq-AL","@id":"https:\/\/secure.gravatar.com\/avatar\/3985c961109853010c3fbc7ba30365bfba5db3dd6c525831d9c595c7525a615a?s=96&d=mm&r=g","url":"https:\/\/secure.gravatar.com\/avatar\/3985c961109853010c3fbc7ba30365bfba5db3dd6c525831d9c595c7525a615a?s=96&d=mm&r=g","contentUrl":"https:\/\/secure.gravatar.com\/avatar\/3985c961109853010c3fbc7ba30365bfba5db3dd6c525831d9c595c7525a615a?s=96&d=mm&r=g","caption":"ktmin"},"sameAs":["https:\/\/kt.gov.rs"],"url":"https:\/\/kt.gov.rs\/sq\/author\/ktmin\/"}]}},"_links":{"self":[{"href":"https:\/\/kt.gov.rs\/sq\/wp-json\/wp\/v2\/posts\/142602","targetHints":{"allow":["GET"]}}],"collection":[{"href":"https:\/\/kt.gov.rs\/sq\/wp-json\/wp\/v2\/posts"}],"about":[{"href":"https:\/\/kt.gov.rs\/sq\/wp-json\/wp\/v2\/types\/post"}],"author":[{"embeddable":true,"href":"https:\/\/kt.gov.rs\/sq\/wp-json\/wp\/v2\/users\/1"}],"replies":[{"embeddable":true,"href":"https:\/\/kt.gov.rs\/sq\/wp-json\/wp\/v2\/comments?post=142602"}],"version-history":[{"count":1,"href":"https:\/\/kt.gov.rs\/sq\/wp-json\/wp\/v2\/posts\/142602\/revisions"}],"predecessor-version":[{"id":142609,"href":"https:\/\/kt.gov.rs\/sq\/wp-json\/wp\/v2\/posts\/142602\/revisions\/142609"}],"wp:featuredmedia":[{"embeddable":true,"href":"https:\/\/kt.gov.rs\/sq\/wp-json\/wp\/v2\/media\/142610"}],"wp:attachment":[{"href":"https:\/\/kt.gov.rs\/sq\/wp-json\/wp\/v2\/media?parent=142602"}],"wp:term":[{"taxonomy":"category","embeddable":true,"href":"https:\/\/kt.gov.rs\/sq\/wp-json\/wp\/v2\/categories?post=142602"},{"taxonomy":"post_tag","embeddable":true,"href":"https:\/\/kt.gov.rs\/sq\/wp-json\/wp\/v2\/tags?post=142602"}],"curies":[{"name":"wp","href":"https:\/\/api.w.org\/{rel}","templated":true}]}}