{"id":142583,"date":"2010-09-24T00:00:00","date_gmt":"2010-09-24T00:00:00","guid":{"rendered":"http:\/\/kt.printandscreen.rs\/24-shtator-2010-2\/"},"modified":"2010-09-24T00:00:00","modified_gmt":"2010-09-24T00:00:00","slug":"24-shtator-2010-2","status":"publish","type":"post","link":"https:\/\/kt.gov.rs\/sq\/24-shtator-2010-2\/","title":{"rendered":"24.shtator 2010."},"content":{"rendered":"<p><strong>Delegacioni i afarist\u00ebve nga Turqia ka vizituar Vranj\u00ebn dhe regjionin e P\u00e7inj\u00ebs<\/strong><\/p>\n<p>Vranj\u00eb \u2013 Afarist\u00ebt nga Turqia jan\u00eb t\u00eb interesuar p\u00ebr investime n\u00eb Serbin\u00eb jugore, \u00ebsht\u00eb th\u00ebn\u00eb gjat\u00eb vizit\u00ebs s\u00eb delegacionit t\u00eb afarist\u00ebve n\u00eb Vranj\u00eb. Delegacioni nga Turqia i udh\u00ebhequr nga kryetari i od\u00ebs ekonomike t\u00eb Stambollit Fikret Tanriverdi ka biseduar me afarist\u00ebt nga Serbija jugore.<\/p>\n<p>Kryetari i Vranj\u00ebs Mirolub Stoj\u00e7iq u ka paraqitur afarist\u00ebve nga Turqia potencialet ekonomike t\u00eb Vranj\u00ebs dhe k\u00ebrkoi nga ata q\u00eb t\u00eb investojn\u00eb n\u00eb regjionin e P\u00e7inj\u00ebs.<\/p>\n<p>,,Vranja \u00ebsht\u00eb nj\u00ebri nga qytetet e Serbis\u00eb i cili ka fituar certifikat\u00ebn si mjedis i favorsh\u00ebm p\u00ebr afariz\u00ebm, jemi t\u00eb hapur p\u00ebr investime t\u00eb jashtme ngado q\u00eb t\u00eb vijn\u00eb n\u00ebse ato investime n\u00ebnkuptojn\u00eb hapjen e vendeve t\u00eb reja t\u00eb pun\u00ebs dhe jet\u00eb m\u00eb t\u00eb mire p\u00ebr qyetar\u00ebt\u2019\u2019, deklaroi Stoj\u00e7iq. Ai theksoi se qyteti i Vranj\u00ebs ka nj\u00eb tradit\u00eb t\u00eb gjat\u00eb n\u00eb industrin\u00eb e tekstilit dhe n\u00eb industrin\u00eb e k\u00ebpuc\u00ebve.<\/p>\n<p>Kryetari i od\u00ebs ekonomike t\u00eb Stambollit Fikret Tanriverdi teksoi se ,,vizita e delegacionit t\u00eb od\u00ebs ekonomike nga Stambolli i cili delegacion ka nga nj\u00eb p\u00ebrfaq\u00ebsues nga t\u00eb gjitha deg\u00ebt industriale, ka p\u00ebr q\u00ebllim q\u00eb bashk\u00ebpunimin ta ngrit\u00eb n\u00eb nj\u00eb nivel sa m\u00eb t\u00eb lart\u00eb\u2019\u2019. ,,Kemi ardhur t\u00eb njihemi me Ju m\u00eb p\u00ebr s\u00eb af\u00ebrmi dhe se t\u00eb fillojm\u00eb t\u00eb bashk\u00ebpunojm\u00eb sa m\u00eb shpejt\u00eb q\u00eb t\u00eb jet\u00eb e mundur, nd\u00ebrsa sipas nesh, n\u00eb Vranj\u00eb egzistojn\u00eb kushtet optimale p\u00ebr bashk\u00ebpunim\u2019\u2019, theksoi Tandiverdi.<\/p>\n<p>Vizit\u00ebn e k\u00ebtij\u00eb delegacioni t\u00eb p\u00ebrb\u00ebr\u00eb nga 21 afarist\u00eb nga Stambolli e ka organizuar oda ekonomike e Leskocit, nd\u00ebrsa afarist\u00ebt nga Turqia para se t\u00eb vizitojn\u00eb Vranj\u00ebn, kan\u00eb vizituar Leskocin ku me k\u00ebt\u00eb rast\u00eb kan\u00eb biseduar me afarist\u00ebt lokal p\u00ebr bashk\u00ebpunim.<\/p>\n","protected":false},"excerpt":{"rendered":"<p>Delegacioni i afarist\u00ebve nga Turqia ka vizituar Vranj\u00ebn dhe regjionin e P\u00e7inj\u00ebs<\/p>\n<p>Vranj\u00eb \u2013 Afarist\u00ebt nga Turqia jan\u00eb t\u00eb interesuar p\u00ebr investime n\u00eb  Serbin\u00eb jugore, \u00ebsht\u00eb th\u00ebn\u00eb gjat\u00eb vizit\u00ebs s\u00eb delegacionit t\u00eb afarist\u00ebve  n\u00eb Vranj\u00eb. Delegacioni nga Turqia i udh\u00ebhequr nga kryetari i od\u00ebs  ekonomike t\u00eb Stambollit Fikret Tanriverdi ka biseduar me afarist\u00ebt nga  Serbija jugore.<\/p>\n","protected":false},"author":1,"featured_media":0,"comment_status":"closed","ping_status":"closed","sticky":false,"template":"","format":"standard","meta":{"footnotes":""},"categories":[55],"tags":[],"class_list":["post-142583","post","type-post","status-publish","format-standard","hentry","category-lajme"],"yoast_head":"<!-- This site is optimized with the Yoast SEO plugin v27.5 - https:\/\/yoast.com\/product\/yoast-seo-wordpress\/ -->\n<title>24.shtator 2010. - Republika e S\u00ebrbis\u00eb Trupi Koordinues p\u00ebr komunat Bujanoc, Preshev\u00eb dhe Medvegj\u00eb<\/title>\n<meta name=\"robots\" content=\"index, follow, max-snippet:-1, max-image-preview:large, max-video-preview:-1\" \/>\n<link rel=\"canonical\" href=\"https:\/\/kt.gov.rs\/sq\/24-shtator-2010-2\/\" \/>\n<meta property=\"og:locale\" content=\"sq_AL\" \/>\n<meta property=\"og:type\" content=\"article\" \/>\n<meta property=\"og:title\" content=\"24.shtator 2010. - Republika e S\u00ebrbis\u00eb Trupi Koordinues p\u00ebr komunat Bujanoc, Preshev\u00eb dhe Medvegj\u00eb\" \/>\n<meta property=\"og:description\" content=\"Delegacioni i afarist\u00ebve nga Turqia ka vizituar Vranj\u00ebn dhe regjionin e P\u00e7inj\u00ebs Vranj\u00eb \u2013 Afarist\u00ebt nga Turqia jan\u00eb t\u00eb interesuar p\u00ebr investime n\u00eb Serbin\u00eb jugore, \u00ebsht\u00eb th\u00ebn\u00eb gjat\u00eb vizit\u00ebs s\u00eb delegacionit t\u00eb afarist\u00ebve n\u00eb Vranj\u00eb. Delegacioni nga Turqia i udh\u00ebhequr nga kryetari i od\u00ebs ekonomike t\u00eb Stambollit Fikret Tanriverdi ka biseduar me afarist\u00ebt nga Serbija jugore.\" \/>\n<meta property=\"og:url\" content=\"https:\/\/kt.gov.rs\/sq\/24-shtator-2010-2\/\" \/>\n<meta property=\"og:site_name\" content=\"Republika e S\u00ebrbis\u00eb Trupi Koordinues p\u00ebr komunat Bujanoc, Preshev\u00eb dhe Medvegj\u00eb\" \/>\n<meta property=\"article:publisher\" content=\"https:\/\/www.facebook.com\/SluzbaKoordinacionogTelaVladeRepublikeSrbije\" \/>\n<meta property=\"article:published_time\" content=\"2010-09-24T00:00:00+00:00\" \/>\n<meta name=\"author\" content=\"ktmin\" \/>\n<meta name=\"twitter:card\" content=\"summary_large_image\" \/>\n<meta name=\"twitter:creator\" content=\"@kt_gov\" \/>\n<meta name=\"twitter:site\" content=\"@kt_gov\" \/>\n<meta name=\"twitter:label1\" content=\"Written by\" \/>\n\t<meta name=\"twitter:data1\" content=\"ktmin\" \/>\n\t<meta name=\"twitter:label2\" content=\"Est. reading time\" \/>\n\t<meta name=\"twitter:data2\" content=\"2 minutes\" \/>\n<script type=\"application\/ld+json\" class=\"yoast-schema-graph\">{\"@context\":\"https:\\\/\\\/schema.org\",\"@graph\":[{\"@type\":\"Article\",\"@id\":\"https:\\\/\\\/kt.gov.rs\\\/sq\\\/24-shtator-2010-2\\\/#article\",\"isPartOf\":{\"@id\":\"https:\\\/\\\/kt.gov.rs\\\/sq\\\/24-shtator-2010-2\\\/\"},\"author\":{\"name\":\"ktmin\",\"@id\":\"https:\\\/\\\/kt.gov.rs\\\/#\\\/schema\\\/person\\\/e426459ddb4173309103390602694571\"},\"headline\":\"24.shtator 2010.\",\"datePublished\":\"2010-09-24T00:00:00+00:00\",\"mainEntityOfPage\":{\"@id\":\"https:\\\/\\\/kt.gov.rs\\\/sq\\\/24-shtator-2010-2\\\/\"},\"wordCount\":337,\"publisher\":{\"@id\":\"https:\\\/\\\/kt.gov.rs\\\/#organization\"},\"articleSection\":[\"Lajme\"],\"inLanguage\":\"sq-AL\"},{\"@type\":\"WebPage\",\"@id\":\"https:\\\/\\\/kt.gov.rs\\\/sq\\\/24-shtator-2010-2\\\/\",\"url\":\"https:\\\/\\\/kt.gov.rs\\\/sq\\\/24-shtator-2010-2\\\/\",\"name\":\"24.shtator 2010. - Republika e S\u00ebrbis\u00eb Trupi Koordinues p\u00ebr komunat Bujanoc, Preshev\u00eb dhe Medvegj\u00eb\",\"isPartOf\":{\"@id\":\"https:\\\/\\\/kt.gov.rs\\\/#website\"},\"datePublished\":\"2010-09-24T00:00:00+00:00\",\"breadcrumb\":{\"@id\":\"https:\\\/\\\/kt.gov.rs\\\/sq\\\/24-shtator-2010-2\\\/#breadcrumb\"},\"inLanguage\":\"sq-AL\",\"potentialAction\":[{\"@type\":\"ReadAction\",\"target\":[\"https:\\\/\\\/kt.gov.rs\\\/sq\\\/24-shtator-2010-2\\\/\"]}]},{\"@type\":\"BreadcrumbList\",\"@id\":\"https:\\\/\\\/kt.gov.rs\\\/sq\\\/24-shtator-2010-2\\\/#breadcrumb\",\"itemListElement\":[{\"@type\":\"ListItem\",\"position\":1,\"name\":\"Po\u010detna\",\"item\":\"https:\\\/\\\/kt.gov.rs\\\/sq\\\/\"},{\"@type\":\"ListItem\",\"position\":2,\"name\":\"24.shtator 2010.\"}]},{\"@type\":\"WebSite\",\"@id\":\"https:\\\/\\\/kt.gov.rs\\\/#website\",\"url\":\"https:\\\/\\\/kt.gov.rs\\\/\",\"name\":\"Koordinaciono telo Vlade Republike Srbije za op\u0161tine Pre\u0161evo, Bujanovac i Medve\u0111a\",\"description\":\"\",\"publisher\":{\"@id\":\"https:\\\/\\\/kt.gov.rs\\\/#organization\"},\"alternateName\":\"Koordinaciono telo\",\"potentialAction\":[{\"@type\":\"SearchAction\",\"target\":{\"@type\":\"EntryPoint\",\"urlTemplate\":\"https:\\\/\\\/kt.gov.rs\\\/?s={search_term_string}\"},\"query-input\":{\"@type\":\"PropertyValueSpecification\",\"valueRequired\":true,\"valueName\":\"search_term_string\"}}],\"inLanguage\":\"sq-AL\"},{\"@type\":\"Organization\",\"@id\":\"https:\\\/\\\/kt.gov.rs\\\/#organization\",\"name\":\"Koordinaciono telo Vlade Republike Srbije za op\u0161tine Pre\u0161evo, Bujanovac i Medve\u0111a\",\"alternateName\":\"Koordinaciono telo\",\"url\":\"https:\\\/\\\/kt.gov.rs\\\/\",\"logo\":{\"@type\":\"ImageObject\",\"inLanguage\":\"sq-AL\",\"@id\":\"https:\\\/\\\/kt.gov.rs\\\/#\\\/schema\\\/logo\\\/image\\\/\",\"url\":\"https:\\\/\\\/kt.gov.rs\\\/wp-content\\\/uploads\\\/2024\\\/12\\\/koord2.jpg\",\"contentUrl\":\"https:\\\/\\\/kt.gov.rs\\\/wp-content\\\/uploads\\\/2024\\\/12\\\/koord2.jpg\",\"width\":640,\"height\":480,\"caption\":\"Koordinaciono telo Vlade Republike Srbije za op\u0161tine Pre\u0161evo, Bujanovac i Medve\u0111a\"},\"image\":{\"@id\":\"https:\\\/\\\/kt.gov.rs\\\/#\\\/schema\\\/logo\\\/image\\\/\"},\"sameAs\":[\"https:\\\/\\\/www.facebook.com\\\/SluzbaKoordinacionogTelaVladeRepublikeSrbije\",\"https:\\\/\\\/x.com\\\/kt_gov\",\"https:\\\/\\\/www.youtube.com\\\/@koordinacionotelo\"]},{\"@type\":\"Person\",\"@id\":\"https:\\\/\\\/kt.gov.rs\\\/#\\\/schema\\\/person\\\/e426459ddb4173309103390602694571\",\"name\":\"ktmin\",\"image\":{\"@type\":\"ImageObject\",\"inLanguage\":\"sq-AL\",\"@id\":\"https:\\\/\\\/secure.gravatar.com\\\/avatar\\\/3985c961109853010c3fbc7ba30365bfba5db3dd6c525831d9c595c7525a615a?s=96&d=mm&r=g\",\"url\":\"https:\\\/\\\/secure.gravatar.com\\\/avatar\\\/3985c961109853010c3fbc7ba30365bfba5db3dd6c525831d9c595c7525a615a?s=96&d=mm&r=g\",\"contentUrl\":\"https:\\\/\\\/secure.gravatar.com\\\/avatar\\\/3985c961109853010c3fbc7ba30365bfba5db3dd6c525831d9c595c7525a615a?s=96&d=mm&r=g\",\"caption\":\"ktmin\"},\"sameAs\":[\"https:\\\/\\\/kt.gov.rs\"],\"url\":\"https:\\\/\\\/kt.gov.rs\\\/sq\\\/author\\\/ktmin\\\/\"}]}<\/script>\n<!-- \/ Yoast SEO plugin. -->","yoast_head_json":{"title":"24.shtator 2010. - Republika e S\u00ebrbis\u00eb Trupi Koordinues p\u00ebr komunat Bujanoc, Preshev\u00eb dhe Medvegj\u00eb","robots":{"index":"index","follow":"follow","max-snippet":"max-snippet:-1","max-image-preview":"max-image-preview:large","max-video-preview":"max-video-preview:-1"},"canonical":"https:\/\/kt.gov.rs\/sq\/24-shtator-2010-2\/","og_locale":"sq_AL","og_type":"article","og_title":"24.shtator 2010. - Republika e S\u00ebrbis\u00eb Trupi Koordinues p\u00ebr komunat Bujanoc, Preshev\u00eb dhe Medvegj\u00eb","og_description":"Delegacioni i afarist\u00ebve nga Turqia ka vizituar Vranj\u00ebn dhe regjionin e P\u00e7inj\u00ebs Vranj\u00eb \u2013 Afarist\u00ebt nga Turqia jan\u00eb t\u00eb interesuar p\u00ebr investime n\u00eb Serbin\u00eb jugore, \u00ebsht\u00eb th\u00ebn\u00eb gjat\u00eb vizit\u00ebs s\u00eb delegacionit t\u00eb afarist\u00ebve n\u00eb Vranj\u00eb. Delegacioni nga Turqia i udh\u00ebhequr nga kryetari i od\u00ebs ekonomike t\u00eb Stambollit Fikret Tanriverdi ka biseduar me afarist\u00ebt nga Serbija jugore.","og_url":"https:\/\/kt.gov.rs\/sq\/24-shtator-2010-2\/","og_site_name":"Republika e S\u00ebrbis\u00eb Trupi Koordinues p\u00ebr komunat Bujanoc, Preshev\u00eb dhe Medvegj\u00eb","article_publisher":"https:\/\/www.facebook.com\/SluzbaKoordinacionogTelaVladeRepublikeSrbije","article_published_time":"2010-09-24T00:00:00+00:00","author":"ktmin","twitter_card":"summary_large_image","twitter_creator":"@kt_gov","twitter_site":"@kt_gov","twitter_misc":{"Written by":"ktmin","Est. reading time":"2 minutes"},"schema":{"@context":"https:\/\/schema.org","@graph":[{"@type":"Article","@id":"https:\/\/kt.gov.rs\/sq\/24-shtator-2010-2\/#article","isPartOf":{"@id":"https:\/\/kt.gov.rs\/sq\/24-shtator-2010-2\/"},"author":{"name":"ktmin","@id":"https:\/\/kt.gov.rs\/#\/schema\/person\/e426459ddb4173309103390602694571"},"headline":"24.shtator 2010.","datePublished":"2010-09-24T00:00:00+00:00","mainEntityOfPage":{"@id":"https:\/\/kt.gov.rs\/sq\/24-shtator-2010-2\/"},"wordCount":337,"publisher":{"@id":"https:\/\/kt.gov.rs\/#organization"},"articleSection":["Lajme"],"inLanguage":"sq-AL"},{"@type":"WebPage","@id":"https:\/\/kt.gov.rs\/sq\/24-shtator-2010-2\/","url":"https:\/\/kt.gov.rs\/sq\/24-shtator-2010-2\/","name":"24.shtator 2010. - Republika e S\u00ebrbis\u00eb Trupi Koordinues p\u00ebr komunat Bujanoc, Preshev\u00eb dhe Medvegj\u00eb","isPartOf":{"@id":"https:\/\/kt.gov.rs\/#website"},"datePublished":"2010-09-24T00:00:00+00:00","breadcrumb":{"@id":"https:\/\/kt.gov.rs\/sq\/24-shtator-2010-2\/#breadcrumb"},"inLanguage":"sq-AL","potentialAction":[{"@type":"ReadAction","target":["https:\/\/kt.gov.rs\/sq\/24-shtator-2010-2\/"]}]},{"@type":"BreadcrumbList","@id":"https:\/\/kt.gov.rs\/sq\/24-shtator-2010-2\/#breadcrumb","itemListElement":[{"@type":"ListItem","position":1,"name":"Po\u010detna","item":"https:\/\/kt.gov.rs\/sq\/"},{"@type":"ListItem","position":2,"name":"24.shtator 2010."}]},{"@type":"WebSite","@id":"https:\/\/kt.gov.rs\/#website","url":"https:\/\/kt.gov.rs\/","name":"Koordinaciono telo Vlade Republike Srbije za op\u0161tine Pre\u0161evo, Bujanovac i Medve\u0111a","description":"","publisher":{"@id":"https:\/\/kt.gov.rs\/#organization"},"alternateName":"Koordinaciono telo","potentialAction":[{"@type":"SearchAction","target":{"@type":"EntryPoint","urlTemplate":"https:\/\/kt.gov.rs\/?s={search_term_string}"},"query-input":{"@type":"PropertyValueSpecification","valueRequired":true,"valueName":"search_term_string"}}],"inLanguage":"sq-AL"},{"@type":"Organization","@id":"https:\/\/kt.gov.rs\/#organization","name":"Koordinaciono telo Vlade Republike Srbije za op\u0161tine Pre\u0161evo, Bujanovac i Medve\u0111a","alternateName":"Koordinaciono telo","url":"https:\/\/kt.gov.rs\/","logo":{"@type":"ImageObject","inLanguage":"sq-AL","@id":"https:\/\/kt.gov.rs\/#\/schema\/logo\/image\/","url":"https:\/\/kt.gov.rs\/wp-content\/uploads\/2024\/12\/koord2.jpg","contentUrl":"https:\/\/kt.gov.rs\/wp-content\/uploads\/2024\/12\/koord2.jpg","width":640,"height":480,"caption":"Koordinaciono telo Vlade Republike Srbije za op\u0161tine Pre\u0161evo, Bujanovac i Medve\u0111a"},"image":{"@id":"https:\/\/kt.gov.rs\/#\/schema\/logo\/image\/"},"sameAs":["https:\/\/www.facebook.com\/SluzbaKoordinacionogTelaVladeRepublikeSrbije","https:\/\/x.com\/kt_gov","https:\/\/www.youtube.com\/@koordinacionotelo"]},{"@type":"Person","@id":"https:\/\/kt.gov.rs\/#\/schema\/person\/e426459ddb4173309103390602694571","name":"ktmin","image":{"@type":"ImageObject","inLanguage":"sq-AL","@id":"https:\/\/secure.gravatar.com\/avatar\/3985c961109853010c3fbc7ba30365bfba5db3dd6c525831d9c595c7525a615a?s=96&d=mm&r=g","url":"https:\/\/secure.gravatar.com\/avatar\/3985c961109853010c3fbc7ba30365bfba5db3dd6c525831d9c595c7525a615a?s=96&d=mm&r=g","contentUrl":"https:\/\/secure.gravatar.com\/avatar\/3985c961109853010c3fbc7ba30365bfba5db3dd6c525831d9c595c7525a615a?s=96&d=mm&r=g","caption":"ktmin"},"sameAs":["https:\/\/kt.gov.rs"],"url":"https:\/\/kt.gov.rs\/sq\/author\/ktmin\/"}]}},"_links":{"self":[{"href":"https:\/\/kt.gov.rs\/sq\/wp-json\/wp\/v2\/posts\/142583","targetHints":{"allow":["GET"]}}],"collection":[{"href":"https:\/\/kt.gov.rs\/sq\/wp-json\/wp\/v2\/posts"}],"about":[{"href":"https:\/\/kt.gov.rs\/sq\/wp-json\/wp\/v2\/types\/post"}],"author":[{"embeddable":true,"href":"https:\/\/kt.gov.rs\/sq\/wp-json\/wp\/v2\/users\/1"}],"replies":[{"embeddable":true,"href":"https:\/\/kt.gov.rs\/sq\/wp-json\/wp\/v2\/comments?post=142583"}],"version-history":[{"count":0,"href":"https:\/\/kt.gov.rs\/sq\/wp-json\/wp\/v2\/posts\/142583\/revisions"}],"wp:attachment":[{"href":"https:\/\/kt.gov.rs\/sq\/wp-json\/wp\/v2\/media?parent=142583"}],"wp:term":[{"taxonomy":"category","embeddable":true,"href":"https:\/\/kt.gov.rs\/sq\/wp-json\/wp\/v2\/categories?post=142583"},{"taxonomy":"post_tag","embeddable":true,"href":"https:\/\/kt.gov.rs\/sq\/wp-json\/wp\/v2\/tags?post=142583"}],"curies":[{"name":"wp","href":"https:\/\/api.w.org\/{rel}","templated":true}]}}