{"id":142581,"date":"2010-09-24T00:00:00","date_gmt":"2010-09-24T00:00:00","guid":{"rendered":"http:\/\/kt.printandscreen.rs\/24-shtator-2010\/"},"modified":"2010-09-24T00:00:00","modified_gmt":"2010-09-24T00:00:00","slug":"24-shtator-2010","status":"publish","type":"post","link":"https:\/\/kt.gov.rs\/sq\/24-shtator-2010\/","title":{"rendered":"24. shtator, 2010."},"content":{"rendered":"<p><strong>N\u00cb RRETHIN\u00cbN E BUJANOCIT 400 TONELAT\u00cb DUHAN<\/strong><\/p>\n<p>Bujanoc \u2013 N\u00eb rrethin\u00ebn e Bujanocit mblidhen fletat e fundit t\u00eb mbjelljes s\u00eb sivjetme t\u00eb duhanit. Jan\u00eb mbledh\u00eb m\u00eb tep\u00ebr se 400 tonelat\u00eb duhan. Sipas vler\u00ebsimeve t\u00eb para, kualiteti i duhanit \u00ebsht\u00eb shunm\u00eb i lart\u00eb, shum\u00eb m\u00eb i mir\u00eb se sa vitin e kaluar. N\u00eb rretin\u00ebn e Bujanocit edhe k\u00ebt\u00eb vit\u00eb, sikurse\u00a0 edhe n\u00eb disa vitet e kaluara, mbjellet duhani flet\u00ebshkurt\u00ebr i llojit ,,prilep\u2019\u2019 dhe ,,jaka\u2019\u2019. Duhani ,,prilep\u2019\u2019 ka p\u00ebrb\u00ebr\u00eb 80% t\u00eb sip\u00ebrfaqes s\u00eb mbjellur me duhan. ,,Jaka\u2019\u2019 tradicionale e Bujanocit vitet e fundit mbillet n\u00eb nj\u00eb sasi m\u00eb t\u00eb vog\u00ebl se sa n\u00eb periudh\u00ebn e kaluar. K\u00ebt\u00eb vit\u00eb 10% m\u00eb tep\u00ebr bujq\u00eb kan\u00eb mbjell\u00eb nd\u00ebrsa p\u00ebr 20% jan\u00eb rritur sip\u00ebrfaqet e punuara me duhan.<\/p>\n<p>Duhani do t\u00eb grumbullohet duke filluar nga pjesa e dyt\u00eb tetorit. \u00c7mimi i blerjes s\u00eb duhanit sipas t\u00eb gjitha gjasave do t\u00eb jet\u00eb i nivelit t\u00eb vitit t\u00eb kaluar me nj\u00eb \u00e7mim prej p\u00ebraf\u00ebrsisht 2,5 euro p\u00ebr kilogram. Edhe pse autoritetet ende nuk jan\u00eb deklaruar p\u00ebr shpalljen e primeve, kultivuesit e duhanit shpresojn\u00eb se do t\u00eb ket\u00eb premia dhe se ato do t\u00eb jen\u00eb shtet\u00ebrore dhe lokale. Komuna e Bujanocit n\u00eb tri sezonat e fundit stimulon kultivimin e duhanit me permit\u00eb e saj\u00eb t\u00eb cilat i marrin kultivuesit t\u00eb cil\u00ebt i kan\u00eb t\u00eb regjistruar ekonomit\u00eb e tyre bujq\u00ebsore. Deri m\u00eb tani premia ka kapur sum\u00ebn prej 20 dinar\u00eb p\u00ebr kilogram duhani.<\/p>\n","protected":false},"excerpt":{"rendered":"<p>N\u00cb RRETHIN\u00cbN E BUJANOCIT 400 TONELAT\u00cb DUHAN<\/p>\n<p>Bujanoc \u2013 N\u00eb rrethin\u00ebn e Bujanocit mblidhen fletat e fundit t\u00eb mbjelljes  s\u00eb sivjetme t\u00eb duhanit. Jan\u00eb mbledh\u00eb m\u00eb tep\u00ebr se 400 tonelat\u00eb duhan.  Sipas vler\u00ebsimeve t\u00eb para, kualiteti i duhanit \u00ebsht\u00eb shunm\u00eb i lart\u00eb,  shum\u00eb m\u00eb i mir\u00eb se sa vitin e kaluar. N\u00eb rretin\u00ebn e Bujanocit edhe k\u00ebt\u00eb  vit\u00eb, sikurse\u00a0 edhe n\u00eb disa vitet e kaluara, mbjellet duhani  flet\u00ebshkurt\u00ebr i llojit ,,prilep\u2019\u2019 dhe ,,jaka\u2019\u2019.<\/p>\n","protected":false},"author":1,"featured_media":0,"comment_status":"closed","ping_status":"closed","sticky":false,"template":"","format":"standard","meta":{"footnotes":""},"categories":[55],"tags":[],"class_list":["post-142581","post","type-post","status-publish","format-standard","hentry","category-lajme"],"yoast_head":"<!-- This site is optimized with the Yoast SEO plugin v27.5 - https:\/\/yoast.com\/product\/yoast-seo-wordpress\/ -->\n<title>24. shtator, 2010. - Republika e S\u00ebrbis\u00eb Trupi Koordinues p\u00ebr komunat Bujanoc, Preshev\u00eb dhe Medvegj\u00eb<\/title>\n<meta name=\"robots\" content=\"index, follow, max-snippet:-1, max-image-preview:large, max-video-preview:-1\" \/>\n<link rel=\"canonical\" href=\"https:\/\/kt.gov.rs\/sq\/24-shtator-2010\/\" \/>\n<meta property=\"og:locale\" content=\"sq_AL\" \/>\n<meta property=\"og:type\" content=\"article\" \/>\n<meta property=\"og:title\" content=\"24. shtator, 2010. - Republika e S\u00ebrbis\u00eb Trupi Koordinues p\u00ebr komunat Bujanoc, Preshev\u00eb dhe Medvegj\u00eb\" \/>\n<meta property=\"og:description\" content=\"N\u00cb RRETHIN\u00cbN E BUJANOCIT 400 TONELAT\u00cb DUHAN Bujanoc \u2013 N\u00eb rrethin\u00ebn e Bujanocit mblidhen fletat e fundit t\u00eb mbjelljes s\u00eb sivjetme t\u00eb duhanit. Jan\u00eb mbledh\u00eb m\u00eb tep\u00ebr se 400 tonelat\u00eb duhan. Sipas vler\u00ebsimeve t\u00eb para, kualiteti i duhanit \u00ebsht\u00eb shunm\u00eb i lart\u00eb, shum\u00eb m\u00eb i mir\u00eb se sa vitin e kaluar. N\u00eb rretin\u00ebn e Bujanocit edhe k\u00ebt\u00eb vit\u00eb, sikurse\u00a0 edhe n\u00eb disa vitet e kaluara, mbjellet duhani flet\u00ebshkurt\u00ebr i llojit ,,prilep\u2019\u2019 dhe ,,jaka\u2019\u2019.\" \/>\n<meta property=\"og:url\" content=\"https:\/\/kt.gov.rs\/sq\/24-shtator-2010\/\" \/>\n<meta property=\"og:site_name\" content=\"Republika e S\u00ebrbis\u00eb Trupi Koordinues p\u00ebr komunat Bujanoc, Preshev\u00eb dhe Medvegj\u00eb\" \/>\n<meta property=\"article:publisher\" content=\"https:\/\/www.facebook.com\/SluzbaKoordinacionogTelaVladeRepublikeSrbije\" \/>\n<meta property=\"article:published_time\" content=\"2010-09-24T00:00:00+00:00\" \/>\n<meta name=\"author\" content=\"ktmin\" \/>\n<meta name=\"twitter:card\" content=\"summary_large_image\" \/>\n<meta name=\"twitter:creator\" content=\"@kt_gov\" \/>\n<meta name=\"twitter:site\" content=\"@kt_gov\" \/>\n<meta name=\"twitter:label1\" content=\"Written by\" \/>\n\t<meta name=\"twitter:data1\" content=\"ktmin\" \/>\n\t<meta name=\"twitter:label2\" content=\"Est. reading time\" \/>\n\t<meta name=\"twitter:data2\" content=\"1 minute\" \/>\n<script type=\"application\/ld+json\" class=\"yoast-schema-graph\">{\"@context\":\"https:\\\/\\\/schema.org\",\"@graph\":[{\"@type\":\"Article\",\"@id\":\"https:\\\/\\\/kt.gov.rs\\\/sq\\\/24-shtator-2010\\\/#article\",\"isPartOf\":{\"@id\":\"https:\\\/\\\/kt.gov.rs\\\/sq\\\/24-shtator-2010\\\/\"},\"author\":{\"name\":\"ktmin\",\"@id\":\"https:\\\/\\\/kt.gov.rs\\\/#\\\/schema\\\/person\\\/e426459ddb4173309103390602694571\"},\"headline\":\"24. shtator, 2010.\",\"datePublished\":\"2010-09-24T00:00:00+00:00\",\"mainEntityOfPage\":{\"@id\":\"https:\\\/\\\/kt.gov.rs\\\/sq\\\/24-shtator-2010\\\/\"},\"wordCount\":263,\"publisher\":{\"@id\":\"https:\\\/\\\/kt.gov.rs\\\/#organization\"},\"articleSection\":[\"Lajme\"],\"inLanguage\":\"sq-AL\"},{\"@type\":\"WebPage\",\"@id\":\"https:\\\/\\\/kt.gov.rs\\\/sq\\\/24-shtator-2010\\\/\",\"url\":\"https:\\\/\\\/kt.gov.rs\\\/sq\\\/24-shtator-2010\\\/\",\"name\":\"24. shtator, 2010. - Republika e S\u00ebrbis\u00eb Trupi Koordinues p\u00ebr komunat Bujanoc, Preshev\u00eb dhe Medvegj\u00eb\",\"isPartOf\":{\"@id\":\"https:\\\/\\\/kt.gov.rs\\\/#website\"},\"datePublished\":\"2010-09-24T00:00:00+00:00\",\"breadcrumb\":{\"@id\":\"https:\\\/\\\/kt.gov.rs\\\/sq\\\/24-shtator-2010\\\/#breadcrumb\"},\"inLanguage\":\"sq-AL\",\"potentialAction\":[{\"@type\":\"ReadAction\",\"target\":[\"https:\\\/\\\/kt.gov.rs\\\/sq\\\/24-shtator-2010\\\/\"]}]},{\"@type\":\"BreadcrumbList\",\"@id\":\"https:\\\/\\\/kt.gov.rs\\\/sq\\\/24-shtator-2010\\\/#breadcrumb\",\"itemListElement\":[{\"@type\":\"ListItem\",\"position\":1,\"name\":\"Po\u010detna\",\"item\":\"https:\\\/\\\/kt.gov.rs\\\/sq\\\/\"},{\"@type\":\"ListItem\",\"position\":2,\"name\":\"24. shtator, 2010.\"}]},{\"@type\":\"WebSite\",\"@id\":\"https:\\\/\\\/kt.gov.rs\\\/#website\",\"url\":\"https:\\\/\\\/kt.gov.rs\\\/\",\"name\":\"Koordinaciono telo Vlade Republike Srbije za op\u0161tine Pre\u0161evo, Bujanovac i Medve\u0111a\",\"description\":\"\",\"publisher\":{\"@id\":\"https:\\\/\\\/kt.gov.rs\\\/#organization\"},\"alternateName\":\"Koordinaciono telo\",\"potentialAction\":[{\"@type\":\"SearchAction\",\"target\":{\"@type\":\"EntryPoint\",\"urlTemplate\":\"https:\\\/\\\/kt.gov.rs\\\/?s={search_term_string}\"},\"query-input\":{\"@type\":\"PropertyValueSpecification\",\"valueRequired\":true,\"valueName\":\"search_term_string\"}}],\"inLanguage\":\"sq-AL\"},{\"@type\":\"Organization\",\"@id\":\"https:\\\/\\\/kt.gov.rs\\\/#organization\",\"name\":\"Koordinaciono telo Vlade Republike Srbije za op\u0161tine Pre\u0161evo, Bujanovac i Medve\u0111a\",\"alternateName\":\"Koordinaciono telo\",\"url\":\"https:\\\/\\\/kt.gov.rs\\\/\",\"logo\":{\"@type\":\"ImageObject\",\"inLanguage\":\"sq-AL\",\"@id\":\"https:\\\/\\\/kt.gov.rs\\\/#\\\/schema\\\/logo\\\/image\\\/\",\"url\":\"https:\\\/\\\/kt.gov.rs\\\/wp-content\\\/uploads\\\/2024\\\/12\\\/koord2.jpg\",\"contentUrl\":\"https:\\\/\\\/kt.gov.rs\\\/wp-content\\\/uploads\\\/2024\\\/12\\\/koord2.jpg\",\"width\":640,\"height\":480,\"caption\":\"Koordinaciono telo Vlade Republike Srbije za op\u0161tine Pre\u0161evo, Bujanovac i Medve\u0111a\"},\"image\":{\"@id\":\"https:\\\/\\\/kt.gov.rs\\\/#\\\/schema\\\/logo\\\/image\\\/\"},\"sameAs\":[\"https:\\\/\\\/www.facebook.com\\\/SluzbaKoordinacionogTelaVladeRepublikeSrbije\",\"https:\\\/\\\/x.com\\\/kt_gov\",\"https:\\\/\\\/www.youtube.com\\\/@koordinacionotelo\"]},{\"@type\":\"Person\",\"@id\":\"https:\\\/\\\/kt.gov.rs\\\/#\\\/schema\\\/person\\\/e426459ddb4173309103390602694571\",\"name\":\"ktmin\",\"image\":{\"@type\":\"ImageObject\",\"inLanguage\":\"sq-AL\",\"@id\":\"https:\\\/\\\/secure.gravatar.com\\\/avatar\\\/3985c961109853010c3fbc7ba30365bfba5db3dd6c525831d9c595c7525a615a?s=96&d=mm&r=g\",\"url\":\"https:\\\/\\\/secure.gravatar.com\\\/avatar\\\/3985c961109853010c3fbc7ba30365bfba5db3dd6c525831d9c595c7525a615a?s=96&d=mm&r=g\",\"contentUrl\":\"https:\\\/\\\/secure.gravatar.com\\\/avatar\\\/3985c961109853010c3fbc7ba30365bfba5db3dd6c525831d9c595c7525a615a?s=96&d=mm&r=g\",\"caption\":\"ktmin\"},\"sameAs\":[\"https:\\\/\\\/kt.gov.rs\"],\"url\":\"https:\\\/\\\/kt.gov.rs\\\/sq\\\/author\\\/ktmin\\\/\"}]}<\/script>\n<!-- \/ Yoast SEO plugin. -->","yoast_head_json":{"title":"24. shtator, 2010. - Republika e S\u00ebrbis\u00eb Trupi Koordinues p\u00ebr komunat Bujanoc, Preshev\u00eb dhe Medvegj\u00eb","robots":{"index":"index","follow":"follow","max-snippet":"max-snippet:-1","max-image-preview":"max-image-preview:large","max-video-preview":"max-video-preview:-1"},"canonical":"https:\/\/kt.gov.rs\/sq\/24-shtator-2010\/","og_locale":"sq_AL","og_type":"article","og_title":"24. shtator, 2010. - Republika e S\u00ebrbis\u00eb Trupi Koordinues p\u00ebr komunat Bujanoc, Preshev\u00eb dhe Medvegj\u00eb","og_description":"N\u00cb RRETHIN\u00cbN E BUJANOCIT 400 TONELAT\u00cb DUHAN Bujanoc \u2013 N\u00eb rrethin\u00ebn e Bujanocit mblidhen fletat e fundit t\u00eb mbjelljes s\u00eb sivjetme t\u00eb duhanit. Jan\u00eb mbledh\u00eb m\u00eb tep\u00ebr se 400 tonelat\u00eb duhan. Sipas vler\u00ebsimeve t\u00eb para, kualiteti i duhanit \u00ebsht\u00eb shunm\u00eb i lart\u00eb, shum\u00eb m\u00eb i mir\u00eb se sa vitin e kaluar. N\u00eb rretin\u00ebn e Bujanocit edhe k\u00ebt\u00eb vit\u00eb, sikurse\u00a0 edhe n\u00eb disa vitet e kaluara, mbjellet duhani flet\u00ebshkurt\u00ebr i llojit ,,prilep\u2019\u2019 dhe ,,jaka\u2019\u2019.","og_url":"https:\/\/kt.gov.rs\/sq\/24-shtator-2010\/","og_site_name":"Republika e S\u00ebrbis\u00eb Trupi Koordinues p\u00ebr komunat Bujanoc, Preshev\u00eb dhe Medvegj\u00eb","article_publisher":"https:\/\/www.facebook.com\/SluzbaKoordinacionogTelaVladeRepublikeSrbije","article_published_time":"2010-09-24T00:00:00+00:00","author":"ktmin","twitter_card":"summary_large_image","twitter_creator":"@kt_gov","twitter_site":"@kt_gov","twitter_misc":{"Written by":"ktmin","Est. reading time":"1 minute"},"schema":{"@context":"https:\/\/schema.org","@graph":[{"@type":"Article","@id":"https:\/\/kt.gov.rs\/sq\/24-shtator-2010\/#article","isPartOf":{"@id":"https:\/\/kt.gov.rs\/sq\/24-shtator-2010\/"},"author":{"name":"ktmin","@id":"https:\/\/kt.gov.rs\/#\/schema\/person\/e426459ddb4173309103390602694571"},"headline":"24. shtator, 2010.","datePublished":"2010-09-24T00:00:00+00:00","mainEntityOfPage":{"@id":"https:\/\/kt.gov.rs\/sq\/24-shtator-2010\/"},"wordCount":263,"publisher":{"@id":"https:\/\/kt.gov.rs\/#organization"},"articleSection":["Lajme"],"inLanguage":"sq-AL"},{"@type":"WebPage","@id":"https:\/\/kt.gov.rs\/sq\/24-shtator-2010\/","url":"https:\/\/kt.gov.rs\/sq\/24-shtator-2010\/","name":"24. shtator, 2010. - Republika e S\u00ebrbis\u00eb Trupi Koordinues p\u00ebr komunat Bujanoc, Preshev\u00eb dhe Medvegj\u00eb","isPartOf":{"@id":"https:\/\/kt.gov.rs\/#website"},"datePublished":"2010-09-24T00:00:00+00:00","breadcrumb":{"@id":"https:\/\/kt.gov.rs\/sq\/24-shtator-2010\/#breadcrumb"},"inLanguage":"sq-AL","potentialAction":[{"@type":"ReadAction","target":["https:\/\/kt.gov.rs\/sq\/24-shtator-2010\/"]}]},{"@type":"BreadcrumbList","@id":"https:\/\/kt.gov.rs\/sq\/24-shtator-2010\/#breadcrumb","itemListElement":[{"@type":"ListItem","position":1,"name":"Po\u010detna","item":"https:\/\/kt.gov.rs\/sq\/"},{"@type":"ListItem","position":2,"name":"24. shtator, 2010."}]},{"@type":"WebSite","@id":"https:\/\/kt.gov.rs\/#website","url":"https:\/\/kt.gov.rs\/","name":"Koordinaciono telo Vlade Republike Srbije za op\u0161tine Pre\u0161evo, Bujanovac i Medve\u0111a","description":"","publisher":{"@id":"https:\/\/kt.gov.rs\/#organization"},"alternateName":"Koordinaciono telo","potentialAction":[{"@type":"SearchAction","target":{"@type":"EntryPoint","urlTemplate":"https:\/\/kt.gov.rs\/?s={search_term_string}"},"query-input":{"@type":"PropertyValueSpecification","valueRequired":true,"valueName":"search_term_string"}}],"inLanguage":"sq-AL"},{"@type":"Organization","@id":"https:\/\/kt.gov.rs\/#organization","name":"Koordinaciono telo Vlade Republike Srbije za op\u0161tine Pre\u0161evo, Bujanovac i Medve\u0111a","alternateName":"Koordinaciono telo","url":"https:\/\/kt.gov.rs\/","logo":{"@type":"ImageObject","inLanguage":"sq-AL","@id":"https:\/\/kt.gov.rs\/#\/schema\/logo\/image\/","url":"https:\/\/kt.gov.rs\/wp-content\/uploads\/2024\/12\/koord2.jpg","contentUrl":"https:\/\/kt.gov.rs\/wp-content\/uploads\/2024\/12\/koord2.jpg","width":640,"height":480,"caption":"Koordinaciono telo Vlade Republike Srbije za op\u0161tine Pre\u0161evo, Bujanovac i Medve\u0111a"},"image":{"@id":"https:\/\/kt.gov.rs\/#\/schema\/logo\/image\/"},"sameAs":["https:\/\/www.facebook.com\/SluzbaKoordinacionogTelaVladeRepublikeSrbije","https:\/\/x.com\/kt_gov","https:\/\/www.youtube.com\/@koordinacionotelo"]},{"@type":"Person","@id":"https:\/\/kt.gov.rs\/#\/schema\/person\/e426459ddb4173309103390602694571","name":"ktmin","image":{"@type":"ImageObject","inLanguage":"sq-AL","@id":"https:\/\/secure.gravatar.com\/avatar\/3985c961109853010c3fbc7ba30365bfba5db3dd6c525831d9c595c7525a615a?s=96&d=mm&r=g","url":"https:\/\/secure.gravatar.com\/avatar\/3985c961109853010c3fbc7ba30365bfba5db3dd6c525831d9c595c7525a615a?s=96&d=mm&r=g","contentUrl":"https:\/\/secure.gravatar.com\/avatar\/3985c961109853010c3fbc7ba30365bfba5db3dd6c525831d9c595c7525a615a?s=96&d=mm&r=g","caption":"ktmin"},"sameAs":["https:\/\/kt.gov.rs"],"url":"https:\/\/kt.gov.rs\/sq\/author\/ktmin\/"}]}},"_links":{"self":[{"href":"https:\/\/kt.gov.rs\/sq\/wp-json\/wp\/v2\/posts\/142581","targetHints":{"allow":["GET"]}}],"collection":[{"href":"https:\/\/kt.gov.rs\/sq\/wp-json\/wp\/v2\/posts"}],"about":[{"href":"https:\/\/kt.gov.rs\/sq\/wp-json\/wp\/v2\/types\/post"}],"author":[{"embeddable":true,"href":"https:\/\/kt.gov.rs\/sq\/wp-json\/wp\/v2\/users\/1"}],"replies":[{"embeddable":true,"href":"https:\/\/kt.gov.rs\/sq\/wp-json\/wp\/v2\/comments?post=142581"}],"version-history":[{"count":0,"href":"https:\/\/kt.gov.rs\/sq\/wp-json\/wp\/v2\/posts\/142581\/revisions"}],"wp:attachment":[{"href":"https:\/\/kt.gov.rs\/sq\/wp-json\/wp\/v2\/media?parent=142581"}],"wp:term":[{"taxonomy":"category","embeddable":true,"href":"https:\/\/kt.gov.rs\/sq\/wp-json\/wp\/v2\/categories?post=142581"},{"taxonomy":"post_tag","embeddable":true,"href":"https:\/\/kt.gov.rs\/sq\/wp-json\/wp\/v2\/tags?post=142581"}],"curies":[{"name":"wp","href":"https:\/\/api.w.org\/{rel}","templated":true}]}}