{"id":142580,"date":"2010-09-29T00:00:00","date_gmt":"2010-09-29T00:00:00","guid":{"rendered":"http:\/\/kt.printandscreen.rs\/29-9-2010\/"},"modified":"2010-09-29T00:00:00","modified_gmt":"2010-09-29T00:00:00","slug":"29-9-2010","status":"publish","type":"post","link":"https:\/\/kt.gov.rs\/sq\/29-9-2010\/","title":{"rendered":"29.9.2010"},"content":{"rendered":"<p><strong>AEROPORTI SI PANO REKLAMASH <\/strong><\/p>\n<p>Panot reklanuese t\u00eb Bujanocit, Vranj\u00ebs, Leskocit, Pirotit, Kragujevcit, Loznic\u00ebs, Ingjij\u00ebs dhe Subotic\u00ebs prej dit\u00ebs s\u00eb djeshme presin udh\u00ebtar\u00ebt n\u00eb aeroportin ,,Nikolla Teslla\u2019\u2019 n\u00eb Beograd me ide q\u00eb t\u00eb promovohen si mjedise p\u00ebr investime t\u00eb volitshme.<\/p>\n<p>Vranja t\u00ebrheq v\u00ebmendjen si vend industrial p\u00ebr prodhimin e mobileve me programin ,,T\u00eb inspiruar nga natyra\u2019\u2019, Bujanoci p\u00ebrkujton se atje gjenden burimet e ujit mineral me reklam\u00ebn ,,Rasti i fresk\u00ebt p\u00ebr afariz\u00ebm\u2019\u2019. Piroti me reklam\u00ebn ,,Jeni n\u00eb rrug\u00eb t\u00eb drejt\u00eb\u2019\u2019, ku n\u00eb plan t\u00eb par\u00eb v\u00ebhen ,,Tigar\u2019\u2019 gomat sipas s\u00eb cil\u00ebs njihet Piroti. Loznica paraqitet si mjedis frutash me reklam\u00ebn ,,Investime fryt\u00ebdh\u00ebn\u00ebse\u2019\u2019. Leskoci \u00ebsht\u00eb i njohur p\u00ebrmes fabrik\u00ebs s\u00eb barnave ,, Zdravlje\u2013\u0410ktavis\u201d, dhe reklamohet me ,,Afariz\u00ebm i sh\u00ebndosh\u00eb\u2019\u2019. Subotica d\u00ebshiron t\u00eb paraqitet si mjedis ku jan\u00eb t\u00eb mir\u00ebseardhura inovacionet, nd\u00ebrsa n\u00eb reklam\u00ebn e Kragujevcit shpejt\u00ebsimbat\u00ebsi duke reklamuar se ky qytet \u00ebsht\u00eb n\u00eb ,,Shpejt\u00ebsin\u00eb e pest\u00eb\u2019\u2019 kur \u00ebsht\u00eb fjala p\u00ebr investime (asociimi p\u00ebr ,,Fiat-in\u2019\u2019). Ingjija reklamohet me ,,Nd\u00ebrtohu\u2019\u2019.<\/p>\n<p>K\u00ebt\u00eb fushat\u00eb e udh\u00ebheq Aleanca Komb\u00ebtare p\u00ebr Zhvillim Ekonomik Lokal (NALED). Q\u00ebllimi i k\u00ebsaj \u00ebsht\u00eb q\u00eb n\u00eb tet\u00eb qytetet t\u00eb cil\u00ebt kan\u00eb marr\u00eb certifikat\u00ebn si mjedise me kushte t\u00eb volitshme p\u00ebr afariz\u00ebm t\u00eb reklamohen n\u00eb at\u00eb l\u00ebmi sipas t\u00eb cilave dallohen.<\/p>\n<p>\u00cbsht\u00eb n\u00eb plan q\u00eb panot ku jan\u00eb t\u00eb paraqitura t\u00eb dh\u00ebnat kryesore p\u00ebr komunat, t\u00eb vendosen edhe n\u00eb aeroportin ,,Konstantin Veliki\u2019\u2019 n\u00eb Nish p\u00ebr arsye se aeroportet jan\u00eb\u00a0 vende me shum\u00eb udh\u00ebtar\u00eb nga t\u00eb gjitha vendet e bot\u00ebs dhe p\u00ebr ate jan\u00eb ideale p\u00ebr promovimin e e potencialit ekonomik. Planifikohet q\u00eb k\u00ebto reklama t\u00eb vendosen edhe n\u00eb stacionet hekurudhore dhe stacionet e autobusave.<\/p>\n<p>Vladimir \u00c7upiq, kryetari i k\u00ebshillit drejtues t\u00eb NALED-it, n\u00eb fushat\u00ebn e djeshme promovuese tha se Serbija ka mjedise t\u00eb volitshme p\u00ebr afariz\u00ebm duke shtuar se kjo \u00ebsht\u00eb merit\u00eb e ,,njer\u00ebzve t\u00eb vysh\u00ebm t\u00eb komunave por edhe t\u00eb partner\u00ebve t\u00eb tyre\u2019\u2019.<\/p>\n<p>Ai rikujtoi se tet\u00eb komunat e sertifikuara i p\u00ebrmbushin standardet t\u00eb cilat garantojn\u00eb se investitor\u00ebt potencial do t\u00eb marrin sh\u00ebrbimet dhe informatat t\u00eb cilat do t\u2019u leht\u00ebsojn\u00eb pun\u00ebn dhe aktivitetet t\u00eb cilat u p\u00ebrkasin pushteteve lokale.<\/p>\n<p>,,Gjithnj\u00eb e m\u00eb tep\u00ebr pushtete lokale po e kuptojn\u00eb se n\u00eb kushtet e rritjes s\u00eb konkurenc\u00ebs nuk mund\u00eb t\u00eb presin vet\u00ebm ndihm\u00ebn e pushtetit qendror\u00eb por q\u00eb patjet\u00ebr edhe vet\u00eb duhet q\u00eb t\u00eb sigurojn\u00eb t\u00ebrheqjen e investitor\u00ebve\u2019\u2019, deklaroi \u00c7upiq.<\/p>\n<p>Sa i p\u00ebrket ndihm\u00ebs s\u00eb shtetit p\u00ebr t\u00ebrheqjen e investitor\u00ebve, Ministria e ekonomis\u00eb jep stimulime p\u00ebr pun\u00ebsim si dhe leht\u00ebsime tatimore, e kjo \u00ebsht\u00eb e pamundur t\u00eb arrihet pa bashk\u00ebpunim partneriteti me pushtetet lokale.<\/p>\n","protected":false},"excerpt":{"rendered":"<p>AEROPORTI SI PANO REKLAMASH <\/p>\n<p>Panot reklanuese t\u00eb  Bujanocit, Vranj\u00ebs, Leskocit, Pirotit, Kragujevcit, Loznic\u00ebs, Ingjij\u00ebs  dhe Subotic\u00ebs prej dit\u00ebs s\u00eb djeshme presin udh\u00ebtar\u00ebt n\u00eb aeroportin  ,,Nikolla Teslla\u2019\u2019 n\u00eb Beograd me ide q\u00eb t\u00eb promovohen si mjedise p\u00ebr  investime t\u00eb volitshme.<\/p>\n","protected":false},"author":1,"featured_media":0,"comment_status":"closed","ping_status":"closed","sticky":false,"template":"","format":"standard","meta":{"footnotes":""},"categories":[55],"tags":[],"class_list":["post-142580","post","type-post","status-publish","format-standard","hentry","category-lajme"],"yoast_head":"<!-- This site is optimized with the Yoast SEO plugin v27.5 - https:\/\/yoast.com\/product\/yoast-seo-wordpress\/ -->\n<title>29.9.2010 - Republika e S\u00ebrbis\u00eb Trupi Koordinues p\u00ebr komunat Bujanoc, Preshev\u00eb dhe Medvegj\u00eb<\/title>\n<meta name=\"robots\" content=\"index, follow, max-snippet:-1, max-image-preview:large, max-video-preview:-1\" \/>\n<link rel=\"canonical\" href=\"https:\/\/kt.gov.rs\/sq\/29-9-2010\/\" \/>\n<meta property=\"og:locale\" content=\"sq_AL\" \/>\n<meta property=\"og:type\" content=\"article\" \/>\n<meta property=\"og:title\" content=\"29.9.2010 - Republika e S\u00ebrbis\u00eb Trupi Koordinues p\u00ebr komunat Bujanoc, Preshev\u00eb dhe Medvegj\u00eb\" \/>\n<meta property=\"og:description\" content=\"AEROPORTI SI PANO REKLAMASH  Panot reklanuese t\u00eb Bujanocit, Vranj\u00ebs, Leskocit, Pirotit, Kragujevcit, Loznic\u00ebs, Ingjij\u00ebs dhe Subotic\u00ebs prej dit\u00ebs s\u00eb djeshme presin udh\u00ebtar\u00ebt n\u00eb aeroportin ,,Nikolla Teslla\u2019\u2019 n\u00eb Beograd me ide q\u00eb t\u00eb promovohen si mjedise p\u00ebr investime t\u00eb volitshme.\" \/>\n<meta property=\"og:url\" content=\"https:\/\/kt.gov.rs\/sq\/29-9-2010\/\" \/>\n<meta property=\"og:site_name\" content=\"Republika e S\u00ebrbis\u00eb Trupi Koordinues p\u00ebr komunat Bujanoc, Preshev\u00eb dhe Medvegj\u00eb\" \/>\n<meta property=\"article:publisher\" content=\"https:\/\/www.facebook.com\/SluzbaKoordinacionogTelaVladeRepublikeSrbije\" \/>\n<meta property=\"article:published_time\" content=\"2010-09-29T00:00:00+00:00\" \/>\n<meta name=\"author\" content=\"ktmin\" \/>\n<meta name=\"twitter:card\" content=\"summary_large_image\" \/>\n<meta name=\"twitter:creator\" content=\"@kt_gov\" \/>\n<meta name=\"twitter:site\" content=\"@kt_gov\" \/>\n<meta name=\"twitter:label1\" content=\"Written by\" \/>\n\t<meta name=\"twitter:data1\" content=\"ktmin\" \/>\n\t<meta name=\"twitter:label2\" content=\"Est. reading time\" \/>\n\t<meta name=\"twitter:data2\" content=\"3 minutes\" \/>\n<script type=\"application\/ld+json\" class=\"yoast-schema-graph\">{\"@context\":\"https:\\\/\\\/schema.org\",\"@graph\":[{\"@type\":\"Article\",\"@id\":\"https:\\\/\\\/kt.gov.rs\\\/sq\\\/29-9-2010\\\/#article\",\"isPartOf\":{\"@id\":\"https:\\\/\\\/kt.gov.rs\\\/sq\\\/29-9-2010\\\/\"},\"author\":{\"name\":\"ktmin\",\"@id\":\"https:\\\/\\\/kt.gov.rs\\\/#\\\/schema\\\/person\\\/e426459ddb4173309103390602694571\"},\"headline\":\"29.9.2010\",\"datePublished\":\"2010-09-29T00:00:00+00:00\",\"mainEntityOfPage\":{\"@id\":\"https:\\\/\\\/kt.gov.rs\\\/sq\\\/29-9-2010\\\/\"},\"wordCount\":525,\"publisher\":{\"@id\":\"https:\\\/\\\/kt.gov.rs\\\/#organization\"},\"articleSection\":[\"Lajme\"],\"inLanguage\":\"sq-AL\"},{\"@type\":\"WebPage\",\"@id\":\"https:\\\/\\\/kt.gov.rs\\\/sq\\\/29-9-2010\\\/\",\"url\":\"https:\\\/\\\/kt.gov.rs\\\/sq\\\/29-9-2010\\\/\",\"name\":\"29.9.2010 - Republika e S\u00ebrbis\u00eb Trupi Koordinues p\u00ebr komunat Bujanoc, Preshev\u00eb dhe Medvegj\u00eb\",\"isPartOf\":{\"@id\":\"https:\\\/\\\/kt.gov.rs\\\/#website\"},\"datePublished\":\"2010-09-29T00:00:00+00:00\",\"breadcrumb\":{\"@id\":\"https:\\\/\\\/kt.gov.rs\\\/sq\\\/29-9-2010\\\/#breadcrumb\"},\"inLanguage\":\"sq-AL\",\"potentialAction\":[{\"@type\":\"ReadAction\",\"target\":[\"https:\\\/\\\/kt.gov.rs\\\/sq\\\/29-9-2010\\\/\"]}]},{\"@type\":\"BreadcrumbList\",\"@id\":\"https:\\\/\\\/kt.gov.rs\\\/sq\\\/29-9-2010\\\/#breadcrumb\",\"itemListElement\":[{\"@type\":\"ListItem\",\"position\":1,\"name\":\"\u041f\u043e\u0447\u0435\u0442\u043d\u0430\",\"item\":\"https:\\\/\\\/kt.gov.rs\\\/sq\\\/\"},{\"@type\":\"ListItem\",\"position\":2,\"name\":\"29.9.2010\"}]},{\"@type\":\"WebSite\",\"@id\":\"https:\\\/\\\/kt.gov.rs\\\/#website\",\"url\":\"https:\\\/\\\/kt.gov.rs\\\/\",\"name\":\"\u041a\u043e\u043e\u0440\u0434\u0438\u043d\u0430\u0446\u0438\u043e\u043d\u043e \u0442\u0435\u043b\u043e \u0412\u043b\u0430\u0434\u0435 \u0420\u0435\u043f\u0443\u0431\u043b\u0438\u043a\u0435 \u0421\u0440\u0431\u0438\u0458\u0435 \u0437\u0430 \u043e\u043f\u0448\u0442\u0438\u043d\u0435 \u041f\u0440\u0435\u0448\u0435\u0432\u043e, \u0411\u0443\u0458\u0430\u043d\u043e\u0432\u0430\u0446 \u0438 \u041c\u0435\u0434\u0432\u0435\u0452a\",\"description\":\"\",\"publisher\":{\"@id\":\"https:\\\/\\\/kt.gov.rs\\\/#organization\"},\"alternateName\":\"\u041a\u043e\u043e\u0440\u0434\u0438\u043d\u0430\u0446\u0438\u043e\u043d\u043e \u0442\u0435\u043b\u043e\",\"potentialAction\":[{\"@type\":\"SearchAction\",\"target\":{\"@type\":\"EntryPoint\",\"urlTemplate\":\"https:\\\/\\\/kt.gov.rs\\\/?s={search_term_string}\"},\"query-input\":{\"@type\":\"PropertyValueSpecification\",\"valueRequired\":true,\"valueName\":\"search_term_string\"}}],\"inLanguage\":\"sq-AL\"},{\"@type\":\"Organization\",\"@id\":\"https:\\\/\\\/kt.gov.rs\\\/#organization\",\"name\":\"\u041a\u043e\u043e\u0440\u0434\u0438\u043d\u0430\u0446\u0438\u043e\u043d\u043e \u0442\u0435\u043b\u043e \u0412\u043b\u0430\u0434\u0435 \u0420\u0435\u043f\u0443\u0431\u043b\u0438\u043a\u0435 \u0421\u0440\u0431\u0438\u0458\u0435 \u0437\u0430 \u043e\u043f\u0448\u0442\u0438\u043d\u0435 \u041f\u0440\u0435\u0448\u0435\u0432\u043e, \u0411\u0443\u0458\u0430\u043d\u043e\u0432\u0430\u0446 \u0438 \u041c\u0435\u0434\u0432\u0435\u0452a\",\"alternateName\":\"\u041a\u043e\u043e\u0440\u0434\u0438\u043d\u0430\u0446\u0438\u043e\u043d\u043e \u0442\u0435\u043b\u043e\",\"url\":\"https:\\\/\\\/kt.gov.rs\\\/\",\"logo\":{\"@type\":\"ImageObject\",\"inLanguage\":\"sq-AL\",\"@id\":\"https:\\\/\\\/kt.gov.rs\\\/#\\\/schema\\\/logo\\\/image\\\/\",\"url\":\"https:\\\/\\\/kt.gov.rs\\\/wp-content\\\/uploads\\\/2024\\\/12\\\/koord2.jpg\",\"contentUrl\":\"https:\\\/\\\/kt.gov.rs\\\/wp-content\\\/uploads\\\/2024\\\/12\\\/koord2.jpg\",\"width\":640,\"height\":480,\"caption\":\"\u041a\u043e\u043e\u0440\u0434\u0438\u043d\u0430\u0446\u0438\u043e\u043d\u043e \u0442\u0435\u043b\u043e \u0412\u043b\u0430\u0434\u0435 \u0420\u0435\u043f\u0443\u0431\u043b\u0438\u043a\u0435 \u0421\u0440\u0431\u0438\u0458\u0435 \u0437\u0430 \u043e\u043f\u0448\u0442\u0438\u043d\u0435 \u041f\u0440\u0435\u0448\u0435\u0432\u043e, \u0411\u0443\u0458\u0430\u043d\u043e\u0432\u0430\u0446 \u0438 \u041c\u0435\u0434\u0432\u0435\u0452a\"},\"image\":{\"@id\":\"https:\\\/\\\/kt.gov.rs\\\/#\\\/schema\\\/logo\\\/image\\\/\"},\"sameAs\":[\"https:\\\/\\\/www.facebook.com\\\/SluzbaKoordinacionogTelaVladeRepublikeSrbije\",\"https:\\\/\\\/x.com\\\/kt_gov\",\"https:\\\/\\\/www.youtube.com\\\/@koordinacionotelo\"]},{\"@type\":\"Person\",\"@id\":\"https:\\\/\\\/kt.gov.rs\\\/#\\\/schema\\\/person\\\/e426459ddb4173309103390602694571\",\"name\":\"ktmin\",\"image\":{\"@type\":\"ImageObject\",\"inLanguage\":\"sq-AL\",\"@id\":\"https:\\\/\\\/secure.gravatar.com\\\/avatar\\\/3985c961109853010c3fbc7ba30365bfba5db3dd6c525831d9c595c7525a615a?s=96&d=mm&r=g\",\"url\":\"https:\\\/\\\/secure.gravatar.com\\\/avatar\\\/3985c961109853010c3fbc7ba30365bfba5db3dd6c525831d9c595c7525a615a?s=96&d=mm&r=g\",\"contentUrl\":\"https:\\\/\\\/secure.gravatar.com\\\/avatar\\\/3985c961109853010c3fbc7ba30365bfba5db3dd6c525831d9c595c7525a615a?s=96&d=mm&r=g\",\"caption\":\"ktmin\"},\"sameAs\":[\"https:\\\/\\\/kt.gov.rs\"],\"url\":\"https:\\\/\\\/kt.gov.rs\\\/sq\\\/author\\\/ktmin\\\/\"}]}<\/script>\n<!-- \/ Yoast SEO plugin. -->","yoast_head_json":{"title":"29.9.2010 - Republika e S\u00ebrbis\u00eb Trupi Koordinues p\u00ebr komunat Bujanoc, Preshev\u00eb dhe Medvegj\u00eb","robots":{"index":"index","follow":"follow","max-snippet":"max-snippet:-1","max-image-preview":"max-image-preview:large","max-video-preview":"max-video-preview:-1"},"canonical":"https:\/\/kt.gov.rs\/sq\/29-9-2010\/","og_locale":"sq_AL","og_type":"article","og_title":"29.9.2010 - Republika e S\u00ebrbis\u00eb Trupi Koordinues p\u00ebr komunat Bujanoc, Preshev\u00eb dhe Medvegj\u00eb","og_description":"AEROPORTI SI PANO REKLAMASH  Panot reklanuese t\u00eb Bujanocit, Vranj\u00ebs, Leskocit, Pirotit, Kragujevcit, Loznic\u00ebs, Ingjij\u00ebs dhe Subotic\u00ebs prej dit\u00ebs s\u00eb djeshme presin udh\u00ebtar\u00ebt n\u00eb aeroportin ,,Nikolla Teslla\u2019\u2019 n\u00eb Beograd me ide q\u00eb t\u00eb promovohen si mjedise p\u00ebr investime t\u00eb volitshme.","og_url":"https:\/\/kt.gov.rs\/sq\/29-9-2010\/","og_site_name":"Republika e S\u00ebrbis\u00eb Trupi Koordinues p\u00ebr komunat Bujanoc, Preshev\u00eb dhe Medvegj\u00eb","article_publisher":"https:\/\/www.facebook.com\/SluzbaKoordinacionogTelaVladeRepublikeSrbije","article_published_time":"2010-09-29T00:00:00+00:00","author":"ktmin","twitter_card":"summary_large_image","twitter_creator":"@kt_gov","twitter_site":"@kt_gov","twitter_misc":{"Written by":"ktmin","Est. reading time":"3 minutes"},"schema":{"@context":"https:\/\/schema.org","@graph":[{"@type":"Article","@id":"https:\/\/kt.gov.rs\/sq\/29-9-2010\/#article","isPartOf":{"@id":"https:\/\/kt.gov.rs\/sq\/29-9-2010\/"},"author":{"name":"ktmin","@id":"https:\/\/kt.gov.rs\/#\/schema\/person\/e426459ddb4173309103390602694571"},"headline":"29.9.2010","datePublished":"2010-09-29T00:00:00+00:00","mainEntityOfPage":{"@id":"https:\/\/kt.gov.rs\/sq\/29-9-2010\/"},"wordCount":525,"publisher":{"@id":"https:\/\/kt.gov.rs\/#organization"},"articleSection":["Lajme"],"inLanguage":"sq-AL"},{"@type":"WebPage","@id":"https:\/\/kt.gov.rs\/sq\/29-9-2010\/","url":"https:\/\/kt.gov.rs\/sq\/29-9-2010\/","name":"29.9.2010 - Republika e S\u00ebrbis\u00eb Trupi Koordinues p\u00ebr komunat Bujanoc, Preshev\u00eb dhe Medvegj\u00eb","isPartOf":{"@id":"https:\/\/kt.gov.rs\/#website"},"datePublished":"2010-09-29T00:00:00+00:00","breadcrumb":{"@id":"https:\/\/kt.gov.rs\/sq\/29-9-2010\/#breadcrumb"},"inLanguage":"sq-AL","potentialAction":[{"@type":"ReadAction","target":["https:\/\/kt.gov.rs\/sq\/29-9-2010\/"]}]},{"@type":"BreadcrumbList","@id":"https:\/\/kt.gov.rs\/sq\/29-9-2010\/#breadcrumb","itemListElement":[{"@type":"ListItem","position":1,"name":"\u041f\u043e\u0447\u0435\u0442\u043d\u0430","item":"https:\/\/kt.gov.rs\/sq\/"},{"@type":"ListItem","position":2,"name":"29.9.2010"}]},{"@type":"WebSite","@id":"https:\/\/kt.gov.rs\/#website","url":"https:\/\/kt.gov.rs\/","name":"\u041a\u043e\u043e\u0440\u0434\u0438\u043d\u0430\u0446\u0438\u043e\u043d\u043e \u0442\u0435\u043b\u043e \u0412\u043b\u0430\u0434\u0435 \u0420\u0435\u043f\u0443\u0431\u043b\u0438\u043a\u0435 \u0421\u0440\u0431\u0438\u0458\u0435 \u0437\u0430 \u043e\u043f\u0448\u0442\u0438\u043d\u0435 \u041f\u0440\u0435\u0448\u0435\u0432\u043e, \u0411\u0443\u0458\u0430\u043d\u043e\u0432\u0430\u0446 \u0438 \u041c\u0435\u0434\u0432\u0435\u0452a","description":"","publisher":{"@id":"https:\/\/kt.gov.rs\/#organization"},"alternateName":"\u041a\u043e\u043e\u0440\u0434\u0438\u043d\u0430\u0446\u0438\u043e\u043d\u043e \u0442\u0435\u043b\u043e","potentialAction":[{"@type":"SearchAction","target":{"@type":"EntryPoint","urlTemplate":"https:\/\/kt.gov.rs\/?s={search_term_string}"},"query-input":{"@type":"PropertyValueSpecification","valueRequired":true,"valueName":"search_term_string"}}],"inLanguage":"sq-AL"},{"@type":"Organization","@id":"https:\/\/kt.gov.rs\/#organization","name":"\u041a\u043e\u043e\u0440\u0434\u0438\u043d\u0430\u0446\u0438\u043e\u043d\u043e \u0442\u0435\u043b\u043e \u0412\u043b\u0430\u0434\u0435 \u0420\u0435\u043f\u0443\u0431\u043b\u0438\u043a\u0435 \u0421\u0440\u0431\u0438\u0458\u0435 \u0437\u0430 \u043e\u043f\u0448\u0442\u0438\u043d\u0435 \u041f\u0440\u0435\u0448\u0435\u0432\u043e, \u0411\u0443\u0458\u0430\u043d\u043e\u0432\u0430\u0446 \u0438 \u041c\u0435\u0434\u0432\u0435\u0452a","alternateName":"\u041a\u043e\u043e\u0440\u0434\u0438\u043d\u0430\u0446\u0438\u043e\u043d\u043e \u0442\u0435\u043b\u043e","url":"https:\/\/kt.gov.rs\/","logo":{"@type":"ImageObject","inLanguage":"sq-AL","@id":"https:\/\/kt.gov.rs\/#\/schema\/logo\/image\/","url":"https:\/\/kt.gov.rs\/wp-content\/uploads\/2024\/12\/koord2.jpg","contentUrl":"https:\/\/kt.gov.rs\/wp-content\/uploads\/2024\/12\/koord2.jpg","width":640,"height":480,"caption":"\u041a\u043e\u043e\u0440\u0434\u0438\u043d\u0430\u0446\u0438\u043e\u043d\u043e \u0442\u0435\u043b\u043e \u0412\u043b\u0430\u0434\u0435 \u0420\u0435\u043f\u0443\u0431\u043b\u0438\u043a\u0435 \u0421\u0440\u0431\u0438\u0458\u0435 \u0437\u0430 \u043e\u043f\u0448\u0442\u0438\u043d\u0435 \u041f\u0440\u0435\u0448\u0435\u0432\u043e, \u0411\u0443\u0458\u0430\u043d\u043e\u0432\u0430\u0446 \u0438 \u041c\u0435\u0434\u0432\u0435\u0452a"},"image":{"@id":"https:\/\/kt.gov.rs\/#\/schema\/logo\/image\/"},"sameAs":["https:\/\/www.facebook.com\/SluzbaKoordinacionogTelaVladeRepublikeSrbije","https:\/\/x.com\/kt_gov","https:\/\/www.youtube.com\/@koordinacionotelo"]},{"@type":"Person","@id":"https:\/\/kt.gov.rs\/#\/schema\/person\/e426459ddb4173309103390602694571","name":"ktmin","image":{"@type":"ImageObject","inLanguage":"sq-AL","@id":"https:\/\/secure.gravatar.com\/avatar\/3985c961109853010c3fbc7ba30365bfba5db3dd6c525831d9c595c7525a615a?s=96&d=mm&r=g","url":"https:\/\/secure.gravatar.com\/avatar\/3985c961109853010c3fbc7ba30365bfba5db3dd6c525831d9c595c7525a615a?s=96&d=mm&r=g","contentUrl":"https:\/\/secure.gravatar.com\/avatar\/3985c961109853010c3fbc7ba30365bfba5db3dd6c525831d9c595c7525a615a?s=96&d=mm&r=g","caption":"ktmin"},"sameAs":["https:\/\/kt.gov.rs"],"url":"https:\/\/kt.gov.rs\/sq\/author\/ktmin\/"}]}},"_links":{"self":[{"href":"https:\/\/kt.gov.rs\/sq\/wp-json\/wp\/v2\/posts\/142580","targetHints":{"allow":["GET"]}}],"collection":[{"href":"https:\/\/kt.gov.rs\/sq\/wp-json\/wp\/v2\/posts"}],"about":[{"href":"https:\/\/kt.gov.rs\/sq\/wp-json\/wp\/v2\/types\/post"}],"author":[{"embeddable":true,"href":"https:\/\/kt.gov.rs\/sq\/wp-json\/wp\/v2\/users\/1"}],"replies":[{"embeddable":true,"href":"https:\/\/kt.gov.rs\/sq\/wp-json\/wp\/v2\/comments?post=142580"}],"version-history":[{"count":0,"href":"https:\/\/kt.gov.rs\/sq\/wp-json\/wp\/v2\/posts\/142580\/revisions"}],"wp:attachment":[{"href":"https:\/\/kt.gov.rs\/sq\/wp-json\/wp\/v2\/media?parent=142580"}],"wp:term":[{"taxonomy":"category","embeddable":true,"href":"https:\/\/kt.gov.rs\/sq\/wp-json\/wp\/v2\/categories?post=142580"},{"taxonomy":"post_tag","embeddable":true,"href":"https:\/\/kt.gov.rs\/sq\/wp-json\/wp\/v2\/tags?post=142580"}],"curies":[{"name":"wp","href":"https:\/\/api.w.org\/{rel}","templated":true}]}}