{"id":142578,"date":"2010-10-01T00:00:00","date_gmt":"2010-10-01T00:00:00","guid":{"rendered":"http:\/\/kt.printandscreen.rs\/01-tetore-2010\/"},"modified":"2010-10-01T00:00:00","modified_gmt":"2010-10-01T00:00:00","slug":"01-tetore-2010","status":"publish","type":"post","link":"https:\/\/kt.gov.rs\/sq\/01-tetore-2010\/","title":{"rendered":"01.tetor\u00eb.2010."},"content":{"rendered":"<p><strong>\u201eTELEKOM SRBIJA\u201c HAPI ZYREN E SAJ\u00cb N\u00cb MEDVEGJ\u00cb <\/strong><\/p>\n<p>\u201eTelekom Srbija\u201ca.d. dje hapi zyren e saj\u00eb t\u00eb par\u00eb n\u00eb Medvegj\u00eb n\u00eb rrug\u00ebn Jabllani\u00e7ka nr 38<br \/>\n,,Shfryt\u00ebzuesit i presin mund\u00ebsi shum\u00eb t\u00eb volitshme, si psh interneti p\u00ebr\u00a0 1 dinar\u00eb ose telefona mobil me \u00e7mime m\u00eb t\u00eb lira. P\u00ebr f\u00ebmij\u00ebt parashkollor\u00eb t\u00eb institucionit ,,Mladost\u2019\u2019 kemi siguruar donacion n\u00eb mjete shkollore dhe material didaktik\u2019\u2019, deklaroi Marina Tasiq, kryeshefe p\u00ebr shitje pran\u00eb ,,Telekom Srbija\u2019\u2019 a.d. n\u00eb Leskoc.<\/p>\n<p>Shfryt\u00ebzuesit e ,,Telekom Srbija\u2019\u2019 a.d. nga Medvegja, tash e tutje kan\u00eb mund\u00ebsi q\u00eb n\u00eb nj\u00eb vend\u00eb, n\u00eb k\u00ebt\u00eb deg\u00eb t\u00eb posahapur t\u00eb blejn\u00eb t\u00eb gjitha mbushjet elektronike, kartela p\u00ebr kabinat e telefonave, t\u00eb paraqesin r\u00eb gjitha llojet e k\u00ebrkesave pa e marr\u00eb parasysh\u00eb se a b\u00ebhet fjal\u00eb p\u00ebr ,,pripejd\u2019\u2019 apo ,,pospejd\u2019\u2019 shfryt\u00ebzues, apo shfryt\u00ebzues t\u00eb telefonis\u00eb mobile, ADSL apo IPTV sh\u00ebrbime.<\/p>\n","protected":false},"excerpt":{"rendered":"<p>\u201eTELEKOM SRBIJA\u201c HAPI ZYREN E SAJ\u00cb N\u00cb MEDVEGJ\u00cb <\/p>\n<p>\u201eTelekom Srbija\u201ca.d. dje hapi zyren e saj\u00eb t\u00eb par\u00eb n\u00eb Medvegj\u00eb n\u00eb rrug\u00ebn Jabllani\u00e7ka nr 38<br \/>\n,,Shfryt\u00ebzuesit i presin mund\u00ebsi shum\u00eb t\u00eb volitshme, si psh interneti  p\u00ebr\u00a0 1 dinar\u00eb ose telefona mobil me \u00e7mime m\u00eb t\u00eb lira. P\u00ebr f\u00ebmij\u00ebt  parashkollor\u00eb t\u00eb institucionit ,,Mladost\u2019\u2019 kemi siguruar donacion n\u00eb  mjete shkollore dhe material didaktik\u2019\u2019, deklaroi Marina Tasiq,  kryeshefe p\u00ebr shitje pran\u00eb ,,Telekom Srbija\u2019\u2019 a.d. n\u00eb Leskoc.<\/p>\n","protected":false},"author":1,"featured_media":0,"comment_status":"closed","ping_status":"closed","sticky":false,"template":"","format":"standard","meta":{"footnotes":""},"categories":[55],"tags":[],"class_list":["post-142578","post","type-post","status-publish","format-standard","hentry","category-lajme"],"yoast_head":"<!-- This site is optimized with the Yoast SEO plugin v27.5 - https:\/\/yoast.com\/product\/yoast-seo-wordpress\/ -->\n<title>01.tetor\u00eb.2010. - Republika e S\u00ebrbis\u00eb Trupi Koordinues p\u00ebr komunat Bujanoc, Preshev\u00eb dhe Medvegj\u00eb<\/title>\n<meta name=\"robots\" content=\"index, follow, max-snippet:-1, max-image-preview:large, max-video-preview:-1\" \/>\n<link rel=\"canonical\" href=\"https:\/\/kt.gov.rs\/sq\/01-tetore-2010\/\" \/>\n<meta property=\"og:locale\" content=\"sq_AL\" \/>\n<meta property=\"og:type\" content=\"article\" \/>\n<meta property=\"og:title\" content=\"01.tetor\u00eb.2010. - Republika e S\u00ebrbis\u00eb Trupi Koordinues p\u00ebr komunat Bujanoc, Preshev\u00eb dhe Medvegj\u00eb\" \/>\n<meta property=\"og:description\" content=\"\u201eTELEKOM SRBIJA\u201c HAPI ZYREN E SAJ\u00cb N\u00cb MEDVEGJ\u00cb  \u201eTelekom Srbija\u201ca.d. dje hapi zyren e saj\u00eb t\u00eb par\u00eb n\u00eb Medvegj\u00eb n\u00eb rrug\u00ebn Jabllani\u00e7ka nr 38 ,,Shfryt\u00ebzuesit i presin mund\u00ebsi shum\u00eb t\u00eb volitshme, si psh interneti p\u00ebr\u00a0 1 dinar\u00eb ose telefona mobil me \u00e7mime m\u00eb t\u00eb lira. P\u00ebr f\u00ebmij\u00ebt parashkollor\u00eb t\u00eb institucionit ,,Mladost\u2019\u2019 kemi siguruar donacion n\u00eb mjete shkollore dhe material didaktik\u2019\u2019, deklaroi Marina Tasiq, kryeshefe p\u00ebr shitje pran\u00eb ,,Telekom Srbija\u2019\u2019 a.d. n\u00eb Leskoc.\" \/>\n<meta property=\"og:url\" content=\"https:\/\/kt.gov.rs\/sq\/01-tetore-2010\/\" \/>\n<meta property=\"og:site_name\" content=\"Republika e S\u00ebrbis\u00eb Trupi Koordinues p\u00ebr komunat Bujanoc, Preshev\u00eb dhe Medvegj\u00eb\" \/>\n<meta property=\"article:publisher\" content=\"https:\/\/www.facebook.com\/SluzbaKoordinacionogTelaVladeRepublikeSrbije\" \/>\n<meta property=\"article:published_time\" content=\"2010-10-01T00:00:00+00:00\" \/>\n<meta name=\"author\" content=\"ktmin\" \/>\n<meta name=\"twitter:card\" content=\"summary_large_image\" \/>\n<meta name=\"twitter:creator\" content=\"@kt_gov\" \/>\n<meta name=\"twitter:site\" content=\"@kt_gov\" \/>\n<meta name=\"twitter:label1\" content=\"Written by\" \/>\n\t<meta name=\"twitter:data1\" content=\"ktmin\" \/>\n\t<meta name=\"twitter:label2\" content=\"Est. reading time\" \/>\n\t<meta name=\"twitter:data2\" content=\"1 minute\" \/>\n<script type=\"application\/ld+json\" class=\"yoast-schema-graph\">{\"@context\":\"https:\\\/\\\/schema.org\",\"@graph\":[{\"@type\":\"Article\",\"@id\":\"https:\\\/\\\/kt.gov.rs\\\/sq\\\/01-tetore-2010\\\/#article\",\"isPartOf\":{\"@id\":\"https:\\\/\\\/kt.gov.rs\\\/sq\\\/01-tetore-2010\\\/\"},\"author\":{\"name\":\"ktmin\",\"@id\":\"https:\\\/\\\/kt.gov.rs\\\/#\\\/schema\\\/person\\\/e426459ddb4173309103390602694571\"},\"headline\":\"01.tetor\u00eb.2010.\",\"datePublished\":\"2010-10-01T00:00:00+00:00\",\"mainEntityOfPage\":{\"@id\":\"https:\\\/\\\/kt.gov.rs\\\/sq\\\/01-tetore-2010\\\/\"},\"wordCount\":172,\"publisher\":{\"@id\":\"https:\\\/\\\/kt.gov.rs\\\/#organization\"},\"articleSection\":[\"Lajme\"],\"inLanguage\":\"sq-AL\"},{\"@type\":\"WebPage\",\"@id\":\"https:\\\/\\\/kt.gov.rs\\\/sq\\\/01-tetore-2010\\\/\",\"url\":\"https:\\\/\\\/kt.gov.rs\\\/sq\\\/01-tetore-2010\\\/\",\"name\":\"01.tetor\u00eb.2010. - Republika e S\u00ebrbis\u00eb Trupi Koordinues p\u00ebr komunat Bujanoc, Preshev\u00eb dhe Medvegj\u00eb\",\"isPartOf\":{\"@id\":\"https:\\\/\\\/kt.gov.rs\\\/#website\"},\"datePublished\":\"2010-10-01T00:00:00+00:00\",\"breadcrumb\":{\"@id\":\"https:\\\/\\\/kt.gov.rs\\\/sq\\\/01-tetore-2010\\\/#breadcrumb\"},\"inLanguage\":\"sq-AL\",\"potentialAction\":[{\"@type\":\"ReadAction\",\"target\":[\"https:\\\/\\\/kt.gov.rs\\\/sq\\\/01-tetore-2010\\\/\"]}]},{\"@type\":\"BreadcrumbList\",\"@id\":\"https:\\\/\\\/kt.gov.rs\\\/sq\\\/01-tetore-2010\\\/#breadcrumb\",\"itemListElement\":[{\"@type\":\"ListItem\",\"position\":1,\"name\":\"Po\u010detna\",\"item\":\"https:\\\/\\\/kt.gov.rs\\\/sq\\\/\"},{\"@type\":\"ListItem\",\"position\":2,\"name\":\"01.tetor\u00eb.2010.\"}]},{\"@type\":\"WebSite\",\"@id\":\"https:\\\/\\\/kt.gov.rs\\\/#website\",\"url\":\"https:\\\/\\\/kt.gov.rs\\\/\",\"name\":\"Koordinaciono telo Vlade Republike Srbije za op\u0161tine Pre\u0161evo, Bujanovac i Medve\u0111a\",\"description\":\"\",\"publisher\":{\"@id\":\"https:\\\/\\\/kt.gov.rs\\\/#organization\"},\"alternateName\":\"Koordinaciono telo\",\"potentialAction\":[{\"@type\":\"SearchAction\",\"target\":{\"@type\":\"EntryPoint\",\"urlTemplate\":\"https:\\\/\\\/kt.gov.rs\\\/?s={search_term_string}\"},\"query-input\":{\"@type\":\"PropertyValueSpecification\",\"valueRequired\":true,\"valueName\":\"search_term_string\"}}],\"inLanguage\":\"sq-AL\"},{\"@type\":\"Organization\",\"@id\":\"https:\\\/\\\/kt.gov.rs\\\/#organization\",\"name\":\"Koordinaciono telo Vlade Republike Srbije za op\u0161tine Pre\u0161evo, Bujanovac i Medve\u0111a\",\"alternateName\":\"Koordinaciono telo\",\"url\":\"https:\\\/\\\/kt.gov.rs\\\/\",\"logo\":{\"@type\":\"ImageObject\",\"inLanguage\":\"sq-AL\",\"@id\":\"https:\\\/\\\/kt.gov.rs\\\/#\\\/schema\\\/logo\\\/image\\\/\",\"url\":\"https:\\\/\\\/kt.gov.rs\\\/wp-content\\\/uploads\\\/2024\\\/12\\\/koord2.jpg\",\"contentUrl\":\"https:\\\/\\\/kt.gov.rs\\\/wp-content\\\/uploads\\\/2024\\\/12\\\/koord2.jpg\",\"width\":640,\"height\":480,\"caption\":\"Koordinaciono telo Vlade Republike Srbije za op\u0161tine Pre\u0161evo, Bujanovac i Medve\u0111a\"},\"image\":{\"@id\":\"https:\\\/\\\/kt.gov.rs\\\/#\\\/schema\\\/logo\\\/image\\\/\"},\"sameAs\":[\"https:\\\/\\\/www.facebook.com\\\/SluzbaKoordinacionogTelaVladeRepublikeSrbije\",\"https:\\\/\\\/x.com\\\/kt_gov\",\"https:\\\/\\\/www.youtube.com\\\/@koordinacionotelo\"]},{\"@type\":\"Person\",\"@id\":\"https:\\\/\\\/kt.gov.rs\\\/#\\\/schema\\\/person\\\/e426459ddb4173309103390602694571\",\"name\":\"ktmin\",\"image\":{\"@type\":\"ImageObject\",\"inLanguage\":\"sq-AL\",\"@id\":\"https:\\\/\\\/secure.gravatar.com\\\/avatar\\\/3985c961109853010c3fbc7ba30365bfba5db3dd6c525831d9c595c7525a615a?s=96&d=mm&r=g\",\"url\":\"https:\\\/\\\/secure.gravatar.com\\\/avatar\\\/3985c961109853010c3fbc7ba30365bfba5db3dd6c525831d9c595c7525a615a?s=96&d=mm&r=g\",\"contentUrl\":\"https:\\\/\\\/secure.gravatar.com\\\/avatar\\\/3985c961109853010c3fbc7ba30365bfba5db3dd6c525831d9c595c7525a615a?s=96&d=mm&r=g\",\"caption\":\"ktmin\"},\"sameAs\":[\"https:\\\/\\\/kt.gov.rs\"],\"url\":\"https:\\\/\\\/kt.gov.rs\\\/sq\\\/author\\\/ktmin\\\/\"}]}<\/script>\n<!-- \/ Yoast SEO plugin. -->","yoast_head_json":{"title":"01.tetor\u00eb.2010. - Republika e S\u00ebrbis\u00eb Trupi Koordinues p\u00ebr komunat Bujanoc, Preshev\u00eb dhe Medvegj\u00eb","robots":{"index":"index","follow":"follow","max-snippet":"max-snippet:-1","max-image-preview":"max-image-preview:large","max-video-preview":"max-video-preview:-1"},"canonical":"https:\/\/kt.gov.rs\/sq\/01-tetore-2010\/","og_locale":"sq_AL","og_type":"article","og_title":"01.tetor\u00eb.2010. - Republika e S\u00ebrbis\u00eb Trupi Koordinues p\u00ebr komunat Bujanoc, Preshev\u00eb dhe Medvegj\u00eb","og_description":"\u201eTELEKOM SRBIJA\u201c HAPI ZYREN E SAJ\u00cb N\u00cb MEDVEGJ\u00cb  \u201eTelekom Srbija\u201ca.d. dje hapi zyren e saj\u00eb t\u00eb par\u00eb n\u00eb Medvegj\u00eb n\u00eb rrug\u00ebn Jabllani\u00e7ka nr 38 ,,Shfryt\u00ebzuesit i presin mund\u00ebsi shum\u00eb t\u00eb volitshme, si psh interneti p\u00ebr\u00a0 1 dinar\u00eb ose telefona mobil me \u00e7mime m\u00eb t\u00eb lira. P\u00ebr f\u00ebmij\u00ebt parashkollor\u00eb t\u00eb institucionit ,,Mladost\u2019\u2019 kemi siguruar donacion n\u00eb mjete shkollore dhe material didaktik\u2019\u2019, deklaroi Marina Tasiq, kryeshefe p\u00ebr shitje pran\u00eb ,,Telekom Srbija\u2019\u2019 a.d. n\u00eb Leskoc.","og_url":"https:\/\/kt.gov.rs\/sq\/01-tetore-2010\/","og_site_name":"Republika e S\u00ebrbis\u00eb Trupi Koordinues p\u00ebr komunat Bujanoc, Preshev\u00eb dhe Medvegj\u00eb","article_publisher":"https:\/\/www.facebook.com\/SluzbaKoordinacionogTelaVladeRepublikeSrbije","article_published_time":"2010-10-01T00:00:00+00:00","author":"ktmin","twitter_card":"summary_large_image","twitter_creator":"@kt_gov","twitter_site":"@kt_gov","twitter_misc":{"Written by":"ktmin","Est. reading time":"1 minute"},"schema":{"@context":"https:\/\/schema.org","@graph":[{"@type":"Article","@id":"https:\/\/kt.gov.rs\/sq\/01-tetore-2010\/#article","isPartOf":{"@id":"https:\/\/kt.gov.rs\/sq\/01-tetore-2010\/"},"author":{"name":"ktmin","@id":"https:\/\/kt.gov.rs\/#\/schema\/person\/e426459ddb4173309103390602694571"},"headline":"01.tetor\u00eb.2010.","datePublished":"2010-10-01T00:00:00+00:00","mainEntityOfPage":{"@id":"https:\/\/kt.gov.rs\/sq\/01-tetore-2010\/"},"wordCount":172,"publisher":{"@id":"https:\/\/kt.gov.rs\/#organization"},"articleSection":["Lajme"],"inLanguage":"sq-AL"},{"@type":"WebPage","@id":"https:\/\/kt.gov.rs\/sq\/01-tetore-2010\/","url":"https:\/\/kt.gov.rs\/sq\/01-tetore-2010\/","name":"01.tetor\u00eb.2010. - Republika e S\u00ebrbis\u00eb Trupi Koordinues p\u00ebr komunat Bujanoc, Preshev\u00eb dhe Medvegj\u00eb","isPartOf":{"@id":"https:\/\/kt.gov.rs\/#website"},"datePublished":"2010-10-01T00:00:00+00:00","breadcrumb":{"@id":"https:\/\/kt.gov.rs\/sq\/01-tetore-2010\/#breadcrumb"},"inLanguage":"sq-AL","potentialAction":[{"@type":"ReadAction","target":["https:\/\/kt.gov.rs\/sq\/01-tetore-2010\/"]}]},{"@type":"BreadcrumbList","@id":"https:\/\/kt.gov.rs\/sq\/01-tetore-2010\/#breadcrumb","itemListElement":[{"@type":"ListItem","position":1,"name":"Po\u010detna","item":"https:\/\/kt.gov.rs\/sq\/"},{"@type":"ListItem","position":2,"name":"01.tetor\u00eb.2010."}]},{"@type":"WebSite","@id":"https:\/\/kt.gov.rs\/#website","url":"https:\/\/kt.gov.rs\/","name":"Koordinaciono telo Vlade Republike Srbije za op\u0161tine Pre\u0161evo, Bujanovac i Medve\u0111a","description":"","publisher":{"@id":"https:\/\/kt.gov.rs\/#organization"},"alternateName":"Koordinaciono telo","potentialAction":[{"@type":"SearchAction","target":{"@type":"EntryPoint","urlTemplate":"https:\/\/kt.gov.rs\/?s={search_term_string}"},"query-input":{"@type":"PropertyValueSpecification","valueRequired":true,"valueName":"search_term_string"}}],"inLanguage":"sq-AL"},{"@type":"Organization","@id":"https:\/\/kt.gov.rs\/#organization","name":"Koordinaciono telo Vlade Republike Srbije za op\u0161tine Pre\u0161evo, Bujanovac i Medve\u0111a","alternateName":"Koordinaciono telo","url":"https:\/\/kt.gov.rs\/","logo":{"@type":"ImageObject","inLanguage":"sq-AL","@id":"https:\/\/kt.gov.rs\/#\/schema\/logo\/image\/","url":"https:\/\/kt.gov.rs\/wp-content\/uploads\/2024\/12\/koord2.jpg","contentUrl":"https:\/\/kt.gov.rs\/wp-content\/uploads\/2024\/12\/koord2.jpg","width":640,"height":480,"caption":"Koordinaciono telo Vlade Republike Srbije za op\u0161tine Pre\u0161evo, Bujanovac i Medve\u0111a"},"image":{"@id":"https:\/\/kt.gov.rs\/#\/schema\/logo\/image\/"},"sameAs":["https:\/\/www.facebook.com\/SluzbaKoordinacionogTelaVladeRepublikeSrbije","https:\/\/x.com\/kt_gov","https:\/\/www.youtube.com\/@koordinacionotelo"]},{"@type":"Person","@id":"https:\/\/kt.gov.rs\/#\/schema\/person\/e426459ddb4173309103390602694571","name":"ktmin","image":{"@type":"ImageObject","inLanguage":"sq-AL","@id":"https:\/\/secure.gravatar.com\/avatar\/3985c961109853010c3fbc7ba30365bfba5db3dd6c525831d9c595c7525a615a?s=96&d=mm&r=g","url":"https:\/\/secure.gravatar.com\/avatar\/3985c961109853010c3fbc7ba30365bfba5db3dd6c525831d9c595c7525a615a?s=96&d=mm&r=g","contentUrl":"https:\/\/secure.gravatar.com\/avatar\/3985c961109853010c3fbc7ba30365bfba5db3dd6c525831d9c595c7525a615a?s=96&d=mm&r=g","caption":"ktmin"},"sameAs":["https:\/\/kt.gov.rs"],"url":"https:\/\/kt.gov.rs\/sq\/author\/ktmin\/"}]}},"_links":{"self":[{"href":"https:\/\/kt.gov.rs\/sq\/wp-json\/wp\/v2\/posts\/142578","targetHints":{"allow":["GET"]}}],"collection":[{"href":"https:\/\/kt.gov.rs\/sq\/wp-json\/wp\/v2\/posts"}],"about":[{"href":"https:\/\/kt.gov.rs\/sq\/wp-json\/wp\/v2\/types\/post"}],"author":[{"embeddable":true,"href":"https:\/\/kt.gov.rs\/sq\/wp-json\/wp\/v2\/users\/1"}],"replies":[{"embeddable":true,"href":"https:\/\/kt.gov.rs\/sq\/wp-json\/wp\/v2\/comments?post=142578"}],"version-history":[{"count":0,"href":"https:\/\/kt.gov.rs\/sq\/wp-json\/wp\/v2\/posts\/142578\/revisions"}],"wp:attachment":[{"href":"https:\/\/kt.gov.rs\/sq\/wp-json\/wp\/v2\/media?parent=142578"}],"wp:term":[{"taxonomy":"category","embeddable":true,"href":"https:\/\/kt.gov.rs\/sq\/wp-json\/wp\/v2\/categories?post=142578"},{"taxonomy":"post_tag","embeddable":true,"href":"https:\/\/kt.gov.rs\/sq\/wp-json\/wp\/v2\/tags?post=142578"}],"curies":[{"name":"wp","href":"https:\/\/api.w.org\/{rel}","templated":true}]}}