{"id":142556,"date":"2010-10-06T00:00:00","date_gmt":"2010-10-06T00:00:00","guid":{"rendered":"http:\/\/kt.printandscreen.rs\/fakulteti-multietnik-ne-bujanoc\/"},"modified":"2024-07-30T20:21:44","modified_gmt":"2024-07-30T20:21:44","slug":"fakulteti-multietnik-ne-bujanoc","status":"publish","type":"post","link":"https:\/\/kt.gov.rs\/sq\/fakulteti-multietnik-ne-bujanoc\/","title":{"rendered":"FAKULTETI MULTIETNIK N\u00cb BUJANOC"},"content":{"rendered":"<p><img decoding=\"async\" align=\"left\" src=\"https:\/\/kt.gov.rs\/wp-content\/uploads\/2024\/07\/newspic423-4.jpg\" alt=\"\" \/>Grupi i posaq\u00ebm p\u00ebr arsim t\u00eb lart\u00eb n\u00eb Serbin\u00eb jugore i cili p\u00ebrb\u00ebhet nga p\u00ebrfaq\u00ebsues t\u00eb Ministris\u00eb s\u00eb arsimit, Trupit Koordinues t\u00eb Qeveris\u00eb s\u00eb Republik\u00ebs s\u00eb Serbis\u00eb p\u00ebr komunat Preshev\u00eb, Bujanoc dhe Medvegj\u00eb, K\u00ebshillit Nacional t\u00eb Shqip\u00ebtar\u00ebve, ekspert vendor\u00eb dhe t\u00eb huaj, t\u00eb m\u00ebrkur\u00ebn m\u00eb 6 tetor\u00eb kan\u00eb marr\u00eb vendim q\u00eb n\u00eb Bujanoc t\u00eb hapet nj\u00eb shkoll\u00eb e lart\u00eb t\u00eb profilit ekonomik.<\/p>\n<p>Pas takimit t\u00eb Grupit t\u00eb Posaq\u00ebm, \u00ebsht\u00eb mbajtur edhe konferenca p\u00ebr media n\u00eb t\u00eb cil\u00ebn fol\u00ebn kryetari i Trupit Koordinues milan Markoviq, komesari i lart\u00eb p\u00ebr pakica Knut Vollebek dhe ndihm\u00ebsministri i arsimit Zoran Kostiq. Markoviq deklaroi se vendimi p\u00ebrhapjen e paraleles s\u00eb fakultetit ekonomik n\u00eb Bujanoc \u00ebsh\u00eb b\u00ebr\u00eb me koncenzus dhe shtoi se ,,t\u00eb gjitha tash u jan\u00eb l\u00ebn\u00eb ekspert\u00ebve t\u00eb cil\u00ebt merren me arsimin e pakicave komb\u00ebtare sepse nuk d\u00ebshirojm\u00eb q\u00eb arsimi t\u00eb jet\u00eb tem\u00eb politike\u2019\u2019<\/p>\n<p>Me k\u00ebt\u00eb rast\u00eb Markoviq shpreson se student\u00ebt e par\u00eb n\u00eb fakultetin e Bujanocit do t\u00eb regjistrohen n\u00eb vitin e ardhsh\u00ebm dhe se arsimi i lart\u00eb do t\u00eb jet\u00eb vend shoq\u00ebrimi i serb\u00ebve, shqip\u00ebtar\u00ebve dhe rom\u00ebve. <\/p>\n<p>,,\u00cbsht\u00eb me r\u00ebnd\u00ebsi q\u00eb student\u00ebt pas p\u00ebrfundimit t\u00eb studimeve do t\u00eb japin kontributin e tyre n\u00eb cilindo institucion shtet\u00ebror\u00eb\u2019\u2019, deklaroi kryetari i Trupit Koordinues duke theksuar se fakulteti nuk duhet t\u00eb ku student\u00ebt do t\u00eb ndahen por vend ku do t\u00eb m\u00ebsojn\u00eb t\u00eb punojn\u00eb, jetojn\u00eb dhe t\u00eb kontribojn\u00eb s\u00eb bashku komuniteteve t\u00eb tyre.<\/p>\n<p>,,Qeveria e Serbis\u00eb \u00ebsht\u00eb e vet\u00ebdijshme mbi problemet n\u00eb sfer\u00ebn e arsimit n\u00eb komunat e Preshev\u00ebs, Bujanocit dhe Medvegj\u00ebs e sidomos problemet q\u00eb i p\u00ebrkasin komunitetit Shqip\u00ebtar\u00eb\u2019\u2019, tha Markoviq dhe shtoi se tash \u00ebsht\u00eb formuar K\u00ebshilli Nacional i Shqip\u00ebtar\u00ebve i cili do t\u00eb jet\u00eb faktor\u00eb i r\u00ebnd\u00ebsish\u00ebm i zgjidhjes s\u00eb problemeve nga sfera e arsimit.<\/p>\n<p>Komisioneri p\u00ebr pakicat komb\u00ebtare Knut Vollebek tha se arsimi \u00ebsht\u00eb faktor\u00eb i r\u00ebnd\u00ebsish\u00ebm i qdo individi por edhe i regjionit p\u00ebr arsye se ndikon n\u00eb zhvillimin, integrimin dhe q\u00ebndrueshm\u00ebrin\u00eb e tij\u00eb.<\/p>\n<p>,,M\u00eb vjen\u00eb mir\u00eb q\u00eb shkolla e lart\u00eb do t\u00eb hapet p\u00ebr qytetar\u00ebt e saj t\u00eb cil\u00ebt flasin gjuh\u00ebn shqipe, mir\u00ebpo ajo do t\u00eb jet\u00eb e karakterit multietnik dhe e hapur p\u00ebr t\u00eb gjith\u00eb qytetar\u00ebt e interesuar t\u00eb k\u00ebtij\u00eb regjioni\u2019\u2019, tha Vollebek.<\/p>\n<p><img decoding=\"async\" align=\"left\" src=\"https:\/\/kt.gov.rs\/wp-content\/uploads\/2024\/07\/newspic424-2.jpg\" alt=\"\" \/>,,OSBE-ja p\u00ebrmes zyres s\u00eb saj\u00eb n\u00eb Bujanoc monitoron me v\u00ebmendje se qka po ndonj\u00eb n\u00eb sfer\u00ebn e arsimit n\u00eb Serbin\u00eb jugore dhe mendojm\u00eb q\u00eb Qeveria e Serbis\u00eb dhe Trupi Koordinues japin p\u00ebrpjekje t\u00eb m\u00ebdha n\u00eb zgjidhjen e k\u00ebtij\u00eb problemi. Arsimimi \u00ebst\u00eb shum\u00eb i r\u00ebnd\u00ebsish\u00ebm p\u00ebr qdo individ dhe ai p\u00ebrcakton rrug\u00ebn e jet\u00ebs son\u00eb por \u00ebsht\u00eb i r\u00ebnd\u00ebsish\u00ebm edhe n\u00eb integrimin e komuniteteve n\u00eb shoq\u00ebrin\u00eb ku ata jetojn\u00eb\u2019\u2019, deklaroi Vollebek duke shtuar se arsimi multietnik \u00ebsht\u00eb nj\u00eb sfid\u00eb e madhe p\u00ebr t\u00eb gjitha shtetet an\u00ebtare t\u00eb OSBE-s\u00eb dhe se Serbia mund\u00eb t\u00eb zbatoj\u00eb praktikat e mira dhe k\u00ebshillat nga vendet\u00a0 tjera nga kjo sfer\u00eb.<\/p>\n<p>Ndihm\u00ebsministri i arsimit Zoran Kostiq tha se problemi i teksteve shkollore n\u00eb gjuh\u00ebn shqipe do t\u00eb zgjidhet deri n\u00eb fund\u00eb t\u00eb tetorit dhe se arsimi i pakicave komb\u00ebtare n\u00eb gjuh\u00ebn e tyre antare \u00ebsht\u00eb rregulluar sipas ligjit n\u00eb fuqi.<\/p>\n","protected":false},"excerpt":{"rendered":"<p>Grupi i posaq\u00ebm p\u00ebr arsim t\u00eb lart\u00eb n\u00eb Serbin\u00eb jugore i cili p\u00ebrb\u00ebhet nga  p\u00ebrfaq\u00ebsues t\u00eb Ministris\u00eb s\u00eb arsimit, Trupit Koordinues t\u00eb Qeveris\u00eb s\u00eb  Republik\u00ebs s\u00eb Serbis\u00eb p\u00ebr komunat Preshev\u00eb, Bujanoc dhe Medvegj\u00eb,  K\u00ebshillit Nacional t\u00eb Shqip\u00ebtar\u00ebve, ekspert vendor\u00eb dhe t\u00eb huaj, t\u00eb  m\u00ebrkur\u00ebn m\u00eb 6 tetor\u00eb kan\u00eb marr\u00eb vendim q\u00eb n\u00eb Bujanoc t\u00eb hapet nj\u00eb  shkoll\u00eb e lart\u00eb t\u00eb profilit ekonomik.<\/p>\n","protected":false},"author":1,"featured_media":142564,"comment_status":"closed","ping_status":"closed","sticky":false,"template":"","format":"standard","meta":{"footnotes":""},"categories":[55],"tags":[],"class_list":["post-142556","post","type-post","status-publish","format-standard","has-post-thumbnail","hentry","category-lajme"],"yoast_head":"<!-- This site is optimized with the Yoast SEO plugin v27.5 - https:\/\/yoast.com\/product\/yoast-seo-wordpress\/ -->\n<title>FAKULTETI MULTIETNIK N\u00cb BUJANOC - Republika e S\u00ebrbis\u00eb Trupi Koordinues p\u00ebr komunat Bujanoc, Preshev\u00eb dhe Medvegj\u00eb<\/title>\n<meta name=\"robots\" content=\"index, follow, max-snippet:-1, max-image-preview:large, max-video-preview:-1\" \/>\n<link rel=\"canonical\" href=\"https:\/\/kt.gov.rs\/sq\/fakulteti-multietnik-ne-bujanoc\/\" \/>\n<meta property=\"og:locale\" content=\"sq_AL\" \/>\n<meta property=\"og:type\" content=\"article\" \/>\n<meta property=\"og:title\" content=\"FAKULTETI MULTIETNIK N\u00cb BUJANOC - Republika e S\u00ebrbis\u00eb Trupi Koordinues p\u00ebr komunat Bujanoc, Preshev\u00eb dhe Medvegj\u00eb\" \/>\n<meta property=\"og:description\" content=\"Grupi i posaq\u00ebm p\u00ebr arsim t\u00eb lart\u00eb n\u00eb Serbin\u00eb jugore i cili p\u00ebrb\u00ebhet nga p\u00ebrfaq\u00ebsues t\u00eb Ministris\u00eb s\u00eb arsimit, Trupit Koordinues t\u00eb Qeveris\u00eb s\u00eb Republik\u00ebs s\u00eb Serbis\u00eb p\u00ebr komunat Preshev\u00eb, Bujanoc dhe Medvegj\u00eb, K\u00ebshillit Nacional t\u00eb Shqip\u00ebtar\u00ebve, ekspert vendor\u00eb dhe t\u00eb huaj, t\u00eb m\u00ebrkur\u00ebn m\u00eb 6 tetor\u00eb kan\u00eb marr\u00eb vendim q\u00eb n\u00eb Bujanoc t\u00eb hapet nj\u00eb shkoll\u00eb e lart\u00eb t\u00eb profilit ekonomik.\" \/>\n<meta property=\"og:url\" content=\"https:\/\/kt.gov.rs\/sq\/fakulteti-multietnik-ne-bujanoc\/\" \/>\n<meta property=\"og:site_name\" content=\"Republika e S\u00ebrbis\u00eb Trupi Koordinues p\u00ebr komunat Bujanoc, Preshev\u00eb dhe Medvegj\u00eb\" \/>\n<meta property=\"article:publisher\" content=\"https:\/\/www.facebook.com\/SluzbaKoordinacionogTelaVladeRepublikeSrbije\" \/>\n<meta property=\"article:published_time\" content=\"2010-10-06T00:00:00+00:00\" \/>\n<meta property=\"article:modified_time\" content=\"2024-07-30T20:21:44+00:00\" \/>\n<meta property=\"og:image\" content=\"https:\/\/kt.gov.rs\/wp-content\/uploads\/2024\/07\/newspic423-5.jpg\" \/>\n\t<meta property=\"og:image:width\" content=\"265\" \/>\n\t<meta property=\"og:image:height\" content=\"176\" \/>\n\t<meta property=\"og:image:type\" content=\"image\/jpeg\" \/>\n<meta name=\"author\" content=\"ktmin\" \/>\n<meta name=\"twitter:card\" content=\"summary_large_image\" \/>\n<meta name=\"twitter:creator\" content=\"@kt_gov\" \/>\n<meta name=\"twitter:site\" content=\"@kt_gov\" \/>\n<meta name=\"twitter:label1\" content=\"Written by\" \/>\n\t<meta name=\"twitter:data1\" content=\"ktmin\" \/>\n\t<meta name=\"twitter:label2\" content=\"Est. reading time\" \/>\n\t<meta name=\"twitter:data2\" content=\"3 minutes\" \/>\n<script type=\"application\/ld+json\" class=\"yoast-schema-graph\">{\"@context\":\"https:\\\/\\\/schema.org\",\"@graph\":[{\"@type\":\"Article\",\"@id\":\"https:\\\/\\\/kt.gov.rs\\\/sq\\\/fakulteti-multietnik-ne-bujanoc\\\/#article\",\"isPartOf\":{\"@id\":\"https:\\\/\\\/kt.gov.rs\\\/sq\\\/fakulteti-multietnik-ne-bujanoc\\\/\"},\"author\":{\"name\":\"ktmin\",\"@id\":\"https:\\\/\\\/kt.gov.rs\\\/#\\\/schema\\\/person\\\/e426459ddb4173309103390602694571\"},\"headline\":\"FAKULTETI MULTIETNIK N\u00cb BUJANOC\",\"datePublished\":\"2010-10-06T00:00:00+00:00\",\"dateModified\":\"2024-07-30T20:21:44+00:00\",\"mainEntityOfPage\":{\"@id\":\"https:\\\/\\\/kt.gov.rs\\\/sq\\\/fakulteti-multietnik-ne-bujanoc\\\/\"},\"wordCount\":605,\"publisher\":{\"@id\":\"https:\\\/\\\/kt.gov.rs\\\/#organization\"},\"image\":{\"@id\":\"https:\\\/\\\/kt.gov.rs\\\/sq\\\/fakulteti-multietnik-ne-bujanoc\\\/#primaryimage\"},\"thumbnailUrl\":\"https:\\\/\\\/kt.gov.rs\\\/wp-content\\\/uploads\\\/2024\\\/07\\\/newspic423-5.jpg\",\"articleSection\":[\"Lajme\"],\"inLanguage\":\"sq-AL\"},{\"@type\":\"WebPage\",\"@id\":\"https:\\\/\\\/kt.gov.rs\\\/sq\\\/fakulteti-multietnik-ne-bujanoc\\\/\",\"url\":\"https:\\\/\\\/kt.gov.rs\\\/sq\\\/fakulteti-multietnik-ne-bujanoc\\\/\",\"name\":\"FAKULTETI MULTIETNIK N\u00cb BUJANOC - Republika e S\u00ebrbis\u00eb Trupi Koordinues p\u00ebr komunat Bujanoc, Preshev\u00eb dhe Medvegj\u00eb\",\"isPartOf\":{\"@id\":\"https:\\\/\\\/kt.gov.rs\\\/#website\"},\"primaryImageOfPage\":{\"@id\":\"https:\\\/\\\/kt.gov.rs\\\/sq\\\/fakulteti-multietnik-ne-bujanoc\\\/#primaryimage\"},\"image\":{\"@id\":\"https:\\\/\\\/kt.gov.rs\\\/sq\\\/fakulteti-multietnik-ne-bujanoc\\\/#primaryimage\"},\"thumbnailUrl\":\"https:\\\/\\\/kt.gov.rs\\\/wp-content\\\/uploads\\\/2024\\\/07\\\/newspic423-5.jpg\",\"datePublished\":\"2010-10-06T00:00:00+00:00\",\"dateModified\":\"2024-07-30T20:21:44+00:00\",\"breadcrumb\":{\"@id\":\"https:\\\/\\\/kt.gov.rs\\\/sq\\\/fakulteti-multietnik-ne-bujanoc\\\/#breadcrumb\"},\"inLanguage\":\"sq-AL\",\"potentialAction\":[{\"@type\":\"ReadAction\",\"target\":[\"https:\\\/\\\/kt.gov.rs\\\/sq\\\/fakulteti-multietnik-ne-bujanoc\\\/\"]}]},{\"@type\":\"ImageObject\",\"inLanguage\":\"sq-AL\",\"@id\":\"https:\\\/\\\/kt.gov.rs\\\/sq\\\/fakulteti-multietnik-ne-bujanoc\\\/#primaryimage\",\"url\":\"https:\\\/\\\/kt.gov.rs\\\/wp-content\\\/uploads\\\/2024\\\/07\\\/newspic423-5.jpg\",\"contentUrl\":\"https:\\\/\\\/kt.gov.rs\\\/wp-content\\\/uploads\\\/2024\\\/07\\\/newspic423-5.jpg\",\"width\":265,\"height\":176},{\"@type\":\"BreadcrumbList\",\"@id\":\"https:\\\/\\\/kt.gov.rs\\\/sq\\\/fakulteti-multietnik-ne-bujanoc\\\/#breadcrumb\",\"itemListElement\":[{\"@type\":\"ListItem\",\"position\":1,\"name\":\"\u041f\u043e\u0447\u0435\u0442\u043d\u0430\",\"item\":\"https:\\\/\\\/kt.gov.rs\\\/sq\\\/\"},{\"@type\":\"ListItem\",\"position\":2,\"name\":\"FAKULTETI MULTIETNIK N\u00cb BUJANOC\"}]},{\"@type\":\"WebSite\",\"@id\":\"https:\\\/\\\/kt.gov.rs\\\/#website\",\"url\":\"https:\\\/\\\/kt.gov.rs\\\/\",\"name\":\"\u041a\u043e\u043e\u0440\u0434\u0438\u043d\u0430\u0446\u0438\u043e\u043d\u043e \u0442\u0435\u043b\u043e \u0412\u043b\u0430\u0434\u0435 \u0420\u0435\u043f\u0443\u0431\u043b\u0438\u043a\u0435 \u0421\u0440\u0431\u0438\u0458\u0435 \u0437\u0430 \u043e\u043f\u0448\u0442\u0438\u043d\u0435 \u041f\u0440\u0435\u0448\u0435\u0432\u043e, \u0411\u0443\u0458\u0430\u043d\u043e\u0432\u0430\u0446 \u0438 \u041c\u0435\u0434\u0432\u0435\u0452a\",\"description\":\"\",\"publisher\":{\"@id\":\"https:\\\/\\\/kt.gov.rs\\\/#organization\"},\"alternateName\":\"\u041a\u043e\u043e\u0440\u0434\u0438\u043d\u0430\u0446\u0438\u043e\u043d\u043e \u0442\u0435\u043b\u043e\",\"potentialAction\":[{\"@type\":\"SearchAction\",\"target\":{\"@type\":\"EntryPoint\",\"urlTemplate\":\"https:\\\/\\\/kt.gov.rs\\\/?s={search_term_string}\"},\"query-input\":{\"@type\":\"PropertyValueSpecification\",\"valueRequired\":true,\"valueName\":\"search_term_string\"}}],\"inLanguage\":\"sq-AL\"},{\"@type\":\"Organization\",\"@id\":\"https:\\\/\\\/kt.gov.rs\\\/#organization\",\"name\":\"\u041a\u043e\u043e\u0440\u0434\u0438\u043d\u0430\u0446\u0438\u043e\u043d\u043e \u0442\u0435\u043b\u043e \u0412\u043b\u0430\u0434\u0435 \u0420\u0435\u043f\u0443\u0431\u043b\u0438\u043a\u0435 \u0421\u0440\u0431\u0438\u0458\u0435 \u0437\u0430 \u043e\u043f\u0448\u0442\u0438\u043d\u0435 \u041f\u0440\u0435\u0448\u0435\u0432\u043e, \u0411\u0443\u0458\u0430\u043d\u043e\u0432\u0430\u0446 \u0438 \u041c\u0435\u0434\u0432\u0435\u0452a\",\"alternateName\":\"\u041a\u043e\u043e\u0440\u0434\u0438\u043d\u0430\u0446\u0438\u043e\u043d\u043e \u0442\u0435\u043b\u043e\",\"url\":\"https:\\\/\\\/kt.gov.rs\\\/\",\"logo\":{\"@type\":\"ImageObject\",\"inLanguage\":\"sq-AL\",\"@id\":\"https:\\\/\\\/kt.gov.rs\\\/#\\\/schema\\\/logo\\\/image\\\/\",\"url\":\"https:\\\/\\\/kt.gov.rs\\\/wp-content\\\/uploads\\\/2024\\\/12\\\/koord2.jpg\",\"contentUrl\":\"https:\\\/\\\/kt.gov.rs\\\/wp-content\\\/uploads\\\/2024\\\/12\\\/koord2.jpg\",\"width\":640,\"height\":480,\"caption\":\"\u041a\u043e\u043e\u0440\u0434\u0438\u043d\u0430\u0446\u0438\u043e\u043d\u043e \u0442\u0435\u043b\u043e \u0412\u043b\u0430\u0434\u0435 \u0420\u0435\u043f\u0443\u0431\u043b\u0438\u043a\u0435 \u0421\u0440\u0431\u0438\u0458\u0435 \u0437\u0430 \u043e\u043f\u0448\u0442\u0438\u043d\u0435 \u041f\u0440\u0435\u0448\u0435\u0432\u043e, \u0411\u0443\u0458\u0430\u043d\u043e\u0432\u0430\u0446 \u0438 \u041c\u0435\u0434\u0432\u0435\u0452a\"},\"image\":{\"@id\":\"https:\\\/\\\/kt.gov.rs\\\/#\\\/schema\\\/logo\\\/image\\\/\"},\"sameAs\":[\"https:\\\/\\\/www.facebook.com\\\/SluzbaKoordinacionogTelaVladeRepublikeSrbije\",\"https:\\\/\\\/x.com\\\/kt_gov\",\"https:\\\/\\\/www.youtube.com\\\/@koordinacionotelo\"]},{\"@type\":\"Person\",\"@id\":\"https:\\\/\\\/kt.gov.rs\\\/#\\\/schema\\\/person\\\/e426459ddb4173309103390602694571\",\"name\":\"ktmin\",\"image\":{\"@type\":\"ImageObject\",\"inLanguage\":\"sq-AL\",\"@id\":\"https:\\\/\\\/secure.gravatar.com\\\/avatar\\\/3985c961109853010c3fbc7ba30365bfba5db3dd6c525831d9c595c7525a615a?s=96&d=mm&r=g\",\"url\":\"https:\\\/\\\/secure.gravatar.com\\\/avatar\\\/3985c961109853010c3fbc7ba30365bfba5db3dd6c525831d9c595c7525a615a?s=96&d=mm&r=g\",\"contentUrl\":\"https:\\\/\\\/secure.gravatar.com\\\/avatar\\\/3985c961109853010c3fbc7ba30365bfba5db3dd6c525831d9c595c7525a615a?s=96&d=mm&r=g\",\"caption\":\"ktmin\"},\"sameAs\":[\"https:\\\/\\\/kt.gov.rs\"],\"url\":\"https:\\\/\\\/kt.gov.rs\\\/sq\\\/author\\\/ktmin\\\/\"}]}<\/script>\n<!-- \/ Yoast SEO plugin. -->","yoast_head_json":{"title":"FAKULTETI MULTIETNIK N\u00cb BUJANOC - Republika e S\u00ebrbis\u00eb Trupi Koordinues p\u00ebr komunat Bujanoc, Preshev\u00eb dhe Medvegj\u00eb","robots":{"index":"index","follow":"follow","max-snippet":"max-snippet:-1","max-image-preview":"max-image-preview:large","max-video-preview":"max-video-preview:-1"},"canonical":"https:\/\/kt.gov.rs\/sq\/fakulteti-multietnik-ne-bujanoc\/","og_locale":"sq_AL","og_type":"article","og_title":"FAKULTETI MULTIETNIK N\u00cb BUJANOC - Republika e S\u00ebrbis\u00eb Trupi Koordinues p\u00ebr komunat Bujanoc, Preshev\u00eb dhe Medvegj\u00eb","og_description":"Grupi i posaq\u00ebm p\u00ebr arsim t\u00eb lart\u00eb n\u00eb Serbin\u00eb jugore i cili p\u00ebrb\u00ebhet nga p\u00ebrfaq\u00ebsues t\u00eb Ministris\u00eb s\u00eb arsimit, Trupit Koordinues t\u00eb Qeveris\u00eb s\u00eb Republik\u00ebs s\u00eb Serbis\u00eb p\u00ebr komunat Preshev\u00eb, Bujanoc dhe Medvegj\u00eb, K\u00ebshillit Nacional t\u00eb Shqip\u00ebtar\u00ebve, ekspert vendor\u00eb dhe t\u00eb huaj, t\u00eb m\u00ebrkur\u00ebn m\u00eb 6 tetor\u00eb kan\u00eb marr\u00eb vendim q\u00eb n\u00eb Bujanoc t\u00eb hapet nj\u00eb shkoll\u00eb e lart\u00eb t\u00eb profilit ekonomik.","og_url":"https:\/\/kt.gov.rs\/sq\/fakulteti-multietnik-ne-bujanoc\/","og_site_name":"Republika e S\u00ebrbis\u00eb Trupi Koordinues p\u00ebr komunat Bujanoc, Preshev\u00eb dhe Medvegj\u00eb","article_publisher":"https:\/\/www.facebook.com\/SluzbaKoordinacionogTelaVladeRepublikeSrbije","article_published_time":"2010-10-06T00:00:00+00:00","article_modified_time":"2024-07-30T20:21:44+00:00","og_image":[{"width":265,"height":176,"url":"https:\/\/kt.gov.rs\/wp-content\/uploads\/2024\/07\/newspic423-5.jpg","type":"image\/jpeg"}],"author":"ktmin","twitter_card":"summary_large_image","twitter_creator":"@kt_gov","twitter_site":"@kt_gov","twitter_misc":{"Written by":"ktmin","Est. reading time":"3 minutes"},"schema":{"@context":"https:\/\/schema.org","@graph":[{"@type":"Article","@id":"https:\/\/kt.gov.rs\/sq\/fakulteti-multietnik-ne-bujanoc\/#article","isPartOf":{"@id":"https:\/\/kt.gov.rs\/sq\/fakulteti-multietnik-ne-bujanoc\/"},"author":{"name":"ktmin","@id":"https:\/\/kt.gov.rs\/#\/schema\/person\/e426459ddb4173309103390602694571"},"headline":"FAKULTETI MULTIETNIK N\u00cb BUJANOC","datePublished":"2010-10-06T00:00:00+00:00","dateModified":"2024-07-30T20:21:44+00:00","mainEntityOfPage":{"@id":"https:\/\/kt.gov.rs\/sq\/fakulteti-multietnik-ne-bujanoc\/"},"wordCount":605,"publisher":{"@id":"https:\/\/kt.gov.rs\/#organization"},"image":{"@id":"https:\/\/kt.gov.rs\/sq\/fakulteti-multietnik-ne-bujanoc\/#primaryimage"},"thumbnailUrl":"https:\/\/kt.gov.rs\/wp-content\/uploads\/2024\/07\/newspic423-5.jpg","articleSection":["Lajme"],"inLanguage":"sq-AL"},{"@type":"WebPage","@id":"https:\/\/kt.gov.rs\/sq\/fakulteti-multietnik-ne-bujanoc\/","url":"https:\/\/kt.gov.rs\/sq\/fakulteti-multietnik-ne-bujanoc\/","name":"FAKULTETI MULTIETNIK N\u00cb BUJANOC - Republika e S\u00ebrbis\u00eb Trupi Koordinues p\u00ebr komunat Bujanoc, Preshev\u00eb dhe Medvegj\u00eb","isPartOf":{"@id":"https:\/\/kt.gov.rs\/#website"},"primaryImageOfPage":{"@id":"https:\/\/kt.gov.rs\/sq\/fakulteti-multietnik-ne-bujanoc\/#primaryimage"},"image":{"@id":"https:\/\/kt.gov.rs\/sq\/fakulteti-multietnik-ne-bujanoc\/#primaryimage"},"thumbnailUrl":"https:\/\/kt.gov.rs\/wp-content\/uploads\/2024\/07\/newspic423-5.jpg","datePublished":"2010-10-06T00:00:00+00:00","dateModified":"2024-07-30T20:21:44+00:00","breadcrumb":{"@id":"https:\/\/kt.gov.rs\/sq\/fakulteti-multietnik-ne-bujanoc\/#breadcrumb"},"inLanguage":"sq-AL","potentialAction":[{"@type":"ReadAction","target":["https:\/\/kt.gov.rs\/sq\/fakulteti-multietnik-ne-bujanoc\/"]}]},{"@type":"ImageObject","inLanguage":"sq-AL","@id":"https:\/\/kt.gov.rs\/sq\/fakulteti-multietnik-ne-bujanoc\/#primaryimage","url":"https:\/\/kt.gov.rs\/wp-content\/uploads\/2024\/07\/newspic423-5.jpg","contentUrl":"https:\/\/kt.gov.rs\/wp-content\/uploads\/2024\/07\/newspic423-5.jpg","width":265,"height":176},{"@type":"BreadcrumbList","@id":"https:\/\/kt.gov.rs\/sq\/fakulteti-multietnik-ne-bujanoc\/#breadcrumb","itemListElement":[{"@type":"ListItem","position":1,"name":"\u041f\u043e\u0447\u0435\u0442\u043d\u0430","item":"https:\/\/kt.gov.rs\/sq\/"},{"@type":"ListItem","position":2,"name":"FAKULTETI MULTIETNIK N\u00cb BUJANOC"}]},{"@type":"WebSite","@id":"https:\/\/kt.gov.rs\/#website","url":"https:\/\/kt.gov.rs\/","name":"\u041a\u043e\u043e\u0440\u0434\u0438\u043d\u0430\u0446\u0438\u043e\u043d\u043e \u0442\u0435\u043b\u043e \u0412\u043b\u0430\u0434\u0435 \u0420\u0435\u043f\u0443\u0431\u043b\u0438\u043a\u0435 \u0421\u0440\u0431\u0438\u0458\u0435 \u0437\u0430 \u043e\u043f\u0448\u0442\u0438\u043d\u0435 \u041f\u0440\u0435\u0448\u0435\u0432\u043e, \u0411\u0443\u0458\u0430\u043d\u043e\u0432\u0430\u0446 \u0438 \u041c\u0435\u0434\u0432\u0435\u0452a","description":"","publisher":{"@id":"https:\/\/kt.gov.rs\/#organization"},"alternateName":"\u041a\u043e\u043e\u0440\u0434\u0438\u043d\u0430\u0446\u0438\u043e\u043d\u043e \u0442\u0435\u043b\u043e","potentialAction":[{"@type":"SearchAction","target":{"@type":"EntryPoint","urlTemplate":"https:\/\/kt.gov.rs\/?s={search_term_string}"},"query-input":{"@type":"PropertyValueSpecification","valueRequired":true,"valueName":"search_term_string"}}],"inLanguage":"sq-AL"},{"@type":"Organization","@id":"https:\/\/kt.gov.rs\/#organization","name":"\u041a\u043e\u043e\u0440\u0434\u0438\u043d\u0430\u0446\u0438\u043e\u043d\u043e \u0442\u0435\u043b\u043e \u0412\u043b\u0430\u0434\u0435 \u0420\u0435\u043f\u0443\u0431\u043b\u0438\u043a\u0435 \u0421\u0440\u0431\u0438\u0458\u0435 \u0437\u0430 \u043e\u043f\u0448\u0442\u0438\u043d\u0435 \u041f\u0440\u0435\u0448\u0435\u0432\u043e, \u0411\u0443\u0458\u0430\u043d\u043e\u0432\u0430\u0446 \u0438 \u041c\u0435\u0434\u0432\u0435\u0452a","alternateName":"\u041a\u043e\u043e\u0440\u0434\u0438\u043d\u0430\u0446\u0438\u043e\u043d\u043e \u0442\u0435\u043b\u043e","url":"https:\/\/kt.gov.rs\/","logo":{"@type":"ImageObject","inLanguage":"sq-AL","@id":"https:\/\/kt.gov.rs\/#\/schema\/logo\/image\/","url":"https:\/\/kt.gov.rs\/wp-content\/uploads\/2024\/12\/koord2.jpg","contentUrl":"https:\/\/kt.gov.rs\/wp-content\/uploads\/2024\/12\/koord2.jpg","width":640,"height":480,"caption":"\u041a\u043e\u043e\u0440\u0434\u0438\u043d\u0430\u0446\u0438\u043e\u043d\u043e \u0442\u0435\u043b\u043e \u0412\u043b\u0430\u0434\u0435 \u0420\u0435\u043f\u0443\u0431\u043b\u0438\u043a\u0435 \u0421\u0440\u0431\u0438\u0458\u0435 \u0437\u0430 \u043e\u043f\u0448\u0442\u0438\u043d\u0435 \u041f\u0440\u0435\u0448\u0435\u0432\u043e, \u0411\u0443\u0458\u0430\u043d\u043e\u0432\u0430\u0446 \u0438 \u041c\u0435\u0434\u0432\u0435\u0452a"},"image":{"@id":"https:\/\/kt.gov.rs\/#\/schema\/logo\/image\/"},"sameAs":["https:\/\/www.facebook.com\/SluzbaKoordinacionogTelaVladeRepublikeSrbije","https:\/\/x.com\/kt_gov","https:\/\/www.youtube.com\/@koordinacionotelo"]},{"@type":"Person","@id":"https:\/\/kt.gov.rs\/#\/schema\/person\/e426459ddb4173309103390602694571","name":"ktmin","image":{"@type":"ImageObject","inLanguage":"sq-AL","@id":"https:\/\/secure.gravatar.com\/avatar\/3985c961109853010c3fbc7ba30365bfba5db3dd6c525831d9c595c7525a615a?s=96&d=mm&r=g","url":"https:\/\/secure.gravatar.com\/avatar\/3985c961109853010c3fbc7ba30365bfba5db3dd6c525831d9c595c7525a615a?s=96&d=mm&r=g","contentUrl":"https:\/\/secure.gravatar.com\/avatar\/3985c961109853010c3fbc7ba30365bfba5db3dd6c525831d9c595c7525a615a?s=96&d=mm&r=g","caption":"ktmin"},"sameAs":["https:\/\/kt.gov.rs"],"url":"https:\/\/kt.gov.rs\/sq\/author\/ktmin\/"}]}},"_links":{"self":[{"href":"https:\/\/kt.gov.rs\/sq\/wp-json\/wp\/v2\/posts\/142556","targetHints":{"allow":["GET"]}}],"collection":[{"href":"https:\/\/kt.gov.rs\/sq\/wp-json\/wp\/v2\/posts"}],"about":[{"href":"https:\/\/kt.gov.rs\/sq\/wp-json\/wp\/v2\/types\/post"}],"author":[{"embeddable":true,"href":"https:\/\/kt.gov.rs\/sq\/wp-json\/wp\/v2\/users\/1"}],"replies":[{"embeddable":true,"href":"https:\/\/kt.gov.rs\/sq\/wp-json\/wp\/v2\/comments?post=142556"}],"version-history":[{"count":1,"href":"https:\/\/kt.gov.rs\/sq\/wp-json\/wp\/v2\/posts\/142556\/revisions"}],"predecessor-version":[{"id":142563,"href":"https:\/\/kt.gov.rs\/sq\/wp-json\/wp\/v2\/posts\/142556\/revisions\/142563"}],"wp:featuredmedia":[{"embeddable":true,"href":"https:\/\/kt.gov.rs\/sq\/wp-json\/wp\/v2\/media\/142564"}],"wp:attachment":[{"href":"https:\/\/kt.gov.rs\/sq\/wp-json\/wp\/v2\/media?parent=142556"}],"wp:term":[{"taxonomy":"category","embeddable":true,"href":"https:\/\/kt.gov.rs\/sq\/wp-json\/wp\/v2\/categories?post=142556"},{"taxonomy":"post_tag","embeddable":true,"href":"https:\/\/kt.gov.rs\/sq\/wp-json\/wp\/v2\/tags?post=142556"}],"curies":[{"name":"wp","href":"https:\/\/api.w.org\/{rel}","templated":true}]}}