{"id":142542,"date":"2010-10-15T00:00:00","date_gmt":"2010-10-15T00:00:00","guid":{"rendered":"http:\/\/kt.printandscreen.rs\/15-10-2010\/"},"modified":"2010-10-15T00:00:00","modified_gmt":"2010-10-15T00:00:00","slug":"15-10-2010","status":"publish","type":"post","link":"https:\/\/kt.gov.rs\/sq\/15-10-2010\/","title":{"rendered":"15.10.2010."},"content":{"rendered":"<p><strong>Pas dy vitesh marr\u00ebveshja mbi formimin e pushtetit multietnik n\u00eb Bujanoc<\/strong><\/p>\n<p>BUJANOC \u2013 Serb\u00ebt dhe Shqip\u00ebtar\u00ebt pas dy vitesh negociatash m\u00eb n\u00eb fund\u00eb ran\u00eb dakord p\u00ebr formimin e nj\u00eb qeverie multietnike.<br \/>\nPartit\u00eb t\u00eb cilat p\u00ebrfaq\u00ebsojn\u00eb serb\u00ebt n\u00eb koalicionin e ardhsh\u00ebm udh\u00ebheq\u00ebs kan\u00eb marr\u00eb postin e zv\/kryetrit t\u00eb komun\u00ebs, zv\/kryetarit t\u00eb kuvendit komunal, tre kryeshefa, kat\u00ebr an\u00ebtar\u00eb t\u00eb k\u00ebshillit komunal, zv\/drejtorin e Sht\u00ebpis\u00eb s\u00eb sh\u00ebndetit, drejtor\u00eb n\u00eb barnatoren e qytetit si dhe shumic\u00ebn n\u00eb k\u00ebshillat drejtuese ku do t\u00eb ken\u00eb drejtor\u00eb.<\/p>\n<p>,,Kemi ofruar edhe dy poste t\u00eb drejtor\u00ebve n\u00eb nd\u00ebrmarrjet publike n\u00eb m\u00ebnyr\u00eb q\u00eb sa m\u00eb shpejt\u00eb t\u00eb formohet qeveria multietnike, sepse kjo \u00ebsht\u00eb m\u00ebnyra m\u00eb e leht\u00eb q\u00eb Bujanoci t\u00eb konkuroj\u00eb p\u00ebr projekte\u2019\u2019, deklaroi Jonuz Musliu, kryetar\u00eb i Kuvendit Komunal.<\/p>\n<p>\u00cbsht\u00eb hapur rruga p\u00ebr konkurim n\u00eb mjetet e fondeve t\u00eb BE, aprovimit t\u00eb buxhetit p\u00ebr vitin e\u00a0 ardhsh\u00ebm dhe qka \u00ebsht\u00eb m\u00eb me r\u00ebnd\u00ebsi, shpenzimi i baraspeshuar ka qern\u00eb motiv nga ana e serb\u00ebve q\u00eb t\u00eb pranojn\u00eb ofert\u00ebn e ofruar.<\/p>\n<p>Ratifikimi i k\u00ebsaj\u00eb marr\u00ebveshje pritet jav\u00ebn e ardhshme. Kjo do t\u00eb jet\u00eb nj\u00eb marr\u00ebveshje e p\u00ebrkohshme sepse nuk ka\u00a0 pasur marr\u00ebveshje mbi te se ,,si do t\u00eb jet\u00eb n\u00eb k\u00ebt\u00eb moment qeveria e v\u00ebrte\u00eb multietnike lokale\u2019\u2019.<\/p>\n<p>Koalicionin e ardhsh\u00ebm udh\u00ebheq\u00ebs do ta p\u00ebrb\u00ebjn\u00eb k\u00ebshill\u00ebtar\u00ebt PD, GQ ,,Stojan\u00e7a Arsiq dhe Miodrag Milkoviq\u2019\u2019 me gjasht\u00eb k\u00ebshill\u00ebtar\u00eb, pastaj tri parti politike Shqip\u00ebtare PVD, LPD dhe UDSH me 21 p\u00ebrfaq\u00ebsues n\u00eb k\u00ebsjillin komunal. Opozita edhe tutje do t\u2019i ket\u00eb 14 k\u00ebshill\u00ebtar\u00eb PSS, PDS dhe\u00a0 PRS.<\/p>\n","protected":false},"excerpt":{"rendered":"<p>Pas dy vitesh marr\u00ebveshja mbi formimin e pushtetit multietnik n\u00eb Bujanoc<\/p>\n<p>BUJANOC \u2013 Serb\u00ebt dhe Shqip\u00ebtar\u00ebt pas dy vitesh negociatash m\u00eb n\u00eb fund\u00eb ran\u00eb dakord p\u00ebr formimin e nj\u00eb qeverie multietnike.<br \/>\nPartit\u00eb t\u00eb cilat p\u00ebrfaq\u00ebsojn\u00eb serb\u00ebt n\u00eb koalicionin e ardhsh\u00ebm udh\u00ebheq\u00ebs  kan\u00eb marr\u00eb postin e zv\/kryetrit t\u00eb komun\u00ebs, zv\/kryetarit t\u00eb kuvendit  komunal, tre kryeshefa, kat\u00ebr an\u00ebtar\u00eb t\u00eb k\u00ebshillit komunal, zv\/drejtorin  e Sht\u00ebpis\u00eb s\u00eb sh\u00ebndetit, drejtor\u00eb n\u00eb barnatoren e qytetit si dhe  shumic\u00ebn n\u00eb k\u00ebshillat drejtuese ku do t\u00eb ken\u00eb drejtor\u00eb.<\/p>\n","protected":false},"author":1,"featured_media":0,"comment_status":"closed","ping_status":"closed","sticky":false,"template":"","format":"standard","meta":{"footnotes":""},"categories":[55],"tags":[],"class_list":["post-142542","post","type-post","status-publish","format-standard","hentry","category-lajme"],"yoast_head":"<!-- This site is optimized with the Yoast SEO plugin v27.5 - https:\/\/yoast.com\/product\/yoast-seo-wordpress\/ -->\n<title>15.10.2010. - Republika e S\u00ebrbis\u00eb Trupi Koordinues p\u00ebr komunat Bujanoc, Preshev\u00eb dhe Medvegj\u00eb<\/title>\n<meta name=\"robots\" content=\"index, follow, max-snippet:-1, max-image-preview:large, max-video-preview:-1\" \/>\n<link rel=\"canonical\" href=\"https:\/\/kt.gov.rs\/sq\/15-10-2010\/\" \/>\n<meta property=\"og:locale\" content=\"sq_AL\" \/>\n<meta property=\"og:type\" content=\"article\" \/>\n<meta property=\"og:title\" content=\"15.10.2010. - Republika e S\u00ebrbis\u00eb Trupi Koordinues p\u00ebr komunat Bujanoc, Preshev\u00eb dhe Medvegj\u00eb\" \/>\n<meta property=\"og:description\" content=\"Pas dy vitesh marr\u00ebveshja mbi formimin e pushtetit multietnik n\u00eb Bujanoc BUJANOC \u2013 Serb\u00ebt dhe Shqip\u00ebtar\u00ebt pas dy vitesh negociatash m\u00eb n\u00eb fund\u00eb ran\u00eb dakord p\u00ebr formimin e nj\u00eb qeverie multietnike. Partit\u00eb t\u00eb cilat p\u00ebrfaq\u00ebsojn\u00eb serb\u00ebt n\u00eb koalicionin e ardhsh\u00ebm udh\u00ebheq\u00ebs kan\u00eb marr\u00eb postin e zv\/kryetrit t\u00eb komun\u00ebs, zv\/kryetarit t\u00eb kuvendit komunal, tre kryeshefa, kat\u00ebr an\u00ebtar\u00eb t\u00eb k\u00ebshillit komunal, zv\/drejtorin e Sht\u00ebpis\u00eb s\u00eb sh\u00ebndetit, drejtor\u00eb n\u00eb barnatoren e qytetit si dhe shumic\u00ebn n\u00eb k\u00ebshillat drejtuese ku do t\u00eb ken\u00eb drejtor\u00eb.\" \/>\n<meta property=\"og:url\" content=\"https:\/\/kt.gov.rs\/sq\/15-10-2010\/\" \/>\n<meta property=\"og:site_name\" content=\"Republika e S\u00ebrbis\u00eb Trupi Koordinues p\u00ebr komunat Bujanoc, Preshev\u00eb dhe Medvegj\u00eb\" \/>\n<meta property=\"article:publisher\" content=\"https:\/\/www.facebook.com\/SluzbaKoordinacionogTelaVladeRepublikeSrbije\" \/>\n<meta property=\"article:published_time\" content=\"2010-10-15T00:00:00+00:00\" \/>\n<meta name=\"author\" content=\"ktmin\" \/>\n<meta name=\"twitter:card\" content=\"summary_large_image\" \/>\n<meta name=\"twitter:creator\" content=\"@kt_gov\" \/>\n<meta name=\"twitter:site\" content=\"@kt_gov\" \/>\n<meta name=\"twitter:label1\" content=\"Written by\" \/>\n\t<meta name=\"twitter:data1\" content=\"ktmin\" \/>\n\t<meta name=\"twitter:label2\" content=\"Est. reading time\" \/>\n\t<meta name=\"twitter:data2\" content=\"2 minutes\" \/>\n<script type=\"application\/ld+json\" class=\"yoast-schema-graph\">{\"@context\":\"https:\\\/\\\/schema.org\",\"@graph\":[{\"@type\":\"Article\",\"@id\":\"https:\\\/\\\/kt.gov.rs\\\/sq\\\/15-10-2010\\\/#article\",\"isPartOf\":{\"@id\":\"https:\\\/\\\/kt.gov.rs\\\/sq\\\/15-10-2010\\\/\"},\"author\":{\"name\":\"ktmin\",\"@id\":\"https:\\\/\\\/kt.gov.rs\\\/#\\\/schema\\\/person\\\/e426459ddb4173309103390602694571\"},\"headline\":\"15.10.2010.\",\"datePublished\":\"2010-10-15T00:00:00+00:00\",\"mainEntityOfPage\":{\"@id\":\"https:\\\/\\\/kt.gov.rs\\\/sq\\\/15-10-2010\\\/\"},\"wordCount\":309,\"publisher\":{\"@id\":\"https:\\\/\\\/kt.gov.rs\\\/#organization\"},\"articleSection\":[\"Lajme\"],\"inLanguage\":\"sq-AL\"},{\"@type\":\"WebPage\",\"@id\":\"https:\\\/\\\/kt.gov.rs\\\/sq\\\/15-10-2010\\\/\",\"url\":\"https:\\\/\\\/kt.gov.rs\\\/sq\\\/15-10-2010\\\/\",\"name\":\"15.10.2010. - Republika e S\u00ebrbis\u00eb Trupi Koordinues p\u00ebr komunat Bujanoc, Preshev\u00eb dhe Medvegj\u00eb\",\"isPartOf\":{\"@id\":\"https:\\\/\\\/kt.gov.rs\\\/#website\"},\"datePublished\":\"2010-10-15T00:00:00+00:00\",\"breadcrumb\":{\"@id\":\"https:\\\/\\\/kt.gov.rs\\\/sq\\\/15-10-2010\\\/#breadcrumb\"},\"inLanguage\":\"sq-AL\",\"potentialAction\":[{\"@type\":\"ReadAction\",\"target\":[\"https:\\\/\\\/kt.gov.rs\\\/sq\\\/15-10-2010\\\/\"]}]},{\"@type\":\"BreadcrumbList\",\"@id\":\"https:\\\/\\\/kt.gov.rs\\\/sq\\\/15-10-2010\\\/#breadcrumb\",\"itemListElement\":[{\"@type\":\"ListItem\",\"position\":1,\"name\":\"\u041f\u043e\u0447\u0435\u0442\u043d\u0430\",\"item\":\"https:\\\/\\\/kt.gov.rs\\\/sq\\\/\"},{\"@type\":\"ListItem\",\"position\":2,\"name\":\"15.10.2010.\"}]},{\"@type\":\"WebSite\",\"@id\":\"https:\\\/\\\/kt.gov.rs\\\/#website\",\"url\":\"https:\\\/\\\/kt.gov.rs\\\/\",\"name\":\"\u041a\u043e\u043e\u0440\u0434\u0438\u043d\u0430\u0446\u0438\u043e\u043d\u043e \u0442\u0435\u043b\u043e \u0412\u043b\u0430\u0434\u0435 \u0420\u0435\u043f\u0443\u0431\u043b\u0438\u043a\u0435 \u0421\u0440\u0431\u0438\u0458\u0435 \u0437\u0430 \u043e\u043f\u0448\u0442\u0438\u043d\u0435 \u041f\u0440\u0435\u0448\u0435\u0432\u043e, \u0411\u0443\u0458\u0430\u043d\u043e\u0432\u0430\u0446 \u0438 \u041c\u0435\u0434\u0432\u0435\u0452a\",\"description\":\"\",\"publisher\":{\"@id\":\"https:\\\/\\\/kt.gov.rs\\\/#organization\"},\"alternateName\":\"\u041a\u043e\u043e\u0440\u0434\u0438\u043d\u0430\u0446\u0438\u043e\u043d\u043e \u0442\u0435\u043b\u043e\",\"potentialAction\":[{\"@type\":\"SearchAction\",\"target\":{\"@type\":\"EntryPoint\",\"urlTemplate\":\"https:\\\/\\\/kt.gov.rs\\\/?s={search_term_string}\"},\"query-input\":{\"@type\":\"PropertyValueSpecification\",\"valueRequired\":true,\"valueName\":\"search_term_string\"}}],\"inLanguage\":\"sq-AL\"},{\"@type\":\"Organization\",\"@id\":\"https:\\\/\\\/kt.gov.rs\\\/#organization\",\"name\":\"\u041a\u043e\u043e\u0440\u0434\u0438\u043d\u0430\u0446\u0438\u043e\u043d\u043e \u0442\u0435\u043b\u043e \u0412\u043b\u0430\u0434\u0435 \u0420\u0435\u043f\u0443\u0431\u043b\u0438\u043a\u0435 \u0421\u0440\u0431\u0438\u0458\u0435 \u0437\u0430 \u043e\u043f\u0448\u0442\u0438\u043d\u0435 \u041f\u0440\u0435\u0448\u0435\u0432\u043e, \u0411\u0443\u0458\u0430\u043d\u043e\u0432\u0430\u0446 \u0438 \u041c\u0435\u0434\u0432\u0435\u0452a\",\"alternateName\":\"\u041a\u043e\u043e\u0440\u0434\u0438\u043d\u0430\u0446\u0438\u043e\u043d\u043e \u0442\u0435\u043b\u043e\",\"url\":\"https:\\\/\\\/kt.gov.rs\\\/\",\"logo\":{\"@type\":\"ImageObject\",\"inLanguage\":\"sq-AL\",\"@id\":\"https:\\\/\\\/kt.gov.rs\\\/#\\\/schema\\\/logo\\\/image\\\/\",\"url\":\"https:\\\/\\\/kt.gov.rs\\\/wp-content\\\/uploads\\\/2024\\\/12\\\/koord2.jpg\",\"contentUrl\":\"https:\\\/\\\/kt.gov.rs\\\/wp-content\\\/uploads\\\/2024\\\/12\\\/koord2.jpg\",\"width\":640,\"height\":480,\"caption\":\"\u041a\u043e\u043e\u0440\u0434\u0438\u043d\u0430\u0446\u0438\u043e\u043d\u043e \u0442\u0435\u043b\u043e \u0412\u043b\u0430\u0434\u0435 \u0420\u0435\u043f\u0443\u0431\u043b\u0438\u043a\u0435 \u0421\u0440\u0431\u0438\u0458\u0435 \u0437\u0430 \u043e\u043f\u0448\u0442\u0438\u043d\u0435 \u041f\u0440\u0435\u0448\u0435\u0432\u043e, \u0411\u0443\u0458\u0430\u043d\u043e\u0432\u0430\u0446 \u0438 \u041c\u0435\u0434\u0432\u0435\u0452a\"},\"image\":{\"@id\":\"https:\\\/\\\/kt.gov.rs\\\/#\\\/schema\\\/logo\\\/image\\\/\"},\"sameAs\":[\"https:\\\/\\\/www.facebook.com\\\/SluzbaKoordinacionogTelaVladeRepublikeSrbije\",\"https:\\\/\\\/x.com\\\/kt_gov\",\"https:\\\/\\\/www.youtube.com\\\/@koordinacionotelo\"]},{\"@type\":\"Person\",\"@id\":\"https:\\\/\\\/kt.gov.rs\\\/#\\\/schema\\\/person\\\/e426459ddb4173309103390602694571\",\"name\":\"ktmin\",\"image\":{\"@type\":\"ImageObject\",\"inLanguage\":\"sq-AL\",\"@id\":\"https:\\\/\\\/secure.gravatar.com\\\/avatar\\\/3985c961109853010c3fbc7ba30365bfba5db3dd6c525831d9c595c7525a615a?s=96&d=mm&r=g\",\"url\":\"https:\\\/\\\/secure.gravatar.com\\\/avatar\\\/3985c961109853010c3fbc7ba30365bfba5db3dd6c525831d9c595c7525a615a?s=96&d=mm&r=g\",\"contentUrl\":\"https:\\\/\\\/secure.gravatar.com\\\/avatar\\\/3985c961109853010c3fbc7ba30365bfba5db3dd6c525831d9c595c7525a615a?s=96&d=mm&r=g\",\"caption\":\"ktmin\"},\"sameAs\":[\"https:\\\/\\\/kt.gov.rs\"],\"url\":\"https:\\\/\\\/kt.gov.rs\\\/sq\\\/author\\\/ktmin\\\/\"}]}<\/script>\n<!-- \/ Yoast SEO plugin. -->","yoast_head_json":{"title":"15.10.2010. - Republika e S\u00ebrbis\u00eb Trupi Koordinues p\u00ebr komunat Bujanoc, Preshev\u00eb dhe Medvegj\u00eb","robots":{"index":"index","follow":"follow","max-snippet":"max-snippet:-1","max-image-preview":"max-image-preview:large","max-video-preview":"max-video-preview:-1"},"canonical":"https:\/\/kt.gov.rs\/sq\/15-10-2010\/","og_locale":"sq_AL","og_type":"article","og_title":"15.10.2010. - Republika e S\u00ebrbis\u00eb Trupi Koordinues p\u00ebr komunat Bujanoc, Preshev\u00eb dhe Medvegj\u00eb","og_description":"Pas dy vitesh marr\u00ebveshja mbi formimin e pushtetit multietnik n\u00eb Bujanoc BUJANOC \u2013 Serb\u00ebt dhe Shqip\u00ebtar\u00ebt pas dy vitesh negociatash m\u00eb n\u00eb fund\u00eb ran\u00eb dakord p\u00ebr formimin e nj\u00eb qeverie multietnike. Partit\u00eb t\u00eb cilat p\u00ebrfaq\u00ebsojn\u00eb serb\u00ebt n\u00eb koalicionin e ardhsh\u00ebm udh\u00ebheq\u00ebs kan\u00eb marr\u00eb postin e zv\/kryetrit t\u00eb komun\u00ebs, zv\/kryetarit t\u00eb kuvendit komunal, tre kryeshefa, kat\u00ebr an\u00ebtar\u00eb t\u00eb k\u00ebshillit komunal, zv\/drejtorin e Sht\u00ebpis\u00eb s\u00eb sh\u00ebndetit, drejtor\u00eb n\u00eb barnatoren e qytetit si dhe shumic\u00ebn n\u00eb k\u00ebshillat drejtuese ku do t\u00eb ken\u00eb drejtor\u00eb.","og_url":"https:\/\/kt.gov.rs\/sq\/15-10-2010\/","og_site_name":"Republika e S\u00ebrbis\u00eb Trupi Koordinues p\u00ebr komunat Bujanoc, Preshev\u00eb dhe Medvegj\u00eb","article_publisher":"https:\/\/www.facebook.com\/SluzbaKoordinacionogTelaVladeRepublikeSrbije","article_published_time":"2010-10-15T00:00:00+00:00","author":"ktmin","twitter_card":"summary_large_image","twitter_creator":"@kt_gov","twitter_site":"@kt_gov","twitter_misc":{"Written by":"ktmin","Est. reading time":"2 minutes"},"schema":{"@context":"https:\/\/schema.org","@graph":[{"@type":"Article","@id":"https:\/\/kt.gov.rs\/sq\/15-10-2010\/#article","isPartOf":{"@id":"https:\/\/kt.gov.rs\/sq\/15-10-2010\/"},"author":{"name":"ktmin","@id":"https:\/\/kt.gov.rs\/#\/schema\/person\/e426459ddb4173309103390602694571"},"headline":"15.10.2010.","datePublished":"2010-10-15T00:00:00+00:00","mainEntityOfPage":{"@id":"https:\/\/kt.gov.rs\/sq\/15-10-2010\/"},"wordCount":309,"publisher":{"@id":"https:\/\/kt.gov.rs\/#organization"},"articleSection":["Lajme"],"inLanguage":"sq-AL"},{"@type":"WebPage","@id":"https:\/\/kt.gov.rs\/sq\/15-10-2010\/","url":"https:\/\/kt.gov.rs\/sq\/15-10-2010\/","name":"15.10.2010. - Republika e S\u00ebrbis\u00eb Trupi Koordinues p\u00ebr komunat Bujanoc, Preshev\u00eb dhe Medvegj\u00eb","isPartOf":{"@id":"https:\/\/kt.gov.rs\/#website"},"datePublished":"2010-10-15T00:00:00+00:00","breadcrumb":{"@id":"https:\/\/kt.gov.rs\/sq\/15-10-2010\/#breadcrumb"},"inLanguage":"sq-AL","potentialAction":[{"@type":"ReadAction","target":["https:\/\/kt.gov.rs\/sq\/15-10-2010\/"]}]},{"@type":"BreadcrumbList","@id":"https:\/\/kt.gov.rs\/sq\/15-10-2010\/#breadcrumb","itemListElement":[{"@type":"ListItem","position":1,"name":"\u041f\u043e\u0447\u0435\u0442\u043d\u0430","item":"https:\/\/kt.gov.rs\/sq\/"},{"@type":"ListItem","position":2,"name":"15.10.2010."}]},{"@type":"WebSite","@id":"https:\/\/kt.gov.rs\/#website","url":"https:\/\/kt.gov.rs\/","name":"\u041a\u043e\u043e\u0440\u0434\u0438\u043d\u0430\u0446\u0438\u043e\u043d\u043e \u0442\u0435\u043b\u043e \u0412\u043b\u0430\u0434\u0435 \u0420\u0435\u043f\u0443\u0431\u043b\u0438\u043a\u0435 \u0421\u0440\u0431\u0438\u0458\u0435 \u0437\u0430 \u043e\u043f\u0448\u0442\u0438\u043d\u0435 \u041f\u0440\u0435\u0448\u0435\u0432\u043e, \u0411\u0443\u0458\u0430\u043d\u043e\u0432\u0430\u0446 \u0438 \u041c\u0435\u0434\u0432\u0435\u0452a","description":"","publisher":{"@id":"https:\/\/kt.gov.rs\/#organization"},"alternateName":"\u041a\u043e\u043e\u0440\u0434\u0438\u043d\u0430\u0446\u0438\u043e\u043d\u043e \u0442\u0435\u043b\u043e","potentialAction":[{"@type":"SearchAction","target":{"@type":"EntryPoint","urlTemplate":"https:\/\/kt.gov.rs\/?s={search_term_string}"},"query-input":{"@type":"PropertyValueSpecification","valueRequired":true,"valueName":"search_term_string"}}],"inLanguage":"sq-AL"},{"@type":"Organization","@id":"https:\/\/kt.gov.rs\/#organization","name":"\u041a\u043e\u043e\u0440\u0434\u0438\u043d\u0430\u0446\u0438\u043e\u043d\u043e \u0442\u0435\u043b\u043e \u0412\u043b\u0430\u0434\u0435 \u0420\u0435\u043f\u0443\u0431\u043b\u0438\u043a\u0435 \u0421\u0440\u0431\u0438\u0458\u0435 \u0437\u0430 \u043e\u043f\u0448\u0442\u0438\u043d\u0435 \u041f\u0440\u0435\u0448\u0435\u0432\u043e, \u0411\u0443\u0458\u0430\u043d\u043e\u0432\u0430\u0446 \u0438 \u041c\u0435\u0434\u0432\u0435\u0452a","alternateName":"\u041a\u043e\u043e\u0440\u0434\u0438\u043d\u0430\u0446\u0438\u043e\u043d\u043e \u0442\u0435\u043b\u043e","url":"https:\/\/kt.gov.rs\/","logo":{"@type":"ImageObject","inLanguage":"sq-AL","@id":"https:\/\/kt.gov.rs\/#\/schema\/logo\/image\/","url":"https:\/\/kt.gov.rs\/wp-content\/uploads\/2024\/12\/koord2.jpg","contentUrl":"https:\/\/kt.gov.rs\/wp-content\/uploads\/2024\/12\/koord2.jpg","width":640,"height":480,"caption":"\u041a\u043e\u043e\u0440\u0434\u0438\u043d\u0430\u0446\u0438\u043e\u043d\u043e \u0442\u0435\u043b\u043e \u0412\u043b\u0430\u0434\u0435 \u0420\u0435\u043f\u0443\u0431\u043b\u0438\u043a\u0435 \u0421\u0440\u0431\u0438\u0458\u0435 \u0437\u0430 \u043e\u043f\u0448\u0442\u0438\u043d\u0435 \u041f\u0440\u0435\u0448\u0435\u0432\u043e, \u0411\u0443\u0458\u0430\u043d\u043e\u0432\u0430\u0446 \u0438 \u041c\u0435\u0434\u0432\u0435\u0452a"},"image":{"@id":"https:\/\/kt.gov.rs\/#\/schema\/logo\/image\/"},"sameAs":["https:\/\/www.facebook.com\/SluzbaKoordinacionogTelaVladeRepublikeSrbije","https:\/\/x.com\/kt_gov","https:\/\/www.youtube.com\/@koordinacionotelo"]},{"@type":"Person","@id":"https:\/\/kt.gov.rs\/#\/schema\/person\/e426459ddb4173309103390602694571","name":"ktmin","image":{"@type":"ImageObject","inLanguage":"sq-AL","@id":"https:\/\/secure.gravatar.com\/avatar\/3985c961109853010c3fbc7ba30365bfba5db3dd6c525831d9c595c7525a615a?s=96&d=mm&r=g","url":"https:\/\/secure.gravatar.com\/avatar\/3985c961109853010c3fbc7ba30365bfba5db3dd6c525831d9c595c7525a615a?s=96&d=mm&r=g","contentUrl":"https:\/\/secure.gravatar.com\/avatar\/3985c961109853010c3fbc7ba30365bfba5db3dd6c525831d9c595c7525a615a?s=96&d=mm&r=g","caption":"ktmin"},"sameAs":["https:\/\/kt.gov.rs"],"url":"https:\/\/kt.gov.rs\/sq\/author\/ktmin\/"}]}},"_links":{"self":[{"href":"https:\/\/kt.gov.rs\/sq\/wp-json\/wp\/v2\/posts\/142542","targetHints":{"allow":["GET"]}}],"collection":[{"href":"https:\/\/kt.gov.rs\/sq\/wp-json\/wp\/v2\/posts"}],"about":[{"href":"https:\/\/kt.gov.rs\/sq\/wp-json\/wp\/v2\/types\/post"}],"author":[{"embeddable":true,"href":"https:\/\/kt.gov.rs\/sq\/wp-json\/wp\/v2\/users\/1"}],"replies":[{"embeddable":true,"href":"https:\/\/kt.gov.rs\/sq\/wp-json\/wp\/v2\/comments?post=142542"}],"version-history":[{"count":0,"href":"https:\/\/kt.gov.rs\/sq\/wp-json\/wp\/v2\/posts\/142542\/revisions"}],"wp:attachment":[{"href":"https:\/\/kt.gov.rs\/sq\/wp-json\/wp\/v2\/media?parent=142542"}],"wp:term":[{"taxonomy":"category","embeddable":true,"href":"https:\/\/kt.gov.rs\/sq\/wp-json\/wp\/v2\/categories?post=142542"},{"taxonomy":"post_tag","embeddable":true,"href":"https:\/\/kt.gov.rs\/sq\/wp-json\/wp\/v2\/tags?post=142542"}],"curies":[{"name":"wp","href":"https:\/\/api.w.org\/{rel}","templated":true}]}}