{"id":142529,"date":"2010-10-22T00:00:00","date_gmt":"2010-10-22T00:00:00","guid":{"rendered":"http:\/\/kt.printandscreen.rs\/nenshkruhet-marreveshja-per-qeverisjen-multietnike-ne-bujanoc\/"},"modified":"2024-07-30T20:21:38","modified_gmt":"2024-07-30T20:21:38","slug":"nenshkruhet-marreveshja-per-qeverisjen-multietnike-ne-bujanoc","status":"publish","type":"post","link":"https:\/\/kt.gov.rs\/sq\/nenshkruhet-marreveshja-per-qeverisjen-multietnike-ne-bujanoc\/","title":{"rendered":"N\u00cbNSHKRUHET MARR\u00cbVESHJA P\u00cbR QEVERISJEN MULTIETNIKE N\u00cb BUJANOC"},"content":{"rendered":"<p><img decoding=\"async\" align=\"left\" src=\"https:\/\/kt.gov.rs\/wp-content\/uploads\/2024\/07\/newspic457-4.jpg\" alt=\"\" \/>Kryetari i Trupit Koordinues s\u00eb Republik\u00ebs s\u00eb Serbis\u00eb p\u00ebr komunat Presehv\u00eb, Bujanoc dhe Medvegj\u00eb ministr\u00ebr p\u00ebr administrat\u00eb shtet\u00ebrore dhe vet\u00ebadministrim lokal Milan Markoviq dje me p\u00ebrfaq\u00ebsuesit e partive politike Serbe dhe Shqip\u00ebtare ka n\u00ebnshkruar mar\u00ebveshjen p\u00ebr krijimin e pushtetit multietnik n\u00eb Bujanoc.<\/p>\n<p>P\u00ebrpos Markoviqit, dokumentin e n\u00ebnshkruan kryetari i komun\u00ebs s\u00eb Bujanocit Shaip kamberi, kryetari i Partis\u00eb p\u00ebr Veprim Demokratik Riza Halimi, kryetari i L\u00ebvizjes s\u00eb Progresit Demokratik Jonuz Musliu, kryetari i Unionit Demokratik t\u00eb Lugin\u00ebs Mejdi Zeqiri, p\u00ebrfaq\u00ebsuesi i Partis\u00eb Demokratike-koalicioni ,,P\u00ebr Serbin\u00eb Europiane Boris Tadiq\u201d Sasha Peshiq dhe pran grupit t\u00eb qytetar\u00ebve ,,dr. Stojan\u00e7a Arsiq dhe dr. Miodrag Milkoviq\u201d Stojan\u00e7a Arsiq.<\/p>\n<p>Sipas k\u00ebsaj\u00eb marr\u00ebveshje, n\u00eb pushtetin e komun\u00ebs s\u00eb Bujanocit p\u00ebrpos tri partive shqip\u00ebtare do t\u00eb marrin pjes\u00eb edhe dy parti politike serbe dhe nj\u00eb grup i qytetar\u00ebve. Pushtetin do ta p\u00ebrb\u00ebjn\u00eb Partia p\u00ebr Veprim Demokratik e cila ka 13 k\u00ebshill\u00ebtar\u00eb, L\u00ebvizja e Progresit Demokratik me 6 k\u00ebshill\u00ebtar\u00eb, Unioni Demokratik i Lugin\u00ebs me tre k\u00ebshill\u00ebtar\u00eb. Tre k\u00ebshill\u00ebtar\u00eb ka koalicioni ,,P\u00ebr Serbin\u00eb Europiane Boris Tadiq\u201d (dy PD dhe 1 G17+) si dhe grupi i qytetar\u00ebve ,,dr. Stojan\u00e7a Arsiq dhe dr. Miodrag Milkoviq\u201d.<\/p>\n<p>Dokumenti parasheh q\u00eb partit\u00eb Serbe t\u00eb marrin postin e z\u00ebvend\u00ebskryetarit t\u00eb komun\u00ebs, postin e z\u00ebvend\u00ebskryetarit t\u00eb kuvendit komunal, nj\u00eb kryeshef n\u00eb qeverin\u00eb komunale, kat\u00ebr an\u00ebtar\u00eb t\u00eb k\u00ebshillit komunal, postin e drejtorit t\u00eb barnatores, bibliotek\u00ebs si dhe z\u00ebvend\u00ebsdrejtorin e Sht\u00ebpis\u00eb s\u00eb Sh\u00ebndetit.<br \/>\nP\u00ebrfaq\u00ebsuesit e partive politike Serbe dhe Shqip\u00ebtare t\u00eb cilat do t\u00eb p\u00ebrb\u00ebjn\u00eb qeverin\u00eb e ardhshme n\u00eb kuvendin komunal t\u00eb Bujanocit deklaruan se p\u00ebrfitim m\u00eb t\u00eb madh nga ky koalicion do ta ken\u00eb vet\u00eb qytetar\u00ebt e k\u00ebsaj komune.<\/p>\n<p>Kryetari i Trupit Koordinues deklaroi se zgjerimi i pushtetit me k\u00ebshill\u00ebtar\u00eb serb \u00ebsht\u00eb nj\u00eb porosi se bashk\u00ebpunimi \u00ebsht\u00eb kushti themelor\u00eb p\u00ebr nj\u00eb jet\u00eb normale t\u00eb qytetar\u00ebve.<\/p>\n<p>,,Ky \u00ebsht\u00eb nj\u00eb nga sukseset q\u00eb ne kemi arritur n\u00eb dy vitet e fundit nd\u00ebrsa nga qeveria e re pres t\u00eb jet\u00eb e p\u00ebrgjegjshme dhe t\u00eb p\u00ebrkujdeset p\u00ebr qytetar\u00ebt e saj\u00eb\u201d, deklaroi Markoviq. Ai shtoi se me zgjerimin e pushtetit lokal mund\u00ebsohet integrimi sa m\u00eb i shpejt\u00eb i Shqip\u00ebtar\u00ebve n\u00eb institucionet shtet\u00ebrore si dhe stabiliteti politik duke shpresuar se e nj\u00ebjta gj\u00eb do t\u00eb ndodh\u00eb edhe n\u00eb Preshev\u00eb.<\/p>\n<p>Riza Halimi, deputet popullor\u00eb, gjithashtu shprehu bindjen se nj\u00eb marr\u00ebveshje e k\u00ebtill\u00eb do t\u00eb n\u00ebnshkruhet edhe n\u00eb Preshev\u00eb, duke shtuar se krijimi i qeveris\u00eb multietnike do t\u2019i jap\u00eb kurajo Qeveris\u00eb qendrore q\u00eb n\u00eb m\u00ebnyr\u00eb m\u00eb t\u00eb guximshme t\u00eb merren me integrimin e Shqip\u00ebtar\u00ebve n\u00eb institucionet shtet\u00ebrore si dhe angazhim m\u00eb t\u00eb madh n\u00eb revitalizimin ekonomik t\u00eb k\u00ebsaj treve.<\/p>\n<p>Shaip Kamberi, kryetari i komun\u00ebs s\u00eb Bujanocit teksoi se dy parti serbe do t\u00eb ken\u00eb z\u00ebvend\u00ebskryetarin e komun\u00ebs dhe z\u00ebvend\u00ebskryetarin e kuvendit komunal, kat\u00ebr an\u00ebtar\u00eb t\u00eb k\u00ebshillit komunal si dhe fungsione t\u00eb r\u00ebnd\u00ebsishme n\u00eb disa sip\u00ebrmarrje publike dhe institucione, nd\u00ebrsa marr\u00ebveshja do t\u2019u mund\u00ebsoj\u00eb Shqip\u00ebtar\u00ebve integrim sa m\u00eb t\u00eb shpejt\u00eb n\u00eb institucionet shtet\u00ebrore.<\/p>\n<p><img decoding=\"async\" align=\"left\" src=\"https:\/\/kt.gov.rs\/wp-content\/uploads\/2024\/07\/newspic458-2.jpg\" alt=\"\" \/>N\u00eb n\u00ebnshkrimin e k\u00ebsaj marr\u00ebveshje mori pjes\u00eb edhe kryeshefi i OSBE-s\u00eb n\u00eb Serbi Dimitrios Kipreos i cili p\u00ebrsh\u00ebndeti n\u00ebnshkrimin e k\u00ebsaj marr\u00ebveshje mbi pushtetin lokal multietnik n\u00eb Bujanoc duke theksuar se k\u00ebtu b\u00ebhet fjal\u00eb p\u00ebr nj\u00eb hap\u00eb shum\u00eb t\u00eb r\u00ebnd\u00ebsish\u00ebm.<\/p>\n<p>,,N\u00ebnshkrimi i marr\u00ebveshjes nga ana e lider\u00ebve Shqip\u00ebatar\u00eb p\u00ebr formimin e nj\u00eb pushteti lokal me p\u00ebrfaq\u00ebsuesit Serb\u00eb q\u00eb s\u00eb bashku t\u00eb udh\u00ebheqin komun\u00ebn, paraqet nj\u00eb hap\u00eb t\u00eb r\u00ebnd\u00ebsish\u00ebm p\u00ebr t\u00eb gjith\u00eb banor\u00ebt e Bujanocit dhe nj\u00eb bashk\u00ebpunim konstruktiv n\u00eb mes dy pal\u00ebve\u201d theksoi Kipreos.<\/p>\n<p>,,Vler\u00ebsojm\u00eb rolin e kryetarit t\u00eb Trupit Koordinues ministrit Milan Markoviq p\u00ebr arritjen e k\u00ebsaj marr\u00ebveshje dhe inkurajojm\u00eb t\u00eb dy pal\u00ebt q\u00eb t\u00eb b\u00ebjn\u00eb hapa t\u00eb m\u00ebtutjeshme n\u00eb procesin e integrimit t\u00eb Shqip\u00ebtar\u00ebve n\u00eb institucionet shtet\u00ebrore, ashtu siq \u00ebsht\u00eb parapar\u00eb me marr\u00ebveshjen e vitit 2009\u201d shtoi Kipreos.<\/p>\n<p>Marr\u00ebveshja \u00ebsht\u00eb baz\u00eb p\u00ebr zgjidhjen e problemeve t\u00eb Serb\u00ebve, Shqip\u00ebtar\u00ebve dhe Rom\u00ebve n\u00eb Bujanoc.<\/p>\n","protected":false},"excerpt":{"rendered":"<p>Kryetari i Trupit Koordinues s\u00eb Republik\u00ebs s\u00eb Serbis\u00eb p\u00ebr komunat  Presehv\u00eb, Bujanoc dhe Medvegj\u00eb ministr\u00ebr p\u00ebr administrat\u00eb shtet\u00ebrore dhe  vet\u00ebadministrim lokal Milan Markoviq dje me p\u00ebrfaq\u00ebsuesit e partive  politike Serbe dhe Shqip\u00ebtare ka n\u00ebnshkruar mar\u00ebveshjen p\u00ebr krijimin e  pushtetit multietnik n\u00eb Bujanoc.<\/p>\n","protected":false},"author":1,"featured_media":142537,"comment_status":"closed","ping_status":"closed","sticky":false,"template":"","format":"standard","meta":{"footnotes":""},"categories":[55],"tags":[],"class_list":["post-142529","post","type-post","status-publish","format-standard","has-post-thumbnail","hentry","category-lajme"],"yoast_head":"<!-- This site is optimized with the Yoast SEO plugin v27.5 - https:\/\/yoast.com\/product\/yoast-seo-wordpress\/ -->\n<title>N\u00cbNSHKRUHET MARR\u00cbVESHJA P\u00cbR QEVERISJEN MULTIETNIKE N\u00cb BUJANOC - Republika e S\u00ebrbis\u00eb Trupi Koordinues p\u00ebr komunat Bujanoc, Preshev\u00eb dhe Medvegj\u00eb<\/title>\n<meta name=\"robots\" content=\"index, follow, max-snippet:-1, max-image-preview:large, max-video-preview:-1\" \/>\n<link rel=\"canonical\" href=\"https:\/\/kt.gov.rs\/sq\/nenshkruhet-marreveshja-per-qeverisjen-multietnike-ne-bujanoc\/\" \/>\n<meta property=\"og:locale\" content=\"sq_AL\" \/>\n<meta property=\"og:type\" content=\"article\" \/>\n<meta property=\"og:title\" content=\"N\u00cbNSHKRUHET MARR\u00cbVESHJA P\u00cbR QEVERISJEN MULTIETNIKE N\u00cb BUJANOC - Republika e S\u00ebrbis\u00eb Trupi Koordinues p\u00ebr komunat Bujanoc, Preshev\u00eb dhe Medvegj\u00eb\" \/>\n<meta property=\"og:description\" content=\"Kryetari i Trupit Koordinues s\u00eb Republik\u00ebs s\u00eb Serbis\u00eb p\u00ebr komunat Presehv\u00eb, Bujanoc dhe Medvegj\u00eb ministr\u00ebr p\u00ebr administrat\u00eb shtet\u00ebrore dhe vet\u00ebadministrim lokal Milan Markoviq dje me p\u00ebrfaq\u00ebsuesit e partive politike Serbe dhe Shqip\u00ebtare ka n\u00ebnshkruar mar\u00ebveshjen p\u00ebr krijimin e pushtetit multietnik n\u00eb Bujanoc.\" \/>\n<meta property=\"og:url\" content=\"https:\/\/kt.gov.rs\/sq\/nenshkruhet-marreveshja-per-qeverisjen-multietnike-ne-bujanoc\/\" \/>\n<meta property=\"og:site_name\" content=\"Republika e S\u00ebrbis\u00eb Trupi Koordinues p\u00ebr komunat Bujanoc, Preshev\u00eb dhe Medvegj\u00eb\" \/>\n<meta property=\"article:publisher\" content=\"https:\/\/www.facebook.com\/SluzbaKoordinacionogTelaVladeRepublikeSrbije\" \/>\n<meta property=\"article:published_time\" content=\"2010-10-22T00:00:00+00:00\" \/>\n<meta property=\"article:modified_time\" content=\"2024-07-30T20:21:38+00:00\" \/>\n<meta property=\"og:image\" content=\"https:\/\/kt.gov.rs\/wp-content\/uploads\/2024\/07\/newspic457-5.jpg\" \/>\n\t<meta property=\"og:image:width\" content=\"265\" \/>\n\t<meta property=\"og:image:height\" content=\"176\" \/>\n\t<meta property=\"og:image:type\" content=\"image\/jpeg\" \/>\n<meta name=\"author\" content=\"ktmin\" \/>\n<meta name=\"twitter:card\" content=\"summary_large_image\" \/>\n<meta name=\"twitter:creator\" content=\"@kt_gov\" \/>\n<meta name=\"twitter:site\" content=\"@kt_gov\" \/>\n<meta name=\"twitter:label1\" content=\"Written by\" \/>\n\t<meta name=\"twitter:data1\" content=\"ktmin\" \/>\n\t<meta name=\"twitter:label2\" content=\"Est. reading time\" \/>\n\t<meta name=\"twitter:data2\" content=\"4 minutes\" \/>\n<script type=\"application\/ld+json\" class=\"yoast-schema-graph\">{\"@context\":\"https:\\\/\\\/schema.org\",\"@graph\":[{\"@type\":\"Article\",\"@id\":\"https:\\\/\\\/kt.gov.rs\\\/sq\\\/nenshkruhet-marreveshja-per-qeverisjen-multietnike-ne-bujanoc\\\/#article\",\"isPartOf\":{\"@id\":\"https:\\\/\\\/kt.gov.rs\\\/sq\\\/nenshkruhet-marreveshja-per-qeverisjen-multietnike-ne-bujanoc\\\/\"},\"author\":{\"name\":\"ktmin\",\"@id\":\"https:\\\/\\\/kt.gov.rs\\\/#\\\/schema\\\/person\\\/e426459ddb4173309103390602694571\"},\"headline\":\"N\u00cbNSHKRUHET MARR\u00cbVESHJA P\u00cbR QEVERISJEN MULTIETNIKE N\u00cb BUJANOC\",\"datePublished\":\"2010-10-22T00:00:00+00:00\",\"dateModified\":\"2024-07-30T20:21:38+00:00\",\"mainEntityOfPage\":{\"@id\":\"https:\\\/\\\/kt.gov.rs\\\/sq\\\/nenshkruhet-marreveshja-per-qeverisjen-multietnike-ne-bujanoc\\\/\"},\"wordCount\":773,\"publisher\":{\"@id\":\"https:\\\/\\\/kt.gov.rs\\\/#organization\"},\"image\":{\"@id\":\"https:\\\/\\\/kt.gov.rs\\\/sq\\\/nenshkruhet-marreveshja-per-qeverisjen-multietnike-ne-bujanoc\\\/#primaryimage\"},\"thumbnailUrl\":\"https:\\\/\\\/kt.gov.rs\\\/wp-content\\\/uploads\\\/2024\\\/07\\\/newspic457-5.jpg\",\"articleSection\":[\"Lajme\"],\"inLanguage\":\"sq-AL\"},{\"@type\":\"WebPage\",\"@id\":\"https:\\\/\\\/kt.gov.rs\\\/sq\\\/nenshkruhet-marreveshja-per-qeverisjen-multietnike-ne-bujanoc\\\/\",\"url\":\"https:\\\/\\\/kt.gov.rs\\\/sq\\\/nenshkruhet-marreveshja-per-qeverisjen-multietnike-ne-bujanoc\\\/\",\"name\":\"N\u00cbNSHKRUHET MARR\u00cbVESHJA P\u00cbR QEVERISJEN MULTIETNIKE N\u00cb BUJANOC - Republika e S\u00ebrbis\u00eb Trupi Koordinues p\u00ebr komunat Bujanoc, Preshev\u00eb dhe Medvegj\u00eb\",\"isPartOf\":{\"@id\":\"https:\\\/\\\/kt.gov.rs\\\/#website\"},\"primaryImageOfPage\":{\"@id\":\"https:\\\/\\\/kt.gov.rs\\\/sq\\\/nenshkruhet-marreveshja-per-qeverisjen-multietnike-ne-bujanoc\\\/#primaryimage\"},\"image\":{\"@id\":\"https:\\\/\\\/kt.gov.rs\\\/sq\\\/nenshkruhet-marreveshja-per-qeverisjen-multietnike-ne-bujanoc\\\/#primaryimage\"},\"thumbnailUrl\":\"https:\\\/\\\/kt.gov.rs\\\/wp-content\\\/uploads\\\/2024\\\/07\\\/newspic457-5.jpg\",\"datePublished\":\"2010-10-22T00:00:00+00:00\",\"dateModified\":\"2024-07-30T20:21:38+00:00\",\"breadcrumb\":{\"@id\":\"https:\\\/\\\/kt.gov.rs\\\/sq\\\/nenshkruhet-marreveshja-per-qeverisjen-multietnike-ne-bujanoc\\\/#breadcrumb\"},\"inLanguage\":\"sq-AL\",\"potentialAction\":[{\"@type\":\"ReadAction\",\"target\":[\"https:\\\/\\\/kt.gov.rs\\\/sq\\\/nenshkruhet-marreveshja-per-qeverisjen-multietnike-ne-bujanoc\\\/\"]}]},{\"@type\":\"ImageObject\",\"inLanguage\":\"sq-AL\",\"@id\":\"https:\\\/\\\/kt.gov.rs\\\/sq\\\/nenshkruhet-marreveshja-per-qeverisjen-multietnike-ne-bujanoc\\\/#primaryimage\",\"url\":\"https:\\\/\\\/kt.gov.rs\\\/wp-content\\\/uploads\\\/2024\\\/07\\\/newspic457-5.jpg\",\"contentUrl\":\"https:\\\/\\\/kt.gov.rs\\\/wp-content\\\/uploads\\\/2024\\\/07\\\/newspic457-5.jpg\",\"width\":265,\"height\":176},{\"@type\":\"BreadcrumbList\",\"@id\":\"https:\\\/\\\/kt.gov.rs\\\/sq\\\/nenshkruhet-marreveshja-per-qeverisjen-multietnike-ne-bujanoc\\\/#breadcrumb\",\"itemListElement\":[{\"@type\":\"ListItem\",\"position\":1,\"name\":\"\u041f\u043e\u0447\u0435\u0442\u043d\u0430\",\"item\":\"https:\\\/\\\/kt.gov.rs\\\/sq\\\/\"},{\"@type\":\"ListItem\",\"position\":2,\"name\":\"N\u00cbNSHKRUHET MARR\u00cbVESHJA P\u00cbR QEVERISJEN MULTIETNIKE N\u00cb BUJANOC\"}]},{\"@type\":\"WebSite\",\"@id\":\"https:\\\/\\\/kt.gov.rs\\\/#website\",\"url\":\"https:\\\/\\\/kt.gov.rs\\\/\",\"name\":\"\u041a\u043e\u043e\u0440\u0434\u0438\u043d\u0430\u0446\u0438\u043e\u043d\u043e \u0442\u0435\u043b\u043e \u0412\u043b\u0430\u0434\u0435 \u0420\u0435\u043f\u0443\u0431\u043b\u0438\u043a\u0435 \u0421\u0440\u0431\u0438\u0458\u0435 \u0437\u0430 \u043e\u043f\u0448\u0442\u0438\u043d\u0435 \u041f\u0440\u0435\u0448\u0435\u0432\u043e, \u0411\u0443\u0458\u0430\u043d\u043e\u0432\u0430\u0446 \u0438 \u041c\u0435\u0434\u0432\u0435\u0452a\",\"description\":\"\",\"publisher\":{\"@id\":\"https:\\\/\\\/kt.gov.rs\\\/#organization\"},\"alternateName\":\"\u041a\u043e\u043e\u0440\u0434\u0438\u043d\u0430\u0446\u0438\u043e\u043d\u043e \u0442\u0435\u043b\u043e\",\"potentialAction\":[{\"@type\":\"SearchAction\",\"target\":{\"@type\":\"EntryPoint\",\"urlTemplate\":\"https:\\\/\\\/kt.gov.rs\\\/?s={search_term_string}\"},\"query-input\":{\"@type\":\"PropertyValueSpecification\",\"valueRequired\":true,\"valueName\":\"search_term_string\"}}],\"inLanguage\":\"sq-AL\"},{\"@type\":\"Organization\",\"@id\":\"https:\\\/\\\/kt.gov.rs\\\/#organization\",\"name\":\"\u041a\u043e\u043e\u0440\u0434\u0438\u043d\u0430\u0446\u0438\u043e\u043d\u043e \u0442\u0435\u043b\u043e \u0412\u043b\u0430\u0434\u0435 \u0420\u0435\u043f\u0443\u0431\u043b\u0438\u043a\u0435 \u0421\u0440\u0431\u0438\u0458\u0435 \u0437\u0430 \u043e\u043f\u0448\u0442\u0438\u043d\u0435 \u041f\u0440\u0435\u0448\u0435\u0432\u043e, \u0411\u0443\u0458\u0430\u043d\u043e\u0432\u0430\u0446 \u0438 \u041c\u0435\u0434\u0432\u0435\u0452a\",\"alternateName\":\"\u041a\u043e\u043e\u0440\u0434\u0438\u043d\u0430\u0446\u0438\u043e\u043d\u043e \u0442\u0435\u043b\u043e\",\"url\":\"https:\\\/\\\/kt.gov.rs\\\/\",\"logo\":{\"@type\":\"ImageObject\",\"inLanguage\":\"sq-AL\",\"@id\":\"https:\\\/\\\/kt.gov.rs\\\/#\\\/schema\\\/logo\\\/image\\\/\",\"url\":\"https:\\\/\\\/kt.gov.rs\\\/wp-content\\\/uploads\\\/2024\\\/12\\\/koord2.jpg\",\"contentUrl\":\"https:\\\/\\\/kt.gov.rs\\\/wp-content\\\/uploads\\\/2024\\\/12\\\/koord2.jpg\",\"width\":640,\"height\":480,\"caption\":\"\u041a\u043e\u043e\u0440\u0434\u0438\u043d\u0430\u0446\u0438\u043e\u043d\u043e \u0442\u0435\u043b\u043e \u0412\u043b\u0430\u0434\u0435 \u0420\u0435\u043f\u0443\u0431\u043b\u0438\u043a\u0435 \u0421\u0440\u0431\u0438\u0458\u0435 \u0437\u0430 \u043e\u043f\u0448\u0442\u0438\u043d\u0435 \u041f\u0440\u0435\u0448\u0435\u0432\u043e, \u0411\u0443\u0458\u0430\u043d\u043e\u0432\u0430\u0446 \u0438 \u041c\u0435\u0434\u0432\u0435\u0452a\"},\"image\":{\"@id\":\"https:\\\/\\\/kt.gov.rs\\\/#\\\/schema\\\/logo\\\/image\\\/\"},\"sameAs\":[\"https:\\\/\\\/www.facebook.com\\\/SluzbaKoordinacionogTelaVladeRepublikeSrbije\",\"https:\\\/\\\/x.com\\\/kt_gov\",\"https:\\\/\\\/www.youtube.com\\\/@koordinacionotelo\"]},{\"@type\":\"Person\",\"@id\":\"https:\\\/\\\/kt.gov.rs\\\/#\\\/schema\\\/person\\\/e426459ddb4173309103390602694571\",\"name\":\"ktmin\",\"image\":{\"@type\":\"ImageObject\",\"inLanguage\":\"sq-AL\",\"@id\":\"https:\\\/\\\/secure.gravatar.com\\\/avatar\\\/3985c961109853010c3fbc7ba30365bfba5db3dd6c525831d9c595c7525a615a?s=96&d=mm&r=g\",\"url\":\"https:\\\/\\\/secure.gravatar.com\\\/avatar\\\/3985c961109853010c3fbc7ba30365bfba5db3dd6c525831d9c595c7525a615a?s=96&d=mm&r=g\",\"contentUrl\":\"https:\\\/\\\/secure.gravatar.com\\\/avatar\\\/3985c961109853010c3fbc7ba30365bfba5db3dd6c525831d9c595c7525a615a?s=96&d=mm&r=g\",\"caption\":\"ktmin\"},\"sameAs\":[\"https:\\\/\\\/kt.gov.rs\"],\"url\":\"https:\\\/\\\/kt.gov.rs\\\/sq\\\/author\\\/ktmin\\\/\"}]}<\/script>\n<!-- \/ Yoast SEO plugin. -->","yoast_head_json":{"title":"N\u00cbNSHKRUHET MARR\u00cbVESHJA P\u00cbR QEVERISJEN MULTIETNIKE N\u00cb BUJANOC - Republika e S\u00ebrbis\u00eb Trupi Koordinues p\u00ebr komunat Bujanoc, Preshev\u00eb dhe Medvegj\u00eb","robots":{"index":"index","follow":"follow","max-snippet":"max-snippet:-1","max-image-preview":"max-image-preview:large","max-video-preview":"max-video-preview:-1"},"canonical":"https:\/\/kt.gov.rs\/sq\/nenshkruhet-marreveshja-per-qeverisjen-multietnike-ne-bujanoc\/","og_locale":"sq_AL","og_type":"article","og_title":"N\u00cbNSHKRUHET MARR\u00cbVESHJA P\u00cbR QEVERISJEN MULTIETNIKE N\u00cb BUJANOC - Republika e S\u00ebrbis\u00eb Trupi Koordinues p\u00ebr komunat Bujanoc, Preshev\u00eb dhe Medvegj\u00eb","og_description":"Kryetari i Trupit Koordinues s\u00eb Republik\u00ebs s\u00eb Serbis\u00eb p\u00ebr komunat Presehv\u00eb, Bujanoc dhe Medvegj\u00eb ministr\u00ebr p\u00ebr administrat\u00eb shtet\u00ebrore dhe vet\u00ebadministrim lokal Milan Markoviq dje me p\u00ebrfaq\u00ebsuesit e partive politike Serbe dhe Shqip\u00ebtare ka n\u00ebnshkruar mar\u00ebveshjen p\u00ebr krijimin e pushtetit multietnik n\u00eb Bujanoc.","og_url":"https:\/\/kt.gov.rs\/sq\/nenshkruhet-marreveshja-per-qeverisjen-multietnike-ne-bujanoc\/","og_site_name":"Republika e S\u00ebrbis\u00eb Trupi Koordinues p\u00ebr komunat Bujanoc, Preshev\u00eb dhe Medvegj\u00eb","article_publisher":"https:\/\/www.facebook.com\/SluzbaKoordinacionogTelaVladeRepublikeSrbije","article_published_time":"2010-10-22T00:00:00+00:00","article_modified_time":"2024-07-30T20:21:38+00:00","og_image":[{"width":265,"height":176,"url":"https:\/\/kt.gov.rs\/wp-content\/uploads\/2024\/07\/newspic457-5.jpg","type":"image\/jpeg"}],"author":"ktmin","twitter_card":"summary_large_image","twitter_creator":"@kt_gov","twitter_site":"@kt_gov","twitter_misc":{"Written by":"ktmin","Est. reading time":"4 minutes"},"schema":{"@context":"https:\/\/schema.org","@graph":[{"@type":"Article","@id":"https:\/\/kt.gov.rs\/sq\/nenshkruhet-marreveshja-per-qeverisjen-multietnike-ne-bujanoc\/#article","isPartOf":{"@id":"https:\/\/kt.gov.rs\/sq\/nenshkruhet-marreveshja-per-qeverisjen-multietnike-ne-bujanoc\/"},"author":{"name":"ktmin","@id":"https:\/\/kt.gov.rs\/#\/schema\/person\/e426459ddb4173309103390602694571"},"headline":"N\u00cbNSHKRUHET MARR\u00cbVESHJA P\u00cbR QEVERISJEN MULTIETNIKE N\u00cb BUJANOC","datePublished":"2010-10-22T00:00:00+00:00","dateModified":"2024-07-30T20:21:38+00:00","mainEntityOfPage":{"@id":"https:\/\/kt.gov.rs\/sq\/nenshkruhet-marreveshja-per-qeverisjen-multietnike-ne-bujanoc\/"},"wordCount":773,"publisher":{"@id":"https:\/\/kt.gov.rs\/#organization"},"image":{"@id":"https:\/\/kt.gov.rs\/sq\/nenshkruhet-marreveshja-per-qeverisjen-multietnike-ne-bujanoc\/#primaryimage"},"thumbnailUrl":"https:\/\/kt.gov.rs\/wp-content\/uploads\/2024\/07\/newspic457-5.jpg","articleSection":["Lajme"],"inLanguage":"sq-AL"},{"@type":"WebPage","@id":"https:\/\/kt.gov.rs\/sq\/nenshkruhet-marreveshja-per-qeverisjen-multietnike-ne-bujanoc\/","url":"https:\/\/kt.gov.rs\/sq\/nenshkruhet-marreveshja-per-qeverisjen-multietnike-ne-bujanoc\/","name":"N\u00cbNSHKRUHET MARR\u00cbVESHJA P\u00cbR QEVERISJEN MULTIETNIKE N\u00cb BUJANOC - Republika e S\u00ebrbis\u00eb Trupi Koordinues p\u00ebr komunat Bujanoc, Preshev\u00eb dhe Medvegj\u00eb","isPartOf":{"@id":"https:\/\/kt.gov.rs\/#website"},"primaryImageOfPage":{"@id":"https:\/\/kt.gov.rs\/sq\/nenshkruhet-marreveshja-per-qeverisjen-multietnike-ne-bujanoc\/#primaryimage"},"image":{"@id":"https:\/\/kt.gov.rs\/sq\/nenshkruhet-marreveshja-per-qeverisjen-multietnike-ne-bujanoc\/#primaryimage"},"thumbnailUrl":"https:\/\/kt.gov.rs\/wp-content\/uploads\/2024\/07\/newspic457-5.jpg","datePublished":"2010-10-22T00:00:00+00:00","dateModified":"2024-07-30T20:21:38+00:00","breadcrumb":{"@id":"https:\/\/kt.gov.rs\/sq\/nenshkruhet-marreveshja-per-qeverisjen-multietnike-ne-bujanoc\/#breadcrumb"},"inLanguage":"sq-AL","potentialAction":[{"@type":"ReadAction","target":["https:\/\/kt.gov.rs\/sq\/nenshkruhet-marreveshja-per-qeverisjen-multietnike-ne-bujanoc\/"]}]},{"@type":"ImageObject","inLanguage":"sq-AL","@id":"https:\/\/kt.gov.rs\/sq\/nenshkruhet-marreveshja-per-qeverisjen-multietnike-ne-bujanoc\/#primaryimage","url":"https:\/\/kt.gov.rs\/wp-content\/uploads\/2024\/07\/newspic457-5.jpg","contentUrl":"https:\/\/kt.gov.rs\/wp-content\/uploads\/2024\/07\/newspic457-5.jpg","width":265,"height":176},{"@type":"BreadcrumbList","@id":"https:\/\/kt.gov.rs\/sq\/nenshkruhet-marreveshja-per-qeverisjen-multietnike-ne-bujanoc\/#breadcrumb","itemListElement":[{"@type":"ListItem","position":1,"name":"\u041f\u043e\u0447\u0435\u0442\u043d\u0430","item":"https:\/\/kt.gov.rs\/sq\/"},{"@type":"ListItem","position":2,"name":"N\u00cbNSHKRUHET MARR\u00cbVESHJA P\u00cbR QEVERISJEN MULTIETNIKE N\u00cb BUJANOC"}]},{"@type":"WebSite","@id":"https:\/\/kt.gov.rs\/#website","url":"https:\/\/kt.gov.rs\/","name":"\u041a\u043e\u043e\u0440\u0434\u0438\u043d\u0430\u0446\u0438\u043e\u043d\u043e \u0442\u0435\u043b\u043e \u0412\u043b\u0430\u0434\u0435 \u0420\u0435\u043f\u0443\u0431\u043b\u0438\u043a\u0435 \u0421\u0440\u0431\u0438\u0458\u0435 \u0437\u0430 \u043e\u043f\u0448\u0442\u0438\u043d\u0435 \u041f\u0440\u0435\u0448\u0435\u0432\u043e, \u0411\u0443\u0458\u0430\u043d\u043e\u0432\u0430\u0446 \u0438 \u041c\u0435\u0434\u0432\u0435\u0452a","description":"","publisher":{"@id":"https:\/\/kt.gov.rs\/#organization"},"alternateName":"\u041a\u043e\u043e\u0440\u0434\u0438\u043d\u0430\u0446\u0438\u043e\u043d\u043e \u0442\u0435\u043b\u043e","potentialAction":[{"@type":"SearchAction","target":{"@type":"EntryPoint","urlTemplate":"https:\/\/kt.gov.rs\/?s={search_term_string}"},"query-input":{"@type":"PropertyValueSpecification","valueRequired":true,"valueName":"search_term_string"}}],"inLanguage":"sq-AL"},{"@type":"Organization","@id":"https:\/\/kt.gov.rs\/#organization","name":"\u041a\u043e\u043e\u0440\u0434\u0438\u043d\u0430\u0446\u0438\u043e\u043d\u043e \u0442\u0435\u043b\u043e \u0412\u043b\u0430\u0434\u0435 \u0420\u0435\u043f\u0443\u0431\u043b\u0438\u043a\u0435 \u0421\u0440\u0431\u0438\u0458\u0435 \u0437\u0430 \u043e\u043f\u0448\u0442\u0438\u043d\u0435 \u041f\u0440\u0435\u0448\u0435\u0432\u043e, \u0411\u0443\u0458\u0430\u043d\u043e\u0432\u0430\u0446 \u0438 \u041c\u0435\u0434\u0432\u0435\u0452a","alternateName":"\u041a\u043e\u043e\u0440\u0434\u0438\u043d\u0430\u0446\u0438\u043e\u043d\u043e \u0442\u0435\u043b\u043e","url":"https:\/\/kt.gov.rs\/","logo":{"@type":"ImageObject","inLanguage":"sq-AL","@id":"https:\/\/kt.gov.rs\/#\/schema\/logo\/image\/","url":"https:\/\/kt.gov.rs\/wp-content\/uploads\/2024\/12\/koord2.jpg","contentUrl":"https:\/\/kt.gov.rs\/wp-content\/uploads\/2024\/12\/koord2.jpg","width":640,"height":480,"caption":"\u041a\u043e\u043e\u0440\u0434\u0438\u043d\u0430\u0446\u0438\u043e\u043d\u043e \u0442\u0435\u043b\u043e \u0412\u043b\u0430\u0434\u0435 \u0420\u0435\u043f\u0443\u0431\u043b\u0438\u043a\u0435 \u0421\u0440\u0431\u0438\u0458\u0435 \u0437\u0430 \u043e\u043f\u0448\u0442\u0438\u043d\u0435 \u041f\u0440\u0435\u0448\u0435\u0432\u043e, \u0411\u0443\u0458\u0430\u043d\u043e\u0432\u0430\u0446 \u0438 \u041c\u0435\u0434\u0432\u0435\u0452a"},"image":{"@id":"https:\/\/kt.gov.rs\/#\/schema\/logo\/image\/"},"sameAs":["https:\/\/www.facebook.com\/SluzbaKoordinacionogTelaVladeRepublikeSrbije","https:\/\/x.com\/kt_gov","https:\/\/www.youtube.com\/@koordinacionotelo"]},{"@type":"Person","@id":"https:\/\/kt.gov.rs\/#\/schema\/person\/e426459ddb4173309103390602694571","name":"ktmin","image":{"@type":"ImageObject","inLanguage":"sq-AL","@id":"https:\/\/secure.gravatar.com\/avatar\/3985c961109853010c3fbc7ba30365bfba5db3dd6c525831d9c595c7525a615a?s=96&d=mm&r=g","url":"https:\/\/secure.gravatar.com\/avatar\/3985c961109853010c3fbc7ba30365bfba5db3dd6c525831d9c595c7525a615a?s=96&d=mm&r=g","contentUrl":"https:\/\/secure.gravatar.com\/avatar\/3985c961109853010c3fbc7ba30365bfba5db3dd6c525831d9c595c7525a615a?s=96&d=mm&r=g","caption":"ktmin"},"sameAs":["https:\/\/kt.gov.rs"],"url":"https:\/\/kt.gov.rs\/sq\/author\/ktmin\/"}]}},"_links":{"self":[{"href":"https:\/\/kt.gov.rs\/sq\/wp-json\/wp\/v2\/posts\/142529","targetHints":{"allow":["GET"]}}],"collection":[{"href":"https:\/\/kt.gov.rs\/sq\/wp-json\/wp\/v2\/posts"}],"about":[{"href":"https:\/\/kt.gov.rs\/sq\/wp-json\/wp\/v2\/types\/post"}],"author":[{"embeddable":true,"href":"https:\/\/kt.gov.rs\/sq\/wp-json\/wp\/v2\/users\/1"}],"replies":[{"embeddable":true,"href":"https:\/\/kt.gov.rs\/sq\/wp-json\/wp\/v2\/comments?post=142529"}],"version-history":[{"count":1,"href":"https:\/\/kt.gov.rs\/sq\/wp-json\/wp\/v2\/posts\/142529\/revisions"}],"predecessor-version":[{"id":142536,"href":"https:\/\/kt.gov.rs\/sq\/wp-json\/wp\/v2\/posts\/142529\/revisions\/142536"}],"wp:featuredmedia":[{"embeddable":true,"href":"https:\/\/kt.gov.rs\/sq\/wp-json\/wp\/v2\/media\/142537"}],"wp:attachment":[{"href":"https:\/\/kt.gov.rs\/sq\/wp-json\/wp\/v2\/media?parent=142529"}],"wp:term":[{"taxonomy":"category","embeddable":true,"href":"https:\/\/kt.gov.rs\/sq\/wp-json\/wp\/v2\/categories?post=142529"},{"taxonomy":"post_tag","embeddable":true,"href":"https:\/\/kt.gov.rs\/sq\/wp-json\/wp\/v2\/tags?post=142529"}],"curies":[{"name":"wp","href":"https:\/\/api.w.org\/{rel}","templated":true}]}}