{"id":142525,"date":"2010-10-29T00:00:00","date_gmt":"2010-10-29T00:00:00","guid":{"rendered":"http:\/\/kt.printandscreen.rs\/29-10-2010\/"},"modified":"2010-10-29T00:00:00","modified_gmt":"2010-10-29T00:00:00","slug":"29-10-2010","status":"publish","type":"post","link":"https:\/\/kt.gov.rs\/sq\/29-10-2010\/","title":{"rendered":"29.10.2010."},"content":{"rendered":"<p><strong>NX\u00cbN\u00cbSIT SHQIP\u00cbTAR\u00cb DHE SERB S\u00cb BASHKU N\u00cb GJERMANI<\/strong><\/p>\n<p>Rreth 30 nx\u00ebn\u00ebs dhe arsimtar\u00eb t\u00eb shkollave t\u00eb mesme ,,Sveti Sava\u2019\u2019 dhe ,,Sezai Surroi\u2019\u2019 nga Bujanoci nj\u00eb jav\u00eb kan\u00eb q\u00ebndruar si mysafir\u00eb t\u00eb nx\u00ebn\u00ebsve t\u00eb shkoll\u00ebs ,,Karoline Brajtinger\u2019\u2019 n\u00eb kryeqytetin Hoenloe, krahin\u00eb n\u00eb jug t\u00eb Gjermanis\u00eb, krahin\u00eb e cila p\u00ebr madh\u00ebsi \u00ebsht\u00eb e trea n\u00eb Gjermani. Nx\u00ebn\u00ebsit nga Bujanoci mor\u00ebn pjes\u00eb n\u00eb projektin e qeveris\u00eb gjermane dhe amerikane t\u00eb titulluar ,,Partneriteti n\u00eb vep\u00ebr\u2019\u2019 n\u00eb suaza t\u00eb t\u00eb cilit projekt do t\u00eb shoq\u00ebrohen dhe m\u00ebsojn\u00eb 1.500 nx\u00ebn\u00ebs dhe arsimtar\u00eb nga 60 shkolla ekonomike t\u00eb Serbis\u00eb dhe Gjermanis\u00eb.<\/p>\n<p>N\u00eb programin t\u00eb cilin e implementon Instituti p\u00ebr shoq\u00ebri t\u00eb q\u00ebndrueshme, l\u00ebvizja Europiane n\u00eb Serbi dhe organizata gjermane p\u00ebr bashk\u00ebpunim teknik GTZ, do t\u00eb marrin pjes\u00eb rreth 100 arsimtar\u00eb dhe drejtor\u00eb, nd\u00ebrsa \u00ebsht\u00eb planifikuar q\u00eb 750 nx\u00ebn\u00ebs nga Serbia t\u00eb vizitojn\u00eb shkollat n\u00eb Gjermani dhe se po aq nx\u00ebn\u00ebs nga Gjermania do t\u00eb vijn\u00eb p\u00ebr vizit\u00eb shkollave n\u00eb Serbi. Deri m\u00eb tani jan\u00eb nd\u00ebrlidh\u00eb 10 partneritete nd\u00ebrsa \u00ebsht\u00eb planifikuar edhe 20 tjera.<\/p>\n<p>Ajo q\u00eb Bujanocin e ka b\u00ebr\u00eb m\u00eb t\u00eb ve\u00e7ant\u00eb \u00ebsht\u00eb se k\u00ebto jan\u00eb dy shkolla t\u00eb vetme nga i nj\u00ebjti qytet q\u00eb jan\u00eb lajm\u00ebruaar n\u00eb konkursin dhe se t\u00eb vetmet shkolla ku n\u00eb autobus\u00eb s\u00eb bashku udh\u00ebtojn\u00eb nx\u00ebn\u00ebsit Shqip\u00ebtar\u00eb dhe Serb.<\/p>\n<p>Arsimtar\u00ebt gjerman dhe nx\u00ebn\u00ebsit e tyre duhet q\u00eb n\u00eb pranver\u00eb t\u00eb vijn\u00eb p\u00ebr vizit\u00eb n\u00eb Bujanoc.<\/p>\n","protected":false},"excerpt":{"rendered":"<p>NX\u00cbN\u00cbSIT SHQIP\u00cbTAR\u00cb DHE SERB S\u00cb BASHKU N\u00cb GJERMANI<\/p>\n<p>Rreth 30 nx\u00ebn\u00ebs dhe arsimtar\u00eb t\u00eb shkollave t\u00eb mesme ,,Sveti Sava\u2019\u2019 dhe  ,,Sezai Surroi\u2019\u2019 nga Bujanoci nj\u00eb jav\u00eb kan\u00eb q\u00ebndruar si mysafir\u00eb t\u00eb  nx\u00ebn\u00ebsve t\u00eb shkoll\u00ebs ,,Karoline Brajtinger\u2019\u2019 n\u00eb kryeqytetin Hoenloe,  krahin\u00eb n\u00eb jug t\u00eb Gjermanis\u00eb, krahin\u00eb e cila p\u00ebr madh\u00ebsi \u00ebsht\u00eb e trea n\u00eb  Gjermani. Nx\u00ebn\u00ebsit nga Bujanoci mor\u00ebn pjes\u00eb n\u00eb projektin e qeveris\u00eb  gjermane dhe amerikane t\u00eb titulluar ,,Partneriteti n\u00eb vep\u00ebr\u2019\u2019 n\u00eb suaza  t\u00eb t\u00eb cilit projekt do t\u00eb shoq\u00ebrohen dhe m\u00ebsojn\u00eb 1.500 nx\u00ebn\u00ebs dhe  arsimtar\u00eb nga 60 shkolla ekonomike t\u00eb Serbis\u00eb dhe Gjermanis\u00eb.<\/p>\n","protected":false},"author":1,"featured_media":0,"comment_status":"closed","ping_status":"closed","sticky":false,"template":"","format":"standard","meta":{"footnotes":""},"categories":[55],"tags":[],"class_list":["post-142525","post","type-post","status-publish","format-standard","hentry","category-lajme"],"yoast_head":"<!-- This site is optimized with the Yoast SEO plugin v27.5 - https:\/\/yoast.com\/product\/yoast-seo-wordpress\/ -->\n<title>29.10.2010. - Republika e S\u00ebrbis\u00eb Trupi Koordinues p\u00ebr komunat Bujanoc, Preshev\u00eb dhe Medvegj\u00eb<\/title>\n<meta name=\"robots\" content=\"index, follow, max-snippet:-1, max-image-preview:large, max-video-preview:-1\" \/>\n<link rel=\"canonical\" href=\"https:\/\/kt.gov.rs\/sq\/29-10-2010\/\" \/>\n<meta property=\"og:locale\" content=\"sq_AL\" \/>\n<meta property=\"og:type\" content=\"article\" \/>\n<meta property=\"og:title\" content=\"29.10.2010. - Republika e S\u00ebrbis\u00eb Trupi Koordinues p\u00ebr komunat Bujanoc, Preshev\u00eb dhe Medvegj\u00eb\" \/>\n<meta property=\"og:description\" content=\"NX\u00cbN\u00cbSIT SHQIP\u00cbTAR\u00cb DHE SERB S\u00cb BASHKU N\u00cb GJERMANI Rreth 30 nx\u00ebn\u00ebs dhe arsimtar\u00eb t\u00eb shkollave t\u00eb mesme ,,Sveti Sava\u2019\u2019 dhe ,,Sezai Surroi\u2019\u2019 nga Bujanoci nj\u00eb jav\u00eb kan\u00eb q\u00ebndruar si mysafir\u00eb t\u00eb nx\u00ebn\u00ebsve t\u00eb shkoll\u00ebs ,,Karoline Brajtinger\u2019\u2019 n\u00eb kryeqytetin Hoenloe, krahin\u00eb n\u00eb jug t\u00eb Gjermanis\u00eb, krahin\u00eb e cila p\u00ebr madh\u00ebsi \u00ebsht\u00eb e trea n\u00eb Gjermani. Nx\u00ebn\u00ebsit nga Bujanoci mor\u00ebn pjes\u00eb n\u00eb projektin e qeveris\u00eb gjermane dhe amerikane t\u00eb titulluar ,,Partneriteti n\u00eb vep\u00ebr\u2019\u2019 n\u00eb suaza t\u00eb t\u00eb cilit projekt do t\u00eb shoq\u00ebrohen dhe m\u00ebsojn\u00eb 1.500 nx\u00ebn\u00ebs dhe arsimtar\u00eb nga 60 shkolla ekonomike t\u00eb Serbis\u00eb dhe Gjermanis\u00eb.\" \/>\n<meta property=\"og:url\" content=\"https:\/\/kt.gov.rs\/sq\/29-10-2010\/\" \/>\n<meta property=\"og:site_name\" content=\"Republika e S\u00ebrbis\u00eb Trupi Koordinues p\u00ebr komunat Bujanoc, Preshev\u00eb dhe Medvegj\u00eb\" \/>\n<meta property=\"article:publisher\" content=\"https:\/\/www.facebook.com\/SluzbaKoordinacionogTelaVladeRepublikeSrbije\" \/>\n<meta property=\"article:published_time\" content=\"2010-10-29T00:00:00+00:00\" \/>\n<meta name=\"author\" content=\"ktmin\" \/>\n<meta name=\"twitter:card\" content=\"summary_large_image\" \/>\n<meta name=\"twitter:creator\" content=\"@kt_gov\" \/>\n<meta name=\"twitter:site\" content=\"@kt_gov\" \/>\n<meta name=\"twitter:label1\" content=\"Written by\" \/>\n\t<meta name=\"twitter:data1\" content=\"ktmin\" \/>\n\t<meta name=\"twitter:label2\" content=\"Est. reading time\" \/>\n\t<meta name=\"twitter:data2\" content=\"1 minute\" \/>\n<script type=\"application\/ld+json\" class=\"yoast-schema-graph\">{\"@context\":\"https:\\\/\\\/schema.org\",\"@graph\":[{\"@type\":\"Article\",\"@id\":\"https:\\\/\\\/kt.gov.rs\\\/sq\\\/29-10-2010\\\/#article\",\"isPartOf\":{\"@id\":\"https:\\\/\\\/kt.gov.rs\\\/sq\\\/29-10-2010\\\/\"},\"author\":{\"name\":\"ktmin\",\"@id\":\"https:\\\/\\\/kt.gov.rs\\\/#\\\/schema\\\/person\\\/e426459ddb4173309103390602694571\"},\"headline\":\"29.10.2010.\",\"datePublished\":\"2010-10-29T00:00:00+00:00\",\"mainEntityOfPage\":{\"@id\":\"https:\\\/\\\/kt.gov.rs\\\/sq\\\/29-10-2010\\\/\"},\"wordCount\":270,\"publisher\":{\"@id\":\"https:\\\/\\\/kt.gov.rs\\\/#organization\"},\"articleSection\":[\"Lajme\"],\"inLanguage\":\"sq-AL\"},{\"@type\":\"WebPage\",\"@id\":\"https:\\\/\\\/kt.gov.rs\\\/sq\\\/29-10-2010\\\/\",\"url\":\"https:\\\/\\\/kt.gov.rs\\\/sq\\\/29-10-2010\\\/\",\"name\":\"29.10.2010. - Republika e S\u00ebrbis\u00eb Trupi Koordinues p\u00ebr komunat Bujanoc, Preshev\u00eb dhe Medvegj\u00eb\",\"isPartOf\":{\"@id\":\"https:\\\/\\\/kt.gov.rs\\\/#website\"},\"datePublished\":\"2010-10-29T00:00:00+00:00\",\"breadcrumb\":{\"@id\":\"https:\\\/\\\/kt.gov.rs\\\/sq\\\/29-10-2010\\\/#breadcrumb\"},\"inLanguage\":\"sq-AL\",\"potentialAction\":[{\"@type\":\"ReadAction\",\"target\":[\"https:\\\/\\\/kt.gov.rs\\\/sq\\\/29-10-2010\\\/\"]}]},{\"@type\":\"BreadcrumbList\",\"@id\":\"https:\\\/\\\/kt.gov.rs\\\/sq\\\/29-10-2010\\\/#breadcrumb\",\"itemListElement\":[{\"@type\":\"ListItem\",\"position\":1,\"name\":\"\u041f\u043e\u0447\u0435\u0442\u043d\u0430\",\"item\":\"https:\\\/\\\/kt.gov.rs\\\/sq\\\/\"},{\"@type\":\"ListItem\",\"position\":2,\"name\":\"29.10.2010.\"}]},{\"@type\":\"WebSite\",\"@id\":\"https:\\\/\\\/kt.gov.rs\\\/#website\",\"url\":\"https:\\\/\\\/kt.gov.rs\\\/\",\"name\":\"\u041a\u043e\u043e\u0440\u0434\u0438\u043d\u0430\u0446\u0438\u043e\u043d\u043e \u0442\u0435\u043b\u043e \u0412\u043b\u0430\u0434\u0435 \u0420\u0435\u043f\u0443\u0431\u043b\u0438\u043a\u0435 \u0421\u0440\u0431\u0438\u0458\u0435 \u0437\u0430 \u043e\u043f\u0448\u0442\u0438\u043d\u0435 \u041f\u0440\u0435\u0448\u0435\u0432\u043e, \u0411\u0443\u0458\u0430\u043d\u043e\u0432\u0430\u0446 \u0438 \u041c\u0435\u0434\u0432\u0435\u0452a\",\"description\":\"\",\"publisher\":{\"@id\":\"https:\\\/\\\/kt.gov.rs\\\/#organization\"},\"alternateName\":\"\u041a\u043e\u043e\u0440\u0434\u0438\u043d\u0430\u0446\u0438\u043e\u043d\u043e \u0442\u0435\u043b\u043e\",\"potentialAction\":[{\"@type\":\"SearchAction\",\"target\":{\"@type\":\"EntryPoint\",\"urlTemplate\":\"https:\\\/\\\/kt.gov.rs\\\/?s={search_term_string}\"},\"query-input\":{\"@type\":\"PropertyValueSpecification\",\"valueRequired\":true,\"valueName\":\"search_term_string\"}}],\"inLanguage\":\"sq-AL\"},{\"@type\":\"Organization\",\"@id\":\"https:\\\/\\\/kt.gov.rs\\\/#organization\",\"name\":\"\u041a\u043e\u043e\u0440\u0434\u0438\u043d\u0430\u0446\u0438\u043e\u043d\u043e \u0442\u0435\u043b\u043e \u0412\u043b\u0430\u0434\u0435 \u0420\u0435\u043f\u0443\u0431\u043b\u0438\u043a\u0435 \u0421\u0440\u0431\u0438\u0458\u0435 \u0437\u0430 \u043e\u043f\u0448\u0442\u0438\u043d\u0435 \u041f\u0440\u0435\u0448\u0435\u0432\u043e, \u0411\u0443\u0458\u0430\u043d\u043e\u0432\u0430\u0446 \u0438 \u041c\u0435\u0434\u0432\u0435\u0452a\",\"alternateName\":\"\u041a\u043e\u043e\u0440\u0434\u0438\u043d\u0430\u0446\u0438\u043e\u043d\u043e \u0442\u0435\u043b\u043e\",\"url\":\"https:\\\/\\\/kt.gov.rs\\\/\",\"logo\":{\"@type\":\"ImageObject\",\"inLanguage\":\"sq-AL\",\"@id\":\"https:\\\/\\\/kt.gov.rs\\\/#\\\/schema\\\/logo\\\/image\\\/\",\"url\":\"https:\\\/\\\/kt.gov.rs\\\/wp-content\\\/uploads\\\/2024\\\/12\\\/koord2.jpg\",\"contentUrl\":\"https:\\\/\\\/kt.gov.rs\\\/wp-content\\\/uploads\\\/2024\\\/12\\\/koord2.jpg\",\"width\":640,\"height\":480,\"caption\":\"\u041a\u043e\u043e\u0440\u0434\u0438\u043d\u0430\u0446\u0438\u043e\u043d\u043e \u0442\u0435\u043b\u043e \u0412\u043b\u0430\u0434\u0435 \u0420\u0435\u043f\u0443\u0431\u043b\u0438\u043a\u0435 \u0421\u0440\u0431\u0438\u0458\u0435 \u0437\u0430 \u043e\u043f\u0448\u0442\u0438\u043d\u0435 \u041f\u0440\u0435\u0448\u0435\u0432\u043e, \u0411\u0443\u0458\u0430\u043d\u043e\u0432\u0430\u0446 \u0438 \u041c\u0435\u0434\u0432\u0435\u0452a\"},\"image\":{\"@id\":\"https:\\\/\\\/kt.gov.rs\\\/#\\\/schema\\\/logo\\\/image\\\/\"},\"sameAs\":[\"https:\\\/\\\/www.facebook.com\\\/SluzbaKoordinacionogTelaVladeRepublikeSrbije\",\"https:\\\/\\\/x.com\\\/kt_gov\",\"https:\\\/\\\/www.youtube.com\\\/@koordinacionotelo\"]},{\"@type\":\"Person\",\"@id\":\"https:\\\/\\\/kt.gov.rs\\\/#\\\/schema\\\/person\\\/e426459ddb4173309103390602694571\",\"name\":\"ktmin\",\"image\":{\"@type\":\"ImageObject\",\"inLanguage\":\"sq-AL\",\"@id\":\"https:\\\/\\\/secure.gravatar.com\\\/avatar\\\/3985c961109853010c3fbc7ba30365bfba5db3dd6c525831d9c595c7525a615a?s=96&d=mm&r=g\",\"url\":\"https:\\\/\\\/secure.gravatar.com\\\/avatar\\\/3985c961109853010c3fbc7ba30365bfba5db3dd6c525831d9c595c7525a615a?s=96&d=mm&r=g\",\"contentUrl\":\"https:\\\/\\\/secure.gravatar.com\\\/avatar\\\/3985c961109853010c3fbc7ba30365bfba5db3dd6c525831d9c595c7525a615a?s=96&d=mm&r=g\",\"caption\":\"ktmin\"},\"sameAs\":[\"https:\\\/\\\/kt.gov.rs\"],\"url\":\"https:\\\/\\\/kt.gov.rs\\\/sq\\\/author\\\/ktmin\\\/\"}]}<\/script>\n<!-- \/ Yoast SEO plugin. -->","yoast_head_json":{"title":"29.10.2010. - Republika e S\u00ebrbis\u00eb Trupi Koordinues p\u00ebr komunat Bujanoc, Preshev\u00eb dhe Medvegj\u00eb","robots":{"index":"index","follow":"follow","max-snippet":"max-snippet:-1","max-image-preview":"max-image-preview:large","max-video-preview":"max-video-preview:-1"},"canonical":"https:\/\/kt.gov.rs\/sq\/29-10-2010\/","og_locale":"sq_AL","og_type":"article","og_title":"29.10.2010. - Republika e S\u00ebrbis\u00eb Trupi Koordinues p\u00ebr komunat Bujanoc, Preshev\u00eb dhe Medvegj\u00eb","og_description":"NX\u00cbN\u00cbSIT SHQIP\u00cbTAR\u00cb DHE SERB S\u00cb BASHKU N\u00cb GJERMANI Rreth 30 nx\u00ebn\u00ebs dhe arsimtar\u00eb t\u00eb shkollave t\u00eb mesme ,,Sveti Sava\u2019\u2019 dhe ,,Sezai Surroi\u2019\u2019 nga Bujanoci nj\u00eb jav\u00eb kan\u00eb q\u00ebndruar si mysafir\u00eb t\u00eb nx\u00ebn\u00ebsve t\u00eb shkoll\u00ebs ,,Karoline Brajtinger\u2019\u2019 n\u00eb kryeqytetin Hoenloe, krahin\u00eb n\u00eb jug t\u00eb Gjermanis\u00eb, krahin\u00eb e cila p\u00ebr madh\u00ebsi \u00ebsht\u00eb e trea n\u00eb Gjermani. Nx\u00ebn\u00ebsit nga Bujanoci mor\u00ebn pjes\u00eb n\u00eb projektin e qeveris\u00eb gjermane dhe amerikane t\u00eb titulluar ,,Partneriteti n\u00eb vep\u00ebr\u2019\u2019 n\u00eb suaza t\u00eb t\u00eb cilit projekt do t\u00eb shoq\u00ebrohen dhe m\u00ebsojn\u00eb 1.500 nx\u00ebn\u00ebs dhe arsimtar\u00eb nga 60 shkolla ekonomike t\u00eb Serbis\u00eb dhe Gjermanis\u00eb.","og_url":"https:\/\/kt.gov.rs\/sq\/29-10-2010\/","og_site_name":"Republika e S\u00ebrbis\u00eb Trupi Koordinues p\u00ebr komunat Bujanoc, Preshev\u00eb dhe Medvegj\u00eb","article_publisher":"https:\/\/www.facebook.com\/SluzbaKoordinacionogTelaVladeRepublikeSrbije","article_published_time":"2010-10-29T00:00:00+00:00","author":"ktmin","twitter_card":"summary_large_image","twitter_creator":"@kt_gov","twitter_site":"@kt_gov","twitter_misc":{"Written by":"ktmin","Est. reading time":"1 minute"},"schema":{"@context":"https:\/\/schema.org","@graph":[{"@type":"Article","@id":"https:\/\/kt.gov.rs\/sq\/29-10-2010\/#article","isPartOf":{"@id":"https:\/\/kt.gov.rs\/sq\/29-10-2010\/"},"author":{"name":"ktmin","@id":"https:\/\/kt.gov.rs\/#\/schema\/person\/e426459ddb4173309103390602694571"},"headline":"29.10.2010.","datePublished":"2010-10-29T00:00:00+00:00","mainEntityOfPage":{"@id":"https:\/\/kt.gov.rs\/sq\/29-10-2010\/"},"wordCount":270,"publisher":{"@id":"https:\/\/kt.gov.rs\/#organization"},"articleSection":["Lajme"],"inLanguage":"sq-AL"},{"@type":"WebPage","@id":"https:\/\/kt.gov.rs\/sq\/29-10-2010\/","url":"https:\/\/kt.gov.rs\/sq\/29-10-2010\/","name":"29.10.2010. - Republika e S\u00ebrbis\u00eb Trupi Koordinues p\u00ebr komunat Bujanoc, Preshev\u00eb dhe Medvegj\u00eb","isPartOf":{"@id":"https:\/\/kt.gov.rs\/#website"},"datePublished":"2010-10-29T00:00:00+00:00","breadcrumb":{"@id":"https:\/\/kt.gov.rs\/sq\/29-10-2010\/#breadcrumb"},"inLanguage":"sq-AL","potentialAction":[{"@type":"ReadAction","target":["https:\/\/kt.gov.rs\/sq\/29-10-2010\/"]}]},{"@type":"BreadcrumbList","@id":"https:\/\/kt.gov.rs\/sq\/29-10-2010\/#breadcrumb","itemListElement":[{"@type":"ListItem","position":1,"name":"\u041f\u043e\u0447\u0435\u0442\u043d\u0430","item":"https:\/\/kt.gov.rs\/sq\/"},{"@type":"ListItem","position":2,"name":"29.10.2010."}]},{"@type":"WebSite","@id":"https:\/\/kt.gov.rs\/#website","url":"https:\/\/kt.gov.rs\/","name":"\u041a\u043e\u043e\u0440\u0434\u0438\u043d\u0430\u0446\u0438\u043e\u043d\u043e \u0442\u0435\u043b\u043e \u0412\u043b\u0430\u0434\u0435 \u0420\u0435\u043f\u0443\u0431\u043b\u0438\u043a\u0435 \u0421\u0440\u0431\u0438\u0458\u0435 \u0437\u0430 \u043e\u043f\u0448\u0442\u0438\u043d\u0435 \u041f\u0440\u0435\u0448\u0435\u0432\u043e, \u0411\u0443\u0458\u0430\u043d\u043e\u0432\u0430\u0446 \u0438 \u041c\u0435\u0434\u0432\u0435\u0452a","description":"","publisher":{"@id":"https:\/\/kt.gov.rs\/#organization"},"alternateName":"\u041a\u043e\u043e\u0440\u0434\u0438\u043d\u0430\u0446\u0438\u043e\u043d\u043e \u0442\u0435\u043b\u043e","potentialAction":[{"@type":"SearchAction","target":{"@type":"EntryPoint","urlTemplate":"https:\/\/kt.gov.rs\/?s={search_term_string}"},"query-input":{"@type":"PropertyValueSpecification","valueRequired":true,"valueName":"search_term_string"}}],"inLanguage":"sq-AL"},{"@type":"Organization","@id":"https:\/\/kt.gov.rs\/#organization","name":"\u041a\u043e\u043e\u0440\u0434\u0438\u043d\u0430\u0446\u0438\u043e\u043d\u043e \u0442\u0435\u043b\u043e \u0412\u043b\u0430\u0434\u0435 \u0420\u0435\u043f\u0443\u0431\u043b\u0438\u043a\u0435 \u0421\u0440\u0431\u0438\u0458\u0435 \u0437\u0430 \u043e\u043f\u0448\u0442\u0438\u043d\u0435 \u041f\u0440\u0435\u0448\u0435\u0432\u043e, \u0411\u0443\u0458\u0430\u043d\u043e\u0432\u0430\u0446 \u0438 \u041c\u0435\u0434\u0432\u0435\u0452a","alternateName":"\u041a\u043e\u043e\u0440\u0434\u0438\u043d\u0430\u0446\u0438\u043e\u043d\u043e \u0442\u0435\u043b\u043e","url":"https:\/\/kt.gov.rs\/","logo":{"@type":"ImageObject","inLanguage":"sq-AL","@id":"https:\/\/kt.gov.rs\/#\/schema\/logo\/image\/","url":"https:\/\/kt.gov.rs\/wp-content\/uploads\/2024\/12\/koord2.jpg","contentUrl":"https:\/\/kt.gov.rs\/wp-content\/uploads\/2024\/12\/koord2.jpg","width":640,"height":480,"caption":"\u041a\u043e\u043e\u0440\u0434\u0438\u043d\u0430\u0446\u0438\u043e\u043d\u043e \u0442\u0435\u043b\u043e \u0412\u043b\u0430\u0434\u0435 \u0420\u0435\u043f\u0443\u0431\u043b\u0438\u043a\u0435 \u0421\u0440\u0431\u0438\u0458\u0435 \u0437\u0430 \u043e\u043f\u0448\u0442\u0438\u043d\u0435 \u041f\u0440\u0435\u0448\u0435\u0432\u043e, \u0411\u0443\u0458\u0430\u043d\u043e\u0432\u0430\u0446 \u0438 \u041c\u0435\u0434\u0432\u0435\u0452a"},"image":{"@id":"https:\/\/kt.gov.rs\/#\/schema\/logo\/image\/"},"sameAs":["https:\/\/www.facebook.com\/SluzbaKoordinacionogTelaVladeRepublikeSrbije","https:\/\/x.com\/kt_gov","https:\/\/www.youtube.com\/@koordinacionotelo"]},{"@type":"Person","@id":"https:\/\/kt.gov.rs\/#\/schema\/person\/e426459ddb4173309103390602694571","name":"ktmin","image":{"@type":"ImageObject","inLanguage":"sq-AL","@id":"https:\/\/secure.gravatar.com\/avatar\/3985c961109853010c3fbc7ba30365bfba5db3dd6c525831d9c595c7525a615a?s=96&d=mm&r=g","url":"https:\/\/secure.gravatar.com\/avatar\/3985c961109853010c3fbc7ba30365bfba5db3dd6c525831d9c595c7525a615a?s=96&d=mm&r=g","contentUrl":"https:\/\/secure.gravatar.com\/avatar\/3985c961109853010c3fbc7ba30365bfba5db3dd6c525831d9c595c7525a615a?s=96&d=mm&r=g","caption":"ktmin"},"sameAs":["https:\/\/kt.gov.rs"],"url":"https:\/\/kt.gov.rs\/sq\/author\/ktmin\/"}]}},"_links":{"self":[{"href":"https:\/\/kt.gov.rs\/sq\/wp-json\/wp\/v2\/posts\/142525","targetHints":{"allow":["GET"]}}],"collection":[{"href":"https:\/\/kt.gov.rs\/sq\/wp-json\/wp\/v2\/posts"}],"about":[{"href":"https:\/\/kt.gov.rs\/sq\/wp-json\/wp\/v2\/types\/post"}],"author":[{"embeddable":true,"href":"https:\/\/kt.gov.rs\/sq\/wp-json\/wp\/v2\/users\/1"}],"replies":[{"embeddable":true,"href":"https:\/\/kt.gov.rs\/sq\/wp-json\/wp\/v2\/comments?post=142525"}],"version-history":[{"count":0,"href":"https:\/\/kt.gov.rs\/sq\/wp-json\/wp\/v2\/posts\/142525\/revisions"}],"wp:attachment":[{"href":"https:\/\/kt.gov.rs\/sq\/wp-json\/wp\/v2\/media?parent=142525"}],"wp:term":[{"taxonomy":"category","embeddable":true,"href":"https:\/\/kt.gov.rs\/sq\/wp-json\/wp\/v2\/categories?post=142525"},{"taxonomy":"post_tag","embeddable":true,"href":"https:\/\/kt.gov.rs\/sq\/wp-json\/wp\/v2\/tags?post=142525"}],"curies":[{"name":"wp","href":"https:\/\/api.w.org\/{rel}","templated":true}]}}