{"id":142512,"date":"2010-11-08T00:00:00","date_gmt":"2010-11-08T00:00:00","guid":{"rendered":"http:\/\/kt.printandscreen.rs\/nga-veriu-ne-jug\/"},"modified":"2024-07-30T20:21:33","modified_gmt":"2024-07-30T20:21:33","slug":"nga-veriu-ne-jug","status":"publish","type":"post","link":"https:\/\/kt.gov.rs\/sq\/nga-veriu-ne-jug\/","title":{"rendered":"NGA VERIU N\u00cb JUG"},"content":{"rendered":"<p><img decoding=\"async\" align=\"left\" src=\"https:\/\/kt.gov.rs\/wp-content\/uploads\/2024\/07\/newspic460-4.jpg\" alt=\"\" \/>Qendra e t\u00eb rinj\u00ebve ,,Ti dhe un\u00eb jemi Ne\u2019\u2019 nga Bujanoci, t\u00eb m\u00ebrkur\u00ebn m\u00eb 27 tetor\u00eb t\u00eb vitit 2010 n\u00eb Teatrin Popullor\u00eb n\u00eb Kikind\u00eb kan\u00eb pasur premier\u00ebn e \u00e7faqjes teatrale ,,Ne jemi e t\u00ebr\u00eb bota\u2019\u2019. \u00c7faqja \u00ebsht\u00eb mb\u00ebshtetur nga Sekretariati Krahinor\u00eb p\u00ebr Kultur\u00eb i Krahin\u00ebs Autonome t\u00eb Vojvodin\u00ebs n\u00eb bashk\u00ebpunim me Trupin Koordinues t\u00eb Qeveris\u00eb s\u00eb Republik\u00ebs s\u00eb Serbis\u00eb p\u00ebr komunat Preshev\u00eb, Bujanoc dhe Medvegj\u00eb.<\/p>\n<p>Koncepti i k\u00ebtij\u00eb spektakli muzikoro-teatral \u00ebsht\u00eb bazuar n\u00eb pjes\u00ebt e dram\u00ebs s\u00eb Shekspirit ,,Romeo dhe Zhulieta\u2019\u2019 duke e pasuruar dhe p\u00ebrmir\u00ebsuar me p\u00ebrvoj\u00ebn e t\u00eb rinj\u00ebve nga Kikinda si dhe t\u00eb rinj\u00ebve nga komunitetet e ndryshme t\u00eb cil\u00ebt aktrojn\u00eb n\u00eb gjuh\u00ebt e tyre. N\u00eb k\u00ebt\u00eb \u00e7faqje teatrale ku protagonist kryesor\u00eb jan\u00eb nx\u00ebn\u00ebsit e shkollave t\u00eb mesme nga Kikinda, b\u00ebhet fjal\u00eb p\u00ebr idet\u00eb dhe q\u00ebndrimet e rinis\u00eb.<\/p>\n<p>,,P\u00ebrshtypjet e mia p\u00ebr k\u00ebt\u00eb \u00e7faqje jan\u00eb shum\u00eb t\u00eb mira. Gati dy muaj jemi munduar dhe kemi punuar n\u00eb m\u00ebnyr\u00eb q\u00eb t\u00eb arrijm\u00eb kulminacionin. Q\u00eb nga fillimi i pregatitjes s\u00eb \u00e7faqjes e deri n\u00eb fund kemi arritur q\u00ebllimin duke ju fal\u00ebnderuar k\u00ebmb\u00ebnguljes son\u00eb. Para fillimit t\u00eb \u00e7faqjes kemi pasur frik\u00eb e m\u00eb pastaj kemi marr\u00eb nj\u00eb q\u00ebllim t\u00eb caktuar dhe n\u00eb nd\u00ebrkoh\u00eb kemi humbur frik\u00ebn e m\u00ebparshme. Dhe natyrisht, kur t\u2019i p\u00ebrmbledh p\u00ebrshtypjet, vie n\u00eb p\u00ebrfundim se kjo \u00ebsht\u00eb vet\u00ebm fillimi i nj\u00eb storje fascinante\u2019\u2019, deklaroi Andrej Tot, nj\u00eb nga aktor\u00ebt e \u00e7faqjes.<\/p>\n<p>,,Sa gj\u00ebra t\u00eb reja kemi m\u00ebsuar gjat\u00eb koh\u00ebs s\u00eb pregatitjes s\u00eb k\u00ebsaj \u00e7faqjeje, vet\u00ebm ne e dijm\u00eb, nd\u00ebrsa publiku ka par\u00eb vet\u00ebm m\u00eb t\u00eb mir\u00ebn dhe \u00ebsht\u00eb ndjer\u00eb e ftuar q\u00eb t\u00eb na bashkangjitet n\u00eb rrethin magjik t\u00eb loj\u00ebs son\u00eb. Sadoq\u00eb n\u00eb disa momente t\u00eb jem ndjer\u00eb i lodhur, ndjenja e k\u00ebnaq\u00ebsis\u00eb pas qdo ushtrimi ka qen\u00eb e paharrueshme dhe me vlera t\u00eb larta. M\u00eb e r\u00ebnd\u00ebsishme ka qen\u00eb se kemi arritur krijimin e nj\u00eb familje t\u00eb rinj\u00ebsh t\u00eb cil\u00ebt kan\u00eb t\u00eb njejtat kriteriume, probleme, g\u00ebzim, hidh\u00ebrim dhe dashuri ndaj artit\u2019\u2019, theksoi Srgjan Milosav, aktor\u00eb n\u00eb k\u00ebt\u00eb \u00e7faqje.<\/p>\n<p>Qendra rinore ,,Ti dhe un\u00eb jemi Ne\u2019\u2019 paralelisht me \u00e7faqjen e Kikind\u00ebs, t\u00eb njejt\u00ebn pregatit me nx\u00ebn\u00ebsit e shkollave t\u00eb mesme nga Presheva dhe Bujanoci. Regjisor\u00eb i t\u00eb dy \u00e7faqjeve \u00ebsht\u00eb Aleksandar Laziq.<\/p>\n<p>,,Deri tani \u00e7faqjen e kemi pasur n\u00eb shtat\u00eb qytete. Ne teatrojm\u00eb p\u00ebr jet\u00ebn e v\u00ebrtet\u00eb e t\u00eb rinj\u00ebve. N\u00eb sken\u00ebn ,,Rasha Plaoviq\u2019\u2019 n\u00eb Beograd, nx\u00ebn\u00ebsit shqip\u00ebtar\u00eb, serb\u00eb dhe rom\u00eb t\u00eb shkollave t\u00eb mesme, m\u00eb 17 dhjetor\u00eb do t\u00eb aktrojn\u00eb n\u00eb tet\u00eb gjuh\u00eb. P\u00ebrmes pun\u00ebs n\u00eb k\u00ebt\u00eb projekt, pjes\u00ebmarr\u00ebsit kan\u00eb pasur rastin t\u00eb m\u00ebsojn\u00eb bazat e arteve dramaturgjike si dhe vet\u00eb procesin e pun\u00ebs n\u00eb \u00e7faqjen teatrale.<\/p>\n<p>K\u00ebta t\u00eb rinj\u00eb , me p\u00ebrdorimin e njohurive t\u00eb reja, flasin p\u00ebr veten, jet\u00ebn e tyre, dashurin\u00eb e par\u00eb, puthjet e para, facebuk-un, shkoll\u00ebn, familjen, d\u00ebshirat e parealizuara, shoq\u00ebrimin si dhe aspiratat p\u00ebr nj\u00eb bot\u00eb t\u00eb re\u2019\u2019, deklaroi Laziq.<\/p>\n<p><img decoding=\"async\" align=\"left\" src=\"https:\/\/kt.gov.rs\/wp-content\/uploads\/2024\/07\/newspic461-2.jpg\" alt=\"\" \/>,, Un\u00eb jam\u00eb i k\u00ebnaqur dhe i lumtur\u2019\u2019, deklaroi Boqo Ostojiq. ,,Puna n\u00eb k\u00ebt\u00eb projekt m\u00eb hapur perspektiva dhe njohuri t\u00eb reja si dhe kam kuptuar se sa jan\u00eb t\u00eb r\u00ebnd\u00ebsishme mar\u00ebdh\u00ebniet e mira n\u00eb mes njer\u00ebzve. Vet\u00ebm nj\u00eb shenj\u00eb e vog\u00ebl e kujdesit sjell shum\u00eb ndryshime dhe k\u00ebnaq\u00ebsi, e para s\u00eb gjithash kam m\u00ebsuar se sa e lumtur \u00ebsht\u00eb jeta\u2019\u2019.<\/p>\n<p>\u00c7faqjen ,,Ne jemi e t\u00ebr\u00eb bota\u2019\u2019 deri n\u00eb fundin e k\u00ebtij\u00eb viti do t\u00eb ken\u00eb rastin ta shohin qytetar\u00ebt e Beogradit dhe Bujanocit.<\/p>\n","protected":false},"excerpt":{"rendered":"<p>Qendra e t\u00eb rinj\u00ebve ,,Ti dhe un\u00eb jemi Ne\u2019\u2019 nga Bujanoci, t\u00eb m\u00ebrkur\u00ebn m\u00eb  27 tetor\u00eb t\u00eb vitit 2010 n\u00eb Teatrin Popullor\u00eb n\u00eb Kikind\u00eb kan\u00eb pasur  premier\u00ebn e \u00e7faqjes teatrale ,,Ne jemi e t\u00ebr\u00eb bota\u2019\u2019. \u00c7faqja \u00ebsht\u00eb  mb\u00ebshtetur nga Sekretariati Krahinor\u00eb p\u00ebr Kultur\u00eb i Krahin\u00ebs Autonome t\u00eb  Vojvodin\u00ebs n\u00eb bashk\u00ebpunim me Trupin Koordinues t\u00eb Qeveris\u00eb s\u00eb  Republik\u00ebs s\u00eb Serbis\u00eb p\u00ebr komunat Preshev\u00eb, Bujanoc dhe Medvegj\u00eb.<\/p>\n","protected":false},"author":1,"featured_media":142520,"comment_status":"closed","ping_status":"closed","sticky":false,"template":"","format":"standard","meta":{"footnotes":""},"categories":[55],"tags":[],"class_list":["post-142512","post","type-post","status-publish","format-standard","has-post-thumbnail","hentry","category-lajme"],"yoast_head":"<!-- This site is optimized with the Yoast SEO plugin v27.5 - https:\/\/yoast.com\/product\/yoast-seo-wordpress\/ -->\n<title>NGA VERIU N\u00cb JUG - Republika e S\u00ebrbis\u00eb Trupi Koordinues p\u00ebr komunat Bujanoc, Preshev\u00eb dhe Medvegj\u00eb<\/title>\n<meta name=\"robots\" content=\"index, follow, max-snippet:-1, max-image-preview:large, max-video-preview:-1\" \/>\n<link rel=\"canonical\" href=\"https:\/\/kt.gov.rs\/sq\/nga-veriu-ne-jug\/\" \/>\n<meta property=\"og:locale\" content=\"sq_AL\" \/>\n<meta property=\"og:type\" content=\"article\" \/>\n<meta property=\"og:title\" content=\"NGA VERIU N\u00cb JUG - Republika e S\u00ebrbis\u00eb Trupi Koordinues p\u00ebr komunat Bujanoc, Preshev\u00eb dhe Medvegj\u00eb\" \/>\n<meta property=\"og:description\" content=\"Qendra e t\u00eb rinj\u00ebve ,,Ti dhe un\u00eb jemi Ne\u2019\u2019 nga Bujanoci, t\u00eb m\u00ebrkur\u00ebn m\u00eb 27 tetor\u00eb t\u00eb vitit 2010 n\u00eb Teatrin Popullor\u00eb n\u00eb Kikind\u00eb kan\u00eb pasur premier\u00ebn e \u00e7faqjes teatrale ,,Ne jemi e t\u00ebr\u00eb bota\u2019\u2019. \u00c7faqja \u00ebsht\u00eb mb\u00ebshtetur nga Sekretariati Krahinor\u00eb p\u00ebr Kultur\u00eb i Krahin\u00ebs Autonome t\u00eb Vojvodin\u00ebs n\u00eb bashk\u00ebpunim me Trupin Koordinues t\u00eb Qeveris\u00eb s\u00eb Republik\u00ebs s\u00eb Serbis\u00eb p\u00ebr komunat Preshev\u00eb, Bujanoc dhe Medvegj\u00eb.\" \/>\n<meta property=\"og:url\" content=\"https:\/\/kt.gov.rs\/sq\/nga-veriu-ne-jug\/\" \/>\n<meta property=\"og:site_name\" content=\"Republika e S\u00ebrbis\u00eb Trupi Koordinues p\u00ebr komunat Bujanoc, Preshev\u00eb dhe Medvegj\u00eb\" \/>\n<meta property=\"article:publisher\" content=\"https:\/\/www.facebook.com\/SluzbaKoordinacionogTelaVladeRepublikeSrbije\" \/>\n<meta property=\"article:published_time\" content=\"2010-11-08T00:00:00+00:00\" \/>\n<meta property=\"article:modified_time\" content=\"2024-07-30T20:21:33+00:00\" \/>\n<meta property=\"og:image\" content=\"https:\/\/kt.gov.rs\/wp-content\/uploads\/2024\/07\/newspic460-5.jpg\" \/>\n\t<meta property=\"og:image:width\" content=\"265\" \/>\n\t<meta property=\"og:image:height\" content=\"176\" \/>\n\t<meta property=\"og:image:type\" content=\"image\/jpeg\" \/>\n<meta name=\"author\" content=\"ktmin\" \/>\n<meta name=\"twitter:card\" content=\"summary_large_image\" \/>\n<meta name=\"twitter:creator\" content=\"@kt_gov\" \/>\n<meta name=\"twitter:site\" content=\"@kt_gov\" \/>\n<meta name=\"twitter:label1\" content=\"Written by\" \/>\n\t<meta name=\"twitter:data1\" content=\"ktmin\" \/>\n\t<meta name=\"twitter:label2\" content=\"Est. reading time\" \/>\n\t<meta name=\"twitter:data2\" content=\"3 minutes\" \/>\n<script type=\"application\/ld+json\" class=\"yoast-schema-graph\">{\"@context\":\"https:\\\/\\\/schema.org\",\"@graph\":[{\"@type\":\"Article\",\"@id\":\"https:\\\/\\\/kt.gov.rs\\\/sq\\\/nga-veriu-ne-jug\\\/#article\",\"isPartOf\":{\"@id\":\"https:\\\/\\\/kt.gov.rs\\\/sq\\\/nga-veriu-ne-jug\\\/\"},\"author\":{\"name\":\"ktmin\",\"@id\":\"https:\\\/\\\/kt.gov.rs\\\/#\\\/schema\\\/person\\\/e426459ddb4173309103390602694571\"},\"headline\":\"NGA VERIU N\u00cb JUG\",\"datePublished\":\"2010-11-08T00:00:00+00:00\",\"dateModified\":\"2024-07-30T20:21:33+00:00\",\"mainEntityOfPage\":{\"@id\":\"https:\\\/\\\/kt.gov.rs\\\/sq\\\/nga-veriu-ne-jug\\\/\"},\"wordCount\":673,\"publisher\":{\"@id\":\"https:\\\/\\\/kt.gov.rs\\\/#organization\"},\"image\":{\"@id\":\"https:\\\/\\\/kt.gov.rs\\\/sq\\\/nga-veriu-ne-jug\\\/#primaryimage\"},\"thumbnailUrl\":\"https:\\\/\\\/kt.gov.rs\\\/wp-content\\\/uploads\\\/2024\\\/07\\\/newspic460-5.jpg\",\"articleSection\":[\"Lajme\"],\"inLanguage\":\"sq-AL\"},{\"@type\":\"WebPage\",\"@id\":\"https:\\\/\\\/kt.gov.rs\\\/sq\\\/nga-veriu-ne-jug\\\/\",\"url\":\"https:\\\/\\\/kt.gov.rs\\\/sq\\\/nga-veriu-ne-jug\\\/\",\"name\":\"NGA VERIU N\u00cb JUG - Republika e S\u00ebrbis\u00eb Trupi Koordinues p\u00ebr komunat Bujanoc, Preshev\u00eb dhe Medvegj\u00eb\",\"isPartOf\":{\"@id\":\"https:\\\/\\\/kt.gov.rs\\\/#website\"},\"primaryImageOfPage\":{\"@id\":\"https:\\\/\\\/kt.gov.rs\\\/sq\\\/nga-veriu-ne-jug\\\/#primaryimage\"},\"image\":{\"@id\":\"https:\\\/\\\/kt.gov.rs\\\/sq\\\/nga-veriu-ne-jug\\\/#primaryimage\"},\"thumbnailUrl\":\"https:\\\/\\\/kt.gov.rs\\\/wp-content\\\/uploads\\\/2024\\\/07\\\/newspic460-5.jpg\",\"datePublished\":\"2010-11-08T00:00:00+00:00\",\"dateModified\":\"2024-07-30T20:21:33+00:00\",\"breadcrumb\":{\"@id\":\"https:\\\/\\\/kt.gov.rs\\\/sq\\\/nga-veriu-ne-jug\\\/#breadcrumb\"},\"inLanguage\":\"sq-AL\",\"potentialAction\":[{\"@type\":\"ReadAction\",\"target\":[\"https:\\\/\\\/kt.gov.rs\\\/sq\\\/nga-veriu-ne-jug\\\/\"]}]},{\"@type\":\"ImageObject\",\"inLanguage\":\"sq-AL\",\"@id\":\"https:\\\/\\\/kt.gov.rs\\\/sq\\\/nga-veriu-ne-jug\\\/#primaryimage\",\"url\":\"https:\\\/\\\/kt.gov.rs\\\/wp-content\\\/uploads\\\/2024\\\/07\\\/newspic460-5.jpg\",\"contentUrl\":\"https:\\\/\\\/kt.gov.rs\\\/wp-content\\\/uploads\\\/2024\\\/07\\\/newspic460-5.jpg\",\"width\":265,\"height\":176},{\"@type\":\"BreadcrumbList\",\"@id\":\"https:\\\/\\\/kt.gov.rs\\\/sq\\\/nga-veriu-ne-jug\\\/#breadcrumb\",\"itemListElement\":[{\"@type\":\"ListItem\",\"position\":1,\"name\":\"\u041f\u043e\u0447\u0435\u0442\u043d\u0430\",\"item\":\"https:\\\/\\\/kt.gov.rs\\\/sq\\\/\"},{\"@type\":\"ListItem\",\"position\":2,\"name\":\"NGA VERIU N\u00cb JUG\"}]},{\"@type\":\"WebSite\",\"@id\":\"https:\\\/\\\/kt.gov.rs\\\/#website\",\"url\":\"https:\\\/\\\/kt.gov.rs\\\/\",\"name\":\"\u041a\u043e\u043e\u0440\u0434\u0438\u043d\u0430\u0446\u0438\u043e\u043d\u043e \u0442\u0435\u043b\u043e \u0412\u043b\u0430\u0434\u0435 \u0420\u0435\u043f\u0443\u0431\u043b\u0438\u043a\u0435 \u0421\u0440\u0431\u0438\u0458\u0435 \u0437\u0430 \u043e\u043f\u0448\u0442\u0438\u043d\u0435 \u041f\u0440\u0435\u0448\u0435\u0432\u043e, \u0411\u0443\u0458\u0430\u043d\u043e\u0432\u0430\u0446 \u0438 \u041c\u0435\u0434\u0432\u0435\u0452a\",\"description\":\"\",\"publisher\":{\"@id\":\"https:\\\/\\\/kt.gov.rs\\\/#organization\"},\"alternateName\":\"\u041a\u043e\u043e\u0440\u0434\u0438\u043d\u0430\u0446\u0438\u043e\u043d\u043e \u0442\u0435\u043b\u043e\",\"potentialAction\":[{\"@type\":\"SearchAction\",\"target\":{\"@type\":\"EntryPoint\",\"urlTemplate\":\"https:\\\/\\\/kt.gov.rs\\\/?s={search_term_string}\"},\"query-input\":{\"@type\":\"PropertyValueSpecification\",\"valueRequired\":true,\"valueName\":\"search_term_string\"}}],\"inLanguage\":\"sq-AL\"},{\"@type\":\"Organization\",\"@id\":\"https:\\\/\\\/kt.gov.rs\\\/#organization\",\"name\":\"\u041a\u043e\u043e\u0440\u0434\u0438\u043d\u0430\u0446\u0438\u043e\u043d\u043e \u0442\u0435\u043b\u043e \u0412\u043b\u0430\u0434\u0435 \u0420\u0435\u043f\u0443\u0431\u043b\u0438\u043a\u0435 \u0421\u0440\u0431\u0438\u0458\u0435 \u0437\u0430 \u043e\u043f\u0448\u0442\u0438\u043d\u0435 \u041f\u0440\u0435\u0448\u0435\u0432\u043e, \u0411\u0443\u0458\u0430\u043d\u043e\u0432\u0430\u0446 \u0438 \u041c\u0435\u0434\u0432\u0435\u0452a\",\"alternateName\":\"\u041a\u043e\u043e\u0440\u0434\u0438\u043d\u0430\u0446\u0438\u043e\u043d\u043e \u0442\u0435\u043b\u043e\",\"url\":\"https:\\\/\\\/kt.gov.rs\\\/\",\"logo\":{\"@type\":\"ImageObject\",\"inLanguage\":\"sq-AL\",\"@id\":\"https:\\\/\\\/kt.gov.rs\\\/#\\\/schema\\\/logo\\\/image\\\/\",\"url\":\"https:\\\/\\\/kt.gov.rs\\\/wp-content\\\/uploads\\\/2024\\\/12\\\/koord2.jpg\",\"contentUrl\":\"https:\\\/\\\/kt.gov.rs\\\/wp-content\\\/uploads\\\/2024\\\/12\\\/koord2.jpg\",\"width\":640,\"height\":480,\"caption\":\"\u041a\u043e\u043e\u0440\u0434\u0438\u043d\u0430\u0446\u0438\u043e\u043d\u043e \u0442\u0435\u043b\u043e \u0412\u043b\u0430\u0434\u0435 \u0420\u0435\u043f\u0443\u0431\u043b\u0438\u043a\u0435 \u0421\u0440\u0431\u0438\u0458\u0435 \u0437\u0430 \u043e\u043f\u0448\u0442\u0438\u043d\u0435 \u041f\u0440\u0435\u0448\u0435\u0432\u043e, \u0411\u0443\u0458\u0430\u043d\u043e\u0432\u0430\u0446 \u0438 \u041c\u0435\u0434\u0432\u0435\u0452a\"},\"image\":{\"@id\":\"https:\\\/\\\/kt.gov.rs\\\/#\\\/schema\\\/logo\\\/image\\\/\"},\"sameAs\":[\"https:\\\/\\\/www.facebook.com\\\/SluzbaKoordinacionogTelaVladeRepublikeSrbije\",\"https:\\\/\\\/x.com\\\/kt_gov\",\"https:\\\/\\\/www.youtube.com\\\/@koordinacionotelo\"]},{\"@type\":\"Person\",\"@id\":\"https:\\\/\\\/kt.gov.rs\\\/#\\\/schema\\\/person\\\/e426459ddb4173309103390602694571\",\"name\":\"ktmin\",\"image\":{\"@type\":\"ImageObject\",\"inLanguage\":\"sq-AL\",\"@id\":\"https:\\\/\\\/secure.gravatar.com\\\/avatar\\\/3985c961109853010c3fbc7ba30365bfba5db3dd6c525831d9c595c7525a615a?s=96&d=mm&r=g\",\"url\":\"https:\\\/\\\/secure.gravatar.com\\\/avatar\\\/3985c961109853010c3fbc7ba30365bfba5db3dd6c525831d9c595c7525a615a?s=96&d=mm&r=g\",\"contentUrl\":\"https:\\\/\\\/secure.gravatar.com\\\/avatar\\\/3985c961109853010c3fbc7ba30365bfba5db3dd6c525831d9c595c7525a615a?s=96&d=mm&r=g\",\"caption\":\"ktmin\"},\"sameAs\":[\"https:\\\/\\\/kt.gov.rs\"],\"url\":\"https:\\\/\\\/kt.gov.rs\\\/sq\\\/author\\\/ktmin\\\/\"}]}<\/script>\n<!-- \/ Yoast SEO plugin. -->","yoast_head_json":{"title":"NGA VERIU N\u00cb JUG - Republika e S\u00ebrbis\u00eb Trupi Koordinues p\u00ebr komunat Bujanoc, Preshev\u00eb dhe Medvegj\u00eb","robots":{"index":"index","follow":"follow","max-snippet":"max-snippet:-1","max-image-preview":"max-image-preview:large","max-video-preview":"max-video-preview:-1"},"canonical":"https:\/\/kt.gov.rs\/sq\/nga-veriu-ne-jug\/","og_locale":"sq_AL","og_type":"article","og_title":"NGA VERIU N\u00cb JUG - Republika e S\u00ebrbis\u00eb Trupi Koordinues p\u00ebr komunat Bujanoc, Preshev\u00eb dhe Medvegj\u00eb","og_description":"Qendra e t\u00eb rinj\u00ebve ,,Ti dhe un\u00eb jemi Ne\u2019\u2019 nga Bujanoci, t\u00eb m\u00ebrkur\u00ebn m\u00eb 27 tetor\u00eb t\u00eb vitit 2010 n\u00eb Teatrin Popullor\u00eb n\u00eb Kikind\u00eb kan\u00eb pasur premier\u00ebn e \u00e7faqjes teatrale ,,Ne jemi e t\u00ebr\u00eb bota\u2019\u2019. \u00c7faqja \u00ebsht\u00eb mb\u00ebshtetur nga Sekretariati Krahinor\u00eb p\u00ebr Kultur\u00eb i Krahin\u00ebs Autonome t\u00eb Vojvodin\u00ebs n\u00eb bashk\u00ebpunim me Trupin Koordinues t\u00eb Qeveris\u00eb s\u00eb Republik\u00ebs s\u00eb Serbis\u00eb p\u00ebr komunat Preshev\u00eb, Bujanoc dhe Medvegj\u00eb.","og_url":"https:\/\/kt.gov.rs\/sq\/nga-veriu-ne-jug\/","og_site_name":"Republika e S\u00ebrbis\u00eb Trupi Koordinues p\u00ebr komunat Bujanoc, Preshev\u00eb dhe Medvegj\u00eb","article_publisher":"https:\/\/www.facebook.com\/SluzbaKoordinacionogTelaVladeRepublikeSrbije","article_published_time":"2010-11-08T00:00:00+00:00","article_modified_time":"2024-07-30T20:21:33+00:00","og_image":[{"width":265,"height":176,"url":"https:\/\/kt.gov.rs\/wp-content\/uploads\/2024\/07\/newspic460-5.jpg","type":"image\/jpeg"}],"author":"ktmin","twitter_card":"summary_large_image","twitter_creator":"@kt_gov","twitter_site":"@kt_gov","twitter_misc":{"Written by":"ktmin","Est. reading time":"3 minutes"},"schema":{"@context":"https:\/\/schema.org","@graph":[{"@type":"Article","@id":"https:\/\/kt.gov.rs\/sq\/nga-veriu-ne-jug\/#article","isPartOf":{"@id":"https:\/\/kt.gov.rs\/sq\/nga-veriu-ne-jug\/"},"author":{"name":"ktmin","@id":"https:\/\/kt.gov.rs\/#\/schema\/person\/e426459ddb4173309103390602694571"},"headline":"NGA VERIU N\u00cb JUG","datePublished":"2010-11-08T00:00:00+00:00","dateModified":"2024-07-30T20:21:33+00:00","mainEntityOfPage":{"@id":"https:\/\/kt.gov.rs\/sq\/nga-veriu-ne-jug\/"},"wordCount":673,"publisher":{"@id":"https:\/\/kt.gov.rs\/#organization"},"image":{"@id":"https:\/\/kt.gov.rs\/sq\/nga-veriu-ne-jug\/#primaryimage"},"thumbnailUrl":"https:\/\/kt.gov.rs\/wp-content\/uploads\/2024\/07\/newspic460-5.jpg","articleSection":["Lajme"],"inLanguage":"sq-AL"},{"@type":"WebPage","@id":"https:\/\/kt.gov.rs\/sq\/nga-veriu-ne-jug\/","url":"https:\/\/kt.gov.rs\/sq\/nga-veriu-ne-jug\/","name":"NGA VERIU N\u00cb JUG - Republika e S\u00ebrbis\u00eb Trupi Koordinues p\u00ebr komunat Bujanoc, Preshev\u00eb dhe Medvegj\u00eb","isPartOf":{"@id":"https:\/\/kt.gov.rs\/#website"},"primaryImageOfPage":{"@id":"https:\/\/kt.gov.rs\/sq\/nga-veriu-ne-jug\/#primaryimage"},"image":{"@id":"https:\/\/kt.gov.rs\/sq\/nga-veriu-ne-jug\/#primaryimage"},"thumbnailUrl":"https:\/\/kt.gov.rs\/wp-content\/uploads\/2024\/07\/newspic460-5.jpg","datePublished":"2010-11-08T00:00:00+00:00","dateModified":"2024-07-30T20:21:33+00:00","breadcrumb":{"@id":"https:\/\/kt.gov.rs\/sq\/nga-veriu-ne-jug\/#breadcrumb"},"inLanguage":"sq-AL","potentialAction":[{"@type":"ReadAction","target":["https:\/\/kt.gov.rs\/sq\/nga-veriu-ne-jug\/"]}]},{"@type":"ImageObject","inLanguage":"sq-AL","@id":"https:\/\/kt.gov.rs\/sq\/nga-veriu-ne-jug\/#primaryimage","url":"https:\/\/kt.gov.rs\/wp-content\/uploads\/2024\/07\/newspic460-5.jpg","contentUrl":"https:\/\/kt.gov.rs\/wp-content\/uploads\/2024\/07\/newspic460-5.jpg","width":265,"height":176},{"@type":"BreadcrumbList","@id":"https:\/\/kt.gov.rs\/sq\/nga-veriu-ne-jug\/#breadcrumb","itemListElement":[{"@type":"ListItem","position":1,"name":"\u041f\u043e\u0447\u0435\u0442\u043d\u0430","item":"https:\/\/kt.gov.rs\/sq\/"},{"@type":"ListItem","position":2,"name":"NGA VERIU N\u00cb JUG"}]},{"@type":"WebSite","@id":"https:\/\/kt.gov.rs\/#website","url":"https:\/\/kt.gov.rs\/","name":"\u041a\u043e\u043e\u0440\u0434\u0438\u043d\u0430\u0446\u0438\u043e\u043d\u043e \u0442\u0435\u043b\u043e \u0412\u043b\u0430\u0434\u0435 \u0420\u0435\u043f\u0443\u0431\u043b\u0438\u043a\u0435 \u0421\u0440\u0431\u0438\u0458\u0435 \u0437\u0430 \u043e\u043f\u0448\u0442\u0438\u043d\u0435 \u041f\u0440\u0435\u0448\u0435\u0432\u043e, \u0411\u0443\u0458\u0430\u043d\u043e\u0432\u0430\u0446 \u0438 \u041c\u0435\u0434\u0432\u0435\u0452a","description":"","publisher":{"@id":"https:\/\/kt.gov.rs\/#organization"},"alternateName":"\u041a\u043e\u043e\u0440\u0434\u0438\u043d\u0430\u0446\u0438\u043e\u043d\u043e \u0442\u0435\u043b\u043e","potentialAction":[{"@type":"SearchAction","target":{"@type":"EntryPoint","urlTemplate":"https:\/\/kt.gov.rs\/?s={search_term_string}"},"query-input":{"@type":"PropertyValueSpecification","valueRequired":true,"valueName":"search_term_string"}}],"inLanguage":"sq-AL"},{"@type":"Organization","@id":"https:\/\/kt.gov.rs\/#organization","name":"\u041a\u043e\u043e\u0440\u0434\u0438\u043d\u0430\u0446\u0438\u043e\u043d\u043e \u0442\u0435\u043b\u043e \u0412\u043b\u0430\u0434\u0435 \u0420\u0435\u043f\u0443\u0431\u043b\u0438\u043a\u0435 \u0421\u0440\u0431\u0438\u0458\u0435 \u0437\u0430 \u043e\u043f\u0448\u0442\u0438\u043d\u0435 \u041f\u0440\u0435\u0448\u0435\u0432\u043e, \u0411\u0443\u0458\u0430\u043d\u043e\u0432\u0430\u0446 \u0438 \u041c\u0435\u0434\u0432\u0435\u0452a","alternateName":"\u041a\u043e\u043e\u0440\u0434\u0438\u043d\u0430\u0446\u0438\u043e\u043d\u043e \u0442\u0435\u043b\u043e","url":"https:\/\/kt.gov.rs\/","logo":{"@type":"ImageObject","inLanguage":"sq-AL","@id":"https:\/\/kt.gov.rs\/#\/schema\/logo\/image\/","url":"https:\/\/kt.gov.rs\/wp-content\/uploads\/2024\/12\/koord2.jpg","contentUrl":"https:\/\/kt.gov.rs\/wp-content\/uploads\/2024\/12\/koord2.jpg","width":640,"height":480,"caption":"\u041a\u043e\u043e\u0440\u0434\u0438\u043d\u0430\u0446\u0438\u043e\u043d\u043e \u0442\u0435\u043b\u043e \u0412\u043b\u0430\u0434\u0435 \u0420\u0435\u043f\u0443\u0431\u043b\u0438\u043a\u0435 \u0421\u0440\u0431\u0438\u0458\u0435 \u0437\u0430 \u043e\u043f\u0448\u0442\u0438\u043d\u0435 \u041f\u0440\u0435\u0448\u0435\u0432\u043e, \u0411\u0443\u0458\u0430\u043d\u043e\u0432\u0430\u0446 \u0438 \u041c\u0435\u0434\u0432\u0435\u0452a"},"image":{"@id":"https:\/\/kt.gov.rs\/#\/schema\/logo\/image\/"},"sameAs":["https:\/\/www.facebook.com\/SluzbaKoordinacionogTelaVladeRepublikeSrbije","https:\/\/x.com\/kt_gov","https:\/\/www.youtube.com\/@koordinacionotelo"]},{"@type":"Person","@id":"https:\/\/kt.gov.rs\/#\/schema\/person\/e426459ddb4173309103390602694571","name":"ktmin","image":{"@type":"ImageObject","inLanguage":"sq-AL","@id":"https:\/\/secure.gravatar.com\/avatar\/3985c961109853010c3fbc7ba30365bfba5db3dd6c525831d9c595c7525a615a?s=96&d=mm&r=g","url":"https:\/\/secure.gravatar.com\/avatar\/3985c961109853010c3fbc7ba30365bfba5db3dd6c525831d9c595c7525a615a?s=96&d=mm&r=g","contentUrl":"https:\/\/secure.gravatar.com\/avatar\/3985c961109853010c3fbc7ba30365bfba5db3dd6c525831d9c595c7525a615a?s=96&d=mm&r=g","caption":"ktmin"},"sameAs":["https:\/\/kt.gov.rs"],"url":"https:\/\/kt.gov.rs\/sq\/author\/ktmin\/"}]}},"_links":{"self":[{"href":"https:\/\/kt.gov.rs\/sq\/wp-json\/wp\/v2\/posts\/142512","targetHints":{"allow":["GET"]}}],"collection":[{"href":"https:\/\/kt.gov.rs\/sq\/wp-json\/wp\/v2\/posts"}],"about":[{"href":"https:\/\/kt.gov.rs\/sq\/wp-json\/wp\/v2\/types\/post"}],"author":[{"embeddable":true,"href":"https:\/\/kt.gov.rs\/sq\/wp-json\/wp\/v2\/users\/1"}],"replies":[{"embeddable":true,"href":"https:\/\/kt.gov.rs\/sq\/wp-json\/wp\/v2\/comments?post=142512"}],"version-history":[{"count":1,"href":"https:\/\/kt.gov.rs\/sq\/wp-json\/wp\/v2\/posts\/142512\/revisions"}],"predecessor-version":[{"id":142519,"href":"https:\/\/kt.gov.rs\/sq\/wp-json\/wp\/v2\/posts\/142512\/revisions\/142519"}],"wp:featuredmedia":[{"embeddable":true,"href":"https:\/\/kt.gov.rs\/sq\/wp-json\/wp\/v2\/media\/142520"}],"wp:attachment":[{"href":"https:\/\/kt.gov.rs\/sq\/wp-json\/wp\/v2\/media?parent=142512"}],"wp:term":[{"taxonomy":"category","embeddable":true,"href":"https:\/\/kt.gov.rs\/sq\/wp-json\/wp\/v2\/categories?post=142512"},{"taxonomy":"post_tag","embeddable":true,"href":"https:\/\/kt.gov.rs\/sq\/wp-json\/wp\/v2\/tags?post=142512"}],"curies":[{"name":"wp","href":"https:\/\/api.w.org\/{rel}","templated":true}]}}