{"id":142501,"date":"2010-11-19T00:00:00","date_gmt":"2010-11-19T00:00:00","guid":{"rendered":"http:\/\/kt.printandscreen.rs\/bursistet-e-trupit-koordinues-per-vizite-ne-beograd\/"},"modified":"2024-07-30T20:21:32","modified_gmt":"2024-07-30T20:21:32","slug":"bursistet-e-trupit-koordinues-per-vizite-ne-beograd","status":"publish","type":"post","link":"https:\/\/kt.gov.rs\/sq\/bursistet-e-trupit-koordinues-per-vizite-ne-beograd\/","title":{"rendered":"BURSIST\u00cbT E TRUPIT KOORDINUES P\u00cbR VIZIT\u00cb N\u00cb BEOGRAD"},"content":{"rendered":"<p><!--[if gte mso 9]><xml>\n \n  Normal\n  0\n  \n  \n  false\n  false\n  false\n  \n   \n   \n   \n   \n   \n   \n  \n  MicrosoftInternetExplorer4\n \n<\/xml><![endif]--><!--[if gte mso 9]><![endif]--><!--[if gte mso 10]>\n\n\n<style>\n \/* Style Definitions *\/\n table.MsoNormalTable\n\t{mso-style-name:\"Table Normal\";\n\tmso-style-parent:\"\";\n\tfont-size:10.0pt;\"Times New Roman\";\n\tmso-fareast-\"Times New Roman\";}\n<\/style>\n\n\n<![endif]--><\/p>\n<p><img decoding=\"async\" align=\"left\" src=\"https:\/\/kt.gov.rs\/wp-content\/uploads\/2024\/07\/newspic462-4.jpg\" alt=\"\" \/>Trupi Koordinues i Qeveris\u00eb s\u00eb Republik\u00ebs s\u00eb Serbis\u00eb p\u00ebr komunat Preshev\u00eb, Bujanoc dhe Medvegj\u00eb ka organizuar vizit\u00ebn p\u00ebr 206 nx\u00ebn\u00ebs t\u00eb shkollave t\u00eb mesme, bursist\u00eb nga k\u00ebto tri komuna, qytetit t\u00eb Beogradit. Kjo \u00ebsht\u00eb hera e dyt\u00eb q\u00eb Trupi Koordinues ndan\u00eb burs\u00eb p\u00ebr nx\u00ebn\u00ebsit e shkollave t\u00eb mesme nga Presheva, Bujanoci dhe Medvegja.\u00a0Si nikoqir t\u00eb nx\u00ebn\u00ebsve n\u00eb ,,Pallata Srbija\u2019\u2019 kan\u00eb qen\u00eb p\u00ebrfaq\u00ebsuesit m\u00eb t\u00eb lart\u00eb shtet\u00ebror\u00eb n\u00eb mes t\u00eb cil\u00ebve ministri dhe kryetari i Trupit Koordinues Milan Markoviq, ministri i arsimit Zharko Obradoviq dhe deputeti popullor\u00eb Riza Halimi. Me k\u00ebt\u00eb rast nx\u00ebn\u00ebsve u jan\u00eb dor\u00ebzuar kontratat e bursave.<\/p>\n<p>Goran Qiriq, drejtori gjeneral I PTT Srbija, bursist\u00ebve t\u00eb Trupit Koordinues u ka dor\u00ebzuar dhurata nd\u00ebrsa Srgjan Cekiq, kryetar\u00eb i bordit t\u00eb Kursimeve postare u ka dor\u00ebzuar libreza kursimi me 5.000,00 din t\u00eb deponuara.<\/p>\n<p>Gjat\u00eb ceremonis\u00eb s\u00eb ndarjes s\u00eb kontratave mbi bursimin, ministri Markoviq theksoi se shteti jon\u00eb mundohet q\u00eb m\u00eb tep\u00ebr energjin\u00eb e tij\u00eb t\u00eb ja kushtoj\u00eb rinis\u00eb p\u00ebr arsimimin q\u00eb nj\u00eb dit\u00eb komuna e tyre t\u00eb ket\u00eb dobi nga ata. Ai porositi t\u00eb rinj\u00ebt se e kan\u00eb rastin q\u00eb jet\u00ebn e tyre ta b\u00ebjn\u00eb sa m\u00eb t\u00eb mir\u00eb dhe t\u00eb jen\u00eb ur\u00eb lidh\u00ebse, pajtimi dhe bashk\u00ebpunimi n\u00eb mes dy popujve t\u00eb cil\u00ebt n\u00eb t\u00eb kaluar\u00ebn e tyre kan\u00eb pasur probleme.<\/p>\n<p><strong>\u201e<\/strong><strong>Ju tash jeni t\u00eb rinj\u00eb dhe nuk duheni t\u00eb jeni rob\u00ebr i s\u00eb kaluar\u00ebs. Nga ju mvaret se qfar ardhm\u00ebrie do t\u00eb\u00a0keni nd\u00ebrsa ne do t\u00eb mundohemi q\u00eb t\u2019ju mund\u00ebsojm\u00eb q\u00eb ajo t\u00eb jet\u00eb sa m\u00eb e lumtur\u2019\u2019, deklaroi Markoviq.<\/strong><\/p>\n<p>Trupi Koordinues ka organizuar vizit\u00ebn qytetit t\u00eb Beogradit si dhurat\u00eb shtes\u00eb nx\u00ebn\u00ebsve t\u00eb shkollave t\u00eb mesme. Bursist\u00ebt s\u00eb pari vizituan Kuvendin Popullor\u00eb me q\u2019rast jan\u00eb pritur nga kryetarja e parlamentit Slavica Gjukiq-Dejanoviq e cila shprehu bindjen se me ndarjen e bursave, nx\u00ebn\u00ebsit do t\u00eb investojn\u00eb\u00a0n\u00eb veten e tyre, t\u00eb m\u00ebsojn\u00eb m\u00eb tep\u00ebr dhe pret q\u00eb nj\u00eb dit\u00eb ndonj\u00ebri nga k\u00ebta t\u00eb rinj\u00eb do t\u00eb arrij\u00eb t\u00eb ulet n\u00eb karrigat e Kuvendit Popullor\u00eb dhe t\u00eb kontribuoj\u00eb p\u00ebr rrethin\u00ebn e tyre ku ata jetojn\u00eb.<\/p>\n<p>Pas vizit\u00ebs s\u00eb Kuvendit Popullor\u00eb, bursist\u00ebt i ka pritur kryetari i Republik\u00ebs s\u00eb Serbis\u00eb Boris Tadiq. Gjat pritjes s\u00eb tyre n\u00eb Kryesin\u00eb e Serbis\u00eb, kryetari porositi se n\u00eb k\u00ebt\u00eb koh\u00eb t\u00eb v\u00ebshtir\u00eb n\u00eb t\u00eb cil\u00ebn jetojm\u00eb s\u00eb pari duhet t\u2019i p\u00ebrmbushemi obligimet tona, mir\u00ebpo t\u00eb mos e l\u00ebn\u00eb anash edhe loj\u00ebn e tyre rinore. Kryetari Tadiq porositi se shum\u00eb e r\u00ebnd\u00ebsishme \u00ebsht\u00eb p\u00ebrsosshm\u00ebria e tyre arsimore. N\u00eb bised\u00eb me nx\u00ebn\u00ebsit e komunitetit shqip\u00ebtar\u00eb, serb dhe rom\u00eb ai shprehu k\u00ebnaq\u00ebsin\u00eb e tij\u00eb q\u00eb programi qeveritar\u00eb i mb\u00ebshtetjes shkollore po zhvillohet shum\u00eb mir\u00eb. Boris Tadiq shtoi se \u00ebsht\u00eb i k\u00ebnaqur se u \u00ebsht\u00eb dh\u00ebn\u00eb kjo mund\u00ebsi p\u00ebr ata nx\u00ebn\u00ebs t\u00eb cil\u00ebt kan\u00eb d\u00ebshir\u00eb t\u00eb shkollohen.<\/p>\n<p>\u201e<strong>Jetojm\u00eb n\u00eb nj\u00eb hap\u00ebsir\u00eb ku nuk ka konflikte. Ajo \u00ebsht\u00eb \u00ebndrra ime, dhe jam\u00eb i bindur se kjo \u00ebsht\u00eb edhe \u00ebndrra e juaj\u2019\u2019, porositi kryetari i Republik\u00ebs nx\u00ebn\u00ebsit nga Serbia jugore.<\/strong><\/p>\n<p>Bursist\u00ebt e Trupit Koordinues m\u00eb\u00a0pastaj jan\u00eb takuar edhe me kryetarin e Beogradit Dragan Gjillas i cili i ka pritur n\u00eb nd\u00ebrtes\u00ebn e vjet\u00ebr. P\u00ebrpos dhuratave dhe mir\u00ebseardhjes si dhe vizit\u00ebs s\u00eb kryeqytetit me an\u00eb t\u00eb udh\u00ebrr\u00ebfyesit t\u00eb Agjensionit Turistik t\u00eb Beogradit, kryetari i Beogradit u premtoi nx\u00ebn\u00ebsve se p\u00ebr ta do t\u00eb organizoj\u00eb ardhjen n\u00eb nj\u00eb nga koncertet e yjeve t\u00eb muzik\u00ebs n\u00eb aren\u00ebn e Beogradit. Ardhja e tyre e ardhshme do t\u00eb jet\u00eb shansi q\u00eb ata t\u00eb njoftohen dhe t\u00eb shoq\u00ebrohen me moshatar\u00ebt e tyre nga Beogradi.<\/p>\n<p><img decoding=\"async\" align=\"left\" src=\"https:\/\/kt.gov.rs\/wp-content\/uploads\/2024\/07\/newspic463-2.jpg\" alt=\"\" \/>,,Jemi shum\u00eb t\u00eb lumtur q\u00eb sot jemi nikoqir i Juaji. Beogradi \u00ebsht\u00eb qytet me zem\u00ebr t\u00eb hapur dhe \u00ebsht\u00eb i gatsh\u00ebm t\u2019i pranoj\u00eb t\u00eb gjith\u00eb ata q\u00eb duan ta vizitojn\u00eb, t\u00eb studjojn\u00eb apo t\u00eb jetojn\u00eb k\u00ebtu. T\u00eb jeni optimist sepse jeni shum\u00eb t\u00eb rinj\u00eb q\u00eb t\u00eb frigoheni se si do t\u00eb jet\u00eb nes\u00ebr, p\u00ebr ate do t\u00eb kujdesemi ne m\u00eb t\u00eb vjetrit\u2019\u2019,\u00a0tha Gjilas.<\/p>\n<p>N\u00eb pritje t\u00eb nx\u00ebn\u00ebsve ka qen\u00eb i pranish\u00ebm edhe sekretari i arsimit Vladimir Todiq dhe z\u00ebvend\u00ebsja e tij Dragica Moro.<\/p>\n<p>N\u00ebnt\u00ebmb\u00ebdhjet\u00ebvjeqarja Dafina Aliu nga Bujanoci, kryetarit t\u00eb Republik\u00ebs s\u00eb Serbis\u00eb Tadiq dhe kryetarit t\u00eb Beogradit Gjilas i dhuroi gazet\u00ebn e par\u00eb multietnike ,,VIVA BU\u2019\u2019 e qendr\u00ebs rinore ,,Ti dhe un\u00eb\u00a0jemi Ne\u2019\u2019 t\u00eb cil\u00ebn s\u00eb bashku e kan\u00eb pregaditur nx\u00ebn\u00ebsit serb, shqip\u00ebtar\u00eb dhe rom\u00eb.<\/p>\n","protected":false},"excerpt":{"rendered":"<p>Trupi Koordinues i Qeveris\u00eb s\u00eb Republik\u00ebs s\u00eb Serbis\u00eb p\u00ebr komunat Preshev\u00eb, Bujanoc dhe Medvegj\u00eb ka organizuar vizit\u00ebn p\u00ebr 206 nx\u00ebn\u00ebs t\u00eb shkollave t\u00eb mesme, bursist\u00eb nga k\u00ebto tri komuna, qytetit t\u00eb Beogradit. Kjo \u00ebsht\u00eb hera e dyt\u00eb q\u00eb Trupi Koordinues ndan\u00eb burs\u00eb p\u00ebr nx\u00ebn\u00ebsit e shkollave t\u00eb mesme nga Presheva, Bujanoci dhe Medvegja.<\/p>\n","protected":false},"author":1,"featured_media":142509,"comment_status":"closed","ping_status":"closed","sticky":false,"template":"","format":"standard","meta":{"footnotes":""},"categories":[55],"tags":[],"class_list":["post-142501","post","type-post","status-publish","format-standard","has-post-thumbnail","hentry","category-lajme"],"yoast_head":"<!-- This site is optimized with the Yoast SEO plugin v27.5 - https:\/\/yoast.com\/product\/yoast-seo-wordpress\/ -->\n<title>BURSIST\u00cbT E TRUPIT KOORDINUES P\u00cbR VIZIT\u00cb N\u00cb BEOGRAD - Republika e S\u00ebrbis\u00eb Trupi Koordinues p\u00ebr komunat Bujanoc, Preshev\u00eb dhe Medvegj\u00eb<\/title>\n<meta name=\"robots\" content=\"index, follow, max-snippet:-1, max-image-preview:large, max-video-preview:-1\" \/>\n<link rel=\"canonical\" href=\"https:\/\/kt.gov.rs\/sq\/bursistet-e-trupit-koordinues-per-vizite-ne-beograd\/\" \/>\n<meta property=\"og:locale\" content=\"sq_AL\" \/>\n<meta property=\"og:type\" content=\"article\" \/>\n<meta property=\"og:title\" content=\"BURSIST\u00cbT E TRUPIT KOORDINUES P\u00cbR VIZIT\u00cb N\u00cb BEOGRAD - Republika e S\u00ebrbis\u00eb Trupi Koordinues p\u00ebr komunat Bujanoc, Preshev\u00eb dhe Medvegj\u00eb\" \/>\n<meta property=\"og:description\" content=\"Trupi Koordinues i Qeveris\u00eb s\u00eb Republik\u00ebs s\u00eb Serbis\u00eb p\u00ebr komunat Preshev\u00eb, Bujanoc dhe Medvegj\u00eb ka organizuar vizit\u00ebn p\u00ebr 206 nx\u00ebn\u00ebs t\u00eb shkollave t\u00eb mesme, bursist\u00eb nga k\u00ebto tri komuna, qytetit t\u00eb Beogradit. Kjo \u00ebsht\u00eb hera e dyt\u00eb q\u00eb Trupi Koordinues ndan\u00eb burs\u00eb p\u00ebr nx\u00ebn\u00ebsit e shkollave t\u00eb mesme nga Presheva, Bujanoci dhe Medvegja.\" \/>\n<meta property=\"og:url\" content=\"https:\/\/kt.gov.rs\/sq\/bursistet-e-trupit-koordinues-per-vizite-ne-beograd\/\" \/>\n<meta property=\"og:site_name\" content=\"Republika e S\u00ebrbis\u00eb Trupi Koordinues p\u00ebr komunat Bujanoc, Preshev\u00eb dhe Medvegj\u00eb\" \/>\n<meta property=\"article:publisher\" content=\"https:\/\/www.facebook.com\/SluzbaKoordinacionogTelaVladeRepublikeSrbije\" \/>\n<meta property=\"article:published_time\" content=\"2010-11-19T00:00:00+00:00\" \/>\n<meta property=\"article:modified_time\" content=\"2024-07-30T20:21:32+00:00\" \/>\n<meta property=\"og:image\" content=\"https:\/\/kt.gov.rs\/wp-content\/uploads\/2024\/07\/newspic462-5.jpg\" \/>\n\t<meta property=\"og:image:width\" content=\"265\" \/>\n\t<meta property=\"og:image:height\" content=\"176\" \/>\n\t<meta property=\"og:image:type\" content=\"image\/jpeg\" \/>\n<meta name=\"author\" content=\"ktmin\" \/>\n<meta name=\"twitter:card\" content=\"summary_large_image\" \/>\n<meta name=\"twitter:creator\" content=\"@kt_gov\" \/>\n<meta name=\"twitter:site\" content=\"@kt_gov\" \/>\n<meta name=\"twitter:label1\" content=\"Written by\" \/>\n\t<meta name=\"twitter:data1\" content=\"ktmin\" \/>\n\t<meta name=\"twitter:label2\" content=\"Est. reading time\" \/>\n\t<meta name=\"twitter:data2\" content=\"4 minutes\" \/>\n<script type=\"application\/ld+json\" class=\"yoast-schema-graph\">{\"@context\":\"https:\\\/\\\/schema.org\",\"@graph\":[{\"@type\":\"Article\",\"@id\":\"https:\\\/\\\/kt.gov.rs\\\/sq\\\/bursistet-e-trupit-koordinues-per-vizite-ne-beograd\\\/#article\",\"isPartOf\":{\"@id\":\"https:\\\/\\\/kt.gov.rs\\\/sq\\\/bursistet-e-trupit-koordinues-per-vizite-ne-beograd\\\/\"},\"author\":{\"name\":\"ktmin\",\"@id\":\"https:\\\/\\\/kt.gov.rs\\\/#\\\/schema\\\/person\\\/e426459ddb4173309103390602694571\"},\"headline\":\"BURSIST\u00cbT E TRUPIT KOORDINUES P\u00cbR VIZIT\u00cb N\u00cb BEOGRAD\",\"datePublished\":\"2010-11-19T00:00:00+00:00\",\"dateModified\":\"2024-07-30T20:21:32+00:00\",\"mainEntityOfPage\":{\"@id\":\"https:\\\/\\\/kt.gov.rs\\\/sq\\\/bursistet-e-trupit-koordinues-per-vizite-ne-beograd\\\/\"},\"wordCount\":851,\"publisher\":{\"@id\":\"https:\\\/\\\/kt.gov.rs\\\/#organization\"},\"image\":{\"@id\":\"https:\\\/\\\/kt.gov.rs\\\/sq\\\/bursistet-e-trupit-koordinues-per-vizite-ne-beograd\\\/#primaryimage\"},\"thumbnailUrl\":\"https:\\\/\\\/kt.gov.rs\\\/wp-content\\\/uploads\\\/2024\\\/07\\\/newspic462-5.jpg\",\"articleSection\":[\"Lajme\"],\"inLanguage\":\"sq-AL\"},{\"@type\":\"WebPage\",\"@id\":\"https:\\\/\\\/kt.gov.rs\\\/sq\\\/bursistet-e-trupit-koordinues-per-vizite-ne-beograd\\\/\",\"url\":\"https:\\\/\\\/kt.gov.rs\\\/sq\\\/bursistet-e-trupit-koordinues-per-vizite-ne-beograd\\\/\",\"name\":\"BURSIST\u00cbT E TRUPIT KOORDINUES P\u00cbR VIZIT\u00cb N\u00cb BEOGRAD - Republika e S\u00ebrbis\u00eb Trupi Koordinues p\u00ebr komunat Bujanoc, Preshev\u00eb dhe Medvegj\u00eb\",\"isPartOf\":{\"@id\":\"https:\\\/\\\/kt.gov.rs\\\/#website\"},\"primaryImageOfPage\":{\"@id\":\"https:\\\/\\\/kt.gov.rs\\\/sq\\\/bursistet-e-trupit-koordinues-per-vizite-ne-beograd\\\/#primaryimage\"},\"image\":{\"@id\":\"https:\\\/\\\/kt.gov.rs\\\/sq\\\/bursistet-e-trupit-koordinues-per-vizite-ne-beograd\\\/#primaryimage\"},\"thumbnailUrl\":\"https:\\\/\\\/kt.gov.rs\\\/wp-content\\\/uploads\\\/2024\\\/07\\\/newspic462-5.jpg\",\"datePublished\":\"2010-11-19T00:00:00+00:00\",\"dateModified\":\"2024-07-30T20:21:32+00:00\",\"breadcrumb\":{\"@id\":\"https:\\\/\\\/kt.gov.rs\\\/sq\\\/bursistet-e-trupit-koordinues-per-vizite-ne-beograd\\\/#breadcrumb\"},\"inLanguage\":\"sq-AL\",\"potentialAction\":[{\"@type\":\"ReadAction\",\"target\":[\"https:\\\/\\\/kt.gov.rs\\\/sq\\\/bursistet-e-trupit-koordinues-per-vizite-ne-beograd\\\/\"]}]},{\"@type\":\"ImageObject\",\"inLanguage\":\"sq-AL\",\"@id\":\"https:\\\/\\\/kt.gov.rs\\\/sq\\\/bursistet-e-trupit-koordinues-per-vizite-ne-beograd\\\/#primaryimage\",\"url\":\"https:\\\/\\\/kt.gov.rs\\\/wp-content\\\/uploads\\\/2024\\\/07\\\/newspic462-5.jpg\",\"contentUrl\":\"https:\\\/\\\/kt.gov.rs\\\/wp-content\\\/uploads\\\/2024\\\/07\\\/newspic462-5.jpg\",\"width\":265,\"height\":176},{\"@type\":\"BreadcrumbList\",\"@id\":\"https:\\\/\\\/kt.gov.rs\\\/sq\\\/bursistet-e-trupit-koordinues-per-vizite-ne-beograd\\\/#breadcrumb\",\"itemListElement\":[{\"@type\":\"ListItem\",\"position\":1,\"name\":\"\u041f\u043e\u0447\u0435\u0442\u043d\u0430\",\"item\":\"https:\\\/\\\/kt.gov.rs\\\/sq\\\/\"},{\"@type\":\"ListItem\",\"position\":2,\"name\":\"BURSIST\u00cbT E TRUPIT KOORDINUES P\u00cbR VIZIT\u00cb N\u00cb BEOGRAD\"}]},{\"@type\":\"WebSite\",\"@id\":\"https:\\\/\\\/kt.gov.rs\\\/#website\",\"url\":\"https:\\\/\\\/kt.gov.rs\\\/\",\"name\":\"\u041a\u043e\u043e\u0440\u0434\u0438\u043d\u0430\u0446\u0438\u043e\u043d\u043e \u0442\u0435\u043b\u043e \u0412\u043b\u0430\u0434\u0435 \u0420\u0435\u043f\u0443\u0431\u043b\u0438\u043a\u0435 \u0421\u0440\u0431\u0438\u0458\u0435 \u0437\u0430 \u043e\u043f\u0448\u0442\u0438\u043d\u0435 \u041f\u0440\u0435\u0448\u0435\u0432\u043e, \u0411\u0443\u0458\u0430\u043d\u043e\u0432\u0430\u0446 \u0438 \u041c\u0435\u0434\u0432\u0435\u0452a\",\"description\":\"\",\"publisher\":{\"@id\":\"https:\\\/\\\/kt.gov.rs\\\/#organization\"},\"alternateName\":\"\u041a\u043e\u043e\u0440\u0434\u0438\u043d\u0430\u0446\u0438\u043e\u043d\u043e \u0442\u0435\u043b\u043e\",\"potentialAction\":[{\"@type\":\"SearchAction\",\"target\":{\"@type\":\"EntryPoint\",\"urlTemplate\":\"https:\\\/\\\/kt.gov.rs\\\/?s={search_term_string}\"},\"query-input\":{\"@type\":\"PropertyValueSpecification\",\"valueRequired\":true,\"valueName\":\"search_term_string\"}}],\"inLanguage\":\"sq-AL\"},{\"@type\":\"Organization\",\"@id\":\"https:\\\/\\\/kt.gov.rs\\\/#organization\",\"name\":\"\u041a\u043e\u043e\u0440\u0434\u0438\u043d\u0430\u0446\u0438\u043e\u043d\u043e \u0442\u0435\u043b\u043e \u0412\u043b\u0430\u0434\u0435 \u0420\u0435\u043f\u0443\u0431\u043b\u0438\u043a\u0435 \u0421\u0440\u0431\u0438\u0458\u0435 \u0437\u0430 \u043e\u043f\u0448\u0442\u0438\u043d\u0435 \u041f\u0440\u0435\u0448\u0435\u0432\u043e, \u0411\u0443\u0458\u0430\u043d\u043e\u0432\u0430\u0446 \u0438 \u041c\u0435\u0434\u0432\u0435\u0452a\",\"alternateName\":\"\u041a\u043e\u043e\u0440\u0434\u0438\u043d\u0430\u0446\u0438\u043e\u043d\u043e \u0442\u0435\u043b\u043e\",\"url\":\"https:\\\/\\\/kt.gov.rs\\\/\",\"logo\":{\"@type\":\"ImageObject\",\"inLanguage\":\"sq-AL\",\"@id\":\"https:\\\/\\\/kt.gov.rs\\\/#\\\/schema\\\/logo\\\/image\\\/\",\"url\":\"https:\\\/\\\/kt.gov.rs\\\/wp-content\\\/uploads\\\/2024\\\/12\\\/koord2.jpg\",\"contentUrl\":\"https:\\\/\\\/kt.gov.rs\\\/wp-content\\\/uploads\\\/2024\\\/12\\\/koord2.jpg\",\"width\":640,\"height\":480,\"caption\":\"\u041a\u043e\u043e\u0440\u0434\u0438\u043d\u0430\u0446\u0438\u043e\u043d\u043e \u0442\u0435\u043b\u043e \u0412\u043b\u0430\u0434\u0435 \u0420\u0435\u043f\u0443\u0431\u043b\u0438\u043a\u0435 \u0421\u0440\u0431\u0438\u0458\u0435 \u0437\u0430 \u043e\u043f\u0448\u0442\u0438\u043d\u0435 \u041f\u0440\u0435\u0448\u0435\u0432\u043e, \u0411\u0443\u0458\u0430\u043d\u043e\u0432\u0430\u0446 \u0438 \u041c\u0435\u0434\u0432\u0435\u0452a\"},\"image\":{\"@id\":\"https:\\\/\\\/kt.gov.rs\\\/#\\\/schema\\\/logo\\\/image\\\/\"},\"sameAs\":[\"https:\\\/\\\/www.facebook.com\\\/SluzbaKoordinacionogTelaVladeRepublikeSrbije\",\"https:\\\/\\\/x.com\\\/kt_gov\",\"https:\\\/\\\/www.youtube.com\\\/@koordinacionotelo\"]},{\"@type\":\"Person\",\"@id\":\"https:\\\/\\\/kt.gov.rs\\\/#\\\/schema\\\/person\\\/e426459ddb4173309103390602694571\",\"name\":\"ktmin\",\"image\":{\"@type\":\"ImageObject\",\"inLanguage\":\"sq-AL\",\"@id\":\"https:\\\/\\\/secure.gravatar.com\\\/avatar\\\/3985c961109853010c3fbc7ba30365bfba5db3dd6c525831d9c595c7525a615a?s=96&d=mm&r=g\",\"url\":\"https:\\\/\\\/secure.gravatar.com\\\/avatar\\\/3985c961109853010c3fbc7ba30365bfba5db3dd6c525831d9c595c7525a615a?s=96&d=mm&r=g\",\"contentUrl\":\"https:\\\/\\\/secure.gravatar.com\\\/avatar\\\/3985c961109853010c3fbc7ba30365bfba5db3dd6c525831d9c595c7525a615a?s=96&d=mm&r=g\",\"caption\":\"ktmin\"},\"sameAs\":[\"https:\\\/\\\/kt.gov.rs\"],\"url\":\"https:\\\/\\\/kt.gov.rs\\\/sq\\\/author\\\/ktmin\\\/\"}]}<\/script>\n<!-- \/ Yoast SEO plugin. -->","yoast_head_json":{"title":"BURSIST\u00cbT E TRUPIT KOORDINUES P\u00cbR VIZIT\u00cb N\u00cb BEOGRAD - Republika e S\u00ebrbis\u00eb Trupi Koordinues p\u00ebr komunat Bujanoc, Preshev\u00eb dhe Medvegj\u00eb","robots":{"index":"index","follow":"follow","max-snippet":"max-snippet:-1","max-image-preview":"max-image-preview:large","max-video-preview":"max-video-preview:-1"},"canonical":"https:\/\/kt.gov.rs\/sq\/bursistet-e-trupit-koordinues-per-vizite-ne-beograd\/","og_locale":"sq_AL","og_type":"article","og_title":"BURSIST\u00cbT E TRUPIT KOORDINUES P\u00cbR VIZIT\u00cb N\u00cb BEOGRAD - Republika e S\u00ebrbis\u00eb Trupi Koordinues p\u00ebr komunat Bujanoc, Preshev\u00eb dhe Medvegj\u00eb","og_description":"Trupi Koordinues i Qeveris\u00eb s\u00eb Republik\u00ebs s\u00eb Serbis\u00eb p\u00ebr komunat Preshev\u00eb, Bujanoc dhe Medvegj\u00eb ka organizuar vizit\u00ebn p\u00ebr 206 nx\u00ebn\u00ebs t\u00eb shkollave t\u00eb mesme, bursist\u00eb nga k\u00ebto tri komuna, qytetit t\u00eb Beogradit. Kjo \u00ebsht\u00eb hera e dyt\u00eb q\u00eb Trupi Koordinues ndan\u00eb burs\u00eb p\u00ebr nx\u00ebn\u00ebsit e shkollave t\u00eb mesme nga Presheva, Bujanoci dhe Medvegja.","og_url":"https:\/\/kt.gov.rs\/sq\/bursistet-e-trupit-koordinues-per-vizite-ne-beograd\/","og_site_name":"Republika e S\u00ebrbis\u00eb Trupi Koordinues p\u00ebr komunat Bujanoc, Preshev\u00eb dhe Medvegj\u00eb","article_publisher":"https:\/\/www.facebook.com\/SluzbaKoordinacionogTelaVladeRepublikeSrbije","article_published_time":"2010-11-19T00:00:00+00:00","article_modified_time":"2024-07-30T20:21:32+00:00","og_image":[{"width":265,"height":176,"url":"https:\/\/kt.gov.rs\/wp-content\/uploads\/2024\/07\/newspic462-5.jpg","type":"image\/jpeg"}],"author":"ktmin","twitter_card":"summary_large_image","twitter_creator":"@kt_gov","twitter_site":"@kt_gov","twitter_misc":{"Written by":"ktmin","Est. reading time":"4 minutes"},"schema":{"@context":"https:\/\/schema.org","@graph":[{"@type":"Article","@id":"https:\/\/kt.gov.rs\/sq\/bursistet-e-trupit-koordinues-per-vizite-ne-beograd\/#article","isPartOf":{"@id":"https:\/\/kt.gov.rs\/sq\/bursistet-e-trupit-koordinues-per-vizite-ne-beograd\/"},"author":{"name":"ktmin","@id":"https:\/\/kt.gov.rs\/#\/schema\/person\/e426459ddb4173309103390602694571"},"headline":"BURSIST\u00cbT E TRUPIT KOORDINUES P\u00cbR VIZIT\u00cb N\u00cb BEOGRAD","datePublished":"2010-11-19T00:00:00+00:00","dateModified":"2024-07-30T20:21:32+00:00","mainEntityOfPage":{"@id":"https:\/\/kt.gov.rs\/sq\/bursistet-e-trupit-koordinues-per-vizite-ne-beograd\/"},"wordCount":851,"publisher":{"@id":"https:\/\/kt.gov.rs\/#organization"},"image":{"@id":"https:\/\/kt.gov.rs\/sq\/bursistet-e-trupit-koordinues-per-vizite-ne-beograd\/#primaryimage"},"thumbnailUrl":"https:\/\/kt.gov.rs\/wp-content\/uploads\/2024\/07\/newspic462-5.jpg","articleSection":["Lajme"],"inLanguage":"sq-AL"},{"@type":"WebPage","@id":"https:\/\/kt.gov.rs\/sq\/bursistet-e-trupit-koordinues-per-vizite-ne-beograd\/","url":"https:\/\/kt.gov.rs\/sq\/bursistet-e-trupit-koordinues-per-vizite-ne-beograd\/","name":"BURSIST\u00cbT E TRUPIT KOORDINUES P\u00cbR VIZIT\u00cb N\u00cb BEOGRAD - Republika e S\u00ebrbis\u00eb Trupi Koordinues p\u00ebr komunat Bujanoc, Preshev\u00eb dhe Medvegj\u00eb","isPartOf":{"@id":"https:\/\/kt.gov.rs\/#website"},"primaryImageOfPage":{"@id":"https:\/\/kt.gov.rs\/sq\/bursistet-e-trupit-koordinues-per-vizite-ne-beograd\/#primaryimage"},"image":{"@id":"https:\/\/kt.gov.rs\/sq\/bursistet-e-trupit-koordinues-per-vizite-ne-beograd\/#primaryimage"},"thumbnailUrl":"https:\/\/kt.gov.rs\/wp-content\/uploads\/2024\/07\/newspic462-5.jpg","datePublished":"2010-11-19T00:00:00+00:00","dateModified":"2024-07-30T20:21:32+00:00","breadcrumb":{"@id":"https:\/\/kt.gov.rs\/sq\/bursistet-e-trupit-koordinues-per-vizite-ne-beograd\/#breadcrumb"},"inLanguage":"sq-AL","potentialAction":[{"@type":"ReadAction","target":["https:\/\/kt.gov.rs\/sq\/bursistet-e-trupit-koordinues-per-vizite-ne-beograd\/"]}]},{"@type":"ImageObject","inLanguage":"sq-AL","@id":"https:\/\/kt.gov.rs\/sq\/bursistet-e-trupit-koordinues-per-vizite-ne-beograd\/#primaryimage","url":"https:\/\/kt.gov.rs\/wp-content\/uploads\/2024\/07\/newspic462-5.jpg","contentUrl":"https:\/\/kt.gov.rs\/wp-content\/uploads\/2024\/07\/newspic462-5.jpg","width":265,"height":176},{"@type":"BreadcrumbList","@id":"https:\/\/kt.gov.rs\/sq\/bursistet-e-trupit-koordinues-per-vizite-ne-beograd\/#breadcrumb","itemListElement":[{"@type":"ListItem","position":1,"name":"\u041f\u043e\u0447\u0435\u0442\u043d\u0430","item":"https:\/\/kt.gov.rs\/sq\/"},{"@type":"ListItem","position":2,"name":"BURSIST\u00cbT E TRUPIT KOORDINUES P\u00cbR VIZIT\u00cb N\u00cb BEOGRAD"}]},{"@type":"WebSite","@id":"https:\/\/kt.gov.rs\/#website","url":"https:\/\/kt.gov.rs\/","name":"\u041a\u043e\u043e\u0440\u0434\u0438\u043d\u0430\u0446\u0438\u043e\u043d\u043e \u0442\u0435\u043b\u043e \u0412\u043b\u0430\u0434\u0435 \u0420\u0435\u043f\u0443\u0431\u043b\u0438\u043a\u0435 \u0421\u0440\u0431\u0438\u0458\u0435 \u0437\u0430 \u043e\u043f\u0448\u0442\u0438\u043d\u0435 \u041f\u0440\u0435\u0448\u0435\u0432\u043e, \u0411\u0443\u0458\u0430\u043d\u043e\u0432\u0430\u0446 \u0438 \u041c\u0435\u0434\u0432\u0435\u0452a","description":"","publisher":{"@id":"https:\/\/kt.gov.rs\/#organization"},"alternateName":"\u041a\u043e\u043e\u0440\u0434\u0438\u043d\u0430\u0446\u0438\u043e\u043d\u043e \u0442\u0435\u043b\u043e","potentialAction":[{"@type":"SearchAction","target":{"@type":"EntryPoint","urlTemplate":"https:\/\/kt.gov.rs\/?s={search_term_string}"},"query-input":{"@type":"PropertyValueSpecification","valueRequired":true,"valueName":"search_term_string"}}],"inLanguage":"sq-AL"},{"@type":"Organization","@id":"https:\/\/kt.gov.rs\/#organization","name":"\u041a\u043e\u043e\u0440\u0434\u0438\u043d\u0430\u0446\u0438\u043e\u043d\u043e \u0442\u0435\u043b\u043e \u0412\u043b\u0430\u0434\u0435 \u0420\u0435\u043f\u0443\u0431\u043b\u0438\u043a\u0435 \u0421\u0440\u0431\u0438\u0458\u0435 \u0437\u0430 \u043e\u043f\u0448\u0442\u0438\u043d\u0435 \u041f\u0440\u0435\u0448\u0435\u0432\u043e, \u0411\u0443\u0458\u0430\u043d\u043e\u0432\u0430\u0446 \u0438 \u041c\u0435\u0434\u0432\u0435\u0452a","alternateName":"\u041a\u043e\u043e\u0440\u0434\u0438\u043d\u0430\u0446\u0438\u043e\u043d\u043e \u0442\u0435\u043b\u043e","url":"https:\/\/kt.gov.rs\/","logo":{"@type":"ImageObject","inLanguage":"sq-AL","@id":"https:\/\/kt.gov.rs\/#\/schema\/logo\/image\/","url":"https:\/\/kt.gov.rs\/wp-content\/uploads\/2024\/12\/koord2.jpg","contentUrl":"https:\/\/kt.gov.rs\/wp-content\/uploads\/2024\/12\/koord2.jpg","width":640,"height":480,"caption":"\u041a\u043e\u043e\u0440\u0434\u0438\u043d\u0430\u0446\u0438\u043e\u043d\u043e \u0442\u0435\u043b\u043e \u0412\u043b\u0430\u0434\u0435 \u0420\u0435\u043f\u0443\u0431\u043b\u0438\u043a\u0435 \u0421\u0440\u0431\u0438\u0458\u0435 \u0437\u0430 \u043e\u043f\u0448\u0442\u0438\u043d\u0435 \u041f\u0440\u0435\u0448\u0435\u0432\u043e, \u0411\u0443\u0458\u0430\u043d\u043e\u0432\u0430\u0446 \u0438 \u041c\u0435\u0434\u0432\u0435\u0452a"},"image":{"@id":"https:\/\/kt.gov.rs\/#\/schema\/logo\/image\/"},"sameAs":["https:\/\/www.facebook.com\/SluzbaKoordinacionogTelaVladeRepublikeSrbije","https:\/\/x.com\/kt_gov","https:\/\/www.youtube.com\/@koordinacionotelo"]},{"@type":"Person","@id":"https:\/\/kt.gov.rs\/#\/schema\/person\/e426459ddb4173309103390602694571","name":"ktmin","image":{"@type":"ImageObject","inLanguage":"sq-AL","@id":"https:\/\/secure.gravatar.com\/avatar\/3985c961109853010c3fbc7ba30365bfba5db3dd6c525831d9c595c7525a615a?s=96&d=mm&r=g","url":"https:\/\/secure.gravatar.com\/avatar\/3985c961109853010c3fbc7ba30365bfba5db3dd6c525831d9c595c7525a615a?s=96&d=mm&r=g","contentUrl":"https:\/\/secure.gravatar.com\/avatar\/3985c961109853010c3fbc7ba30365bfba5db3dd6c525831d9c595c7525a615a?s=96&d=mm&r=g","caption":"ktmin"},"sameAs":["https:\/\/kt.gov.rs"],"url":"https:\/\/kt.gov.rs\/sq\/author\/ktmin\/"}]}},"_links":{"self":[{"href":"https:\/\/kt.gov.rs\/sq\/wp-json\/wp\/v2\/posts\/142501","targetHints":{"allow":["GET"]}}],"collection":[{"href":"https:\/\/kt.gov.rs\/sq\/wp-json\/wp\/v2\/posts"}],"about":[{"href":"https:\/\/kt.gov.rs\/sq\/wp-json\/wp\/v2\/types\/post"}],"author":[{"embeddable":true,"href":"https:\/\/kt.gov.rs\/sq\/wp-json\/wp\/v2\/users\/1"}],"replies":[{"embeddable":true,"href":"https:\/\/kt.gov.rs\/sq\/wp-json\/wp\/v2\/comments?post=142501"}],"version-history":[{"count":1,"href":"https:\/\/kt.gov.rs\/sq\/wp-json\/wp\/v2\/posts\/142501\/revisions"}],"predecessor-version":[{"id":142508,"href":"https:\/\/kt.gov.rs\/sq\/wp-json\/wp\/v2\/posts\/142501\/revisions\/142508"}],"wp:featuredmedia":[{"embeddable":true,"href":"https:\/\/kt.gov.rs\/sq\/wp-json\/wp\/v2\/media\/142509"}],"wp:attachment":[{"href":"https:\/\/kt.gov.rs\/sq\/wp-json\/wp\/v2\/media?parent=142501"}],"wp:term":[{"taxonomy":"category","embeddable":true,"href":"https:\/\/kt.gov.rs\/sq\/wp-json\/wp\/v2\/categories?post=142501"},{"taxonomy":"post_tag","embeddable":true,"href":"https:\/\/kt.gov.rs\/sq\/wp-json\/wp\/v2\/tags?post=142501"}],"curies":[{"name":"wp","href":"https:\/\/api.w.org\/{rel}","templated":true}]}}