{"id":142479,"date":"2010-11-25T00:00:00","date_gmt":"2010-11-25T00:00:00","guid":{"rendered":"http:\/\/kt.printandscreen.rs\/grupi-i-psagempunues-nga-serbija-jugore-per-vizite-ne-vojvodine\/"},"modified":"2024-07-30T20:21:30","modified_gmt":"2024-07-30T20:21:30","slug":"grupi-i-psagempunues-nga-serbija-jugore-per-vizite-ne-vojvodine","status":"publish","type":"post","link":"https:\/\/kt.gov.rs\/sq\/grupi-i-psagempunues-nga-serbija-jugore-per-vizite-ne-vojvodine\/","title":{"rendered":"GRUPI I PSAG\u00cbMPUNUES NGA SERBIJA JUGORE P\u00cbR VIZIT\u00cb N\u00cb VOJVODIN\u00cb"},"content":{"rendered":"<p><img decoding=\"async\" align=\"left\" alt=\"\" src=\"https:\/\/kt.gov.rs\/wp-content\/uploads\/2024\/07\/newspic468-4.jpg\" \/>An\u00ebtar\u00ebt e Grupit t\u00eb Posaq\u00ebm Punues p\u00ebr arsim n\u00eb Serbin\u00eb jugore i cili p\u00ebrb\u00ebhet nga p\u00ebrfaq\u00ebsuesit e Ministris\u00eb s\u00eb arsimit, Trupit Koordinues t\u00eb Qeveris\u00eb s\u00eb Republik\u00ebs s\u00eb Serbis\u00eb p\u00ebr komunat Preshev\u00eb, Bujanoc dhe Medvegj\u00eb, K\u00ebshillit Nacional t\u00eb Shqip\u00ebtar\u00ebve, ekspert vendor\u00eb dhe t\u00eb huaj, kan\u00eb qen\u00eb n\u00eb nj\u00eb vizit\u00eb treditore n\u00eb Vojvodin\u00eb.<\/p>\n<p>Q\u00ebllimi kryesor\u00eb i k\u00ebsaj vizite ka qen\u00eb p\u00ebrcjellja e m\u00ebnyr\u00ebs s\u00eb organizimit t\u00eb shkollimit t\u00eb lart\u00eb n\u00eb Vojvodin\u00eb i cili mund\u00eb t\u00eb sh\u00ebrbej\u00eb si model p\u00ebr organizimin e arsimit n\u00eb paralelet e ndara t\u00eb Fakultetit Ekonomik t\u00eb Univerzitetit t\u00eb Nishit n\u00eb Bujanoc, p\u00ebr hapjen e s\u00eb cilit fakultet Qeveria e Republik\u00ebs s\u00eb Serbis\u00eb ka shpreh\u00eb gatishm\u00ebri.<\/p>\n<p>Gjuha e zhvillimt t\u00eb m\u00ebsimit, \u00e7\u00ebshtja e kuadrit m\u00ebsimor\u00eb n\u00eb dispozicion si dhe \u00e7\u00ebshtja e teksteve, jan\u00eb vet\u00ebm disa \u00e7\u00ebshtje q\u00eb k\u00ebrkojn\u00eb zgjidhje para hapjes s\u00eb fakultetit. Q\u00eb t\u00eb informohemi sa m\u00eb detalisht rreth m\u00ebnyr\u00ebs s\u00eb zgjidhjes s\u00eb k\u00ebtyre problemeve, an\u00ebtar\u00ebt e grupit punues kan\u00eb\u00a0 vizituar Shkoll\u00ebn e lart\u00eb t\u00eb m\u00ebsuesis\u00eb (Novi Sad), Fakultetin Ekonomik (Subotic\u00eb), Fakultetin e m\u00ebsuesis\u00eb (Subotic\u00eb), Fakultetin Filozofik (Novi Sad),\u00a0 jan\u00eb takuar me rektorin e Univerzitetit n\u00eb Novi Sad dhe sekretarin krahinor\u00eb p\u00ebr arsim Zolltan Jegesh. T\u00eb gjitha k\u00ebto takime u kan\u00eb ofruar njohuri mbi m\u00ebnyrat e ndryshme t\u00eb organizimit t\u00eb arsimit t\u00eb lart\u00eb t\u00eb cilat jan\u00eb n\u00eb p\u00ebrputhje me rregulloren dhe me ligjin n\u00eb fuqi t\u00eb Republik\u00ebs s\u00eb Serbis\u00eb e nj\u00ebherit sigurojn\u00eb nj\u00eb baz\u00eb p\u00ebr identifikimin e modelit m\u00eb t\u00eb mir\u00eb i cili do t\u00eb aplikohej n\u00eb Serbin\u00eb jugore n\u00eb p\u00ebrputhje me aft\u00ebsit\u00eb dhe nevojat.<\/p>\n<p>Gjat\u00eb vizit\u00ebs, an\u00ebtar\u00ebt e Grupit t\u00eb Posaq\u00ebm Punues jan\u00eb takuar edhe me Danijela Petroviq (K\u00ebshilli nacional i Rumun\u00ebve), Ana Tomanov-Makanov (K\u00ebshilli nacional i Sllovak\u00ebve) dhe Tamasha Korheco (K\u00ebshilli Nacional i Hungarez\u00ebve). K\u00ebto takime kan\u00eb nj\u00eb r\u00ebnd\u00ebsi t\u00eb madhe p\u00ebr K\u00ebsjhillin Nacional t\u00eb Shqip\u00ebtar\u00ebve duke marr\u00eb parasysh\u00eb se K\u00ebshilli Nacional i Shqip\u00ebatr\u00ebve \u00ebsht\u00eb i sapoformuar, dhe se kjo p\u00ebrvoj\u00eb e tyre mund\u00eb t\u00eb merret si pasqyr\u00eb p\u00ebr organizimin e m\u00ebtutjesh\u00ebm.<\/p>\n<p>T\u00eb r\u00ebnd\u00ebsish\u00ebm\u00a0 kan\u00eb qen\u00eb edhe takimet me sekretarin krahinor\u00eb p\u00ebr kultur\u00eb Milorad Gjuriq, ombudsmanin krahinor\u00eb Anika Mushkinja-Hajnrih, sekretarin krahinor\u00eb p\u00ebr dispozita, administrate dhe pakica komb\u00ebtare Andor Delija dhe takimi me Aleksandar Vujiq nga Qendra Vojvodinase p\u00ebr t\u00eb drejtat e njeriut.<\/p>\n<p>Pas p\u00ebrmbledhjes s\u00eb p\u00ebrshtypjeve dhe p\u00ebrvojave, Grupi i Posaq\u00ebm p\u00ebr arsim n\u00eb Serbin\u00eb jugore n\u00eb dhjetor\u00eb do t\u00eb ket\u00eb takim n\u00eb m\u00ebnyr\u00eb q\u00eb t\u00eb sqaroj\u00eb metodat dhe modelet e organizimit t\u00eb arsimit n\u00eb fakultetit e ardhsh\u00ebm i cili do t\u00eb hapet n\u00eb Bujanoc vitin e ardhsh\u00ebm.<\/p>\n<p><img decoding=\"async\" align=\"left\" alt=\"\" src=\"https:\/\/kt.gov.rs\/wp-content\/uploads\/2024\/07\/newspic469-2.jpg\" \/>Vizita n\u00eb Vojvodin\u00eb \u00ebsht\u00eb organizuar n\u00eb suaza t\u00eb PBILD programit t\u00eb Kombeve t\u00eb Bashkuara.<\/p>\n","protected":false},"excerpt":{"rendered":"<p>An\u00ebtar\u00ebt e Grupit t\u00eb Posaq\u00ebm Punues p\u00ebr arsim n\u00eb Serbin\u00eb jugore i cili p\u00ebrb\u00ebhet nga p\u00ebrfaq\u00ebsuesit e Ministris\u00eb s\u00eb arsimit, Trupit Koordinues t\u00eb Qeveris\u00eb s\u00eb Republik\u00ebs s\u00eb Serbis\u00eb p\u00ebr komunat Preshev\u00eb, Bujanoc dhe Medvegj\u00eb, K\u00ebshillit Nacional t\u00eb Shqip\u00ebtar\u00ebve, ekspert vendor\u00eb dhe t\u00eb huaj, kan\u00eb qen\u00eb n\u00eb nj\u00eb vizit\u00eb treditore n\u00eb Vojvodin\u00eb.<\/p>\n","protected":false},"author":1,"featured_media":142487,"comment_status":"closed","ping_status":"closed","sticky":false,"template":"","format":"standard","meta":{"footnotes":""},"categories":[55],"tags":[],"class_list":["post-142479","post","type-post","status-publish","format-standard","has-post-thumbnail","hentry","category-lajme"],"yoast_head":"<!-- This site is optimized with the Yoast SEO plugin v27.5 - https:\/\/yoast.com\/product\/yoast-seo-wordpress\/ -->\n<title>GRUPI I PSAG\u00cbMPUNUES NGA SERBIJA JUGORE P\u00cbR VIZIT\u00cb N\u00cb VOJVODIN\u00cb - Republika e S\u00ebrbis\u00eb Trupi Koordinues p\u00ebr komunat Bujanoc, Preshev\u00eb dhe Medvegj\u00eb<\/title>\n<meta name=\"robots\" content=\"index, follow, max-snippet:-1, max-image-preview:large, max-video-preview:-1\" \/>\n<link rel=\"canonical\" href=\"https:\/\/kt.gov.rs\/sq\/grupi-i-psagempunues-nga-serbija-jugore-per-vizite-ne-vojvodine\/\" \/>\n<meta property=\"og:locale\" content=\"sq_AL\" \/>\n<meta property=\"og:type\" content=\"article\" \/>\n<meta property=\"og:title\" content=\"GRUPI I PSAG\u00cbMPUNUES NGA SERBIJA JUGORE P\u00cbR VIZIT\u00cb N\u00cb VOJVODIN\u00cb - Republika e S\u00ebrbis\u00eb Trupi Koordinues p\u00ebr komunat Bujanoc, Preshev\u00eb dhe Medvegj\u00eb\" \/>\n<meta property=\"og:description\" content=\"An\u00ebtar\u00ebt e Grupit t\u00eb Posaq\u00ebm Punues p\u00ebr arsim n\u00eb Serbin\u00eb jugore i cili p\u00ebrb\u00ebhet nga p\u00ebrfaq\u00ebsuesit e Ministris\u00eb s\u00eb arsimit, Trupit Koordinues t\u00eb Qeveris\u00eb s\u00eb Republik\u00ebs s\u00eb Serbis\u00eb p\u00ebr komunat Preshev\u00eb, Bujanoc dhe Medvegj\u00eb, K\u00ebshillit Nacional t\u00eb Shqip\u00ebtar\u00ebve, ekspert vendor\u00eb dhe t\u00eb huaj, kan\u00eb qen\u00eb n\u00eb nj\u00eb vizit\u00eb treditore n\u00eb Vojvodin\u00eb.\" \/>\n<meta property=\"og:url\" content=\"https:\/\/kt.gov.rs\/sq\/grupi-i-psagempunues-nga-serbija-jugore-per-vizite-ne-vojvodine\/\" \/>\n<meta property=\"og:site_name\" content=\"Republika e S\u00ebrbis\u00eb Trupi Koordinues p\u00ebr komunat Bujanoc, Preshev\u00eb dhe Medvegj\u00eb\" \/>\n<meta property=\"article:publisher\" content=\"https:\/\/www.facebook.com\/SluzbaKoordinacionogTelaVladeRepublikeSrbije\" \/>\n<meta property=\"article:published_time\" content=\"2010-11-25T00:00:00+00:00\" \/>\n<meta property=\"article:modified_time\" content=\"2024-07-30T20:21:30+00:00\" \/>\n<meta property=\"og:image\" content=\"https:\/\/kt.gov.rs\/wp-content\/uploads\/2024\/07\/newspic468-5.jpg\" \/>\n\t<meta property=\"og:image:width\" content=\"265\" \/>\n\t<meta property=\"og:image:height\" content=\"176\" \/>\n\t<meta property=\"og:image:type\" content=\"image\/jpeg\" \/>\n<meta name=\"author\" content=\"ktmin\" \/>\n<meta name=\"twitter:card\" content=\"summary_large_image\" \/>\n<meta name=\"twitter:creator\" content=\"@kt_gov\" \/>\n<meta name=\"twitter:site\" content=\"@kt_gov\" \/>\n<meta name=\"twitter:label1\" content=\"Written by\" \/>\n\t<meta name=\"twitter:data1\" content=\"ktmin\" \/>\n\t<meta name=\"twitter:label2\" content=\"Est. reading time\" \/>\n\t<meta name=\"twitter:data2\" content=\"3 minutes\" \/>\n<script type=\"application\/ld+json\" class=\"yoast-schema-graph\">{\"@context\":\"https:\\\/\\\/schema.org\",\"@graph\":[{\"@type\":\"Article\",\"@id\":\"https:\\\/\\\/kt.gov.rs\\\/sq\\\/grupi-i-psagempunues-nga-serbija-jugore-per-vizite-ne-vojvodine\\\/#article\",\"isPartOf\":{\"@id\":\"https:\\\/\\\/kt.gov.rs\\\/sq\\\/grupi-i-psagempunues-nga-serbija-jugore-per-vizite-ne-vojvodine\\\/\"},\"author\":{\"name\":\"ktmin\",\"@id\":\"https:\\\/\\\/kt.gov.rs\\\/#\\\/schema\\\/person\\\/e426459ddb4173309103390602694571\"},\"headline\":\"GRUPI I PSAG\u00cbMPUNUES NGA SERBIJA JUGORE P\u00cbR VIZIT\u00cb N\u00cb VOJVODIN\u00cb\",\"datePublished\":\"2010-11-25T00:00:00+00:00\",\"dateModified\":\"2024-07-30T20:21:30+00:00\",\"mainEntityOfPage\":{\"@id\":\"https:\\\/\\\/kt.gov.rs\\\/sq\\\/grupi-i-psagempunues-nga-serbija-jugore-per-vizite-ne-vojvodine\\\/\"},\"wordCount\":514,\"publisher\":{\"@id\":\"https:\\\/\\\/kt.gov.rs\\\/#organization\"},\"image\":{\"@id\":\"https:\\\/\\\/kt.gov.rs\\\/sq\\\/grupi-i-psagempunues-nga-serbija-jugore-per-vizite-ne-vojvodine\\\/#primaryimage\"},\"thumbnailUrl\":\"https:\\\/\\\/kt.gov.rs\\\/wp-content\\\/uploads\\\/2024\\\/07\\\/newspic468-5.jpg\",\"articleSection\":[\"Lajme\"],\"inLanguage\":\"sq-AL\"},{\"@type\":\"WebPage\",\"@id\":\"https:\\\/\\\/kt.gov.rs\\\/sq\\\/grupi-i-psagempunues-nga-serbija-jugore-per-vizite-ne-vojvodine\\\/\",\"url\":\"https:\\\/\\\/kt.gov.rs\\\/sq\\\/grupi-i-psagempunues-nga-serbija-jugore-per-vizite-ne-vojvodine\\\/\",\"name\":\"GRUPI I PSAG\u00cbMPUNUES NGA SERBIJA JUGORE P\u00cbR VIZIT\u00cb N\u00cb VOJVODIN\u00cb - Republika e S\u00ebrbis\u00eb Trupi Koordinues p\u00ebr komunat Bujanoc, Preshev\u00eb dhe Medvegj\u00eb\",\"isPartOf\":{\"@id\":\"https:\\\/\\\/kt.gov.rs\\\/#website\"},\"primaryImageOfPage\":{\"@id\":\"https:\\\/\\\/kt.gov.rs\\\/sq\\\/grupi-i-psagempunues-nga-serbija-jugore-per-vizite-ne-vojvodine\\\/#primaryimage\"},\"image\":{\"@id\":\"https:\\\/\\\/kt.gov.rs\\\/sq\\\/grupi-i-psagempunues-nga-serbija-jugore-per-vizite-ne-vojvodine\\\/#primaryimage\"},\"thumbnailUrl\":\"https:\\\/\\\/kt.gov.rs\\\/wp-content\\\/uploads\\\/2024\\\/07\\\/newspic468-5.jpg\",\"datePublished\":\"2010-11-25T00:00:00+00:00\",\"dateModified\":\"2024-07-30T20:21:30+00:00\",\"breadcrumb\":{\"@id\":\"https:\\\/\\\/kt.gov.rs\\\/sq\\\/grupi-i-psagempunues-nga-serbija-jugore-per-vizite-ne-vojvodine\\\/#breadcrumb\"},\"inLanguage\":\"sq-AL\",\"potentialAction\":[{\"@type\":\"ReadAction\",\"target\":[\"https:\\\/\\\/kt.gov.rs\\\/sq\\\/grupi-i-psagempunues-nga-serbija-jugore-per-vizite-ne-vojvodine\\\/\"]}]},{\"@type\":\"ImageObject\",\"inLanguage\":\"sq-AL\",\"@id\":\"https:\\\/\\\/kt.gov.rs\\\/sq\\\/grupi-i-psagempunues-nga-serbija-jugore-per-vizite-ne-vojvodine\\\/#primaryimage\",\"url\":\"https:\\\/\\\/kt.gov.rs\\\/wp-content\\\/uploads\\\/2024\\\/07\\\/newspic468-5.jpg\",\"contentUrl\":\"https:\\\/\\\/kt.gov.rs\\\/wp-content\\\/uploads\\\/2024\\\/07\\\/newspic468-5.jpg\",\"width\":265,\"height\":176},{\"@type\":\"BreadcrumbList\",\"@id\":\"https:\\\/\\\/kt.gov.rs\\\/sq\\\/grupi-i-psagempunues-nga-serbija-jugore-per-vizite-ne-vojvodine\\\/#breadcrumb\",\"itemListElement\":[{\"@type\":\"ListItem\",\"position\":1,\"name\":\"\u041f\u043e\u0447\u0435\u0442\u043d\u0430\",\"item\":\"https:\\\/\\\/kt.gov.rs\\\/sq\\\/\"},{\"@type\":\"ListItem\",\"position\":2,\"name\":\"GRUPI I PSAG\u00cbMPUNUES NGA SERBIJA JUGORE P\u00cbR VIZIT\u00cb N\u00cb VOJVODIN\u00cb\"}]},{\"@type\":\"WebSite\",\"@id\":\"https:\\\/\\\/kt.gov.rs\\\/#website\",\"url\":\"https:\\\/\\\/kt.gov.rs\\\/\",\"name\":\"\u041a\u043e\u043e\u0440\u0434\u0438\u043d\u0430\u0446\u0438\u043e\u043d\u043e \u0442\u0435\u043b\u043e \u0412\u043b\u0430\u0434\u0435 \u0420\u0435\u043f\u0443\u0431\u043b\u0438\u043a\u0435 \u0421\u0440\u0431\u0438\u0458\u0435 \u0437\u0430 \u043e\u043f\u0448\u0442\u0438\u043d\u0435 \u041f\u0440\u0435\u0448\u0435\u0432\u043e, \u0411\u0443\u0458\u0430\u043d\u043e\u0432\u0430\u0446 \u0438 \u041c\u0435\u0434\u0432\u0435\u0452a\",\"description\":\"\",\"publisher\":{\"@id\":\"https:\\\/\\\/kt.gov.rs\\\/#organization\"},\"alternateName\":\"\u041a\u043e\u043e\u0440\u0434\u0438\u043d\u0430\u0446\u0438\u043e\u043d\u043e \u0442\u0435\u043b\u043e\",\"potentialAction\":[{\"@type\":\"SearchAction\",\"target\":{\"@type\":\"EntryPoint\",\"urlTemplate\":\"https:\\\/\\\/kt.gov.rs\\\/?s={search_term_string}\"},\"query-input\":{\"@type\":\"PropertyValueSpecification\",\"valueRequired\":true,\"valueName\":\"search_term_string\"}}],\"inLanguage\":\"sq-AL\"},{\"@type\":\"Organization\",\"@id\":\"https:\\\/\\\/kt.gov.rs\\\/#organization\",\"name\":\"\u041a\u043e\u043e\u0440\u0434\u0438\u043d\u0430\u0446\u0438\u043e\u043d\u043e \u0442\u0435\u043b\u043e \u0412\u043b\u0430\u0434\u0435 \u0420\u0435\u043f\u0443\u0431\u043b\u0438\u043a\u0435 \u0421\u0440\u0431\u0438\u0458\u0435 \u0437\u0430 \u043e\u043f\u0448\u0442\u0438\u043d\u0435 \u041f\u0440\u0435\u0448\u0435\u0432\u043e, \u0411\u0443\u0458\u0430\u043d\u043e\u0432\u0430\u0446 \u0438 \u041c\u0435\u0434\u0432\u0435\u0452a\",\"alternateName\":\"\u041a\u043e\u043e\u0440\u0434\u0438\u043d\u0430\u0446\u0438\u043e\u043d\u043e \u0442\u0435\u043b\u043e\",\"url\":\"https:\\\/\\\/kt.gov.rs\\\/\",\"logo\":{\"@type\":\"ImageObject\",\"inLanguage\":\"sq-AL\",\"@id\":\"https:\\\/\\\/kt.gov.rs\\\/#\\\/schema\\\/logo\\\/image\\\/\",\"url\":\"https:\\\/\\\/kt.gov.rs\\\/wp-content\\\/uploads\\\/2024\\\/12\\\/koord2.jpg\",\"contentUrl\":\"https:\\\/\\\/kt.gov.rs\\\/wp-content\\\/uploads\\\/2024\\\/12\\\/koord2.jpg\",\"width\":640,\"height\":480,\"caption\":\"\u041a\u043e\u043e\u0440\u0434\u0438\u043d\u0430\u0446\u0438\u043e\u043d\u043e \u0442\u0435\u043b\u043e \u0412\u043b\u0430\u0434\u0435 \u0420\u0435\u043f\u0443\u0431\u043b\u0438\u043a\u0435 \u0421\u0440\u0431\u0438\u0458\u0435 \u0437\u0430 \u043e\u043f\u0448\u0442\u0438\u043d\u0435 \u041f\u0440\u0435\u0448\u0435\u0432\u043e, \u0411\u0443\u0458\u0430\u043d\u043e\u0432\u0430\u0446 \u0438 \u041c\u0435\u0434\u0432\u0435\u0452a\"},\"image\":{\"@id\":\"https:\\\/\\\/kt.gov.rs\\\/#\\\/schema\\\/logo\\\/image\\\/\"},\"sameAs\":[\"https:\\\/\\\/www.facebook.com\\\/SluzbaKoordinacionogTelaVladeRepublikeSrbije\",\"https:\\\/\\\/x.com\\\/kt_gov\",\"https:\\\/\\\/www.youtube.com\\\/@koordinacionotelo\"]},{\"@type\":\"Person\",\"@id\":\"https:\\\/\\\/kt.gov.rs\\\/#\\\/schema\\\/person\\\/e426459ddb4173309103390602694571\",\"name\":\"ktmin\",\"image\":{\"@type\":\"ImageObject\",\"inLanguage\":\"sq-AL\",\"@id\":\"https:\\\/\\\/secure.gravatar.com\\\/avatar\\\/3985c961109853010c3fbc7ba30365bfba5db3dd6c525831d9c595c7525a615a?s=96&d=mm&r=g\",\"url\":\"https:\\\/\\\/secure.gravatar.com\\\/avatar\\\/3985c961109853010c3fbc7ba30365bfba5db3dd6c525831d9c595c7525a615a?s=96&d=mm&r=g\",\"contentUrl\":\"https:\\\/\\\/secure.gravatar.com\\\/avatar\\\/3985c961109853010c3fbc7ba30365bfba5db3dd6c525831d9c595c7525a615a?s=96&d=mm&r=g\",\"caption\":\"ktmin\"},\"sameAs\":[\"https:\\\/\\\/kt.gov.rs\"],\"url\":\"https:\\\/\\\/kt.gov.rs\\\/sq\\\/author\\\/ktmin\\\/\"}]}<\/script>\n<!-- \/ Yoast SEO plugin. -->","yoast_head_json":{"title":"GRUPI I PSAG\u00cbMPUNUES NGA SERBIJA JUGORE P\u00cbR VIZIT\u00cb N\u00cb VOJVODIN\u00cb - Republika e S\u00ebrbis\u00eb Trupi Koordinues p\u00ebr komunat Bujanoc, Preshev\u00eb dhe Medvegj\u00eb","robots":{"index":"index","follow":"follow","max-snippet":"max-snippet:-1","max-image-preview":"max-image-preview:large","max-video-preview":"max-video-preview:-1"},"canonical":"https:\/\/kt.gov.rs\/sq\/grupi-i-psagempunues-nga-serbija-jugore-per-vizite-ne-vojvodine\/","og_locale":"sq_AL","og_type":"article","og_title":"GRUPI I PSAG\u00cbMPUNUES NGA SERBIJA JUGORE P\u00cbR VIZIT\u00cb N\u00cb VOJVODIN\u00cb - Republika e S\u00ebrbis\u00eb Trupi Koordinues p\u00ebr komunat Bujanoc, Preshev\u00eb dhe Medvegj\u00eb","og_description":"An\u00ebtar\u00ebt e Grupit t\u00eb Posaq\u00ebm Punues p\u00ebr arsim n\u00eb Serbin\u00eb jugore i cili p\u00ebrb\u00ebhet nga p\u00ebrfaq\u00ebsuesit e Ministris\u00eb s\u00eb arsimit, Trupit Koordinues t\u00eb Qeveris\u00eb s\u00eb Republik\u00ebs s\u00eb Serbis\u00eb p\u00ebr komunat Preshev\u00eb, Bujanoc dhe Medvegj\u00eb, K\u00ebshillit Nacional t\u00eb Shqip\u00ebtar\u00ebve, ekspert vendor\u00eb dhe t\u00eb huaj, kan\u00eb qen\u00eb n\u00eb nj\u00eb vizit\u00eb treditore n\u00eb Vojvodin\u00eb.","og_url":"https:\/\/kt.gov.rs\/sq\/grupi-i-psagempunues-nga-serbija-jugore-per-vizite-ne-vojvodine\/","og_site_name":"Republika e S\u00ebrbis\u00eb Trupi Koordinues p\u00ebr komunat Bujanoc, Preshev\u00eb dhe Medvegj\u00eb","article_publisher":"https:\/\/www.facebook.com\/SluzbaKoordinacionogTelaVladeRepublikeSrbije","article_published_time":"2010-11-25T00:00:00+00:00","article_modified_time":"2024-07-30T20:21:30+00:00","og_image":[{"width":265,"height":176,"url":"https:\/\/kt.gov.rs\/wp-content\/uploads\/2024\/07\/newspic468-5.jpg","type":"image\/jpeg"}],"author":"ktmin","twitter_card":"summary_large_image","twitter_creator":"@kt_gov","twitter_site":"@kt_gov","twitter_misc":{"Written by":"ktmin","Est. reading time":"3 minutes"},"schema":{"@context":"https:\/\/schema.org","@graph":[{"@type":"Article","@id":"https:\/\/kt.gov.rs\/sq\/grupi-i-psagempunues-nga-serbija-jugore-per-vizite-ne-vojvodine\/#article","isPartOf":{"@id":"https:\/\/kt.gov.rs\/sq\/grupi-i-psagempunues-nga-serbija-jugore-per-vizite-ne-vojvodine\/"},"author":{"name":"ktmin","@id":"https:\/\/kt.gov.rs\/#\/schema\/person\/e426459ddb4173309103390602694571"},"headline":"GRUPI I PSAG\u00cbMPUNUES NGA SERBIJA JUGORE P\u00cbR VIZIT\u00cb N\u00cb VOJVODIN\u00cb","datePublished":"2010-11-25T00:00:00+00:00","dateModified":"2024-07-30T20:21:30+00:00","mainEntityOfPage":{"@id":"https:\/\/kt.gov.rs\/sq\/grupi-i-psagempunues-nga-serbija-jugore-per-vizite-ne-vojvodine\/"},"wordCount":514,"publisher":{"@id":"https:\/\/kt.gov.rs\/#organization"},"image":{"@id":"https:\/\/kt.gov.rs\/sq\/grupi-i-psagempunues-nga-serbija-jugore-per-vizite-ne-vojvodine\/#primaryimage"},"thumbnailUrl":"https:\/\/kt.gov.rs\/wp-content\/uploads\/2024\/07\/newspic468-5.jpg","articleSection":["Lajme"],"inLanguage":"sq-AL"},{"@type":"WebPage","@id":"https:\/\/kt.gov.rs\/sq\/grupi-i-psagempunues-nga-serbija-jugore-per-vizite-ne-vojvodine\/","url":"https:\/\/kt.gov.rs\/sq\/grupi-i-psagempunues-nga-serbija-jugore-per-vizite-ne-vojvodine\/","name":"GRUPI I PSAG\u00cbMPUNUES NGA SERBIJA JUGORE P\u00cbR VIZIT\u00cb N\u00cb VOJVODIN\u00cb - Republika e S\u00ebrbis\u00eb Trupi Koordinues p\u00ebr komunat Bujanoc, Preshev\u00eb dhe Medvegj\u00eb","isPartOf":{"@id":"https:\/\/kt.gov.rs\/#website"},"primaryImageOfPage":{"@id":"https:\/\/kt.gov.rs\/sq\/grupi-i-psagempunues-nga-serbija-jugore-per-vizite-ne-vojvodine\/#primaryimage"},"image":{"@id":"https:\/\/kt.gov.rs\/sq\/grupi-i-psagempunues-nga-serbija-jugore-per-vizite-ne-vojvodine\/#primaryimage"},"thumbnailUrl":"https:\/\/kt.gov.rs\/wp-content\/uploads\/2024\/07\/newspic468-5.jpg","datePublished":"2010-11-25T00:00:00+00:00","dateModified":"2024-07-30T20:21:30+00:00","breadcrumb":{"@id":"https:\/\/kt.gov.rs\/sq\/grupi-i-psagempunues-nga-serbija-jugore-per-vizite-ne-vojvodine\/#breadcrumb"},"inLanguage":"sq-AL","potentialAction":[{"@type":"ReadAction","target":["https:\/\/kt.gov.rs\/sq\/grupi-i-psagempunues-nga-serbija-jugore-per-vizite-ne-vojvodine\/"]}]},{"@type":"ImageObject","inLanguage":"sq-AL","@id":"https:\/\/kt.gov.rs\/sq\/grupi-i-psagempunues-nga-serbija-jugore-per-vizite-ne-vojvodine\/#primaryimage","url":"https:\/\/kt.gov.rs\/wp-content\/uploads\/2024\/07\/newspic468-5.jpg","contentUrl":"https:\/\/kt.gov.rs\/wp-content\/uploads\/2024\/07\/newspic468-5.jpg","width":265,"height":176},{"@type":"BreadcrumbList","@id":"https:\/\/kt.gov.rs\/sq\/grupi-i-psagempunues-nga-serbija-jugore-per-vizite-ne-vojvodine\/#breadcrumb","itemListElement":[{"@type":"ListItem","position":1,"name":"\u041f\u043e\u0447\u0435\u0442\u043d\u0430","item":"https:\/\/kt.gov.rs\/sq\/"},{"@type":"ListItem","position":2,"name":"GRUPI I PSAG\u00cbMPUNUES NGA SERBIJA JUGORE P\u00cbR VIZIT\u00cb N\u00cb VOJVODIN\u00cb"}]},{"@type":"WebSite","@id":"https:\/\/kt.gov.rs\/#website","url":"https:\/\/kt.gov.rs\/","name":"\u041a\u043e\u043e\u0440\u0434\u0438\u043d\u0430\u0446\u0438\u043e\u043d\u043e \u0442\u0435\u043b\u043e \u0412\u043b\u0430\u0434\u0435 \u0420\u0435\u043f\u0443\u0431\u043b\u0438\u043a\u0435 \u0421\u0440\u0431\u0438\u0458\u0435 \u0437\u0430 \u043e\u043f\u0448\u0442\u0438\u043d\u0435 \u041f\u0440\u0435\u0448\u0435\u0432\u043e, \u0411\u0443\u0458\u0430\u043d\u043e\u0432\u0430\u0446 \u0438 \u041c\u0435\u0434\u0432\u0435\u0452a","description":"","publisher":{"@id":"https:\/\/kt.gov.rs\/#organization"},"alternateName":"\u041a\u043e\u043e\u0440\u0434\u0438\u043d\u0430\u0446\u0438\u043e\u043d\u043e \u0442\u0435\u043b\u043e","potentialAction":[{"@type":"SearchAction","target":{"@type":"EntryPoint","urlTemplate":"https:\/\/kt.gov.rs\/?s={search_term_string}"},"query-input":{"@type":"PropertyValueSpecification","valueRequired":true,"valueName":"search_term_string"}}],"inLanguage":"sq-AL"},{"@type":"Organization","@id":"https:\/\/kt.gov.rs\/#organization","name":"\u041a\u043e\u043e\u0440\u0434\u0438\u043d\u0430\u0446\u0438\u043e\u043d\u043e \u0442\u0435\u043b\u043e \u0412\u043b\u0430\u0434\u0435 \u0420\u0435\u043f\u0443\u0431\u043b\u0438\u043a\u0435 \u0421\u0440\u0431\u0438\u0458\u0435 \u0437\u0430 \u043e\u043f\u0448\u0442\u0438\u043d\u0435 \u041f\u0440\u0435\u0448\u0435\u0432\u043e, \u0411\u0443\u0458\u0430\u043d\u043e\u0432\u0430\u0446 \u0438 \u041c\u0435\u0434\u0432\u0435\u0452a","alternateName":"\u041a\u043e\u043e\u0440\u0434\u0438\u043d\u0430\u0446\u0438\u043e\u043d\u043e \u0442\u0435\u043b\u043e","url":"https:\/\/kt.gov.rs\/","logo":{"@type":"ImageObject","inLanguage":"sq-AL","@id":"https:\/\/kt.gov.rs\/#\/schema\/logo\/image\/","url":"https:\/\/kt.gov.rs\/wp-content\/uploads\/2024\/12\/koord2.jpg","contentUrl":"https:\/\/kt.gov.rs\/wp-content\/uploads\/2024\/12\/koord2.jpg","width":640,"height":480,"caption":"\u041a\u043e\u043e\u0440\u0434\u0438\u043d\u0430\u0446\u0438\u043e\u043d\u043e \u0442\u0435\u043b\u043e \u0412\u043b\u0430\u0434\u0435 \u0420\u0435\u043f\u0443\u0431\u043b\u0438\u043a\u0435 \u0421\u0440\u0431\u0438\u0458\u0435 \u0437\u0430 \u043e\u043f\u0448\u0442\u0438\u043d\u0435 \u041f\u0440\u0435\u0448\u0435\u0432\u043e, \u0411\u0443\u0458\u0430\u043d\u043e\u0432\u0430\u0446 \u0438 \u041c\u0435\u0434\u0432\u0435\u0452a"},"image":{"@id":"https:\/\/kt.gov.rs\/#\/schema\/logo\/image\/"},"sameAs":["https:\/\/www.facebook.com\/SluzbaKoordinacionogTelaVladeRepublikeSrbije","https:\/\/x.com\/kt_gov","https:\/\/www.youtube.com\/@koordinacionotelo"]},{"@type":"Person","@id":"https:\/\/kt.gov.rs\/#\/schema\/person\/e426459ddb4173309103390602694571","name":"ktmin","image":{"@type":"ImageObject","inLanguage":"sq-AL","@id":"https:\/\/secure.gravatar.com\/avatar\/3985c961109853010c3fbc7ba30365bfba5db3dd6c525831d9c595c7525a615a?s=96&d=mm&r=g","url":"https:\/\/secure.gravatar.com\/avatar\/3985c961109853010c3fbc7ba30365bfba5db3dd6c525831d9c595c7525a615a?s=96&d=mm&r=g","contentUrl":"https:\/\/secure.gravatar.com\/avatar\/3985c961109853010c3fbc7ba30365bfba5db3dd6c525831d9c595c7525a615a?s=96&d=mm&r=g","caption":"ktmin"},"sameAs":["https:\/\/kt.gov.rs"],"url":"https:\/\/kt.gov.rs\/sq\/author\/ktmin\/"}]}},"_links":{"self":[{"href":"https:\/\/kt.gov.rs\/sq\/wp-json\/wp\/v2\/posts\/142479","targetHints":{"allow":["GET"]}}],"collection":[{"href":"https:\/\/kt.gov.rs\/sq\/wp-json\/wp\/v2\/posts"}],"about":[{"href":"https:\/\/kt.gov.rs\/sq\/wp-json\/wp\/v2\/types\/post"}],"author":[{"embeddable":true,"href":"https:\/\/kt.gov.rs\/sq\/wp-json\/wp\/v2\/users\/1"}],"replies":[{"embeddable":true,"href":"https:\/\/kt.gov.rs\/sq\/wp-json\/wp\/v2\/comments?post=142479"}],"version-history":[{"count":1,"href":"https:\/\/kt.gov.rs\/sq\/wp-json\/wp\/v2\/posts\/142479\/revisions"}],"predecessor-version":[{"id":142486,"href":"https:\/\/kt.gov.rs\/sq\/wp-json\/wp\/v2\/posts\/142479\/revisions\/142486"}],"wp:featuredmedia":[{"embeddable":true,"href":"https:\/\/kt.gov.rs\/sq\/wp-json\/wp\/v2\/media\/142487"}],"wp:attachment":[{"href":"https:\/\/kt.gov.rs\/sq\/wp-json\/wp\/v2\/media?parent=142479"}],"wp:term":[{"taxonomy":"category","embeddable":true,"href":"https:\/\/kt.gov.rs\/sq\/wp-json\/wp\/v2\/categories?post=142479"},{"taxonomy":"post_tag","embeddable":true,"href":"https:\/\/kt.gov.rs\/sq\/wp-json\/wp\/v2\/tags?post=142479"}],"curies":[{"name":"wp","href":"https:\/\/api.w.org\/{rel}","templated":true}]}}