{"id":142471,"date":"2010-11-26T00:00:00","date_gmt":"2010-11-26T00:00:00","guid":{"rendered":"http:\/\/kt.printandscreen.rs\/cfagja-teatrale-ti-dhe-une-jemi-ne-mysafir-ne-slloveni\/"},"modified":"2024-07-30T20:21:29","modified_gmt":"2024-07-30T20:21:29","slug":"cfagja-teatrale-ti-dhe-une-jemi-ne-mysafir-ne-slloveni","status":"publish","type":"post","link":"https:\/\/kt.gov.rs\/sq\/cfagja-teatrale-ti-dhe-une-jemi-ne-mysafir-ne-slloveni\/","title":{"rendered":"\u00c7FAGJA TEATRALE ,,TI DHE UN\u00cb JEMI NE\u2019\u2019 MYSAFIR N\u00cb SLLOVENI"},"content":{"rendered":"<p><img decoding=\"async\" align=\"left\" src=\"https:\/\/kt.gov.rs\/wp-content\/uploads\/2024\/07\/newspic467-4.jpg\" alt=\"\" \/>Tinejgjer\u00ebt nga Presheva dhe Bujanoci, aktor\u00ebt kryesor\u00eb t\u00eb \u00e7faqjes multietnike ,,Ti dhe Un\u00eb jemi Ne\u2019\u2019, t\u00eb cilin e finanson Trupi Koordinues i Qeveris\u00eb s\u00eb Republi\u00ebs s\u00eb Qerbis\u00eb p\u00ebr komunat Preshev\u00eb, Bujanoc dhe Medvegj\u00eb, jan\u00eb mysafir\u00eb t\u00eb Ministris\u00eb t\u00eb Pun\u00ebve t\u00eb Jashtme dhe Ministris\u00eb s\u00eb Mbrojtjes s\u00eb Republik\u00ebs s\u00eb Sllovenis\u00eb.<\/p>\n<p>Nx\u00ebn\u00ebsit e gjimnazit ,,Ledina\u2019\u2019 t\u00eb enjten m\u00eb 25 n\u00ebntor\u00eb u kan\u00eb pregatitur nj\u00eb mir\u00ebseardhje t\u00eb ngroht\u00eb moshatar\u00ebve t\u00eb tyre nga Bujanoci dhe Presheva, duke i p\u00ebrshendetur me nj\u00eb duartrokitje frenetike. Pas \u00e7faqjes nx\u00ebn\u00ebsit nga Serbija jugore dhe nx\u00ebn\u00ebsit e gjimnazit nga Sllovenija kan\u00eb pasur rast t\u00eb njihen m\u00eb p\u00ebr s\u00eb af\u00ebrmi.<\/p>\n<p>K\u00ebt\u00eb premier\u00eb t\u00eb Sllovenis\u00eb e ka p\u00ebrcjellur edhe ambasadori i Republik\u00ebs s\u00eb Serbis\u00eb n\u00eb Slloveni Exelenca e tij Predrag Filipov si dhe p\u00ebrfaq\u00ebsuesit e Trupit Koordinues t\u00eb Qeveris\u00eb s\u00eb Republik\u00ebs s\u00eb Serbis\u00eb p\u00ebr komunat Preshev\u00eb, Bujanoc dhe Medvegj\u00eb.<\/p>\n<p>T\u00eb rinj\u00ebt nga Serbija jugore kan\u00eb qen\u00eb mysafir n\u00eb Ministrin\u00eb e Pun\u00ebve t\u00eb Jashtme t\u00eb Republik\u00ebs s\u00eb Sllovenis\u00eb me q\u2019rast jan\u00eb pritur nga zot\u00ebri Mitja Shtrukel, ambasador dhe koordinator p\u00ebr Ballkanin per\u00ebndimor\u00eb. Zot\u00ebri Shtrukel \u00ebsht\u00eb shoq\u00ebruar me f\u00ebmij\u00ebt me q\u2019rast \u00ebsht\u00eb interesuar shum\u00eb rreth p\u00ebrvojave t\u00eb tyre gjat\u00eb pregatitjes s\u00eb k\u00ebsaj \u00e7faqjeje teatrale.<\/p>\n<p>T\u00eb premten m\u00eb 26 n\u00ebntor\u00eb t\u00eb rinj\u00ebt nga Presheva dhe Bujanoci kan\u00eb qen\u00eb mysafir n\u00eb Ministrin\u00eb e Mbrojtjes me \u00e7\u2019rast jan\u00eb pritur nga Lubica Jelushiq. Po t\u00eb njejt\u00ebn dit\u00eb kan\u00eb \u00e7faqur \u00e7faqjen ,,Ti dhe Un\u00eb\u00a0 jemi Ne\u2019\u2019, mir\u00ebpo k\u00ebsaj here n\u00eb gjimnazin ,,Bi\u00e7\u2019\u2019 n\u00eb Lublan\u00eb.<\/p>\n<p>Nikoqir t\u00eb f\u00ebmij\u00ebve nga Serbija jugore, Ministria e Pun\u00ebve t\u00eb Jashtme dhe Ministria e Mbrojtjes si pjes\u00eb t\u00eb mik\u00ebpritjes kan\u00eb organizuar nj\u00eb pjes\u00eb t\u00eb programit turistik me q\u2019rast \u00ebsht\u00eb organizuar shetitja n\u00ebp\u00ebr qytetin e Lublan\u00ebs, vizita e Bledit, Kranjit dhe Postonj\u00ebs<\/p>\n","protected":false},"excerpt":{"rendered":"<p>Tinejgjer\u00ebt nga Presheva dhe Bujanoci, aktor\u00ebt kryesor\u00eb t\u00eb \u00e7faqjes multietnike ,,Ti dhe Un\u00eb jemi Ne\u2019\u2019, t\u00eb cilin e finanson Trupi Koordinues i Qeveris\u00eb s\u00eb Republi\u00ebs s\u00eb Qerbis\u00eb p\u00ebr komunat Preshev\u00eb, Bujanoc dhe Medvegj\u00eb, jan\u00eb mysafir\u00eb t\u00eb Ministris\u00eb t\u00eb Pun\u00ebve t\u00eb Jashtme dhe Ministris\u00eb s\u00eb Mbrojtjes s\u00eb Republik\u00ebs s\u00eb Sllovenis\u00eb.<\/p>\n","protected":false},"author":1,"featured_media":142476,"comment_status":"closed","ping_status":"closed","sticky":false,"template":"","format":"standard","meta":{"footnotes":""},"categories":[55],"tags":[],"class_list":["post-142471","post","type-post","status-publish","format-standard","has-post-thumbnail","hentry","category-lajme"],"yoast_head":"<!-- This site is optimized with the Yoast SEO plugin v27.5 - https:\/\/yoast.com\/product\/yoast-seo-wordpress\/ -->\n<title>\u00c7FAGJA TEATRALE ,,TI DHE UN\u00cb JEMI NE\u2019\u2019 MYSAFIR N\u00cb SLLOVENI - Republika e S\u00ebrbis\u00eb Trupi Koordinues p\u00ebr komunat Bujanoc, Preshev\u00eb dhe Medvegj\u00eb<\/title>\n<meta name=\"robots\" content=\"index, follow, max-snippet:-1, max-image-preview:large, max-video-preview:-1\" \/>\n<link rel=\"canonical\" href=\"https:\/\/kt.gov.rs\/sq\/cfagja-teatrale-ti-dhe-une-jemi-ne-mysafir-ne-slloveni\/\" \/>\n<meta property=\"og:locale\" content=\"sq_AL\" \/>\n<meta property=\"og:type\" content=\"article\" \/>\n<meta property=\"og:title\" content=\"\u00c7FAGJA TEATRALE ,,TI DHE UN\u00cb JEMI NE\u2019\u2019 MYSAFIR N\u00cb SLLOVENI - Republika e S\u00ebrbis\u00eb Trupi Koordinues p\u00ebr komunat Bujanoc, Preshev\u00eb dhe Medvegj\u00eb\" \/>\n<meta property=\"og:description\" content=\"Tinejgjer\u00ebt nga Presheva dhe Bujanoci, aktor\u00ebt kryesor\u00eb t\u00eb \u00e7faqjes multietnike ,,Ti dhe Un\u00eb jemi Ne\u2019\u2019, t\u00eb cilin e finanson Trupi Koordinues i Qeveris\u00eb s\u00eb Republi\u00ebs s\u00eb Qerbis\u00eb p\u00ebr komunat Preshev\u00eb, Bujanoc dhe Medvegj\u00eb, jan\u00eb mysafir\u00eb t\u00eb Ministris\u00eb t\u00eb Pun\u00ebve t\u00eb Jashtme dhe Ministris\u00eb s\u00eb Mbrojtjes s\u00eb Republik\u00ebs s\u00eb Sllovenis\u00eb.\" \/>\n<meta property=\"og:url\" content=\"https:\/\/kt.gov.rs\/sq\/cfagja-teatrale-ti-dhe-une-jemi-ne-mysafir-ne-slloveni\/\" \/>\n<meta property=\"og:site_name\" content=\"Republika e S\u00ebrbis\u00eb Trupi Koordinues p\u00ebr komunat Bujanoc, Preshev\u00eb dhe Medvegj\u00eb\" \/>\n<meta property=\"article:publisher\" content=\"https:\/\/www.facebook.com\/SluzbaKoordinacionogTelaVladeRepublikeSrbije\" \/>\n<meta property=\"article:published_time\" content=\"2010-11-26T00:00:00+00:00\" \/>\n<meta property=\"article:modified_time\" content=\"2024-07-30T20:21:29+00:00\" \/>\n<meta property=\"og:image\" content=\"https:\/\/kt.gov.rs\/wp-content\/uploads\/2024\/07\/newspic467-5.jpg\" \/>\n\t<meta property=\"og:image:width\" content=\"265\" \/>\n\t<meta property=\"og:image:height\" content=\"176\" \/>\n\t<meta property=\"og:image:type\" content=\"image\/jpeg\" \/>\n<meta name=\"author\" content=\"ktmin\" \/>\n<meta name=\"twitter:card\" content=\"summary_large_image\" \/>\n<meta name=\"twitter:creator\" content=\"@kt_gov\" \/>\n<meta name=\"twitter:site\" content=\"@kt_gov\" \/>\n<meta name=\"twitter:label1\" content=\"Written by\" \/>\n\t<meta name=\"twitter:data1\" content=\"ktmin\" \/>\n\t<meta name=\"twitter:label2\" content=\"Est. reading time\" \/>\n\t<meta name=\"twitter:data2\" content=\"2 minutes\" \/>\n<script type=\"application\/ld+json\" class=\"yoast-schema-graph\">{\"@context\":\"https:\\\/\\\/schema.org\",\"@graph\":[{\"@type\":\"Article\",\"@id\":\"https:\\\/\\\/kt.gov.rs\\\/sq\\\/cfagja-teatrale-ti-dhe-une-jemi-ne-mysafir-ne-slloveni\\\/#article\",\"isPartOf\":{\"@id\":\"https:\\\/\\\/kt.gov.rs\\\/sq\\\/cfagja-teatrale-ti-dhe-une-jemi-ne-mysafir-ne-slloveni\\\/\"},\"author\":{\"name\":\"ktmin\",\"@id\":\"https:\\\/\\\/kt.gov.rs\\\/#\\\/schema\\\/person\\\/e426459ddb4173309103390602694571\"},\"headline\":\"\u00c7FAGJA TEATRALE ,,TI DHE UN\u00cb JEMI NE\u2019\u2019 MYSAFIR N\u00cb SLLOVENI\",\"datePublished\":\"2010-11-26T00:00:00+00:00\",\"dateModified\":\"2024-07-30T20:21:29+00:00\",\"mainEntityOfPage\":{\"@id\":\"https:\\\/\\\/kt.gov.rs\\\/sq\\\/cfagja-teatrale-ti-dhe-une-jemi-ne-mysafir-ne-slloveni\\\/\"},\"wordCount\":351,\"publisher\":{\"@id\":\"https:\\\/\\\/kt.gov.rs\\\/#organization\"},\"image\":{\"@id\":\"https:\\\/\\\/kt.gov.rs\\\/sq\\\/cfagja-teatrale-ti-dhe-une-jemi-ne-mysafir-ne-slloveni\\\/#primaryimage\"},\"thumbnailUrl\":\"https:\\\/\\\/kt.gov.rs\\\/wp-content\\\/uploads\\\/2024\\\/07\\\/newspic467-5.jpg\",\"articleSection\":[\"Lajme\"],\"inLanguage\":\"sq-AL\"},{\"@type\":\"WebPage\",\"@id\":\"https:\\\/\\\/kt.gov.rs\\\/sq\\\/cfagja-teatrale-ti-dhe-une-jemi-ne-mysafir-ne-slloveni\\\/\",\"url\":\"https:\\\/\\\/kt.gov.rs\\\/sq\\\/cfagja-teatrale-ti-dhe-une-jemi-ne-mysafir-ne-slloveni\\\/\",\"name\":\"\u00c7FAGJA TEATRALE ,,TI DHE UN\u00cb JEMI NE\u2019\u2019 MYSAFIR N\u00cb SLLOVENI - Republika e S\u00ebrbis\u00eb Trupi Koordinues p\u00ebr komunat Bujanoc, Preshev\u00eb dhe Medvegj\u00eb\",\"isPartOf\":{\"@id\":\"https:\\\/\\\/kt.gov.rs\\\/#website\"},\"primaryImageOfPage\":{\"@id\":\"https:\\\/\\\/kt.gov.rs\\\/sq\\\/cfagja-teatrale-ti-dhe-une-jemi-ne-mysafir-ne-slloveni\\\/#primaryimage\"},\"image\":{\"@id\":\"https:\\\/\\\/kt.gov.rs\\\/sq\\\/cfagja-teatrale-ti-dhe-une-jemi-ne-mysafir-ne-slloveni\\\/#primaryimage\"},\"thumbnailUrl\":\"https:\\\/\\\/kt.gov.rs\\\/wp-content\\\/uploads\\\/2024\\\/07\\\/newspic467-5.jpg\",\"datePublished\":\"2010-11-26T00:00:00+00:00\",\"dateModified\":\"2024-07-30T20:21:29+00:00\",\"breadcrumb\":{\"@id\":\"https:\\\/\\\/kt.gov.rs\\\/sq\\\/cfagja-teatrale-ti-dhe-une-jemi-ne-mysafir-ne-slloveni\\\/#breadcrumb\"},\"inLanguage\":\"sq-AL\",\"potentialAction\":[{\"@type\":\"ReadAction\",\"target\":[\"https:\\\/\\\/kt.gov.rs\\\/sq\\\/cfagja-teatrale-ti-dhe-une-jemi-ne-mysafir-ne-slloveni\\\/\"]}]},{\"@type\":\"ImageObject\",\"inLanguage\":\"sq-AL\",\"@id\":\"https:\\\/\\\/kt.gov.rs\\\/sq\\\/cfagja-teatrale-ti-dhe-une-jemi-ne-mysafir-ne-slloveni\\\/#primaryimage\",\"url\":\"https:\\\/\\\/kt.gov.rs\\\/wp-content\\\/uploads\\\/2024\\\/07\\\/newspic467-5.jpg\",\"contentUrl\":\"https:\\\/\\\/kt.gov.rs\\\/wp-content\\\/uploads\\\/2024\\\/07\\\/newspic467-5.jpg\",\"width\":265,\"height\":176},{\"@type\":\"BreadcrumbList\",\"@id\":\"https:\\\/\\\/kt.gov.rs\\\/sq\\\/cfagja-teatrale-ti-dhe-une-jemi-ne-mysafir-ne-slloveni\\\/#breadcrumb\",\"itemListElement\":[{\"@type\":\"ListItem\",\"position\":1,\"name\":\"\u041f\u043e\u0447\u0435\u0442\u043d\u0430\",\"item\":\"https:\\\/\\\/kt.gov.rs\\\/sq\\\/\"},{\"@type\":\"ListItem\",\"position\":2,\"name\":\"\u00c7FAGJA TEATRALE ,,TI DHE UN\u00cb JEMI NE\u2019\u2019 MYSAFIR N\u00cb SLLOVENI\"}]},{\"@type\":\"WebSite\",\"@id\":\"https:\\\/\\\/kt.gov.rs\\\/#website\",\"url\":\"https:\\\/\\\/kt.gov.rs\\\/\",\"name\":\"\u041a\u043e\u043e\u0440\u0434\u0438\u043d\u0430\u0446\u0438\u043e\u043d\u043e \u0442\u0435\u043b\u043e \u0412\u043b\u0430\u0434\u0435 \u0420\u0435\u043f\u0443\u0431\u043b\u0438\u043a\u0435 \u0421\u0440\u0431\u0438\u0458\u0435 \u0437\u0430 \u043e\u043f\u0448\u0442\u0438\u043d\u0435 \u041f\u0440\u0435\u0448\u0435\u0432\u043e, \u0411\u0443\u0458\u0430\u043d\u043e\u0432\u0430\u0446 \u0438 \u041c\u0435\u0434\u0432\u0435\u0452a\",\"description\":\"\",\"publisher\":{\"@id\":\"https:\\\/\\\/kt.gov.rs\\\/#organization\"},\"alternateName\":\"\u041a\u043e\u043e\u0440\u0434\u0438\u043d\u0430\u0446\u0438\u043e\u043d\u043e \u0442\u0435\u043b\u043e\",\"potentialAction\":[{\"@type\":\"SearchAction\",\"target\":{\"@type\":\"EntryPoint\",\"urlTemplate\":\"https:\\\/\\\/kt.gov.rs\\\/?s={search_term_string}\"},\"query-input\":{\"@type\":\"PropertyValueSpecification\",\"valueRequired\":true,\"valueName\":\"search_term_string\"}}],\"inLanguage\":\"sq-AL\"},{\"@type\":\"Organization\",\"@id\":\"https:\\\/\\\/kt.gov.rs\\\/#organization\",\"name\":\"\u041a\u043e\u043e\u0440\u0434\u0438\u043d\u0430\u0446\u0438\u043e\u043d\u043e \u0442\u0435\u043b\u043e \u0412\u043b\u0430\u0434\u0435 \u0420\u0435\u043f\u0443\u0431\u043b\u0438\u043a\u0435 \u0421\u0440\u0431\u0438\u0458\u0435 \u0437\u0430 \u043e\u043f\u0448\u0442\u0438\u043d\u0435 \u041f\u0440\u0435\u0448\u0435\u0432\u043e, \u0411\u0443\u0458\u0430\u043d\u043e\u0432\u0430\u0446 \u0438 \u041c\u0435\u0434\u0432\u0435\u0452a\",\"alternateName\":\"\u041a\u043e\u043e\u0440\u0434\u0438\u043d\u0430\u0446\u0438\u043e\u043d\u043e \u0442\u0435\u043b\u043e\",\"url\":\"https:\\\/\\\/kt.gov.rs\\\/\",\"logo\":{\"@type\":\"ImageObject\",\"inLanguage\":\"sq-AL\",\"@id\":\"https:\\\/\\\/kt.gov.rs\\\/#\\\/schema\\\/logo\\\/image\\\/\",\"url\":\"https:\\\/\\\/kt.gov.rs\\\/wp-content\\\/uploads\\\/2024\\\/12\\\/koord2.jpg\",\"contentUrl\":\"https:\\\/\\\/kt.gov.rs\\\/wp-content\\\/uploads\\\/2024\\\/12\\\/koord2.jpg\",\"width\":640,\"height\":480,\"caption\":\"\u041a\u043e\u043e\u0440\u0434\u0438\u043d\u0430\u0446\u0438\u043e\u043d\u043e \u0442\u0435\u043b\u043e \u0412\u043b\u0430\u0434\u0435 \u0420\u0435\u043f\u0443\u0431\u043b\u0438\u043a\u0435 \u0421\u0440\u0431\u0438\u0458\u0435 \u0437\u0430 \u043e\u043f\u0448\u0442\u0438\u043d\u0435 \u041f\u0440\u0435\u0448\u0435\u0432\u043e, \u0411\u0443\u0458\u0430\u043d\u043e\u0432\u0430\u0446 \u0438 \u041c\u0435\u0434\u0432\u0435\u0452a\"},\"image\":{\"@id\":\"https:\\\/\\\/kt.gov.rs\\\/#\\\/schema\\\/logo\\\/image\\\/\"},\"sameAs\":[\"https:\\\/\\\/www.facebook.com\\\/SluzbaKoordinacionogTelaVladeRepublikeSrbije\",\"https:\\\/\\\/x.com\\\/kt_gov\",\"https:\\\/\\\/www.youtube.com\\\/@koordinacionotelo\"]},{\"@type\":\"Person\",\"@id\":\"https:\\\/\\\/kt.gov.rs\\\/#\\\/schema\\\/person\\\/e426459ddb4173309103390602694571\",\"name\":\"ktmin\",\"image\":{\"@type\":\"ImageObject\",\"inLanguage\":\"sq-AL\",\"@id\":\"https:\\\/\\\/secure.gravatar.com\\\/avatar\\\/3985c961109853010c3fbc7ba30365bfba5db3dd6c525831d9c595c7525a615a?s=96&d=mm&r=g\",\"url\":\"https:\\\/\\\/secure.gravatar.com\\\/avatar\\\/3985c961109853010c3fbc7ba30365bfba5db3dd6c525831d9c595c7525a615a?s=96&d=mm&r=g\",\"contentUrl\":\"https:\\\/\\\/secure.gravatar.com\\\/avatar\\\/3985c961109853010c3fbc7ba30365bfba5db3dd6c525831d9c595c7525a615a?s=96&d=mm&r=g\",\"caption\":\"ktmin\"},\"sameAs\":[\"https:\\\/\\\/kt.gov.rs\"],\"url\":\"https:\\\/\\\/kt.gov.rs\\\/sq\\\/author\\\/ktmin\\\/\"}]}<\/script>\n<!-- \/ Yoast SEO plugin. -->","yoast_head_json":{"title":"\u00c7FAGJA TEATRALE ,,TI DHE UN\u00cb JEMI NE\u2019\u2019 MYSAFIR N\u00cb SLLOVENI - Republika e S\u00ebrbis\u00eb Trupi Koordinues p\u00ebr komunat Bujanoc, Preshev\u00eb dhe Medvegj\u00eb","robots":{"index":"index","follow":"follow","max-snippet":"max-snippet:-1","max-image-preview":"max-image-preview:large","max-video-preview":"max-video-preview:-1"},"canonical":"https:\/\/kt.gov.rs\/sq\/cfagja-teatrale-ti-dhe-une-jemi-ne-mysafir-ne-slloveni\/","og_locale":"sq_AL","og_type":"article","og_title":"\u00c7FAGJA TEATRALE ,,TI DHE UN\u00cb JEMI NE\u2019\u2019 MYSAFIR N\u00cb SLLOVENI - Republika e S\u00ebrbis\u00eb Trupi Koordinues p\u00ebr komunat Bujanoc, Preshev\u00eb dhe Medvegj\u00eb","og_description":"Tinejgjer\u00ebt nga Presheva dhe Bujanoci, aktor\u00ebt kryesor\u00eb t\u00eb \u00e7faqjes multietnike ,,Ti dhe Un\u00eb jemi Ne\u2019\u2019, t\u00eb cilin e finanson Trupi Koordinues i Qeveris\u00eb s\u00eb Republi\u00ebs s\u00eb Qerbis\u00eb p\u00ebr komunat Preshev\u00eb, Bujanoc dhe Medvegj\u00eb, jan\u00eb mysafir\u00eb t\u00eb Ministris\u00eb t\u00eb Pun\u00ebve t\u00eb Jashtme dhe Ministris\u00eb s\u00eb Mbrojtjes s\u00eb Republik\u00ebs s\u00eb Sllovenis\u00eb.","og_url":"https:\/\/kt.gov.rs\/sq\/cfagja-teatrale-ti-dhe-une-jemi-ne-mysafir-ne-slloveni\/","og_site_name":"Republika e S\u00ebrbis\u00eb Trupi Koordinues p\u00ebr komunat Bujanoc, Preshev\u00eb dhe Medvegj\u00eb","article_publisher":"https:\/\/www.facebook.com\/SluzbaKoordinacionogTelaVladeRepublikeSrbije","article_published_time":"2010-11-26T00:00:00+00:00","article_modified_time":"2024-07-30T20:21:29+00:00","og_image":[{"width":265,"height":176,"url":"https:\/\/kt.gov.rs\/wp-content\/uploads\/2024\/07\/newspic467-5.jpg","type":"image\/jpeg"}],"author":"ktmin","twitter_card":"summary_large_image","twitter_creator":"@kt_gov","twitter_site":"@kt_gov","twitter_misc":{"Written by":"ktmin","Est. reading time":"2 minutes"},"schema":{"@context":"https:\/\/schema.org","@graph":[{"@type":"Article","@id":"https:\/\/kt.gov.rs\/sq\/cfagja-teatrale-ti-dhe-une-jemi-ne-mysafir-ne-slloveni\/#article","isPartOf":{"@id":"https:\/\/kt.gov.rs\/sq\/cfagja-teatrale-ti-dhe-une-jemi-ne-mysafir-ne-slloveni\/"},"author":{"name":"ktmin","@id":"https:\/\/kt.gov.rs\/#\/schema\/person\/e426459ddb4173309103390602694571"},"headline":"\u00c7FAGJA TEATRALE ,,TI DHE UN\u00cb JEMI NE\u2019\u2019 MYSAFIR N\u00cb SLLOVENI","datePublished":"2010-11-26T00:00:00+00:00","dateModified":"2024-07-30T20:21:29+00:00","mainEntityOfPage":{"@id":"https:\/\/kt.gov.rs\/sq\/cfagja-teatrale-ti-dhe-une-jemi-ne-mysafir-ne-slloveni\/"},"wordCount":351,"publisher":{"@id":"https:\/\/kt.gov.rs\/#organization"},"image":{"@id":"https:\/\/kt.gov.rs\/sq\/cfagja-teatrale-ti-dhe-une-jemi-ne-mysafir-ne-slloveni\/#primaryimage"},"thumbnailUrl":"https:\/\/kt.gov.rs\/wp-content\/uploads\/2024\/07\/newspic467-5.jpg","articleSection":["Lajme"],"inLanguage":"sq-AL"},{"@type":"WebPage","@id":"https:\/\/kt.gov.rs\/sq\/cfagja-teatrale-ti-dhe-une-jemi-ne-mysafir-ne-slloveni\/","url":"https:\/\/kt.gov.rs\/sq\/cfagja-teatrale-ti-dhe-une-jemi-ne-mysafir-ne-slloveni\/","name":"\u00c7FAGJA TEATRALE ,,TI DHE UN\u00cb JEMI NE\u2019\u2019 MYSAFIR N\u00cb SLLOVENI - Republika e S\u00ebrbis\u00eb Trupi Koordinues p\u00ebr komunat Bujanoc, Preshev\u00eb dhe Medvegj\u00eb","isPartOf":{"@id":"https:\/\/kt.gov.rs\/#website"},"primaryImageOfPage":{"@id":"https:\/\/kt.gov.rs\/sq\/cfagja-teatrale-ti-dhe-une-jemi-ne-mysafir-ne-slloveni\/#primaryimage"},"image":{"@id":"https:\/\/kt.gov.rs\/sq\/cfagja-teatrale-ti-dhe-une-jemi-ne-mysafir-ne-slloveni\/#primaryimage"},"thumbnailUrl":"https:\/\/kt.gov.rs\/wp-content\/uploads\/2024\/07\/newspic467-5.jpg","datePublished":"2010-11-26T00:00:00+00:00","dateModified":"2024-07-30T20:21:29+00:00","breadcrumb":{"@id":"https:\/\/kt.gov.rs\/sq\/cfagja-teatrale-ti-dhe-une-jemi-ne-mysafir-ne-slloveni\/#breadcrumb"},"inLanguage":"sq-AL","potentialAction":[{"@type":"ReadAction","target":["https:\/\/kt.gov.rs\/sq\/cfagja-teatrale-ti-dhe-une-jemi-ne-mysafir-ne-slloveni\/"]}]},{"@type":"ImageObject","inLanguage":"sq-AL","@id":"https:\/\/kt.gov.rs\/sq\/cfagja-teatrale-ti-dhe-une-jemi-ne-mysafir-ne-slloveni\/#primaryimage","url":"https:\/\/kt.gov.rs\/wp-content\/uploads\/2024\/07\/newspic467-5.jpg","contentUrl":"https:\/\/kt.gov.rs\/wp-content\/uploads\/2024\/07\/newspic467-5.jpg","width":265,"height":176},{"@type":"BreadcrumbList","@id":"https:\/\/kt.gov.rs\/sq\/cfagja-teatrale-ti-dhe-une-jemi-ne-mysafir-ne-slloveni\/#breadcrumb","itemListElement":[{"@type":"ListItem","position":1,"name":"\u041f\u043e\u0447\u0435\u0442\u043d\u0430","item":"https:\/\/kt.gov.rs\/sq\/"},{"@type":"ListItem","position":2,"name":"\u00c7FAGJA TEATRALE ,,TI DHE UN\u00cb JEMI NE\u2019\u2019 MYSAFIR N\u00cb SLLOVENI"}]},{"@type":"WebSite","@id":"https:\/\/kt.gov.rs\/#website","url":"https:\/\/kt.gov.rs\/","name":"\u041a\u043e\u043e\u0440\u0434\u0438\u043d\u0430\u0446\u0438\u043e\u043d\u043e \u0442\u0435\u043b\u043e \u0412\u043b\u0430\u0434\u0435 \u0420\u0435\u043f\u0443\u0431\u043b\u0438\u043a\u0435 \u0421\u0440\u0431\u0438\u0458\u0435 \u0437\u0430 \u043e\u043f\u0448\u0442\u0438\u043d\u0435 \u041f\u0440\u0435\u0448\u0435\u0432\u043e, \u0411\u0443\u0458\u0430\u043d\u043e\u0432\u0430\u0446 \u0438 \u041c\u0435\u0434\u0432\u0435\u0452a","description":"","publisher":{"@id":"https:\/\/kt.gov.rs\/#organization"},"alternateName":"\u041a\u043e\u043e\u0440\u0434\u0438\u043d\u0430\u0446\u0438\u043e\u043d\u043e \u0442\u0435\u043b\u043e","potentialAction":[{"@type":"SearchAction","target":{"@type":"EntryPoint","urlTemplate":"https:\/\/kt.gov.rs\/?s={search_term_string}"},"query-input":{"@type":"PropertyValueSpecification","valueRequired":true,"valueName":"search_term_string"}}],"inLanguage":"sq-AL"},{"@type":"Organization","@id":"https:\/\/kt.gov.rs\/#organization","name":"\u041a\u043e\u043e\u0440\u0434\u0438\u043d\u0430\u0446\u0438\u043e\u043d\u043e \u0442\u0435\u043b\u043e \u0412\u043b\u0430\u0434\u0435 \u0420\u0435\u043f\u0443\u0431\u043b\u0438\u043a\u0435 \u0421\u0440\u0431\u0438\u0458\u0435 \u0437\u0430 \u043e\u043f\u0448\u0442\u0438\u043d\u0435 \u041f\u0440\u0435\u0448\u0435\u0432\u043e, \u0411\u0443\u0458\u0430\u043d\u043e\u0432\u0430\u0446 \u0438 \u041c\u0435\u0434\u0432\u0435\u0452a","alternateName":"\u041a\u043e\u043e\u0440\u0434\u0438\u043d\u0430\u0446\u0438\u043e\u043d\u043e \u0442\u0435\u043b\u043e","url":"https:\/\/kt.gov.rs\/","logo":{"@type":"ImageObject","inLanguage":"sq-AL","@id":"https:\/\/kt.gov.rs\/#\/schema\/logo\/image\/","url":"https:\/\/kt.gov.rs\/wp-content\/uploads\/2024\/12\/koord2.jpg","contentUrl":"https:\/\/kt.gov.rs\/wp-content\/uploads\/2024\/12\/koord2.jpg","width":640,"height":480,"caption":"\u041a\u043e\u043e\u0440\u0434\u0438\u043d\u0430\u0446\u0438\u043e\u043d\u043e \u0442\u0435\u043b\u043e \u0412\u043b\u0430\u0434\u0435 \u0420\u0435\u043f\u0443\u0431\u043b\u0438\u043a\u0435 \u0421\u0440\u0431\u0438\u0458\u0435 \u0437\u0430 \u043e\u043f\u0448\u0442\u0438\u043d\u0435 \u041f\u0440\u0435\u0448\u0435\u0432\u043e, \u0411\u0443\u0458\u0430\u043d\u043e\u0432\u0430\u0446 \u0438 \u041c\u0435\u0434\u0432\u0435\u0452a"},"image":{"@id":"https:\/\/kt.gov.rs\/#\/schema\/logo\/image\/"},"sameAs":["https:\/\/www.facebook.com\/SluzbaKoordinacionogTelaVladeRepublikeSrbije","https:\/\/x.com\/kt_gov","https:\/\/www.youtube.com\/@koordinacionotelo"]},{"@type":"Person","@id":"https:\/\/kt.gov.rs\/#\/schema\/person\/e426459ddb4173309103390602694571","name":"ktmin","image":{"@type":"ImageObject","inLanguage":"sq-AL","@id":"https:\/\/secure.gravatar.com\/avatar\/3985c961109853010c3fbc7ba30365bfba5db3dd6c525831d9c595c7525a615a?s=96&d=mm&r=g","url":"https:\/\/secure.gravatar.com\/avatar\/3985c961109853010c3fbc7ba30365bfba5db3dd6c525831d9c595c7525a615a?s=96&d=mm&r=g","contentUrl":"https:\/\/secure.gravatar.com\/avatar\/3985c961109853010c3fbc7ba30365bfba5db3dd6c525831d9c595c7525a615a?s=96&d=mm&r=g","caption":"ktmin"},"sameAs":["https:\/\/kt.gov.rs"],"url":"https:\/\/kt.gov.rs\/sq\/author\/ktmin\/"}]}},"_links":{"self":[{"href":"https:\/\/kt.gov.rs\/sq\/wp-json\/wp\/v2\/posts\/142471","targetHints":{"allow":["GET"]}}],"collection":[{"href":"https:\/\/kt.gov.rs\/sq\/wp-json\/wp\/v2\/posts"}],"about":[{"href":"https:\/\/kt.gov.rs\/sq\/wp-json\/wp\/v2\/types\/post"}],"author":[{"embeddable":true,"href":"https:\/\/kt.gov.rs\/sq\/wp-json\/wp\/v2\/users\/1"}],"replies":[{"embeddable":true,"href":"https:\/\/kt.gov.rs\/sq\/wp-json\/wp\/v2\/comments?post=142471"}],"version-history":[{"count":1,"href":"https:\/\/kt.gov.rs\/sq\/wp-json\/wp\/v2\/posts\/142471\/revisions"}],"predecessor-version":[{"id":142475,"href":"https:\/\/kt.gov.rs\/sq\/wp-json\/wp\/v2\/posts\/142471\/revisions\/142475"}],"wp:featuredmedia":[{"embeddable":true,"href":"https:\/\/kt.gov.rs\/sq\/wp-json\/wp\/v2\/media\/142476"}],"wp:attachment":[{"href":"https:\/\/kt.gov.rs\/sq\/wp-json\/wp\/v2\/media?parent=142471"}],"wp:term":[{"taxonomy":"category","embeddable":true,"href":"https:\/\/kt.gov.rs\/sq\/wp-json\/wp\/v2\/categories?post=142471"},{"taxonomy":"post_tag","embeddable":true,"href":"https:\/\/kt.gov.rs\/sq\/wp-json\/wp\/v2\/tags?post=142471"}],"curies":[{"name":"wp","href":"https:\/\/api.w.org\/{rel}","templated":true}]}}