{"id":142449,"date":"2010-12-09T00:00:00","date_gmt":"2010-12-09T00:00:00","guid":{"rendered":"http:\/\/kt.printandscreen.rs\/ne-jemi-e-gjith-bota-ne-bujanoc\/"},"modified":"2024-07-30T20:21:27","modified_gmt":"2024-07-30T20:21:27","slug":"ne-jemi-e-gjith-bota-ne-bujanoc","status":"publish","type":"post","link":"https:\/\/kt.gov.rs\/sq\/ne-jemi-e-gjith-bota-ne-bujanoc\/","title":{"rendered":"\u201eNE JEMI E GJITH BOTA\u201c N\u00cb BUJANOC"},"content":{"rendered":"<p><img decoding=\"async\" align=\"left\" src=\"https:\/\/kt.gov.rs\/wp-content\/uploads\/2024\/07\/newspic478-4.jpg\" alt=\"\" \/>Kat\u00ebrmb\u00ebdhjet\u00eb nx\u00ebn\u00ebs t\u00eb shkollave t\u00eb mesme, Shqip\u00ebtar\u00eb, Serb\u00eb dhe Rom\u00eb nga Bujanoci dhe Presheva t\u00eb m\u00ebrkur\u00ebn m\u00eb 08 dhjetor\u00eb n\u00eb sall\u00ebn e mbushur plot me shikues kan\u00eb treguar se nj\u00eb bot\u00eb tjet\u00ebr \u00ebsht\u00eb e mundur. Gjat\u00eb 90 minuta \u00e7faqjeje, k\u00ebta t\u00eb rinj\u00eb treguan se shoq\u00ebrimi, dashuria dhe toleranca bashkojn\u00eb dhe na b\u00ebjn\u00eb t\u00eb lumtur. Ata d\u00ebrguan mesazhin se shoq\u00ebrimi n\u00eb mes t\u00eb etniteteve, religjioneve, dallimeve gjuh\u00ebsore dhe prejardhjeve t\u00eb ndryshme kulturore \u00ebsht\u00eb i mundur dhe se kjo \u00ebsht\u00eb nj\u00eb lidhje kyqe p\u00ebr mar\u00ebdh\u00ebniet nd\u00ebretnike.<\/p>\n<p>,,Ne jemi e gjith bota\u2019\u2019 \u00ebsht\u00eb \u00e7faqja e dyt\u00eb e cila ka pasur dje premier\u00ebn e saj\u00eb, nd\u00ebrsa para paraqitjes s\u00eb tyre para publikut Bujanocas, ata kan\u00eb pasur \u00e7faqjen e tyre n\u00eb Slloveni dhe Kikind\u00eb. Tema kryesore e k\u00ebsaj \u00e7faqjeje \u00ebsht\u00eb bazuar n\u00eb baz\u00eb t\u00eb ,,Romeo dhe Zhulieta\u2019\u2019 t\u00eb William Shekspirit \u2013 storja e dashurive t\u00eb ndaluara. Teksti p\u00ebrmban nj\u00eb fuqi t\u00eb metafor\u00ebs q\u00eb v\u00ebshtir\u00eb se dikush mund\u00eb t\u00eb mbetet indiferent.<\/p>\n<p>P\u00ebrpos tem\u00ebs kryesore, \u00e7faqja ka edhe tema tjera ku shihen motivet e dashuris\u00eb dhe shoq\u00ebris\u00eb dhe t\u00eb cilat tema jan\u00eb t\u00eb pandashme p\u00ebr t\u00eb gjitha gjeneratat e reja (problemet shkollore, fejsbuku, rritja etj).<\/p>\n<p>Pra se t\u00eb filloj\u00eb kjo \u00e7faqje, publikut iu drejtua aktorja e re Nesibe Osmani n\u00eb gjuh\u00ebn rome, regjisori dhe autori i tekstit Aleksandar Laziq n\u00eb gjuh\u00ebn serbe si dhe koordinatori Rahim Salihu n\u00eb gjuh\u00ebn shqipe:<\/p>\n<p>\u201eKudo q\u00eb jemi paraqitur, n\u00eb qdo vend q\u00eb kemi qen\u00eb, k\u00ebndo q\u00eb e kemi takuar dhe kemi njoftuar, kurdo dhe kudoqoft\u00eb, kemi konfirmuar ate p\u00ebr qka flas\u00ebm: q\u00eb ne jemi t\u00eb njejt, t\u00eb barabart\u00eb dhe t\u00eb posaq\u00ebm, q\u00eb Ti dhe\u00a0 Un\u00eb jeni Ne, nd\u00ebrsa Ne jemi e gjith bota!\u201c<br \/>\n\u00c7faqja teatrale ,,Ne jemi e gjith bota\u2019\u2019 \u00ebsht\u00eb paraqitur n\u00eb mesin e n\u00ebntorit n\u00eb Kikind\u00eb me nj\u00eb ekip tjet\u00ebr artist\u00ebsh, duke ruajtur p\u00ebrb\u00ebrjen multietnike e cila reflekton Vojvodin\u00ebn. Aktor\u00ebt e \u00e7faqjes nga Kikinda kan\u00eb ardhur n\u00eb Bujanoc n\u00eb premier\u00ebn e nj\u00ebherit edhe p\u00ebr t\u00eb mb\u00ebshtetur shok\u00ebt e tyre nga Presheva dhe Bujanoci.<\/p>\n<p><img decoding=\"async\" align=\"left\" src=\"https:\/\/kt.gov.rs\/wp-content\/uploads\/2024\/07\/newspic476-2.jpg\" alt=\"\" \/>Publiku Beogradas do t\u00eb ken\u00eb rastin q\u00eb t\u00eb p\u00ebrcjellin k\u00ebt\u00eb \u00e7faqje teatrale m\u00eb 17 dhjetor\u00eb n\u00eb teatrin ,,Rasha Pllaoviq\u2019\u2019. Ata do t\u00eb ken\u00eb rastin t\u00eb shohin \u00e7faqjen teatrale ku s\u00eb bashku luajn\u00eb t\u00eb rinj\u00ebt nga kikinda, Bujanoci dhe Presheva.<\/p>\n<p>Projektin e ka p\u00ebrkrahur sekratariati krahinor\u00eb p\u00ebr kultur\u00eb i krahin\u00ebs autonome t\u00eb Vojvodin\u00ebs dhe Trupi Koordinues i Qeveris\u00eb s\u00eb Republik\u00ebs s\u00eb Serbis\u00eb p\u00ebr komunat Preshev\u00eb, Bujanoc dhe Medvegj\u00eb.<\/p>\n","protected":false},"excerpt":{"rendered":"<p>Kat\u00ebrmb\u00ebdhjet\u00eb nx\u00ebn\u00ebs t\u00eb shkollave t\u00eb mesme, Shqip\u00ebtar\u00eb, Serb\u00eb dhe Rom\u00eb  nga Bujanoci dhe Presheva t\u00eb m\u00ebrkur\u00ebn m\u00eb 08 dhjetor\u00eb n\u00eb sall\u00ebn e mbushur  plot me shikues kan\u00eb treguar se nj\u00eb bot\u00eb tjet\u00ebr \u00ebsht\u00eb e mundur. Gjat\u00eb  90 minuta \u00e7faqjeje, k\u00ebta t\u00eb rinj\u00eb treguan se shoq\u00ebrimi, dashuria dhe  toleranca bashkojn\u00eb dhe na b\u00ebjn\u00eb t\u00eb lumtur. Ata d\u00ebrguan mesazhin se  shoq\u00ebrimi n\u00eb mes t\u00eb etniteteve, religjioneve, dallimeve gjuh\u00ebsore dhe  prejardhjeve t\u00eb ndryshme kulturore \u00ebsht\u00eb i mundur dhe se kjo \u00ebsht\u00eb nj\u00eb  lidhje kyqe p\u00ebr mar\u00ebdh\u00ebniet nd\u00ebretnike.<\/p>\n","protected":false},"author":1,"featured_media":142457,"comment_status":"closed","ping_status":"closed","sticky":false,"template":"","format":"standard","meta":{"footnotes":""},"categories":[55],"tags":[],"class_list":["post-142449","post","type-post","status-publish","format-standard","has-post-thumbnail","hentry","category-lajme"],"yoast_head":"<!-- This site is optimized with the Yoast SEO plugin v27.5 - https:\/\/yoast.com\/product\/yoast-seo-wordpress\/ -->\n<title>\u201eNE JEMI E GJITH BOTA\u201c N\u00cb BUJANOC - Republika e S\u00ebrbis\u00eb Trupi Koordinues p\u00ebr komunat Bujanoc, Preshev\u00eb dhe Medvegj\u00eb<\/title>\n<meta name=\"robots\" content=\"index, follow, max-snippet:-1, max-image-preview:large, max-video-preview:-1\" \/>\n<link rel=\"canonical\" href=\"https:\/\/kt.gov.rs\/sq\/ne-jemi-e-gjith-bota-ne-bujanoc\/\" \/>\n<meta property=\"og:locale\" content=\"sq_AL\" \/>\n<meta property=\"og:type\" content=\"article\" \/>\n<meta property=\"og:title\" content=\"\u201eNE JEMI E GJITH BOTA\u201c N\u00cb BUJANOC - Republika e S\u00ebrbis\u00eb Trupi Koordinues p\u00ebr komunat Bujanoc, Preshev\u00eb dhe Medvegj\u00eb\" \/>\n<meta property=\"og:description\" content=\"Kat\u00ebrmb\u00ebdhjet\u00eb nx\u00ebn\u00ebs t\u00eb shkollave t\u00eb mesme, Shqip\u00ebtar\u00eb, Serb\u00eb dhe Rom\u00eb nga Bujanoci dhe Presheva t\u00eb m\u00ebrkur\u00ebn m\u00eb 08 dhjetor\u00eb n\u00eb sall\u00ebn e mbushur plot me shikues kan\u00eb treguar se nj\u00eb bot\u00eb tjet\u00ebr \u00ebsht\u00eb e mundur. Gjat\u00eb 90 minuta \u00e7faqjeje, k\u00ebta t\u00eb rinj\u00eb treguan se shoq\u00ebrimi, dashuria dhe toleranca bashkojn\u00eb dhe na b\u00ebjn\u00eb t\u00eb lumtur. Ata d\u00ebrguan mesazhin se shoq\u00ebrimi n\u00eb mes t\u00eb etniteteve, religjioneve, dallimeve gjuh\u00ebsore dhe prejardhjeve t\u00eb ndryshme kulturore \u00ebsht\u00eb i mundur dhe se kjo \u00ebsht\u00eb nj\u00eb lidhje kyqe p\u00ebr mar\u00ebdh\u00ebniet nd\u00ebretnike.\" \/>\n<meta property=\"og:url\" content=\"https:\/\/kt.gov.rs\/sq\/ne-jemi-e-gjith-bota-ne-bujanoc\/\" \/>\n<meta property=\"og:site_name\" content=\"Republika e S\u00ebrbis\u00eb Trupi Koordinues p\u00ebr komunat Bujanoc, Preshev\u00eb dhe Medvegj\u00eb\" \/>\n<meta property=\"article:publisher\" content=\"https:\/\/www.facebook.com\/SluzbaKoordinacionogTelaVladeRepublikeSrbije\" \/>\n<meta property=\"article:published_time\" content=\"2010-12-09T00:00:00+00:00\" \/>\n<meta property=\"article:modified_time\" content=\"2024-07-30T20:21:27+00:00\" \/>\n<meta property=\"og:image\" content=\"https:\/\/kt.gov.rs\/wp-content\/uploads\/2024\/07\/newspic478-5.jpg\" \/>\n\t<meta property=\"og:image:width\" content=\"265\" \/>\n\t<meta property=\"og:image:height\" content=\"200\" \/>\n\t<meta property=\"og:image:type\" content=\"image\/jpeg\" \/>\n<meta name=\"author\" content=\"ktmin\" \/>\n<meta name=\"twitter:card\" content=\"summary_large_image\" \/>\n<meta name=\"twitter:creator\" content=\"@kt_gov\" \/>\n<meta name=\"twitter:site\" content=\"@kt_gov\" \/>\n<meta name=\"twitter:label1\" content=\"Written by\" \/>\n\t<meta name=\"twitter:data1\" content=\"ktmin\" \/>\n\t<meta name=\"twitter:label2\" content=\"Est. reading time\" \/>\n\t<meta name=\"twitter:data2\" content=\"2 minutes\" \/>\n<script type=\"application\/ld+json\" class=\"yoast-schema-graph\">{\"@context\":\"https:\\\/\\\/schema.org\",\"@graph\":[{\"@type\":\"Article\",\"@id\":\"https:\\\/\\\/kt.gov.rs\\\/sq\\\/ne-jemi-e-gjith-bota-ne-bujanoc\\\/#article\",\"isPartOf\":{\"@id\":\"https:\\\/\\\/kt.gov.rs\\\/sq\\\/ne-jemi-e-gjith-bota-ne-bujanoc\\\/\"},\"author\":{\"name\":\"ktmin\",\"@id\":\"https:\\\/\\\/kt.gov.rs\\\/#\\\/schema\\\/person\\\/e426459ddb4173309103390602694571\"},\"headline\":\"\u201eNE JEMI E GJITH BOTA\u201c N\u00cb BUJANOC\",\"datePublished\":\"2010-12-09T00:00:00+00:00\",\"dateModified\":\"2024-07-30T20:21:27+00:00\",\"mainEntityOfPage\":{\"@id\":\"https:\\\/\\\/kt.gov.rs\\\/sq\\\/ne-jemi-e-gjith-bota-ne-bujanoc\\\/\"},\"wordCount\":464,\"publisher\":{\"@id\":\"https:\\\/\\\/kt.gov.rs\\\/#organization\"},\"image\":{\"@id\":\"https:\\\/\\\/kt.gov.rs\\\/sq\\\/ne-jemi-e-gjith-bota-ne-bujanoc\\\/#primaryimage\"},\"thumbnailUrl\":\"https:\\\/\\\/kt.gov.rs\\\/wp-content\\\/uploads\\\/2024\\\/07\\\/newspic478-5.jpg\",\"articleSection\":[\"Lajme\"],\"inLanguage\":\"sq-AL\"},{\"@type\":\"WebPage\",\"@id\":\"https:\\\/\\\/kt.gov.rs\\\/sq\\\/ne-jemi-e-gjith-bota-ne-bujanoc\\\/\",\"url\":\"https:\\\/\\\/kt.gov.rs\\\/sq\\\/ne-jemi-e-gjith-bota-ne-bujanoc\\\/\",\"name\":\"\u201eNE JEMI E GJITH BOTA\u201c N\u00cb BUJANOC - Republika e S\u00ebrbis\u00eb Trupi Koordinues p\u00ebr komunat Bujanoc, Preshev\u00eb dhe Medvegj\u00eb\",\"isPartOf\":{\"@id\":\"https:\\\/\\\/kt.gov.rs\\\/#website\"},\"primaryImageOfPage\":{\"@id\":\"https:\\\/\\\/kt.gov.rs\\\/sq\\\/ne-jemi-e-gjith-bota-ne-bujanoc\\\/#primaryimage\"},\"image\":{\"@id\":\"https:\\\/\\\/kt.gov.rs\\\/sq\\\/ne-jemi-e-gjith-bota-ne-bujanoc\\\/#primaryimage\"},\"thumbnailUrl\":\"https:\\\/\\\/kt.gov.rs\\\/wp-content\\\/uploads\\\/2024\\\/07\\\/newspic478-5.jpg\",\"datePublished\":\"2010-12-09T00:00:00+00:00\",\"dateModified\":\"2024-07-30T20:21:27+00:00\",\"breadcrumb\":{\"@id\":\"https:\\\/\\\/kt.gov.rs\\\/sq\\\/ne-jemi-e-gjith-bota-ne-bujanoc\\\/#breadcrumb\"},\"inLanguage\":\"sq-AL\",\"potentialAction\":[{\"@type\":\"ReadAction\",\"target\":[\"https:\\\/\\\/kt.gov.rs\\\/sq\\\/ne-jemi-e-gjith-bota-ne-bujanoc\\\/\"]}]},{\"@type\":\"ImageObject\",\"inLanguage\":\"sq-AL\",\"@id\":\"https:\\\/\\\/kt.gov.rs\\\/sq\\\/ne-jemi-e-gjith-bota-ne-bujanoc\\\/#primaryimage\",\"url\":\"https:\\\/\\\/kt.gov.rs\\\/wp-content\\\/uploads\\\/2024\\\/07\\\/newspic478-5.jpg\",\"contentUrl\":\"https:\\\/\\\/kt.gov.rs\\\/wp-content\\\/uploads\\\/2024\\\/07\\\/newspic478-5.jpg\",\"width\":265,\"height\":200},{\"@type\":\"BreadcrumbList\",\"@id\":\"https:\\\/\\\/kt.gov.rs\\\/sq\\\/ne-jemi-e-gjith-bota-ne-bujanoc\\\/#breadcrumb\",\"itemListElement\":[{\"@type\":\"ListItem\",\"position\":1,\"name\":\"\u041f\u043e\u0447\u0435\u0442\u043d\u0430\",\"item\":\"https:\\\/\\\/kt.gov.rs\\\/sq\\\/\"},{\"@type\":\"ListItem\",\"position\":2,\"name\":\"\u201eNE JEMI E GJITH BOTA\u201c N\u00cb BUJANOC\"}]},{\"@type\":\"WebSite\",\"@id\":\"https:\\\/\\\/kt.gov.rs\\\/#website\",\"url\":\"https:\\\/\\\/kt.gov.rs\\\/\",\"name\":\"\u041a\u043e\u043e\u0440\u0434\u0438\u043d\u0430\u0446\u0438\u043e\u043d\u043e \u0442\u0435\u043b\u043e \u0412\u043b\u0430\u0434\u0435 \u0420\u0435\u043f\u0443\u0431\u043b\u0438\u043a\u0435 \u0421\u0440\u0431\u0438\u0458\u0435 \u0437\u0430 \u043e\u043f\u0448\u0442\u0438\u043d\u0435 \u041f\u0440\u0435\u0448\u0435\u0432\u043e, \u0411\u0443\u0458\u0430\u043d\u043e\u0432\u0430\u0446 \u0438 \u041c\u0435\u0434\u0432\u0435\u0452a\",\"description\":\"\",\"publisher\":{\"@id\":\"https:\\\/\\\/kt.gov.rs\\\/#organization\"},\"alternateName\":\"\u041a\u043e\u043e\u0440\u0434\u0438\u043d\u0430\u0446\u0438\u043e\u043d\u043e \u0442\u0435\u043b\u043e\",\"potentialAction\":[{\"@type\":\"SearchAction\",\"target\":{\"@type\":\"EntryPoint\",\"urlTemplate\":\"https:\\\/\\\/kt.gov.rs\\\/?s={search_term_string}\"},\"query-input\":{\"@type\":\"PropertyValueSpecification\",\"valueRequired\":true,\"valueName\":\"search_term_string\"}}],\"inLanguage\":\"sq-AL\"},{\"@type\":\"Organization\",\"@id\":\"https:\\\/\\\/kt.gov.rs\\\/#organization\",\"name\":\"\u041a\u043e\u043e\u0440\u0434\u0438\u043d\u0430\u0446\u0438\u043e\u043d\u043e \u0442\u0435\u043b\u043e \u0412\u043b\u0430\u0434\u0435 \u0420\u0435\u043f\u0443\u0431\u043b\u0438\u043a\u0435 \u0421\u0440\u0431\u0438\u0458\u0435 \u0437\u0430 \u043e\u043f\u0448\u0442\u0438\u043d\u0435 \u041f\u0440\u0435\u0448\u0435\u0432\u043e, \u0411\u0443\u0458\u0430\u043d\u043e\u0432\u0430\u0446 \u0438 \u041c\u0435\u0434\u0432\u0435\u0452a\",\"alternateName\":\"\u041a\u043e\u043e\u0440\u0434\u0438\u043d\u0430\u0446\u0438\u043e\u043d\u043e \u0442\u0435\u043b\u043e\",\"url\":\"https:\\\/\\\/kt.gov.rs\\\/\",\"logo\":{\"@type\":\"ImageObject\",\"inLanguage\":\"sq-AL\",\"@id\":\"https:\\\/\\\/kt.gov.rs\\\/#\\\/schema\\\/logo\\\/image\\\/\",\"url\":\"https:\\\/\\\/kt.gov.rs\\\/wp-content\\\/uploads\\\/2024\\\/12\\\/koord2.jpg\",\"contentUrl\":\"https:\\\/\\\/kt.gov.rs\\\/wp-content\\\/uploads\\\/2024\\\/12\\\/koord2.jpg\",\"width\":640,\"height\":480,\"caption\":\"\u041a\u043e\u043e\u0440\u0434\u0438\u043d\u0430\u0446\u0438\u043e\u043d\u043e \u0442\u0435\u043b\u043e \u0412\u043b\u0430\u0434\u0435 \u0420\u0435\u043f\u0443\u0431\u043b\u0438\u043a\u0435 \u0421\u0440\u0431\u0438\u0458\u0435 \u0437\u0430 \u043e\u043f\u0448\u0442\u0438\u043d\u0435 \u041f\u0440\u0435\u0448\u0435\u0432\u043e, \u0411\u0443\u0458\u0430\u043d\u043e\u0432\u0430\u0446 \u0438 \u041c\u0435\u0434\u0432\u0435\u0452a\"},\"image\":{\"@id\":\"https:\\\/\\\/kt.gov.rs\\\/#\\\/schema\\\/logo\\\/image\\\/\"},\"sameAs\":[\"https:\\\/\\\/www.facebook.com\\\/SluzbaKoordinacionogTelaVladeRepublikeSrbije\",\"https:\\\/\\\/x.com\\\/kt_gov\",\"https:\\\/\\\/www.youtube.com\\\/@koordinacionotelo\"]},{\"@type\":\"Person\",\"@id\":\"https:\\\/\\\/kt.gov.rs\\\/#\\\/schema\\\/person\\\/e426459ddb4173309103390602694571\",\"name\":\"ktmin\",\"image\":{\"@type\":\"ImageObject\",\"inLanguage\":\"sq-AL\",\"@id\":\"https:\\\/\\\/secure.gravatar.com\\\/avatar\\\/3985c961109853010c3fbc7ba30365bfba5db3dd6c525831d9c595c7525a615a?s=96&d=mm&r=g\",\"url\":\"https:\\\/\\\/secure.gravatar.com\\\/avatar\\\/3985c961109853010c3fbc7ba30365bfba5db3dd6c525831d9c595c7525a615a?s=96&d=mm&r=g\",\"contentUrl\":\"https:\\\/\\\/secure.gravatar.com\\\/avatar\\\/3985c961109853010c3fbc7ba30365bfba5db3dd6c525831d9c595c7525a615a?s=96&d=mm&r=g\",\"caption\":\"ktmin\"},\"sameAs\":[\"https:\\\/\\\/kt.gov.rs\"],\"url\":\"https:\\\/\\\/kt.gov.rs\\\/sq\\\/author\\\/ktmin\\\/\"}]}<\/script>\n<!-- \/ Yoast SEO plugin. -->","yoast_head_json":{"title":"\u201eNE JEMI E GJITH BOTA\u201c N\u00cb BUJANOC - Republika e S\u00ebrbis\u00eb Trupi Koordinues p\u00ebr komunat Bujanoc, Preshev\u00eb dhe Medvegj\u00eb","robots":{"index":"index","follow":"follow","max-snippet":"max-snippet:-1","max-image-preview":"max-image-preview:large","max-video-preview":"max-video-preview:-1"},"canonical":"https:\/\/kt.gov.rs\/sq\/ne-jemi-e-gjith-bota-ne-bujanoc\/","og_locale":"sq_AL","og_type":"article","og_title":"\u201eNE JEMI E GJITH BOTA\u201c N\u00cb BUJANOC - Republika e S\u00ebrbis\u00eb Trupi Koordinues p\u00ebr komunat Bujanoc, Preshev\u00eb dhe Medvegj\u00eb","og_description":"Kat\u00ebrmb\u00ebdhjet\u00eb nx\u00ebn\u00ebs t\u00eb shkollave t\u00eb mesme, Shqip\u00ebtar\u00eb, Serb\u00eb dhe Rom\u00eb nga Bujanoci dhe Presheva t\u00eb m\u00ebrkur\u00ebn m\u00eb 08 dhjetor\u00eb n\u00eb sall\u00ebn e mbushur plot me shikues kan\u00eb treguar se nj\u00eb bot\u00eb tjet\u00ebr \u00ebsht\u00eb e mundur. Gjat\u00eb 90 minuta \u00e7faqjeje, k\u00ebta t\u00eb rinj\u00eb treguan se shoq\u00ebrimi, dashuria dhe toleranca bashkojn\u00eb dhe na b\u00ebjn\u00eb t\u00eb lumtur. Ata d\u00ebrguan mesazhin se shoq\u00ebrimi n\u00eb mes t\u00eb etniteteve, religjioneve, dallimeve gjuh\u00ebsore dhe prejardhjeve t\u00eb ndryshme kulturore \u00ebsht\u00eb i mundur dhe se kjo \u00ebsht\u00eb nj\u00eb lidhje kyqe p\u00ebr mar\u00ebdh\u00ebniet nd\u00ebretnike.","og_url":"https:\/\/kt.gov.rs\/sq\/ne-jemi-e-gjith-bota-ne-bujanoc\/","og_site_name":"Republika e S\u00ebrbis\u00eb Trupi Koordinues p\u00ebr komunat Bujanoc, Preshev\u00eb dhe Medvegj\u00eb","article_publisher":"https:\/\/www.facebook.com\/SluzbaKoordinacionogTelaVladeRepublikeSrbije","article_published_time":"2010-12-09T00:00:00+00:00","article_modified_time":"2024-07-30T20:21:27+00:00","og_image":[{"width":265,"height":200,"url":"https:\/\/kt.gov.rs\/wp-content\/uploads\/2024\/07\/newspic478-5.jpg","type":"image\/jpeg"}],"author":"ktmin","twitter_card":"summary_large_image","twitter_creator":"@kt_gov","twitter_site":"@kt_gov","twitter_misc":{"Written by":"ktmin","Est. reading time":"2 minutes"},"schema":{"@context":"https:\/\/schema.org","@graph":[{"@type":"Article","@id":"https:\/\/kt.gov.rs\/sq\/ne-jemi-e-gjith-bota-ne-bujanoc\/#article","isPartOf":{"@id":"https:\/\/kt.gov.rs\/sq\/ne-jemi-e-gjith-bota-ne-bujanoc\/"},"author":{"name":"ktmin","@id":"https:\/\/kt.gov.rs\/#\/schema\/person\/e426459ddb4173309103390602694571"},"headline":"\u201eNE JEMI E GJITH BOTA\u201c N\u00cb BUJANOC","datePublished":"2010-12-09T00:00:00+00:00","dateModified":"2024-07-30T20:21:27+00:00","mainEntityOfPage":{"@id":"https:\/\/kt.gov.rs\/sq\/ne-jemi-e-gjith-bota-ne-bujanoc\/"},"wordCount":464,"publisher":{"@id":"https:\/\/kt.gov.rs\/#organization"},"image":{"@id":"https:\/\/kt.gov.rs\/sq\/ne-jemi-e-gjith-bota-ne-bujanoc\/#primaryimage"},"thumbnailUrl":"https:\/\/kt.gov.rs\/wp-content\/uploads\/2024\/07\/newspic478-5.jpg","articleSection":["Lajme"],"inLanguage":"sq-AL"},{"@type":"WebPage","@id":"https:\/\/kt.gov.rs\/sq\/ne-jemi-e-gjith-bota-ne-bujanoc\/","url":"https:\/\/kt.gov.rs\/sq\/ne-jemi-e-gjith-bota-ne-bujanoc\/","name":"\u201eNE JEMI E GJITH BOTA\u201c N\u00cb BUJANOC - Republika e S\u00ebrbis\u00eb Trupi Koordinues p\u00ebr komunat Bujanoc, Preshev\u00eb dhe Medvegj\u00eb","isPartOf":{"@id":"https:\/\/kt.gov.rs\/#website"},"primaryImageOfPage":{"@id":"https:\/\/kt.gov.rs\/sq\/ne-jemi-e-gjith-bota-ne-bujanoc\/#primaryimage"},"image":{"@id":"https:\/\/kt.gov.rs\/sq\/ne-jemi-e-gjith-bota-ne-bujanoc\/#primaryimage"},"thumbnailUrl":"https:\/\/kt.gov.rs\/wp-content\/uploads\/2024\/07\/newspic478-5.jpg","datePublished":"2010-12-09T00:00:00+00:00","dateModified":"2024-07-30T20:21:27+00:00","breadcrumb":{"@id":"https:\/\/kt.gov.rs\/sq\/ne-jemi-e-gjith-bota-ne-bujanoc\/#breadcrumb"},"inLanguage":"sq-AL","potentialAction":[{"@type":"ReadAction","target":["https:\/\/kt.gov.rs\/sq\/ne-jemi-e-gjith-bota-ne-bujanoc\/"]}]},{"@type":"ImageObject","inLanguage":"sq-AL","@id":"https:\/\/kt.gov.rs\/sq\/ne-jemi-e-gjith-bota-ne-bujanoc\/#primaryimage","url":"https:\/\/kt.gov.rs\/wp-content\/uploads\/2024\/07\/newspic478-5.jpg","contentUrl":"https:\/\/kt.gov.rs\/wp-content\/uploads\/2024\/07\/newspic478-5.jpg","width":265,"height":200},{"@type":"BreadcrumbList","@id":"https:\/\/kt.gov.rs\/sq\/ne-jemi-e-gjith-bota-ne-bujanoc\/#breadcrumb","itemListElement":[{"@type":"ListItem","position":1,"name":"\u041f\u043e\u0447\u0435\u0442\u043d\u0430","item":"https:\/\/kt.gov.rs\/sq\/"},{"@type":"ListItem","position":2,"name":"\u201eNE JEMI E GJITH BOTA\u201c N\u00cb BUJANOC"}]},{"@type":"WebSite","@id":"https:\/\/kt.gov.rs\/#website","url":"https:\/\/kt.gov.rs\/","name":"\u041a\u043e\u043e\u0440\u0434\u0438\u043d\u0430\u0446\u0438\u043e\u043d\u043e \u0442\u0435\u043b\u043e \u0412\u043b\u0430\u0434\u0435 \u0420\u0435\u043f\u0443\u0431\u043b\u0438\u043a\u0435 \u0421\u0440\u0431\u0438\u0458\u0435 \u0437\u0430 \u043e\u043f\u0448\u0442\u0438\u043d\u0435 \u041f\u0440\u0435\u0448\u0435\u0432\u043e, \u0411\u0443\u0458\u0430\u043d\u043e\u0432\u0430\u0446 \u0438 \u041c\u0435\u0434\u0432\u0435\u0452a","description":"","publisher":{"@id":"https:\/\/kt.gov.rs\/#organization"},"alternateName":"\u041a\u043e\u043e\u0440\u0434\u0438\u043d\u0430\u0446\u0438\u043e\u043d\u043e \u0442\u0435\u043b\u043e","potentialAction":[{"@type":"SearchAction","target":{"@type":"EntryPoint","urlTemplate":"https:\/\/kt.gov.rs\/?s={search_term_string}"},"query-input":{"@type":"PropertyValueSpecification","valueRequired":true,"valueName":"search_term_string"}}],"inLanguage":"sq-AL"},{"@type":"Organization","@id":"https:\/\/kt.gov.rs\/#organization","name":"\u041a\u043e\u043e\u0440\u0434\u0438\u043d\u0430\u0446\u0438\u043e\u043d\u043e \u0442\u0435\u043b\u043e \u0412\u043b\u0430\u0434\u0435 \u0420\u0435\u043f\u0443\u0431\u043b\u0438\u043a\u0435 \u0421\u0440\u0431\u0438\u0458\u0435 \u0437\u0430 \u043e\u043f\u0448\u0442\u0438\u043d\u0435 \u041f\u0440\u0435\u0448\u0435\u0432\u043e, \u0411\u0443\u0458\u0430\u043d\u043e\u0432\u0430\u0446 \u0438 \u041c\u0435\u0434\u0432\u0435\u0452a","alternateName":"\u041a\u043e\u043e\u0440\u0434\u0438\u043d\u0430\u0446\u0438\u043e\u043d\u043e \u0442\u0435\u043b\u043e","url":"https:\/\/kt.gov.rs\/","logo":{"@type":"ImageObject","inLanguage":"sq-AL","@id":"https:\/\/kt.gov.rs\/#\/schema\/logo\/image\/","url":"https:\/\/kt.gov.rs\/wp-content\/uploads\/2024\/12\/koord2.jpg","contentUrl":"https:\/\/kt.gov.rs\/wp-content\/uploads\/2024\/12\/koord2.jpg","width":640,"height":480,"caption":"\u041a\u043e\u043e\u0440\u0434\u0438\u043d\u0430\u0446\u0438\u043e\u043d\u043e \u0442\u0435\u043b\u043e \u0412\u043b\u0430\u0434\u0435 \u0420\u0435\u043f\u0443\u0431\u043b\u0438\u043a\u0435 \u0421\u0440\u0431\u0438\u0458\u0435 \u0437\u0430 \u043e\u043f\u0448\u0442\u0438\u043d\u0435 \u041f\u0440\u0435\u0448\u0435\u0432\u043e, \u0411\u0443\u0458\u0430\u043d\u043e\u0432\u0430\u0446 \u0438 \u041c\u0435\u0434\u0432\u0435\u0452a"},"image":{"@id":"https:\/\/kt.gov.rs\/#\/schema\/logo\/image\/"},"sameAs":["https:\/\/www.facebook.com\/SluzbaKoordinacionogTelaVladeRepublikeSrbije","https:\/\/x.com\/kt_gov","https:\/\/www.youtube.com\/@koordinacionotelo"]},{"@type":"Person","@id":"https:\/\/kt.gov.rs\/#\/schema\/person\/e426459ddb4173309103390602694571","name":"ktmin","image":{"@type":"ImageObject","inLanguage":"sq-AL","@id":"https:\/\/secure.gravatar.com\/avatar\/3985c961109853010c3fbc7ba30365bfba5db3dd6c525831d9c595c7525a615a?s=96&d=mm&r=g","url":"https:\/\/secure.gravatar.com\/avatar\/3985c961109853010c3fbc7ba30365bfba5db3dd6c525831d9c595c7525a615a?s=96&d=mm&r=g","contentUrl":"https:\/\/secure.gravatar.com\/avatar\/3985c961109853010c3fbc7ba30365bfba5db3dd6c525831d9c595c7525a615a?s=96&d=mm&r=g","caption":"ktmin"},"sameAs":["https:\/\/kt.gov.rs"],"url":"https:\/\/kt.gov.rs\/sq\/author\/ktmin\/"}]}},"_links":{"self":[{"href":"https:\/\/kt.gov.rs\/sq\/wp-json\/wp\/v2\/posts\/142449","targetHints":{"allow":["GET"]}}],"collection":[{"href":"https:\/\/kt.gov.rs\/sq\/wp-json\/wp\/v2\/posts"}],"about":[{"href":"https:\/\/kt.gov.rs\/sq\/wp-json\/wp\/v2\/types\/post"}],"author":[{"embeddable":true,"href":"https:\/\/kt.gov.rs\/sq\/wp-json\/wp\/v2\/users\/1"}],"replies":[{"embeddable":true,"href":"https:\/\/kt.gov.rs\/sq\/wp-json\/wp\/v2\/comments?post=142449"}],"version-history":[{"count":1,"href":"https:\/\/kt.gov.rs\/sq\/wp-json\/wp\/v2\/posts\/142449\/revisions"}],"predecessor-version":[{"id":142456,"href":"https:\/\/kt.gov.rs\/sq\/wp-json\/wp\/v2\/posts\/142449\/revisions\/142456"}],"wp:featuredmedia":[{"embeddable":true,"href":"https:\/\/kt.gov.rs\/sq\/wp-json\/wp\/v2\/media\/142457"}],"wp:attachment":[{"href":"https:\/\/kt.gov.rs\/sq\/wp-json\/wp\/v2\/media?parent=142449"}],"wp:term":[{"taxonomy":"category","embeddable":true,"href":"https:\/\/kt.gov.rs\/sq\/wp-json\/wp\/v2\/categories?post=142449"},{"taxonomy":"post_tag","embeddable":true,"href":"https:\/\/kt.gov.rs\/sq\/wp-json\/wp\/v2\/tags?post=142449"}],"curies":[{"name":"wp","href":"https:\/\/api.w.org\/{rel}","templated":true}]}}