{"id":142433,"date":"2011-01-20T00:00:00","date_gmt":"2011-01-20T00:00:00","guid":{"rendered":"http:\/\/kt.printandscreen.rs\/20-janar-2010\/"},"modified":"2011-01-20T00:00:00","modified_gmt":"2011-01-20T00:00:00","slug":"20-janar-2010","status":"publish","type":"post","link":"https:\/\/kt.gov.rs\/sq\/20-janar-2010\/","title":{"rendered":"20. janar. 2010"},"content":{"rendered":"<p><strong>Q\u00ebllimi i Trupit Koordinues \u00ebsht\u00eb jeta m\u00eb e mir\u00eb dhe m\u00eb kualitative <\/strong><\/p>\n<p>\n<strong>Beograd<\/strong> \u2013 Me q\u00ebllim t\u00eb sigurimit t\u00eb paqes, nd\u00ebrsa tash n\u00eb sh\u00ebrbim t\u00eb jet\u00ebs dhe kualitetit m\u00eb t\u00eb mir\u00eb n\u00eb at\u00eb pjes\u00eb t\u00eb Serbis\u00eb, m\u00eb 16 dhjetor\u00eb t\u00eb vitit 2002 n\u00eb Bujanoc, n\u00eb takimin e p\u00ebrbashk\u00ebt t\u00eb qeveris\u00eb s\u00eb RF t\u00eb Jugosllavis\u00eb dhe Qeveris\u00eb s\u00eb Republik\u00ebs s\u00eb Serbis\u00eb \u00ebsht\u00eb formuar Trupi Koordinues i Qeveris\u00eb s\u00eb Republik\u00ebs s\u00eb Serbis\u00eb p\u00ebr komunat Preshev\u00eb, Bujanoc dhe Medvegj\u00eb.<\/p>\n<p>Kryetari i par\u00eb i k\u00ebtij trupi ka qen\u00eb Nebojsha \u00c7oviq i cili k\u00ebt\u00eb funksion e ka kryer q\u00eb nga dhjetori i vitit 2000 deri n\u00eb gusht t\u00eb vitit 2005, pastaj Rasim Lajiq prej shtatorit t\u00eb vitit 2005 deri n\u00eb gusht t\u00eb vitit 2008 nd\u00ebrsa n\u00eb shtator\u00eb t\u00eb vitit 2008 si kryeatar\u00eb i Trupit Koordinues \u00ebsht\u00eb zgjedhur Milan Markoviq i cili nj\u00ebherit \u00ebsht\u00eb kryetar\u00eb i pushtetit lokal dhe vet\u00ebqeverisjes lokale.<\/p>\n<p>Drejtori i Sh\u00ebrbimit t\u00eb Trupit Koordinues p\u00ebr k\u00ebto tri komuna Nenad Gjurgjeviq theksoi se n\u00eb momentin e formimit, si prioritet i Qeveris\u00eb ka qen\u00eb siguria n\u00eb Serbin\u00eb jugore, nd\u00ebrsa sot si prioritet \u00ebsht\u00eb zhvillimi i infrastruktur\u00ebs, krijimi i kushteve p\u00ebr arsimim dhe jet\u00eb m\u00eb t\u00eb mir\u00eb p\u00ebr qytetar\u00ebt e t\u00eb gjitha komuniteteve n\u00eb komunat Preshev\u00eb, Bujanoc dhe Medvegj\u00eb.<\/p>\n<p>,,\u00c7el\u00ebsi i aktiviteteve tona n\u00eb vitet e ardhshme do t\u00eb jet\u00eb arsimimi i rinis\u00eb. Vitin e ardhsh\u00ebm do t\u00eb hapet paralelja e fakultetit t\u00eb Nishit n\u00eb Bujanoc dhe Preshev\u00eb\u2019\u2019, theksoi Gjurgjeviq, duke p\u00ebrkujtuar se vitin e kaluar n\u00eb Medvegj\u00eb \u00ebsht\u00eb hapur paralelja e fakultetit t\u00eb drejt\u00ebsis\u00eb dhe fakultetit ekonomik.<\/p>\n<p>Gjurgjeviq si sukses t\u00eb madh p\u00ebrmendi edhe formimin e pushtetit multietnik n\u00eb Bujanoc n\u00eb tetor\u00eb t\u00eb vitit 2010 dhe pret q\u00eb nj\u00eb\u00a0 gj\u00eb e till\u00eb do t\u00eb arrihet edhe n\u00eb Preshev\u00eb.<\/p>\n<p>,,P\u00ebr ne \u00ebsht\u00eb me r\u00ebnd\u00ebsi komunikimi jo vet\u00ebm partive shqip\u00ebtare dhe pushtetit lokal por i t\u00eb gjith\u00eb qytetar\u00ebve n\u00eb drejtim t\u00eb institucioneve t\u00eb Serbis\u00eb Qendrore dhe Vojvodin\u00ebs\u2019\u2019, theksoi Gjurgjeviq.<\/p>\n<p>Sipas fjal\u00ebve t\u00eb tij\u00eb, Trupi Koordinues ka luajtur nj\u00eb rol t\u00eb r\u00ebnd\u00ebsish\u00ebm p\u00ebr formimin e K\u00ebshillit Nacional t\u00eb Shqip\u00ebtar\u00ebve n\u00eb gusht t\u00eb vitit t\u00eb kaluar dhe kjo paraqet nj\u00eb hallk\u00eb lidh\u00ebse n\u00eb mes t\u00eb komunitetit Shqip\u00ebtar\u00eb dhe institucioneve n\u00eb Beograd apo Qeveris\u00eb s\u00eb Republik\u00ebs s\u00eb Serbis\u00eb.<\/p>\n","protected":false},"excerpt":{"rendered":"<p>Q\u00ebllimi i Trupit Koordinues \u00ebsht\u00eb jeta m\u00eb e mir\u00eb dhe m\u00eb kualitative <\/p>\n<p>Beograd \u2013 Me q\u00ebllim t\u00eb sigurimit t\u00eb paqes, nd\u00ebrsa tash n\u00eb sh\u00ebrbim t\u00eb jet\u00ebs dhe kualitetit m\u00eb t\u00eb mir\u00eb n\u00eb at\u00eb pjes\u00eb t\u00eb Serbis\u00eb, m\u00eb 16 dhjetor\u00eb t\u00eb vitit 2002 n\u00eb Bujanoc, n\u00eb takimin e p\u00ebrbashk\u00ebt t\u00eb qeveris\u00eb s\u00eb RF t\u00eb Jugosllavis\u00eb dhe Qeveris\u00eb s\u00eb Republik\u00ebs s\u00eb Serbis\u00eb \u00ebsht\u00eb formuar Trupi Koordinues i Qeveris\u00eb s\u00eb Republik\u00ebs s\u00eb Serbis\u00eb p\u00ebr komunat Preshev\u00eb, Bujanoc dhe Medvegj\u00eb.<\/p>\n","protected":false},"author":1,"featured_media":0,"comment_status":"closed","ping_status":"closed","sticky":false,"template":"","format":"standard","meta":{"footnotes":""},"categories":[55],"tags":[],"class_list":["post-142433","post","type-post","status-publish","format-standard","hentry","category-lajme"],"yoast_head":"<!-- This site is optimized with the Yoast SEO plugin v27.5 - https:\/\/yoast.com\/product\/yoast-seo-wordpress\/ -->\n<title>20. janar. 2010 - Republika e S\u00ebrbis\u00eb Trupi Koordinues p\u00ebr komunat Bujanoc, Preshev\u00eb dhe Medvegj\u00eb<\/title>\n<meta name=\"robots\" content=\"index, follow, max-snippet:-1, max-image-preview:large, max-video-preview:-1\" \/>\n<link rel=\"canonical\" href=\"https:\/\/kt.gov.rs\/sq\/20-janar-2010\/\" \/>\n<meta property=\"og:locale\" content=\"sq_AL\" \/>\n<meta property=\"og:type\" content=\"article\" \/>\n<meta property=\"og:title\" content=\"20. janar. 2010 - Republika e S\u00ebrbis\u00eb Trupi Koordinues p\u00ebr komunat Bujanoc, Preshev\u00eb dhe Medvegj\u00eb\" \/>\n<meta property=\"og:description\" content=\"Q\u00ebllimi i Trupit Koordinues \u00ebsht\u00eb jeta m\u00eb e mir\u00eb dhe m\u00eb kualitative  Beograd \u2013 Me q\u00ebllim t\u00eb sigurimit t\u00eb paqes, nd\u00ebrsa tash n\u00eb sh\u00ebrbim t\u00eb jet\u00ebs dhe kualitetit m\u00eb t\u00eb mir\u00eb n\u00eb at\u00eb pjes\u00eb t\u00eb Serbis\u00eb, m\u00eb 16 dhjetor\u00eb t\u00eb vitit 2002 n\u00eb Bujanoc, n\u00eb takimin e p\u00ebrbashk\u00ebt t\u00eb qeveris\u00eb s\u00eb RF t\u00eb Jugosllavis\u00eb dhe Qeveris\u00eb s\u00eb Republik\u00ebs s\u00eb Serbis\u00eb \u00ebsht\u00eb formuar Trupi Koordinues i Qeveris\u00eb s\u00eb Republik\u00ebs s\u00eb Serbis\u00eb p\u00ebr komunat Preshev\u00eb, Bujanoc dhe Medvegj\u00eb.\" \/>\n<meta property=\"og:url\" content=\"https:\/\/kt.gov.rs\/sq\/20-janar-2010\/\" \/>\n<meta property=\"og:site_name\" content=\"Republika e S\u00ebrbis\u00eb Trupi Koordinues p\u00ebr komunat Bujanoc, Preshev\u00eb dhe Medvegj\u00eb\" \/>\n<meta property=\"article:publisher\" content=\"https:\/\/www.facebook.com\/SluzbaKoordinacionogTelaVladeRepublikeSrbije\" \/>\n<meta property=\"article:published_time\" content=\"2011-01-20T00:00:00+00:00\" \/>\n<meta name=\"author\" content=\"ktmin\" \/>\n<meta name=\"twitter:card\" content=\"summary_large_image\" \/>\n<meta name=\"twitter:creator\" content=\"@kt_gov\" \/>\n<meta name=\"twitter:site\" content=\"@kt_gov\" \/>\n<meta name=\"twitter:label1\" content=\"Written by\" \/>\n\t<meta name=\"twitter:data1\" content=\"ktmin\" \/>\n\t<meta name=\"twitter:label2\" content=\"Est. reading time\" \/>\n\t<meta name=\"twitter:data2\" content=\"2 minutes\" \/>\n<script type=\"application\/ld+json\" class=\"yoast-schema-graph\">{\"@context\":\"https:\\\/\\\/schema.org\",\"@graph\":[{\"@type\":\"Article\",\"@id\":\"https:\\\/\\\/kt.gov.rs\\\/sq\\\/20-janar-2010\\\/#article\",\"isPartOf\":{\"@id\":\"https:\\\/\\\/kt.gov.rs\\\/sq\\\/20-janar-2010\\\/\"},\"author\":{\"name\":\"ktmin\",\"@id\":\"https:\\\/\\\/kt.gov.rs\\\/#\\\/schema\\\/person\\\/e426459ddb4173309103390602694571\"},\"headline\":\"20. janar. 2010\",\"datePublished\":\"2011-01-20T00:00:00+00:00\",\"mainEntityOfPage\":{\"@id\":\"https:\\\/\\\/kt.gov.rs\\\/sq\\\/20-janar-2010\\\/\"},\"wordCount\":402,\"publisher\":{\"@id\":\"https:\\\/\\\/kt.gov.rs\\\/#organization\"},\"articleSection\":[\"Lajme\"],\"inLanguage\":\"sq-AL\"},{\"@type\":\"WebPage\",\"@id\":\"https:\\\/\\\/kt.gov.rs\\\/sq\\\/20-janar-2010\\\/\",\"url\":\"https:\\\/\\\/kt.gov.rs\\\/sq\\\/20-janar-2010\\\/\",\"name\":\"20. janar. 2010 - Republika e S\u00ebrbis\u00eb Trupi Koordinues p\u00ebr komunat Bujanoc, Preshev\u00eb dhe Medvegj\u00eb\",\"isPartOf\":{\"@id\":\"https:\\\/\\\/kt.gov.rs\\\/#website\"},\"datePublished\":\"2011-01-20T00:00:00+00:00\",\"breadcrumb\":{\"@id\":\"https:\\\/\\\/kt.gov.rs\\\/sq\\\/20-janar-2010\\\/#breadcrumb\"},\"inLanguage\":\"sq-AL\",\"potentialAction\":[{\"@type\":\"ReadAction\",\"target\":[\"https:\\\/\\\/kt.gov.rs\\\/sq\\\/20-janar-2010\\\/\"]}]},{\"@type\":\"BreadcrumbList\",\"@id\":\"https:\\\/\\\/kt.gov.rs\\\/sq\\\/20-janar-2010\\\/#breadcrumb\",\"itemListElement\":[{\"@type\":\"ListItem\",\"position\":1,\"name\":\"\u041f\u043e\u0447\u0435\u0442\u043d\u0430\",\"item\":\"https:\\\/\\\/kt.gov.rs\\\/sq\\\/\"},{\"@type\":\"ListItem\",\"position\":2,\"name\":\"20. janar. 2010\"}]},{\"@type\":\"WebSite\",\"@id\":\"https:\\\/\\\/kt.gov.rs\\\/#website\",\"url\":\"https:\\\/\\\/kt.gov.rs\\\/\",\"name\":\"\u041a\u043e\u043e\u0440\u0434\u0438\u043d\u0430\u0446\u0438\u043e\u043d\u043e \u0442\u0435\u043b\u043e \u0412\u043b\u0430\u0434\u0435 \u0420\u0435\u043f\u0443\u0431\u043b\u0438\u043a\u0435 \u0421\u0440\u0431\u0438\u0458\u0435 \u0437\u0430 \u043e\u043f\u0448\u0442\u0438\u043d\u0435 \u041f\u0440\u0435\u0448\u0435\u0432\u043e, \u0411\u0443\u0458\u0430\u043d\u043e\u0432\u0430\u0446 \u0438 \u041c\u0435\u0434\u0432\u0435\u0452a\",\"description\":\"\",\"publisher\":{\"@id\":\"https:\\\/\\\/kt.gov.rs\\\/#organization\"},\"alternateName\":\"\u041a\u043e\u043e\u0440\u0434\u0438\u043d\u0430\u0446\u0438\u043e\u043d\u043e \u0442\u0435\u043b\u043e\",\"potentialAction\":[{\"@type\":\"SearchAction\",\"target\":{\"@type\":\"EntryPoint\",\"urlTemplate\":\"https:\\\/\\\/kt.gov.rs\\\/?s={search_term_string}\"},\"query-input\":{\"@type\":\"PropertyValueSpecification\",\"valueRequired\":true,\"valueName\":\"search_term_string\"}}],\"inLanguage\":\"sq-AL\"},{\"@type\":\"Organization\",\"@id\":\"https:\\\/\\\/kt.gov.rs\\\/#organization\",\"name\":\"\u041a\u043e\u043e\u0440\u0434\u0438\u043d\u0430\u0446\u0438\u043e\u043d\u043e \u0442\u0435\u043b\u043e \u0412\u043b\u0430\u0434\u0435 \u0420\u0435\u043f\u0443\u0431\u043b\u0438\u043a\u0435 \u0421\u0440\u0431\u0438\u0458\u0435 \u0437\u0430 \u043e\u043f\u0448\u0442\u0438\u043d\u0435 \u041f\u0440\u0435\u0448\u0435\u0432\u043e, \u0411\u0443\u0458\u0430\u043d\u043e\u0432\u0430\u0446 \u0438 \u041c\u0435\u0434\u0432\u0435\u0452a\",\"alternateName\":\"\u041a\u043e\u043e\u0440\u0434\u0438\u043d\u0430\u0446\u0438\u043e\u043d\u043e \u0442\u0435\u043b\u043e\",\"url\":\"https:\\\/\\\/kt.gov.rs\\\/\",\"logo\":{\"@type\":\"ImageObject\",\"inLanguage\":\"sq-AL\",\"@id\":\"https:\\\/\\\/kt.gov.rs\\\/#\\\/schema\\\/logo\\\/image\\\/\",\"url\":\"https:\\\/\\\/kt.gov.rs\\\/wp-content\\\/uploads\\\/2024\\\/12\\\/koord2.jpg\",\"contentUrl\":\"https:\\\/\\\/kt.gov.rs\\\/wp-content\\\/uploads\\\/2024\\\/12\\\/koord2.jpg\",\"width\":640,\"height\":480,\"caption\":\"\u041a\u043e\u043e\u0440\u0434\u0438\u043d\u0430\u0446\u0438\u043e\u043d\u043e \u0442\u0435\u043b\u043e \u0412\u043b\u0430\u0434\u0435 \u0420\u0435\u043f\u0443\u0431\u043b\u0438\u043a\u0435 \u0421\u0440\u0431\u0438\u0458\u0435 \u0437\u0430 \u043e\u043f\u0448\u0442\u0438\u043d\u0435 \u041f\u0440\u0435\u0448\u0435\u0432\u043e, \u0411\u0443\u0458\u0430\u043d\u043e\u0432\u0430\u0446 \u0438 \u041c\u0435\u0434\u0432\u0435\u0452a\"},\"image\":{\"@id\":\"https:\\\/\\\/kt.gov.rs\\\/#\\\/schema\\\/logo\\\/image\\\/\"},\"sameAs\":[\"https:\\\/\\\/www.facebook.com\\\/SluzbaKoordinacionogTelaVladeRepublikeSrbije\",\"https:\\\/\\\/x.com\\\/kt_gov\",\"https:\\\/\\\/www.youtube.com\\\/@koordinacionotelo\"]},{\"@type\":\"Person\",\"@id\":\"https:\\\/\\\/kt.gov.rs\\\/#\\\/schema\\\/person\\\/e426459ddb4173309103390602694571\",\"name\":\"ktmin\",\"image\":{\"@type\":\"ImageObject\",\"inLanguage\":\"sq-AL\",\"@id\":\"https:\\\/\\\/secure.gravatar.com\\\/avatar\\\/3985c961109853010c3fbc7ba30365bfba5db3dd6c525831d9c595c7525a615a?s=96&d=mm&r=g\",\"url\":\"https:\\\/\\\/secure.gravatar.com\\\/avatar\\\/3985c961109853010c3fbc7ba30365bfba5db3dd6c525831d9c595c7525a615a?s=96&d=mm&r=g\",\"contentUrl\":\"https:\\\/\\\/secure.gravatar.com\\\/avatar\\\/3985c961109853010c3fbc7ba30365bfba5db3dd6c525831d9c595c7525a615a?s=96&d=mm&r=g\",\"caption\":\"ktmin\"},\"sameAs\":[\"https:\\\/\\\/kt.gov.rs\"],\"url\":\"https:\\\/\\\/kt.gov.rs\\\/sq\\\/author\\\/ktmin\\\/\"}]}<\/script>\n<!-- \/ Yoast SEO plugin. -->","yoast_head_json":{"title":"20. janar. 2010 - Republika e S\u00ebrbis\u00eb Trupi Koordinues p\u00ebr komunat Bujanoc, Preshev\u00eb dhe Medvegj\u00eb","robots":{"index":"index","follow":"follow","max-snippet":"max-snippet:-1","max-image-preview":"max-image-preview:large","max-video-preview":"max-video-preview:-1"},"canonical":"https:\/\/kt.gov.rs\/sq\/20-janar-2010\/","og_locale":"sq_AL","og_type":"article","og_title":"20. janar. 2010 - Republika e S\u00ebrbis\u00eb Trupi Koordinues p\u00ebr komunat Bujanoc, Preshev\u00eb dhe Medvegj\u00eb","og_description":"Q\u00ebllimi i Trupit Koordinues \u00ebsht\u00eb jeta m\u00eb e mir\u00eb dhe m\u00eb kualitative  Beograd \u2013 Me q\u00ebllim t\u00eb sigurimit t\u00eb paqes, nd\u00ebrsa tash n\u00eb sh\u00ebrbim t\u00eb jet\u00ebs dhe kualitetit m\u00eb t\u00eb mir\u00eb n\u00eb at\u00eb pjes\u00eb t\u00eb Serbis\u00eb, m\u00eb 16 dhjetor\u00eb t\u00eb vitit 2002 n\u00eb Bujanoc, n\u00eb takimin e p\u00ebrbashk\u00ebt t\u00eb qeveris\u00eb s\u00eb RF t\u00eb Jugosllavis\u00eb dhe Qeveris\u00eb s\u00eb Republik\u00ebs s\u00eb Serbis\u00eb \u00ebsht\u00eb formuar Trupi Koordinues i Qeveris\u00eb s\u00eb Republik\u00ebs s\u00eb Serbis\u00eb p\u00ebr komunat Preshev\u00eb, Bujanoc dhe Medvegj\u00eb.","og_url":"https:\/\/kt.gov.rs\/sq\/20-janar-2010\/","og_site_name":"Republika e S\u00ebrbis\u00eb Trupi Koordinues p\u00ebr komunat Bujanoc, Preshev\u00eb dhe Medvegj\u00eb","article_publisher":"https:\/\/www.facebook.com\/SluzbaKoordinacionogTelaVladeRepublikeSrbije","article_published_time":"2011-01-20T00:00:00+00:00","author":"ktmin","twitter_card":"summary_large_image","twitter_creator":"@kt_gov","twitter_site":"@kt_gov","twitter_misc":{"Written by":"ktmin","Est. reading time":"2 minutes"},"schema":{"@context":"https:\/\/schema.org","@graph":[{"@type":"Article","@id":"https:\/\/kt.gov.rs\/sq\/20-janar-2010\/#article","isPartOf":{"@id":"https:\/\/kt.gov.rs\/sq\/20-janar-2010\/"},"author":{"name":"ktmin","@id":"https:\/\/kt.gov.rs\/#\/schema\/person\/e426459ddb4173309103390602694571"},"headline":"20. janar. 2010","datePublished":"2011-01-20T00:00:00+00:00","mainEntityOfPage":{"@id":"https:\/\/kt.gov.rs\/sq\/20-janar-2010\/"},"wordCount":402,"publisher":{"@id":"https:\/\/kt.gov.rs\/#organization"},"articleSection":["Lajme"],"inLanguage":"sq-AL"},{"@type":"WebPage","@id":"https:\/\/kt.gov.rs\/sq\/20-janar-2010\/","url":"https:\/\/kt.gov.rs\/sq\/20-janar-2010\/","name":"20. janar. 2010 - Republika e S\u00ebrbis\u00eb Trupi Koordinues p\u00ebr komunat Bujanoc, Preshev\u00eb dhe Medvegj\u00eb","isPartOf":{"@id":"https:\/\/kt.gov.rs\/#website"},"datePublished":"2011-01-20T00:00:00+00:00","breadcrumb":{"@id":"https:\/\/kt.gov.rs\/sq\/20-janar-2010\/#breadcrumb"},"inLanguage":"sq-AL","potentialAction":[{"@type":"ReadAction","target":["https:\/\/kt.gov.rs\/sq\/20-janar-2010\/"]}]},{"@type":"BreadcrumbList","@id":"https:\/\/kt.gov.rs\/sq\/20-janar-2010\/#breadcrumb","itemListElement":[{"@type":"ListItem","position":1,"name":"\u041f\u043e\u0447\u0435\u0442\u043d\u0430","item":"https:\/\/kt.gov.rs\/sq\/"},{"@type":"ListItem","position":2,"name":"20. janar. 2010"}]},{"@type":"WebSite","@id":"https:\/\/kt.gov.rs\/#website","url":"https:\/\/kt.gov.rs\/","name":"\u041a\u043e\u043e\u0440\u0434\u0438\u043d\u0430\u0446\u0438\u043e\u043d\u043e \u0442\u0435\u043b\u043e \u0412\u043b\u0430\u0434\u0435 \u0420\u0435\u043f\u0443\u0431\u043b\u0438\u043a\u0435 \u0421\u0440\u0431\u0438\u0458\u0435 \u0437\u0430 \u043e\u043f\u0448\u0442\u0438\u043d\u0435 \u041f\u0440\u0435\u0448\u0435\u0432\u043e, \u0411\u0443\u0458\u0430\u043d\u043e\u0432\u0430\u0446 \u0438 \u041c\u0435\u0434\u0432\u0435\u0452a","description":"","publisher":{"@id":"https:\/\/kt.gov.rs\/#organization"},"alternateName":"\u041a\u043e\u043e\u0440\u0434\u0438\u043d\u0430\u0446\u0438\u043e\u043d\u043e \u0442\u0435\u043b\u043e","potentialAction":[{"@type":"SearchAction","target":{"@type":"EntryPoint","urlTemplate":"https:\/\/kt.gov.rs\/?s={search_term_string}"},"query-input":{"@type":"PropertyValueSpecification","valueRequired":true,"valueName":"search_term_string"}}],"inLanguage":"sq-AL"},{"@type":"Organization","@id":"https:\/\/kt.gov.rs\/#organization","name":"\u041a\u043e\u043e\u0440\u0434\u0438\u043d\u0430\u0446\u0438\u043e\u043d\u043e \u0442\u0435\u043b\u043e \u0412\u043b\u0430\u0434\u0435 \u0420\u0435\u043f\u0443\u0431\u043b\u0438\u043a\u0435 \u0421\u0440\u0431\u0438\u0458\u0435 \u0437\u0430 \u043e\u043f\u0448\u0442\u0438\u043d\u0435 \u041f\u0440\u0435\u0448\u0435\u0432\u043e, \u0411\u0443\u0458\u0430\u043d\u043e\u0432\u0430\u0446 \u0438 \u041c\u0435\u0434\u0432\u0435\u0452a","alternateName":"\u041a\u043e\u043e\u0440\u0434\u0438\u043d\u0430\u0446\u0438\u043e\u043d\u043e \u0442\u0435\u043b\u043e","url":"https:\/\/kt.gov.rs\/","logo":{"@type":"ImageObject","inLanguage":"sq-AL","@id":"https:\/\/kt.gov.rs\/#\/schema\/logo\/image\/","url":"https:\/\/kt.gov.rs\/wp-content\/uploads\/2024\/12\/koord2.jpg","contentUrl":"https:\/\/kt.gov.rs\/wp-content\/uploads\/2024\/12\/koord2.jpg","width":640,"height":480,"caption":"\u041a\u043e\u043e\u0440\u0434\u0438\u043d\u0430\u0446\u0438\u043e\u043d\u043e \u0442\u0435\u043b\u043e \u0412\u043b\u0430\u0434\u0435 \u0420\u0435\u043f\u0443\u0431\u043b\u0438\u043a\u0435 \u0421\u0440\u0431\u0438\u0458\u0435 \u0437\u0430 \u043e\u043f\u0448\u0442\u0438\u043d\u0435 \u041f\u0440\u0435\u0448\u0435\u0432\u043e, \u0411\u0443\u0458\u0430\u043d\u043e\u0432\u0430\u0446 \u0438 \u041c\u0435\u0434\u0432\u0435\u0452a"},"image":{"@id":"https:\/\/kt.gov.rs\/#\/schema\/logo\/image\/"},"sameAs":["https:\/\/www.facebook.com\/SluzbaKoordinacionogTelaVladeRepublikeSrbije","https:\/\/x.com\/kt_gov","https:\/\/www.youtube.com\/@koordinacionotelo"]},{"@type":"Person","@id":"https:\/\/kt.gov.rs\/#\/schema\/person\/e426459ddb4173309103390602694571","name":"ktmin","image":{"@type":"ImageObject","inLanguage":"sq-AL","@id":"https:\/\/secure.gravatar.com\/avatar\/3985c961109853010c3fbc7ba30365bfba5db3dd6c525831d9c595c7525a615a?s=96&d=mm&r=g","url":"https:\/\/secure.gravatar.com\/avatar\/3985c961109853010c3fbc7ba30365bfba5db3dd6c525831d9c595c7525a615a?s=96&d=mm&r=g","contentUrl":"https:\/\/secure.gravatar.com\/avatar\/3985c961109853010c3fbc7ba30365bfba5db3dd6c525831d9c595c7525a615a?s=96&d=mm&r=g","caption":"ktmin"},"sameAs":["https:\/\/kt.gov.rs"],"url":"https:\/\/kt.gov.rs\/sq\/author\/ktmin\/"}]}},"_links":{"self":[{"href":"https:\/\/kt.gov.rs\/sq\/wp-json\/wp\/v2\/posts\/142433","targetHints":{"allow":["GET"]}}],"collection":[{"href":"https:\/\/kt.gov.rs\/sq\/wp-json\/wp\/v2\/posts"}],"about":[{"href":"https:\/\/kt.gov.rs\/sq\/wp-json\/wp\/v2\/types\/post"}],"author":[{"embeddable":true,"href":"https:\/\/kt.gov.rs\/sq\/wp-json\/wp\/v2\/users\/1"}],"replies":[{"embeddable":true,"href":"https:\/\/kt.gov.rs\/sq\/wp-json\/wp\/v2\/comments?post=142433"}],"version-history":[{"count":0,"href":"https:\/\/kt.gov.rs\/sq\/wp-json\/wp\/v2\/posts\/142433\/revisions"}],"wp:attachment":[{"href":"https:\/\/kt.gov.rs\/sq\/wp-json\/wp\/v2\/media?parent=142433"}],"wp:term":[{"taxonomy":"category","embeddable":true,"href":"https:\/\/kt.gov.rs\/sq\/wp-json\/wp\/v2\/categories?post=142433"},{"taxonomy":"post_tag","embeddable":true,"href":"https:\/\/kt.gov.rs\/sq\/wp-json\/wp\/v2\/tags?post=142433"}],"curies":[{"name":"wp","href":"https:\/\/api.w.org\/{rel}","templated":true}]}}