{"id":142432,"date":"2011-01-25T00:00:00","date_gmt":"2011-01-25T00:00:00","guid":{"rendered":"http:\/\/kt.printandscreen.rs\/25-1-2011\/"},"modified":"2011-01-25T00:00:00","modified_gmt":"2011-01-25T00:00:00","slug":"25-1-2011","status":"publish","type":"post","link":"https:\/\/kt.gov.rs\/sq\/25-1-2011\/","title":{"rendered":"25.1.2011."},"content":{"rendered":"<p><strong>Diqka t\u00eb re n\u00eb Medvegj\u00eb, n\u00eb nj\u00ebr\u00ebn nd\u00ebr komunat m\u00eb t\u00eb varf\u00ebra n\u00eb Serbin\u00eb jugore <\/strong><\/p>\n<p><strong>Mevegj\u00eb<\/strong> \u2013 Vitin\u00a0 e kaluar n\u00eb Medvegj\u00eb n\u00eb minier\u00ebn Lece kan\u00eb gjetur pun\u00eb 250 pun\u00ebtor\u00eb. Para tri vitesh miniera Lece \u00ebsht\u00eb bler\u00eb nga ,,Farmakom MB\u2019\u2019 nga Shabaci. N\u00eb k\u00ebt\u00eb minier\u00eb t\u00eb braktisur \u00ebsht\u00eb investuar 10 milion\u00eb euro nd\u00ebrsa ekspert\u00ebt parashohin q\u00eb ky investim s\u00eb shpejti do t\u00eb shpaguhet. Sipas rezultateve t\u00eb hulumtimeve t\u00eb deritanishme, eksploatimi intenziv do t\u00eb jet\u00eb i mundur gjat\u00eb gjysm\u00eb shekulli t\u00eb ardhsh\u00ebm.<\/p>\n<p>K\u00ebt\u00eb vit n\u00eb Medvegj\u00eb do t\u00eb filloj\u00eb s\u00eb d\u00ebrtuari edhe burgu ku do t\u00eb pun\u00ebsohen rreth 200 pun\u00ebtor\u00eb. Nd\u00ebrtimi i k\u00ebtij burgu do t\u00eb filloj\u00eb n\u00eb pranver\u00eb dhe do t\u00eb p\u00ebrfundoj\u00eb deri n\u00eb fund\u00eb t\u00eb k\u00ebtij viti.<\/p>\n<p>Filip Petrovski, drejtori i minier\u00ebs Lece theksoi se mjete t\u00eb konsideerueshme jan\u00eb investuar n\u00eb pajisjet m\u00eb moderne dhe se qysh tani plani realizohet 80% dhe se s\u00eb shpejti efekti do t\u00eb jet\u00eb edhe m\u00eb i madh. P\u00ebr k\u00ebt\u00eb arsye edhe pritet hapja e vendeve t\u00eb reja t\u00eb pun\u00ebs.<\/p>\n<p>,,Miniera dhe Banja e Sijarin\u00ebs jan\u00eb dy shanset tona p\u00ebr zhvillim. Kjo dihet q\u00ebmoti, mir\u00ebpo presim edhe ndihm\u00ebn e institucioneve adekuate republikane\u2019\u2019, theksoi Sllobodan Drashkoviq, kryetari i komun\u00ebs s\u00eb Medvegj\u00ebs.<\/p>\n<p>,,Planet jan\u00eb shum\u00eb ambicioz, p\u00ebr arsye se do t\u00eb hapen vende t\u00eb reja t\u00eb pun\u00ebs edhe n\u00eb Banj\u00ebn e Sijarin\u00ebs si dhe n\u00eb seksionet e vogla t\u00eb cilat priten t\u00eb nisin pun\u00ebn k\u00ebt\u00eb vit\u00eb si dhe n\u00eb vitet e ardhshme\u2019\u2019, shtoi Drashkoviq.<\/p>\n<p>,,Duke i fal\u00ebnderuar donacionit prej nj\u00eb milion\u00eb eurosh, n\u00eb Medvegj\u00eb s\u00eb shpejti do t\u00eb filloj\u00eb prodhimi i paletave, briketave si dhe produkteve tjera. P\u00ebr k\u00ebt\u00eb \u00e7\u00ebshtje negociohet me afarist\u00ebt nga Sllovenia, nd\u00ebrsa \u00ebsht\u00eb siguruar pun\u00eb p\u00ebr 40 pun\u00ebtor\u00eb. Kolektivi i ri do t\u00eb jet\u00eb sip\u00ebrmarrje publike\u2019\u2019, theksoi Drashkoviq.<\/p>\n<p>Sipas t\u00eb dh\u00ebnave m\u00eb t\u00eb reja statistikore, n\u00eb rrethin gjasht\u00eb komunave t\u00eb Jabllanic\u00ebs, t\u00eb ardhura m\u00eb t\u00eb m\u00ebdha mesatare jan\u00eb n\u00eb komun\u00ebn e Medvegj\u00ebs, nd\u00ebrsa m\u00eb t\u00eb vogla n\u00eb komun\u00ebn e Crna Trav\u00ebs e cila nj\u00ebherit ka pushtetin lokal m\u00eb t\u00eb vog\u00ebl n\u00eb Serbin\u00eb jugore.<\/p>\n","protected":false},"excerpt":{"rendered":"<p>Diqka t\u00eb re n\u00eb Medvegj\u00eb, n\u00eb nj\u00ebr\u00ebn nd\u00ebr komunat m\u00eb t\u00eb varf\u00ebra n\u00eb Serbin\u00eb jugore<br \/>\nMevegj\u00eb  \u2013 Vitin\u00a0 e kaluar n\u00eb Medvegj\u00eb n\u00eb minier\u00ebn Lece kan\u00eb gjetur pun\u00eb  250 pun\u00ebtor\u00eb. Para tri vitesh miniera Lece \u00ebsht\u00eb bler\u00eb nga ,,Farmakom  MB\u2019\u2019 nga Shabaci. N\u00eb k\u00ebt\u00eb minier\u00eb t\u00eb braktisur \u00ebsht\u00eb investuar 10  milion\u00eb euro nd\u00ebrsa ekspert\u00ebt parashohin q\u00eb ky investim s\u00eb shpejti do t\u00eb  shpaguhet. Sipas rezultateve t\u00eb hulumtimeve t\u00eb deritanishme,  eksploatimi intenziv do t\u00eb jet\u00eb i mundur gjat\u00eb gjysm\u00eb shekulli t\u00eb  ardhsh\u00ebm.<\/p>\n","protected":false},"author":1,"featured_media":0,"comment_status":"closed","ping_status":"closed","sticky":false,"template":"","format":"standard","meta":{"footnotes":""},"categories":[55],"tags":[],"class_list":["post-142432","post","type-post","status-publish","format-standard","hentry","category-lajme"],"yoast_head":"<!-- This site is optimized with the Yoast SEO plugin v27.5 - https:\/\/yoast.com\/product\/yoast-seo-wordpress\/ -->\n<title>25.1.2011. - Republika e S\u00ebrbis\u00eb Trupi Koordinues p\u00ebr komunat Bujanoc, Preshev\u00eb dhe Medvegj\u00eb<\/title>\n<meta name=\"robots\" content=\"index, follow, max-snippet:-1, max-image-preview:large, max-video-preview:-1\" \/>\n<link rel=\"canonical\" href=\"https:\/\/kt.gov.rs\/sq\/25-1-2011\/\" \/>\n<meta property=\"og:locale\" content=\"sq_AL\" \/>\n<meta property=\"og:type\" content=\"article\" \/>\n<meta property=\"og:title\" content=\"25.1.2011. - Republika e S\u00ebrbis\u00eb Trupi Koordinues p\u00ebr komunat Bujanoc, Preshev\u00eb dhe Medvegj\u00eb\" \/>\n<meta property=\"og:description\" content=\"Diqka t\u00eb re n\u00eb Medvegj\u00eb, n\u00eb nj\u00ebr\u00ebn nd\u00ebr komunat m\u00eb t\u00eb varf\u00ebra n\u00eb Serbin\u00eb jugore Mevegj\u00eb - Vitin\u00a0 e kaluar n\u00eb Medvegj\u00eb n\u00eb minier\u00ebn Lece kan\u00eb gjetur pun\u00eb 250 pun\u00ebtor\u00eb. Para tri vitesh miniera Lece \u00ebsht\u00eb bler\u00eb nga ,,Farmakom MB\u2019\u2019 nga Shabaci. N\u00eb k\u00ebt\u00eb minier\u00eb t\u00eb braktisur \u00ebsht\u00eb investuar 10 milion\u00eb euro nd\u00ebrsa ekspert\u00ebt parashohin q\u00eb ky investim s\u00eb shpejti do t\u00eb shpaguhet. Sipas rezultateve t\u00eb hulumtimeve t\u00eb deritanishme, eksploatimi intenziv do t\u00eb jet\u00eb i mundur gjat\u00eb gjysm\u00eb shekulli t\u00eb ardhsh\u00ebm.\" \/>\n<meta property=\"og:url\" content=\"https:\/\/kt.gov.rs\/sq\/25-1-2011\/\" \/>\n<meta property=\"og:site_name\" content=\"Republika e S\u00ebrbis\u00eb Trupi Koordinues p\u00ebr komunat Bujanoc, Preshev\u00eb dhe Medvegj\u00eb\" \/>\n<meta property=\"article:publisher\" content=\"https:\/\/www.facebook.com\/SluzbaKoordinacionogTelaVladeRepublikeSrbije\" \/>\n<meta property=\"article:published_time\" content=\"2011-01-25T00:00:00+00:00\" \/>\n<meta name=\"author\" content=\"ktmin\" \/>\n<meta name=\"twitter:card\" content=\"summary_large_image\" \/>\n<meta name=\"twitter:creator\" content=\"@kt_gov\" \/>\n<meta name=\"twitter:site\" content=\"@kt_gov\" \/>\n<meta name=\"twitter:label1\" content=\"Written by\" \/>\n\t<meta name=\"twitter:data1\" content=\"ktmin\" \/>\n\t<meta name=\"twitter:label2\" content=\"Est. reading time\" \/>\n\t<meta name=\"twitter:data2\" content=\"2 minutes\" \/>\n<script type=\"application\/ld+json\" class=\"yoast-schema-graph\">{\"@context\":\"https:\\\/\\\/schema.org\",\"@graph\":[{\"@type\":\"Article\",\"@id\":\"https:\\\/\\\/kt.gov.rs\\\/sq\\\/25-1-2011\\\/#article\",\"isPartOf\":{\"@id\":\"https:\\\/\\\/kt.gov.rs\\\/sq\\\/25-1-2011\\\/\"},\"author\":{\"name\":\"ktmin\",\"@id\":\"https:\\\/\\\/kt.gov.rs\\\/#\\\/schema\\\/person\\\/e426459ddb4173309103390602694571\"},\"headline\":\"25.1.2011.\",\"datePublished\":\"2011-01-25T00:00:00+00:00\",\"mainEntityOfPage\":{\"@id\":\"https:\\\/\\\/kt.gov.rs\\\/sq\\\/25-1-2011\\\/\"},\"wordCount\":388,\"publisher\":{\"@id\":\"https:\\\/\\\/kt.gov.rs\\\/#organization\"},\"articleSection\":[\"Lajme\"],\"inLanguage\":\"sq-AL\"},{\"@type\":\"WebPage\",\"@id\":\"https:\\\/\\\/kt.gov.rs\\\/sq\\\/25-1-2011\\\/\",\"url\":\"https:\\\/\\\/kt.gov.rs\\\/sq\\\/25-1-2011\\\/\",\"name\":\"25.1.2011. - Republika e S\u00ebrbis\u00eb Trupi Koordinues p\u00ebr komunat Bujanoc, Preshev\u00eb dhe Medvegj\u00eb\",\"isPartOf\":{\"@id\":\"https:\\\/\\\/kt.gov.rs\\\/#website\"},\"datePublished\":\"2011-01-25T00:00:00+00:00\",\"breadcrumb\":{\"@id\":\"https:\\\/\\\/kt.gov.rs\\\/sq\\\/25-1-2011\\\/#breadcrumb\"},\"inLanguage\":\"sq-AL\",\"potentialAction\":[{\"@type\":\"ReadAction\",\"target\":[\"https:\\\/\\\/kt.gov.rs\\\/sq\\\/25-1-2011\\\/\"]}]},{\"@type\":\"BreadcrumbList\",\"@id\":\"https:\\\/\\\/kt.gov.rs\\\/sq\\\/25-1-2011\\\/#breadcrumb\",\"itemListElement\":[{\"@type\":\"ListItem\",\"position\":1,\"name\":\"\u041f\u043e\u0447\u0435\u0442\u043d\u0430\",\"item\":\"https:\\\/\\\/kt.gov.rs\\\/sq\\\/\"},{\"@type\":\"ListItem\",\"position\":2,\"name\":\"25.1.2011.\"}]},{\"@type\":\"WebSite\",\"@id\":\"https:\\\/\\\/kt.gov.rs\\\/#website\",\"url\":\"https:\\\/\\\/kt.gov.rs\\\/\",\"name\":\"\u041a\u043e\u043e\u0440\u0434\u0438\u043d\u0430\u0446\u0438\u043e\u043d\u043e \u0442\u0435\u043b\u043e \u0412\u043b\u0430\u0434\u0435 \u0420\u0435\u043f\u0443\u0431\u043b\u0438\u043a\u0435 \u0421\u0440\u0431\u0438\u0458\u0435 \u0437\u0430 \u043e\u043f\u0448\u0442\u0438\u043d\u0435 \u041f\u0440\u0435\u0448\u0435\u0432\u043e, \u0411\u0443\u0458\u0430\u043d\u043e\u0432\u0430\u0446 \u0438 \u041c\u0435\u0434\u0432\u0435\u0452a\",\"description\":\"\",\"publisher\":{\"@id\":\"https:\\\/\\\/kt.gov.rs\\\/#organization\"},\"alternateName\":\"\u041a\u043e\u043e\u0440\u0434\u0438\u043d\u0430\u0446\u0438\u043e\u043d\u043e \u0442\u0435\u043b\u043e\",\"potentialAction\":[{\"@type\":\"SearchAction\",\"target\":{\"@type\":\"EntryPoint\",\"urlTemplate\":\"https:\\\/\\\/kt.gov.rs\\\/?s={search_term_string}\"},\"query-input\":{\"@type\":\"PropertyValueSpecification\",\"valueRequired\":true,\"valueName\":\"search_term_string\"}}],\"inLanguage\":\"sq-AL\"},{\"@type\":\"Organization\",\"@id\":\"https:\\\/\\\/kt.gov.rs\\\/#organization\",\"name\":\"\u041a\u043e\u043e\u0440\u0434\u0438\u043d\u0430\u0446\u0438\u043e\u043d\u043e \u0442\u0435\u043b\u043e \u0412\u043b\u0430\u0434\u0435 \u0420\u0435\u043f\u0443\u0431\u043b\u0438\u043a\u0435 \u0421\u0440\u0431\u0438\u0458\u0435 \u0437\u0430 \u043e\u043f\u0448\u0442\u0438\u043d\u0435 \u041f\u0440\u0435\u0448\u0435\u0432\u043e, \u0411\u0443\u0458\u0430\u043d\u043e\u0432\u0430\u0446 \u0438 \u041c\u0435\u0434\u0432\u0435\u0452a\",\"alternateName\":\"\u041a\u043e\u043e\u0440\u0434\u0438\u043d\u0430\u0446\u0438\u043e\u043d\u043e \u0442\u0435\u043b\u043e\",\"url\":\"https:\\\/\\\/kt.gov.rs\\\/\",\"logo\":{\"@type\":\"ImageObject\",\"inLanguage\":\"sq-AL\",\"@id\":\"https:\\\/\\\/kt.gov.rs\\\/#\\\/schema\\\/logo\\\/image\\\/\",\"url\":\"https:\\\/\\\/kt.gov.rs\\\/wp-content\\\/uploads\\\/2024\\\/12\\\/koord2.jpg\",\"contentUrl\":\"https:\\\/\\\/kt.gov.rs\\\/wp-content\\\/uploads\\\/2024\\\/12\\\/koord2.jpg\",\"width\":640,\"height\":480,\"caption\":\"\u041a\u043e\u043e\u0440\u0434\u0438\u043d\u0430\u0446\u0438\u043e\u043d\u043e \u0442\u0435\u043b\u043e \u0412\u043b\u0430\u0434\u0435 \u0420\u0435\u043f\u0443\u0431\u043b\u0438\u043a\u0435 \u0421\u0440\u0431\u0438\u0458\u0435 \u0437\u0430 \u043e\u043f\u0448\u0442\u0438\u043d\u0435 \u041f\u0440\u0435\u0448\u0435\u0432\u043e, \u0411\u0443\u0458\u0430\u043d\u043e\u0432\u0430\u0446 \u0438 \u041c\u0435\u0434\u0432\u0435\u0452a\"},\"image\":{\"@id\":\"https:\\\/\\\/kt.gov.rs\\\/#\\\/schema\\\/logo\\\/image\\\/\"},\"sameAs\":[\"https:\\\/\\\/www.facebook.com\\\/SluzbaKoordinacionogTelaVladeRepublikeSrbije\",\"https:\\\/\\\/x.com\\\/kt_gov\",\"https:\\\/\\\/www.youtube.com\\\/@koordinacionotelo\"]},{\"@type\":\"Person\",\"@id\":\"https:\\\/\\\/kt.gov.rs\\\/#\\\/schema\\\/person\\\/e426459ddb4173309103390602694571\",\"name\":\"ktmin\",\"image\":{\"@type\":\"ImageObject\",\"inLanguage\":\"sq-AL\",\"@id\":\"https:\\\/\\\/secure.gravatar.com\\\/avatar\\\/3985c961109853010c3fbc7ba30365bfba5db3dd6c525831d9c595c7525a615a?s=96&d=mm&r=g\",\"url\":\"https:\\\/\\\/secure.gravatar.com\\\/avatar\\\/3985c961109853010c3fbc7ba30365bfba5db3dd6c525831d9c595c7525a615a?s=96&d=mm&r=g\",\"contentUrl\":\"https:\\\/\\\/secure.gravatar.com\\\/avatar\\\/3985c961109853010c3fbc7ba30365bfba5db3dd6c525831d9c595c7525a615a?s=96&d=mm&r=g\",\"caption\":\"ktmin\"},\"sameAs\":[\"https:\\\/\\\/kt.gov.rs\"],\"url\":\"https:\\\/\\\/kt.gov.rs\\\/sq\\\/author\\\/ktmin\\\/\"}]}<\/script>\n<!-- \/ Yoast SEO plugin. -->","yoast_head_json":{"title":"25.1.2011. - Republika e S\u00ebrbis\u00eb Trupi Koordinues p\u00ebr komunat Bujanoc, Preshev\u00eb dhe Medvegj\u00eb","robots":{"index":"index","follow":"follow","max-snippet":"max-snippet:-1","max-image-preview":"max-image-preview:large","max-video-preview":"max-video-preview:-1"},"canonical":"https:\/\/kt.gov.rs\/sq\/25-1-2011\/","og_locale":"sq_AL","og_type":"article","og_title":"25.1.2011. - Republika e S\u00ebrbis\u00eb Trupi Koordinues p\u00ebr komunat Bujanoc, Preshev\u00eb dhe Medvegj\u00eb","og_description":"Diqka t\u00eb re n\u00eb Medvegj\u00eb, n\u00eb nj\u00ebr\u00ebn nd\u00ebr komunat m\u00eb t\u00eb varf\u00ebra n\u00eb Serbin\u00eb jugore Mevegj\u00eb - Vitin\u00a0 e kaluar n\u00eb Medvegj\u00eb n\u00eb minier\u00ebn Lece kan\u00eb gjetur pun\u00eb 250 pun\u00ebtor\u00eb. Para tri vitesh miniera Lece \u00ebsht\u00eb bler\u00eb nga ,,Farmakom MB\u2019\u2019 nga Shabaci. N\u00eb k\u00ebt\u00eb minier\u00eb t\u00eb braktisur \u00ebsht\u00eb investuar 10 milion\u00eb euro nd\u00ebrsa ekspert\u00ebt parashohin q\u00eb ky investim s\u00eb shpejti do t\u00eb shpaguhet. Sipas rezultateve t\u00eb hulumtimeve t\u00eb deritanishme, eksploatimi intenziv do t\u00eb jet\u00eb i mundur gjat\u00eb gjysm\u00eb shekulli t\u00eb ardhsh\u00ebm.","og_url":"https:\/\/kt.gov.rs\/sq\/25-1-2011\/","og_site_name":"Republika e S\u00ebrbis\u00eb Trupi Koordinues p\u00ebr komunat Bujanoc, Preshev\u00eb dhe Medvegj\u00eb","article_publisher":"https:\/\/www.facebook.com\/SluzbaKoordinacionogTelaVladeRepublikeSrbije","article_published_time":"2011-01-25T00:00:00+00:00","author":"ktmin","twitter_card":"summary_large_image","twitter_creator":"@kt_gov","twitter_site":"@kt_gov","twitter_misc":{"Written by":"ktmin","Est. reading time":"2 minutes"},"schema":{"@context":"https:\/\/schema.org","@graph":[{"@type":"Article","@id":"https:\/\/kt.gov.rs\/sq\/25-1-2011\/#article","isPartOf":{"@id":"https:\/\/kt.gov.rs\/sq\/25-1-2011\/"},"author":{"name":"ktmin","@id":"https:\/\/kt.gov.rs\/#\/schema\/person\/e426459ddb4173309103390602694571"},"headline":"25.1.2011.","datePublished":"2011-01-25T00:00:00+00:00","mainEntityOfPage":{"@id":"https:\/\/kt.gov.rs\/sq\/25-1-2011\/"},"wordCount":388,"publisher":{"@id":"https:\/\/kt.gov.rs\/#organization"},"articleSection":["Lajme"],"inLanguage":"sq-AL"},{"@type":"WebPage","@id":"https:\/\/kt.gov.rs\/sq\/25-1-2011\/","url":"https:\/\/kt.gov.rs\/sq\/25-1-2011\/","name":"25.1.2011. - Republika e S\u00ebrbis\u00eb Trupi Koordinues p\u00ebr komunat Bujanoc, Preshev\u00eb dhe Medvegj\u00eb","isPartOf":{"@id":"https:\/\/kt.gov.rs\/#website"},"datePublished":"2011-01-25T00:00:00+00:00","breadcrumb":{"@id":"https:\/\/kt.gov.rs\/sq\/25-1-2011\/#breadcrumb"},"inLanguage":"sq-AL","potentialAction":[{"@type":"ReadAction","target":["https:\/\/kt.gov.rs\/sq\/25-1-2011\/"]}]},{"@type":"BreadcrumbList","@id":"https:\/\/kt.gov.rs\/sq\/25-1-2011\/#breadcrumb","itemListElement":[{"@type":"ListItem","position":1,"name":"\u041f\u043e\u0447\u0435\u0442\u043d\u0430","item":"https:\/\/kt.gov.rs\/sq\/"},{"@type":"ListItem","position":2,"name":"25.1.2011."}]},{"@type":"WebSite","@id":"https:\/\/kt.gov.rs\/#website","url":"https:\/\/kt.gov.rs\/","name":"\u041a\u043e\u043e\u0440\u0434\u0438\u043d\u0430\u0446\u0438\u043e\u043d\u043e \u0442\u0435\u043b\u043e \u0412\u043b\u0430\u0434\u0435 \u0420\u0435\u043f\u0443\u0431\u043b\u0438\u043a\u0435 \u0421\u0440\u0431\u0438\u0458\u0435 \u0437\u0430 \u043e\u043f\u0448\u0442\u0438\u043d\u0435 \u041f\u0440\u0435\u0448\u0435\u0432\u043e, \u0411\u0443\u0458\u0430\u043d\u043e\u0432\u0430\u0446 \u0438 \u041c\u0435\u0434\u0432\u0435\u0452a","description":"","publisher":{"@id":"https:\/\/kt.gov.rs\/#organization"},"alternateName":"\u041a\u043e\u043e\u0440\u0434\u0438\u043d\u0430\u0446\u0438\u043e\u043d\u043e \u0442\u0435\u043b\u043e","potentialAction":[{"@type":"SearchAction","target":{"@type":"EntryPoint","urlTemplate":"https:\/\/kt.gov.rs\/?s={search_term_string}"},"query-input":{"@type":"PropertyValueSpecification","valueRequired":true,"valueName":"search_term_string"}}],"inLanguage":"sq-AL"},{"@type":"Organization","@id":"https:\/\/kt.gov.rs\/#organization","name":"\u041a\u043e\u043e\u0440\u0434\u0438\u043d\u0430\u0446\u0438\u043e\u043d\u043e \u0442\u0435\u043b\u043e \u0412\u043b\u0430\u0434\u0435 \u0420\u0435\u043f\u0443\u0431\u043b\u0438\u043a\u0435 \u0421\u0440\u0431\u0438\u0458\u0435 \u0437\u0430 \u043e\u043f\u0448\u0442\u0438\u043d\u0435 \u041f\u0440\u0435\u0448\u0435\u0432\u043e, \u0411\u0443\u0458\u0430\u043d\u043e\u0432\u0430\u0446 \u0438 \u041c\u0435\u0434\u0432\u0435\u0452a","alternateName":"\u041a\u043e\u043e\u0440\u0434\u0438\u043d\u0430\u0446\u0438\u043e\u043d\u043e \u0442\u0435\u043b\u043e","url":"https:\/\/kt.gov.rs\/","logo":{"@type":"ImageObject","inLanguage":"sq-AL","@id":"https:\/\/kt.gov.rs\/#\/schema\/logo\/image\/","url":"https:\/\/kt.gov.rs\/wp-content\/uploads\/2024\/12\/koord2.jpg","contentUrl":"https:\/\/kt.gov.rs\/wp-content\/uploads\/2024\/12\/koord2.jpg","width":640,"height":480,"caption":"\u041a\u043e\u043e\u0440\u0434\u0438\u043d\u0430\u0446\u0438\u043e\u043d\u043e \u0442\u0435\u043b\u043e \u0412\u043b\u0430\u0434\u0435 \u0420\u0435\u043f\u0443\u0431\u043b\u0438\u043a\u0435 \u0421\u0440\u0431\u0438\u0458\u0435 \u0437\u0430 \u043e\u043f\u0448\u0442\u0438\u043d\u0435 \u041f\u0440\u0435\u0448\u0435\u0432\u043e, \u0411\u0443\u0458\u0430\u043d\u043e\u0432\u0430\u0446 \u0438 \u041c\u0435\u0434\u0432\u0435\u0452a"},"image":{"@id":"https:\/\/kt.gov.rs\/#\/schema\/logo\/image\/"},"sameAs":["https:\/\/www.facebook.com\/SluzbaKoordinacionogTelaVladeRepublikeSrbije","https:\/\/x.com\/kt_gov","https:\/\/www.youtube.com\/@koordinacionotelo"]},{"@type":"Person","@id":"https:\/\/kt.gov.rs\/#\/schema\/person\/e426459ddb4173309103390602694571","name":"ktmin","image":{"@type":"ImageObject","inLanguage":"sq-AL","@id":"https:\/\/secure.gravatar.com\/avatar\/3985c961109853010c3fbc7ba30365bfba5db3dd6c525831d9c595c7525a615a?s=96&d=mm&r=g","url":"https:\/\/secure.gravatar.com\/avatar\/3985c961109853010c3fbc7ba30365bfba5db3dd6c525831d9c595c7525a615a?s=96&d=mm&r=g","contentUrl":"https:\/\/secure.gravatar.com\/avatar\/3985c961109853010c3fbc7ba30365bfba5db3dd6c525831d9c595c7525a615a?s=96&d=mm&r=g","caption":"ktmin"},"sameAs":["https:\/\/kt.gov.rs"],"url":"https:\/\/kt.gov.rs\/sq\/author\/ktmin\/"}]}},"_links":{"self":[{"href":"https:\/\/kt.gov.rs\/sq\/wp-json\/wp\/v2\/posts\/142432","targetHints":{"allow":["GET"]}}],"collection":[{"href":"https:\/\/kt.gov.rs\/sq\/wp-json\/wp\/v2\/posts"}],"about":[{"href":"https:\/\/kt.gov.rs\/sq\/wp-json\/wp\/v2\/types\/post"}],"author":[{"embeddable":true,"href":"https:\/\/kt.gov.rs\/sq\/wp-json\/wp\/v2\/users\/1"}],"replies":[{"embeddable":true,"href":"https:\/\/kt.gov.rs\/sq\/wp-json\/wp\/v2\/comments?post=142432"}],"version-history":[{"count":0,"href":"https:\/\/kt.gov.rs\/sq\/wp-json\/wp\/v2\/posts\/142432\/revisions"}],"wp:attachment":[{"href":"https:\/\/kt.gov.rs\/sq\/wp-json\/wp\/v2\/media?parent=142432"}],"wp:term":[{"taxonomy":"category","embeddable":true,"href":"https:\/\/kt.gov.rs\/sq\/wp-json\/wp\/v2\/categories?post=142432"},{"taxonomy":"post_tag","embeddable":true,"href":"https:\/\/kt.gov.rs\/sq\/wp-json\/wp\/v2\/tags?post=142432"}],"curies":[{"name":"wp","href":"https:\/\/api.w.org\/{rel}","templated":true}]}}