{"id":142412,"date":"2011-02-21T00:00:00","date_gmt":"2011-02-21T00:00:00","guid":{"rendered":"http:\/\/kt.printandscreen.rs\/shendeti-nuk-mund-te-kete-kombesi\/"},"modified":"2011-02-21T00:00:00","modified_gmt":"2011-02-21T00:00:00","slug":"shendeti-nuk-mund-te-kete-kombesi","status":"publish","type":"post","link":"https:\/\/kt.gov.rs\/sq\/shendeti-nuk-mund-te-kete-kombesi\/","title":{"rendered":"SH\u00cbNDETI NUK MUND T\u00cb KET\u00cb KOMB\u00cbSI"},"content":{"rendered":"<p>Fshatin Gramad\u00eb, i cili gjendet n\u00eb zon\u00ebn e siguris\u00eb to\u00ebsore, rregullisht e vizitojn\u00eb vet\u00ebm mjek\u00ebt e brigad\u00ebs s\u00eb 4 t\u00eb Ushtris\u00eb s\u00eb Serbis\u00eb. Kur mjek\u00ebt arrijn\u00eb me makinat e tyre, pleq\u00ebt duke \u00e7aluar ofrohen portave t\u00eb tyre p\u00ebr t\u2019i pritur dhe p\u00ebrsh\u00ebndetur. E m\u00eb pastaj n\u00eb dhomat e tyre t\u00eb vogla n\u00eb t\u00eb cilat b\u00ebjn\u00eb gjum dhe ushqehen, shtrijn\u00eb dor\u00ebn e tyre p\u00ebr t\u00eb\u00a0 matur tensionin e gjakut.<\/p>\n<p>Mjek\u00ebt, majori Sasha Dimitrijeviq dhe kapiteni Ivica Arsiq, me banor\u00ebt e Gramad\u00ebs bisedojn\u00eb sikur me shok\u00ebt me t\u00eb cil\u00ebt njihen q\u00ebmoti. Ata dijn\u00eb se cila plak\u00eb vuan nga nyjet, kush ka probleme me zem\u00ebr\u2026dhe djali i kujt qka punon n\u00eb Vranj\u00eb.<\/p>\n<p>K\u00ebta mjek nuk mund\u00eb t\u2019u japin udh\u00ebzimin p\u00ebr hospitalizim, mir\u00ebpo u rekomandojn\u00eb shkuarjen p\u00ebr n\u00eb Bujanoc apo Vranj\u00eb. Mir\u00ebpo, pasiq\u00eb banor\u00ebt e Gramad\u00ebs jan\u00eb t\u00eb moshuar, rrug\u00ebt e dob\u00ebta, sht\u00ebpit\u00eb e sh\u00ebndetit larg\u00eb\u2026k\u00ebto jan\u00eb vizitat e tyre t\u00eb vetme sh\u00ebndet\u00ebsore. Detyra primare e ushtar\u00ebve t\u00eb brigad\u00ebs s\u00eb 4 \u00ebsht\u00eb ruajtja e siguris\u00eb n\u00eb vij\u00ebn kufitare me Kosov\u00ebn, zon\u00eb e siguris\u00eb e cila p\u00ebrfshin\u00eb gjat\u00ebsin\u00eb prej afro 100 km dhe mbrend\u00ebsin\u00eb prej 5 km. Ata jan\u00eb t\u00eb vendosur n\u00eb Vranj\u00eb, ata n\u00eb teren q\u00ebndrojn\u00eb tri jav\u00eb dhe p\u00ebr veten thon\u00eb se jan\u00eb ,,brigada e baltosur\u2019\u2019. P\u00ebrpos ruajtjes s\u00eb paqes, detyra e k\u00ebsaj brigade \u00ebsht\u00eb edhe nd\u00ebrtimi i rrug\u00ebve, ndihma mjek\u00ebsore dhe d\u00ebrgimi i ujit t\u00eb pijsh\u00ebm n\u00eb dit\u00ebt e nxehta p\u00ebr fshatar\u00ebt e k\u00ebtyre viseve, si p\u00ebr Serb\u00ebt poashtu edhe p\u00ebr Shqip\u00ebtar\u00ebt.<\/p>\n<p>Mar\u00ebdh\u00ebniet nd\u00ebretnike n\u00eb k\u00ebt\u00eb regjion jan\u00eb t\u00eb ndjeshme, nd\u00ebrsa ushtar\u00ebt e brigad\u00ebs s\u00eb 4 bashk\u00ebpunojn\u00eb edhe me popullsin\u00eb shqip\u00ebtare.<\/p>\n<p>N\u00eb t\u00eb nj\u00ebjt\u00ebn dit\u00eb kur kan\u00eb vizituar fshatin Gramad\u00eb, mjek\u00ebt ushtarak kan\u00eb vizituar edhe shkoll\u00ebn fillore n\u00eb fshatin Dobrosin i cili \u00ebsht\u00eb fshati m\u00eb i af\u00ebrt me Kosov\u00ebn. N\u00eb\u00a0 k\u00ebt\u00eb fshat nuk ka sht\u00ebpi t\u00eb sh\u00ebndetit dhe p\u00ebr k\u00ebt\u00eb arsye, n\u00eb k\u00ebt\u00eb koh\u00eb gripi, prind\u00ebrit i kan\u00eb sjellur f\u00ebmij\u00ebt e tyre tek mjek\u00ebt ushtarak.<\/p>\n","protected":false},"excerpt":{"rendered":"<p>Fshatin Gramad\u00eb, i cili gjendet n\u00eb zon\u00ebn e siguris\u00eb to\u00ebsore, rregullisht  e vizitojn\u00eb vet\u00ebm mjek\u00ebt e brigad\u00ebs s\u00eb 4 t\u00eb Ushtris\u00eb s\u00eb Serbis\u00eb. Kur  mjek\u00ebt arrijn\u00eb me makinat e tyre, pleq\u00ebt duke \u00e7aluar ofrohen portave t\u00eb  tyre p\u00ebr t\u2019i pritur dhe p\u00ebrsh\u00ebndetur. E m\u00eb pastaj n\u00eb dhomat e tyre t\u00eb  vogla n\u00eb t\u00eb cilat b\u00ebjn\u00eb gjum dhe ushqehen, shtrijn\u00eb dor\u00ebn e tyre p\u00ebr t\u00eb\u00a0  matur tensionin e gjakut.<\/p>\n","protected":false},"author":1,"featured_media":0,"comment_status":"closed","ping_status":"closed","sticky":false,"template":"","format":"standard","meta":{"footnotes":""},"categories":[55],"tags":[],"class_list":["post-142412","post","type-post","status-publish","format-standard","hentry","category-lajme"],"yoast_head":"<!-- This site is optimized with the Yoast SEO plugin v27.5 - https:\/\/yoast.com\/product\/yoast-seo-wordpress\/ -->\n<title>SH\u00cbNDETI NUK MUND T\u00cb KET\u00cb KOMB\u00cbSI - Republika e S\u00ebrbis\u00eb Trupi Koordinues p\u00ebr komunat Bujanoc, Preshev\u00eb dhe Medvegj\u00eb<\/title>\n<meta name=\"robots\" content=\"index, follow, max-snippet:-1, max-image-preview:large, max-video-preview:-1\" \/>\n<link rel=\"canonical\" href=\"https:\/\/kt.gov.rs\/sq\/shendeti-nuk-mund-te-kete-kombesi\/\" \/>\n<meta property=\"og:locale\" content=\"sq_AL\" \/>\n<meta property=\"og:type\" content=\"article\" \/>\n<meta property=\"og:title\" content=\"SH\u00cbNDETI NUK MUND T\u00cb KET\u00cb KOMB\u00cbSI - Republika e S\u00ebrbis\u00eb Trupi Koordinues p\u00ebr komunat Bujanoc, Preshev\u00eb dhe Medvegj\u00eb\" \/>\n<meta property=\"og:description\" content=\"Fshatin Gramad\u00eb, i cili gjendet n\u00eb zon\u00ebn e siguris\u00eb to\u00ebsore, rregullisht e vizitojn\u00eb vet\u00ebm mjek\u00ebt e brigad\u00ebs s\u00eb 4 t\u00eb Ushtris\u00eb s\u00eb Serbis\u00eb. Kur mjek\u00ebt arrijn\u00eb me makinat e tyre, pleq\u00ebt duke \u00e7aluar ofrohen portave t\u00eb tyre p\u00ebr t\u2019i pritur dhe p\u00ebrsh\u00ebndetur. E m\u00eb pastaj n\u00eb dhomat e tyre t\u00eb vogla n\u00eb t\u00eb cilat b\u00ebjn\u00eb gjum dhe ushqehen, shtrijn\u00eb dor\u00ebn e tyre p\u00ebr t\u00eb\u00a0 matur tensionin e gjakut.\" \/>\n<meta property=\"og:url\" content=\"https:\/\/kt.gov.rs\/sq\/shendeti-nuk-mund-te-kete-kombesi\/\" \/>\n<meta property=\"og:site_name\" content=\"Republika e S\u00ebrbis\u00eb Trupi Koordinues p\u00ebr komunat Bujanoc, Preshev\u00eb dhe Medvegj\u00eb\" \/>\n<meta property=\"article:publisher\" content=\"https:\/\/www.facebook.com\/SluzbaKoordinacionogTelaVladeRepublikeSrbije\" \/>\n<meta property=\"article:published_time\" content=\"2011-02-21T00:00:00+00:00\" \/>\n<meta name=\"author\" content=\"ktmin\" \/>\n<meta name=\"twitter:card\" content=\"summary_large_image\" \/>\n<meta name=\"twitter:creator\" content=\"@kt_gov\" \/>\n<meta name=\"twitter:site\" content=\"@kt_gov\" \/>\n<meta name=\"twitter:label1\" content=\"Written by\" \/>\n\t<meta name=\"twitter:data1\" content=\"ktmin\" \/>\n\t<meta name=\"twitter:label2\" content=\"Est. reading time\" \/>\n\t<meta name=\"twitter:data2\" content=\"2 minutes\" \/>\n<script type=\"application\/ld+json\" class=\"yoast-schema-graph\">{\"@context\":\"https:\\\/\\\/schema.org\",\"@graph\":[{\"@type\":\"Article\",\"@id\":\"https:\\\/\\\/kt.gov.rs\\\/sq\\\/shendeti-nuk-mund-te-kete-kombesi\\\/#article\",\"isPartOf\":{\"@id\":\"https:\\\/\\\/kt.gov.rs\\\/sq\\\/shendeti-nuk-mund-te-kete-kombesi\\\/\"},\"author\":{\"name\":\"ktmin\",\"@id\":\"https:\\\/\\\/kt.gov.rs\\\/#\\\/schema\\\/person\\\/e426459ddb4173309103390602694571\"},\"headline\":\"SH\u00cbNDETI NUK MUND T\u00cb KET\u00cb KOMB\u00cbSI\",\"datePublished\":\"2011-02-21T00:00:00+00:00\",\"mainEntityOfPage\":{\"@id\":\"https:\\\/\\\/kt.gov.rs\\\/sq\\\/shendeti-nuk-mund-te-kete-kombesi\\\/\"},\"wordCount\":411,\"publisher\":{\"@id\":\"https:\\\/\\\/kt.gov.rs\\\/#organization\"},\"articleSection\":[\"Lajme\"],\"inLanguage\":\"sq-AL\"},{\"@type\":\"WebPage\",\"@id\":\"https:\\\/\\\/kt.gov.rs\\\/sq\\\/shendeti-nuk-mund-te-kete-kombesi\\\/\",\"url\":\"https:\\\/\\\/kt.gov.rs\\\/sq\\\/shendeti-nuk-mund-te-kete-kombesi\\\/\",\"name\":\"SH\u00cbNDETI NUK MUND T\u00cb KET\u00cb KOMB\u00cbSI - Republika e S\u00ebrbis\u00eb Trupi Koordinues p\u00ebr komunat Bujanoc, Preshev\u00eb dhe Medvegj\u00eb\",\"isPartOf\":{\"@id\":\"https:\\\/\\\/kt.gov.rs\\\/#website\"},\"datePublished\":\"2011-02-21T00:00:00+00:00\",\"breadcrumb\":{\"@id\":\"https:\\\/\\\/kt.gov.rs\\\/sq\\\/shendeti-nuk-mund-te-kete-kombesi\\\/#breadcrumb\"},\"inLanguage\":\"sq-AL\",\"potentialAction\":[{\"@type\":\"ReadAction\",\"target\":[\"https:\\\/\\\/kt.gov.rs\\\/sq\\\/shendeti-nuk-mund-te-kete-kombesi\\\/\"]}]},{\"@type\":\"BreadcrumbList\",\"@id\":\"https:\\\/\\\/kt.gov.rs\\\/sq\\\/shendeti-nuk-mund-te-kete-kombesi\\\/#breadcrumb\",\"itemListElement\":[{\"@type\":\"ListItem\",\"position\":1,\"name\":\"Po\u010detna\",\"item\":\"https:\\\/\\\/kt.gov.rs\\\/sq\\\/\"},{\"@type\":\"ListItem\",\"position\":2,\"name\":\"SH\u00cbNDETI NUK MUND T\u00cb KET\u00cb KOMB\u00cbSI\"}]},{\"@type\":\"WebSite\",\"@id\":\"https:\\\/\\\/kt.gov.rs\\\/#website\",\"url\":\"https:\\\/\\\/kt.gov.rs\\\/\",\"name\":\"Koordinaciono telo Vlade Republike Srbije za op\u0161tine Pre\u0161evo, Bujanovac i Medve\u0111a\",\"description\":\"\",\"publisher\":{\"@id\":\"https:\\\/\\\/kt.gov.rs\\\/#organization\"},\"alternateName\":\"Koordinaciono telo\",\"potentialAction\":[{\"@type\":\"SearchAction\",\"target\":{\"@type\":\"EntryPoint\",\"urlTemplate\":\"https:\\\/\\\/kt.gov.rs\\\/?s={search_term_string}\"},\"query-input\":{\"@type\":\"PropertyValueSpecification\",\"valueRequired\":true,\"valueName\":\"search_term_string\"}}],\"inLanguage\":\"sq-AL\"},{\"@type\":\"Organization\",\"@id\":\"https:\\\/\\\/kt.gov.rs\\\/#organization\",\"name\":\"Koordinaciono telo Vlade Republike Srbije za op\u0161tine Pre\u0161evo, Bujanovac i Medve\u0111a\",\"alternateName\":\"Koordinaciono telo\",\"url\":\"https:\\\/\\\/kt.gov.rs\\\/\",\"logo\":{\"@type\":\"ImageObject\",\"inLanguage\":\"sq-AL\",\"@id\":\"https:\\\/\\\/kt.gov.rs\\\/#\\\/schema\\\/logo\\\/image\\\/\",\"url\":\"https:\\\/\\\/kt.gov.rs\\\/wp-content\\\/uploads\\\/2024\\\/12\\\/koord2.jpg\",\"contentUrl\":\"https:\\\/\\\/kt.gov.rs\\\/wp-content\\\/uploads\\\/2024\\\/12\\\/koord2.jpg\",\"width\":640,\"height\":480,\"caption\":\"Koordinaciono telo Vlade Republike Srbije za op\u0161tine Pre\u0161evo, Bujanovac i Medve\u0111a\"},\"image\":{\"@id\":\"https:\\\/\\\/kt.gov.rs\\\/#\\\/schema\\\/logo\\\/image\\\/\"},\"sameAs\":[\"https:\\\/\\\/www.facebook.com\\\/SluzbaKoordinacionogTelaVladeRepublikeSrbije\",\"https:\\\/\\\/x.com\\\/kt_gov\",\"https:\\\/\\\/www.youtube.com\\\/@koordinacionotelo\"]},{\"@type\":\"Person\",\"@id\":\"https:\\\/\\\/kt.gov.rs\\\/#\\\/schema\\\/person\\\/e426459ddb4173309103390602694571\",\"name\":\"ktmin\",\"image\":{\"@type\":\"ImageObject\",\"inLanguage\":\"sq-AL\",\"@id\":\"https:\\\/\\\/secure.gravatar.com\\\/avatar\\\/3985c961109853010c3fbc7ba30365bfba5db3dd6c525831d9c595c7525a615a?s=96&d=mm&r=g\",\"url\":\"https:\\\/\\\/secure.gravatar.com\\\/avatar\\\/3985c961109853010c3fbc7ba30365bfba5db3dd6c525831d9c595c7525a615a?s=96&d=mm&r=g\",\"contentUrl\":\"https:\\\/\\\/secure.gravatar.com\\\/avatar\\\/3985c961109853010c3fbc7ba30365bfba5db3dd6c525831d9c595c7525a615a?s=96&d=mm&r=g\",\"caption\":\"ktmin\"},\"sameAs\":[\"https:\\\/\\\/kt.gov.rs\"],\"url\":\"https:\\\/\\\/kt.gov.rs\\\/sq\\\/author\\\/ktmin\\\/\"}]}<\/script>\n<!-- \/ Yoast SEO plugin. -->","yoast_head_json":{"title":"SH\u00cbNDETI NUK MUND T\u00cb KET\u00cb KOMB\u00cbSI - Republika e S\u00ebrbis\u00eb Trupi Koordinues p\u00ebr komunat Bujanoc, Preshev\u00eb dhe Medvegj\u00eb","robots":{"index":"index","follow":"follow","max-snippet":"max-snippet:-1","max-image-preview":"max-image-preview:large","max-video-preview":"max-video-preview:-1"},"canonical":"https:\/\/kt.gov.rs\/sq\/shendeti-nuk-mund-te-kete-kombesi\/","og_locale":"sq_AL","og_type":"article","og_title":"SH\u00cbNDETI NUK MUND T\u00cb KET\u00cb KOMB\u00cbSI - Republika e S\u00ebrbis\u00eb Trupi Koordinues p\u00ebr komunat Bujanoc, Preshev\u00eb dhe Medvegj\u00eb","og_description":"Fshatin Gramad\u00eb, i cili gjendet n\u00eb zon\u00ebn e siguris\u00eb to\u00ebsore, rregullisht e vizitojn\u00eb vet\u00ebm mjek\u00ebt e brigad\u00ebs s\u00eb 4 t\u00eb Ushtris\u00eb s\u00eb Serbis\u00eb. Kur mjek\u00ebt arrijn\u00eb me makinat e tyre, pleq\u00ebt duke \u00e7aluar ofrohen portave t\u00eb tyre p\u00ebr t\u2019i pritur dhe p\u00ebrsh\u00ebndetur. E m\u00eb pastaj n\u00eb dhomat e tyre t\u00eb vogla n\u00eb t\u00eb cilat b\u00ebjn\u00eb gjum dhe ushqehen, shtrijn\u00eb dor\u00ebn e tyre p\u00ebr t\u00eb\u00a0 matur tensionin e gjakut.","og_url":"https:\/\/kt.gov.rs\/sq\/shendeti-nuk-mund-te-kete-kombesi\/","og_site_name":"Republika e S\u00ebrbis\u00eb Trupi Koordinues p\u00ebr komunat Bujanoc, Preshev\u00eb dhe Medvegj\u00eb","article_publisher":"https:\/\/www.facebook.com\/SluzbaKoordinacionogTelaVladeRepublikeSrbije","article_published_time":"2011-02-21T00:00:00+00:00","author":"ktmin","twitter_card":"summary_large_image","twitter_creator":"@kt_gov","twitter_site":"@kt_gov","twitter_misc":{"Written by":"ktmin","Est. reading time":"2 minutes"},"schema":{"@context":"https:\/\/schema.org","@graph":[{"@type":"Article","@id":"https:\/\/kt.gov.rs\/sq\/shendeti-nuk-mund-te-kete-kombesi\/#article","isPartOf":{"@id":"https:\/\/kt.gov.rs\/sq\/shendeti-nuk-mund-te-kete-kombesi\/"},"author":{"name":"ktmin","@id":"https:\/\/kt.gov.rs\/#\/schema\/person\/e426459ddb4173309103390602694571"},"headline":"SH\u00cbNDETI NUK MUND T\u00cb KET\u00cb KOMB\u00cbSI","datePublished":"2011-02-21T00:00:00+00:00","mainEntityOfPage":{"@id":"https:\/\/kt.gov.rs\/sq\/shendeti-nuk-mund-te-kete-kombesi\/"},"wordCount":411,"publisher":{"@id":"https:\/\/kt.gov.rs\/#organization"},"articleSection":["Lajme"],"inLanguage":"sq-AL"},{"@type":"WebPage","@id":"https:\/\/kt.gov.rs\/sq\/shendeti-nuk-mund-te-kete-kombesi\/","url":"https:\/\/kt.gov.rs\/sq\/shendeti-nuk-mund-te-kete-kombesi\/","name":"SH\u00cbNDETI NUK MUND T\u00cb KET\u00cb KOMB\u00cbSI - Republika e S\u00ebrbis\u00eb Trupi Koordinues p\u00ebr komunat Bujanoc, Preshev\u00eb dhe Medvegj\u00eb","isPartOf":{"@id":"https:\/\/kt.gov.rs\/#website"},"datePublished":"2011-02-21T00:00:00+00:00","breadcrumb":{"@id":"https:\/\/kt.gov.rs\/sq\/shendeti-nuk-mund-te-kete-kombesi\/#breadcrumb"},"inLanguage":"sq-AL","potentialAction":[{"@type":"ReadAction","target":["https:\/\/kt.gov.rs\/sq\/shendeti-nuk-mund-te-kete-kombesi\/"]}]},{"@type":"BreadcrumbList","@id":"https:\/\/kt.gov.rs\/sq\/shendeti-nuk-mund-te-kete-kombesi\/#breadcrumb","itemListElement":[{"@type":"ListItem","position":1,"name":"Po\u010detna","item":"https:\/\/kt.gov.rs\/sq\/"},{"@type":"ListItem","position":2,"name":"SH\u00cbNDETI NUK MUND T\u00cb KET\u00cb KOMB\u00cbSI"}]},{"@type":"WebSite","@id":"https:\/\/kt.gov.rs\/#website","url":"https:\/\/kt.gov.rs\/","name":"Koordinaciono telo Vlade Republike Srbije za op\u0161tine Pre\u0161evo, Bujanovac i Medve\u0111a","description":"","publisher":{"@id":"https:\/\/kt.gov.rs\/#organization"},"alternateName":"Koordinaciono telo","potentialAction":[{"@type":"SearchAction","target":{"@type":"EntryPoint","urlTemplate":"https:\/\/kt.gov.rs\/?s={search_term_string}"},"query-input":{"@type":"PropertyValueSpecification","valueRequired":true,"valueName":"search_term_string"}}],"inLanguage":"sq-AL"},{"@type":"Organization","@id":"https:\/\/kt.gov.rs\/#organization","name":"Koordinaciono telo Vlade Republike Srbije za op\u0161tine Pre\u0161evo, Bujanovac i Medve\u0111a","alternateName":"Koordinaciono telo","url":"https:\/\/kt.gov.rs\/","logo":{"@type":"ImageObject","inLanguage":"sq-AL","@id":"https:\/\/kt.gov.rs\/#\/schema\/logo\/image\/","url":"https:\/\/kt.gov.rs\/wp-content\/uploads\/2024\/12\/koord2.jpg","contentUrl":"https:\/\/kt.gov.rs\/wp-content\/uploads\/2024\/12\/koord2.jpg","width":640,"height":480,"caption":"Koordinaciono telo Vlade Republike Srbije za op\u0161tine Pre\u0161evo, Bujanovac i Medve\u0111a"},"image":{"@id":"https:\/\/kt.gov.rs\/#\/schema\/logo\/image\/"},"sameAs":["https:\/\/www.facebook.com\/SluzbaKoordinacionogTelaVladeRepublikeSrbije","https:\/\/x.com\/kt_gov","https:\/\/www.youtube.com\/@koordinacionotelo"]},{"@type":"Person","@id":"https:\/\/kt.gov.rs\/#\/schema\/person\/e426459ddb4173309103390602694571","name":"ktmin","image":{"@type":"ImageObject","inLanguage":"sq-AL","@id":"https:\/\/secure.gravatar.com\/avatar\/3985c961109853010c3fbc7ba30365bfba5db3dd6c525831d9c595c7525a615a?s=96&d=mm&r=g","url":"https:\/\/secure.gravatar.com\/avatar\/3985c961109853010c3fbc7ba30365bfba5db3dd6c525831d9c595c7525a615a?s=96&d=mm&r=g","contentUrl":"https:\/\/secure.gravatar.com\/avatar\/3985c961109853010c3fbc7ba30365bfba5db3dd6c525831d9c595c7525a615a?s=96&d=mm&r=g","caption":"ktmin"},"sameAs":["https:\/\/kt.gov.rs"],"url":"https:\/\/kt.gov.rs\/sq\/author\/ktmin\/"}]}},"_links":{"self":[{"href":"https:\/\/kt.gov.rs\/sq\/wp-json\/wp\/v2\/posts\/142412","targetHints":{"allow":["GET"]}}],"collection":[{"href":"https:\/\/kt.gov.rs\/sq\/wp-json\/wp\/v2\/posts"}],"about":[{"href":"https:\/\/kt.gov.rs\/sq\/wp-json\/wp\/v2\/types\/post"}],"author":[{"embeddable":true,"href":"https:\/\/kt.gov.rs\/sq\/wp-json\/wp\/v2\/users\/1"}],"replies":[{"embeddable":true,"href":"https:\/\/kt.gov.rs\/sq\/wp-json\/wp\/v2\/comments?post=142412"}],"version-history":[{"count":0,"href":"https:\/\/kt.gov.rs\/sq\/wp-json\/wp\/v2\/posts\/142412\/revisions"}],"wp:attachment":[{"href":"https:\/\/kt.gov.rs\/sq\/wp-json\/wp\/v2\/media?parent=142412"}],"wp:term":[{"taxonomy":"category","embeddable":true,"href":"https:\/\/kt.gov.rs\/sq\/wp-json\/wp\/v2\/categories?post=142412"},{"taxonomy":"post_tag","embeddable":true,"href":"https:\/\/kt.gov.rs\/sq\/wp-json\/wp\/v2\/tags?post=142412"}],"curies":[{"name":"wp","href":"https:\/\/api.w.org\/{rel}","templated":true}]}}