{"id":142390,"date":"2011-02-28T00:00:00","date_gmt":"2011-02-28T00:00:00","guid":{"rendered":"http:\/\/kt.printandscreen.rs\/nxenesit-e-shkollave-te-mesme-nga-bujanoci-dhe-presheva-per-vizite-ne-novi-sad\/"},"modified":"2024-07-30T20:21:11","modified_gmt":"2024-07-30T20:21:11","slug":"nxenesit-e-shkollave-te-mesme-nga-bujanoci-dhe-presheva-per-vizite-ne-novi-sad","status":"publish","type":"post","link":"https:\/\/kt.gov.rs\/sq\/nxenesit-e-shkollave-te-mesme-nga-bujanoci-dhe-presheva-per-vizite-ne-novi-sad\/","title":{"rendered":"NX\u00cbN\u00cbSIT E SHKOLLAVE T\u00cb MESME NGA BUJANOCI DHE PRESHEVA P\u00cbR VIZIT\u00cb N\u00cb NOVI SAD"},"content":{"rendered":"<p><img decoding=\"async\" align=\"left\" src=\"https:\/\/kt.gov.rs\/wp-content\/uploads\/2024\/07\/newspic492-4.jpg\" alt=\"\" \/>Nj\u00eb grup prej 88 nx\u00ebn\u00ebsish t\u00eb shkollave t\u00eb mesme nga Bujanoci dhe Presheva, t\u00eb premten vizitoi Novi Sadin. Vizita \u00ebsht\u00eb organizuar nga Trupi Koordinues i Qeveris\u00eb s\u00eb Republi\u00ebs s\u00eb Serbis\u00eb p\u00ebr komunat Preshev\u00eb, Bujanoc dhe Medvegj\u00eb si dhe Sekretariati krahinor\u00eb i arsimit.<\/p>\n<p>Trupi Koordinues k\u00ebt\u00eb vit finanson 10 sudent\u00eb nga Bujanoci dhe Presheva t\u00eb cil\u00ebt shprehin d\u00ebshir\u00ebn t\u00eb studjojn\u00eb n\u00eb Novi Sad. P\u00ebr t\u00eb pasur nj\u00eb pasqyr\u00eb p\u00ebr qytetin, Univerzitetin dhe p\u00ebr kushtet e studimit, \u00ebsht\u00eb organizuar nj\u00eb vizit\u00eb dyditore n\u00eb Novi Sad.<\/p>\n<p>Me t\u00eb arritur n\u00eb Novi Sad, nx\u00ebn\u00ebsit i ka p\u00ebrsh\u00ebndetur kryetari i KA t\u00eb Vojvodin\u00ebs Bojan Pajtiq, kryetari i Trupit Koordinues ministri Millan Markoviq si dhe sekretari p\u00ebr arsim Zolltan Jegesh.<\/p>\n<p>,,\u00cbsht\u00eb shum\u00eb me r\u00ebnd\u00ebsi q\u00eb n\u00eb k\u00ebt\u00eb pjes\u00eb t\u00eb shtetit ton\u00eb t\u00eb p\u00ebrcjellim frym\u00ebn e toleranc\u00ebs si dhe bashk\u00ebjetes\u00ebn e mir\u00eb siq e kemi ne n\u00eb Vojvodin\u00eb. Qeveria Krahinore d\u00ebshiron q\u00eb p\u00ebrmes arsimit, rinis\u00eb s\u00eb k\u00ebsaj pjese t\u00eb Serbis\u00eb jugore t\u2019u mund\u00ebsoj\u00eb q\u00eb periudh\u00ebn e jet\u00ebs s\u00eb tyre m\u00eb produktive ta kalojn\u00eb n\u00eb nj\u00eb atmosfer\u00eb pozitive ku pjes\u00ebtar\u00ebt e etniteteve t\u00eb ndryshme t\u2019i ndjej\u00eb si shok\u00eb e jo si kund\u00ebrshtar\u00eb t\u00eb tyre. Ambicia jon\u00eb\u00a0 \u00ebsht\u00eb q\u00eb k\u00ebta t\u00eb rinj\u00eb t\u00eb njhen me moshatar\u00ebt e tyre t\u00eb nacionaliteteve t\u00eb ndryshme q\u00eb studjojn\u00eb n\u00eb Novi Sad, t\u00eb njihen me plan\u00ebprogramin e Univerzitetit si dhe me mund\u00ebsin\u00eb e shkollimit n\u00eb qytetet tjera t\u00eb Vojvodin\u00ebs si dhe t\u00eb drejtohen p\u00ebr shkollimin e m\u00ebtutjesh\u00ebm n\u00eb k\u00ebt\u00eb Univerzitet\u2019\u2019, deklaroi Pajtiq.<\/p>\n<p>Kryetari i Trupit Koordinues ministri Millan Markoviq theksoi se kjo vizit\u00eb \u00ebsht\u00eb nj\u00eb ide q\u00eb t\u00eb rinj\u00ebt nga Bujanoci dhe Presheva t\u00eb fitojn\u00eb diploma sipas standardeve m\u00eb t\u00eb larta. ,,Univerziteti i Novi Sadit u ofron k\u00ebt\u00eb mund\u00ebsi, nd\u00ebrsa Novi Sadi \u00ebsht\u00eb shembull se si jetohet n\u00eb harmoni me etnitetet tjera. Q\u00ebllimi tjet\u00ebr \u00ebsht\u00eb q\u00eb t\u00eb hapet perspektiva p\u00ebr nx\u00ebn\u00ebsit nga Presheva dhe Bujanoci q\u00eb me aft\u00ebsit\u00eb dhe zgjuart\u00ebsit\u00eb e tyre t\u00eb p\u00ebrfituara mund t\u00eb ndihmojn\u00eb komunat n\u00eb t\u00eb cilat jetojn\u00eb e posaq\u00ebrisht t\u00eb sigurojn\u00eb p\u00ebr veti nj\u00eb jet\u00eb m\u00eb t\u00eb mir\u00eb dhe m\u00eb kualitative\u2019\u2019.<\/p>\n<p>,,Sipas Trupit Koordinues, zgjidhja e problemeve t\u00eb cilat i kemi pasur n\u00eb Bujanoc dhe Preshev\u00eb, \u00ebsht\u00eb investimi n\u00eb arsimimin e rinis\u00eb si dhe mund\u00ebsia e jetes\u00ebs s\u00eb p\u00ebrbashk\u00ebt. P\u00ebr k\u00ebt\u00eb arsye, Vojvodina \u00ebsht\u00eb pasqyra m\u00eb e mir\u00eb\u2019\u2019, shtoi Markoviq.<\/p>\n<p>Nikoqir i nx\u00ebn\u00ebsve t\u00eb shkollave t\u00eb mesme nga Serbia jugore ka qen\u00eb edhe sekretari krahinor\u00eb p\u00ebr arsim Zolltan Jegesh. Ai u paraqiti nx\u00ebn\u00ebsve pasqyr\u00ebn e jet\u00ebs reale n\u00eb Vojvodin\u00eb dhe u foli mbi multikulturalitetin i cili \u00ebsht\u00eb specifik p\u00ebr Vojvodin\u00ebn e cila kultivohet me kujdes\u00eb dhe p\u00ebr t\u00eb cil\u00ebn shumica ndjehen krenar\u00eb. Nx\u00ebn\u00ebsit e shkollave t\u00eb mesme pat\u00ebn rastin t\u00eb njoftohen edhe p\u00ebr shkollimin e p\u00ebrfaq\u00ebsuesve t\u00eb komuniteteve pakic\u00eb si dhe p\u00ebr m\u00ebnyr\u00ebn e respektimit t\u00eb identitetit t\u00eb pakicave komb\u00ebtare dhe integrimin e tyre.<\/p>\n<p><img decoding=\"async\" align=\"left\" src=\"https:\/\/kt.gov.rs\/wp-content\/uploads\/2024\/07\/newspic493-2.jpg\" alt=\"\" \/>Nx\u00ebn\u00ebsit vizituan edhe Panairin e arsimit dhe t\u00eb librit ku kan\u00eb pasur mund\u00ebsi t\u00eb informohen rreth kushteve t\u00eb regjistrimit n\u00eb \u00e7do univerzitet. N\u00eb dit\u00ebn e dyt\u00eb t\u00eb vizit\u00ebs, nx\u00ebn\u00ebsit nga Bujanoci dhe Presheva vizituan kalan\u00eb e Petrovaradinit e m\u00eb pastaj shetit\u00ebn n\u00ebp\u00ebr qytetin e Novi Sadit.<\/p>\n<p>N\u00eb fund t\u00eb vizit\u00ebs s\u00eb tyre ata jan\u00eb takuar me rektorin e univerzitetit Mirosllav Veskoviq i cili u prezentoi konviktin e student\u00ebve. Veskoviq nx\u00ebn\u00ebsve ufoli disa fjal\u00eb mbi Univerzitetin dhe p\u00ebr gjth\u00eb ate q\u00eb ky Univerzitet u ofron t\u00eb rinj\u00ebve t\u00eb cil\u00ebt kan\u00eb d\u00ebshir\u00eb dhe ambicie t\u00eb shkollohen dhe t\u00eb p\u00ebrfitojn\u00eb arsim t\u00eb lart\u00eb.<\/p>\n","protected":false},"excerpt":{"rendered":"<p>Nj\u00eb grup prej 88 nx\u00ebn\u00ebsish t\u00eb shkollave t\u00eb mesme nga Bujanoci dhe  Presheva, t\u00eb premten vizitoi Novi Sadin. Vizita \u00ebsht\u00eb organizuar nga  Trupi Koordinues i Qeveris\u00eb s\u00eb Republi\u00ebs s\u00eb Serbis\u00eb p\u00ebr komunat  Preshev\u00eb, Bujanoc dhe Medvegj\u00eb si dhe Sekretariati krahinor\u00eb i arsimit.<\/p>\n","protected":false},"author":1,"featured_media":142398,"comment_status":"closed","ping_status":"closed","sticky":false,"template":"","format":"standard","meta":{"footnotes":""},"categories":[55],"tags":[],"class_list":["post-142390","post","type-post","status-publish","format-standard","has-post-thumbnail","hentry","category-lajme"],"yoast_head":"<!-- This site is optimized with the Yoast SEO plugin v27.5 - https:\/\/yoast.com\/product\/yoast-seo-wordpress\/ -->\n<title>NX\u00cbN\u00cbSIT E SHKOLLAVE T\u00cb MESME NGA BUJANOCI DHE PRESHEVA P\u00cbR VIZIT\u00cb N\u00cb NOVI SAD - Republika e S\u00ebrbis\u00eb Trupi Koordinues p\u00ebr komunat Bujanoc, Preshev\u00eb dhe Medvegj\u00eb<\/title>\n<meta name=\"robots\" content=\"index, follow, max-snippet:-1, max-image-preview:large, max-video-preview:-1\" \/>\n<link rel=\"canonical\" href=\"https:\/\/kt.gov.rs\/sq\/nxenesit-e-shkollave-te-mesme-nga-bujanoci-dhe-presheva-per-vizite-ne-novi-sad\/\" \/>\n<meta property=\"og:locale\" content=\"sq_AL\" \/>\n<meta property=\"og:type\" content=\"article\" \/>\n<meta property=\"og:title\" content=\"NX\u00cbN\u00cbSIT E SHKOLLAVE T\u00cb MESME NGA BUJANOCI DHE PRESHEVA P\u00cbR VIZIT\u00cb N\u00cb NOVI SAD - Republika e S\u00ebrbis\u00eb Trupi Koordinues p\u00ebr komunat Bujanoc, Preshev\u00eb dhe Medvegj\u00eb\" \/>\n<meta property=\"og:description\" content=\"Nj\u00eb grup prej 88 nx\u00ebn\u00ebsish t\u00eb shkollave t\u00eb mesme nga Bujanoci dhe Presheva, t\u00eb premten vizitoi Novi Sadin. Vizita \u00ebsht\u00eb organizuar nga Trupi Koordinues i Qeveris\u00eb s\u00eb Republi\u00ebs s\u00eb Serbis\u00eb p\u00ebr komunat Preshev\u00eb, Bujanoc dhe Medvegj\u00eb si dhe Sekretariati krahinor\u00eb i arsimit.\" \/>\n<meta property=\"og:url\" content=\"https:\/\/kt.gov.rs\/sq\/nxenesit-e-shkollave-te-mesme-nga-bujanoci-dhe-presheva-per-vizite-ne-novi-sad\/\" \/>\n<meta property=\"og:site_name\" content=\"Republika e S\u00ebrbis\u00eb Trupi Koordinues p\u00ebr komunat Bujanoc, Preshev\u00eb dhe Medvegj\u00eb\" \/>\n<meta property=\"article:publisher\" content=\"https:\/\/www.facebook.com\/SluzbaKoordinacionogTelaVladeRepublikeSrbije\" \/>\n<meta property=\"article:published_time\" content=\"2011-02-28T00:00:00+00:00\" \/>\n<meta property=\"article:modified_time\" content=\"2024-07-30T20:21:11+00:00\" \/>\n<meta property=\"og:image\" content=\"https:\/\/kt.gov.rs\/wp-content\/uploads\/2024\/07\/newspic492-5.jpg\" \/>\n\t<meta property=\"og:image:width\" content=\"265\" \/>\n\t<meta property=\"og:image:height\" content=\"200\" \/>\n\t<meta property=\"og:image:type\" content=\"image\/jpeg\" \/>\n<meta name=\"author\" content=\"ktmin\" \/>\n<meta name=\"twitter:card\" content=\"summary_large_image\" \/>\n<meta name=\"twitter:creator\" content=\"@kt_gov\" \/>\n<meta name=\"twitter:site\" content=\"@kt_gov\" \/>\n<meta name=\"twitter:label1\" content=\"Written by\" \/>\n\t<meta name=\"twitter:data1\" content=\"ktmin\" \/>\n\t<meta name=\"twitter:label2\" content=\"Est. reading time\" \/>\n\t<meta name=\"twitter:data2\" content=\"3 minutes\" \/>\n<script type=\"application\/ld+json\" class=\"yoast-schema-graph\">{\"@context\":\"https:\\\/\\\/schema.org\",\"@graph\":[{\"@type\":\"Article\",\"@id\":\"https:\\\/\\\/kt.gov.rs\\\/sq\\\/nxenesit-e-shkollave-te-mesme-nga-bujanoci-dhe-presheva-per-vizite-ne-novi-sad\\\/#article\",\"isPartOf\":{\"@id\":\"https:\\\/\\\/kt.gov.rs\\\/sq\\\/nxenesit-e-shkollave-te-mesme-nga-bujanoci-dhe-presheva-per-vizite-ne-novi-sad\\\/\"},\"author\":{\"name\":\"ktmin\",\"@id\":\"https:\\\/\\\/kt.gov.rs\\\/#\\\/schema\\\/person\\\/e426459ddb4173309103390602694571\"},\"headline\":\"NX\u00cbN\u00cbSIT E SHKOLLAVE T\u00cb MESME NGA BUJANOCI DHE PRESHEVA P\u00cbR VIZIT\u00cb N\u00cb NOVI SAD\",\"datePublished\":\"2011-02-28T00:00:00+00:00\",\"dateModified\":\"2024-07-30T20:21:11+00:00\",\"mainEntityOfPage\":{\"@id\":\"https:\\\/\\\/kt.gov.rs\\\/sq\\\/nxenesit-e-shkollave-te-mesme-nga-bujanoci-dhe-presheva-per-vizite-ne-novi-sad\\\/\"},\"wordCount\":684,\"publisher\":{\"@id\":\"https:\\\/\\\/kt.gov.rs\\\/#organization\"},\"image\":{\"@id\":\"https:\\\/\\\/kt.gov.rs\\\/sq\\\/nxenesit-e-shkollave-te-mesme-nga-bujanoci-dhe-presheva-per-vizite-ne-novi-sad\\\/#primaryimage\"},\"thumbnailUrl\":\"https:\\\/\\\/kt.gov.rs\\\/wp-content\\\/uploads\\\/2024\\\/07\\\/newspic492-5.jpg\",\"articleSection\":[\"Lajme\"],\"inLanguage\":\"sq-AL\"},{\"@type\":\"WebPage\",\"@id\":\"https:\\\/\\\/kt.gov.rs\\\/sq\\\/nxenesit-e-shkollave-te-mesme-nga-bujanoci-dhe-presheva-per-vizite-ne-novi-sad\\\/\",\"url\":\"https:\\\/\\\/kt.gov.rs\\\/sq\\\/nxenesit-e-shkollave-te-mesme-nga-bujanoci-dhe-presheva-per-vizite-ne-novi-sad\\\/\",\"name\":\"NX\u00cbN\u00cbSIT E SHKOLLAVE T\u00cb MESME NGA BUJANOCI DHE PRESHEVA P\u00cbR VIZIT\u00cb N\u00cb NOVI SAD - Republika e S\u00ebrbis\u00eb Trupi Koordinues p\u00ebr komunat Bujanoc, Preshev\u00eb dhe Medvegj\u00eb\",\"isPartOf\":{\"@id\":\"https:\\\/\\\/kt.gov.rs\\\/#website\"},\"primaryImageOfPage\":{\"@id\":\"https:\\\/\\\/kt.gov.rs\\\/sq\\\/nxenesit-e-shkollave-te-mesme-nga-bujanoci-dhe-presheva-per-vizite-ne-novi-sad\\\/#primaryimage\"},\"image\":{\"@id\":\"https:\\\/\\\/kt.gov.rs\\\/sq\\\/nxenesit-e-shkollave-te-mesme-nga-bujanoci-dhe-presheva-per-vizite-ne-novi-sad\\\/#primaryimage\"},\"thumbnailUrl\":\"https:\\\/\\\/kt.gov.rs\\\/wp-content\\\/uploads\\\/2024\\\/07\\\/newspic492-5.jpg\",\"datePublished\":\"2011-02-28T00:00:00+00:00\",\"dateModified\":\"2024-07-30T20:21:11+00:00\",\"breadcrumb\":{\"@id\":\"https:\\\/\\\/kt.gov.rs\\\/sq\\\/nxenesit-e-shkollave-te-mesme-nga-bujanoci-dhe-presheva-per-vizite-ne-novi-sad\\\/#breadcrumb\"},\"inLanguage\":\"sq-AL\",\"potentialAction\":[{\"@type\":\"ReadAction\",\"target\":[\"https:\\\/\\\/kt.gov.rs\\\/sq\\\/nxenesit-e-shkollave-te-mesme-nga-bujanoci-dhe-presheva-per-vizite-ne-novi-sad\\\/\"]}]},{\"@type\":\"ImageObject\",\"inLanguage\":\"sq-AL\",\"@id\":\"https:\\\/\\\/kt.gov.rs\\\/sq\\\/nxenesit-e-shkollave-te-mesme-nga-bujanoci-dhe-presheva-per-vizite-ne-novi-sad\\\/#primaryimage\",\"url\":\"https:\\\/\\\/kt.gov.rs\\\/wp-content\\\/uploads\\\/2024\\\/07\\\/newspic492-5.jpg\",\"contentUrl\":\"https:\\\/\\\/kt.gov.rs\\\/wp-content\\\/uploads\\\/2024\\\/07\\\/newspic492-5.jpg\",\"width\":265,\"height\":200},{\"@type\":\"BreadcrumbList\",\"@id\":\"https:\\\/\\\/kt.gov.rs\\\/sq\\\/nxenesit-e-shkollave-te-mesme-nga-bujanoci-dhe-presheva-per-vizite-ne-novi-sad\\\/#breadcrumb\",\"itemListElement\":[{\"@type\":\"ListItem\",\"position\":1,\"name\":\"\u041f\u043e\u0447\u0435\u0442\u043d\u0430\",\"item\":\"https:\\\/\\\/kt.gov.rs\\\/sq\\\/\"},{\"@type\":\"ListItem\",\"position\":2,\"name\":\"NX\u00cbN\u00cbSIT E SHKOLLAVE T\u00cb MESME NGA BUJANOCI DHE PRESHEVA P\u00cbR VIZIT\u00cb N\u00cb NOVI SAD\"}]},{\"@type\":\"WebSite\",\"@id\":\"https:\\\/\\\/kt.gov.rs\\\/#website\",\"url\":\"https:\\\/\\\/kt.gov.rs\\\/\",\"name\":\"\u041a\u043e\u043e\u0440\u0434\u0438\u043d\u0430\u0446\u0438\u043e\u043d\u043e \u0442\u0435\u043b\u043e \u0412\u043b\u0430\u0434\u0435 \u0420\u0435\u043f\u0443\u0431\u043b\u0438\u043a\u0435 \u0421\u0440\u0431\u0438\u0458\u0435 \u0437\u0430 \u043e\u043f\u0448\u0442\u0438\u043d\u0435 \u041f\u0440\u0435\u0448\u0435\u0432\u043e, \u0411\u0443\u0458\u0430\u043d\u043e\u0432\u0430\u0446 \u0438 \u041c\u0435\u0434\u0432\u0435\u0452a\",\"description\":\"\",\"publisher\":{\"@id\":\"https:\\\/\\\/kt.gov.rs\\\/#organization\"},\"alternateName\":\"\u041a\u043e\u043e\u0440\u0434\u0438\u043d\u0430\u0446\u0438\u043e\u043d\u043e \u0442\u0435\u043b\u043e\",\"potentialAction\":[{\"@type\":\"SearchAction\",\"target\":{\"@type\":\"EntryPoint\",\"urlTemplate\":\"https:\\\/\\\/kt.gov.rs\\\/?s={search_term_string}\"},\"query-input\":{\"@type\":\"PropertyValueSpecification\",\"valueRequired\":true,\"valueName\":\"search_term_string\"}}],\"inLanguage\":\"sq-AL\"},{\"@type\":\"Organization\",\"@id\":\"https:\\\/\\\/kt.gov.rs\\\/#organization\",\"name\":\"\u041a\u043e\u043e\u0440\u0434\u0438\u043d\u0430\u0446\u0438\u043e\u043d\u043e \u0442\u0435\u043b\u043e \u0412\u043b\u0430\u0434\u0435 \u0420\u0435\u043f\u0443\u0431\u043b\u0438\u043a\u0435 \u0421\u0440\u0431\u0438\u0458\u0435 \u0437\u0430 \u043e\u043f\u0448\u0442\u0438\u043d\u0435 \u041f\u0440\u0435\u0448\u0435\u0432\u043e, \u0411\u0443\u0458\u0430\u043d\u043e\u0432\u0430\u0446 \u0438 \u041c\u0435\u0434\u0432\u0435\u0452a\",\"alternateName\":\"\u041a\u043e\u043e\u0440\u0434\u0438\u043d\u0430\u0446\u0438\u043e\u043d\u043e \u0442\u0435\u043b\u043e\",\"url\":\"https:\\\/\\\/kt.gov.rs\\\/\",\"logo\":{\"@type\":\"ImageObject\",\"inLanguage\":\"sq-AL\",\"@id\":\"https:\\\/\\\/kt.gov.rs\\\/#\\\/schema\\\/logo\\\/image\\\/\",\"url\":\"https:\\\/\\\/kt.gov.rs\\\/wp-content\\\/uploads\\\/2024\\\/12\\\/koord2.jpg\",\"contentUrl\":\"https:\\\/\\\/kt.gov.rs\\\/wp-content\\\/uploads\\\/2024\\\/12\\\/koord2.jpg\",\"width\":640,\"height\":480,\"caption\":\"\u041a\u043e\u043e\u0440\u0434\u0438\u043d\u0430\u0446\u0438\u043e\u043d\u043e \u0442\u0435\u043b\u043e \u0412\u043b\u0430\u0434\u0435 \u0420\u0435\u043f\u0443\u0431\u043b\u0438\u043a\u0435 \u0421\u0440\u0431\u0438\u0458\u0435 \u0437\u0430 \u043e\u043f\u0448\u0442\u0438\u043d\u0435 \u041f\u0440\u0435\u0448\u0435\u0432\u043e, \u0411\u0443\u0458\u0430\u043d\u043e\u0432\u0430\u0446 \u0438 \u041c\u0435\u0434\u0432\u0435\u0452a\"},\"image\":{\"@id\":\"https:\\\/\\\/kt.gov.rs\\\/#\\\/schema\\\/logo\\\/image\\\/\"},\"sameAs\":[\"https:\\\/\\\/www.facebook.com\\\/SluzbaKoordinacionogTelaVladeRepublikeSrbije\",\"https:\\\/\\\/x.com\\\/kt_gov\",\"https:\\\/\\\/www.youtube.com\\\/@koordinacionotelo\"]},{\"@type\":\"Person\",\"@id\":\"https:\\\/\\\/kt.gov.rs\\\/#\\\/schema\\\/person\\\/e426459ddb4173309103390602694571\",\"name\":\"ktmin\",\"image\":{\"@type\":\"ImageObject\",\"inLanguage\":\"sq-AL\",\"@id\":\"https:\\\/\\\/secure.gravatar.com\\\/avatar\\\/3985c961109853010c3fbc7ba30365bfba5db3dd6c525831d9c595c7525a615a?s=96&d=mm&r=g\",\"url\":\"https:\\\/\\\/secure.gravatar.com\\\/avatar\\\/3985c961109853010c3fbc7ba30365bfba5db3dd6c525831d9c595c7525a615a?s=96&d=mm&r=g\",\"contentUrl\":\"https:\\\/\\\/secure.gravatar.com\\\/avatar\\\/3985c961109853010c3fbc7ba30365bfba5db3dd6c525831d9c595c7525a615a?s=96&d=mm&r=g\",\"caption\":\"ktmin\"},\"sameAs\":[\"https:\\\/\\\/kt.gov.rs\"],\"url\":\"https:\\\/\\\/kt.gov.rs\\\/sq\\\/author\\\/ktmin\\\/\"}]}<\/script>\n<!-- \/ Yoast SEO plugin. -->","yoast_head_json":{"title":"NX\u00cbN\u00cbSIT E SHKOLLAVE T\u00cb MESME NGA BUJANOCI DHE PRESHEVA P\u00cbR VIZIT\u00cb N\u00cb NOVI SAD - Republika e S\u00ebrbis\u00eb Trupi Koordinues p\u00ebr komunat Bujanoc, Preshev\u00eb dhe Medvegj\u00eb","robots":{"index":"index","follow":"follow","max-snippet":"max-snippet:-1","max-image-preview":"max-image-preview:large","max-video-preview":"max-video-preview:-1"},"canonical":"https:\/\/kt.gov.rs\/sq\/nxenesit-e-shkollave-te-mesme-nga-bujanoci-dhe-presheva-per-vizite-ne-novi-sad\/","og_locale":"sq_AL","og_type":"article","og_title":"NX\u00cbN\u00cbSIT E SHKOLLAVE T\u00cb MESME NGA BUJANOCI DHE PRESHEVA P\u00cbR VIZIT\u00cb N\u00cb NOVI SAD - Republika e S\u00ebrbis\u00eb Trupi Koordinues p\u00ebr komunat Bujanoc, Preshev\u00eb dhe Medvegj\u00eb","og_description":"Nj\u00eb grup prej 88 nx\u00ebn\u00ebsish t\u00eb shkollave t\u00eb mesme nga Bujanoci dhe Presheva, t\u00eb premten vizitoi Novi Sadin. Vizita \u00ebsht\u00eb organizuar nga Trupi Koordinues i Qeveris\u00eb s\u00eb Republi\u00ebs s\u00eb Serbis\u00eb p\u00ebr komunat Preshev\u00eb, Bujanoc dhe Medvegj\u00eb si dhe Sekretariati krahinor\u00eb i arsimit.","og_url":"https:\/\/kt.gov.rs\/sq\/nxenesit-e-shkollave-te-mesme-nga-bujanoci-dhe-presheva-per-vizite-ne-novi-sad\/","og_site_name":"Republika e S\u00ebrbis\u00eb Trupi Koordinues p\u00ebr komunat Bujanoc, Preshev\u00eb dhe Medvegj\u00eb","article_publisher":"https:\/\/www.facebook.com\/SluzbaKoordinacionogTelaVladeRepublikeSrbije","article_published_time":"2011-02-28T00:00:00+00:00","article_modified_time":"2024-07-30T20:21:11+00:00","og_image":[{"width":265,"height":200,"url":"https:\/\/kt.gov.rs\/wp-content\/uploads\/2024\/07\/newspic492-5.jpg","type":"image\/jpeg"}],"author":"ktmin","twitter_card":"summary_large_image","twitter_creator":"@kt_gov","twitter_site":"@kt_gov","twitter_misc":{"Written by":"ktmin","Est. reading time":"3 minutes"},"schema":{"@context":"https:\/\/schema.org","@graph":[{"@type":"Article","@id":"https:\/\/kt.gov.rs\/sq\/nxenesit-e-shkollave-te-mesme-nga-bujanoci-dhe-presheva-per-vizite-ne-novi-sad\/#article","isPartOf":{"@id":"https:\/\/kt.gov.rs\/sq\/nxenesit-e-shkollave-te-mesme-nga-bujanoci-dhe-presheva-per-vizite-ne-novi-sad\/"},"author":{"name":"ktmin","@id":"https:\/\/kt.gov.rs\/#\/schema\/person\/e426459ddb4173309103390602694571"},"headline":"NX\u00cbN\u00cbSIT E SHKOLLAVE T\u00cb MESME NGA BUJANOCI DHE PRESHEVA P\u00cbR VIZIT\u00cb N\u00cb NOVI SAD","datePublished":"2011-02-28T00:00:00+00:00","dateModified":"2024-07-30T20:21:11+00:00","mainEntityOfPage":{"@id":"https:\/\/kt.gov.rs\/sq\/nxenesit-e-shkollave-te-mesme-nga-bujanoci-dhe-presheva-per-vizite-ne-novi-sad\/"},"wordCount":684,"publisher":{"@id":"https:\/\/kt.gov.rs\/#organization"},"image":{"@id":"https:\/\/kt.gov.rs\/sq\/nxenesit-e-shkollave-te-mesme-nga-bujanoci-dhe-presheva-per-vizite-ne-novi-sad\/#primaryimage"},"thumbnailUrl":"https:\/\/kt.gov.rs\/wp-content\/uploads\/2024\/07\/newspic492-5.jpg","articleSection":["Lajme"],"inLanguage":"sq-AL"},{"@type":"WebPage","@id":"https:\/\/kt.gov.rs\/sq\/nxenesit-e-shkollave-te-mesme-nga-bujanoci-dhe-presheva-per-vizite-ne-novi-sad\/","url":"https:\/\/kt.gov.rs\/sq\/nxenesit-e-shkollave-te-mesme-nga-bujanoci-dhe-presheva-per-vizite-ne-novi-sad\/","name":"NX\u00cbN\u00cbSIT E SHKOLLAVE T\u00cb MESME NGA BUJANOCI DHE PRESHEVA P\u00cbR VIZIT\u00cb N\u00cb NOVI SAD - Republika e S\u00ebrbis\u00eb Trupi Koordinues p\u00ebr komunat Bujanoc, Preshev\u00eb dhe Medvegj\u00eb","isPartOf":{"@id":"https:\/\/kt.gov.rs\/#website"},"primaryImageOfPage":{"@id":"https:\/\/kt.gov.rs\/sq\/nxenesit-e-shkollave-te-mesme-nga-bujanoci-dhe-presheva-per-vizite-ne-novi-sad\/#primaryimage"},"image":{"@id":"https:\/\/kt.gov.rs\/sq\/nxenesit-e-shkollave-te-mesme-nga-bujanoci-dhe-presheva-per-vizite-ne-novi-sad\/#primaryimage"},"thumbnailUrl":"https:\/\/kt.gov.rs\/wp-content\/uploads\/2024\/07\/newspic492-5.jpg","datePublished":"2011-02-28T00:00:00+00:00","dateModified":"2024-07-30T20:21:11+00:00","breadcrumb":{"@id":"https:\/\/kt.gov.rs\/sq\/nxenesit-e-shkollave-te-mesme-nga-bujanoci-dhe-presheva-per-vizite-ne-novi-sad\/#breadcrumb"},"inLanguage":"sq-AL","potentialAction":[{"@type":"ReadAction","target":["https:\/\/kt.gov.rs\/sq\/nxenesit-e-shkollave-te-mesme-nga-bujanoci-dhe-presheva-per-vizite-ne-novi-sad\/"]}]},{"@type":"ImageObject","inLanguage":"sq-AL","@id":"https:\/\/kt.gov.rs\/sq\/nxenesit-e-shkollave-te-mesme-nga-bujanoci-dhe-presheva-per-vizite-ne-novi-sad\/#primaryimage","url":"https:\/\/kt.gov.rs\/wp-content\/uploads\/2024\/07\/newspic492-5.jpg","contentUrl":"https:\/\/kt.gov.rs\/wp-content\/uploads\/2024\/07\/newspic492-5.jpg","width":265,"height":200},{"@type":"BreadcrumbList","@id":"https:\/\/kt.gov.rs\/sq\/nxenesit-e-shkollave-te-mesme-nga-bujanoci-dhe-presheva-per-vizite-ne-novi-sad\/#breadcrumb","itemListElement":[{"@type":"ListItem","position":1,"name":"\u041f\u043e\u0447\u0435\u0442\u043d\u0430","item":"https:\/\/kt.gov.rs\/sq\/"},{"@type":"ListItem","position":2,"name":"NX\u00cbN\u00cbSIT E SHKOLLAVE T\u00cb MESME NGA BUJANOCI DHE PRESHEVA P\u00cbR VIZIT\u00cb N\u00cb NOVI SAD"}]},{"@type":"WebSite","@id":"https:\/\/kt.gov.rs\/#website","url":"https:\/\/kt.gov.rs\/","name":"\u041a\u043e\u043e\u0440\u0434\u0438\u043d\u0430\u0446\u0438\u043e\u043d\u043e \u0442\u0435\u043b\u043e \u0412\u043b\u0430\u0434\u0435 \u0420\u0435\u043f\u0443\u0431\u043b\u0438\u043a\u0435 \u0421\u0440\u0431\u0438\u0458\u0435 \u0437\u0430 \u043e\u043f\u0448\u0442\u0438\u043d\u0435 \u041f\u0440\u0435\u0448\u0435\u0432\u043e, \u0411\u0443\u0458\u0430\u043d\u043e\u0432\u0430\u0446 \u0438 \u041c\u0435\u0434\u0432\u0435\u0452a","description":"","publisher":{"@id":"https:\/\/kt.gov.rs\/#organization"},"alternateName":"\u041a\u043e\u043e\u0440\u0434\u0438\u043d\u0430\u0446\u0438\u043e\u043d\u043e \u0442\u0435\u043b\u043e","potentialAction":[{"@type":"SearchAction","target":{"@type":"EntryPoint","urlTemplate":"https:\/\/kt.gov.rs\/?s={search_term_string}"},"query-input":{"@type":"PropertyValueSpecification","valueRequired":true,"valueName":"search_term_string"}}],"inLanguage":"sq-AL"},{"@type":"Organization","@id":"https:\/\/kt.gov.rs\/#organization","name":"\u041a\u043e\u043e\u0440\u0434\u0438\u043d\u0430\u0446\u0438\u043e\u043d\u043e \u0442\u0435\u043b\u043e \u0412\u043b\u0430\u0434\u0435 \u0420\u0435\u043f\u0443\u0431\u043b\u0438\u043a\u0435 \u0421\u0440\u0431\u0438\u0458\u0435 \u0437\u0430 \u043e\u043f\u0448\u0442\u0438\u043d\u0435 \u041f\u0440\u0435\u0448\u0435\u0432\u043e, \u0411\u0443\u0458\u0430\u043d\u043e\u0432\u0430\u0446 \u0438 \u041c\u0435\u0434\u0432\u0435\u0452a","alternateName":"\u041a\u043e\u043e\u0440\u0434\u0438\u043d\u0430\u0446\u0438\u043e\u043d\u043e \u0442\u0435\u043b\u043e","url":"https:\/\/kt.gov.rs\/","logo":{"@type":"ImageObject","inLanguage":"sq-AL","@id":"https:\/\/kt.gov.rs\/#\/schema\/logo\/image\/","url":"https:\/\/kt.gov.rs\/wp-content\/uploads\/2024\/12\/koord2.jpg","contentUrl":"https:\/\/kt.gov.rs\/wp-content\/uploads\/2024\/12\/koord2.jpg","width":640,"height":480,"caption":"\u041a\u043e\u043e\u0440\u0434\u0438\u043d\u0430\u0446\u0438\u043e\u043d\u043e \u0442\u0435\u043b\u043e \u0412\u043b\u0430\u0434\u0435 \u0420\u0435\u043f\u0443\u0431\u043b\u0438\u043a\u0435 \u0421\u0440\u0431\u0438\u0458\u0435 \u0437\u0430 \u043e\u043f\u0448\u0442\u0438\u043d\u0435 \u041f\u0440\u0435\u0448\u0435\u0432\u043e, \u0411\u0443\u0458\u0430\u043d\u043e\u0432\u0430\u0446 \u0438 \u041c\u0435\u0434\u0432\u0435\u0452a"},"image":{"@id":"https:\/\/kt.gov.rs\/#\/schema\/logo\/image\/"},"sameAs":["https:\/\/www.facebook.com\/SluzbaKoordinacionogTelaVladeRepublikeSrbije","https:\/\/x.com\/kt_gov","https:\/\/www.youtube.com\/@koordinacionotelo"]},{"@type":"Person","@id":"https:\/\/kt.gov.rs\/#\/schema\/person\/e426459ddb4173309103390602694571","name":"ktmin","image":{"@type":"ImageObject","inLanguage":"sq-AL","@id":"https:\/\/secure.gravatar.com\/avatar\/3985c961109853010c3fbc7ba30365bfba5db3dd6c525831d9c595c7525a615a?s=96&d=mm&r=g","url":"https:\/\/secure.gravatar.com\/avatar\/3985c961109853010c3fbc7ba30365bfba5db3dd6c525831d9c595c7525a615a?s=96&d=mm&r=g","contentUrl":"https:\/\/secure.gravatar.com\/avatar\/3985c961109853010c3fbc7ba30365bfba5db3dd6c525831d9c595c7525a615a?s=96&d=mm&r=g","caption":"ktmin"},"sameAs":["https:\/\/kt.gov.rs"],"url":"https:\/\/kt.gov.rs\/sq\/author\/ktmin\/"}]}},"_links":{"self":[{"href":"https:\/\/kt.gov.rs\/sq\/wp-json\/wp\/v2\/posts\/142390","targetHints":{"allow":["GET"]}}],"collection":[{"href":"https:\/\/kt.gov.rs\/sq\/wp-json\/wp\/v2\/posts"}],"about":[{"href":"https:\/\/kt.gov.rs\/sq\/wp-json\/wp\/v2\/types\/post"}],"author":[{"embeddable":true,"href":"https:\/\/kt.gov.rs\/sq\/wp-json\/wp\/v2\/users\/1"}],"replies":[{"embeddable":true,"href":"https:\/\/kt.gov.rs\/sq\/wp-json\/wp\/v2\/comments?post=142390"}],"version-history":[{"count":1,"href":"https:\/\/kt.gov.rs\/sq\/wp-json\/wp\/v2\/posts\/142390\/revisions"}],"predecessor-version":[{"id":142397,"href":"https:\/\/kt.gov.rs\/sq\/wp-json\/wp\/v2\/posts\/142390\/revisions\/142397"}],"wp:featuredmedia":[{"embeddable":true,"href":"https:\/\/kt.gov.rs\/sq\/wp-json\/wp\/v2\/media\/142398"}],"wp:attachment":[{"href":"https:\/\/kt.gov.rs\/sq\/wp-json\/wp\/v2\/media?parent=142390"}],"wp:term":[{"taxonomy":"category","embeddable":true,"href":"https:\/\/kt.gov.rs\/sq\/wp-json\/wp\/v2\/categories?post=142390"},{"taxonomy":"post_tag","embeddable":true,"href":"https:\/\/kt.gov.rs\/sq\/wp-json\/wp\/v2\/tags?post=142390"}],"curies":[{"name":"wp","href":"https:\/\/api.w.org\/{rel}","templated":true}]}}