{"id":142376,"date":"2011-03-08T00:00:00","date_gmt":"2011-03-08T00:00:00","guid":{"rendered":"http:\/\/kt.printandscreen.rs\/8-3-2011\/"},"modified":"2011-03-08T00:00:00","modified_gmt":"2011-03-08T00:00:00","slug":"8-3-2011","status":"publish","type":"post","link":"https:\/\/kt.gov.rs\/sq\/8-3-2011\/","title":{"rendered":"8.3.2011."},"content":{"rendered":"<p><strong>VIJN\u00cb MYSAFIR NGA RUSIA <\/strong><\/p>\n<p>Leskoc, Banja e Sijarin\u00ebs \u2013 N\u00eb banj\u00ebn e Sijarin\u00ebs, e cila gjendet af\u00ebr Medvegj\u00ebs dhe zon\u00ebs kufitare me Kosov\u00ebn, shpresojn\u00eb se sezoni i k\u00ebtij\u00eb viti do t\u00eb jet\u00eb shum\u00eb i suksessh\u00ebm. Drejtori i Qendr\u00ebs Rehabilituese ,,Gejzir\u2019\u2019 dr. Milorad Babiq tha se interesimi i mysafir\u00ebve p\u00ebr q\u00ebndrim n\u00eb k\u00ebt\u00eb banj\u00eb gjat\u00eb sezonit t\u00eb dimrit ka qen\u00eb i ul\u00ebt p\u00ebr arsye t\u00eb koh\u00ebs s\u00eb ftoht\u00eb.<\/p>\n<p>K\u00ebt\u00eb vit\u00eb n\u00eb Banj\u00ebn e Sijarin\u00ebs presin nj\u00eb num\u00ebr t\u00eb konsiderueshm t\u00eb mysafir\u00ebve nga Rusia, apo nga Moska, p\u00ebr \u00e7ka edhe pritet n\u00eb dit\u00ebt e ardhshme t\u00eb n\u00ebnshkruhet nj\u00eb protokol i posaq\u00ebm. Numri m\u00eb i madh i mysafir\u00ebve do t\u00eb jet\u00eb nga Beogradi, Leskoci dhe Nishi.<\/p>\n<p>Qendra rehabilituese ,,Gejzir\u2019\u2019 posedon 277 vende, nd\u00ebrsa n\u00eb sht\u00ebpit\u00eb private ka edhe 1.500 krevat\u00eb. \u00c7mimi n\u00eb Qendr\u00ebn Rehabilituese duke p\u00ebrfshir\u00eb t\u00eb gjitha harxhimet dhe terapit\u00eb \u00ebsht\u00eb 1.990 dinar\u00eb dhe nuk do t\u00eb nd\u00ebrrohet.<br \/>\nBanja e Sijarin\u00ebs ka 18 uj\u00ebra sh\u00ebruese termale nd\u00ebrsa temperatura e ujit \u00ebsht\u00eb prej 32-72\u00ba Celsius.<\/p>\n<p>,,Banja \u00ebsht\u00eb nj\u00eb shans\u00eb i yn\u00eb p\u00ebr zhvillim dhe p\u00ebr ate zhvillimit t\u00eb saj do t\u2019i kushtojm\u00eb nj\u00eb v\u00ebmendje t\u00eb posaqme\u2019\u2019, deklaroi kryetari i Medvegj\u00ebs Sllobodan Drashkoviq.<\/p>\n<p>Vitet e fundit Banja e Sijarin\u00ebs ka fituar nj\u00eb fytyr\u00eb t\u00eb re dhe tash m\u00eb p\u00ebrpos si qend\u00ebr p\u00ebr sh\u00ebrim \u00ebsht\u00eb edhe qend\u00ebr p\u00ebr pushim t\u00eb shum\u00eb vizitor\u00eb nga t\u00eb gjitha vendet e Serbis\u00eb.<\/p>\n","protected":false},"excerpt":{"rendered":"<p>VIJN\u00cb MYSAFIR NGA RUSIA <\/p>\n<p>Leskoc, Banja e Sijarin\u00ebs \u2013 N\u00eb banj\u00ebn e  Sijarin\u00ebs, e cila gjendet af\u00ebr Medvegj\u00ebs dhe zon\u00ebs kufitare me Kosov\u00ebn,  shpresojn\u00eb se sezoni i k\u00ebtij\u00eb viti do t\u00eb jet\u00eb shum\u00eb i suksessh\u00ebm.  Drejtori i Qendr\u00ebs Rehabilituese ,,Gejzir\u2019\u2019 dr. Milorad Babiq tha se  interesimi i mysafir\u00ebve p\u00ebr q\u00ebndrim n\u00eb k\u00ebt\u00eb banj\u00eb gjat\u00eb sezonit t\u00eb  dimrit ka qen\u00eb i ul\u00ebt p\u00ebr arsye t\u00eb koh\u00ebs s\u00eb ftoht\u00eb.<\/p>\n","protected":false},"author":1,"featured_media":0,"comment_status":"closed","ping_status":"closed","sticky":false,"template":"","format":"standard","meta":{"footnotes":""},"categories":[55],"tags":[],"class_list":["post-142376","post","type-post","status-publish","format-standard","hentry","category-lajme"],"yoast_head":"<!-- This site is optimized with the Yoast SEO plugin v27.5 - https:\/\/yoast.com\/product\/yoast-seo-wordpress\/ -->\n<title>8.3.2011. - Republika e S\u00ebrbis\u00eb Trupi Koordinues p\u00ebr komunat Bujanoc, Preshev\u00eb dhe Medvegj\u00eb<\/title>\n<meta name=\"robots\" content=\"index, follow, max-snippet:-1, max-image-preview:large, max-video-preview:-1\" \/>\n<link rel=\"canonical\" href=\"https:\/\/kt.gov.rs\/sq\/8-3-2011\/\" \/>\n<meta property=\"og:locale\" content=\"sq_AL\" \/>\n<meta property=\"og:type\" content=\"article\" \/>\n<meta property=\"og:title\" content=\"8.3.2011. - Republika e S\u00ebrbis\u00eb Trupi Koordinues p\u00ebr komunat Bujanoc, Preshev\u00eb dhe Medvegj\u00eb\" \/>\n<meta property=\"og:description\" content=\"VIJN\u00cb MYSAFIR NGA RUSIA  Leskoc, Banja e Sijarin\u00ebs \u2013 N\u00eb banj\u00ebn e Sijarin\u00ebs, e cila gjendet af\u00ebr Medvegj\u00ebs dhe zon\u00ebs kufitare me Kosov\u00ebn, shpresojn\u00eb se sezoni i k\u00ebtij\u00eb viti do t\u00eb jet\u00eb shum\u00eb i suksessh\u00ebm. Drejtori i Qendr\u00ebs Rehabilituese ,,Gejzir\u2019\u2019 dr. Milorad Babiq tha se interesimi i mysafir\u00ebve p\u00ebr q\u00ebndrim n\u00eb k\u00ebt\u00eb banj\u00eb gjat\u00eb sezonit t\u00eb dimrit ka qen\u00eb i ul\u00ebt p\u00ebr arsye t\u00eb koh\u00ebs s\u00eb ftoht\u00eb.\" \/>\n<meta property=\"og:url\" content=\"https:\/\/kt.gov.rs\/sq\/8-3-2011\/\" \/>\n<meta property=\"og:site_name\" content=\"Republika e S\u00ebrbis\u00eb Trupi Koordinues p\u00ebr komunat Bujanoc, Preshev\u00eb dhe Medvegj\u00eb\" \/>\n<meta property=\"article:publisher\" content=\"https:\/\/www.facebook.com\/SluzbaKoordinacionogTelaVladeRepublikeSrbije\" \/>\n<meta property=\"article:published_time\" content=\"2011-03-08T00:00:00+00:00\" \/>\n<meta name=\"author\" content=\"ktmin\" \/>\n<meta name=\"twitter:card\" content=\"summary_large_image\" \/>\n<meta name=\"twitter:creator\" content=\"@kt_gov\" \/>\n<meta name=\"twitter:site\" content=\"@kt_gov\" \/>\n<meta name=\"twitter:label1\" content=\"Written by\" \/>\n\t<meta name=\"twitter:data1\" content=\"ktmin\" \/>\n\t<meta name=\"twitter:label2\" content=\"Est. reading time\" \/>\n\t<meta name=\"twitter:data2\" content=\"1 minute\" \/>\n<script type=\"application\/ld+json\" class=\"yoast-schema-graph\">{\"@context\":\"https:\\\/\\\/schema.org\",\"@graph\":[{\"@type\":\"Article\",\"@id\":\"https:\\\/\\\/kt.gov.rs\\\/sq\\\/8-3-2011\\\/#article\",\"isPartOf\":{\"@id\":\"https:\\\/\\\/kt.gov.rs\\\/sq\\\/8-3-2011\\\/\"},\"author\":{\"name\":\"ktmin\",\"@id\":\"https:\\\/\\\/kt.gov.rs\\\/#\\\/schema\\\/person\\\/e426459ddb4173309103390602694571\"},\"headline\":\"8.3.2011.\",\"datePublished\":\"2011-03-08T00:00:00+00:00\",\"mainEntityOfPage\":{\"@id\":\"https:\\\/\\\/kt.gov.rs\\\/sq\\\/8-3-2011\\\/\"},\"wordCount\":275,\"publisher\":{\"@id\":\"https:\\\/\\\/kt.gov.rs\\\/#organization\"},\"articleSection\":[\"Lajme\"],\"inLanguage\":\"sq-AL\"},{\"@type\":\"WebPage\",\"@id\":\"https:\\\/\\\/kt.gov.rs\\\/sq\\\/8-3-2011\\\/\",\"url\":\"https:\\\/\\\/kt.gov.rs\\\/sq\\\/8-3-2011\\\/\",\"name\":\"8.3.2011. - Republika e S\u00ebrbis\u00eb Trupi Koordinues p\u00ebr komunat Bujanoc, Preshev\u00eb dhe Medvegj\u00eb\",\"isPartOf\":{\"@id\":\"https:\\\/\\\/kt.gov.rs\\\/#website\"},\"datePublished\":\"2011-03-08T00:00:00+00:00\",\"breadcrumb\":{\"@id\":\"https:\\\/\\\/kt.gov.rs\\\/sq\\\/8-3-2011\\\/#breadcrumb\"},\"inLanguage\":\"sq-AL\",\"potentialAction\":[{\"@type\":\"ReadAction\",\"target\":[\"https:\\\/\\\/kt.gov.rs\\\/sq\\\/8-3-2011\\\/\"]}]},{\"@type\":\"BreadcrumbList\",\"@id\":\"https:\\\/\\\/kt.gov.rs\\\/sq\\\/8-3-2011\\\/#breadcrumb\",\"itemListElement\":[{\"@type\":\"ListItem\",\"position\":1,\"name\":\"\u041f\u043e\u0447\u0435\u0442\u043d\u0430\",\"item\":\"https:\\\/\\\/kt.gov.rs\\\/sq\\\/\"},{\"@type\":\"ListItem\",\"position\":2,\"name\":\"8.3.2011.\"}]},{\"@type\":\"WebSite\",\"@id\":\"https:\\\/\\\/kt.gov.rs\\\/#website\",\"url\":\"https:\\\/\\\/kt.gov.rs\\\/\",\"name\":\"\u041a\u043e\u043e\u0440\u0434\u0438\u043d\u0430\u0446\u0438\u043e\u043d\u043e \u0442\u0435\u043b\u043e \u0412\u043b\u0430\u0434\u0435 \u0420\u0435\u043f\u0443\u0431\u043b\u0438\u043a\u0435 \u0421\u0440\u0431\u0438\u0458\u0435 \u0437\u0430 \u043e\u043f\u0448\u0442\u0438\u043d\u0435 \u041f\u0440\u0435\u0448\u0435\u0432\u043e, \u0411\u0443\u0458\u0430\u043d\u043e\u0432\u0430\u0446 \u0438 \u041c\u0435\u0434\u0432\u0435\u0452a\",\"description\":\"\",\"publisher\":{\"@id\":\"https:\\\/\\\/kt.gov.rs\\\/#organization\"},\"alternateName\":\"\u041a\u043e\u043e\u0440\u0434\u0438\u043d\u0430\u0446\u0438\u043e\u043d\u043e \u0442\u0435\u043b\u043e\",\"potentialAction\":[{\"@type\":\"SearchAction\",\"target\":{\"@type\":\"EntryPoint\",\"urlTemplate\":\"https:\\\/\\\/kt.gov.rs\\\/?s={search_term_string}\"},\"query-input\":{\"@type\":\"PropertyValueSpecification\",\"valueRequired\":true,\"valueName\":\"search_term_string\"}}],\"inLanguage\":\"sq-AL\"},{\"@type\":\"Organization\",\"@id\":\"https:\\\/\\\/kt.gov.rs\\\/#organization\",\"name\":\"\u041a\u043e\u043e\u0440\u0434\u0438\u043d\u0430\u0446\u0438\u043e\u043d\u043e \u0442\u0435\u043b\u043e \u0412\u043b\u0430\u0434\u0435 \u0420\u0435\u043f\u0443\u0431\u043b\u0438\u043a\u0435 \u0421\u0440\u0431\u0438\u0458\u0435 \u0437\u0430 \u043e\u043f\u0448\u0442\u0438\u043d\u0435 \u041f\u0440\u0435\u0448\u0435\u0432\u043e, \u0411\u0443\u0458\u0430\u043d\u043e\u0432\u0430\u0446 \u0438 \u041c\u0435\u0434\u0432\u0435\u0452a\",\"alternateName\":\"\u041a\u043e\u043e\u0440\u0434\u0438\u043d\u0430\u0446\u0438\u043e\u043d\u043e \u0442\u0435\u043b\u043e\",\"url\":\"https:\\\/\\\/kt.gov.rs\\\/\",\"logo\":{\"@type\":\"ImageObject\",\"inLanguage\":\"sq-AL\",\"@id\":\"https:\\\/\\\/kt.gov.rs\\\/#\\\/schema\\\/logo\\\/image\\\/\",\"url\":\"https:\\\/\\\/kt.gov.rs\\\/wp-content\\\/uploads\\\/2024\\\/12\\\/koord2.jpg\",\"contentUrl\":\"https:\\\/\\\/kt.gov.rs\\\/wp-content\\\/uploads\\\/2024\\\/12\\\/koord2.jpg\",\"width\":640,\"height\":480,\"caption\":\"\u041a\u043e\u043e\u0440\u0434\u0438\u043d\u0430\u0446\u0438\u043e\u043d\u043e \u0442\u0435\u043b\u043e \u0412\u043b\u0430\u0434\u0435 \u0420\u0435\u043f\u0443\u0431\u043b\u0438\u043a\u0435 \u0421\u0440\u0431\u0438\u0458\u0435 \u0437\u0430 \u043e\u043f\u0448\u0442\u0438\u043d\u0435 \u041f\u0440\u0435\u0448\u0435\u0432\u043e, \u0411\u0443\u0458\u0430\u043d\u043e\u0432\u0430\u0446 \u0438 \u041c\u0435\u0434\u0432\u0435\u0452a\"},\"image\":{\"@id\":\"https:\\\/\\\/kt.gov.rs\\\/#\\\/schema\\\/logo\\\/image\\\/\"},\"sameAs\":[\"https:\\\/\\\/www.facebook.com\\\/SluzbaKoordinacionogTelaVladeRepublikeSrbije\",\"https:\\\/\\\/x.com\\\/kt_gov\",\"https:\\\/\\\/www.youtube.com\\\/@koordinacionotelo\"]},{\"@type\":\"Person\",\"@id\":\"https:\\\/\\\/kt.gov.rs\\\/#\\\/schema\\\/person\\\/e426459ddb4173309103390602694571\",\"name\":\"ktmin\",\"image\":{\"@type\":\"ImageObject\",\"inLanguage\":\"sq-AL\",\"@id\":\"https:\\\/\\\/secure.gravatar.com\\\/avatar\\\/3985c961109853010c3fbc7ba30365bfba5db3dd6c525831d9c595c7525a615a?s=96&d=mm&r=g\",\"url\":\"https:\\\/\\\/secure.gravatar.com\\\/avatar\\\/3985c961109853010c3fbc7ba30365bfba5db3dd6c525831d9c595c7525a615a?s=96&d=mm&r=g\",\"contentUrl\":\"https:\\\/\\\/secure.gravatar.com\\\/avatar\\\/3985c961109853010c3fbc7ba30365bfba5db3dd6c525831d9c595c7525a615a?s=96&d=mm&r=g\",\"caption\":\"ktmin\"},\"sameAs\":[\"https:\\\/\\\/kt.gov.rs\"],\"url\":\"https:\\\/\\\/kt.gov.rs\\\/sq\\\/author\\\/ktmin\\\/\"}]}<\/script>\n<!-- \/ Yoast SEO plugin. -->","yoast_head_json":{"title":"8.3.2011. - Republika e S\u00ebrbis\u00eb Trupi Koordinues p\u00ebr komunat Bujanoc, Preshev\u00eb dhe Medvegj\u00eb","robots":{"index":"index","follow":"follow","max-snippet":"max-snippet:-1","max-image-preview":"max-image-preview:large","max-video-preview":"max-video-preview:-1"},"canonical":"https:\/\/kt.gov.rs\/sq\/8-3-2011\/","og_locale":"sq_AL","og_type":"article","og_title":"8.3.2011. - Republika e S\u00ebrbis\u00eb Trupi Koordinues p\u00ebr komunat Bujanoc, Preshev\u00eb dhe Medvegj\u00eb","og_description":"VIJN\u00cb MYSAFIR NGA RUSIA  Leskoc, Banja e Sijarin\u00ebs \u2013 N\u00eb banj\u00ebn e Sijarin\u00ebs, e cila gjendet af\u00ebr Medvegj\u00ebs dhe zon\u00ebs kufitare me Kosov\u00ebn, shpresojn\u00eb se sezoni i k\u00ebtij\u00eb viti do t\u00eb jet\u00eb shum\u00eb i suksessh\u00ebm. Drejtori i Qendr\u00ebs Rehabilituese ,,Gejzir\u2019\u2019 dr. Milorad Babiq tha se interesimi i mysafir\u00ebve p\u00ebr q\u00ebndrim n\u00eb k\u00ebt\u00eb banj\u00eb gjat\u00eb sezonit t\u00eb dimrit ka qen\u00eb i ul\u00ebt p\u00ebr arsye t\u00eb koh\u00ebs s\u00eb ftoht\u00eb.","og_url":"https:\/\/kt.gov.rs\/sq\/8-3-2011\/","og_site_name":"Republika e S\u00ebrbis\u00eb Trupi Koordinues p\u00ebr komunat Bujanoc, Preshev\u00eb dhe Medvegj\u00eb","article_publisher":"https:\/\/www.facebook.com\/SluzbaKoordinacionogTelaVladeRepublikeSrbije","article_published_time":"2011-03-08T00:00:00+00:00","author":"ktmin","twitter_card":"summary_large_image","twitter_creator":"@kt_gov","twitter_site":"@kt_gov","twitter_misc":{"Written by":"ktmin","Est. reading time":"1 minute"},"schema":{"@context":"https:\/\/schema.org","@graph":[{"@type":"Article","@id":"https:\/\/kt.gov.rs\/sq\/8-3-2011\/#article","isPartOf":{"@id":"https:\/\/kt.gov.rs\/sq\/8-3-2011\/"},"author":{"name":"ktmin","@id":"https:\/\/kt.gov.rs\/#\/schema\/person\/e426459ddb4173309103390602694571"},"headline":"8.3.2011.","datePublished":"2011-03-08T00:00:00+00:00","mainEntityOfPage":{"@id":"https:\/\/kt.gov.rs\/sq\/8-3-2011\/"},"wordCount":275,"publisher":{"@id":"https:\/\/kt.gov.rs\/#organization"},"articleSection":["Lajme"],"inLanguage":"sq-AL"},{"@type":"WebPage","@id":"https:\/\/kt.gov.rs\/sq\/8-3-2011\/","url":"https:\/\/kt.gov.rs\/sq\/8-3-2011\/","name":"8.3.2011. - Republika e S\u00ebrbis\u00eb Trupi Koordinues p\u00ebr komunat Bujanoc, Preshev\u00eb dhe Medvegj\u00eb","isPartOf":{"@id":"https:\/\/kt.gov.rs\/#website"},"datePublished":"2011-03-08T00:00:00+00:00","breadcrumb":{"@id":"https:\/\/kt.gov.rs\/sq\/8-3-2011\/#breadcrumb"},"inLanguage":"sq-AL","potentialAction":[{"@type":"ReadAction","target":["https:\/\/kt.gov.rs\/sq\/8-3-2011\/"]}]},{"@type":"BreadcrumbList","@id":"https:\/\/kt.gov.rs\/sq\/8-3-2011\/#breadcrumb","itemListElement":[{"@type":"ListItem","position":1,"name":"\u041f\u043e\u0447\u0435\u0442\u043d\u0430","item":"https:\/\/kt.gov.rs\/sq\/"},{"@type":"ListItem","position":2,"name":"8.3.2011."}]},{"@type":"WebSite","@id":"https:\/\/kt.gov.rs\/#website","url":"https:\/\/kt.gov.rs\/","name":"\u041a\u043e\u043e\u0440\u0434\u0438\u043d\u0430\u0446\u0438\u043e\u043d\u043e \u0442\u0435\u043b\u043e \u0412\u043b\u0430\u0434\u0435 \u0420\u0435\u043f\u0443\u0431\u043b\u0438\u043a\u0435 \u0421\u0440\u0431\u0438\u0458\u0435 \u0437\u0430 \u043e\u043f\u0448\u0442\u0438\u043d\u0435 \u041f\u0440\u0435\u0448\u0435\u0432\u043e, \u0411\u0443\u0458\u0430\u043d\u043e\u0432\u0430\u0446 \u0438 \u041c\u0435\u0434\u0432\u0435\u0452a","description":"","publisher":{"@id":"https:\/\/kt.gov.rs\/#organization"},"alternateName":"\u041a\u043e\u043e\u0440\u0434\u0438\u043d\u0430\u0446\u0438\u043e\u043d\u043e \u0442\u0435\u043b\u043e","potentialAction":[{"@type":"SearchAction","target":{"@type":"EntryPoint","urlTemplate":"https:\/\/kt.gov.rs\/?s={search_term_string}"},"query-input":{"@type":"PropertyValueSpecification","valueRequired":true,"valueName":"search_term_string"}}],"inLanguage":"sq-AL"},{"@type":"Organization","@id":"https:\/\/kt.gov.rs\/#organization","name":"\u041a\u043e\u043e\u0440\u0434\u0438\u043d\u0430\u0446\u0438\u043e\u043d\u043e \u0442\u0435\u043b\u043e \u0412\u043b\u0430\u0434\u0435 \u0420\u0435\u043f\u0443\u0431\u043b\u0438\u043a\u0435 \u0421\u0440\u0431\u0438\u0458\u0435 \u0437\u0430 \u043e\u043f\u0448\u0442\u0438\u043d\u0435 \u041f\u0440\u0435\u0448\u0435\u0432\u043e, \u0411\u0443\u0458\u0430\u043d\u043e\u0432\u0430\u0446 \u0438 \u041c\u0435\u0434\u0432\u0435\u0452a","alternateName":"\u041a\u043e\u043e\u0440\u0434\u0438\u043d\u0430\u0446\u0438\u043e\u043d\u043e \u0442\u0435\u043b\u043e","url":"https:\/\/kt.gov.rs\/","logo":{"@type":"ImageObject","inLanguage":"sq-AL","@id":"https:\/\/kt.gov.rs\/#\/schema\/logo\/image\/","url":"https:\/\/kt.gov.rs\/wp-content\/uploads\/2024\/12\/koord2.jpg","contentUrl":"https:\/\/kt.gov.rs\/wp-content\/uploads\/2024\/12\/koord2.jpg","width":640,"height":480,"caption":"\u041a\u043e\u043e\u0440\u0434\u0438\u043d\u0430\u0446\u0438\u043e\u043d\u043e \u0442\u0435\u043b\u043e \u0412\u043b\u0430\u0434\u0435 \u0420\u0435\u043f\u0443\u0431\u043b\u0438\u043a\u0435 \u0421\u0440\u0431\u0438\u0458\u0435 \u0437\u0430 \u043e\u043f\u0448\u0442\u0438\u043d\u0435 \u041f\u0440\u0435\u0448\u0435\u0432\u043e, \u0411\u0443\u0458\u0430\u043d\u043e\u0432\u0430\u0446 \u0438 \u041c\u0435\u0434\u0432\u0435\u0452a"},"image":{"@id":"https:\/\/kt.gov.rs\/#\/schema\/logo\/image\/"},"sameAs":["https:\/\/www.facebook.com\/SluzbaKoordinacionogTelaVladeRepublikeSrbije","https:\/\/x.com\/kt_gov","https:\/\/www.youtube.com\/@koordinacionotelo"]},{"@type":"Person","@id":"https:\/\/kt.gov.rs\/#\/schema\/person\/e426459ddb4173309103390602694571","name":"ktmin","image":{"@type":"ImageObject","inLanguage":"sq-AL","@id":"https:\/\/secure.gravatar.com\/avatar\/3985c961109853010c3fbc7ba30365bfba5db3dd6c525831d9c595c7525a615a?s=96&d=mm&r=g","url":"https:\/\/secure.gravatar.com\/avatar\/3985c961109853010c3fbc7ba30365bfba5db3dd6c525831d9c595c7525a615a?s=96&d=mm&r=g","contentUrl":"https:\/\/secure.gravatar.com\/avatar\/3985c961109853010c3fbc7ba30365bfba5db3dd6c525831d9c595c7525a615a?s=96&d=mm&r=g","caption":"ktmin"},"sameAs":["https:\/\/kt.gov.rs"],"url":"https:\/\/kt.gov.rs\/sq\/author\/ktmin\/"}]}},"_links":{"self":[{"href":"https:\/\/kt.gov.rs\/sq\/wp-json\/wp\/v2\/posts\/142376","targetHints":{"allow":["GET"]}}],"collection":[{"href":"https:\/\/kt.gov.rs\/sq\/wp-json\/wp\/v2\/posts"}],"about":[{"href":"https:\/\/kt.gov.rs\/sq\/wp-json\/wp\/v2\/types\/post"}],"author":[{"embeddable":true,"href":"https:\/\/kt.gov.rs\/sq\/wp-json\/wp\/v2\/users\/1"}],"replies":[{"embeddable":true,"href":"https:\/\/kt.gov.rs\/sq\/wp-json\/wp\/v2\/comments?post=142376"}],"version-history":[{"count":0,"href":"https:\/\/kt.gov.rs\/sq\/wp-json\/wp\/v2\/posts\/142376\/revisions"}],"wp:attachment":[{"href":"https:\/\/kt.gov.rs\/sq\/wp-json\/wp\/v2\/media?parent=142376"}],"wp:term":[{"taxonomy":"category","embeddable":true,"href":"https:\/\/kt.gov.rs\/sq\/wp-json\/wp\/v2\/categories?post=142376"},{"taxonomy":"post_tag","embeddable":true,"href":"https:\/\/kt.gov.rs\/sq\/wp-json\/wp\/v2\/tags?post=142376"}],"curies":[{"name":"wp","href":"https:\/\/api.w.org\/{rel}","templated":true}]}}