{"id":142375,"date":"2011-03-10T00:00:00","date_gmt":"2011-03-10T00:00:00","guid":{"rendered":"http:\/\/kt.printandscreen.rs\/10-3-2011\/"},"modified":"2011-03-10T00:00:00","modified_gmt":"2011-03-10T00:00:00","slug":"10-3-2011","status":"publish","type":"post","link":"https:\/\/kt.gov.rs\/sq\/10-3-2011\/","title":{"rendered":"10.3.2011."},"content":{"rendered":"<p>N\u00eb zhvillimin e Serbis\u00eb jugore jan\u00eb investuar 67,5 milion\u00eb euro <\/p>\n<p>Vranj\u00eb \u2013 T\u00eb dh\u00ebnat e Trupit Koordinues p\u00ebr komunat Preshev\u00eb, Bujanoc dhe Medvegj\u00eb tregojn\u00eb se n\u00eb dhjet\u00eb vjet\u00ebt e fundit n\u00eb k\u00ebto tri komuna jan\u00eb investuar 67,5 milion\u00eb euro. N\u00eb k\u00ebt\u00eb sum\u00eb investimesh nuk jan\u00eb p\u00ebrfshir\u00eb mjetet finansiare joqeveritare, qeveritare dhe organizatave nd\u00ebrkomb\u00ebtare, ambasadave dhe shum\u00eb qeverive t\u00eb shteteve t\u00eb ndryshme t\u00eb cilat jan\u00eb plasuar n\u00eb zhvillimin e Serbis\u00eb jugore. M\u00eb tep\u00ebr mjete finansiare n\u00eb decenien e fundit, 22,7 milion\u00eb euro jan\u00eb ndar\u00eb nga buxheti p\u00ebr projekte t\u00eb ndryshme n\u00eb komun\u00ebn e Bujanocit, 21,8 milion\u00eb euro p\u00ebr projektet n\u00eb komun\u00ebn e Medvegj\u00ebs, 18,7 milion\u00eb euro p\u00ebr projekte n\u00eb komun\u00ebn e Preshev\u00ebs, nd\u00ebrsa 4,7 milion\u00eb euro t\u00eb mbetura jan\u00eb investuar n\u00eb komunat tjera n\u00eb Serbin\u00eb jugore.<\/p>\n<p>Kryetari i komun\u00ebs s\u00eb Medvegj\u00ebs, Slobodan Drashkoviq, t\u00eb cilit qdo qytetari t\u00eb saj\u00eb Qeveria e Serbis\u00eb mesatarish i ka ,,falur\u2019\u2019 2.000 euro thot\u00eb: ,,Po t\u00eb mos ishte Qeveria e Serbis\u00eb dhe Trupi Koordinues k\u00ebto dhjet\u00eb vitet e fundit, nuk dij\u00eb se n\u00eb qka do t\u00eb ngjante komuna jon\u00eb dhe se a do t\u00eb jetonin\u00a0 n\u00eb komun\u00ebn ton\u00eb m\u00eb tep\u00ebr se 5.000 njer\u00ebz\u2019\u2019. Medvegja e ka rregulluar Banj\u00ebn e Sijarin\u00ebs dhe Qendr\u00ebn rehabilituese, ka nd\u00ebrtuar sht\u00ebpin\u00eb e kultur\u00ebs, sall\u00ebn e sporteve, pishin\u00ebn e vaterpolos, ka asfaltuar 160 km rrug\u00eb dhe ka nd\u00ebrtuar 13 ura.<\/p>\n<p>,,N\u00eb Preshev\u00eb kemi rregulluar qendr\u00ebn e qytetit dhe rrug\u00ebn kryesore, kemi nd\u00ebrtuar tregun e gjelb\u00ebr, kemi rregulluar dhe rind\u00ebrtuar sht\u00ebpin\u00eb e kultur\u00ebs. Kemi asfaltuar rrug\u00ebn Miratoc-Rainc\u00eb dhe kemi nd\u00ebrtuar disa objekte shoq\u00ebrore\u2019\u2019, theksoi Ragmi Mustafa, kryetari i komun\u00ebs s\u00eb Preshev\u00ebs.<\/p>\n<p>N\u00eb t\u00eb nj\u00ebjt\u00ebn koh\u00eb Bujanoci ka nd\u00ebrtuar nj\u00eb shkoll\u00eb t\u00eb mesme, \u00ebsht\u00eb renovuar nj\u00eb shkoll\u00eb fillore n\u00eb qend\u00ebr t\u00eb qytetit, \u00ebsht\u00eb asfaltuar rruga n\u00eb drejtimin Llu\u00e7an-Dobrosin, jan\u00eb nd\u00ebrtuar disa sisteme t\u00eb uj\u00ebsjell\u00ebsit dhe t\u00eb uj\u00ebrave t\u00eb zeza, jan\u00eb nd\u00ebrtuar disa projekte shoq\u00ebrore, theksoi Shaip Kamberi, kryetar\u00eb i komun\u00ebs s\u00eb Bujanocit.<\/p>\n<p>Kryetar\u00ebt e komunave t\u00eb Preshev\u00ebs, Bujanocit dhe Medvegj\u00ebs konsiderojn\u00eb se me k\u00ebto mjete finansiare, n\u00eb dhjet\u00eb vitet e fundit jan\u00eb p\u00ebrmbushur kushtet infrastrukturore p\u00ebr t\u00ebrhjeqjen e investitor\u00ebve t\u00eb shumt\u00eb dhe krijimin e kushteve p\u00ebr hapjen vendeve t\u00eb reja t\u00eb pun\u00ebs.<\/p>\n","protected":false},"excerpt":{"rendered":"<p>N\u00eb zhvillimin e Serbis\u00eb jugore jan\u00eb investuar 67,5 milion\u00eb euro <\/p>\n<p>Vranj\u00eb \u2013 T\u00eb dh\u00ebnat e Trupit Koordinues p\u00ebr komunat Preshev\u00eb, Bujanoc dhe  Medvegj\u00eb tregojn\u00eb se n\u00eb dhjet\u00eb vjet\u00ebt e fundit n\u00eb k\u00ebto tri komuna jan\u00eb  investuar 67,5 milion\u00eb euro. N\u00eb k\u00ebt\u00eb sum\u00eb investimesh nuk jan\u00eb p\u00ebrfshir\u00eb  mjetet finansiare joqeveritare, qeveritare dhe organizatave  nd\u00ebrkomb\u00ebtare, ambasadave dhe shum\u00eb qeverive t\u00eb shteteve t\u00eb ndryshme t\u00eb  cilat jan\u00eb plasuar n\u00eb zhvillimin e Serbis\u00eb jugore.<\/p>\n","protected":false},"author":1,"featured_media":0,"comment_status":"closed","ping_status":"closed","sticky":false,"template":"","format":"standard","meta":{"footnotes":""},"categories":[55],"tags":[],"class_list":["post-142375","post","type-post","status-publish","format-standard","hentry","category-lajme"],"yoast_head":"<!-- This site is optimized with the Yoast SEO plugin v27.5 - https:\/\/yoast.com\/product\/yoast-seo-wordpress\/ -->\n<title>10.3.2011. - Republika e S\u00ebrbis\u00eb Trupi Koordinues p\u00ebr komunat Bujanoc, Preshev\u00eb dhe Medvegj\u00eb<\/title>\n<meta name=\"robots\" content=\"index, follow, max-snippet:-1, max-image-preview:large, max-video-preview:-1\" \/>\n<link rel=\"canonical\" href=\"https:\/\/kt.gov.rs\/sq\/10-3-2011\/\" \/>\n<meta property=\"og:locale\" content=\"sq_AL\" \/>\n<meta property=\"og:type\" content=\"article\" \/>\n<meta property=\"og:title\" content=\"10.3.2011. - Republika e S\u00ebrbis\u00eb Trupi Koordinues p\u00ebr komunat Bujanoc, Preshev\u00eb dhe Medvegj\u00eb\" \/>\n<meta property=\"og:description\" content=\"N\u00eb zhvillimin e Serbis\u00eb jugore jan\u00eb investuar 67,5 milion\u00eb euro  Vranj\u00eb \u2013 T\u00eb dh\u00ebnat e Trupit Koordinues p\u00ebr komunat Preshev\u00eb, Bujanoc dhe Medvegj\u00eb tregojn\u00eb se n\u00eb dhjet\u00eb vjet\u00ebt e fundit n\u00eb k\u00ebto tri komuna jan\u00eb investuar 67,5 milion\u00eb euro. N\u00eb k\u00ebt\u00eb sum\u00eb investimesh nuk jan\u00eb p\u00ebrfshir\u00eb mjetet finansiare joqeveritare, qeveritare dhe organizatave nd\u00ebrkomb\u00ebtare, ambasadave dhe shum\u00eb qeverive t\u00eb shteteve t\u00eb ndryshme t\u00eb cilat jan\u00eb plasuar n\u00eb zhvillimin e Serbis\u00eb jugore.\" \/>\n<meta property=\"og:url\" content=\"https:\/\/kt.gov.rs\/sq\/10-3-2011\/\" \/>\n<meta property=\"og:site_name\" content=\"Republika e S\u00ebrbis\u00eb Trupi Koordinues p\u00ebr komunat Bujanoc, Preshev\u00eb dhe Medvegj\u00eb\" \/>\n<meta property=\"article:publisher\" content=\"https:\/\/www.facebook.com\/SluzbaKoordinacionogTelaVladeRepublikeSrbije\" \/>\n<meta property=\"article:published_time\" content=\"2011-03-10T00:00:00+00:00\" \/>\n<meta name=\"author\" content=\"ktmin\" \/>\n<meta name=\"twitter:card\" content=\"summary_large_image\" \/>\n<meta name=\"twitter:creator\" content=\"@kt_gov\" \/>\n<meta name=\"twitter:site\" content=\"@kt_gov\" \/>\n<meta name=\"twitter:label1\" content=\"Written by\" \/>\n\t<meta name=\"twitter:data1\" content=\"ktmin\" \/>\n\t<meta name=\"twitter:label2\" content=\"Est. reading time\" \/>\n\t<meta name=\"twitter:data2\" content=\"2 minutes\" \/>\n<script type=\"application\/ld+json\" class=\"yoast-schema-graph\">{\"@context\":\"https:\\\/\\\/schema.org\",\"@graph\":[{\"@type\":\"Article\",\"@id\":\"https:\\\/\\\/kt.gov.rs\\\/sq\\\/10-3-2011\\\/#article\",\"isPartOf\":{\"@id\":\"https:\\\/\\\/kt.gov.rs\\\/sq\\\/10-3-2011\\\/\"},\"author\":{\"name\":\"ktmin\",\"@id\":\"https:\\\/\\\/kt.gov.rs\\\/#\\\/schema\\\/person\\\/e426459ddb4173309103390602694571\"},\"headline\":\"10.3.2011.\",\"datePublished\":\"2011-03-10T00:00:00+00:00\",\"mainEntityOfPage\":{\"@id\":\"https:\\\/\\\/kt.gov.rs\\\/sq\\\/10-3-2011\\\/\"},\"wordCount\":412,\"publisher\":{\"@id\":\"https:\\\/\\\/kt.gov.rs\\\/#organization\"},\"articleSection\":[\"Lajme\"],\"inLanguage\":\"sq-AL\"},{\"@type\":\"WebPage\",\"@id\":\"https:\\\/\\\/kt.gov.rs\\\/sq\\\/10-3-2011\\\/\",\"url\":\"https:\\\/\\\/kt.gov.rs\\\/sq\\\/10-3-2011\\\/\",\"name\":\"10.3.2011. - Republika e S\u00ebrbis\u00eb Trupi Koordinues p\u00ebr komunat Bujanoc, Preshev\u00eb dhe Medvegj\u00eb\",\"isPartOf\":{\"@id\":\"https:\\\/\\\/kt.gov.rs\\\/#website\"},\"datePublished\":\"2011-03-10T00:00:00+00:00\",\"breadcrumb\":{\"@id\":\"https:\\\/\\\/kt.gov.rs\\\/sq\\\/10-3-2011\\\/#breadcrumb\"},\"inLanguage\":\"sq-AL\",\"potentialAction\":[{\"@type\":\"ReadAction\",\"target\":[\"https:\\\/\\\/kt.gov.rs\\\/sq\\\/10-3-2011\\\/\"]}]},{\"@type\":\"BreadcrumbList\",\"@id\":\"https:\\\/\\\/kt.gov.rs\\\/sq\\\/10-3-2011\\\/#breadcrumb\",\"itemListElement\":[{\"@type\":\"ListItem\",\"position\":1,\"name\":\"\u041f\u043e\u0447\u0435\u0442\u043d\u0430\",\"item\":\"https:\\\/\\\/kt.gov.rs\\\/sq\\\/\"},{\"@type\":\"ListItem\",\"position\":2,\"name\":\"10.3.2011.\"}]},{\"@type\":\"WebSite\",\"@id\":\"https:\\\/\\\/kt.gov.rs\\\/#website\",\"url\":\"https:\\\/\\\/kt.gov.rs\\\/\",\"name\":\"\u041a\u043e\u043e\u0440\u0434\u0438\u043d\u0430\u0446\u0438\u043e\u043d\u043e \u0442\u0435\u043b\u043e \u0412\u043b\u0430\u0434\u0435 \u0420\u0435\u043f\u0443\u0431\u043b\u0438\u043a\u0435 \u0421\u0440\u0431\u0438\u0458\u0435 \u0437\u0430 \u043e\u043f\u0448\u0442\u0438\u043d\u0435 \u041f\u0440\u0435\u0448\u0435\u0432\u043e, \u0411\u0443\u0458\u0430\u043d\u043e\u0432\u0430\u0446 \u0438 \u041c\u0435\u0434\u0432\u0435\u0452a\",\"description\":\"\",\"publisher\":{\"@id\":\"https:\\\/\\\/kt.gov.rs\\\/#organization\"},\"alternateName\":\"\u041a\u043e\u043e\u0440\u0434\u0438\u043d\u0430\u0446\u0438\u043e\u043d\u043e \u0442\u0435\u043b\u043e\",\"potentialAction\":[{\"@type\":\"SearchAction\",\"target\":{\"@type\":\"EntryPoint\",\"urlTemplate\":\"https:\\\/\\\/kt.gov.rs\\\/?s={search_term_string}\"},\"query-input\":{\"@type\":\"PropertyValueSpecification\",\"valueRequired\":true,\"valueName\":\"search_term_string\"}}],\"inLanguage\":\"sq-AL\"},{\"@type\":\"Organization\",\"@id\":\"https:\\\/\\\/kt.gov.rs\\\/#organization\",\"name\":\"\u041a\u043e\u043e\u0440\u0434\u0438\u043d\u0430\u0446\u0438\u043e\u043d\u043e \u0442\u0435\u043b\u043e \u0412\u043b\u0430\u0434\u0435 \u0420\u0435\u043f\u0443\u0431\u043b\u0438\u043a\u0435 \u0421\u0440\u0431\u0438\u0458\u0435 \u0437\u0430 \u043e\u043f\u0448\u0442\u0438\u043d\u0435 \u041f\u0440\u0435\u0448\u0435\u0432\u043e, \u0411\u0443\u0458\u0430\u043d\u043e\u0432\u0430\u0446 \u0438 \u041c\u0435\u0434\u0432\u0435\u0452a\",\"alternateName\":\"\u041a\u043e\u043e\u0440\u0434\u0438\u043d\u0430\u0446\u0438\u043e\u043d\u043e \u0442\u0435\u043b\u043e\",\"url\":\"https:\\\/\\\/kt.gov.rs\\\/\",\"logo\":{\"@type\":\"ImageObject\",\"inLanguage\":\"sq-AL\",\"@id\":\"https:\\\/\\\/kt.gov.rs\\\/#\\\/schema\\\/logo\\\/image\\\/\",\"url\":\"https:\\\/\\\/kt.gov.rs\\\/wp-content\\\/uploads\\\/2024\\\/12\\\/koord2.jpg\",\"contentUrl\":\"https:\\\/\\\/kt.gov.rs\\\/wp-content\\\/uploads\\\/2024\\\/12\\\/koord2.jpg\",\"width\":640,\"height\":480,\"caption\":\"\u041a\u043e\u043e\u0440\u0434\u0438\u043d\u0430\u0446\u0438\u043e\u043d\u043e \u0442\u0435\u043b\u043e \u0412\u043b\u0430\u0434\u0435 \u0420\u0435\u043f\u0443\u0431\u043b\u0438\u043a\u0435 \u0421\u0440\u0431\u0438\u0458\u0435 \u0437\u0430 \u043e\u043f\u0448\u0442\u0438\u043d\u0435 \u041f\u0440\u0435\u0448\u0435\u0432\u043e, \u0411\u0443\u0458\u0430\u043d\u043e\u0432\u0430\u0446 \u0438 \u041c\u0435\u0434\u0432\u0435\u0452a\"},\"image\":{\"@id\":\"https:\\\/\\\/kt.gov.rs\\\/#\\\/schema\\\/logo\\\/image\\\/\"},\"sameAs\":[\"https:\\\/\\\/www.facebook.com\\\/SluzbaKoordinacionogTelaVladeRepublikeSrbije\",\"https:\\\/\\\/x.com\\\/kt_gov\",\"https:\\\/\\\/www.youtube.com\\\/@koordinacionotelo\"]},{\"@type\":\"Person\",\"@id\":\"https:\\\/\\\/kt.gov.rs\\\/#\\\/schema\\\/person\\\/e426459ddb4173309103390602694571\",\"name\":\"ktmin\",\"image\":{\"@type\":\"ImageObject\",\"inLanguage\":\"sq-AL\",\"@id\":\"https:\\\/\\\/secure.gravatar.com\\\/avatar\\\/3985c961109853010c3fbc7ba30365bfba5db3dd6c525831d9c595c7525a615a?s=96&d=mm&r=g\",\"url\":\"https:\\\/\\\/secure.gravatar.com\\\/avatar\\\/3985c961109853010c3fbc7ba30365bfba5db3dd6c525831d9c595c7525a615a?s=96&d=mm&r=g\",\"contentUrl\":\"https:\\\/\\\/secure.gravatar.com\\\/avatar\\\/3985c961109853010c3fbc7ba30365bfba5db3dd6c525831d9c595c7525a615a?s=96&d=mm&r=g\",\"caption\":\"ktmin\"},\"sameAs\":[\"https:\\\/\\\/kt.gov.rs\"],\"url\":\"https:\\\/\\\/kt.gov.rs\\\/sq\\\/author\\\/ktmin\\\/\"}]}<\/script>\n<!-- \/ Yoast SEO plugin. -->","yoast_head_json":{"title":"10.3.2011. - Republika e S\u00ebrbis\u00eb Trupi Koordinues p\u00ebr komunat Bujanoc, Preshev\u00eb dhe Medvegj\u00eb","robots":{"index":"index","follow":"follow","max-snippet":"max-snippet:-1","max-image-preview":"max-image-preview:large","max-video-preview":"max-video-preview:-1"},"canonical":"https:\/\/kt.gov.rs\/sq\/10-3-2011\/","og_locale":"sq_AL","og_type":"article","og_title":"10.3.2011. - Republika e S\u00ebrbis\u00eb Trupi Koordinues p\u00ebr komunat Bujanoc, Preshev\u00eb dhe Medvegj\u00eb","og_description":"N\u00eb zhvillimin e Serbis\u00eb jugore jan\u00eb investuar 67,5 milion\u00eb euro  Vranj\u00eb \u2013 T\u00eb dh\u00ebnat e Trupit Koordinues p\u00ebr komunat Preshev\u00eb, Bujanoc dhe Medvegj\u00eb tregojn\u00eb se n\u00eb dhjet\u00eb vjet\u00ebt e fundit n\u00eb k\u00ebto tri komuna jan\u00eb investuar 67,5 milion\u00eb euro. N\u00eb k\u00ebt\u00eb sum\u00eb investimesh nuk jan\u00eb p\u00ebrfshir\u00eb mjetet finansiare joqeveritare, qeveritare dhe organizatave nd\u00ebrkomb\u00ebtare, ambasadave dhe shum\u00eb qeverive t\u00eb shteteve t\u00eb ndryshme t\u00eb cilat jan\u00eb plasuar n\u00eb zhvillimin e Serbis\u00eb jugore.","og_url":"https:\/\/kt.gov.rs\/sq\/10-3-2011\/","og_site_name":"Republika e S\u00ebrbis\u00eb Trupi Koordinues p\u00ebr komunat Bujanoc, Preshev\u00eb dhe Medvegj\u00eb","article_publisher":"https:\/\/www.facebook.com\/SluzbaKoordinacionogTelaVladeRepublikeSrbije","article_published_time":"2011-03-10T00:00:00+00:00","author":"ktmin","twitter_card":"summary_large_image","twitter_creator":"@kt_gov","twitter_site":"@kt_gov","twitter_misc":{"Written by":"ktmin","Est. reading time":"2 minutes"},"schema":{"@context":"https:\/\/schema.org","@graph":[{"@type":"Article","@id":"https:\/\/kt.gov.rs\/sq\/10-3-2011\/#article","isPartOf":{"@id":"https:\/\/kt.gov.rs\/sq\/10-3-2011\/"},"author":{"name":"ktmin","@id":"https:\/\/kt.gov.rs\/#\/schema\/person\/e426459ddb4173309103390602694571"},"headline":"10.3.2011.","datePublished":"2011-03-10T00:00:00+00:00","mainEntityOfPage":{"@id":"https:\/\/kt.gov.rs\/sq\/10-3-2011\/"},"wordCount":412,"publisher":{"@id":"https:\/\/kt.gov.rs\/#organization"},"articleSection":["Lajme"],"inLanguage":"sq-AL"},{"@type":"WebPage","@id":"https:\/\/kt.gov.rs\/sq\/10-3-2011\/","url":"https:\/\/kt.gov.rs\/sq\/10-3-2011\/","name":"10.3.2011. - Republika e S\u00ebrbis\u00eb Trupi Koordinues p\u00ebr komunat Bujanoc, Preshev\u00eb dhe Medvegj\u00eb","isPartOf":{"@id":"https:\/\/kt.gov.rs\/#website"},"datePublished":"2011-03-10T00:00:00+00:00","breadcrumb":{"@id":"https:\/\/kt.gov.rs\/sq\/10-3-2011\/#breadcrumb"},"inLanguage":"sq-AL","potentialAction":[{"@type":"ReadAction","target":["https:\/\/kt.gov.rs\/sq\/10-3-2011\/"]}]},{"@type":"BreadcrumbList","@id":"https:\/\/kt.gov.rs\/sq\/10-3-2011\/#breadcrumb","itemListElement":[{"@type":"ListItem","position":1,"name":"\u041f\u043e\u0447\u0435\u0442\u043d\u0430","item":"https:\/\/kt.gov.rs\/sq\/"},{"@type":"ListItem","position":2,"name":"10.3.2011."}]},{"@type":"WebSite","@id":"https:\/\/kt.gov.rs\/#website","url":"https:\/\/kt.gov.rs\/","name":"\u041a\u043e\u043e\u0440\u0434\u0438\u043d\u0430\u0446\u0438\u043e\u043d\u043e \u0442\u0435\u043b\u043e \u0412\u043b\u0430\u0434\u0435 \u0420\u0435\u043f\u0443\u0431\u043b\u0438\u043a\u0435 \u0421\u0440\u0431\u0438\u0458\u0435 \u0437\u0430 \u043e\u043f\u0448\u0442\u0438\u043d\u0435 \u041f\u0440\u0435\u0448\u0435\u0432\u043e, \u0411\u0443\u0458\u0430\u043d\u043e\u0432\u0430\u0446 \u0438 \u041c\u0435\u0434\u0432\u0435\u0452a","description":"","publisher":{"@id":"https:\/\/kt.gov.rs\/#organization"},"alternateName":"\u041a\u043e\u043e\u0440\u0434\u0438\u043d\u0430\u0446\u0438\u043e\u043d\u043e \u0442\u0435\u043b\u043e","potentialAction":[{"@type":"SearchAction","target":{"@type":"EntryPoint","urlTemplate":"https:\/\/kt.gov.rs\/?s={search_term_string}"},"query-input":{"@type":"PropertyValueSpecification","valueRequired":true,"valueName":"search_term_string"}}],"inLanguage":"sq-AL"},{"@type":"Organization","@id":"https:\/\/kt.gov.rs\/#organization","name":"\u041a\u043e\u043e\u0440\u0434\u0438\u043d\u0430\u0446\u0438\u043e\u043d\u043e \u0442\u0435\u043b\u043e \u0412\u043b\u0430\u0434\u0435 \u0420\u0435\u043f\u0443\u0431\u043b\u0438\u043a\u0435 \u0421\u0440\u0431\u0438\u0458\u0435 \u0437\u0430 \u043e\u043f\u0448\u0442\u0438\u043d\u0435 \u041f\u0440\u0435\u0448\u0435\u0432\u043e, \u0411\u0443\u0458\u0430\u043d\u043e\u0432\u0430\u0446 \u0438 \u041c\u0435\u0434\u0432\u0435\u0452a","alternateName":"\u041a\u043e\u043e\u0440\u0434\u0438\u043d\u0430\u0446\u0438\u043e\u043d\u043e \u0442\u0435\u043b\u043e","url":"https:\/\/kt.gov.rs\/","logo":{"@type":"ImageObject","inLanguage":"sq-AL","@id":"https:\/\/kt.gov.rs\/#\/schema\/logo\/image\/","url":"https:\/\/kt.gov.rs\/wp-content\/uploads\/2024\/12\/koord2.jpg","contentUrl":"https:\/\/kt.gov.rs\/wp-content\/uploads\/2024\/12\/koord2.jpg","width":640,"height":480,"caption":"\u041a\u043e\u043e\u0440\u0434\u0438\u043d\u0430\u0446\u0438\u043e\u043d\u043e \u0442\u0435\u043b\u043e \u0412\u043b\u0430\u0434\u0435 \u0420\u0435\u043f\u0443\u0431\u043b\u0438\u043a\u0435 \u0421\u0440\u0431\u0438\u0458\u0435 \u0437\u0430 \u043e\u043f\u0448\u0442\u0438\u043d\u0435 \u041f\u0440\u0435\u0448\u0435\u0432\u043e, \u0411\u0443\u0458\u0430\u043d\u043e\u0432\u0430\u0446 \u0438 \u041c\u0435\u0434\u0432\u0435\u0452a"},"image":{"@id":"https:\/\/kt.gov.rs\/#\/schema\/logo\/image\/"},"sameAs":["https:\/\/www.facebook.com\/SluzbaKoordinacionogTelaVladeRepublikeSrbije","https:\/\/x.com\/kt_gov","https:\/\/www.youtube.com\/@koordinacionotelo"]},{"@type":"Person","@id":"https:\/\/kt.gov.rs\/#\/schema\/person\/e426459ddb4173309103390602694571","name":"ktmin","image":{"@type":"ImageObject","inLanguage":"sq-AL","@id":"https:\/\/secure.gravatar.com\/avatar\/3985c961109853010c3fbc7ba30365bfba5db3dd6c525831d9c595c7525a615a?s=96&d=mm&r=g","url":"https:\/\/secure.gravatar.com\/avatar\/3985c961109853010c3fbc7ba30365bfba5db3dd6c525831d9c595c7525a615a?s=96&d=mm&r=g","contentUrl":"https:\/\/secure.gravatar.com\/avatar\/3985c961109853010c3fbc7ba30365bfba5db3dd6c525831d9c595c7525a615a?s=96&d=mm&r=g","caption":"ktmin"},"sameAs":["https:\/\/kt.gov.rs"],"url":"https:\/\/kt.gov.rs\/sq\/author\/ktmin\/"}]}},"_links":{"self":[{"href":"https:\/\/kt.gov.rs\/sq\/wp-json\/wp\/v2\/posts\/142375","targetHints":{"allow":["GET"]}}],"collection":[{"href":"https:\/\/kt.gov.rs\/sq\/wp-json\/wp\/v2\/posts"}],"about":[{"href":"https:\/\/kt.gov.rs\/sq\/wp-json\/wp\/v2\/types\/post"}],"author":[{"embeddable":true,"href":"https:\/\/kt.gov.rs\/sq\/wp-json\/wp\/v2\/users\/1"}],"replies":[{"embeddable":true,"href":"https:\/\/kt.gov.rs\/sq\/wp-json\/wp\/v2\/comments?post=142375"}],"version-history":[{"count":0,"href":"https:\/\/kt.gov.rs\/sq\/wp-json\/wp\/v2\/posts\/142375\/revisions"}],"wp:attachment":[{"href":"https:\/\/kt.gov.rs\/sq\/wp-json\/wp\/v2\/media?parent=142375"}],"wp:term":[{"taxonomy":"category","embeddable":true,"href":"https:\/\/kt.gov.rs\/sq\/wp-json\/wp\/v2\/categories?post=142375"},{"taxonomy":"post_tag","embeddable":true,"href":"https:\/\/kt.gov.rs\/sq\/wp-json\/wp\/v2\/tags?post=142375"}],"curies":[{"name":"wp","href":"https:\/\/api.w.org\/{rel}","templated":true}]}}