{"id":142364,"date":"2011-03-15T00:00:00","date_gmt":"2011-03-15T00:00:00","guid":{"rendered":"http:\/\/kt.printandscreen.rs\/ide-per-biznes-personal\/"},"modified":"2024-07-30T20:21:06","modified_gmt":"2024-07-30T20:21:06","slug":"ide-per-biznes-personal","status":"publish","type":"post","link":"https:\/\/kt.gov.rs\/sq\/ide-per-biznes-personal\/","title":{"rendered":"IDE PER BIZNES PERSONAL"},"content":{"rendered":"<p>\n<img decoding=\"async\" align=\"left\" alt=\"\" src=\"https:\/\/kt.gov.rs\/wp-content\/uploads\/2024\/07\/newspic500-4.jpg\" \/>Trupi Koordinues e ka mb\u00ebshtetur projektin \u201c Hapa t\u00eb vegj\u00ebl p\u00ebr njerz t\u00eb m\u00ebdhenj\u201d t\u00eb qendr\u00ebs Rome p\u00ebr demokraci nga Bujanoci. Projekti p\u00ebrfshin 40 nx\u00ebnes t\u00eb shkollave t\u00eb mesme dhe t\u00eb rinj\u00eb t\u00eb pa pun\u00eb nga teritori i komun\u00ebs s\u00eb Bujanocit dhe Preshev\u00ebs, p\u00ebr t\u00eb cil\u00ebt jan\u00eb organizuar trajnime\u00a0 rreth sip\u00ebrmarjeve dhe fillimin e biznesit privat.Trajnimet i kan\u00eb udh\u00ebhequr trajnues me p\u00ebrvoj\u00eb t\u00eb Biznis qendr\u00ebs inkubator, q\u00eb nj\u00ebherit \u00ebsht\u00eb edhe\u00a0 partner n\u00eb projekt. P\u00ebr mes pun\u00ebtorive dhe ligjeratave, kjo grup\u00eb e t\u00eb rinj\u00ebve \u00ebsht\u00eb njohur me konceptin baz\u00eb p\u00ebr fillimin e biznesit t\u00eb tyre fillestar, kan\u00eb arritur t\u00eb zot\u00ebrojn\u00eb mjeshtrin e t\u00eb shkruarit t\u00eb planeve t\u00eb biznesit, u aft\u00ebsuan n\u00eb trajnimet p\u00ebr menaxhment, markenting dhe p\u00ebr shitje.<\/p>\n<p>\n<img decoding=\"async\" align=\"left\" alt=\"\" src=\"https:\/\/kt.gov.rs\/wp-content\/uploads\/2024\/07\/newspic501-2.jpg\" \/>T\u00eb gjith\u00eb 40 pjes\u00ebmarr\u00ebsit e projektit,\u00a0 t\u00eb rinj\u00eb Shqiptar\u00eb, Rom\u00eb dhe S\u00ebrb, n\u00eb gupe t\u00eb perziera punuan n\u00eb t\u00eb shkruarit e biznis planeve private. N\u00eb k\u00ebt\u00eb m\u00ebnyre i aplikuan njohurit e fituara nga\u00a0 trajnimet n\u00eb ide konkrete.Rezultatet e k\u00ebsaj pune t\u00eb perbashk\u00ebt jan\u00eb 5 plane origjinale p\u00ebr fillimin e biznesit fillestar. Pas prezentimit t\u00eb ideve, komisioni do t\u00eb zgjedhe tre biznis plane t\u00eb cileve do ti ndahet dhurat n\u00eb t\u00eb holla: 5.000,00 dinar p\u00ebr vendin e tret\u00eb, 10.000,00 dinar p\u00ebr vendin e dyt\u00eb dhe 15.000,00 dinar p\u00ebr vendin\u00a0 e par\u00eb.<\/p>\n","protected":false},"excerpt":{"rendered":"<p>Trupi Koordinues e ka mb\u00ebshtetur projektin \u201c Hapa t\u00eb vegj\u00ebl p\u00ebr njerz t\u00eb m\u00ebdhenj\u201d t\u00eb qendr\u00ebs Rome p\u00ebr demokraci nga Bujanoci. Projekti p\u00ebrfshin 40 nx\u00ebnes t\u00eb shkollave t\u00eb mesme dhe t\u00eb rinj\u00eb t\u00eb pa pun\u00eb nga teritori i komun\u00ebs s\u00eb Bujanocit dhe Preshev\u00ebs, p\u00ebr t\u00eb cil\u00ebt jan\u00eb organizuar trajnime\u00a0 rreth sip\u00ebrmarjeve dhe fillimin e biznesit privat.Trajnimet i kan\u00eb udh\u00ebhequr trajnues me p\u00ebrvoj\u00eb t\u00eb Biznis qendr\u00ebs inkubator, q\u00eb nj\u00ebherit \u00ebsht\u00eb edhe\u00a0 partner n\u00eb projekt. P\u00ebr mes pun\u00ebtorive dhe ligjeratave, kjo grup\u00eb e t\u00eb rinj\u00ebve \u00ebsht\u00eb njohur me konceptin baz\u00eb p\u00ebr fillimin e biznesit t\u00eb tyre fillestar, kan\u00eb arritur t\u00eb zot\u00ebrojn\u00eb mjeshtrin e t\u00eb shkruarit t\u00eb planeve t\u00eb biznesit, u aft\u00ebsuan n\u00eb trajnimet p\u00ebr menaxhment, markenting dhe p\u00ebr shitje.<\/p>\n","protected":false},"author":1,"featured_media":142372,"comment_status":"closed","ping_status":"closed","sticky":false,"template":"","format":"standard","meta":{"footnotes":""},"categories":[55],"tags":[],"class_list":["post-142364","post","type-post","status-publish","format-standard","has-post-thumbnail","hentry","category-lajme"],"yoast_head":"<!-- This site is optimized with the Yoast SEO plugin v27.5 - https:\/\/yoast.com\/product\/yoast-seo-wordpress\/ -->\n<title>IDE PER BIZNES PERSONAL - Republika e S\u00ebrbis\u00eb Trupi Koordinues p\u00ebr komunat Bujanoc, Preshev\u00eb dhe Medvegj\u00eb<\/title>\n<meta name=\"robots\" content=\"index, follow, max-snippet:-1, max-image-preview:large, max-video-preview:-1\" \/>\n<link rel=\"canonical\" href=\"https:\/\/kt.gov.rs\/sq\/ide-per-biznes-personal\/\" \/>\n<meta property=\"og:locale\" content=\"sq_AL\" \/>\n<meta property=\"og:type\" content=\"article\" \/>\n<meta property=\"og:title\" content=\"IDE PER BIZNES PERSONAL - Republika e S\u00ebrbis\u00eb Trupi Koordinues p\u00ebr komunat Bujanoc, Preshev\u00eb dhe Medvegj\u00eb\" \/>\n<meta property=\"og:description\" content=\"Trupi Koordinues e ka mb\u00ebshtetur projektin \u201c Hapa t\u00eb vegj\u00ebl p\u00ebr njerz t\u00eb m\u00ebdhenj\u201d t\u00eb qendr\u00ebs Rome p\u00ebr demokraci nga Bujanoci. Projekti p\u00ebrfshin 40 nx\u00ebnes t\u00eb shkollave t\u00eb mesme dhe t\u00eb rinj\u00eb t\u00eb pa pun\u00eb nga teritori i komun\u00ebs s\u00eb Bujanocit dhe Preshev\u00ebs, p\u00ebr t\u00eb cil\u00ebt jan\u00eb organizuar trajnime\u00a0 rreth sip\u00ebrmarjeve dhe fillimin e biznesit privat.Trajnimet i kan\u00eb udh\u00ebhequr trajnues me p\u00ebrvoj\u00eb t\u00eb Biznis qendr\u00ebs inkubator, q\u00eb nj\u00ebherit \u00ebsht\u00eb edhe\u00a0 partner n\u00eb projekt. P\u00ebr mes pun\u00ebtorive dhe ligjeratave, kjo grup\u00eb e t\u00eb rinj\u00ebve \u00ebsht\u00eb njohur me konceptin baz\u00eb p\u00ebr fillimin e biznesit t\u00eb tyre fillestar, kan\u00eb arritur t\u00eb zot\u00ebrojn\u00eb mjeshtrin e t\u00eb shkruarit t\u00eb planeve t\u00eb biznesit, u aft\u00ebsuan n\u00eb trajnimet p\u00ebr menaxhment, markenting dhe p\u00ebr shitje.\" \/>\n<meta property=\"og:url\" content=\"https:\/\/kt.gov.rs\/sq\/ide-per-biznes-personal\/\" \/>\n<meta property=\"og:site_name\" content=\"Republika e S\u00ebrbis\u00eb Trupi Koordinues p\u00ebr komunat Bujanoc, Preshev\u00eb dhe Medvegj\u00eb\" \/>\n<meta property=\"article:publisher\" content=\"https:\/\/www.facebook.com\/SluzbaKoordinacionogTelaVladeRepublikeSrbije\" \/>\n<meta property=\"article:published_time\" content=\"2011-03-15T00:00:00+00:00\" \/>\n<meta property=\"article:modified_time\" content=\"2024-07-30T20:21:06+00:00\" \/>\n<meta property=\"og:image\" content=\"https:\/\/kt.gov.rs\/wp-content\/uploads\/2024\/07\/newspic500-5.jpg\" \/>\n\t<meta property=\"og:image:width\" content=\"265\" \/>\n\t<meta property=\"og:image:height\" content=\"200\" \/>\n\t<meta property=\"og:image:type\" content=\"image\/jpeg\" \/>\n<meta name=\"author\" content=\"ktmin\" \/>\n<meta name=\"twitter:card\" content=\"summary_large_image\" \/>\n<meta name=\"twitter:creator\" content=\"@kt_gov\" \/>\n<meta name=\"twitter:site\" content=\"@kt_gov\" \/>\n<meta name=\"twitter:label1\" content=\"Written by\" \/>\n\t<meta name=\"twitter:data1\" content=\"ktmin\" \/>\n\t<meta name=\"twitter:label2\" content=\"Est. reading time\" \/>\n\t<meta name=\"twitter:data2\" content=\"1 minute\" \/>\n<script type=\"application\/ld+json\" class=\"yoast-schema-graph\">{\"@context\":\"https:\\\/\\\/schema.org\",\"@graph\":[{\"@type\":\"Article\",\"@id\":\"https:\\\/\\\/kt.gov.rs\\\/sq\\\/ide-per-biznes-personal\\\/#article\",\"isPartOf\":{\"@id\":\"https:\\\/\\\/kt.gov.rs\\\/sq\\\/ide-per-biznes-personal\\\/\"},\"author\":{\"name\":\"ktmin\",\"@id\":\"https:\\\/\\\/kt.gov.rs\\\/#\\\/schema\\\/person\\\/e426459ddb4173309103390602694571\"},\"headline\":\"IDE PER BIZNES PERSONAL\",\"datePublished\":\"2011-03-15T00:00:00+00:00\",\"dateModified\":\"2024-07-30T20:21:06+00:00\",\"mainEntityOfPage\":{\"@id\":\"https:\\\/\\\/kt.gov.rs\\\/sq\\\/ide-per-biznes-personal\\\/\"},\"wordCount\":249,\"publisher\":{\"@id\":\"https:\\\/\\\/kt.gov.rs\\\/#organization\"},\"image\":{\"@id\":\"https:\\\/\\\/kt.gov.rs\\\/sq\\\/ide-per-biznes-personal\\\/#primaryimage\"},\"thumbnailUrl\":\"https:\\\/\\\/kt.gov.rs\\\/wp-content\\\/uploads\\\/2024\\\/07\\\/newspic500-5.jpg\",\"articleSection\":[\"Lajme\"],\"inLanguage\":\"sq-AL\"},{\"@type\":\"WebPage\",\"@id\":\"https:\\\/\\\/kt.gov.rs\\\/sq\\\/ide-per-biznes-personal\\\/\",\"url\":\"https:\\\/\\\/kt.gov.rs\\\/sq\\\/ide-per-biznes-personal\\\/\",\"name\":\"IDE PER BIZNES PERSONAL - Republika e S\u00ebrbis\u00eb Trupi Koordinues p\u00ebr komunat Bujanoc, Preshev\u00eb dhe Medvegj\u00eb\",\"isPartOf\":{\"@id\":\"https:\\\/\\\/kt.gov.rs\\\/#website\"},\"primaryImageOfPage\":{\"@id\":\"https:\\\/\\\/kt.gov.rs\\\/sq\\\/ide-per-biznes-personal\\\/#primaryimage\"},\"image\":{\"@id\":\"https:\\\/\\\/kt.gov.rs\\\/sq\\\/ide-per-biznes-personal\\\/#primaryimage\"},\"thumbnailUrl\":\"https:\\\/\\\/kt.gov.rs\\\/wp-content\\\/uploads\\\/2024\\\/07\\\/newspic500-5.jpg\",\"datePublished\":\"2011-03-15T00:00:00+00:00\",\"dateModified\":\"2024-07-30T20:21:06+00:00\",\"breadcrumb\":{\"@id\":\"https:\\\/\\\/kt.gov.rs\\\/sq\\\/ide-per-biznes-personal\\\/#breadcrumb\"},\"inLanguage\":\"sq-AL\",\"potentialAction\":[{\"@type\":\"ReadAction\",\"target\":[\"https:\\\/\\\/kt.gov.rs\\\/sq\\\/ide-per-biznes-personal\\\/\"]}]},{\"@type\":\"ImageObject\",\"inLanguage\":\"sq-AL\",\"@id\":\"https:\\\/\\\/kt.gov.rs\\\/sq\\\/ide-per-biznes-personal\\\/#primaryimage\",\"url\":\"https:\\\/\\\/kt.gov.rs\\\/wp-content\\\/uploads\\\/2024\\\/07\\\/newspic500-5.jpg\",\"contentUrl\":\"https:\\\/\\\/kt.gov.rs\\\/wp-content\\\/uploads\\\/2024\\\/07\\\/newspic500-5.jpg\",\"width\":265,\"height\":200},{\"@type\":\"BreadcrumbList\",\"@id\":\"https:\\\/\\\/kt.gov.rs\\\/sq\\\/ide-per-biznes-personal\\\/#breadcrumb\",\"itemListElement\":[{\"@type\":\"ListItem\",\"position\":1,\"name\":\"\u041f\u043e\u0447\u0435\u0442\u043d\u0430\",\"item\":\"https:\\\/\\\/kt.gov.rs\\\/sq\\\/\"},{\"@type\":\"ListItem\",\"position\":2,\"name\":\"IDE PER BIZNES PERSONAL\"}]},{\"@type\":\"WebSite\",\"@id\":\"https:\\\/\\\/kt.gov.rs\\\/#website\",\"url\":\"https:\\\/\\\/kt.gov.rs\\\/\",\"name\":\"\u041a\u043e\u043e\u0440\u0434\u0438\u043d\u0430\u0446\u0438\u043e\u043d\u043e \u0442\u0435\u043b\u043e \u0412\u043b\u0430\u0434\u0435 \u0420\u0435\u043f\u0443\u0431\u043b\u0438\u043a\u0435 \u0421\u0440\u0431\u0438\u0458\u0435 \u0437\u0430 \u043e\u043f\u0448\u0442\u0438\u043d\u0435 \u041f\u0440\u0435\u0448\u0435\u0432\u043e, \u0411\u0443\u0458\u0430\u043d\u043e\u0432\u0430\u0446 \u0438 \u041c\u0435\u0434\u0432\u0435\u0452a\",\"description\":\"\",\"publisher\":{\"@id\":\"https:\\\/\\\/kt.gov.rs\\\/#organization\"},\"alternateName\":\"\u041a\u043e\u043e\u0440\u0434\u0438\u043d\u0430\u0446\u0438\u043e\u043d\u043e \u0442\u0435\u043b\u043e\",\"potentialAction\":[{\"@type\":\"SearchAction\",\"target\":{\"@type\":\"EntryPoint\",\"urlTemplate\":\"https:\\\/\\\/kt.gov.rs\\\/?s={search_term_string}\"},\"query-input\":{\"@type\":\"PropertyValueSpecification\",\"valueRequired\":true,\"valueName\":\"search_term_string\"}}],\"inLanguage\":\"sq-AL\"},{\"@type\":\"Organization\",\"@id\":\"https:\\\/\\\/kt.gov.rs\\\/#organization\",\"name\":\"\u041a\u043e\u043e\u0440\u0434\u0438\u043d\u0430\u0446\u0438\u043e\u043d\u043e \u0442\u0435\u043b\u043e \u0412\u043b\u0430\u0434\u0435 \u0420\u0435\u043f\u0443\u0431\u043b\u0438\u043a\u0435 \u0421\u0440\u0431\u0438\u0458\u0435 \u0437\u0430 \u043e\u043f\u0448\u0442\u0438\u043d\u0435 \u041f\u0440\u0435\u0448\u0435\u0432\u043e, \u0411\u0443\u0458\u0430\u043d\u043e\u0432\u0430\u0446 \u0438 \u041c\u0435\u0434\u0432\u0435\u0452a\",\"alternateName\":\"\u041a\u043e\u043e\u0440\u0434\u0438\u043d\u0430\u0446\u0438\u043e\u043d\u043e \u0442\u0435\u043b\u043e\",\"url\":\"https:\\\/\\\/kt.gov.rs\\\/\",\"logo\":{\"@type\":\"ImageObject\",\"inLanguage\":\"sq-AL\",\"@id\":\"https:\\\/\\\/kt.gov.rs\\\/#\\\/schema\\\/logo\\\/image\\\/\",\"url\":\"https:\\\/\\\/kt.gov.rs\\\/wp-content\\\/uploads\\\/2024\\\/12\\\/koord2.jpg\",\"contentUrl\":\"https:\\\/\\\/kt.gov.rs\\\/wp-content\\\/uploads\\\/2024\\\/12\\\/koord2.jpg\",\"width\":640,\"height\":480,\"caption\":\"\u041a\u043e\u043e\u0440\u0434\u0438\u043d\u0430\u0446\u0438\u043e\u043d\u043e \u0442\u0435\u043b\u043e \u0412\u043b\u0430\u0434\u0435 \u0420\u0435\u043f\u0443\u0431\u043b\u0438\u043a\u0435 \u0421\u0440\u0431\u0438\u0458\u0435 \u0437\u0430 \u043e\u043f\u0448\u0442\u0438\u043d\u0435 \u041f\u0440\u0435\u0448\u0435\u0432\u043e, \u0411\u0443\u0458\u0430\u043d\u043e\u0432\u0430\u0446 \u0438 \u041c\u0435\u0434\u0432\u0435\u0452a\"},\"image\":{\"@id\":\"https:\\\/\\\/kt.gov.rs\\\/#\\\/schema\\\/logo\\\/image\\\/\"},\"sameAs\":[\"https:\\\/\\\/www.facebook.com\\\/SluzbaKoordinacionogTelaVladeRepublikeSrbije\",\"https:\\\/\\\/x.com\\\/kt_gov\",\"https:\\\/\\\/www.youtube.com\\\/@koordinacionotelo\"]},{\"@type\":\"Person\",\"@id\":\"https:\\\/\\\/kt.gov.rs\\\/#\\\/schema\\\/person\\\/e426459ddb4173309103390602694571\",\"name\":\"ktmin\",\"image\":{\"@type\":\"ImageObject\",\"inLanguage\":\"sq-AL\",\"@id\":\"https:\\\/\\\/secure.gravatar.com\\\/avatar\\\/3985c961109853010c3fbc7ba30365bfba5db3dd6c525831d9c595c7525a615a?s=96&d=mm&r=g\",\"url\":\"https:\\\/\\\/secure.gravatar.com\\\/avatar\\\/3985c961109853010c3fbc7ba30365bfba5db3dd6c525831d9c595c7525a615a?s=96&d=mm&r=g\",\"contentUrl\":\"https:\\\/\\\/secure.gravatar.com\\\/avatar\\\/3985c961109853010c3fbc7ba30365bfba5db3dd6c525831d9c595c7525a615a?s=96&d=mm&r=g\",\"caption\":\"ktmin\"},\"sameAs\":[\"https:\\\/\\\/kt.gov.rs\"],\"url\":\"https:\\\/\\\/kt.gov.rs\\\/sq\\\/author\\\/ktmin\\\/\"}]}<\/script>\n<!-- \/ Yoast SEO plugin. -->","yoast_head_json":{"title":"IDE PER BIZNES PERSONAL - Republika e S\u00ebrbis\u00eb Trupi Koordinues p\u00ebr komunat Bujanoc, Preshev\u00eb dhe Medvegj\u00eb","robots":{"index":"index","follow":"follow","max-snippet":"max-snippet:-1","max-image-preview":"max-image-preview:large","max-video-preview":"max-video-preview:-1"},"canonical":"https:\/\/kt.gov.rs\/sq\/ide-per-biznes-personal\/","og_locale":"sq_AL","og_type":"article","og_title":"IDE PER BIZNES PERSONAL - Republika e S\u00ebrbis\u00eb Trupi Koordinues p\u00ebr komunat Bujanoc, Preshev\u00eb dhe Medvegj\u00eb","og_description":"Trupi Koordinues e ka mb\u00ebshtetur projektin \u201c Hapa t\u00eb vegj\u00ebl p\u00ebr njerz t\u00eb m\u00ebdhenj\u201d t\u00eb qendr\u00ebs Rome p\u00ebr demokraci nga Bujanoci. Projekti p\u00ebrfshin 40 nx\u00ebnes t\u00eb shkollave t\u00eb mesme dhe t\u00eb rinj\u00eb t\u00eb pa pun\u00eb nga teritori i komun\u00ebs s\u00eb Bujanocit dhe Preshev\u00ebs, p\u00ebr t\u00eb cil\u00ebt jan\u00eb organizuar trajnime\u00a0 rreth sip\u00ebrmarjeve dhe fillimin e biznesit privat.Trajnimet i kan\u00eb udh\u00ebhequr trajnues me p\u00ebrvoj\u00eb t\u00eb Biznis qendr\u00ebs inkubator, q\u00eb nj\u00ebherit \u00ebsht\u00eb edhe\u00a0 partner n\u00eb projekt. P\u00ebr mes pun\u00ebtorive dhe ligjeratave, kjo grup\u00eb e t\u00eb rinj\u00ebve \u00ebsht\u00eb njohur me konceptin baz\u00eb p\u00ebr fillimin e biznesit t\u00eb tyre fillestar, kan\u00eb arritur t\u00eb zot\u00ebrojn\u00eb mjeshtrin e t\u00eb shkruarit t\u00eb planeve t\u00eb biznesit, u aft\u00ebsuan n\u00eb trajnimet p\u00ebr menaxhment, markenting dhe p\u00ebr shitje.","og_url":"https:\/\/kt.gov.rs\/sq\/ide-per-biznes-personal\/","og_site_name":"Republika e S\u00ebrbis\u00eb Trupi Koordinues p\u00ebr komunat Bujanoc, Preshev\u00eb dhe Medvegj\u00eb","article_publisher":"https:\/\/www.facebook.com\/SluzbaKoordinacionogTelaVladeRepublikeSrbije","article_published_time":"2011-03-15T00:00:00+00:00","article_modified_time":"2024-07-30T20:21:06+00:00","og_image":[{"width":265,"height":200,"url":"https:\/\/kt.gov.rs\/wp-content\/uploads\/2024\/07\/newspic500-5.jpg","type":"image\/jpeg"}],"author":"ktmin","twitter_card":"summary_large_image","twitter_creator":"@kt_gov","twitter_site":"@kt_gov","twitter_misc":{"Written by":"ktmin","Est. reading time":"1 minute"},"schema":{"@context":"https:\/\/schema.org","@graph":[{"@type":"Article","@id":"https:\/\/kt.gov.rs\/sq\/ide-per-biznes-personal\/#article","isPartOf":{"@id":"https:\/\/kt.gov.rs\/sq\/ide-per-biznes-personal\/"},"author":{"name":"ktmin","@id":"https:\/\/kt.gov.rs\/#\/schema\/person\/e426459ddb4173309103390602694571"},"headline":"IDE PER BIZNES PERSONAL","datePublished":"2011-03-15T00:00:00+00:00","dateModified":"2024-07-30T20:21:06+00:00","mainEntityOfPage":{"@id":"https:\/\/kt.gov.rs\/sq\/ide-per-biznes-personal\/"},"wordCount":249,"publisher":{"@id":"https:\/\/kt.gov.rs\/#organization"},"image":{"@id":"https:\/\/kt.gov.rs\/sq\/ide-per-biznes-personal\/#primaryimage"},"thumbnailUrl":"https:\/\/kt.gov.rs\/wp-content\/uploads\/2024\/07\/newspic500-5.jpg","articleSection":["Lajme"],"inLanguage":"sq-AL"},{"@type":"WebPage","@id":"https:\/\/kt.gov.rs\/sq\/ide-per-biznes-personal\/","url":"https:\/\/kt.gov.rs\/sq\/ide-per-biznes-personal\/","name":"IDE PER BIZNES PERSONAL - Republika e S\u00ebrbis\u00eb Trupi Koordinues p\u00ebr komunat Bujanoc, Preshev\u00eb dhe Medvegj\u00eb","isPartOf":{"@id":"https:\/\/kt.gov.rs\/#website"},"primaryImageOfPage":{"@id":"https:\/\/kt.gov.rs\/sq\/ide-per-biznes-personal\/#primaryimage"},"image":{"@id":"https:\/\/kt.gov.rs\/sq\/ide-per-biznes-personal\/#primaryimage"},"thumbnailUrl":"https:\/\/kt.gov.rs\/wp-content\/uploads\/2024\/07\/newspic500-5.jpg","datePublished":"2011-03-15T00:00:00+00:00","dateModified":"2024-07-30T20:21:06+00:00","breadcrumb":{"@id":"https:\/\/kt.gov.rs\/sq\/ide-per-biznes-personal\/#breadcrumb"},"inLanguage":"sq-AL","potentialAction":[{"@type":"ReadAction","target":["https:\/\/kt.gov.rs\/sq\/ide-per-biznes-personal\/"]}]},{"@type":"ImageObject","inLanguage":"sq-AL","@id":"https:\/\/kt.gov.rs\/sq\/ide-per-biznes-personal\/#primaryimage","url":"https:\/\/kt.gov.rs\/wp-content\/uploads\/2024\/07\/newspic500-5.jpg","contentUrl":"https:\/\/kt.gov.rs\/wp-content\/uploads\/2024\/07\/newspic500-5.jpg","width":265,"height":200},{"@type":"BreadcrumbList","@id":"https:\/\/kt.gov.rs\/sq\/ide-per-biznes-personal\/#breadcrumb","itemListElement":[{"@type":"ListItem","position":1,"name":"\u041f\u043e\u0447\u0435\u0442\u043d\u0430","item":"https:\/\/kt.gov.rs\/sq\/"},{"@type":"ListItem","position":2,"name":"IDE PER BIZNES PERSONAL"}]},{"@type":"WebSite","@id":"https:\/\/kt.gov.rs\/#website","url":"https:\/\/kt.gov.rs\/","name":"\u041a\u043e\u043e\u0440\u0434\u0438\u043d\u0430\u0446\u0438\u043e\u043d\u043e \u0442\u0435\u043b\u043e \u0412\u043b\u0430\u0434\u0435 \u0420\u0435\u043f\u0443\u0431\u043b\u0438\u043a\u0435 \u0421\u0440\u0431\u0438\u0458\u0435 \u0437\u0430 \u043e\u043f\u0448\u0442\u0438\u043d\u0435 \u041f\u0440\u0435\u0448\u0435\u0432\u043e, \u0411\u0443\u0458\u0430\u043d\u043e\u0432\u0430\u0446 \u0438 \u041c\u0435\u0434\u0432\u0435\u0452a","description":"","publisher":{"@id":"https:\/\/kt.gov.rs\/#organization"},"alternateName":"\u041a\u043e\u043e\u0440\u0434\u0438\u043d\u0430\u0446\u0438\u043e\u043d\u043e \u0442\u0435\u043b\u043e","potentialAction":[{"@type":"SearchAction","target":{"@type":"EntryPoint","urlTemplate":"https:\/\/kt.gov.rs\/?s={search_term_string}"},"query-input":{"@type":"PropertyValueSpecification","valueRequired":true,"valueName":"search_term_string"}}],"inLanguage":"sq-AL"},{"@type":"Organization","@id":"https:\/\/kt.gov.rs\/#organization","name":"\u041a\u043e\u043e\u0440\u0434\u0438\u043d\u0430\u0446\u0438\u043e\u043d\u043e \u0442\u0435\u043b\u043e \u0412\u043b\u0430\u0434\u0435 \u0420\u0435\u043f\u0443\u0431\u043b\u0438\u043a\u0435 \u0421\u0440\u0431\u0438\u0458\u0435 \u0437\u0430 \u043e\u043f\u0448\u0442\u0438\u043d\u0435 \u041f\u0440\u0435\u0448\u0435\u0432\u043e, \u0411\u0443\u0458\u0430\u043d\u043e\u0432\u0430\u0446 \u0438 \u041c\u0435\u0434\u0432\u0435\u0452a","alternateName":"\u041a\u043e\u043e\u0440\u0434\u0438\u043d\u0430\u0446\u0438\u043e\u043d\u043e \u0442\u0435\u043b\u043e","url":"https:\/\/kt.gov.rs\/","logo":{"@type":"ImageObject","inLanguage":"sq-AL","@id":"https:\/\/kt.gov.rs\/#\/schema\/logo\/image\/","url":"https:\/\/kt.gov.rs\/wp-content\/uploads\/2024\/12\/koord2.jpg","contentUrl":"https:\/\/kt.gov.rs\/wp-content\/uploads\/2024\/12\/koord2.jpg","width":640,"height":480,"caption":"\u041a\u043e\u043e\u0440\u0434\u0438\u043d\u0430\u0446\u0438\u043e\u043d\u043e \u0442\u0435\u043b\u043e \u0412\u043b\u0430\u0434\u0435 \u0420\u0435\u043f\u0443\u0431\u043b\u0438\u043a\u0435 \u0421\u0440\u0431\u0438\u0458\u0435 \u0437\u0430 \u043e\u043f\u0448\u0442\u0438\u043d\u0435 \u041f\u0440\u0435\u0448\u0435\u0432\u043e, \u0411\u0443\u0458\u0430\u043d\u043e\u0432\u0430\u0446 \u0438 \u041c\u0435\u0434\u0432\u0435\u0452a"},"image":{"@id":"https:\/\/kt.gov.rs\/#\/schema\/logo\/image\/"},"sameAs":["https:\/\/www.facebook.com\/SluzbaKoordinacionogTelaVladeRepublikeSrbije","https:\/\/x.com\/kt_gov","https:\/\/www.youtube.com\/@koordinacionotelo"]},{"@type":"Person","@id":"https:\/\/kt.gov.rs\/#\/schema\/person\/e426459ddb4173309103390602694571","name":"ktmin","image":{"@type":"ImageObject","inLanguage":"sq-AL","@id":"https:\/\/secure.gravatar.com\/avatar\/3985c961109853010c3fbc7ba30365bfba5db3dd6c525831d9c595c7525a615a?s=96&d=mm&r=g","url":"https:\/\/secure.gravatar.com\/avatar\/3985c961109853010c3fbc7ba30365bfba5db3dd6c525831d9c595c7525a615a?s=96&d=mm&r=g","contentUrl":"https:\/\/secure.gravatar.com\/avatar\/3985c961109853010c3fbc7ba30365bfba5db3dd6c525831d9c595c7525a615a?s=96&d=mm&r=g","caption":"ktmin"},"sameAs":["https:\/\/kt.gov.rs"],"url":"https:\/\/kt.gov.rs\/sq\/author\/ktmin\/"}]}},"_links":{"self":[{"href":"https:\/\/kt.gov.rs\/sq\/wp-json\/wp\/v2\/posts\/142364","targetHints":{"allow":["GET"]}}],"collection":[{"href":"https:\/\/kt.gov.rs\/sq\/wp-json\/wp\/v2\/posts"}],"about":[{"href":"https:\/\/kt.gov.rs\/sq\/wp-json\/wp\/v2\/types\/post"}],"author":[{"embeddable":true,"href":"https:\/\/kt.gov.rs\/sq\/wp-json\/wp\/v2\/users\/1"}],"replies":[{"embeddable":true,"href":"https:\/\/kt.gov.rs\/sq\/wp-json\/wp\/v2\/comments?post=142364"}],"version-history":[{"count":1,"href":"https:\/\/kt.gov.rs\/sq\/wp-json\/wp\/v2\/posts\/142364\/revisions"}],"predecessor-version":[{"id":142371,"href":"https:\/\/kt.gov.rs\/sq\/wp-json\/wp\/v2\/posts\/142364\/revisions\/142371"}],"wp:featuredmedia":[{"embeddable":true,"href":"https:\/\/kt.gov.rs\/sq\/wp-json\/wp\/v2\/media\/142372"}],"wp:attachment":[{"href":"https:\/\/kt.gov.rs\/sq\/wp-json\/wp\/v2\/media?parent=142364"}],"wp:term":[{"taxonomy":"category","embeddable":true,"href":"https:\/\/kt.gov.rs\/sq\/wp-json\/wp\/v2\/categories?post=142364"},{"taxonomy":"post_tag","embeddable":true,"href":"https:\/\/kt.gov.rs\/sq\/wp-json\/wp\/v2\/tags?post=142364"}],"curies":[{"name":"wp","href":"https:\/\/api.w.org\/{rel}","templated":true}]}}